{"id":44436,"date":"2024-10-24T14:08:23","date_gmt":"2024-10-24T14:08:23","guid":{"rendered":"https:\/\/jornalboasnoticias.com.br\/home\/?p=44436"},"modified":"2024-10-24T14:08:23","modified_gmt":"2024-10-24T14:08:23","slug":"com-apoio-do-estado-complexo-esportivo-e-obras-em-praca-de-pirai-do-sul-entram-na-reta-final","status":"publish","type":"post","link":"https:\/\/jornalboasnoticias.com.br\/home\/com-apoio-do-estado-complexo-esportivo-e-obras-em-praca-de-pirai-do-sul-entram-na-reta-final\/","title":{"rendered":"Com apoio do Estado, complexo esportivo e obras em pra\u00e7a de Pira\u00ed do Sul entram na reta final"},"content":{"rendered":"<blockquote>\n<div class=\"not-escopo-destaque\">\n<div class=\"field field--name-field-escopo-destaque field--type-string-long field--label-hidden field--item\">Governo do Estado repassou R$ 4,1 milh\u00f5es para a constru\u00e7\u00e3o do complexo que ter\u00e1 equipamentos para esporte e \u00e1rea de lazer e conviv\u00eancia. J\u00e1 a pra\u00e7a passa por remodela\u00e7\u00e3o completa, incluindo a substitui\u00e7\u00e3o da est\u00e1tua do Cristo Redentor por uma maior.<\/div>\n<\/div>\n<\/blockquote>\n<div>\n<div id=\"gallery-news\">\n<div class=\"slick unslick slick--main slick--initialized\">\n<div class=\"slide__caption\" tabindex=\"-1\">\n<div class=\"slide__description\">\n<figure id=\"attachment_44437\" aria-describedby=\"caption-attachment-44437\" style=\"width: 2560px\" class=\"wp-caption alignnone\"><img loading=\"lazy\" decoding=\"async\" class=\"size-full wp-image-44437\" src=\"https:\/\/jornalboasnoticias.com.br\/home\/wp-content\/uploads\/2024\/10\/piarai_do_sul._laercio_oliveira_da_silva._maria_vitoria_antony-scaled.jpg\" alt=\"\" width=\"2560\" height=\"1707\" srcset=\"https:\/\/jornalboasnoticias.com.br\/home\/wp-content\/uploads\/2024\/10\/piarai_do_sul._laercio_oliveira_da_silva._maria_vitoria_antony-scaled.jpg 2560w, https:\/\/jornalboasnoticias.com.br\/home\/wp-content\/uploads\/2024\/10\/piarai_do_sul._laercio_oliveira_da_silva._maria_vitoria_antony-300x200.jpg 300w, https:\/\/jornalboasnoticias.com.br\/home\/wp-content\/uploads\/2024\/10\/piarai_do_sul._laercio_oliveira_da_silva._maria_vitoria_antony-1024x683.jpg 1024w, https:\/\/jornalboasnoticias.com.br\/home\/wp-content\/uploads\/2024\/10\/piarai_do_sul._laercio_oliveira_da_silva._maria_vitoria_antony-768x512.jpg 768w, https:\/\/jornalboasnoticias.com.br\/home\/wp-content\/uploads\/2024\/10\/piarai_do_sul._laercio_oliveira_da_silva._maria_vitoria_antony-1536x1024.jpg 1536w, https:\/\/jornalboasnoticias.com.br\/home\/wp-content\/uploads\/2024\/10\/piarai_do_sul._laercio_oliveira_da_silva._maria_vitoria_antony-2048x1365.jpg 2048w, https:\/\/jornalboasnoticias.com.br\/home\/wp-content\/uploads\/2024\/10\/piarai_do_sul._laercio_oliveira_da_silva._maria_vitoria_antony-900x600.jpg 900w\" sizes=\"auto, (max-width: 2560px) 100vw, 2560px\" \/><figcaption id=\"caption-attachment-44437\" class=\"wp-caption-text\">Foto: Valdelino Pontes\/SECID<\/figcaption><\/figure>\n<\/div>\n<\/div>\n<\/div>\n<\/div>\n<article class=\"node node--type-noticia node--promoted node--view-mode-full clearfix\" role=\"article\" data-history-node-id=\"69504\">\n<div class=\"node__content clearfix\">\n<div class=\"field field--name-field-texto field--type-text-long field--label-hidden field--item\">\n<p>As obras de melhoria urbana que est\u00e3o em andamento em Pira\u00ed do Sul, nos Campos Gerais, chegaram \u00e0 fase final. S\u00e3o a constru\u00e7\u00e3o do novo Complexo Esportivo\u00a0Vera Lucia Saldanha Sguario e a renova\u00e7\u00e3o da Pra\u00e7a do Cristo. O investimento total \u00e9 de R$ 4,8 milh\u00f5es, sendo R$ 4,1 milh\u00f5es do Governo do Estado, via Secretaria das Cidades (Secid), e o restante contrapartida do munic\u00edpio.<\/p>\n<p>O recurso foi repassado por meio de Transfer\u00eancia Volunt\u00e1ria, ou seja, a fundo perdido, modalidade em que o munic\u00edpio n\u00e3o precisa devolver o dinheiro ao Estado. A previs\u00e3o de entrega dos dois empreendimentos \u00e0 popula\u00e7\u00e3o \u00e9 para o final de 2024.<\/p>\n<p>A secret\u00e1ria das Cidades, Camila Mileke Scucato, e falou sobre outros aportes do Estado em 2025 para o setor de desenvolvimento urbana. \u201cA expectativa \u00e9 muito boa, iremos lan\u00e7ar alguns programas que v\u00e3o potencializar os munic\u00edpios em gera\u00e7\u00e3o de emprego e renda, infraestrutura urbana. Por isso, os munic\u00edpios precisam estar atentos e atualizados com seu plano diretor para capta\u00e7\u00e3o de novos recursos\u201d, afirmou.<\/p>\n<p><strong>COMPLEXO ESPORT<\/strong><strong>IVO<\/strong>\u00a0&#8211; Localizado na regi\u00e3o central da cidade, em frente ao pr\u00e9dio da prefeitura, o novo complexo esportivo ter\u00e1 quadras poliesportivas e de v\u00f4lei de areia, espa\u00e7o para bocha, al\u00e9m de parquinho, pista de caminhada, equipamentos de lazer e \u00e1reas de conviv\u00eancia.\u00a0Todo o espa\u00e7o conta com ilumina\u00e7\u00e3o em LED e rampas de acessibilidade.<\/p>\n<p>A obra de R$ 3,1 milh\u00f5es atingiu 88% de execu\u00e7\u00e3o e o local j\u00e1 vem sendo utilizado por moradores, como contou o La\u00e9rcio Oliveira da Silva. \u201cA gente n\u00e3o tinha um espa\u00e7o para trazer os filhos numa hora de folga e acabava indo na cidade vizinha\u201d, disse. \u201cAgora vamos ter um espa\u00e7o seguro, iluminado, para trazer as crian\u00e7as, afirmou ele, que \u00e9 pai da Maria Vit\u00f3ria e do Antony.<\/p>\n<p>Odete Nascimento, av\u00f3 do V\u00edtor Eduardo e da Alessa, tamb\u00e9m j\u00e1 aproveita o local e disse estar encantada com o novo ambiente da cidade. \u201cO espa\u00e7o est\u00e1 ficando bem bonito, um lugar seguro, iluminado e tranquilo de trazer as crian\u00e7as. \u00c9 muito bom depois de um dia de trabalho aproveitar com os netinhos no parquinho e isso \u00e9 um bem nosso, da comunidade, estou muito feliz\u201d, contou a moradora.<\/p>\n<p><strong>PRA\u00c7A DO CRISTO\u00a0<\/strong>&#8211;\u00a0Em outro ponto da cidade, na Rua Diva da Silva Rolin, a Pra\u00e7a do Cristo passa por uma remodela\u00e7\u00e3o completa. A antiga est\u00e1tua do Cristo Redentor foi substitu\u00edda por uma maior. A revitaliza\u00e7\u00e3o compreende o parquinho e a quadra de futebol j\u00e1 existente. Al\u00e9m disso, tamb\u00e9m vai funcionar no local um museu para contar a hist\u00f3ria da cidade. A obra de R$ 1,6 milh\u00e3o atingiu 80% do cronograma.<\/p>\n<p><strong>EQUIPAMENTOS RODOVI\u00c1RIOS<\/strong>\u00a0\u2013\u00a0Al\u00e9m das obras do complexo esportivo e da pra\u00e7a, Pira\u00ed do Sul recebeu do Governo do Paran\u00e1 R$ 1,5 milh\u00e3o a fundo perdido para aquisi\u00e7\u00e3o de dois caminh\u00f5es ca\u00e7amba basculante, zero km.<\/p>\n<p>(AEN)<\/p>\n<\/div>\n<\/div>\n<\/article>\n<\/div>\n","protected":false},"excerpt":{"rendered":"<p>Governo do Estado repassou R$ 4,1 milh\u00f5es para a constru\u00e7\u00e3o do complexo que ter\u00e1 equipamentos<\/p>\n","protected":false},"author":4,"featured_media":44437,"comment_status":"open","ping_status":"open","sticky":false,"template":"","format":"standard","meta":{"footnotes":""},"categories":[3,4],"tags":[],"class_list":["post-44436","post","type-post","status-publish","format-standard","has-post-thumbnail","hentry","category-destaques","category-parana"],"yoast_head":"<!-- This site is optimized with the Yoast SEO plugin v27.5 - https:\/\/yoast.com\/product\/yoast-seo-wordpress\/ -->\n<title>Com apoio do Estado, complexo esportivo e obras em pra\u00e7a de Pira\u00ed do Sul entram na reta final - Jornal<\/title>\n<meta name=\"description\" content=\"Com apoio do Estado, complexo esportivo e obras em pra\u00e7a de Pira\u00ed do Sul entram na reta final\" \/>\n<meta name=\"robots\" content=\"index, follow, max-snippet:-1, max-image-preview:large, max-video-preview:-1\" \/>\n<link rel=\"canonical\" href=\"https:\/\/jornalboasnoticias.com.br\/home\/com-apoio-do-estado-complexo-esportivo-e-obras-em-praca-de-pirai-do-sul-entram-na-reta-final\/\" \/>\n<meta property=\"og:locale\" content=\"pt_BR\" \/>\n<meta property=\"og:type\" content=\"article\" \/>\n<meta property=\"og:title\" content=\"Com apoio do Estado, complexo esportivo e obras em pra\u00e7a de Pira\u00ed do Sul entram na reta final - Jornal\" \/>\n<meta property=\"og:description\" content=\"Com apoio do Estado, complexo esportivo e obras em pra\u00e7a de Pira\u00ed do Sul entram na reta final\" \/>\n<meta property=\"og:url\" content=\"https:\/\/jornalboasnoticias.com.br\/home\/com-apoio-do-estado-complexo-esportivo-e-obras-em-praca-de-pirai-do-sul-entram-na-reta-final\/\" \/>\n<meta property=\"og:site_name\" content=\"Jornal\" \/>\n<meta property=\"article:publisher\" content=\"https:\/\/www.facebook.com\/boasnoticiasjornal\" \/>\n<meta property=\"article:published_time\" content=\"2024-10-24T14:08:23+00:00\" \/>\n<meta property=\"og:image\" content=\"https:\/\/jornalboasnoticias.com.br\/home\/wp-content\/uploads\/2024\/10\/piarai_do_sul._laercio_oliveira_da_silva._maria_vitoria_antony-scaled.jpg\" \/>\n\t<meta property=\"og:image:width\" content=\"2560\" \/>\n\t<meta property=\"og:image:height\" content=\"1707\" \/>\n\t<meta property=\"og:image:type\" content=\"image\/jpeg\" \/>\n<meta name=\"author\" content=\"Ana Luiza Bonatto\" \/>\n<meta name=\"twitter:card\" content=\"summary_large_image\" \/>\n<meta name=\"twitter:label1\" content=\"Escrito por\" \/>\n\t<meta name=\"twitter:data1\" content=\"Ana Luiza Bonatto\" \/>\n\t<meta name=\"twitter:label2\" content=\"Est. tempo de leitura\" \/>\n\t<meta name=\"twitter:data2\" content=\"4 minutos\" \/>\n<script type=\"application\/ld+json\" class=\"yoast-schema-graph\">{\"@context\":\"https:\\\/\\\/schema.org\",\"@graph\":[{\"@type\":\"Article\",\"@id\":\"https:\\\/\\\/jornalboasnoticias.com.br\\\/home\\\/com-apoio-do-estado-complexo-esportivo-e-obras-em-praca-de-pirai-do-sul-entram-na-reta-final\\\/#article\",\"isPartOf\":{\"@id\":\"https:\\\/\\\/jornalboasnoticias.com.br\\\/home\\\/com-apoio-do-estado-complexo-esportivo-e-obras-em-praca-de-pirai-do-sul-entram-na-reta-final\\\/\"},\"author\":{\"name\":\"Ana Luiza Bonatto\",\"@id\":\"https:\\\/\\\/jornalboasnoticias.com.br\\\/home\\\/#\\\/schema\\\/person\\\/d641193e0afc6405b390164dac847971\"},\"headline\":\"Com apoio do Estado, complexo esportivo e obras em pra\u00e7a de Pira\u00ed do Sul entram na reta final\",\"datePublished\":\"2024-10-24T14:08:23+00:00\",\"mainEntityOfPage\":{\"@id\":\"https:\\\/\\\/jornalboasnoticias.com.br\\\/home\\\/com-apoio-do-estado-complexo-esportivo-e-obras-em-praca-de-pirai-do-sul-entram-na-reta-final\\\/\"},\"wordCount\":588,\"commentCount\":0,\"publisher\":{\"@id\":\"https:\\\/\\\/jornalboasnoticias.com.br\\\/home\\\/#organization\"},\"image\":{\"@id\":\"https:\\\/\\\/jornalboasnoticias.com.br\\\/home\\\/com-apoio-do-estado-complexo-esportivo-e-obras-em-praca-de-pirai-do-sul-entram-na-reta-final\\\/#primaryimage\"},\"thumbnailUrl\":\"https:\\\/\\\/jornalboasnoticias.com.br\\\/home\\\/wp-content\\\/uploads\\\/2024\\\/10\\\/piarai_do_sul._laercio_oliveira_da_silva._maria_vitoria_antony-scaled.jpg\",\"articleSection\":[\"DESTAQUE\",\"PARAN\u00c1\"],\"inLanguage\":\"pt-BR\",\"potentialAction\":[{\"@type\":\"CommentAction\",\"name\":\"Comment\",\"target\":[\"https:\\\/\\\/jornalboasnoticias.com.br\\\/home\\\/com-apoio-do-estado-complexo-esportivo-e-obras-em-praca-de-pirai-do-sul-entram-na-reta-final\\\/#respond\"]}]},{\"@type\":\"WebPage\",\"@id\":\"https:\\\/\\\/jornalboasnoticias.com.br\\\/home\\\/com-apoio-do-estado-complexo-esportivo-e-obras-em-praca-de-pirai-do-sul-entram-na-reta-final\\\/\",\"url\":\"https:\\\/\\\/jornalboasnoticias.com.br\\\/home\\\/com-apoio-do-estado-complexo-esportivo-e-obras-em-praca-de-pirai-do-sul-entram-na-reta-final\\\/\",\"name\":\"Com apoio do Estado, complexo esportivo e obras em pra\u00e7a de Pira\u00ed do Sul entram na reta final - Jornal\",\"isPartOf\":{\"@id\":\"https:\\\/\\\/jornalboasnoticias.com.br\\\/home\\\/#website\"},\"primaryImageOfPage\":{\"@id\":\"https:\\\/\\\/jornalboasnoticias.com.br\\\/home\\\/com-apoio-do-estado-complexo-esportivo-e-obras-em-praca-de-pirai-do-sul-entram-na-reta-final\\\/#primaryimage\"},\"image\":{\"@id\":\"https:\\\/\\\/jornalboasnoticias.com.br\\\/home\\\/com-apoio-do-estado-complexo-esportivo-e-obras-em-praca-de-pirai-do-sul-entram-na-reta-final\\\/#primaryimage\"},\"thumbnailUrl\":\"https:\\\/\\\/jornalboasnoticias.com.br\\\/home\\\/wp-content\\\/uploads\\\/2024\\\/10\\\/piarai_do_sul._laercio_oliveira_da_silva._maria_vitoria_antony-scaled.jpg\",\"datePublished\":\"2024-10-24T14:08:23+00:00\",\"description\":\"Com apoio do Estado, complexo esportivo e obras em pra\u00e7a de Pira\u00ed do Sul entram na reta final\",\"breadcrumb\":{\"@id\":\"https:\\\/\\\/jornalboasnoticias.com.br\\\/home\\\/com-apoio-do-estado-complexo-esportivo-e-obras-em-praca-de-pirai-do-sul-entram-na-reta-final\\\/#breadcrumb\"},\"inLanguage\":\"pt-BR\",\"potentialAction\":[{\"@type\":\"ReadAction\",\"target\":[\"https:\\\/\\\/jornalboasnoticias.com.br\\\/home\\\/com-apoio-do-estado-complexo-esportivo-e-obras-em-praca-de-pirai-do-sul-entram-na-reta-final\\\/\"]}]},{\"@type\":\"ImageObject\",\"inLanguage\":\"pt-BR\",\"@id\":\"https:\\\/\\\/jornalboasnoticias.com.br\\\/home\\\/com-apoio-do-estado-complexo-esportivo-e-obras-em-praca-de-pirai-do-sul-entram-na-reta-final\\\/#primaryimage\",\"url\":\"https:\\\/\\\/jornalboasnoticias.com.br\\\/home\\\/wp-content\\\/uploads\\\/2024\\\/10\\\/piarai_do_sul._laercio_oliveira_da_silva._maria_vitoria_antony-scaled.jpg\",\"contentUrl\":\"https:\\\/\\\/jornalboasnoticias.com.br\\\/home\\\/wp-content\\\/uploads\\\/2024\\\/10\\\/piarai_do_sul._laercio_oliveira_da_silva._maria_vitoria_antony-scaled.jpg\",\"width\":2560,\"height\":1707,\"caption\":\"Foto: Valdelino Pontes\\\/SECID\"},{\"@type\":\"BreadcrumbList\",\"@id\":\"https:\\\/\\\/jornalboasnoticias.com.br\\\/home\\\/com-apoio-do-estado-complexo-esportivo-e-obras-em-praca-de-pirai-do-sul-entram-na-reta-final\\\/#breadcrumb\",\"itemListElement\":[{\"@type\":\"ListItem\",\"position\":1,\"name\":\"In\u00edcio\",\"item\":\"https:\\\/\\\/jornalboasnoticias.com.br\\\/home\\\/\"},{\"@type\":\"ListItem\",\"position\":2,\"name\":\"Com apoio do Estado, complexo esportivo e obras em pra\u00e7a de Pira\u00ed do Sul entram na reta final\"}]},{\"@type\":\"WebSite\",\"@id\":\"https:\\\/\\\/jornalboasnoticias.com.br\\\/home\\\/#website\",\"url\":\"https:\\\/\\\/jornalboasnoticias.com.br\\\/home\\\/\",\"name\":\"Jornal Boas Not\u00edcias\",\"description\":\"Boas not\u00edcias\",\"publisher\":{\"@id\":\"https:\\\/\\\/jornalboasnoticias.com.br\\\/home\\\/#organization\"},\"potentialAction\":[{\"@type\":\"SearchAction\",\"target\":{\"@type\":\"EntryPoint\",\"urlTemplate\":\"https:\\\/\\\/jornalboasnoticias.com.br\\\/home\\\/?s={search_term_string}\"},\"query-input\":{\"@type\":\"PropertyValueSpecification\",\"valueRequired\":true,\"valueName\":\"search_term_string\"}}],\"inLanguage\":\"pt-BR\"},{\"@type\":\"Organization\",\"@id\":\"https:\\\/\\\/jornalboasnoticias.com.br\\\/home\\\/#organization\",\"name\":\"Coq Editora Ltda\",\"alternateName\":\"Jornal Boas Noticias\",\"url\":\"https:\\\/\\\/jornalboasnoticias.com.br\\\/home\\\/\",\"logo\":{\"@type\":\"ImageObject\",\"inLanguage\":\"pt-BR\",\"@id\":\"https:\\\/\\\/jornalboasnoticias.com.br\\\/home\\\/#\\\/schema\\\/logo\\\/image\\\/\",\"url\":\"https:\\\/\\\/jornalboasnoticias.com.br\\\/home\\\/wp-content\\\/uploads\\\/2024\\\/07\\\/cropped-logo.jpg\",\"contentUrl\":\"https:\\\/\\\/jornalboasnoticias.com.br\\\/home\\\/wp-content\\\/uploads\\\/2024\\\/07\\\/cropped-logo.jpg\",\"width\":290,\"height\":142,\"caption\":\"Coq Editora Ltda\"},\"image\":{\"@id\":\"https:\\\/\\\/jornalboasnoticias.com.br\\\/home\\\/#\\\/schema\\\/logo\\\/image\\\/\"},\"sameAs\":[\"https:\\\/\\\/www.facebook.com\\\/boasnoticiasjornal\"]},{\"@type\":\"Person\",\"@id\":\"https:\\\/\\\/jornalboasnoticias.com.br\\\/home\\\/#\\\/schema\\\/person\\\/d641193e0afc6405b390164dac847971\",\"name\":\"Ana Luiza Bonatto\",\"image\":{\"@type\":\"ImageObject\",\"inLanguage\":\"pt-BR\",\"@id\":\"https:\\\/\\\/secure.gravatar.com\\\/avatar\\\/8a055ebe6373371f67ac6fcf313c0ac0b0a91157fdcdb9514fa62927373348f0?s=96&d=mm&r=g\",\"url\":\"https:\\\/\\\/secure.gravatar.com\\\/avatar\\\/8a055ebe6373371f67ac6fcf313c0ac0b0a91157fdcdb9514fa62927373348f0?s=96&d=mm&r=g\",\"contentUrl\":\"https:\\\/\\\/secure.gravatar.com\\\/avatar\\\/8a055ebe6373371f67ac6fcf313c0ac0b0a91157fdcdb9514fa62927373348f0?s=96&d=mm&r=g\",\"caption\":\"Ana Luiza Bonatto\"},\"url\":\"https:\\\/\\\/jornalboasnoticias.com.br\\\/home\\\/author\\\/ana-luiza\\\/\"}]}<\/script>\n<!-- \/ Yoast SEO plugin. -->","yoast_head_json":{"title":"Com apoio do Estado, complexo esportivo e obras em pra\u00e7a de Pira\u00ed do Sul entram na reta final - Jornal","description":"Com apoio do Estado, complexo esportivo e obras em pra\u00e7a de Pira\u00ed do Sul entram na reta final","robots":{"index":"index","follow":"follow","max-snippet":"max-snippet:-1","max-image-preview":"max-image-preview:large","max-video-preview":"max-video-preview:-1"},"canonical":"https:\/\/jornalboasnoticias.com.br\/home\/com-apoio-do-estado-complexo-esportivo-e-obras-em-praca-de-pirai-do-sul-entram-na-reta-final\/","og_locale":"pt_BR","og_type":"article","og_title":"Com apoio do Estado, complexo esportivo e obras em pra\u00e7a de Pira\u00ed do Sul entram na reta final - Jornal","og_description":"Com apoio do Estado, complexo esportivo e obras em pra\u00e7a de Pira\u00ed do Sul entram na reta final","og_url":"https:\/\/jornalboasnoticias.com.br\/home\/com-apoio-do-estado-complexo-esportivo-e-obras-em-praca-de-pirai-do-sul-entram-na-reta-final\/","og_site_name":"Jornal","article_publisher":"https:\/\/www.facebook.com\/boasnoticiasjornal","article_published_time":"2024-10-24T14:08:23+00:00","og_image":[{"width":2560,"height":1707,"url":"https:\/\/jornalboasnoticias.com.br\/home\/wp-content\/uploads\/2024\/10\/piarai_do_sul._laercio_oliveira_da_silva._maria_vitoria_antony-scaled.jpg","type":"image\/jpeg"}],"author":"Ana Luiza Bonatto","twitter_card":"summary_large_image","twitter_misc":{"Escrito por":"Ana Luiza Bonatto","Est. tempo de leitura":"4 minutos"},"schema":{"@context":"https:\/\/schema.org","@graph":[{"@type":"Article","@id":"https:\/\/jornalboasnoticias.com.br\/home\/com-apoio-do-estado-complexo-esportivo-e-obras-em-praca-de-pirai-do-sul-entram-na-reta-final\/#article","isPartOf":{"@id":"https:\/\/jornalboasnoticias.com.br\/home\/com-apoio-do-estado-complexo-esportivo-e-obras-em-praca-de-pirai-do-sul-entram-na-reta-final\/"},"author":{"name":"Ana Luiza Bonatto","@id":"https:\/\/jornalboasnoticias.com.br\/home\/#\/schema\/person\/d641193e0afc6405b390164dac847971"},"headline":"Com apoio do Estado, complexo esportivo e obras em pra\u00e7a de Pira\u00ed do Sul entram na reta final","datePublished":"2024-10-24T14:08:23+00:00","mainEntityOfPage":{"@id":"https:\/\/jornalboasnoticias.com.br\/home\/com-apoio-do-estado-complexo-esportivo-e-obras-em-praca-de-pirai-do-sul-entram-na-reta-final\/"},"wordCount":588,"commentCount":0,"publisher":{"@id":"https:\/\/jornalboasnoticias.com.br\/home\/#organization"},"image":{"@id":"https:\/\/jornalboasnoticias.com.br\/home\/com-apoio-do-estado-complexo-esportivo-e-obras-em-praca-de-pirai-do-sul-entram-na-reta-final\/#primaryimage"},"thumbnailUrl":"https:\/\/jornalboasnoticias.com.br\/home\/wp-content\/uploads\/2024\/10\/piarai_do_sul._laercio_oliveira_da_silva._maria_vitoria_antony-scaled.jpg","articleSection":["DESTAQUE","PARAN\u00c1"],"inLanguage":"pt-BR","potentialAction":[{"@type":"CommentAction","name":"Comment","target":["https:\/\/jornalboasnoticias.com.br\/home\/com-apoio-do-estado-complexo-esportivo-e-obras-em-praca-de-pirai-do-sul-entram-na-reta-final\/#respond"]}]},{"@type":"WebPage","@id":"https:\/\/jornalboasnoticias.com.br\/home\/com-apoio-do-estado-complexo-esportivo-e-obras-em-praca-de-pirai-do-sul-entram-na-reta-final\/","url":"https:\/\/jornalboasnoticias.com.br\/home\/com-apoio-do-estado-complexo-esportivo-e-obras-em-praca-de-pirai-do-sul-entram-na-reta-final\/","name":"Com apoio do Estado, complexo esportivo e obras em pra\u00e7a de Pira\u00ed do Sul entram na reta final - Jornal","isPartOf":{"@id":"https:\/\/jornalboasnoticias.com.br\/home\/#website"},"primaryImageOfPage":{"@id":"https:\/\/jornalboasnoticias.com.br\/home\/com-apoio-do-estado-complexo-esportivo-e-obras-em-praca-de-pirai-do-sul-entram-na-reta-final\/#primaryimage"},"image":{"@id":"https:\/\/jornalboasnoticias.com.br\/home\/com-apoio-do-estado-complexo-esportivo-e-obras-em-praca-de-pirai-do-sul-entram-na-reta-final\/#primaryimage"},"thumbnailUrl":"https:\/\/jornalboasnoticias.com.br\/home\/wp-content\/uploads\/2024\/10\/piarai_do_sul._laercio_oliveira_da_silva._maria_vitoria_antony-scaled.jpg","datePublished":"2024-10-24T14:08:23+00:00","description":"Com apoio do Estado, complexo esportivo e obras em pra\u00e7a de Pira\u00ed do Sul entram na reta final","breadcrumb":{"@id":"https:\/\/jornalboasnoticias.com.br\/home\/com-apoio-do-estado-complexo-esportivo-e-obras-em-praca-de-pirai-do-sul-entram-na-reta-final\/#breadcrumb"},"inLanguage":"pt-BR","potentialAction":[{"@type":"ReadAction","target":["https:\/\/jornalboasnoticias.com.br\/home\/com-apoio-do-estado-complexo-esportivo-e-obras-em-praca-de-pirai-do-sul-entram-na-reta-final\/"]}]},{"@type":"ImageObject","inLanguage":"pt-BR","@id":"https:\/\/jornalboasnoticias.com.br\/home\/com-apoio-do-estado-complexo-esportivo-e-obras-em-praca-de-pirai-do-sul-entram-na-reta-final\/#primaryimage","url":"https:\/\/jornalboasnoticias.com.br\/home\/wp-content\/uploads\/2024\/10\/piarai_do_sul._laercio_oliveira_da_silva._maria_vitoria_antony-scaled.jpg","contentUrl":"https:\/\/jornalboasnoticias.com.br\/home\/wp-content\/uploads\/2024\/10\/piarai_do_sul._laercio_oliveira_da_silva._maria_vitoria_antony-scaled.jpg","width":2560,"height":1707,"caption":"Foto: Valdelino Pontes\/SECID"},{"@type":"BreadcrumbList","@id":"https:\/\/jornalboasnoticias.com.br\/home\/com-apoio-do-estado-complexo-esportivo-e-obras-em-praca-de-pirai-do-sul-entram-na-reta-final\/#breadcrumb","itemListElement":[{"@type":"ListItem","position":1,"name":"In\u00edcio","item":"https:\/\/jornalboasnoticias.com.br\/home\/"},{"@type":"ListItem","position":2,"name":"Com apoio do Estado, complexo esportivo e obras em pra\u00e7a de Pira\u00ed do Sul entram na reta final"}]},{"@type":"WebSite","@id":"https:\/\/jornalboasnoticias.com.br\/home\/#website","url":"https:\/\/jornalboasnoticias.com.br\/home\/","name":"Jornal Boas Not\u00edcias","description":"Boas not\u00edcias","publisher":{"@id":"https:\/\/jornalboasnoticias.com.br\/home\/#organization"},"potentialAction":[{"@type":"SearchAction","target":{"@type":"EntryPoint","urlTemplate":"https:\/\/jornalboasnoticias.com.br\/home\/?s={search_term_string}"},"query-input":{"@type":"PropertyValueSpecification","valueRequired":true,"valueName":"search_term_string"}}],"inLanguage":"pt-BR"},{"@type":"Organization","@id":"https:\/\/jornalboasnoticias.com.br\/home\/#organization","name":"Coq Editora Ltda","alternateName":"Jornal Boas Noticias","url":"https:\/\/jornalboasnoticias.com.br\/home\/","logo":{"@type":"ImageObject","inLanguage":"pt-BR","@id":"https:\/\/jornalboasnoticias.com.br\/home\/#\/schema\/logo\/image\/","url":"https:\/\/jornalboasnoticias.com.br\/home\/wp-content\/uploads\/2024\/07\/cropped-logo.jpg","contentUrl":"https:\/\/jornalboasnoticias.com.br\/home\/wp-content\/uploads\/2024\/07\/cropped-logo.jpg","width":290,"height":142,"caption":"Coq Editora Ltda"},"image":{"@id":"https:\/\/jornalboasnoticias.com.br\/home\/#\/schema\/logo\/image\/"},"sameAs":["https:\/\/www.facebook.com\/boasnoticiasjornal"]},{"@type":"Person","@id":"https:\/\/jornalboasnoticias.com.br\/home\/#\/schema\/person\/d641193e0afc6405b390164dac847971","name":"Ana Luiza Bonatto","image":{"@type":"ImageObject","inLanguage":"pt-BR","@id":"https:\/\/secure.gravatar.com\/avatar\/8a055ebe6373371f67ac6fcf313c0ac0b0a91157fdcdb9514fa62927373348f0?s=96&d=mm&r=g","url":"https:\/\/secure.gravatar.com\/avatar\/8a055ebe6373371f67ac6fcf313c0ac0b0a91157fdcdb9514fa62927373348f0?s=96&d=mm&r=g","contentUrl":"https:\/\/secure.gravatar.com\/avatar\/8a055ebe6373371f67ac6fcf313c0ac0b0a91157fdcdb9514fa62927373348f0?s=96&d=mm&r=g","caption":"Ana Luiza Bonatto"},"url":"https:\/\/jornalboasnoticias.com.br\/home\/author\/ana-luiza\/"}]}},"_links":{"self":[{"href":"https:\/\/jornalboasnoticias.com.br\/home\/wp-json\/wp\/v2\/posts\/44436","targetHints":{"allow":["GET"]}}],"collection":[{"href":"https:\/\/jornalboasnoticias.com.br\/home\/wp-json\/wp\/v2\/posts"}],"about":[{"href":"https:\/\/jornalboasnoticias.com.br\/home\/wp-json\/wp\/v2\/types\/post"}],"author":[{"embeddable":true,"href":"https:\/\/jornalboasnoticias.com.br\/home\/wp-json\/wp\/v2\/users\/4"}],"replies":[{"embeddable":true,"href":"https:\/\/jornalboasnoticias.com.br\/home\/wp-json\/wp\/v2\/comments?post=44436"}],"version-history":[{"count":1,"href":"https:\/\/jornalboasnoticias.com.br\/home\/wp-json\/wp\/v2\/posts\/44436\/revisions"}],"predecessor-version":[{"id":44438,"href":"https:\/\/jornalboasnoticias.com.br\/home\/wp-json\/wp\/v2\/posts\/44436\/revisions\/44438"}],"wp:featuredmedia":[{"embeddable":true,"href":"https:\/\/jornalboasnoticias.com.br\/home\/wp-json\/wp\/v2\/media\/44437"}],"wp:attachment":[{"href":"https:\/\/jornalboasnoticias.com.br\/home\/wp-json\/wp\/v2\/media?parent=44436"}],"wp:term":[{"taxonomy":"category","embeddable":true,"href":"https:\/\/jornalboasnoticias.com.br\/home\/wp-json\/wp\/v2\/categories?post=44436"},{"taxonomy":"post_tag","embeddable":true,"href":"https:\/\/jornalboasnoticias.com.br\/home\/wp-json\/wp\/v2\/tags?post=44436"}],"curies":[{"name":"wp","href":"https:\/\/api.w.org\/{rel}","templated":true}]}}