{"id":44427,"date":"2024-10-24T14:02:09","date_gmt":"2024-10-24T14:02:09","guid":{"rendered":"https:\/\/jornalboasnoticias.com.br\/home\/?p=44427"},"modified":"2024-10-24T14:02:09","modified_gmt":"2024-10-24T14:02:09","slug":"caso-marielle-rivaldo-barbosa-vai-depor-nesta-quinta-feira-ao-stf","status":"publish","type":"post","link":"https:\/\/jornalboasnoticias.com.br\/home\/caso-marielle-rivaldo-barbosa-vai-depor-nesta-quinta-feira-ao-stf\/","title":{"rendered":"Caso Marielle: Rivaldo Barbosa vai depor nesta quinta-feira ao STF"},"content":{"rendered":"<div class=\"header-noticia full-width\">\n<div>\n<figure id=\"attachment_44428\" aria-describedby=\"caption-attachment-44428\" style=\"width: 1170px\" class=\"wp-caption alignnone\"><img loading=\"lazy\" decoding=\"async\" class=\"size-full wp-image-44428\" src=\"https:\/\/jornalboasnoticias.com.br\/home\/wp-content\/uploads\/2024\/10\/brasilia_60_anos_justica_stf_0420202370_2.webp\" alt=\"\" width=\"1170\" height=\"700\" srcset=\"https:\/\/jornalboasnoticias.com.br\/home\/wp-content\/uploads\/2024\/10\/brasilia_60_anos_justica_stf_0420202370_2.webp 1170w, https:\/\/jornalboasnoticias.com.br\/home\/wp-content\/uploads\/2024\/10\/brasilia_60_anos_justica_stf_0420202370_2-300x179.webp 300w, https:\/\/jornalboasnoticias.com.br\/home\/wp-content\/uploads\/2024\/10\/brasilia_60_anos_justica_stf_0420202370_2-1024x613.webp 1024w, https:\/\/jornalboasnoticias.com.br\/home\/wp-content\/uploads\/2024\/10\/brasilia_60_anos_justica_stf_0420202370_2-768x459.webp 768w\" sizes=\"auto, (max-width: 1170px) 100vw, 1170px\" \/><figcaption id=\"caption-attachment-44428\" class=\"wp-caption-text\">\u00a9 Marcello Casal JrAg\u00eancia Brasil<\/figcaption><\/figure>\n<\/div>\n<blockquote>\n<div class=\"linha-fina-noticia\">Todos os r\u00e9us da morte de Marielle prestam depoimento nesta semana<\/div>\n<\/blockquote>\n<div>\n<p>O ex-chefe da Pol\u00edcia Civil do Rio de Janeiro Rivaldo Barbosa vai prestar depoimento virtual nesta quinta-feira (24), \u00e0s 13h, ao Supremo Tribunal Federal (STF).<img decoding=\"async\" src=\"https:\/\/agenciabrasil.ebc.com.br\/ebc.png?id=1616678&amp;o=node\" \/><img decoding=\"async\" src=\"https:\/\/agenciabrasil.ebc.com.br\/ebc.gif?id=1616678&amp;o=node\" \/><\/p>\n<p>Rivaldo, que\u00a0est\u00e1 preso no pres\u00eddio federal de Mossor\u00f3 (RN),\u00a0\u00e9 r\u00e9u na a\u00e7\u00e3o penal que trata do assassinato da vereadora Marielle Franco e do motorista Anderson Gomes, ocorrido em 2018, no Rio de Janeiro.<\/p>\n<p>O depoimento foi marcado pelo desembargador Airton Vieira, auxiliar de Alexandre de Moraes, relator que preside o processo criminal aberto contra os\u00a0r\u00e9us acusados de atuarem como mandantes do crime. Nesta semana, todos os r\u00e9us ser\u00e3o\u00a0ouvidos no processo.<\/p>\n<p>Nesta quarta-feira, foi finalizado o depoimento do conselheiro do Tribunal de Contas do Rio de Janeiro (TCE-RJ)\u00a0Domingos Braz\u00e3o. Ontem, no in\u00edcio do depoimento, ele negou conhecer o ex-policial Ronnie Lessa, r\u00e9u confesso dos disparos de arma de fogo contra a vereadora. Segundo ele, os irm\u00e3os Braz\u00e3o e Rivaldo Barbosa foram os mandantes.<\/p>\n<p>Na segunda-feira, o deputado federal Chiquinho Braz\u00e3o (sem partido-RJ), irm\u00e3o de Domingos, tamb\u00e9m\u00a0negou conhecer Lessa pessoalmente.<\/p>\n<p>Al\u00e9m de Rivaldo Barbosa e os irm\u00e3os Braz\u00e3o, o major da Policia Militar Ronald Paulo de Alves Pereira tamb\u00e9m \u00e9 r\u00e9u pelo assassinato de Marielle.<\/p>\n<p>Todos respondem pelos crimes de homic\u00eddio e organiza\u00e7\u00e3o criminosa e est\u00e3o presos por determina\u00e7\u00e3o de Alexandre de Moraes.<\/p>\n<p>De acordo com a investiga\u00e7\u00e3o realizada pela Pol\u00edcia Federal, o assassinato de Marielle est\u00e1 relacionado ao posicionamento contr\u00e1rio da parlamentar aos interesses do grupo pol\u00edtico liderado pelos irm\u00e3os Braz\u00e3o, que t\u00eam liga\u00e7\u00e3o com quest\u00f5es fundi\u00e1rias em \u00e1reas controladas por mil\u00edcias no Rio.<\/p>\n<p>As defesas dos r\u00e9us negam as acusa\u00e7\u00f5es.<\/p>\n<p>(Ag\u00eancia Brasil)<\/p>\n<\/div>\n<\/div>\n<div class=\"subheader\">\n<div class=\"container-autoria\"><\/div>\n<\/div>\n","protected":false},"excerpt":{"rendered":"<p>Todos os r\u00e9us da morte de Marielle prestam depoimento nesta semana O ex-chefe da Pol\u00edcia<\/p>\n","protected":false},"author":4,"featured_media":44428,"comment_status":"open","ping_status":"open","sticky":false,"template":"","format":"standard","meta":{"footnotes":""},"categories":[3,22],"tags":[],"class_list":["post-44427","post","type-post","status-publish","format-standard","has-post-thumbnail","hentry","category-destaques","category-justica"],"yoast_head":"<!-- This site is optimized with the Yoast SEO plugin v27.5 - https:\/\/yoast.com\/product\/yoast-seo-wordpress\/ -->\n<title>Caso Marielle: Rivaldo Barbosa vai depor nesta quinta-feira ao STF - Jornal<\/title>\n<meta name=\"description\" content=\"Caso Marielle: Rivaldo Barbosa vai depor nesta quinta-feira ao STF\" \/>\n<meta name=\"robots\" content=\"index, follow, max-snippet:-1, max-image-preview:large, max-video-preview:-1\" \/>\n<link rel=\"canonical\" href=\"https:\/\/jornalboasnoticias.com.br\/home\/caso-marielle-rivaldo-barbosa-vai-depor-nesta-quinta-feira-ao-stf\/\" \/>\n<meta property=\"og:locale\" content=\"pt_BR\" \/>\n<meta property=\"og:type\" content=\"article\" \/>\n<meta property=\"og:title\" content=\"Caso Marielle: Rivaldo Barbosa vai depor nesta quinta-feira ao STF - Jornal\" \/>\n<meta property=\"og:description\" content=\"Caso Marielle: Rivaldo Barbosa vai depor nesta quinta-feira ao STF\" \/>\n<meta property=\"og:url\" content=\"https:\/\/jornalboasnoticias.com.br\/home\/caso-marielle-rivaldo-barbosa-vai-depor-nesta-quinta-feira-ao-stf\/\" \/>\n<meta property=\"og:site_name\" content=\"Jornal\" \/>\n<meta property=\"article:publisher\" content=\"https:\/\/www.facebook.com\/boasnoticiasjornal\" \/>\n<meta property=\"article:published_time\" content=\"2024-10-24T14:02:09+00:00\" \/>\n<meta property=\"og:image\" content=\"https:\/\/jornalboasnoticias.com.br\/home\/wp-content\/uploads\/2024\/10\/brasilia_60_anos_justica_stf_0420202370_2.webp\" \/>\n\t<meta property=\"og:image:width\" content=\"1170\" \/>\n\t<meta property=\"og:image:height\" content=\"700\" \/>\n\t<meta property=\"og:image:type\" content=\"image\/webp\" \/>\n<meta name=\"author\" content=\"Ana Luiza Bonatto\" \/>\n<meta name=\"twitter:card\" content=\"summary_large_image\" \/>\n<meta name=\"twitter:label1\" content=\"Escrito por\" \/>\n\t<meta name=\"twitter:data1\" content=\"Ana Luiza Bonatto\" \/>\n\t<meta name=\"twitter:label2\" content=\"Est. tempo de leitura\" \/>\n\t<meta name=\"twitter:data2\" content=\"3 minutos\" \/>\n<script type=\"application\/ld+json\" class=\"yoast-schema-graph\">{\"@context\":\"https:\\\/\\\/schema.org\",\"@graph\":[{\"@type\":\"Article\",\"@id\":\"https:\\\/\\\/jornalboasnoticias.com.br\\\/home\\\/caso-marielle-rivaldo-barbosa-vai-depor-nesta-quinta-feira-ao-stf\\\/#article\",\"isPartOf\":{\"@id\":\"https:\\\/\\\/jornalboasnoticias.com.br\\\/home\\\/caso-marielle-rivaldo-barbosa-vai-depor-nesta-quinta-feira-ao-stf\\\/\"},\"author\":{\"name\":\"Ana Luiza Bonatto\",\"@id\":\"https:\\\/\\\/jornalboasnoticias.com.br\\\/home\\\/#\\\/schema\\\/person\\\/d641193e0afc6405b390164dac847971\"},\"headline\":\"Caso Marielle: Rivaldo Barbosa vai depor nesta quinta-feira ao STF\",\"datePublished\":\"2024-10-24T14:02:09+00:00\",\"mainEntityOfPage\":{\"@id\":\"https:\\\/\\\/jornalboasnoticias.com.br\\\/home\\\/caso-marielle-rivaldo-barbosa-vai-depor-nesta-quinta-feira-ao-stf\\\/\"},\"wordCount\":331,\"commentCount\":0,\"publisher\":{\"@id\":\"https:\\\/\\\/jornalboasnoticias.com.br\\\/home\\\/#organization\"},\"image\":{\"@id\":\"https:\\\/\\\/jornalboasnoticias.com.br\\\/home\\\/caso-marielle-rivaldo-barbosa-vai-depor-nesta-quinta-feira-ao-stf\\\/#primaryimage\"},\"thumbnailUrl\":\"https:\\\/\\\/jornalboasnoticias.com.br\\\/home\\\/wp-content\\\/uploads\\\/2024\\\/10\\\/brasilia_60_anos_justica_stf_0420202370_2.webp\",\"articleSection\":[\"DESTAQUE\",\"JUSTI\u00c7A\"],\"inLanguage\":\"pt-BR\",\"potentialAction\":[{\"@type\":\"CommentAction\",\"name\":\"Comment\",\"target\":[\"https:\\\/\\\/jornalboasnoticias.com.br\\\/home\\\/caso-marielle-rivaldo-barbosa-vai-depor-nesta-quinta-feira-ao-stf\\\/#respond\"]}]},{\"@type\":\"WebPage\",\"@id\":\"https:\\\/\\\/jornalboasnoticias.com.br\\\/home\\\/caso-marielle-rivaldo-barbosa-vai-depor-nesta-quinta-feira-ao-stf\\\/\",\"url\":\"https:\\\/\\\/jornalboasnoticias.com.br\\\/home\\\/caso-marielle-rivaldo-barbosa-vai-depor-nesta-quinta-feira-ao-stf\\\/\",\"name\":\"Caso Marielle: Rivaldo Barbosa vai depor nesta quinta-feira ao STF - Jornal\",\"isPartOf\":{\"@id\":\"https:\\\/\\\/jornalboasnoticias.com.br\\\/home\\\/#website\"},\"primaryImageOfPage\":{\"@id\":\"https:\\\/\\\/jornalboasnoticias.com.br\\\/home\\\/caso-marielle-rivaldo-barbosa-vai-depor-nesta-quinta-feira-ao-stf\\\/#primaryimage\"},\"image\":{\"@id\":\"https:\\\/\\\/jornalboasnoticias.com.br\\\/home\\\/caso-marielle-rivaldo-barbosa-vai-depor-nesta-quinta-feira-ao-stf\\\/#primaryimage\"},\"thumbnailUrl\":\"https:\\\/\\\/jornalboasnoticias.com.br\\\/home\\\/wp-content\\\/uploads\\\/2024\\\/10\\\/brasilia_60_anos_justica_stf_0420202370_2.webp\",\"datePublished\":\"2024-10-24T14:02:09+00:00\",\"description\":\"Caso Marielle: Rivaldo Barbosa vai depor nesta quinta-feira ao STF\",\"breadcrumb\":{\"@id\":\"https:\\\/\\\/jornalboasnoticias.com.br\\\/home\\\/caso-marielle-rivaldo-barbosa-vai-depor-nesta-quinta-feira-ao-stf\\\/#breadcrumb\"},\"inLanguage\":\"pt-BR\",\"potentialAction\":[{\"@type\":\"ReadAction\",\"target\":[\"https:\\\/\\\/jornalboasnoticias.com.br\\\/home\\\/caso-marielle-rivaldo-barbosa-vai-depor-nesta-quinta-feira-ao-stf\\\/\"]}]},{\"@type\":\"ImageObject\",\"inLanguage\":\"pt-BR\",\"@id\":\"https:\\\/\\\/jornalboasnoticias.com.br\\\/home\\\/caso-marielle-rivaldo-barbosa-vai-depor-nesta-quinta-feira-ao-stf\\\/#primaryimage\",\"url\":\"https:\\\/\\\/jornalboasnoticias.com.br\\\/home\\\/wp-content\\\/uploads\\\/2024\\\/10\\\/brasilia_60_anos_justica_stf_0420202370_2.webp\",\"contentUrl\":\"https:\\\/\\\/jornalboasnoticias.com.br\\\/home\\\/wp-content\\\/uploads\\\/2024\\\/10\\\/brasilia_60_anos_justica_stf_0420202370_2.webp\",\"width\":1170,\"height\":700,\"caption\":\"\u00a9 Marcello Casal JrAg\u00eancia Brasil\"},{\"@type\":\"BreadcrumbList\",\"@id\":\"https:\\\/\\\/jornalboasnoticias.com.br\\\/home\\\/caso-marielle-rivaldo-barbosa-vai-depor-nesta-quinta-feira-ao-stf\\\/#breadcrumb\",\"itemListElement\":[{\"@type\":\"ListItem\",\"position\":1,\"name\":\"In\u00edcio\",\"item\":\"https:\\\/\\\/jornalboasnoticias.com.br\\\/home\\\/\"},{\"@type\":\"ListItem\",\"position\":2,\"name\":\"Caso Marielle: Rivaldo Barbosa vai depor nesta quinta-feira ao STF\"}]},{\"@type\":\"WebSite\",\"@id\":\"https:\\\/\\\/jornalboasnoticias.com.br\\\/home\\\/#website\",\"url\":\"https:\\\/\\\/jornalboasnoticias.com.br\\\/home\\\/\",\"name\":\"Jornal Boas Not\u00edcias\",\"description\":\"Boas not\u00edcias\",\"publisher\":{\"@id\":\"https:\\\/\\\/jornalboasnoticias.com.br\\\/home\\\/#organization\"},\"potentialAction\":[{\"@type\":\"SearchAction\",\"target\":{\"@type\":\"EntryPoint\",\"urlTemplate\":\"https:\\\/\\\/jornalboasnoticias.com.br\\\/home\\\/?s={search_term_string}\"},\"query-input\":{\"@type\":\"PropertyValueSpecification\",\"valueRequired\":true,\"valueName\":\"search_term_string\"}}],\"inLanguage\":\"pt-BR\"},{\"@type\":\"Organization\",\"@id\":\"https:\\\/\\\/jornalboasnoticias.com.br\\\/home\\\/#organization\",\"name\":\"Coq Editora Ltda\",\"alternateName\":\"Jornal Boas Noticias\",\"url\":\"https:\\\/\\\/jornalboasnoticias.com.br\\\/home\\\/\",\"logo\":{\"@type\":\"ImageObject\",\"inLanguage\":\"pt-BR\",\"@id\":\"https:\\\/\\\/jornalboasnoticias.com.br\\\/home\\\/#\\\/schema\\\/logo\\\/image\\\/\",\"url\":\"https:\\\/\\\/jornalboasnoticias.com.br\\\/home\\\/wp-content\\\/uploads\\\/2024\\\/07\\\/cropped-logo.jpg\",\"contentUrl\":\"https:\\\/\\\/jornalboasnoticias.com.br\\\/home\\\/wp-content\\\/uploads\\\/2024\\\/07\\\/cropped-logo.jpg\",\"width\":290,\"height\":142,\"caption\":\"Coq Editora Ltda\"},\"image\":{\"@id\":\"https:\\\/\\\/jornalboasnoticias.com.br\\\/home\\\/#\\\/schema\\\/logo\\\/image\\\/\"},\"sameAs\":[\"https:\\\/\\\/www.facebook.com\\\/boasnoticiasjornal\"]},{\"@type\":\"Person\",\"@id\":\"https:\\\/\\\/jornalboasnoticias.com.br\\\/home\\\/#\\\/schema\\\/person\\\/d641193e0afc6405b390164dac847971\",\"name\":\"Ana Luiza Bonatto\",\"image\":{\"@type\":\"ImageObject\",\"inLanguage\":\"pt-BR\",\"@id\":\"https:\\\/\\\/secure.gravatar.com\\\/avatar\\\/8a055ebe6373371f67ac6fcf313c0ac0b0a91157fdcdb9514fa62927373348f0?s=96&d=mm&r=g\",\"url\":\"https:\\\/\\\/secure.gravatar.com\\\/avatar\\\/8a055ebe6373371f67ac6fcf313c0ac0b0a91157fdcdb9514fa62927373348f0?s=96&d=mm&r=g\",\"contentUrl\":\"https:\\\/\\\/secure.gravatar.com\\\/avatar\\\/8a055ebe6373371f67ac6fcf313c0ac0b0a91157fdcdb9514fa62927373348f0?s=96&d=mm&r=g\",\"caption\":\"Ana Luiza Bonatto\"},\"url\":\"https:\\\/\\\/jornalboasnoticias.com.br\\\/home\\\/author\\\/ana-luiza\\\/\"}]}<\/script>\n<!-- \/ Yoast SEO plugin. -->","yoast_head_json":{"title":"Caso Marielle: Rivaldo Barbosa vai depor nesta quinta-feira ao STF - Jornal","description":"Caso Marielle: Rivaldo Barbosa vai depor nesta quinta-feira ao STF","robots":{"index":"index","follow":"follow","max-snippet":"max-snippet:-1","max-image-preview":"max-image-preview:large","max-video-preview":"max-video-preview:-1"},"canonical":"https:\/\/jornalboasnoticias.com.br\/home\/caso-marielle-rivaldo-barbosa-vai-depor-nesta-quinta-feira-ao-stf\/","og_locale":"pt_BR","og_type":"article","og_title":"Caso Marielle: Rivaldo Barbosa vai depor nesta quinta-feira ao STF - Jornal","og_description":"Caso Marielle: Rivaldo Barbosa vai depor nesta quinta-feira ao STF","og_url":"https:\/\/jornalboasnoticias.com.br\/home\/caso-marielle-rivaldo-barbosa-vai-depor-nesta-quinta-feira-ao-stf\/","og_site_name":"Jornal","article_publisher":"https:\/\/www.facebook.com\/boasnoticiasjornal","article_published_time":"2024-10-24T14:02:09+00:00","og_image":[{"width":1170,"height":700,"url":"https:\/\/jornalboasnoticias.com.br\/home\/wp-content\/uploads\/2024\/10\/brasilia_60_anos_justica_stf_0420202370_2.webp","type":"image\/webp"}],"author":"Ana Luiza Bonatto","twitter_card":"summary_large_image","twitter_misc":{"Escrito por":"Ana Luiza Bonatto","Est. tempo de leitura":"3 minutos"},"schema":{"@context":"https:\/\/schema.org","@graph":[{"@type":"Article","@id":"https:\/\/jornalboasnoticias.com.br\/home\/caso-marielle-rivaldo-barbosa-vai-depor-nesta-quinta-feira-ao-stf\/#article","isPartOf":{"@id":"https:\/\/jornalboasnoticias.com.br\/home\/caso-marielle-rivaldo-barbosa-vai-depor-nesta-quinta-feira-ao-stf\/"},"author":{"name":"Ana Luiza Bonatto","@id":"https:\/\/jornalboasnoticias.com.br\/home\/#\/schema\/person\/d641193e0afc6405b390164dac847971"},"headline":"Caso Marielle: Rivaldo Barbosa vai depor nesta quinta-feira ao STF","datePublished":"2024-10-24T14:02:09+00:00","mainEntityOfPage":{"@id":"https:\/\/jornalboasnoticias.com.br\/home\/caso-marielle-rivaldo-barbosa-vai-depor-nesta-quinta-feira-ao-stf\/"},"wordCount":331,"commentCount":0,"publisher":{"@id":"https:\/\/jornalboasnoticias.com.br\/home\/#organization"},"image":{"@id":"https:\/\/jornalboasnoticias.com.br\/home\/caso-marielle-rivaldo-barbosa-vai-depor-nesta-quinta-feira-ao-stf\/#primaryimage"},"thumbnailUrl":"https:\/\/jornalboasnoticias.com.br\/home\/wp-content\/uploads\/2024\/10\/brasilia_60_anos_justica_stf_0420202370_2.webp","articleSection":["DESTAQUE","JUSTI\u00c7A"],"inLanguage":"pt-BR","potentialAction":[{"@type":"CommentAction","name":"Comment","target":["https:\/\/jornalboasnoticias.com.br\/home\/caso-marielle-rivaldo-barbosa-vai-depor-nesta-quinta-feira-ao-stf\/#respond"]}]},{"@type":"WebPage","@id":"https:\/\/jornalboasnoticias.com.br\/home\/caso-marielle-rivaldo-barbosa-vai-depor-nesta-quinta-feira-ao-stf\/","url":"https:\/\/jornalboasnoticias.com.br\/home\/caso-marielle-rivaldo-barbosa-vai-depor-nesta-quinta-feira-ao-stf\/","name":"Caso Marielle: Rivaldo Barbosa vai depor nesta quinta-feira ao STF - Jornal","isPartOf":{"@id":"https:\/\/jornalboasnoticias.com.br\/home\/#website"},"primaryImageOfPage":{"@id":"https:\/\/jornalboasnoticias.com.br\/home\/caso-marielle-rivaldo-barbosa-vai-depor-nesta-quinta-feira-ao-stf\/#primaryimage"},"image":{"@id":"https:\/\/jornalboasnoticias.com.br\/home\/caso-marielle-rivaldo-barbosa-vai-depor-nesta-quinta-feira-ao-stf\/#primaryimage"},"thumbnailUrl":"https:\/\/jornalboasnoticias.com.br\/home\/wp-content\/uploads\/2024\/10\/brasilia_60_anos_justica_stf_0420202370_2.webp","datePublished":"2024-10-24T14:02:09+00:00","description":"Caso Marielle: Rivaldo Barbosa vai depor nesta quinta-feira ao STF","breadcrumb":{"@id":"https:\/\/jornalboasnoticias.com.br\/home\/caso-marielle-rivaldo-barbosa-vai-depor-nesta-quinta-feira-ao-stf\/#breadcrumb"},"inLanguage":"pt-BR","potentialAction":[{"@type":"ReadAction","target":["https:\/\/jornalboasnoticias.com.br\/home\/caso-marielle-rivaldo-barbosa-vai-depor-nesta-quinta-feira-ao-stf\/"]}]},{"@type":"ImageObject","inLanguage":"pt-BR","@id":"https:\/\/jornalboasnoticias.com.br\/home\/caso-marielle-rivaldo-barbosa-vai-depor-nesta-quinta-feira-ao-stf\/#primaryimage","url":"https:\/\/jornalboasnoticias.com.br\/home\/wp-content\/uploads\/2024\/10\/brasilia_60_anos_justica_stf_0420202370_2.webp","contentUrl":"https:\/\/jornalboasnoticias.com.br\/home\/wp-content\/uploads\/2024\/10\/brasilia_60_anos_justica_stf_0420202370_2.webp","width":1170,"height":700,"caption":"\u00a9 Marcello Casal JrAg\u00eancia Brasil"},{"@type":"BreadcrumbList","@id":"https:\/\/jornalboasnoticias.com.br\/home\/caso-marielle-rivaldo-barbosa-vai-depor-nesta-quinta-feira-ao-stf\/#breadcrumb","itemListElement":[{"@type":"ListItem","position":1,"name":"In\u00edcio","item":"https:\/\/jornalboasnoticias.com.br\/home\/"},{"@type":"ListItem","position":2,"name":"Caso Marielle: Rivaldo Barbosa vai depor nesta quinta-feira ao STF"}]},{"@type":"WebSite","@id":"https:\/\/jornalboasnoticias.com.br\/home\/#website","url":"https:\/\/jornalboasnoticias.com.br\/home\/","name":"Jornal Boas Not\u00edcias","description":"Boas not\u00edcias","publisher":{"@id":"https:\/\/jornalboasnoticias.com.br\/home\/#organization"},"potentialAction":[{"@type":"SearchAction","target":{"@type":"EntryPoint","urlTemplate":"https:\/\/jornalboasnoticias.com.br\/home\/?s={search_term_string}"},"query-input":{"@type":"PropertyValueSpecification","valueRequired":true,"valueName":"search_term_string"}}],"inLanguage":"pt-BR"},{"@type":"Organization","@id":"https:\/\/jornalboasnoticias.com.br\/home\/#organization","name":"Coq Editora Ltda","alternateName":"Jornal Boas Noticias","url":"https:\/\/jornalboasnoticias.com.br\/home\/","logo":{"@type":"ImageObject","inLanguage":"pt-BR","@id":"https:\/\/jornalboasnoticias.com.br\/home\/#\/schema\/logo\/image\/","url":"https:\/\/jornalboasnoticias.com.br\/home\/wp-content\/uploads\/2024\/07\/cropped-logo.jpg","contentUrl":"https:\/\/jornalboasnoticias.com.br\/home\/wp-content\/uploads\/2024\/07\/cropped-logo.jpg","width":290,"height":142,"caption":"Coq Editora Ltda"},"image":{"@id":"https:\/\/jornalboasnoticias.com.br\/home\/#\/schema\/logo\/image\/"},"sameAs":["https:\/\/www.facebook.com\/boasnoticiasjornal"]},{"@type":"Person","@id":"https:\/\/jornalboasnoticias.com.br\/home\/#\/schema\/person\/d641193e0afc6405b390164dac847971","name":"Ana Luiza Bonatto","image":{"@type":"ImageObject","inLanguage":"pt-BR","@id":"https:\/\/secure.gravatar.com\/avatar\/8a055ebe6373371f67ac6fcf313c0ac0b0a91157fdcdb9514fa62927373348f0?s=96&d=mm&r=g","url":"https:\/\/secure.gravatar.com\/avatar\/8a055ebe6373371f67ac6fcf313c0ac0b0a91157fdcdb9514fa62927373348f0?s=96&d=mm&r=g","contentUrl":"https:\/\/secure.gravatar.com\/avatar\/8a055ebe6373371f67ac6fcf313c0ac0b0a91157fdcdb9514fa62927373348f0?s=96&d=mm&r=g","caption":"Ana Luiza Bonatto"},"url":"https:\/\/jornalboasnoticias.com.br\/home\/author\/ana-luiza\/"}]}},"_links":{"self":[{"href":"https:\/\/jornalboasnoticias.com.br\/home\/wp-json\/wp\/v2\/posts\/44427","targetHints":{"allow":["GET"]}}],"collection":[{"href":"https:\/\/jornalboasnoticias.com.br\/home\/wp-json\/wp\/v2\/posts"}],"about":[{"href":"https:\/\/jornalboasnoticias.com.br\/home\/wp-json\/wp\/v2\/types\/post"}],"author":[{"embeddable":true,"href":"https:\/\/jornalboasnoticias.com.br\/home\/wp-json\/wp\/v2\/users\/4"}],"replies":[{"embeddable":true,"href":"https:\/\/jornalboasnoticias.com.br\/home\/wp-json\/wp\/v2\/comments?post=44427"}],"version-history":[{"count":1,"href":"https:\/\/jornalboasnoticias.com.br\/home\/wp-json\/wp\/v2\/posts\/44427\/revisions"}],"predecessor-version":[{"id":44429,"href":"https:\/\/jornalboasnoticias.com.br\/home\/wp-json\/wp\/v2\/posts\/44427\/revisions\/44429"}],"wp:featuredmedia":[{"embeddable":true,"href":"https:\/\/jornalboasnoticias.com.br\/home\/wp-json\/wp\/v2\/media\/44428"}],"wp:attachment":[{"href":"https:\/\/jornalboasnoticias.com.br\/home\/wp-json\/wp\/v2\/media?parent=44427"}],"wp:term":[{"taxonomy":"category","embeddable":true,"href":"https:\/\/jornalboasnoticias.com.br\/home\/wp-json\/wp\/v2\/categories?post=44427"},{"taxonomy":"post_tag","embeddable":true,"href":"https:\/\/jornalboasnoticias.com.br\/home\/wp-json\/wp\/v2\/tags?post=44427"}],"curies":[{"name":"wp","href":"https:\/\/api.w.org\/{rel}","templated":true}]}}