{"id":44406,"date":"2024-10-24T13:53:12","date_gmt":"2024-10-24T13:53:12","guid":{"rendered":"https:\/\/jornalboasnoticias.com.br\/home\/?p=44406"},"modified":"2024-10-24T13:53:12","modified_gmt":"2024-10-24T13:53:12","slug":"com-fundo-da-ancine-ebc-lanca-edital-para-producao-de-conteudo","status":"publish","type":"post","link":"https:\/\/jornalboasnoticias.com.br\/home\/com-fundo-da-ancine-ebc-lanca-edital-para-producao-de-conteudo\/","title":{"rendered":"Com fundo da Ancine, EBC lan\u00e7a edital para produ\u00e7\u00e3o de conte\u00fado"},"content":{"rendered":"<div class=\"header-noticia full-width\">\n<div>\n<figure id=\"attachment_44407\" aria-describedby=\"caption-attachment-44407\" style=\"width: 1170px\" class=\"wp-caption alignnone\"><img loading=\"lazy\" decoding=\"async\" class=\"size-full wp-image-44407\" src=\"https:\/\/jornalboasnoticias.com.br\/home\/wp-content\/uploads\/2024\/10\/20230816_182216.webp\" alt=\"\" width=\"1170\" height=\"700\" srcset=\"https:\/\/jornalboasnoticias.com.br\/home\/wp-content\/uploads\/2024\/10\/20230816_182216.webp 1170w, https:\/\/jornalboasnoticias.com.br\/home\/wp-content\/uploads\/2024\/10\/20230816_182216-300x179.webp 300w, https:\/\/jornalboasnoticias.com.br\/home\/wp-content\/uploads\/2024\/10\/20230816_182216-1024x613.webp 1024w, https:\/\/jornalboasnoticias.com.br\/home\/wp-content\/uploads\/2024\/10\/20230816_182216-768x459.webp 768w\" sizes=\"auto, (max-width: 1170px) 100vw, 1170px\" \/><figcaption id=\"caption-attachment-44407\" class=\"wp-caption-text\">\u00a9 Rafa Neddermeyer\/Ag\u00eancia Brasil<\/figcaption><\/figure>\n<\/div>\n<\/div>\n<blockquote>\n<div class=\"header-noticia full-width\">\n<div class=\"linha-fina-noticia\">Investimento de R$ 110 milh\u00f5es produzir\u00e1 programas na TV Brasil<\/div>\n<\/div>\n<\/blockquote>\n<div>\n<p>A Empresa Brasil de Comunica\u00e7\u00e3o (EBC) anuncia nesta quinta-feira (24) a nova linha de financiamento voltada \u00e0 TV p\u00fablica, com investimento de R$ 110 milh\u00f5es, por meio do edital Sele\u00e7\u00e3o TV Brasil. A nova estrat\u00e9gia, que faz parte do Programa de Apoio ao Desenvolvimento do Audiovisual Brasileiro (Prodav), tem como foco a produ\u00e7\u00e3o independente de conte\u00fado audiovisual brasileiro para o campo p\u00fablico.\u00a0<img decoding=\"async\" src=\"https:\/\/agenciabrasil.ebc.com.br\/ebc.png?id=1616588&amp;o=node\" \/><img decoding=\"async\" src=\"https:\/\/agenciabrasil.ebc.com.br\/ebc.gif?id=1616588&amp;o=node\" \/><\/p>\n<p>O an\u00fancio ser\u00e1 feito durante o IV Encontro de Ideias Audiovisuais, da 48\u00aa Mostra Internacional de Cinema de S\u00e3o Paulo, pelo diretor-presidente da EBC, Jean Lima; pela diretora de Conte\u00fado e Programa\u00e7\u00e3o da EBC, Antonia Pellegrino; e pelo presidente da Ag\u00eancia Nacional do Cinema (Ancine), Alex Braga.<\/p>\n<p>A mesa &#8220;TV Brasil: Reposicionamento e Lan\u00e7amento de Chamada P\u00fablica&#8221; ocorrer\u00e1 na sala Grande Otelo da Cinemateca Brasileira, entre 12h45 e 13h15. A entrada nas mesas de debates \u00e9 gratuita, mas a senha deve ser retirada uma hora antes do in\u00edcio do evento.<\/p>\n<p>De acordo com a diretora de Conte\u00fado e Programa\u00e7\u00e3o da EBC, Antonia Pellegrino, esse investimento \u00e9 fruto de um trabalho desenvolvido em parceria com a Ancine nos \u00faltimos dois anos. \u201cEsse valor recorde que estamos lan\u00e7ando \u00e9 resultado do crescimento da parceria institucional entre a Ancine e a EBC, que j\u00e1 passou por diversas fases. S\u00e3o quase dois anos trabalhando juntos, estreitando la\u00e7os, e nessa parceria conseguimos oferecer R$ 110 milh\u00f5es para o campo p\u00fablico\u201d, disse.<\/p>\n<p>Antonia ressalta tamb\u00e9m que essa nova estrat\u00e9gia visa fortalecer a Rede Nacional de Comunica\u00e7\u00e3o P\u00fablica (RNCP) e a TV Brasil. \u201cFaz sentido uma nova chamada p\u00fablica que fortale\u00e7a a TV Brasil e a RNCP. A rede hoje conta com 126 emissoras de TV afiliadas, e a TV Brasil, que ocupa o 5\u00ba lugar em audi\u00eancia na TV aberta\u201d.<\/p>\n<p>Para o diretor-presidente da EBC, Jean Lima, esse \u00e9 mais um marco da empresa que converge com as diretrizes do governo federal. \u201cEstamos muito felizes em firmar essa parceria com a Ancine e por lan\u00e7ar essa linha in\u00e9dita. \u00c9 mais um marco da EBC que demonstra o investimento na comunica\u00e7\u00e3o p\u00fablica e no reposicionamento estrat\u00e9gico da empresa, com o objetivo de fortalecer a marca, ampliar a audi\u00eancia da TV Brasil, da RNCP e consolidar ainda mais nosso papel\u201d, declarou.<\/p>\n<p>A apresenta\u00e7\u00e3o durante a Mostra tamb\u00e9m destacar\u00e1 as estrat\u00e9gias utilizadas pela nova gest\u00e3o da EBC no processo de reposicionamento da TV Brasil, que, ao final de dois anos de trabalho, volta a ganhar visibilidade e relev\u00e2ncia no mercado audiovisual.<\/p>\n<h2>Edital<\/h2>\n<p>O edital Sele\u00e7\u00e3o TV Brasil \u00e9 dividido em sete linhas tem\u00e1ticas: infantil, infanto-juvenil, natureza e meio ambiente, futebol feminino, sociedade e cultura, produ\u00e7\u00e3o e finaliza\u00e7\u00e3o de longas-metragens e coprodu\u00e7\u00e3o de novela.\u00a0 O edital tamb\u00e9m ser\u00e1 o primeiro a ter um recorte de g\u00eanero e ra\u00e7a.<\/p>\n<p>O objetivo \u00e9 investir em projetos de obras audiovisuais destinadas \u00e0 exibi\u00e7\u00e3o nos segmentos de TV aberta, TV por assinatura e V\u00eddeo por Demanda ligadas ao campo da comunica\u00e7\u00e3o p\u00fablica, educativa, comunit\u00e1ria e cultural, contribuindo para expans\u00e3o da participa\u00e7\u00e3o do conte\u00fado brasileiro independente nesses segmentos. Al\u00e9m disso, o edital pretende fortalecer as empresas do setor audiovisual, promover a regionaliza\u00e7\u00e3o do fomento ao setor audiovisual e fortalecer a RNCP.<\/p>\n<p>O processo seletivo ser\u00e1 composto pelas etapas de habilita\u00e7\u00e3o, avalia\u00e7\u00e3o preliminar e avalia\u00e7\u00e3o final de investimento. As informa\u00e7\u00f5es completas est\u00e3o dispon\u00edveis no site\u00a0<a href=\"http:\/\/selecao.tvbrasil.ebc.com.br\/\">selecao.tvbrasil.ebc.com.br<\/a><\/p>\n<p>(Ag\u00eancia Brasil)<\/p>\n<\/div>\n","protected":false},"excerpt":{"rendered":"<p>Investimento de R$ 110 milh\u00f5es produzir\u00e1 programas na TV Brasil A Empresa Brasil de Comunica\u00e7\u00e3o<\/p>\n","protected":false},"author":4,"featured_media":44407,"comment_status":"open","ping_status":"open","sticky":false,"template":"","format":"standard","meta":{"footnotes":""},"categories":[3,12],"tags":[],"class_list":["post-44406","post","type-post","status-publish","format-standard","has-post-thumbnail","hentry","category-destaques","category-variedades"],"yoast_head":"<!-- This site is optimized with the Yoast SEO plugin v27.5 - https:\/\/yoast.com\/product\/yoast-seo-wordpress\/ -->\n<title>Com fundo da Ancine, EBC lan\u00e7a edital para produ\u00e7\u00e3o de conte\u00fado - Jornal<\/title>\n<meta name=\"description\" content=\"Com fundo da Ancine, EBC lan\u00e7a edital para produ\u00e7\u00e3o de conte\u00fado\" \/>\n<meta name=\"robots\" content=\"index, follow, max-snippet:-1, max-image-preview:large, max-video-preview:-1\" \/>\n<link rel=\"canonical\" href=\"https:\/\/jornalboasnoticias.com.br\/home\/com-fundo-da-ancine-ebc-lanca-edital-para-producao-de-conteudo\/\" \/>\n<meta property=\"og:locale\" content=\"pt_BR\" \/>\n<meta property=\"og:type\" content=\"article\" \/>\n<meta property=\"og:title\" content=\"Com fundo da Ancine, EBC lan\u00e7a edital para produ\u00e7\u00e3o de conte\u00fado - Jornal\" \/>\n<meta property=\"og:description\" content=\"Com fundo da Ancine, EBC lan\u00e7a edital para produ\u00e7\u00e3o de conte\u00fado\" \/>\n<meta property=\"og:url\" content=\"https:\/\/jornalboasnoticias.com.br\/home\/com-fundo-da-ancine-ebc-lanca-edital-para-producao-de-conteudo\/\" \/>\n<meta property=\"og:site_name\" content=\"Jornal\" \/>\n<meta property=\"article:publisher\" content=\"https:\/\/www.facebook.com\/boasnoticiasjornal\" \/>\n<meta property=\"article:published_time\" content=\"2024-10-24T13:53:12+00:00\" \/>\n<meta property=\"og:image\" content=\"https:\/\/jornalboasnoticias.com.br\/home\/wp-content\/uploads\/2024\/10\/20230816_182216.webp\" \/>\n\t<meta property=\"og:image:width\" content=\"1170\" \/>\n\t<meta property=\"og:image:height\" content=\"700\" \/>\n\t<meta property=\"og:image:type\" content=\"image\/webp\" \/>\n<meta name=\"author\" content=\"Ana Luiza Bonatto\" \/>\n<meta name=\"twitter:card\" content=\"summary_large_image\" \/>\n<meta name=\"twitter:label1\" content=\"Escrito por\" \/>\n\t<meta name=\"twitter:data1\" content=\"Ana Luiza Bonatto\" \/>\n\t<meta name=\"twitter:label2\" content=\"Est. tempo de leitura\" \/>\n\t<meta name=\"twitter:data2\" content=\"4 minutos\" \/>\n<script type=\"application\/ld+json\" class=\"yoast-schema-graph\">{\"@context\":\"https:\\\/\\\/schema.org\",\"@graph\":[{\"@type\":\"Article\",\"@id\":\"https:\\\/\\\/jornalboasnoticias.com.br\\\/home\\\/com-fundo-da-ancine-ebc-lanca-edital-para-producao-de-conteudo\\\/#article\",\"isPartOf\":{\"@id\":\"https:\\\/\\\/jornalboasnoticias.com.br\\\/home\\\/com-fundo-da-ancine-ebc-lanca-edital-para-producao-de-conteudo\\\/\"},\"author\":{\"name\":\"Ana Luiza Bonatto\",\"@id\":\"https:\\\/\\\/jornalboasnoticias.com.br\\\/home\\\/#\\\/schema\\\/person\\\/d641193e0afc6405b390164dac847971\"},\"headline\":\"Com fundo da Ancine, EBC lan\u00e7a edital para produ\u00e7\u00e3o de conte\u00fado\",\"datePublished\":\"2024-10-24T13:53:12+00:00\",\"mainEntityOfPage\":{\"@id\":\"https:\\\/\\\/jornalboasnoticias.com.br\\\/home\\\/com-fundo-da-ancine-ebc-lanca-edital-para-producao-de-conteudo\\\/\"},\"wordCount\":635,\"commentCount\":0,\"publisher\":{\"@id\":\"https:\\\/\\\/jornalboasnoticias.com.br\\\/home\\\/#organization\"},\"image\":{\"@id\":\"https:\\\/\\\/jornalboasnoticias.com.br\\\/home\\\/com-fundo-da-ancine-ebc-lanca-edital-para-producao-de-conteudo\\\/#primaryimage\"},\"thumbnailUrl\":\"https:\\\/\\\/jornalboasnoticias.com.br\\\/home\\\/wp-content\\\/uploads\\\/2024\\\/10\\\/20230816_182216.webp\",\"articleSection\":[\"DESTAQUE\",\"VARIEDADES\"],\"inLanguage\":\"pt-BR\",\"potentialAction\":[{\"@type\":\"CommentAction\",\"name\":\"Comment\",\"target\":[\"https:\\\/\\\/jornalboasnoticias.com.br\\\/home\\\/com-fundo-da-ancine-ebc-lanca-edital-para-producao-de-conteudo\\\/#respond\"]}]},{\"@type\":\"WebPage\",\"@id\":\"https:\\\/\\\/jornalboasnoticias.com.br\\\/home\\\/com-fundo-da-ancine-ebc-lanca-edital-para-producao-de-conteudo\\\/\",\"url\":\"https:\\\/\\\/jornalboasnoticias.com.br\\\/home\\\/com-fundo-da-ancine-ebc-lanca-edital-para-producao-de-conteudo\\\/\",\"name\":\"Com fundo da Ancine, EBC lan\u00e7a edital para produ\u00e7\u00e3o de conte\u00fado - Jornal\",\"isPartOf\":{\"@id\":\"https:\\\/\\\/jornalboasnoticias.com.br\\\/home\\\/#website\"},\"primaryImageOfPage\":{\"@id\":\"https:\\\/\\\/jornalboasnoticias.com.br\\\/home\\\/com-fundo-da-ancine-ebc-lanca-edital-para-producao-de-conteudo\\\/#primaryimage\"},\"image\":{\"@id\":\"https:\\\/\\\/jornalboasnoticias.com.br\\\/home\\\/com-fundo-da-ancine-ebc-lanca-edital-para-producao-de-conteudo\\\/#primaryimage\"},\"thumbnailUrl\":\"https:\\\/\\\/jornalboasnoticias.com.br\\\/home\\\/wp-content\\\/uploads\\\/2024\\\/10\\\/20230816_182216.webp\",\"datePublished\":\"2024-10-24T13:53:12+00:00\",\"description\":\"Com fundo da Ancine, EBC lan\u00e7a edital para produ\u00e7\u00e3o de conte\u00fado\",\"breadcrumb\":{\"@id\":\"https:\\\/\\\/jornalboasnoticias.com.br\\\/home\\\/com-fundo-da-ancine-ebc-lanca-edital-para-producao-de-conteudo\\\/#breadcrumb\"},\"inLanguage\":\"pt-BR\",\"potentialAction\":[{\"@type\":\"ReadAction\",\"target\":[\"https:\\\/\\\/jornalboasnoticias.com.br\\\/home\\\/com-fundo-da-ancine-ebc-lanca-edital-para-producao-de-conteudo\\\/\"]}]},{\"@type\":\"ImageObject\",\"inLanguage\":\"pt-BR\",\"@id\":\"https:\\\/\\\/jornalboasnoticias.com.br\\\/home\\\/com-fundo-da-ancine-ebc-lanca-edital-para-producao-de-conteudo\\\/#primaryimage\",\"url\":\"https:\\\/\\\/jornalboasnoticias.com.br\\\/home\\\/wp-content\\\/uploads\\\/2024\\\/10\\\/20230816_182216.webp\",\"contentUrl\":\"https:\\\/\\\/jornalboasnoticias.com.br\\\/home\\\/wp-content\\\/uploads\\\/2024\\\/10\\\/20230816_182216.webp\",\"width\":1170,\"height\":700,\"caption\":\"\u00a9 Rafa Neddermeyer\\\/Ag\u00eancia Brasil\"},{\"@type\":\"BreadcrumbList\",\"@id\":\"https:\\\/\\\/jornalboasnoticias.com.br\\\/home\\\/com-fundo-da-ancine-ebc-lanca-edital-para-producao-de-conteudo\\\/#breadcrumb\",\"itemListElement\":[{\"@type\":\"ListItem\",\"position\":1,\"name\":\"In\u00edcio\",\"item\":\"https:\\\/\\\/jornalboasnoticias.com.br\\\/home\\\/\"},{\"@type\":\"ListItem\",\"position\":2,\"name\":\"Com fundo da Ancine, EBC lan\u00e7a edital para produ\u00e7\u00e3o de conte\u00fado\"}]},{\"@type\":\"WebSite\",\"@id\":\"https:\\\/\\\/jornalboasnoticias.com.br\\\/home\\\/#website\",\"url\":\"https:\\\/\\\/jornalboasnoticias.com.br\\\/home\\\/\",\"name\":\"Jornal Boas Not\u00edcias\",\"description\":\"Boas not\u00edcias\",\"publisher\":{\"@id\":\"https:\\\/\\\/jornalboasnoticias.com.br\\\/home\\\/#organization\"},\"potentialAction\":[{\"@type\":\"SearchAction\",\"target\":{\"@type\":\"EntryPoint\",\"urlTemplate\":\"https:\\\/\\\/jornalboasnoticias.com.br\\\/home\\\/?s={search_term_string}\"},\"query-input\":{\"@type\":\"PropertyValueSpecification\",\"valueRequired\":true,\"valueName\":\"search_term_string\"}}],\"inLanguage\":\"pt-BR\"},{\"@type\":\"Organization\",\"@id\":\"https:\\\/\\\/jornalboasnoticias.com.br\\\/home\\\/#organization\",\"name\":\"Coq Editora Ltda\",\"alternateName\":\"Jornal Boas Noticias\",\"url\":\"https:\\\/\\\/jornalboasnoticias.com.br\\\/home\\\/\",\"logo\":{\"@type\":\"ImageObject\",\"inLanguage\":\"pt-BR\",\"@id\":\"https:\\\/\\\/jornalboasnoticias.com.br\\\/home\\\/#\\\/schema\\\/logo\\\/image\\\/\",\"url\":\"https:\\\/\\\/jornalboasnoticias.com.br\\\/home\\\/wp-content\\\/uploads\\\/2024\\\/07\\\/cropped-logo.jpg\",\"contentUrl\":\"https:\\\/\\\/jornalboasnoticias.com.br\\\/home\\\/wp-content\\\/uploads\\\/2024\\\/07\\\/cropped-logo.jpg\",\"width\":290,\"height\":142,\"caption\":\"Coq Editora Ltda\"},\"image\":{\"@id\":\"https:\\\/\\\/jornalboasnoticias.com.br\\\/home\\\/#\\\/schema\\\/logo\\\/image\\\/\"},\"sameAs\":[\"https:\\\/\\\/www.facebook.com\\\/boasnoticiasjornal\"]},{\"@type\":\"Person\",\"@id\":\"https:\\\/\\\/jornalboasnoticias.com.br\\\/home\\\/#\\\/schema\\\/person\\\/d641193e0afc6405b390164dac847971\",\"name\":\"Ana Luiza Bonatto\",\"image\":{\"@type\":\"ImageObject\",\"inLanguage\":\"pt-BR\",\"@id\":\"https:\\\/\\\/secure.gravatar.com\\\/avatar\\\/8a055ebe6373371f67ac6fcf313c0ac0b0a91157fdcdb9514fa62927373348f0?s=96&d=mm&r=g\",\"url\":\"https:\\\/\\\/secure.gravatar.com\\\/avatar\\\/8a055ebe6373371f67ac6fcf313c0ac0b0a91157fdcdb9514fa62927373348f0?s=96&d=mm&r=g\",\"contentUrl\":\"https:\\\/\\\/secure.gravatar.com\\\/avatar\\\/8a055ebe6373371f67ac6fcf313c0ac0b0a91157fdcdb9514fa62927373348f0?s=96&d=mm&r=g\",\"caption\":\"Ana Luiza Bonatto\"},\"url\":\"https:\\\/\\\/jornalboasnoticias.com.br\\\/home\\\/author\\\/ana-luiza\\\/\"}]}<\/script>\n<!-- \/ Yoast SEO plugin. -->","yoast_head_json":{"title":"Com fundo da Ancine, EBC lan\u00e7a edital para produ\u00e7\u00e3o de conte\u00fado - Jornal","description":"Com fundo da Ancine, EBC lan\u00e7a edital para produ\u00e7\u00e3o de conte\u00fado","robots":{"index":"index","follow":"follow","max-snippet":"max-snippet:-1","max-image-preview":"max-image-preview:large","max-video-preview":"max-video-preview:-1"},"canonical":"https:\/\/jornalboasnoticias.com.br\/home\/com-fundo-da-ancine-ebc-lanca-edital-para-producao-de-conteudo\/","og_locale":"pt_BR","og_type":"article","og_title":"Com fundo da Ancine, EBC lan\u00e7a edital para produ\u00e7\u00e3o de conte\u00fado - Jornal","og_description":"Com fundo da Ancine, EBC lan\u00e7a edital para produ\u00e7\u00e3o de conte\u00fado","og_url":"https:\/\/jornalboasnoticias.com.br\/home\/com-fundo-da-ancine-ebc-lanca-edital-para-producao-de-conteudo\/","og_site_name":"Jornal","article_publisher":"https:\/\/www.facebook.com\/boasnoticiasjornal","article_published_time":"2024-10-24T13:53:12+00:00","og_image":[{"width":1170,"height":700,"url":"https:\/\/jornalboasnoticias.com.br\/home\/wp-content\/uploads\/2024\/10\/20230816_182216.webp","type":"image\/webp"}],"author":"Ana Luiza Bonatto","twitter_card":"summary_large_image","twitter_misc":{"Escrito por":"Ana Luiza Bonatto","Est. tempo de leitura":"4 minutos"},"schema":{"@context":"https:\/\/schema.org","@graph":[{"@type":"Article","@id":"https:\/\/jornalboasnoticias.com.br\/home\/com-fundo-da-ancine-ebc-lanca-edital-para-producao-de-conteudo\/#article","isPartOf":{"@id":"https:\/\/jornalboasnoticias.com.br\/home\/com-fundo-da-ancine-ebc-lanca-edital-para-producao-de-conteudo\/"},"author":{"name":"Ana Luiza Bonatto","@id":"https:\/\/jornalboasnoticias.com.br\/home\/#\/schema\/person\/d641193e0afc6405b390164dac847971"},"headline":"Com fundo da Ancine, EBC lan\u00e7a edital para produ\u00e7\u00e3o de conte\u00fado","datePublished":"2024-10-24T13:53:12+00:00","mainEntityOfPage":{"@id":"https:\/\/jornalboasnoticias.com.br\/home\/com-fundo-da-ancine-ebc-lanca-edital-para-producao-de-conteudo\/"},"wordCount":635,"commentCount":0,"publisher":{"@id":"https:\/\/jornalboasnoticias.com.br\/home\/#organization"},"image":{"@id":"https:\/\/jornalboasnoticias.com.br\/home\/com-fundo-da-ancine-ebc-lanca-edital-para-producao-de-conteudo\/#primaryimage"},"thumbnailUrl":"https:\/\/jornalboasnoticias.com.br\/home\/wp-content\/uploads\/2024\/10\/20230816_182216.webp","articleSection":["DESTAQUE","VARIEDADES"],"inLanguage":"pt-BR","potentialAction":[{"@type":"CommentAction","name":"Comment","target":["https:\/\/jornalboasnoticias.com.br\/home\/com-fundo-da-ancine-ebc-lanca-edital-para-producao-de-conteudo\/#respond"]}]},{"@type":"WebPage","@id":"https:\/\/jornalboasnoticias.com.br\/home\/com-fundo-da-ancine-ebc-lanca-edital-para-producao-de-conteudo\/","url":"https:\/\/jornalboasnoticias.com.br\/home\/com-fundo-da-ancine-ebc-lanca-edital-para-producao-de-conteudo\/","name":"Com fundo da Ancine, EBC lan\u00e7a edital para produ\u00e7\u00e3o de conte\u00fado - Jornal","isPartOf":{"@id":"https:\/\/jornalboasnoticias.com.br\/home\/#website"},"primaryImageOfPage":{"@id":"https:\/\/jornalboasnoticias.com.br\/home\/com-fundo-da-ancine-ebc-lanca-edital-para-producao-de-conteudo\/#primaryimage"},"image":{"@id":"https:\/\/jornalboasnoticias.com.br\/home\/com-fundo-da-ancine-ebc-lanca-edital-para-producao-de-conteudo\/#primaryimage"},"thumbnailUrl":"https:\/\/jornalboasnoticias.com.br\/home\/wp-content\/uploads\/2024\/10\/20230816_182216.webp","datePublished":"2024-10-24T13:53:12+00:00","description":"Com fundo da Ancine, EBC lan\u00e7a edital para produ\u00e7\u00e3o de conte\u00fado","breadcrumb":{"@id":"https:\/\/jornalboasnoticias.com.br\/home\/com-fundo-da-ancine-ebc-lanca-edital-para-producao-de-conteudo\/#breadcrumb"},"inLanguage":"pt-BR","potentialAction":[{"@type":"ReadAction","target":["https:\/\/jornalboasnoticias.com.br\/home\/com-fundo-da-ancine-ebc-lanca-edital-para-producao-de-conteudo\/"]}]},{"@type":"ImageObject","inLanguage":"pt-BR","@id":"https:\/\/jornalboasnoticias.com.br\/home\/com-fundo-da-ancine-ebc-lanca-edital-para-producao-de-conteudo\/#primaryimage","url":"https:\/\/jornalboasnoticias.com.br\/home\/wp-content\/uploads\/2024\/10\/20230816_182216.webp","contentUrl":"https:\/\/jornalboasnoticias.com.br\/home\/wp-content\/uploads\/2024\/10\/20230816_182216.webp","width":1170,"height":700,"caption":"\u00a9 Rafa Neddermeyer\/Ag\u00eancia Brasil"},{"@type":"BreadcrumbList","@id":"https:\/\/jornalboasnoticias.com.br\/home\/com-fundo-da-ancine-ebc-lanca-edital-para-producao-de-conteudo\/#breadcrumb","itemListElement":[{"@type":"ListItem","position":1,"name":"In\u00edcio","item":"https:\/\/jornalboasnoticias.com.br\/home\/"},{"@type":"ListItem","position":2,"name":"Com fundo da Ancine, EBC lan\u00e7a edital para produ\u00e7\u00e3o de conte\u00fado"}]},{"@type":"WebSite","@id":"https:\/\/jornalboasnoticias.com.br\/home\/#website","url":"https:\/\/jornalboasnoticias.com.br\/home\/","name":"Jornal Boas Not\u00edcias","description":"Boas not\u00edcias","publisher":{"@id":"https:\/\/jornalboasnoticias.com.br\/home\/#organization"},"potentialAction":[{"@type":"SearchAction","target":{"@type":"EntryPoint","urlTemplate":"https:\/\/jornalboasnoticias.com.br\/home\/?s={search_term_string}"},"query-input":{"@type":"PropertyValueSpecification","valueRequired":true,"valueName":"search_term_string"}}],"inLanguage":"pt-BR"},{"@type":"Organization","@id":"https:\/\/jornalboasnoticias.com.br\/home\/#organization","name":"Coq Editora Ltda","alternateName":"Jornal Boas Noticias","url":"https:\/\/jornalboasnoticias.com.br\/home\/","logo":{"@type":"ImageObject","inLanguage":"pt-BR","@id":"https:\/\/jornalboasnoticias.com.br\/home\/#\/schema\/logo\/image\/","url":"https:\/\/jornalboasnoticias.com.br\/home\/wp-content\/uploads\/2024\/07\/cropped-logo.jpg","contentUrl":"https:\/\/jornalboasnoticias.com.br\/home\/wp-content\/uploads\/2024\/07\/cropped-logo.jpg","width":290,"height":142,"caption":"Coq Editora Ltda"},"image":{"@id":"https:\/\/jornalboasnoticias.com.br\/home\/#\/schema\/logo\/image\/"},"sameAs":["https:\/\/www.facebook.com\/boasnoticiasjornal"]},{"@type":"Person","@id":"https:\/\/jornalboasnoticias.com.br\/home\/#\/schema\/person\/d641193e0afc6405b390164dac847971","name":"Ana Luiza Bonatto","image":{"@type":"ImageObject","inLanguage":"pt-BR","@id":"https:\/\/secure.gravatar.com\/avatar\/8a055ebe6373371f67ac6fcf313c0ac0b0a91157fdcdb9514fa62927373348f0?s=96&d=mm&r=g","url":"https:\/\/secure.gravatar.com\/avatar\/8a055ebe6373371f67ac6fcf313c0ac0b0a91157fdcdb9514fa62927373348f0?s=96&d=mm&r=g","contentUrl":"https:\/\/secure.gravatar.com\/avatar\/8a055ebe6373371f67ac6fcf313c0ac0b0a91157fdcdb9514fa62927373348f0?s=96&d=mm&r=g","caption":"Ana Luiza Bonatto"},"url":"https:\/\/jornalboasnoticias.com.br\/home\/author\/ana-luiza\/"}]}},"_links":{"self":[{"href":"https:\/\/jornalboasnoticias.com.br\/home\/wp-json\/wp\/v2\/posts\/44406","targetHints":{"allow":["GET"]}}],"collection":[{"href":"https:\/\/jornalboasnoticias.com.br\/home\/wp-json\/wp\/v2\/posts"}],"about":[{"href":"https:\/\/jornalboasnoticias.com.br\/home\/wp-json\/wp\/v2\/types\/post"}],"author":[{"embeddable":true,"href":"https:\/\/jornalboasnoticias.com.br\/home\/wp-json\/wp\/v2\/users\/4"}],"replies":[{"embeddable":true,"href":"https:\/\/jornalboasnoticias.com.br\/home\/wp-json\/wp\/v2\/comments?post=44406"}],"version-history":[{"count":1,"href":"https:\/\/jornalboasnoticias.com.br\/home\/wp-json\/wp\/v2\/posts\/44406\/revisions"}],"predecessor-version":[{"id":44408,"href":"https:\/\/jornalboasnoticias.com.br\/home\/wp-json\/wp\/v2\/posts\/44406\/revisions\/44408"}],"wp:featuredmedia":[{"embeddable":true,"href":"https:\/\/jornalboasnoticias.com.br\/home\/wp-json\/wp\/v2\/media\/44407"}],"wp:attachment":[{"href":"https:\/\/jornalboasnoticias.com.br\/home\/wp-json\/wp\/v2\/media?parent=44406"}],"wp:term":[{"taxonomy":"category","embeddable":true,"href":"https:\/\/jornalboasnoticias.com.br\/home\/wp-json\/wp\/v2\/categories?post=44406"},{"taxonomy":"post_tag","embeddable":true,"href":"https:\/\/jornalboasnoticias.com.br\/home\/wp-json\/wp\/v2\/tags?post=44406"}],"curies":[{"name":"wp","href":"https:\/\/api.w.org\/{rel}","templated":true}]}}