{"id":44391,"date":"2024-10-23T17:30:00","date_gmt":"2024-10-23T17:30:00","guid":{"rendered":"https:\/\/jornalboasnoticias.com.br\/home\/?p=44391"},"modified":"2024-10-23T17:30:00","modified_gmt":"2024-10-23T17:30:00","slug":"homem-cristao-e-condenado-por-orar-silenciosamente-contra-o-aborto","status":"publish","type":"post","link":"https:\/\/jornalboasnoticias.com.br\/home\/homem-cristao-e-condenado-por-orar-silenciosamente-contra-o-aborto\/","title":{"rendered":"Homem crist\u00e3o \u00e9 condenado por orar silenciosamente contra o aborto"},"content":{"rendered":"<figure id=\"attachment_44392\" aria-describedby=\"caption-attachment-44392\" style=\"width: 1125px\" class=\"wp-caption alignnone\"><img loading=\"lazy\" decoding=\"async\" class=\"size-full wp-image-44392\" src=\"https:\/\/jornalboasnoticias.com.br\/home\/wp-content\/uploads\/2024\/10\/adam-smith-connor-com-isabel-vaughan-spruce.webp\" alt=\"\" width=\"1125\" height=\"803\" srcset=\"https:\/\/jornalboasnoticias.com.br\/home\/wp-content\/uploads\/2024\/10\/adam-smith-connor-com-isabel-vaughan-spruce.webp 1125w, https:\/\/jornalboasnoticias.com.br\/home\/wp-content\/uploads\/2024\/10\/adam-smith-connor-com-isabel-vaughan-spruce-300x214.webp 300w, https:\/\/jornalboasnoticias.com.br\/home\/wp-content\/uploads\/2024\/10\/adam-smith-connor-com-isabel-vaughan-spruce-1024x731.webp 1024w, https:\/\/jornalboasnoticias.com.br\/home\/wp-content\/uploads\/2024\/10\/adam-smith-connor-com-isabel-vaughan-spruce-768x548.webp 768w\" sizes=\"auto, (max-width: 1125px) 100vw, 1125px\" \/><figcaption id=\"caption-attachment-44392\" class=\"wp-caption-text\">Foto: Reprodu\u00e7\u00e3o\/ADF International<\/figcaption><\/figure>\n<blockquote><p>Adam Smith-Connor foi considerado culpado. O tribunal de Poole decidiu que seu ato constitu\u00eda uma \u201cdesaprova\u00e7\u00e3o do aborto\u201d.<\/p><\/blockquote>\n<p>Adam Smith-Connor, um veterano do ex\u00e9rcito brit\u00e2nico, foi considerado culpado por rezar silenciosamente perto de uma cl\u00ednica de aborto na Inglaterra, violando uma Ordem de Prote\u00e7\u00e3o de Espa\u00e7os P\u00fablicos. O tribunal de Poole decidiu que seu ato constitu\u00eda uma \u201cdesaprova\u00e7\u00e3o do aborto\u201d, apesar de Smith-Connor ter afirmado que estava apenas orando por seu filho, que havia sido abortado anos antes. Ele recebeu uma dispensa condicional, o que significa que ser\u00e1 sentenciado apenas se cometer outra infra\u00e7\u00e3o nos pr\u00f3ximos dois anos.<\/p>\n<p>\u201cTudo o que fiz foi orar a Deus, na privacidade da minha mente, e ainda assim fui condenado como um criminoso?\u201d, questionou Smith-Connor, ao lamentar que o Reino Unido esteja tratando pensamentos silenciosos como crime. O veterano serviu por 20 anos no ex\u00e9rcito, inclusive no Afeganist\u00e3o, e expressou preocupa\u00e7\u00e3o com a eros\u00e3o das liberdades pelas quais lutou, dizendo que \u201ccrimes de pensamento\u201d est\u00e3o sendo processados no pa\u00eds.<\/p>\n<p>De acordo com Christian Daily International, o incidente ocorreu em uma \u201czona de amortecimento\u201d ao redor de uma cl\u00ednica de aborto em Bournemouth, onde qualquer express\u00e3o pr\u00f3-vida, inclusive ora\u00e7\u00f5es, \u00e9 proibida. Smith-Connor foi flagrado orando silenciosamente com a cabe\u00e7a abaixada e m\u00e3os juntas, o que levou \u00e0 sua condena\u00e7\u00e3o. Ele tamb\u00e9m foi multado em \u00a3 9.000 (US$ 11.700) para cobrir as custas processuais.<\/p>\n<p>A decis\u00e3o gerou grande indigna\u00e7\u00e3o, com Sir Edward Leigh, membro do parlamento brit\u00e2nico, classificando-a como \u201cvergonhosa\u201d. Leigh criticou a viola\u00e7\u00e3o das liberdades de express\u00e3o e pensamento, ressaltando que orar silenciosamente n\u00e3o deveria ser um crime. Miriam Cates, ex-membro do parlamento, tamb\u00e9m criticou o uso de recursos p\u00fablicos para processar Smith-Connor, chamando isso de \u201ccrime de pensamento\u201d em pleno 2024.<\/p>\n<p>A ADF International, organiza\u00e7\u00e3o que defende a liberdade religiosa, prometeu revisar o caso e explorar op\u00e7\u00f5es de apela\u00e7\u00e3o, argumentando que direitos fundamentais de liberdade de express\u00e3o e pensamento est\u00e3o sendo desrespeitados.<\/p>\n<p>(Gospel Prime)<\/p>\n","protected":false},"excerpt":{"rendered":"<p>Adam Smith-Connor foi considerado culpado. O tribunal de Poole decidiu que seu ato constitu\u00eda uma<\/p>\n","protected":false},"author":4,"featured_media":44392,"comment_status":"open","ping_status":"open","sticky":false,"template":"","format":"standard","meta":{"footnotes":""},"categories":[3,12],"tags":[],"class_list":["post-44391","post","type-post","status-publish","format-standard","has-post-thumbnail","hentry","category-destaques","category-variedades"],"yoast_head":"<!-- This site is optimized with the Yoast SEO plugin v27.5 - https:\/\/yoast.com\/product\/yoast-seo-wordpress\/ -->\n<title>Homem crist\u00e3o \u00e9 condenado por orar silenciosamente contra o aborto - Jornal<\/title>\n<meta name=\"description\" content=\"Homem crist\u00e3o \u00e9 condenado por orar silenciosamente contra o aborto\" \/>\n<meta name=\"robots\" content=\"index, follow, max-snippet:-1, max-image-preview:large, max-video-preview:-1\" \/>\n<link rel=\"canonical\" href=\"https:\/\/jornalboasnoticias.com.br\/home\/homem-cristao-e-condenado-por-orar-silenciosamente-contra-o-aborto\/\" \/>\n<meta property=\"og:locale\" content=\"pt_BR\" \/>\n<meta property=\"og:type\" content=\"article\" \/>\n<meta property=\"og:title\" content=\"Homem crist\u00e3o \u00e9 condenado por orar silenciosamente contra o aborto - Jornal\" \/>\n<meta property=\"og:description\" content=\"Homem crist\u00e3o \u00e9 condenado por orar silenciosamente contra o aborto\" \/>\n<meta property=\"og:url\" content=\"https:\/\/jornalboasnoticias.com.br\/home\/homem-cristao-e-condenado-por-orar-silenciosamente-contra-o-aborto\/\" \/>\n<meta property=\"og:site_name\" content=\"Jornal\" \/>\n<meta property=\"article:publisher\" content=\"https:\/\/www.facebook.com\/boasnoticiasjornal\" \/>\n<meta property=\"article:published_time\" content=\"2024-10-23T17:30:00+00:00\" \/>\n<meta property=\"og:image\" content=\"https:\/\/jornalboasnoticias.com.br\/home\/wp-content\/uploads\/2024\/10\/adam-smith-connor-com-isabel-vaughan-spruce.webp\" \/>\n\t<meta property=\"og:image:width\" content=\"1125\" \/>\n\t<meta property=\"og:image:height\" content=\"803\" \/>\n\t<meta property=\"og:image:type\" content=\"image\/webp\" \/>\n<meta name=\"author\" content=\"Ana Luiza Bonatto\" \/>\n<meta name=\"twitter:card\" content=\"summary_large_image\" \/>\n<meta name=\"twitter:label1\" content=\"Escrito por\" \/>\n\t<meta name=\"twitter:data1\" content=\"Ana Luiza Bonatto\" \/>\n\t<meta name=\"twitter:label2\" content=\"Est. tempo de leitura\" \/>\n\t<meta name=\"twitter:data2\" content=\"3 minutos\" \/>\n<script type=\"application\/ld+json\" class=\"yoast-schema-graph\">{\"@context\":\"https:\\\/\\\/schema.org\",\"@graph\":[{\"@type\":\"Article\",\"@id\":\"https:\\\/\\\/jornalboasnoticias.com.br\\\/home\\\/homem-cristao-e-condenado-por-orar-silenciosamente-contra-o-aborto\\\/#article\",\"isPartOf\":{\"@id\":\"https:\\\/\\\/jornalboasnoticias.com.br\\\/home\\\/homem-cristao-e-condenado-por-orar-silenciosamente-contra-o-aborto\\\/\"},\"author\":{\"name\":\"Ana Luiza Bonatto\",\"@id\":\"https:\\\/\\\/jornalboasnoticias.com.br\\\/home\\\/#\\\/schema\\\/person\\\/d641193e0afc6405b390164dac847971\"},\"headline\":\"Homem crist\u00e3o \u00e9 condenado por orar silenciosamente contra o aborto\",\"datePublished\":\"2024-10-23T17:30:00+00:00\",\"mainEntityOfPage\":{\"@id\":\"https:\\\/\\\/jornalboasnoticias.com.br\\\/home\\\/homem-cristao-e-condenado-por-orar-silenciosamente-contra-o-aborto\\\/\"},\"wordCount\":374,\"commentCount\":0,\"publisher\":{\"@id\":\"https:\\\/\\\/jornalboasnoticias.com.br\\\/home\\\/#organization\"},\"image\":{\"@id\":\"https:\\\/\\\/jornalboasnoticias.com.br\\\/home\\\/homem-cristao-e-condenado-por-orar-silenciosamente-contra-o-aborto\\\/#primaryimage\"},\"thumbnailUrl\":\"https:\\\/\\\/jornalboasnoticias.com.br\\\/home\\\/wp-content\\\/uploads\\\/2024\\\/10\\\/adam-smith-connor-com-isabel-vaughan-spruce.webp\",\"articleSection\":[\"DESTAQUE\",\"VARIEDADES\"],\"inLanguage\":\"pt-BR\",\"potentialAction\":[{\"@type\":\"CommentAction\",\"name\":\"Comment\",\"target\":[\"https:\\\/\\\/jornalboasnoticias.com.br\\\/home\\\/homem-cristao-e-condenado-por-orar-silenciosamente-contra-o-aborto\\\/#respond\"]}]},{\"@type\":\"WebPage\",\"@id\":\"https:\\\/\\\/jornalboasnoticias.com.br\\\/home\\\/homem-cristao-e-condenado-por-orar-silenciosamente-contra-o-aborto\\\/\",\"url\":\"https:\\\/\\\/jornalboasnoticias.com.br\\\/home\\\/homem-cristao-e-condenado-por-orar-silenciosamente-contra-o-aborto\\\/\",\"name\":\"Homem crist\u00e3o \u00e9 condenado por orar silenciosamente contra o aborto - Jornal\",\"isPartOf\":{\"@id\":\"https:\\\/\\\/jornalboasnoticias.com.br\\\/home\\\/#website\"},\"primaryImageOfPage\":{\"@id\":\"https:\\\/\\\/jornalboasnoticias.com.br\\\/home\\\/homem-cristao-e-condenado-por-orar-silenciosamente-contra-o-aborto\\\/#primaryimage\"},\"image\":{\"@id\":\"https:\\\/\\\/jornalboasnoticias.com.br\\\/home\\\/homem-cristao-e-condenado-por-orar-silenciosamente-contra-o-aborto\\\/#primaryimage\"},\"thumbnailUrl\":\"https:\\\/\\\/jornalboasnoticias.com.br\\\/home\\\/wp-content\\\/uploads\\\/2024\\\/10\\\/adam-smith-connor-com-isabel-vaughan-spruce.webp\",\"datePublished\":\"2024-10-23T17:30:00+00:00\",\"description\":\"Homem crist\u00e3o \u00e9 condenado por orar silenciosamente contra o aborto\",\"breadcrumb\":{\"@id\":\"https:\\\/\\\/jornalboasnoticias.com.br\\\/home\\\/homem-cristao-e-condenado-por-orar-silenciosamente-contra-o-aborto\\\/#breadcrumb\"},\"inLanguage\":\"pt-BR\",\"potentialAction\":[{\"@type\":\"ReadAction\",\"target\":[\"https:\\\/\\\/jornalboasnoticias.com.br\\\/home\\\/homem-cristao-e-condenado-por-orar-silenciosamente-contra-o-aborto\\\/\"]}]},{\"@type\":\"ImageObject\",\"inLanguage\":\"pt-BR\",\"@id\":\"https:\\\/\\\/jornalboasnoticias.com.br\\\/home\\\/homem-cristao-e-condenado-por-orar-silenciosamente-contra-o-aborto\\\/#primaryimage\",\"url\":\"https:\\\/\\\/jornalboasnoticias.com.br\\\/home\\\/wp-content\\\/uploads\\\/2024\\\/10\\\/adam-smith-connor-com-isabel-vaughan-spruce.webp\",\"contentUrl\":\"https:\\\/\\\/jornalboasnoticias.com.br\\\/home\\\/wp-content\\\/uploads\\\/2024\\\/10\\\/adam-smith-connor-com-isabel-vaughan-spruce.webp\",\"width\":1125,\"height\":803,\"caption\":\"Foto: Reprodu\u00e7\u00e3o\\\/ADF International\"},{\"@type\":\"BreadcrumbList\",\"@id\":\"https:\\\/\\\/jornalboasnoticias.com.br\\\/home\\\/homem-cristao-e-condenado-por-orar-silenciosamente-contra-o-aborto\\\/#breadcrumb\",\"itemListElement\":[{\"@type\":\"ListItem\",\"position\":1,\"name\":\"In\u00edcio\",\"item\":\"https:\\\/\\\/jornalboasnoticias.com.br\\\/home\\\/\"},{\"@type\":\"ListItem\",\"position\":2,\"name\":\"Homem crist\u00e3o \u00e9 condenado por orar silenciosamente contra o aborto\"}]},{\"@type\":\"WebSite\",\"@id\":\"https:\\\/\\\/jornalboasnoticias.com.br\\\/home\\\/#website\",\"url\":\"https:\\\/\\\/jornalboasnoticias.com.br\\\/home\\\/\",\"name\":\"Jornal Boas Not\u00edcias\",\"description\":\"Boas not\u00edcias\",\"publisher\":{\"@id\":\"https:\\\/\\\/jornalboasnoticias.com.br\\\/home\\\/#organization\"},\"potentialAction\":[{\"@type\":\"SearchAction\",\"target\":{\"@type\":\"EntryPoint\",\"urlTemplate\":\"https:\\\/\\\/jornalboasnoticias.com.br\\\/home\\\/?s={search_term_string}\"},\"query-input\":{\"@type\":\"PropertyValueSpecification\",\"valueRequired\":true,\"valueName\":\"search_term_string\"}}],\"inLanguage\":\"pt-BR\"},{\"@type\":\"Organization\",\"@id\":\"https:\\\/\\\/jornalboasnoticias.com.br\\\/home\\\/#organization\",\"name\":\"Coq Editora Ltda\",\"alternateName\":\"Jornal Boas Noticias\",\"url\":\"https:\\\/\\\/jornalboasnoticias.com.br\\\/home\\\/\",\"logo\":{\"@type\":\"ImageObject\",\"inLanguage\":\"pt-BR\",\"@id\":\"https:\\\/\\\/jornalboasnoticias.com.br\\\/home\\\/#\\\/schema\\\/logo\\\/image\\\/\",\"url\":\"https:\\\/\\\/jornalboasnoticias.com.br\\\/home\\\/wp-content\\\/uploads\\\/2024\\\/07\\\/cropped-logo.jpg\",\"contentUrl\":\"https:\\\/\\\/jornalboasnoticias.com.br\\\/home\\\/wp-content\\\/uploads\\\/2024\\\/07\\\/cropped-logo.jpg\",\"width\":290,\"height\":142,\"caption\":\"Coq Editora Ltda\"},\"image\":{\"@id\":\"https:\\\/\\\/jornalboasnoticias.com.br\\\/home\\\/#\\\/schema\\\/logo\\\/image\\\/\"},\"sameAs\":[\"https:\\\/\\\/www.facebook.com\\\/boasnoticiasjornal\"]},{\"@type\":\"Person\",\"@id\":\"https:\\\/\\\/jornalboasnoticias.com.br\\\/home\\\/#\\\/schema\\\/person\\\/d641193e0afc6405b390164dac847971\",\"name\":\"Ana Luiza Bonatto\",\"image\":{\"@type\":\"ImageObject\",\"inLanguage\":\"pt-BR\",\"@id\":\"https:\\\/\\\/secure.gravatar.com\\\/avatar\\\/8a055ebe6373371f67ac6fcf313c0ac0b0a91157fdcdb9514fa62927373348f0?s=96&d=mm&r=g\",\"url\":\"https:\\\/\\\/secure.gravatar.com\\\/avatar\\\/8a055ebe6373371f67ac6fcf313c0ac0b0a91157fdcdb9514fa62927373348f0?s=96&d=mm&r=g\",\"contentUrl\":\"https:\\\/\\\/secure.gravatar.com\\\/avatar\\\/8a055ebe6373371f67ac6fcf313c0ac0b0a91157fdcdb9514fa62927373348f0?s=96&d=mm&r=g\",\"caption\":\"Ana Luiza Bonatto\"},\"url\":\"https:\\\/\\\/jornalboasnoticias.com.br\\\/home\\\/author\\\/ana-luiza\\\/\"}]}<\/script>\n<!-- \/ Yoast SEO plugin. -->","yoast_head_json":{"title":"Homem crist\u00e3o \u00e9 condenado por orar silenciosamente contra o aborto - Jornal","description":"Homem crist\u00e3o \u00e9 condenado por orar silenciosamente contra o aborto","robots":{"index":"index","follow":"follow","max-snippet":"max-snippet:-1","max-image-preview":"max-image-preview:large","max-video-preview":"max-video-preview:-1"},"canonical":"https:\/\/jornalboasnoticias.com.br\/home\/homem-cristao-e-condenado-por-orar-silenciosamente-contra-o-aborto\/","og_locale":"pt_BR","og_type":"article","og_title":"Homem crist\u00e3o \u00e9 condenado por orar silenciosamente contra o aborto - Jornal","og_description":"Homem crist\u00e3o \u00e9 condenado por orar silenciosamente contra o aborto","og_url":"https:\/\/jornalboasnoticias.com.br\/home\/homem-cristao-e-condenado-por-orar-silenciosamente-contra-o-aborto\/","og_site_name":"Jornal","article_publisher":"https:\/\/www.facebook.com\/boasnoticiasjornal","article_published_time":"2024-10-23T17:30:00+00:00","og_image":[{"width":1125,"height":803,"url":"https:\/\/jornalboasnoticias.com.br\/home\/wp-content\/uploads\/2024\/10\/adam-smith-connor-com-isabel-vaughan-spruce.webp","type":"image\/webp"}],"author":"Ana Luiza Bonatto","twitter_card":"summary_large_image","twitter_misc":{"Escrito por":"Ana Luiza Bonatto","Est. tempo de leitura":"3 minutos"},"schema":{"@context":"https:\/\/schema.org","@graph":[{"@type":"Article","@id":"https:\/\/jornalboasnoticias.com.br\/home\/homem-cristao-e-condenado-por-orar-silenciosamente-contra-o-aborto\/#article","isPartOf":{"@id":"https:\/\/jornalboasnoticias.com.br\/home\/homem-cristao-e-condenado-por-orar-silenciosamente-contra-o-aborto\/"},"author":{"name":"Ana Luiza Bonatto","@id":"https:\/\/jornalboasnoticias.com.br\/home\/#\/schema\/person\/d641193e0afc6405b390164dac847971"},"headline":"Homem crist\u00e3o \u00e9 condenado por orar silenciosamente contra o aborto","datePublished":"2024-10-23T17:30:00+00:00","mainEntityOfPage":{"@id":"https:\/\/jornalboasnoticias.com.br\/home\/homem-cristao-e-condenado-por-orar-silenciosamente-contra-o-aborto\/"},"wordCount":374,"commentCount":0,"publisher":{"@id":"https:\/\/jornalboasnoticias.com.br\/home\/#organization"},"image":{"@id":"https:\/\/jornalboasnoticias.com.br\/home\/homem-cristao-e-condenado-por-orar-silenciosamente-contra-o-aborto\/#primaryimage"},"thumbnailUrl":"https:\/\/jornalboasnoticias.com.br\/home\/wp-content\/uploads\/2024\/10\/adam-smith-connor-com-isabel-vaughan-spruce.webp","articleSection":["DESTAQUE","VARIEDADES"],"inLanguage":"pt-BR","potentialAction":[{"@type":"CommentAction","name":"Comment","target":["https:\/\/jornalboasnoticias.com.br\/home\/homem-cristao-e-condenado-por-orar-silenciosamente-contra-o-aborto\/#respond"]}]},{"@type":"WebPage","@id":"https:\/\/jornalboasnoticias.com.br\/home\/homem-cristao-e-condenado-por-orar-silenciosamente-contra-o-aborto\/","url":"https:\/\/jornalboasnoticias.com.br\/home\/homem-cristao-e-condenado-por-orar-silenciosamente-contra-o-aborto\/","name":"Homem crist\u00e3o \u00e9 condenado por orar silenciosamente contra o aborto - Jornal","isPartOf":{"@id":"https:\/\/jornalboasnoticias.com.br\/home\/#website"},"primaryImageOfPage":{"@id":"https:\/\/jornalboasnoticias.com.br\/home\/homem-cristao-e-condenado-por-orar-silenciosamente-contra-o-aborto\/#primaryimage"},"image":{"@id":"https:\/\/jornalboasnoticias.com.br\/home\/homem-cristao-e-condenado-por-orar-silenciosamente-contra-o-aborto\/#primaryimage"},"thumbnailUrl":"https:\/\/jornalboasnoticias.com.br\/home\/wp-content\/uploads\/2024\/10\/adam-smith-connor-com-isabel-vaughan-spruce.webp","datePublished":"2024-10-23T17:30:00+00:00","description":"Homem crist\u00e3o \u00e9 condenado por orar silenciosamente contra o aborto","breadcrumb":{"@id":"https:\/\/jornalboasnoticias.com.br\/home\/homem-cristao-e-condenado-por-orar-silenciosamente-contra-o-aborto\/#breadcrumb"},"inLanguage":"pt-BR","potentialAction":[{"@type":"ReadAction","target":["https:\/\/jornalboasnoticias.com.br\/home\/homem-cristao-e-condenado-por-orar-silenciosamente-contra-o-aborto\/"]}]},{"@type":"ImageObject","inLanguage":"pt-BR","@id":"https:\/\/jornalboasnoticias.com.br\/home\/homem-cristao-e-condenado-por-orar-silenciosamente-contra-o-aborto\/#primaryimage","url":"https:\/\/jornalboasnoticias.com.br\/home\/wp-content\/uploads\/2024\/10\/adam-smith-connor-com-isabel-vaughan-spruce.webp","contentUrl":"https:\/\/jornalboasnoticias.com.br\/home\/wp-content\/uploads\/2024\/10\/adam-smith-connor-com-isabel-vaughan-spruce.webp","width":1125,"height":803,"caption":"Foto: Reprodu\u00e7\u00e3o\/ADF International"},{"@type":"BreadcrumbList","@id":"https:\/\/jornalboasnoticias.com.br\/home\/homem-cristao-e-condenado-por-orar-silenciosamente-contra-o-aborto\/#breadcrumb","itemListElement":[{"@type":"ListItem","position":1,"name":"In\u00edcio","item":"https:\/\/jornalboasnoticias.com.br\/home\/"},{"@type":"ListItem","position":2,"name":"Homem crist\u00e3o \u00e9 condenado por orar silenciosamente contra o aborto"}]},{"@type":"WebSite","@id":"https:\/\/jornalboasnoticias.com.br\/home\/#website","url":"https:\/\/jornalboasnoticias.com.br\/home\/","name":"Jornal Boas Not\u00edcias","description":"Boas not\u00edcias","publisher":{"@id":"https:\/\/jornalboasnoticias.com.br\/home\/#organization"},"potentialAction":[{"@type":"SearchAction","target":{"@type":"EntryPoint","urlTemplate":"https:\/\/jornalboasnoticias.com.br\/home\/?s={search_term_string}"},"query-input":{"@type":"PropertyValueSpecification","valueRequired":true,"valueName":"search_term_string"}}],"inLanguage":"pt-BR"},{"@type":"Organization","@id":"https:\/\/jornalboasnoticias.com.br\/home\/#organization","name":"Coq Editora Ltda","alternateName":"Jornal Boas Noticias","url":"https:\/\/jornalboasnoticias.com.br\/home\/","logo":{"@type":"ImageObject","inLanguage":"pt-BR","@id":"https:\/\/jornalboasnoticias.com.br\/home\/#\/schema\/logo\/image\/","url":"https:\/\/jornalboasnoticias.com.br\/home\/wp-content\/uploads\/2024\/07\/cropped-logo.jpg","contentUrl":"https:\/\/jornalboasnoticias.com.br\/home\/wp-content\/uploads\/2024\/07\/cropped-logo.jpg","width":290,"height":142,"caption":"Coq Editora Ltda"},"image":{"@id":"https:\/\/jornalboasnoticias.com.br\/home\/#\/schema\/logo\/image\/"},"sameAs":["https:\/\/www.facebook.com\/boasnoticiasjornal"]},{"@type":"Person","@id":"https:\/\/jornalboasnoticias.com.br\/home\/#\/schema\/person\/d641193e0afc6405b390164dac847971","name":"Ana Luiza Bonatto","image":{"@type":"ImageObject","inLanguage":"pt-BR","@id":"https:\/\/secure.gravatar.com\/avatar\/8a055ebe6373371f67ac6fcf313c0ac0b0a91157fdcdb9514fa62927373348f0?s=96&d=mm&r=g","url":"https:\/\/secure.gravatar.com\/avatar\/8a055ebe6373371f67ac6fcf313c0ac0b0a91157fdcdb9514fa62927373348f0?s=96&d=mm&r=g","contentUrl":"https:\/\/secure.gravatar.com\/avatar\/8a055ebe6373371f67ac6fcf313c0ac0b0a91157fdcdb9514fa62927373348f0?s=96&d=mm&r=g","caption":"Ana Luiza Bonatto"},"url":"https:\/\/jornalboasnoticias.com.br\/home\/author\/ana-luiza\/"}]}},"_links":{"self":[{"href":"https:\/\/jornalboasnoticias.com.br\/home\/wp-json\/wp\/v2\/posts\/44391","targetHints":{"allow":["GET"]}}],"collection":[{"href":"https:\/\/jornalboasnoticias.com.br\/home\/wp-json\/wp\/v2\/posts"}],"about":[{"href":"https:\/\/jornalboasnoticias.com.br\/home\/wp-json\/wp\/v2\/types\/post"}],"author":[{"embeddable":true,"href":"https:\/\/jornalboasnoticias.com.br\/home\/wp-json\/wp\/v2\/users\/4"}],"replies":[{"embeddable":true,"href":"https:\/\/jornalboasnoticias.com.br\/home\/wp-json\/wp\/v2\/comments?post=44391"}],"version-history":[{"count":1,"href":"https:\/\/jornalboasnoticias.com.br\/home\/wp-json\/wp\/v2\/posts\/44391\/revisions"}],"predecessor-version":[{"id":44393,"href":"https:\/\/jornalboasnoticias.com.br\/home\/wp-json\/wp\/v2\/posts\/44391\/revisions\/44393"}],"wp:featuredmedia":[{"embeddable":true,"href":"https:\/\/jornalboasnoticias.com.br\/home\/wp-json\/wp\/v2\/media\/44392"}],"wp:attachment":[{"href":"https:\/\/jornalboasnoticias.com.br\/home\/wp-json\/wp\/v2\/media?parent=44391"}],"wp:term":[{"taxonomy":"category","embeddable":true,"href":"https:\/\/jornalboasnoticias.com.br\/home\/wp-json\/wp\/v2\/categories?post=44391"},{"taxonomy":"post_tag","embeddable":true,"href":"https:\/\/jornalboasnoticias.com.br\/home\/wp-json\/wp\/v2\/tags?post=44391"}],"curies":[{"name":"wp","href":"https:\/\/api.w.org\/{rel}","templated":true}]}}