{"id":44388,"date":"2024-10-23T17:08:21","date_gmt":"2024-10-23T17:08:21","guid":{"rendered":"https:\/\/jornalboasnoticias.com.br\/home\/?p=44388"},"modified":"2024-10-23T17:08:21","modified_gmt":"2024-10-23T17:08:21","slug":"restam-apenas-650-cristaos-em-meio-a-guerra-na-faixa-de-gaza-diz-portas-abertas","status":"publish","type":"post","link":"https:\/\/jornalboasnoticias.com.br\/home\/restam-apenas-650-cristaos-em-meio-a-guerra-na-faixa-de-gaza-diz-portas-abertas\/","title":{"rendered":"Restam apenas 650 crist\u00e3os em meio \u00e0 guerra na Faixa de Gaza, diz Portas Abertas"},"content":{"rendered":"<figure id=\"attachment_44389\" aria-describedby=\"caption-attachment-44389\" style=\"width: 840px\" class=\"wp-caption alignnone\"><img loading=\"lazy\" decoding=\"async\" class=\"size-full wp-image-44389\" src=\"https:\/\/jornalboasnoticias.com.br\/home\/wp-content\/uploads\/2024\/10\/344433872-palestina.webp\" alt=\"\" width=\"840\" height=\"500\" srcset=\"https:\/\/jornalboasnoticias.com.br\/home\/wp-content\/uploads\/2024\/10\/344433872-palestina.webp 840w, https:\/\/jornalboasnoticias.com.br\/home\/wp-content\/uploads\/2024\/10\/344433872-palestina-300x179.webp 300w, https:\/\/jornalboasnoticias.com.br\/home\/wp-content\/uploads\/2024\/10\/344433872-palestina-768x457.webp 768w\" sizes=\"auto, (max-width: 840px) 100vw, 840px\" \/><figcaption id=\"caption-attachment-44389\" class=\"wp-caption-text\">Unsplash\/Mohammed Ibrahim<\/figcaption><\/figure>\n<blockquote>\n<p class=\"articleTitle_headline__BIofm \">Ao menos 33% dos crist\u00e3os palestinos morreram ou fugiram da regi\u00e3o, desde o in\u00edcio da guerra entre Israel e o grupo terrorista Hamas.<\/p>\n<\/blockquote>\n<p>A comunidade crist\u00e3 est\u00e1 diminuindo nos\u00a0Territ\u00f3rios Palestinos, segundo a Miss\u00e3o Portas Abertas.<\/p>\n<p>Desde que o\u00a0conflito\u00a0entre Israel e o grupo terrorista Hamas se intensificou ap\u00f3s o ataque de\u00a07 de outubro\u00a0de 2023, ao menos 33% dos crist\u00e3os palestinos morreram ou fugiram da regi\u00e3o.<\/p>\n<p>Em entrevista ao Portas Abertas, Elias Najiar, um crist\u00e3o de Gaza, afirmou que teme pelo futuro da Igreja no pa\u00eds e em todo o Oriente M\u00e9dio.<\/p>\n<p>\u201cHavia mais de mil crist\u00e3os em Gaza antes da guerra. Agora, um ano depois, restam apenas 650\u201d, relatou ele.<\/p>\n<p><strong>Deslocados<\/strong><\/p>\n<p>De acordo com estimativas, mais de 300 crist\u00e3os fugiram para o Egito ou para outros pa\u00edses para escapar da guerra.<\/p>\n<p>\u201c\u00c9 muito dif\u00edcil. Quase todos os crist\u00e3os deixaram suas casas na segunda semana de outubro de 2023 e se refugiaram nas igrejas locais\u201d, afirmou Elias.<\/p>\n<p>O crist\u00e3o nasceu em Gaza, mas se mudou com a fam\u00edlia para Bel\u00e9m em 2007. Ele trabalha na Sociedade B\u00edblica e tem contato pr\u00f3ximo com crist\u00e3os nas zonas de conflito da Faixa de Gaza.<\/p>\n<p>\u201cA situa\u00e7\u00e3o \u00e9 muito perigosa. As pessoas est\u00e3o morando em salas de aula, duas a tr\u00eas fam\u00edlias em um \u00fanico espa\u00e7o. Elas ficam assustadas quando ouvem avi\u00f5es, foguetes ou tiros, porque lembram de toda a morte e destrui\u00e7\u00e3o. Elas sabem que suas casas foram destru\u00eddas e esperam por um futuro que desconhecem\u201d, comentou.<\/p>\n<p>Em meio a guerra, h\u00e1 escassez de itens b\u00e1sicos, as pessoas est\u00e3o sem trabalho e renda, e os pre\u00e7os aumentaram.<\/p>\n<p>\u201cUm quilo de tomate corresponde a 30 d\u00f3lares. Apesar de tudo, quando converso com eles, tenho esperan\u00e7a. \u00c9 importante para n\u00f3s entendermos qu\u00e3o dif\u00edcil \u00e9 a situa\u00e7\u00e3o e que apenas pela f\u00e9 eles podem resistir. Creio que Deus est\u00e1 trabalhando na Igreja que restou em Gaza\u201d, observou Elias.<\/p>\n<p><strong>Igrejas como o\u00e1sis<\/strong><\/p>\n<p>O crist\u00e3o local ainda destacou o papel das igrejas no socorro \u00e0 popula\u00e7\u00e3o. \u201cA regi\u00e3o se tornou um exemplo do papel da Igreja. Quando as casas das pessoas n\u00e3o eram mais seguras e n\u00e3o havia outras op\u00e7\u00f5es, elas ficaram abertas \u00e0 igreja, a receberem ajuda e conhecerem a Jesus\u201d, testemunhou ele.<\/p>\n<p>\u201cOs complexos das igrejas se tornaram verdadeiros \u2018o\u00e1sis no deserto\u2019 quando a guerra se agravou. Elas ficaram abertas 24 horas por dia, permitiam que as pessoas descansassem e ofereceram cuidado m\u00e9dico, espiritual e mostraram as m\u00e3os de Deus estendidas para socorrer a popula\u00e7\u00e3o em Gaza\u201d, acrescentou.<\/p>\n<p>Para Elias, mais crist\u00e3os v\u00e3o deixar a Palestina, principalmente fam\u00edlias com crian\u00e7as.\u00a0 \u201cImagine algu\u00e9m que perdeu tudo e ter\u00e1 que recome\u00e7ar do zero. \u00c9 prov\u00e1vel que prefira recome\u00e7ar em um novo pa\u00eds do que no lugar em que pode perder tudo de novo\u201d, observou.<\/p>\n<p>\u201cN\u00e3o podemos abandon\u00e1-los. Eles passar\u00e3o por necessidades, precisamos estar perto, para ajud\u00e1-los a se reerguerem. Mantenham o Oriente M\u00e9dio em suas ora\u00e7\u00f5es e clamem pelo fim da guerra\u201d, pediu Elias.<\/p>\n<p>Israel e os Territ\u00f3rios Palestinos est\u00e3o na Lista de Pa\u00edses em Persegui\u00e7\u00e3o da Miss\u00e3o Portas Abertas, que correspondem aos 28 pa\u00edses que d\u00e3o continuidade \u00e0 Lista Mundial da Persegui\u00e7\u00e3o.<\/p>\n<p>Nesses pa\u00edses, de coloca\u00e7\u00e3o de 51\u00aa a 78\u00aa, os crist\u00e3os enfrentam persegui\u00e7\u00e3o severa e alta. Israel est\u00e1 em 78\u00ba lugar e os Territ\u00f3rios Palestinos ocupam a 60\u00aa coloca\u00e7\u00e3o.<\/p>\n<p><em><strong>(GuiaMe)<\/strong><\/em><\/p>\n","protected":false},"excerpt":{"rendered":"<p>Ao menos 33% dos crist\u00e3os palestinos morreram ou fugiram da regi\u00e3o, desde o in\u00edcio da<\/p>\n","protected":false},"author":4,"featured_media":44389,"comment_status":"open","ping_status":"open","sticky":false,"template":"","format":"standard","meta":{"footnotes":""},"categories":[3,9],"tags":[],"class_list":["post-44388","post","type-post","status-publish","format-standard","has-post-thumbnail","hentry","category-destaques","category-internacional"],"yoast_head":"<!-- This site is optimized with the Yoast SEO plugin v27.5 - https:\/\/yoast.com\/product\/yoast-seo-wordpress\/ -->\n<title>Restam apenas 650 crist\u00e3os em meio \u00e0 guerra na Faixa de Gaza, diz Portas Abertas - Jornal<\/title>\n<meta name=\"description\" content=\"Restam apenas 650 crist\u00e3os em meio \u00e0 guerra na Faixa de Gaza, diz Portas Abertas\" \/>\n<meta name=\"robots\" content=\"index, follow, max-snippet:-1, max-image-preview:large, max-video-preview:-1\" \/>\n<link rel=\"canonical\" href=\"https:\/\/jornalboasnoticias.com.br\/home\/restam-apenas-650-cristaos-em-meio-a-guerra-na-faixa-de-gaza-diz-portas-abertas\/\" \/>\n<meta property=\"og:locale\" content=\"pt_BR\" \/>\n<meta property=\"og:type\" content=\"article\" \/>\n<meta property=\"og:title\" content=\"Restam apenas 650 crist\u00e3os em meio \u00e0 guerra na Faixa de Gaza, diz Portas Abertas - Jornal\" \/>\n<meta property=\"og:description\" content=\"Restam apenas 650 crist\u00e3os em meio \u00e0 guerra na Faixa de Gaza, diz Portas Abertas\" \/>\n<meta property=\"og:url\" content=\"https:\/\/jornalboasnoticias.com.br\/home\/restam-apenas-650-cristaos-em-meio-a-guerra-na-faixa-de-gaza-diz-portas-abertas\/\" \/>\n<meta property=\"og:site_name\" content=\"Jornal\" \/>\n<meta property=\"article:publisher\" content=\"https:\/\/www.facebook.com\/boasnoticiasjornal\" \/>\n<meta property=\"article:published_time\" content=\"2024-10-23T17:08:21+00:00\" \/>\n<meta property=\"og:image\" content=\"https:\/\/jornalboasnoticias.com.br\/home\/wp-content\/uploads\/2024\/10\/344433872-palestina.webp\" \/>\n\t<meta property=\"og:image:width\" content=\"840\" \/>\n\t<meta property=\"og:image:height\" content=\"500\" \/>\n\t<meta property=\"og:image:type\" content=\"image\/webp\" \/>\n<meta name=\"author\" content=\"Ana Luiza Bonatto\" \/>\n<meta name=\"twitter:card\" content=\"summary_large_image\" \/>\n<meta name=\"twitter:label1\" content=\"Escrito por\" \/>\n\t<meta name=\"twitter:data1\" content=\"Ana Luiza Bonatto\" \/>\n\t<meta name=\"twitter:label2\" content=\"Est. tempo de leitura\" \/>\n\t<meta name=\"twitter:data2\" content=\"4 minutos\" \/>\n<script type=\"application\/ld+json\" class=\"yoast-schema-graph\">{\"@context\":\"https:\\\/\\\/schema.org\",\"@graph\":[{\"@type\":\"Article\",\"@id\":\"https:\\\/\\\/jornalboasnoticias.com.br\\\/home\\\/restam-apenas-650-cristaos-em-meio-a-guerra-na-faixa-de-gaza-diz-portas-abertas\\\/#article\",\"isPartOf\":{\"@id\":\"https:\\\/\\\/jornalboasnoticias.com.br\\\/home\\\/restam-apenas-650-cristaos-em-meio-a-guerra-na-faixa-de-gaza-diz-portas-abertas\\\/\"},\"author\":{\"name\":\"Ana Luiza Bonatto\",\"@id\":\"https:\\\/\\\/jornalboasnoticias.com.br\\\/home\\\/#\\\/schema\\\/person\\\/d641193e0afc6405b390164dac847971\"},\"headline\":\"Restam apenas 650 crist\u00e3os em meio \u00e0 guerra na Faixa de Gaza, diz Portas Abertas\",\"datePublished\":\"2024-10-23T17:08:21+00:00\",\"mainEntityOfPage\":{\"@id\":\"https:\\\/\\\/jornalboasnoticias.com.br\\\/home\\\/restam-apenas-650-cristaos-em-meio-a-guerra-na-faixa-de-gaza-diz-portas-abertas\\\/\"},\"wordCount\":627,\"commentCount\":0,\"publisher\":{\"@id\":\"https:\\\/\\\/jornalboasnoticias.com.br\\\/home\\\/#organization\"},\"image\":{\"@id\":\"https:\\\/\\\/jornalboasnoticias.com.br\\\/home\\\/restam-apenas-650-cristaos-em-meio-a-guerra-na-faixa-de-gaza-diz-portas-abertas\\\/#primaryimage\"},\"thumbnailUrl\":\"https:\\\/\\\/jornalboasnoticias.com.br\\\/home\\\/wp-content\\\/uploads\\\/2024\\\/10\\\/344433872-palestina.webp\",\"articleSection\":[\"DESTAQUE\",\"INTERNACIONAL\"],\"inLanguage\":\"pt-BR\",\"potentialAction\":[{\"@type\":\"CommentAction\",\"name\":\"Comment\",\"target\":[\"https:\\\/\\\/jornalboasnoticias.com.br\\\/home\\\/restam-apenas-650-cristaos-em-meio-a-guerra-na-faixa-de-gaza-diz-portas-abertas\\\/#respond\"]}]},{\"@type\":\"WebPage\",\"@id\":\"https:\\\/\\\/jornalboasnoticias.com.br\\\/home\\\/restam-apenas-650-cristaos-em-meio-a-guerra-na-faixa-de-gaza-diz-portas-abertas\\\/\",\"url\":\"https:\\\/\\\/jornalboasnoticias.com.br\\\/home\\\/restam-apenas-650-cristaos-em-meio-a-guerra-na-faixa-de-gaza-diz-portas-abertas\\\/\",\"name\":\"Restam apenas 650 crist\u00e3os em meio \u00e0 guerra na Faixa de Gaza, diz Portas Abertas - Jornal\",\"isPartOf\":{\"@id\":\"https:\\\/\\\/jornalboasnoticias.com.br\\\/home\\\/#website\"},\"primaryImageOfPage\":{\"@id\":\"https:\\\/\\\/jornalboasnoticias.com.br\\\/home\\\/restam-apenas-650-cristaos-em-meio-a-guerra-na-faixa-de-gaza-diz-portas-abertas\\\/#primaryimage\"},\"image\":{\"@id\":\"https:\\\/\\\/jornalboasnoticias.com.br\\\/home\\\/restam-apenas-650-cristaos-em-meio-a-guerra-na-faixa-de-gaza-diz-portas-abertas\\\/#primaryimage\"},\"thumbnailUrl\":\"https:\\\/\\\/jornalboasnoticias.com.br\\\/home\\\/wp-content\\\/uploads\\\/2024\\\/10\\\/344433872-palestina.webp\",\"datePublished\":\"2024-10-23T17:08:21+00:00\",\"description\":\"Restam apenas 650 crist\u00e3os em meio \u00e0 guerra na Faixa de Gaza, diz Portas Abertas\",\"breadcrumb\":{\"@id\":\"https:\\\/\\\/jornalboasnoticias.com.br\\\/home\\\/restam-apenas-650-cristaos-em-meio-a-guerra-na-faixa-de-gaza-diz-portas-abertas\\\/#breadcrumb\"},\"inLanguage\":\"pt-BR\",\"potentialAction\":[{\"@type\":\"ReadAction\",\"target\":[\"https:\\\/\\\/jornalboasnoticias.com.br\\\/home\\\/restam-apenas-650-cristaos-em-meio-a-guerra-na-faixa-de-gaza-diz-portas-abertas\\\/\"]}]},{\"@type\":\"ImageObject\",\"inLanguage\":\"pt-BR\",\"@id\":\"https:\\\/\\\/jornalboasnoticias.com.br\\\/home\\\/restam-apenas-650-cristaos-em-meio-a-guerra-na-faixa-de-gaza-diz-portas-abertas\\\/#primaryimage\",\"url\":\"https:\\\/\\\/jornalboasnoticias.com.br\\\/home\\\/wp-content\\\/uploads\\\/2024\\\/10\\\/344433872-palestina.webp\",\"contentUrl\":\"https:\\\/\\\/jornalboasnoticias.com.br\\\/home\\\/wp-content\\\/uploads\\\/2024\\\/10\\\/344433872-palestina.webp\",\"width\":840,\"height\":500,\"caption\":\"Unsplash\\\/Mohammed Ibrahim\"},{\"@type\":\"BreadcrumbList\",\"@id\":\"https:\\\/\\\/jornalboasnoticias.com.br\\\/home\\\/restam-apenas-650-cristaos-em-meio-a-guerra-na-faixa-de-gaza-diz-portas-abertas\\\/#breadcrumb\",\"itemListElement\":[{\"@type\":\"ListItem\",\"position\":1,\"name\":\"In\u00edcio\",\"item\":\"https:\\\/\\\/jornalboasnoticias.com.br\\\/home\\\/\"},{\"@type\":\"ListItem\",\"position\":2,\"name\":\"Restam apenas 650 crist\u00e3os em meio \u00e0 guerra na Faixa de Gaza, diz Portas Abertas\"}]},{\"@type\":\"WebSite\",\"@id\":\"https:\\\/\\\/jornalboasnoticias.com.br\\\/home\\\/#website\",\"url\":\"https:\\\/\\\/jornalboasnoticias.com.br\\\/home\\\/\",\"name\":\"Jornal Boas Not\u00edcias\",\"description\":\"Boas not\u00edcias\",\"publisher\":{\"@id\":\"https:\\\/\\\/jornalboasnoticias.com.br\\\/home\\\/#organization\"},\"potentialAction\":[{\"@type\":\"SearchAction\",\"target\":{\"@type\":\"EntryPoint\",\"urlTemplate\":\"https:\\\/\\\/jornalboasnoticias.com.br\\\/home\\\/?s={search_term_string}\"},\"query-input\":{\"@type\":\"PropertyValueSpecification\",\"valueRequired\":true,\"valueName\":\"search_term_string\"}}],\"inLanguage\":\"pt-BR\"},{\"@type\":\"Organization\",\"@id\":\"https:\\\/\\\/jornalboasnoticias.com.br\\\/home\\\/#organization\",\"name\":\"Coq Editora Ltda\",\"alternateName\":\"Jornal Boas Noticias\",\"url\":\"https:\\\/\\\/jornalboasnoticias.com.br\\\/home\\\/\",\"logo\":{\"@type\":\"ImageObject\",\"inLanguage\":\"pt-BR\",\"@id\":\"https:\\\/\\\/jornalboasnoticias.com.br\\\/home\\\/#\\\/schema\\\/logo\\\/image\\\/\",\"url\":\"https:\\\/\\\/jornalboasnoticias.com.br\\\/home\\\/wp-content\\\/uploads\\\/2024\\\/07\\\/cropped-logo.jpg\",\"contentUrl\":\"https:\\\/\\\/jornalboasnoticias.com.br\\\/home\\\/wp-content\\\/uploads\\\/2024\\\/07\\\/cropped-logo.jpg\",\"width\":290,\"height\":142,\"caption\":\"Coq Editora Ltda\"},\"image\":{\"@id\":\"https:\\\/\\\/jornalboasnoticias.com.br\\\/home\\\/#\\\/schema\\\/logo\\\/image\\\/\"},\"sameAs\":[\"https:\\\/\\\/www.facebook.com\\\/boasnoticiasjornal\"]},{\"@type\":\"Person\",\"@id\":\"https:\\\/\\\/jornalboasnoticias.com.br\\\/home\\\/#\\\/schema\\\/person\\\/d641193e0afc6405b390164dac847971\",\"name\":\"Ana Luiza Bonatto\",\"image\":{\"@type\":\"ImageObject\",\"inLanguage\":\"pt-BR\",\"@id\":\"https:\\\/\\\/secure.gravatar.com\\\/avatar\\\/8a055ebe6373371f67ac6fcf313c0ac0b0a91157fdcdb9514fa62927373348f0?s=96&d=mm&r=g\",\"url\":\"https:\\\/\\\/secure.gravatar.com\\\/avatar\\\/8a055ebe6373371f67ac6fcf313c0ac0b0a91157fdcdb9514fa62927373348f0?s=96&d=mm&r=g\",\"contentUrl\":\"https:\\\/\\\/secure.gravatar.com\\\/avatar\\\/8a055ebe6373371f67ac6fcf313c0ac0b0a91157fdcdb9514fa62927373348f0?s=96&d=mm&r=g\",\"caption\":\"Ana Luiza Bonatto\"},\"url\":\"https:\\\/\\\/jornalboasnoticias.com.br\\\/home\\\/author\\\/ana-luiza\\\/\"}]}<\/script>\n<!-- \/ Yoast SEO plugin. -->","yoast_head_json":{"title":"Restam apenas 650 crist\u00e3os em meio \u00e0 guerra na Faixa de Gaza, diz Portas Abertas - Jornal","description":"Restam apenas 650 crist\u00e3os em meio \u00e0 guerra na Faixa de Gaza, diz Portas Abertas","robots":{"index":"index","follow":"follow","max-snippet":"max-snippet:-1","max-image-preview":"max-image-preview:large","max-video-preview":"max-video-preview:-1"},"canonical":"https:\/\/jornalboasnoticias.com.br\/home\/restam-apenas-650-cristaos-em-meio-a-guerra-na-faixa-de-gaza-diz-portas-abertas\/","og_locale":"pt_BR","og_type":"article","og_title":"Restam apenas 650 crist\u00e3os em meio \u00e0 guerra na Faixa de Gaza, diz Portas Abertas - Jornal","og_description":"Restam apenas 650 crist\u00e3os em meio \u00e0 guerra na Faixa de Gaza, diz Portas Abertas","og_url":"https:\/\/jornalboasnoticias.com.br\/home\/restam-apenas-650-cristaos-em-meio-a-guerra-na-faixa-de-gaza-diz-portas-abertas\/","og_site_name":"Jornal","article_publisher":"https:\/\/www.facebook.com\/boasnoticiasjornal","article_published_time":"2024-10-23T17:08:21+00:00","og_image":[{"width":840,"height":500,"url":"https:\/\/jornalboasnoticias.com.br\/home\/wp-content\/uploads\/2024\/10\/344433872-palestina.webp","type":"image\/webp"}],"author":"Ana Luiza Bonatto","twitter_card":"summary_large_image","twitter_misc":{"Escrito por":"Ana Luiza Bonatto","Est. tempo de leitura":"4 minutos"},"schema":{"@context":"https:\/\/schema.org","@graph":[{"@type":"Article","@id":"https:\/\/jornalboasnoticias.com.br\/home\/restam-apenas-650-cristaos-em-meio-a-guerra-na-faixa-de-gaza-diz-portas-abertas\/#article","isPartOf":{"@id":"https:\/\/jornalboasnoticias.com.br\/home\/restam-apenas-650-cristaos-em-meio-a-guerra-na-faixa-de-gaza-diz-portas-abertas\/"},"author":{"name":"Ana Luiza Bonatto","@id":"https:\/\/jornalboasnoticias.com.br\/home\/#\/schema\/person\/d641193e0afc6405b390164dac847971"},"headline":"Restam apenas 650 crist\u00e3os em meio \u00e0 guerra na Faixa de Gaza, diz Portas Abertas","datePublished":"2024-10-23T17:08:21+00:00","mainEntityOfPage":{"@id":"https:\/\/jornalboasnoticias.com.br\/home\/restam-apenas-650-cristaos-em-meio-a-guerra-na-faixa-de-gaza-diz-portas-abertas\/"},"wordCount":627,"commentCount":0,"publisher":{"@id":"https:\/\/jornalboasnoticias.com.br\/home\/#organization"},"image":{"@id":"https:\/\/jornalboasnoticias.com.br\/home\/restam-apenas-650-cristaos-em-meio-a-guerra-na-faixa-de-gaza-diz-portas-abertas\/#primaryimage"},"thumbnailUrl":"https:\/\/jornalboasnoticias.com.br\/home\/wp-content\/uploads\/2024\/10\/344433872-palestina.webp","articleSection":["DESTAQUE","INTERNACIONAL"],"inLanguage":"pt-BR","potentialAction":[{"@type":"CommentAction","name":"Comment","target":["https:\/\/jornalboasnoticias.com.br\/home\/restam-apenas-650-cristaos-em-meio-a-guerra-na-faixa-de-gaza-diz-portas-abertas\/#respond"]}]},{"@type":"WebPage","@id":"https:\/\/jornalboasnoticias.com.br\/home\/restam-apenas-650-cristaos-em-meio-a-guerra-na-faixa-de-gaza-diz-portas-abertas\/","url":"https:\/\/jornalboasnoticias.com.br\/home\/restam-apenas-650-cristaos-em-meio-a-guerra-na-faixa-de-gaza-diz-portas-abertas\/","name":"Restam apenas 650 crist\u00e3os em meio \u00e0 guerra na Faixa de Gaza, diz Portas Abertas - Jornal","isPartOf":{"@id":"https:\/\/jornalboasnoticias.com.br\/home\/#website"},"primaryImageOfPage":{"@id":"https:\/\/jornalboasnoticias.com.br\/home\/restam-apenas-650-cristaos-em-meio-a-guerra-na-faixa-de-gaza-diz-portas-abertas\/#primaryimage"},"image":{"@id":"https:\/\/jornalboasnoticias.com.br\/home\/restam-apenas-650-cristaos-em-meio-a-guerra-na-faixa-de-gaza-diz-portas-abertas\/#primaryimage"},"thumbnailUrl":"https:\/\/jornalboasnoticias.com.br\/home\/wp-content\/uploads\/2024\/10\/344433872-palestina.webp","datePublished":"2024-10-23T17:08:21+00:00","description":"Restam apenas 650 crist\u00e3os em meio \u00e0 guerra na Faixa de Gaza, diz Portas Abertas","breadcrumb":{"@id":"https:\/\/jornalboasnoticias.com.br\/home\/restam-apenas-650-cristaos-em-meio-a-guerra-na-faixa-de-gaza-diz-portas-abertas\/#breadcrumb"},"inLanguage":"pt-BR","potentialAction":[{"@type":"ReadAction","target":["https:\/\/jornalboasnoticias.com.br\/home\/restam-apenas-650-cristaos-em-meio-a-guerra-na-faixa-de-gaza-diz-portas-abertas\/"]}]},{"@type":"ImageObject","inLanguage":"pt-BR","@id":"https:\/\/jornalboasnoticias.com.br\/home\/restam-apenas-650-cristaos-em-meio-a-guerra-na-faixa-de-gaza-diz-portas-abertas\/#primaryimage","url":"https:\/\/jornalboasnoticias.com.br\/home\/wp-content\/uploads\/2024\/10\/344433872-palestina.webp","contentUrl":"https:\/\/jornalboasnoticias.com.br\/home\/wp-content\/uploads\/2024\/10\/344433872-palestina.webp","width":840,"height":500,"caption":"Unsplash\/Mohammed Ibrahim"},{"@type":"BreadcrumbList","@id":"https:\/\/jornalboasnoticias.com.br\/home\/restam-apenas-650-cristaos-em-meio-a-guerra-na-faixa-de-gaza-diz-portas-abertas\/#breadcrumb","itemListElement":[{"@type":"ListItem","position":1,"name":"In\u00edcio","item":"https:\/\/jornalboasnoticias.com.br\/home\/"},{"@type":"ListItem","position":2,"name":"Restam apenas 650 crist\u00e3os em meio \u00e0 guerra na Faixa de Gaza, diz Portas Abertas"}]},{"@type":"WebSite","@id":"https:\/\/jornalboasnoticias.com.br\/home\/#website","url":"https:\/\/jornalboasnoticias.com.br\/home\/","name":"Jornal Boas Not\u00edcias","description":"Boas not\u00edcias","publisher":{"@id":"https:\/\/jornalboasnoticias.com.br\/home\/#organization"},"potentialAction":[{"@type":"SearchAction","target":{"@type":"EntryPoint","urlTemplate":"https:\/\/jornalboasnoticias.com.br\/home\/?s={search_term_string}"},"query-input":{"@type":"PropertyValueSpecification","valueRequired":true,"valueName":"search_term_string"}}],"inLanguage":"pt-BR"},{"@type":"Organization","@id":"https:\/\/jornalboasnoticias.com.br\/home\/#organization","name":"Coq Editora Ltda","alternateName":"Jornal Boas Noticias","url":"https:\/\/jornalboasnoticias.com.br\/home\/","logo":{"@type":"ImageObject","inLanguage":"pt-BR","@id":"https:\/\/jornalboasnoticias.com.br\/home\/#\/schema\/logo\/image\/","url":"https:\/\/jornalboasnoticias.com.br\/home\/wp-content\/uploads\/2024\/07\/cropped-logo.jpg","contentUrl":"https:\/\/jornalboasnoticias.com.br\/home\/wp-content\/uploads\/2024\/07\/cropped-logo.jpg","width":290,"height":142,"caption":"Coq Editora Ltda"},"image":{"@id":"https:\/\/jornalboasnoticias.com.br\/home\/#\/schema\/logo\/image\/"},"sameAs":["https:\/\/www.facebook.com\/boasnoticiasjornal"]},{"@type":"Person","@id":"https:\/\/jornalboasnoticias.com.br\/home\/#\/schema\/person\/d641193e0afc6405b390164dac847971","name":"Ana Luiza Bonatto","image":{"@type":"ImageObject","inLanguage":"pt-BR","@id":"https:\/\/secure.gravatar.com\/avatar\/8a055ebe6373371f67ac6fcf313c0ac0b0a91157fdcdb9514fa62927373348f0?s=96&d=mm&r=g","url":"https:\/\/secure.gravatar.com\/avatar\/8a055ebe6373371f67ac6fcf313c0ac0b0a91157fdcdb9514fa62927373348f0?s=96&d=mm&r=g","contentUrl":"https:\/\/secure.gravatar.com\/avatar\/8a055ebe6373371f67ac6fcf313c0ac0b0a91157fdcdb9514fa62927373348f0?s=96&d=mm&r=g","caption":"Ana Luiza Bonatto"},"url":"https:\/\/jornalboasnoticias.com.br\/home\/author\/ana-luiza\/"}]}},"_links":{"self":[{"href":"https:\/\/jornalboasnoticias.com.br\/home\/wp-json\/wp\/v2\/posts\/44388","targetHints":{"allow":["GET"]}}],"collection":[{"href":"https:\/\/jornalboasnoticias.com.br\/home\/wp-json\/wp\/v2\/posts"}],"about":[{"href":"https:\/\/jornalboasnoticias.com.br\/home\/wp-json\/wp\/v2\/types\/post"}],"author":[{"embeddable":true,"href":"https:\/\/jornalboasnoticias.com.br\/home\/wp-json\/wp\/v2\/users\/4"}],"replies":[{"embeddable":true,"href":"https:\/\/jornalboasnoticias.com.br\/home\/wp-json\/wp\/v2\/comments?post=44388"}],"version-history":[{"count":1,"href":"https:\/\/jornalboasnoticias.com.br\/home\/wp-json\/wp\/v2\/posts\/44388\/revisions"}],"predecessor-version":[{"id":44390,"href":"https:\/\/jornalboasnoticias.com.br\/home\/wp-json\/wp\/v2\/posts\/44388\/revisions\/44390"}],"wp:featuredmedia":[{"embeddable":true,"href":"https:\/\/jornalboasnoticias.com.br\/home\/wp-json\/wp\/v2\/media\/44389"}],"wp:attachment":[{"href":"https:\/\/jornalboasnoticias.com.br\/home\/wp-json\/wp\/v2\/media?parent=44388"}],"wp:term":[{"taxonomy":"category","embeddable":true,"href":"https:\/\/jornalboasnoticias.com.br\/home\/wp-json\/wp\/v2\/categories?post=44388"},{"taxonomy":"post_tag","embeddable":true,"href":"https:\/\/jornalboasnoticias.com.br\/home\/wp-json\/wp\/v2\/tags?post=44388"}],"curies":[{"name":"wp","href":"https:\/\/api.w.org\/{rel}","templated":true}]}}