{"id":44371,"date":"2024-10-23T14:16:03","date_gmt":"2024-10-23T14:16:03","guid":{"rendered":"https:\/\/jornalboasnoticias.com.br\/home\/?p=44371"},"modified":"2024-10-23T14:16:03","modified_gmt":"2024-10-23T14:16:03","slug":"agepar-abre-processo-seletivo-para-contratacao-de-estagiarios-de-pos-graduacao","status":"publish","type":"post","link":"https:\/\/jornalboasnoticias.com.br\/home\/agepar-abre-processo-seletivo-para-contratacao-de-estagiarios-de-pos-graduacao\/","title":{"rendered":"Agepar abre processo seletivo para contrata\u00e7\u00e3o de estagi\u00e1rios de p\u00f3s-gradua\u00e7\u00e3o"},"content":{"rendered":"<blockquote>\n<div class=\"not-escopo-destaque\">\n<div class=\"field field--name-field-escopo-destaque field--type-string-long field--label-hidden field--item\">Ao todo, s\u00e3o cinco oportunidades para est\u00e1gio presencial, uma para estudantes de Direito, uma para Engenharia Civil, uma para Contabilidade e duas para Administra\u00e7\u00e3o ou Economia, com in\u00edcio das atividades previsto para janeiro de 2025.<\/div>\n<\/div>\n<\/blockquote>\n<div><img loading=\"lazy\" decoding=\"async\" class=\"alignnone size-full wp-image-44372\" src=\"https:\/\/jornalboasnoticias.com.br\/home\/wp-content\/uploads\/2024\/10\/3._agepar_-_noticias_-_estagio_2024_1.jpg\" alt=\"\" width=\"1084\" height=\"723\" srcset=\"https:\/\/jornalboasnoticias.com.br\/home\/wp-content\/uploads\/2024\/10\/3._agepar_-_noticias_-_estagio_2024_1.jpg 1084w, https:\/\/jornalboasnoticias.com.br\/home\/wp-content\/uploads\/2024\/10\/3._agepar_-_noticias_-_estagio_2024_1-300x200.jpg 300w, https:\/\/jornalboasnoticias.com.br\/home\/wp-content\/uploads\/2024\/10\/3._agepar_-_noticias_-_estagio_2024_1-1024x683.jpg 1024w, https:\/\/jornalboasnoticias.com.br\/home\/wp-content\/uploads\/2024\/10\/3._agepar_-_noticias_-_estagio_2024_1-768x512.jpg 768w, https:\/\/jornalboasnoticias.com.br\/home\/wp-content\/uploads\/2024\/10\/3._agepar_-_noticias_-_estagio_2024_1-900x600.jpg 900w\" sizes=\"auto, (max-width: 1084px) 100vw, 1084px\" \/><\/div>\n<div>\n<p>A partir desta quarta-feira (23), est\u00e3o abertas as inscri\u00e7\u00f5es para processo seletivo da Ag\u00eancia Reguladora de Servi\u00e7os P\u00fablicos Delegados do Paran\u00e1 (Agepar) para contrata\u00e7\u00e3o de estagi\u00e1rios de p\u00f3s-gradua\u00e7\u00e3o. Ao todo, s\u00e3o cinco oportunidades para est\u00e1gio presencial, uma para estudantes de Direito, uma para Engenharia Civil, uma para Contabilidade e duas para Administra\u00e7\u00e3o ou Economia, com in\u00edcio das atividades previsto para janeiro de 2025.<\/p>\n<p>Para participar, os estudantes devem estar matriculados em cursos de p\u00f3s-gradua\u00e7\u00e3o,\u00a0lato sensu\u00a0(especializa\u00e7\u00e3o ou MBA) ou\u00a0stricto sensu\u00a0(mestrado ou doutorado), em institui\u00e7\u00f5es de ensino que possuam conv\u00eanio vigente com o Estado do Paran\u00e1, atrav\u00e9s da Secretaria de Estado da Administra\u00e7\u00e3o e da Previd\u00eancia (Seap). A carga hor\u00e1ria \u00e9 de, no m\u00ednimo, 20 horas semanais e, no m\u00e1ximo, 30 horas semanais, podendo ser realizadas tanto no per\u00edodo da manh\u00e3 quanto no per\u00edodo da tarde.<\/p>\n<p>O valor da bolsa-aux\u00edlio mensal ser\u00e1 de R$ 25,30 por hora de atividade desempenhada, dependendo, portanto, da carga hor\u00e1ria fixada. As inscri\u00e7\u00f5es s\u00e3o gratuitas e podem ser realizadas at\u00e9 o dia 13 de novembro, pelo\u00a0<a class=\"0\" href=\"https:\/\/www.centraldeestagio.pr.gov.br\/\" target=\"_blank\" rel=\"nofollow noopener\">site da Central de Est\u00e1gio<\/a>\u00a0(c\u00f3digos 165959, 166006, 166007, 166008, 166009). Ap\u00f3s o per\u00edodo de inscri\u00e7\u00f5es, os candidatos dever\u00e3o realizar provas objetiva e\/ou discursiva, dependendo da vaga, entre os dias 26 e 28 de novembro, na sede da Agepar, em Curitiba. Os editais dos processos seletivos est\u00e3o dispon\u00edveis na \u00edntegra no site da Agepar,<a class=\"0\" href=\"https:\/\/www.agepar.pr.gov.br\/Pagina\/PROCEDIMENTO-SELETIVO-DE-ESTAGIARIOS-DE-POS-GRADUACAO\" target=\"_blank\" rel=\"nofollow noopener\">\u00a0neste link<\/a>.<\/p>\n<p>(AEN)<\/p>\n<\/div>\n","protected":false},"excerpt":{"rendered":"<p>Ao todo, s\u00e3o cinco oportunidades para est\u00e1gio presencial, uma para estudantes de Direito, uma para<\/p>\n","protected":false},"author":4,"featured_media":44372,"comment_status":"open","ping_status":"open","sticky":false,"template":"","format":"standard","meta":{"footnotes":""},"categories":[3,4],"tags":[],"class_list":["post-44371","post","type-post","status-publish","format-standard","has-post-thumbnail","hentry","category-destaques","category-parana"],"yoast_head":"<!-- This site is optimized with the Yoast SEO plugin v27.5 - https:\/\/yoast.com\/product\/yoast-seo-wordpress\/ -->\n<title>Agepar abre processo seletivo para contrata\u00e7\u00e3o de estagi\u00e1rios de p\u00f3s-gradua\u00e7\u00e3o - Jornal<\/title>\n<meta name=\"description\" content=\"Agepar abre processo seletivo para contrata\u00e7\u00e3o de estagi\u00e1rios de p\u00f3s-gradua\u00e7\u00e3o\" \/>\n<meta name=\"robots\" content=\"index, follow, max-snippet:-1, max-image-preview:large, max-video-preview:-1\" \/>\n<link rel=\"canonical\" href=\"https:\/\/jornalboasnoticias.com.br\/home\/agepar-abre-processo-seletivo-para-contratacao-de-estagiarios-de-pos-graduacao\/\" \/>\n<meta property=\"og:locale\" content=\"pt_BR\" \/>\n<meta property=\"og:type\" content=\"article\" \/>\n<meta property=\"og:title\" content=\"Agepar abre processo seletivo para contrata\u00e7\u00e3o de estagi\u00e1rios de p\u00f3s-gradua\u00e7\u00e3o - Jornal\" \/>\n<meta property=\"og:description\" content=\"Agepar abre processo seletivo para contrata\u00e7\u00e3o de estagi\u00e1rios de p\u00f3s-gradua\u00e7\u00e3o\" \/>\n<meta property=\"og:url\" content=\"https:\/\/jornalboasnoticias.com.br\/home\/agepar-abre-processo-seletivo-para-contratacao-de-estagiarios-de-pos-graduacao\/\" \/>\n<meta property=\"og:site_name\" content=\"Jornal\" \/>\n<meta property=\"article:publisher\" content=\"https:\/\/www.facebook.com\/boasnoticiasjornal\" \/>\n<meta property=\"article:published_time\" content=\"2024-10-23T14:16:03+00:00\" \/>\n<meta property=\"og:image\" content=\"https:\/\/jornalboasnoticias.com.br\/home\/wp-content\/uploads\/2024\/10\/3._agepar_-_noticias_-_estagio_2024_1.jpg\" \/>\n\t<meta property=\"og:image:width\" content=\"1084\" \/>\n\t<meta property=\"og:image:height\" content=\"723\" \/>\n\t<meta property=\"og:image:type\" content=\"image\/jpeg\" \/>\n<meta name=\"author\" content=\"Ana Luiza Bonatto\" \/>\n<meta name=\"twitter:card\" content=\"summary_large_image\" \/>\n<meta name=\"twitter:label1\" content=\"Escrito por\" \/>\n\t<meta name=\"twitter:data1\" content=\"Ana Luiza Bonatto\" \/>\n\t<meta name=\"twitter:label2\" content=\"Est. tempo de leitura\" \/>\n\t<meta name=\"twitter:data2\" content=\"2 minutos\" \/>\n<script type=\"application\/ld+json\" class=\"yoast-schema-graph\">{\"@context\":\"https:\\\/\\\/schema.org\",\"@graph\":[{\"@type\":\"Article\",\"@id\":\"https:\\\/\\\/jornalboasnoticias.com.br\\\/home\\\/agepar-abre-processo-seletivo-para-contratacao-de-estagiarios-de-pos-graduacao\\\/#article\",\"isPartOf\":{\"@id\":\"https:\\\/\\\/jornalboasnoticias.com.br\\\/home\\\/agepar-abre-processo-seletivo-para-contratacao-de-estagiarios-de-pos-graduacao\\\/\"},\"author\":{\"name\":\"Ana Luiza Bonatto\",\"@id\":\"https:\\\/\\\/jornalboasnoticias.com.br\\\/home\\\/#\\\/schema\\\/person\\\/d641193e0afc6405b390164dac847971\"},\"headline\":\"Agepar abre processo seletivo para contrata\u00e7\u00e3o de estagi\u00e1rios de p\u00f3s-gradua\u00e7\u00e3o\",\"datePublished\":\"2024-10-23T14:16:03+00:00\",\"mainEntityOfPage\":{\"@id\":\"https:\\\/\\\/jornalboasnoticias.com.br\\\/home\\\/agepar-abre-processo-seletivo-para-contratacao-de-estagiarios-de-pos-graduacao\\\/\"},\"wordCount\":307,\"commentCount\":0,\"publisher\":{\"@id\":\"https:\\\/\\\/jornalboasnoticias.com.br\\\/home\\\/#organization\"},\"image\":{\"@id\":\"https:\\\/\\\/jornalboasnoticias.com.br\\\/home\\\/agepar-abre-processo-seletivo-para-contratacao-de-estagiarios-de-pos-graduacao\\\/#primaryimage\"},\"thumbnailUrl\":\"https:\\\/\\\/jornalboasnoticias.com.br\\\/home\\\/wp-content\\\/uploads\\\/2024\\\/10\\\/3._agepar_-_noticias_-_estagio_2024_1.jpg\",\"articleSection\":[\"DESTAQUE\",\"PARAN\u00c1\"],\"inLanguage\":\"pt-BR\",\"potentialAction\":[{\"@type\":\"CommentAction\",\"name\":\"Comment\",\"target\":[\"https:\\\/\\\/jornalboasnoticias.com.br\\\/home\\\/agepar-abre-processo-seletivo-para-contratacao-de-estagiarios-de-pos-graduacao\\\/#respond\"]}]},{\"@type\":\"WebPage\",\"@id\":\"https:\\\/\\\/jornalboasnoticias.com.br\\\/home\\\/agepar-abre-processo-seletivo-para-contratacao-de-estagiarios-de-pos-graduacao\\\/\",\"url\":\"https:\\\/\\\/jornalboasnoticias.com.br\\\/home\\\/agepar-abre-processo-seletivo-para-contratacao-de-estagiarios-de-pos-graduacao\\\/\",\"name\":\"Agepar abre processo seletivo para contrata\u00e7\u00e3o de estagi\u00e1rios de p\u00f3s-gradua\u00e7\u00e3o - Jornal\",\"isPartOf\":{\"@id\":\"https:\\\/\\\/jornalboasnoticias.com.br\\\/home\\\/#website\"},\"primaryImageOfPage\":{\"@id\":\"https:\\\/\\\/jornalboasnoticias.com.br\\\/home\\\/agepar-abre-processo-seletivo-para-contratacao-de-estagiarios-de-pos-graduacao\\\/#primaryimage\"},\"image\":{\"@id\":\"https:\\\/\\\/jornalboasnoticias.com.br\\\/home\\\/agepar-abre-processo-seletivo-para-contratacao-de-estagiarios-de-pos-graduacao\\\/#primaryimage\"},\"thumbnailUrl\":\"https:\\\/\\\/jornalboasnoticias.com.br\\\/home\\\/wp-content\\\/uploads\\\/2024\\\/10\\\/3._agepar_-_noticias_-_estagio_2024_1.jpg\",\"datePublished\":\"2024-10-23T14:16:03+00:00\",\"description\":\"Agepar abre processo seletivo para contrata\u00e7\u00e3o de estagi\u00e1rios de p\u00f3s-gradua\u00e7\u00e3o\",\"breadcrumb\":{\"@id\":\"https:\\\/\\\/jornalboasnoticias.com.br\\\/home\\\/agepar-abre-processo-seletivo-para-contratacao-de-estagiarios-de-pos-graduacao\\\/#breadcrumb\"},\"inLanguage\":\"pt-BR\",\"potentialAction\":[{\"@type\":\"ReadAction\",\"target\":[\"https:\\\/\\\/jornalboasnoticias.com.br\\\/home\\\/agepar-abre-processo-seletivo-para-contratacao-de-estagiarios-de-pos-graduacao\\\/\"]}]},{\"@type\":\"ImageObject\",\"inLanguage\":\"pt-BR\",\"@id\":\"https:\\\/\\\/jornalboasnoticias.com.br\\\/home\\\/agepar-abre-processo-seletivo-para-contratacao-de-estagiarios-de-pos-graduacao\\\/#primaryimage\",\"url\":\"https:\\\/\\\/jornalboasnoticias.com.br\\\/home\\\/wp-content\\\/uploads\\\/2024\\\/10\\\/3._agepar_-_noticias_-_estagio_2024_1.jpg\",\"contentUrl\":\"https:\\\/\\\/jornalboasnoticias.com.br\\\/home\\\/wp-content\\\/uploads\\\/2024\\\/10\\\/3._agepar_-_noticias_-_estagio_2024_1.jpg\",\"width\":1084,\"height\":723},{\"@type\":\"BreadcrumbList\",\"@id\":\"https:\\\/\\\/jornalboasnoticias.com.br\\\/home\\\/agepar-abre-processo-seletivo-para-contratacao-de-estagiarios-de-pos-graduacao\\\/#breadcrumb\",\"itemListElement\":[{\"@type\":\"ListItem\",\"position\":1,\"name\":\"In\u00edcio\",\"item\":\"https:\\\/\\\/jornalboasnoticias.com.br\\\/home\\\/\"},{\"@type\":\"ListItem\",\"position\":2,\"name\":\"Agepar abre processo seletivo para contrata\u00e7\u00e3o de estagi\u00e1rios de p\u00f3s-gradua\u00e7\u00e3o\"}]},{\"@type\":\"WebSite\",\"@id\":\"https:\\\/\\\/jornalboasnoticias.com.br\\\/home\\\/#website\",\"url\":\"https:\\\/\\\/jornalboasnoticias.com.br\\\/home\\\/\",\"name\":\"Jornal Boas Not\u00edcias\",\"description\":\"Boas not\u00edcias\",\"publisher\":{\"@id\":\"https:\\\/\\\/jornalboasnoticias.com.br\\\/home\\\/#organization\"},\"potentialAction\":[{\"@type\":\"SearchAction\",\"target\":{\"@type\":\"EntryPoint\",\"urlTemplate\":\"https:\\\/\\\/jornalboasnoticias.com.br\\\/home\\\/?s={search_term_string}\"},\"query-input\":{\"@type\":\"PropertyValueSpecification\",\"valueRequired\":true,\"valueName\":\"search_term_string\"}}],\"inLanguage\":\"pt-BR\"},{\"@type\":\"Organization\",\"@id\":\"https:\\\/\\\/jornalboasnoticias.com.br\\\/home\\\/#organization\",\"name\":\"Coq Editora Ltda\",\"alternateName\":\"Jornal Boas Noticias\",\"url\":\"https:\\\/\\\/jornalboasnoticias.com.br\\\/home\\\/\",\"logo\":{\"@type\":\"ImageObject\",\"inLanguage\":\"pt-BR\",\"@id\":\"https:\\\/\\\/jornalboasnoticias.com.br\\\/home\\\/#\\\/schema\\\/logo\\\/image\\\/\",\"url\":\"https:\\\/\\\/jornalboasnoticias.com.br\\\/home\\\/wp-content\\\/uploads\\\/2024\\\/07\\\/cropped-logo.jpg\",\"contentUrl\":\"https:\\\/\\\/jornalboasnoticias.com.br\\\/home\\\/wp-content\\\/uploads\\\/2024\\\/07\\\/cropped-logo.jpg\",\"width\":290,\"height\":142,\"caption\":\"Coq Editora Ltda\"},\"image\":{\"@id\":\"https:\\\/\\\/jornalboasnoticias.com.br\\\/home\\\/#\\\/schema\\\/logo\\\/image\\\/\"},\"sameAs\":[\"https:\\\/\\\/www.facebook.com\\\/boasnoticiasjornal\"]},{\"@type\":\"Person\",\"@id\":\"https:\\\/\\\/jornalboasnoticias.com.br\\\/home\\\/#\\\/schema\\\/person\\\/d641193e0afc6405b390164dac847971\",\"name\":\"Ana Luiza Bonatto\",\"image\":{\"@type\":\"ImageObject\",\"inLanguage\":\"pt-BR\",\"@id\":\"https:\\\/\\\/secure.gravatar.com\\\/avatar\\\/8a055ebe6373371f67ac6fcf313c0ac0b0a91157fdcdb9514fa62927373348f0?s=96&d=mm&r=g\",\"url\":\"https:\\\/\\\/secure.gravatar.com\\\/avatar\\\/8a055ebe6373371f67ac6fcf313c0ac0b0a91157fdcdb9514fa62927373348f0?s=96&d=mm&r=g\",\"contentUrl\":\"https:\\\/\\\/secure.gravatar.com\\\/avatar\\\/8a055ebe6373371f67ac6fcf313c0ac0b0a91157fdcdb9514fa62927373348f0?s=96&d=mm&r=g\",\"caption\":\"Ana Luiza Bonatto\"},\"url\":\"https:\\\/\\\/jornalboasnoticias.com.br\\\/home\\\/author\\\/ana-luiza\\\/\"}]}<\/script>\n<!-- \/ Yoast SEO plugin. -->","yoast_head_json":{"title":"Agepar abre processo seletivo para contrata\u00e7\u00e3o de estagi\u00e1rios de p\u00f3s-gradua\u00e7\u00e3o - Jornal","description":"Agepar abre processo seletivo para contrata\u00e7\u00e3o de estagi\u00e1rios de p\u00f3s-gradua\u00e7\u00e3o","robots":{"index":"index","follow":"follow","max-snippet":"max-snippet:-1","max-image-preview":"max-image-preview:large","max-video-preview":"max-video-preview:-1"},"canonical":"https:\/\/jornalboasnoticias.com.br\/home\/agepar-abre-processo-seletivo-para-contratacao-de-estagiarios-de-pos-graduacao\/","og_locale":"pt_BR","og_type":"article","og_title":"Agepar abre processo seletivo para contrata\u00e7\u00e3o de estagi\u00e1rios de p\u00f3s-gradua\u00e7\u00e3o - Jornal","og_description":"Agepar abre processo seletivo para contrata\u00e7\u00e3o de estagi\u00e1rios de p\u00f3s-gradua\u00e7\u00e3o","og_url":"https:\/\/jornalboasnoticias.com.br\/home\/agepar-abre-processo-seletivo-para-contratacao-de-estagiarios-de-pos-graduacao\/","og_site_name":"Jornal","article_publisher":"https:\/\/www.facebook.com\/boasnoticiasjornal","article_published_time":"2024-10-23T14:16:03+00:00","og_image":[{"width":1084,"height":723,"url":"https:\/\/jornalboasnoticias.com.br\/home\/wp-content\/uploads\/2024\/10\/3._agepar_-_noticias_-_estagio_2024_1.jpg","type":"image\/jpeg"}],"author":"Ana Luiza Bonatto","twitter_card":"summary_large_image","twitter_misc":{"Escrito por":"Ana Luiza Bonatto","Est. tempo de leitura":"2 minutos"},"schema":{"@context":"https:\/\/schema.org","@graph":[{"@type":"Article","@id":"https:\/\/jornalboasnoticias.com.br\/home\/agepar-abre-processo-seletivo-para-contratacao-de-estagiarios-de-pos-graduacao\/#article","isPartOf":{"@id":"https:\/\/jornalboasnoticias.com.br\/home\/agepar-abre-processo-seletivo-para-contratacao-de-estagiarios-de-pos-graduacao\/"},"author":{"name":"Ana Luiza Bonatto","@id":"https:\/\/jornalboasnoticias.com.br\/home\/#\/schema\/person\/d641193e0afc6405b390164dac847971"},"headline":"Agepar abre processo seletivo para contrata\u00e7\u00e3o de estagi\u00e1rios de p\u00f3s-gradua\u00e7\u00e3o","datePublished":"2024-10-23T14:16:03+00:00","mainEntityOfPage":{"@id":"https:\/\/jornalboasnoticias.com.br\/home\/agepar-abre-processo-seletivo-para-contratacao-de-estagiarios-de-pos-graduacao\/"},"wordCount":307,"commentCount":0,"publisher":{"@id":"https:\/\/jornalboasnoticias.com.br\/home\/#organization"},"image":{"@id":"https:\/\/jornalboasnoticias.com.br\/home\/agepar-abre-processo-seletivo-para-contratacao-de-estagiarios-de-pos-graduacao\/#primaryimage"},"thumbnailUrl":"https:\/\/jornalboasnoticias.com.br\/home\/wp-content\/uploads\/2024\/10\/3._agepar_-_noticias_-_estagio_2024_1.jpg","articleSection":["DESTAQUE","PARAN\u00c1"],"inLanguage":"pt-BR","potentialAction":[{"@type":"CommentAction","name":"Comment","target":["https:\/\/jornalboasnoticias.com.br\/home\/agepar-abre-processo-seletivo-para-contratacao-de-estagiarios-de-pos-graduacao\/#respond"]}]},{"@type":"WebPage","@id":"https:\/\/jornalboasnoticias.com.br\/home\/agepar-abre-processo-seletivo-para-contratacao-de-estagiarios-de-pos-graduacao\/","url":"https:\/\/jornalboasnoticias.com.br\/home\/agepar-abre-processo-seletivo-para-contratacao-de-estagiarios-de-pos-graduacao\/","name":"Agepar abre processo seletivo para contrata\u00e7\u00e3o de estagi\u00e1rios de p\u00f3s-gradua\u00e7\u00e3o - Jornal","isPartOf":{"@id":"https:\/\/jornalboasnoticias.com.br\/home\/#website"},"primaryImageOfPage":{"@id":"https:\/\/jornalboasnoticias.com.br\/home\/agepar-abre-processo-seletivo-para-contratacao-de-estagiarios-de-pos-graduacao\/#primaryimage"},"image":{"@id":"https:\/\/jornalboasnoticias.com.br\/home\/agepar-abre-processo-seletivo-para-contratacao-de-estagiarios-de-pos-graduacao\/#primaryimage"},"thumbnailUrl":"https:\/\/jornalboasnoticias.com.br\/home\/wp-content\/uploads\/2024\/10\/3._agepar_-_noticias_-_estagio_2024_1.jpg","datePublished":"2024-10-23T14:16:03+00:00","description":"Agepar abre processo seletivo para contrata\u00e7\u00e3o de estagi\u00e1rios de p\u00f3s-gradua\u00e7\u00e3o","breadcrumb":{"@id":"https:\/\/jornalboasnoticias.com.br\/home\/agepar-abre-processo-seletivo-para-contratacao-de-estagiarios-de-pos-graduacao\/#breadcrumb"},"inLanguage":"pt-BR","potentialAction":[{"@type":"ReadAction","target":["https:\/\/jornalboasnoticias.com.br\/home\/agepar-abre-processo-seletivo-para-contratacao-de-estagiarios-de-pos-graduacao\/"]}]},{"@type":"ImageObject","inLanguage":"pt-BR","@id":"https:\/\/jornalboasnoticias.com.br\/home\/agepar-abre-processo-seletivo-para-contratacao-de-estagiarios-de-pos-graduacao\/#primaryimage","url":"https:\/\/jornalboasnoticias.com.br\/home\/wp-content\/uploads\/2024\/10\/3._agepar_-_noticias_-_estagio_2024_1.jpg","contentUrl":"https:\/\/jornalboasnoticias.com.br\/home\/wp-content\/uploads\/2024\/10\/3._agepar_-_noticias_-_estagio_2024_1.jpg","width":1084,"height":723},{"@type":"BreadcrumbList","@id":"https:\/\/jornalboasnoticias.com.br\/home\/agepar-abre-processo-seletivo-para-contratacao-de-estagiarios-de-pos-graduacao\/#breadcrumb","itemListElement":[{"@type":"ListItem","position":1,"name":"In\u00edcio","item":"https:\/\/jornalboasnoticias.com.br\/home\/"},{"@type":"ListItem","position":2,"name":"Agepar abre processo seletivo para contrata\u00e7\u00e3o de estagi\u00e1rios de p\u00f3s-gradua\u00e7\u00e3o"}]},{"@type":"WebSite","@id":"https:\/\/jornalboasnoticias.com.br\/home\/#website","url":"https:\/\/jornalboasnoticias.com.br\/home\/","name":"Jornal Boas Not\u00edcias","description":"Boas not\u00edcias","publisher":{"@id":"https:\/\/jornalboasnoticias.com.br\/home\/#organization"},"potentialAction":[{"@type":"SearchAction","target":{"@type":"EntryPoint","urlTemplate":"https:\/\/jornalboasnoticias.com.br\/home\/?s={search_term_string}"},"query-input":{"@type":"PropertyValueSpecification","valueRequired":true,"valueName":"search_term_string"}}],"inLanguage":"pt-BR"},{"@type":"Organization","@id":"https:\/\/jornalboasnoticias.com.br\/home\/#organization","name":"Coq Editora Ltda","alternateName":"Jornal Boas Noticias","url":"https:\/\/jornalboasnoticias.com.br\/home\/","logo":{"@type":"ImageObject","inLanguage":"pt-BR","@id":"https:\/\/jornalboasnoticias.com.br\/home\/#\/schema\/logo\/image\/","url":"https:\/\/jornalboasnoticias.com.br\/home\/wp-content\/uploads\/2024\/07\/cropped-logo.jpg","contentUrl":"https:\/\/jornalboasnoticias.com.br\/home\/wp-content\/uploads\/2024\/07\/cropped-logo.jpg","width":290,"height":142,"caption":"Coq Editora Ltda"},"image":{"@id":"https:\/\/jornalboasnoticias.com.br\/home\/#\/schema\/logo\/image\/"},"sameAs":["https:\/\/www.facebook.com\/boasnoticiasjornal"]},{"@type":"Person","@id":"https:\/\/jornalboasnoticias.com.br\/home\/#\/schema\/person\/d641193e0afc6405b390164dac847971","name":"Ana Luiza Bonatto","image":{"@type":"ImageObject","inLanguage":"pt-BR","@id":"https:\/\/secure.gravatar.com\/avatar\/8a055ebe6373371f67ac6fcf313c0ac0b0a91157fdcdb9514fa62927373348f0?s=96&d=mm&r=g","url":"https:\/\/secure.gravatar.com\/avatar\/8a055ebe6373371f67ac6fcf313c0ac0b0a91157fdcdb9514fa62927373348f0?s=96&d=mm&r=g","contentUrl":"https:\/\/secure.gravatar.com\/avatar\/8a055ebe6373371f67ac6fcf313c0ac0b0a91157fdcdb9514fa62927373348f0?s=96&d=mm&r=g","caption":"Ana Luiza Bonatto"},"url":"https:\/\/jornalboasnoticias.com.br\/home\/author\/ana-luiza\/"}]}},"_links":{"self":[{"href":"https:\/\/jornalboasnoticias.com.br\/home\/wp-json\/wp\/v2\/posts\/44371","targetHints":{"allow":["GET"]}}],"collection":[{"href":"https:\/\/jornalboasnoticias.com.br\/home\/wp-json\/wp\/v2\/posts"}],"about":[{"href":"https:\/\/jornalboasnoticias.com.br\/home\/wp-json\/wp\/v2\/types\/post"}],"author":[{"embeddable":true,"href":"https:\/\/jornalboasnoticias.com.br\/home\/wp-json\/wp\/v2\/users\/4"}],"replies":[{"embeddable":true,"href":"https:\/\/jornalboasnoticias.com.br\/home\/wp-json\/wp\/v2\/comments?post=44371"}],"version-history":[{"count":1,"href":"https:\/\/jornalboasnoticias.com.br\/home\/wp-json\/wp\/v2\/posts\/44371\/revisions"}],"predecessor-version":[{"id":44373,"href":"https:\/\/jornalboasnoticias.com.br\/home\/wp-json\/wp\/v2\/posts\/44371\/revisions\/44373"}],"wp:featuredmedia":[{"embeddable":true,"href":"https:\/\/jornalboasnoticias.com.br\/home\/wp-json\/wp\/v2\/media\/44372"}],"wp:attachment":[{"href":"https:\/\/jornalboasnoticias.com.br\/home\/wp-json\/wp\/v2\/media?parent=44371"}],"wp:term":[{"taxonomy":"category","embeddable":true,"href":"https:\/\/jornalboasnoticias.com.br\/home\/wp-json\/wp\/v2\/categories?post=44371"},{"taxonomy":"post_tag","embeddable":true,"href":"https:\/\/jornalboasnoticias.com.br\/home\/wp-json\/wp\/v2\/tags?post=44371"}],"curies":[{"name":"wp","href":"https:\/\/api.w.org\/{rel}","templated":true}]}}