{"id":44365,"date":"2024-10-23T14:12:42","date_gmt":"2024-10-23T14:12:42","guid":{"rendered":"https:\/\/jornalboasnoticias.com.br\/home\/?p=44365"},"modified":"2024-10-23T14:12:42","modified_gmt":"2024-10-23T14:12:42","slug":"inscricoes-para-o-concurso-seda-parana-terminam-em-novembro","status":"publish","type":"post","link":"https:\/\/jornalboasnoticias.com.br\/home\/inscricoes-para-o-concurso-seda-parana-terminam-em-novembro\/","title":{"rendered":"Inscri\u00e7\u00f5es para o Concurso Seda Paran\u00e1 terminam em novembro"},"content":{"rendered":"<blockquote>\n<div class=\"not-escopo-destaque\">\n<div class=\"field field--name-field-escopo-destaque field--type-string-long field--label-hidden field--item\">Mulheres que atuam com a sericicultura t\u00eam at\u00e9 o dia 14 de novembro para se inscrever no Concurso Seda Paran\u00e1, promovido pelo governo do Estado. Ser\u00e3o selecionadas as melhores produtoras de fio de seda do Paran\u00e1: as duas sericicultoras que tiverem a maior produ\u00e7\u00e3o e a melhor qualidade ganhar\u00e3o uma viagem para a Fran\u00e7a, onde v\u00e3o participar do Festival da Seda, em Lyon.<\/div>\n<\/div>\n<\/blockquote>\n<div>\n<figure id=\"attachment_44366\" aria-describedby=\"caption-attachment-44366\" style=\"width: 2385px\" class=\"wp-caption alignnone\"><img loading=\"lazy\" decoding=\"async\" class=\"size-full wp-image-44366\" src=\"https:\/\/jornalboasnoticias.com.br\/home\/wp-content\/uploads\/2024\/10\/derivafoto2.jpg\" alt=\"\" width=\"2385\" height=\"1590\" srcset=\"https:\/\/jornalboasnoticias.com.br\/home\/wp-content\/uploads\/2024\/10\/derivafoto2.jpg 2385w, https:\/\/jornalboasnoticias.com.br\/home\/wp-content\/uploads\/2024\/10\/derivafoto2-300x200.jpg 300w, https:\/\/jornalboasnoticias.com.br\/home\/wp-content\/uploads\/2024\/10\/derivafoto2-1024x683.jpg 1024w, https:\/\/jornalboasnoticias.com.br\/home\/wp-content\/uploads\/2024\/10\/derivafoto2-768x512.jpg 768w, https:\/\/jornalboasnoticias.com.br\/home\/wp-content\/uploads\/2024\/10\/derivafoto2-1536x1024.jpg 1536w, https:\/\/jornalboasnoticias.com.br\/home\/wp-content\/uploads\/2024\/10\/derivafoto2-2048x1365.jpg 2048w, https:\/\/jornalboasnoticias.com.br\/home\/wp-content\/uploads\/2024\/10\/derivafoto2-900x600.jpg 900w\" sizes=\"auto, (max-width: 2385px) 100vw, 2385px\" \/><figcaption id=\"caption-attachment-44366\" class=\"wp-caption-text\">Foto: IDR<\/figcaption><\/figure>\n<p>Mulheres que atuam com a sericicultura t\u00eam at\u00e9 o dia 14 de novembro para se inscrever no Concurso Seda Paran\u00e1, promovido pelo governo do Estado. A iniciativa \u00e9 organizada pelo Instituto de Desenvolvimento Rural do Paran\u00e1 Iapar-Emater (IDR-Paran\u00e1), Secretaria de Estado da Agricultura e do Abastecimento (Seab) e a Prefeitura de Nova Esperan\u00e7a. Ser\u00e3o selecionadas as melhores produtoras de fio de seda do Paran\u00e1 e as duas sericicultoras que tiverem a maior produ\u00e7\u00e3o e a melhor qualidade ganhar\u00e3o uma viagem para a Fran\u00e7a, onde v\u00e3o participar do Festival da Seda, em Lyon.<\/p>\n<p>Qualquer mulher, com mais de 18 anos e que esteja \u00e0 frente da gest\u00e3o da propriedade, pode participar do Concurso Seda Paran\u00e1. As inscri\u00e7\u00f5es podem ser feitas nos munic\u00edpios onde h\u00e1 entrepostos de empresas que recebem casulos ou nos escrit\u00f3rios do IDR-Paran\u00e1. Ap\u00f3s apresentar a documenta\u00e7\u00e3o e preencher um formul\u00e1rio virtual, a produtora tem o compromisso de inserir, mensalmente, as notas que confirmam o volume de venda de casulos e o teor de seda. A partir da\u00ed os extensionistas do IDR-Paran\u00e1 fazem o lan\u00e7amento das informa\u00e7\u00f5es em uma planilha que vai levantar as maiores produ\u00e7\u00f5es. Uma comiss\u00e3o t\u00e9cnica vai analisar a produ\u00e7\u00e3o e apontar as vencedoras. O desempenho das sericicultoras ser\u00e1 avaliado at\u00e9 30 de maio de 2025. A cerim\u00f4nia de premia\u00e7\u00e3o ocorrer\u00e1 em agosto do pr\u00f3ximo ano e a viagem em novembro de 2025.<\/p>\n<p>O Paran\u00e1 \u00e9 l\u00edder nacional na sericicultura, produzindo 86% da seda do Brasil, seguido por S\u00e3o Paulo (10%) e Mato Grosso (4%). Grande parte dessa produ\u00e7\u00e3o tem origem em propriedades familiares, onde a sericicultura \u00e9 uma forma de diversificar a produ\u00e7\u00e3o, e as mulheres s\u00e3o parte importante dessa cadeia produtiva. De acordo com Gianna Maria Cirio, gerente da C\u00e2mara T\u00e9cnica do Complexo de Seda do Paran\u00e1, a cria\u00e7\u00e3o do bicho da seda \u00e9 uma atividade minuciosa que exige a observa\u00e7\u00e3o regular do plantel, cuidados com o manejo e alimenta\u00e7\u00e3o. Para ela, s\u00e3o atividades que as mulheres v\u00eam desempenhando com muita compet\u00eancia.<\/p>\n<p>O fio de seda paranaense \u00e9 exportado para a Fran\u00e7a, It\u00e1lia, Jap\u00e3o, \u00cdndia e China. No ano passado a sericicultura rendeu R$ 39,2 milh\u00f5es, com a produ\u00e7\u00e3o de 1,4 mil toneladas, de acordo com dados preliminares do Departamento de Economia Rural (Deral). O munic\u00edpio de Nova Esperan\u00e7a, considerado capital nacional da seda, lidera a produ\u00e7\u00e3o com 138,8 toneladas de casulos produzidos, em 277,6 hectares, que geraram um Valor Bruto da Produ\u00e7\u00e3o (VBP) de R$ 4,1 milh\u00f5es no ano passado. Dos 399 munic\u00edpios paranaenses, 153 atuam com a sericicultura. A atividade envolve cerca de 1,3 mil produtores no Estado.<\/p>\n<p><strong>MISS\u00c3O NA \u00cdNDIA &#8211;\u00a0<\/strong>O Governo do Paran\u00e1, por meio da Secretaria de Estado da Agricultura e do Abastecimento (Seab),<a href=\"https:\/\/www.aen.pr.gov.br\/Noticia\/Parana-firma-parceria-com-associacao-indiana-para-desenvolver-sericicultura\" target=\"_blank\" rel=\"noopener\">\u00a0firmou parceria com a Associa\u00e7\u00e3o da Seda da \u00cdndia (Silk Association of India &#8211; SAI)<\/a>\u00a0para apoio no desenvolvimento da cadeia da sericicultura no Paran\u00e1. As tratativas foram realizadas no \u00faltimo dia 15 de outubro durante miss\u00e3o da Seab para a \u00cdndia\u00a0para conhecer a experi\u00eancia milenar nessa que \u00e9 uma das mais importantes atividades agropecu\u00e1rias do pa\u00eds asi\u00e1tico.\u00a0A SAI \u00e9 uma organiza\u00e7\u00e3o n\u00e3o governamental sediada em Bangalore, que tem entre seus objetivos o desenvolvimento da ind\u00fastria da seda, a presta\u00e7\u00e3o de servi\u00e7os de consultoria e treinamento, o apoio tecnol\u00f3gico e o estabelecimento de la\u00e7os e parcerias com governos e organiza\u00e7\u00f5es que trabalham com essa cadeia dentro e fora da \u00cdndia.<\/p>\n<p>A comitiva liderada pelo secret\u00e1rio da Agricultura e do Abastecimento, Natalino Avance de Souza, tamb\u00e9m visitou o Instituto Tecnol\u00f3gico de Pesquisa da Seda (CSTRI), do Minist\u00e9rio de T\u00eaxteis da \u00cdndia, e a Central Silk Board, estatal dedicada a pesquisas, desenvolvimento e transfer\u00eancia de tecnologia.<\/p>\n<p>(aen)<\/p>\n<\/div>\n","protected":false},"excerpt":{"rendered":"<p>Mulheres que atuam com a sericicultura t\u00eam at\u00e9 o dia 14 de novembro para se<\/p>\n","protected":false},"author":4,"featured_media":44366,"comment_status":"open","ping_status":"open","sticky":false,"template":"","format":"standard","meta":{"footnotes":""},"categories":[3,4],"tags":[],"class_list":["post-44365","post","type-post","status-publish","format-standard","has-post-thumbnail","hentry","category-destaques","category-parana"],"yoast_head":"<!-- This site is optimized with the Yoast SEO plugin v27.5 - https:\/\/yoast.com\/product\/yoast-seo-wordpress\/ -->\n<title>Inscri\u00e7\u00f5es para o Concurso Seda Paran\u00e1 terminam em novembro - Jornal<\/title>\n<meta name=\"description\" content=\"Inscri\u00e7\u00f5es para o Concurso Seda Paran\u00e1 terminam em novembro\" \/>\n<meta name=\"robots\" content=\"index, follow, max-snippet:-1, max-image-preview:large, max-video-preview:-1\" \/>\n<link rel=\"canonical\" href=\"https:\/\/jornalboasnoticias.com.br\/home\/inscricoes-para-o-concurso-seda-parana-terminam-em-novembro\/\" \/>\n<meta property=\"og:locale\" content=\"pt_BR\" \/>\n<meta property=\"og:type\" content=\"article\" \/>\n<meta property=\"og:title\" content=\"Inscri\u00e7\u00f5es para o Concurso Seda Paran\u00e1 terminam em novembro - Jornal\" \/>\n<meta property=\"og:description\" content=\"Inscri\u00e7\u00f5es para o Concurso Seda Paran\u00e1 terminam em novembro\" \/>\n<meta property=\"og:url\" content=\"https:\/\/jornalboasnoticias.com.br\/home\/inscricoes-para-o-concurso-seda-parana-terminam-em-novembro\/\" \/>\n<meta property=\"og:site_name\" content=\"Jornal\" \/>\n<meta property=\"article:publisher\" content=\"https:\/\/www.facebook.com\/boasnoticiasjornal\" \/>\n<meta property=\"article:published_time\" content=\"2024-10-23T14:12:42+00:00\" \/>\n<meta property=\"og:image\" content=\"https:\/\/jornalboasnoticias.com.br\/home\/wp-content\/uploads\/2024\/10\/derivafoto2-1024x683.jpg\" \/>\n\t<meta property=\"og:image:width\" content=\"1024\" \/>\n\t<meta property=\"og:image:height\" content=\"683\" \/>\n\t<meta property=\"og:image:type\" content=\"image\/jpeg\" \/>\n<meta name=\"author\" content=\"Ana Luiza Bonatto\" \/>\n<meta name=\"twitter:card\" content=\"summary_large_image\" \/>\n<meta name=\"twitter:label1\" content=\"Escrito por\" \/>\n\t<meta name=\"twitter:data1\" content=\"Ana Luiza Bonatto\" \/>\n\t<meta name=\"twitter:label2\" content=\"Est. tempo de leitura\" \/>\n\t<meta name=\"twitter:data2\" content=\"4 minutos\" \/>\n<script type=\"application\/ld+json\" class=\"yoast-schema-graph\">{\"@context\":\"https:\\\/\\\/schema.org\",\"@graph\":[{\"@type\":\"Article\",\"@id\":\"https:\\\/\\\/jornalboasnoticias.com.br\\\/home\\\/inscricoes-para-o-concurso-seda-parana-terminam-em-novembro\\\/#article\",\"isPartOf\":{\"@id\":\"https:\\\/\\\/jornalboasnoticias.com.br\\\/home\\\/inscricoes-para-o-concurso-seda-parana-terminam-em-novembro\\\/\"},\"author\":{\"name\":\"Ana Luiza Bonatto\",\"@id\":\"https:\\\/\\\/jornalboasnoticias.com.br\\\/home\\\/#\\\/schema\\\/person\\\/d641193e0afc6405b390164dac847971\"},\"headline\":\"Inscri\u00e7\u00f5es para o Concurso Seda Paran\u00e1 terminam em novembro\",\"datePublished\":\"2024-10-23T14:12:42+00:00\",\"mainEntityOfPage\":{\"@id\":\"https:\\\/\\\/jornalboasnoticias.com.br\\\/home\\\/inscricoes-para-o-concurso-seda-parana-terminam-em-novembro\\\/\"},\"wordCount\":733,\"commentCount\":0,\"publisher\":{\"@id\":\"https:\\\/\\\/jornalboasnoticias.com.br\\\/home\\\/#organization\"},\"image\":{\"@id\":\"https:\\\/\\\/jornalboasnoticias.com.br\\\/home\\\/inscricoes-para-o-concurso-seda-parana-terminam-em-novembro\\\/#primaryimage\"},\"thumbnailUrl\":\"https:\\\/\\\/jornalboasnoticias.com.br\\\/home\\\/wp-content\\\/uploads\\\/2024\\\/10\\\/derivafoto2.jpg\",\"articleSection\":[\"DESTAQUE\",\"PARAN\u00c1\"],\"inLanguage\":\"pt-BR\",\"potentialAction\":[{\"@type\":\"CommentAction\",\"name\":\"Comment\",\"target\":[\"https:\\\/\\\/jornalboasnoticias.com.br\\\/home\\\/inscricoes-para-o-concurso-seda-parana-terminam-em-novembro\\\/#respond\"]}]},{\"@type\":\"WebPage\",\"@id\":\"https:\\\/\\\/jornalboasnoticias.com.br\\\/home\\\/inscricoes-para-o-concurso-seda-parana-terminam-em-novembro\\\/\",\"url\":\"https:\\\/\\\/jornalboasnoticias.com.br\\\/home\\\/inscricoes-para-o-concurso-seda-parana-terminam-em-novembro\\\/\",\"name\":\"Inscri\u00e7\u00f5es para o Concurso Seda Paran\u00e1 terminam em novembro - Jornal\",\"isPartOf\":{\"@id\":\"https:\\\/\\\/jornalboasnoticias.com.br\\\/home\\\/#website\"},\"primaryImageOfPage\":{\"@id\":\"https:\\\/\\\/jornalboasnoticias.com.br\\\/home\\\/inscricoes-para-o-concurso-seda-parana-terminam-em-novembro\\\/#primaryimage\"},\"image\":{\"@id\":\"https:\\\/\\\/jornalboasnoticias.com.br\\\/home\\\/inscricoes-para-o-concurso-seda-parana-terminam-em-novembro\\\/#primaryimage\"},\"thumbnailUrl\":\"https:\\\/\\\/jornalboasnoticias.com.br\\\/home\\\/wp-content\\\/uploads\\\/2024\\\/10\\\/derivafoto2.jpg\",\"datePublished\":\"2024-10-23T14:12:42+00:00\",\"description\":\"Inscri\u00e7\u00f5es para o Concurso Seda Paran\u00e1 terminam em novembro\",\"breadcrumb\":{\"@id\":\"https:\\\/\\\/jornalboasnoticias.com.br\\\/home\\\/inscricoes-para-o-concurso-seda-parana-terminam-em-novembro\\\/#breadcrumb\"},\"inLanguage\":\"pt-BR\",\"potentialAction\":[{\"@type\":\"ReadAction\",\"target\":[\"https:\\\/\\\/jornalboasnoticias.com.br\\\/home\\\/inscricoes-para-o-concurso-seda-parana-terminam-em-novembro\\\/\"]}]},{\"@type\":\"ImageObject\",\"inLanguage\":\"pt-BR\",\"@id\":\"https:\\\/\\\/jornalboasnoticias.com.br\\\/home\\\/inscricoes-para-o-concurso-seda-parana-terminam-em-novembro\\\/#primaryimage\",\"url\":\"https:\\\/\\\/jornalboasnoticias.com.br\\\/home\\\/wp-content\\\/uploads\\\/2024\\\/10\\\/derivafoto2.jpg\",\"contentUrl\":\"https:\\\/\\\/jornalboasnoticias.com.br\\\/home\\\/wp-content\\\/uploads\\\/2024\\\/10\\\/derivafoto2.jpg\",\"width\":2385,\"height\":1590,\"caption\":\"Foto: IDR\"},{\"@type\":\"BreadcrumbList\",\"@id\":\"https:\\\/\\\/jornalboasnoticias.com.br\\\/home\\\/inscricoes-para-o-concurso-seda-parana-terminam-em-novembro\\\/#breadcrumb\",\"itemListElement\":[{\"@type\":\"ListItem\",\"position\":1,\"name\":\"In\u00edcio\",\"item\":\"https:\\\/\\\/jornalboasnoticias.com.br\\\/home\\\/\"},{\"@type\":\"ListItem\",\"position\":2,\"name\":\"Inscri\u00e7\u00f5es para o Concurso Seda Paran\u00e1 terminam em novembro\"}]},{\"@type\":\"WebSite\",\"@id\":\"https:\\\/\\\/jornalboasnoticias.com.br\\\/home\\\/#website\",\"url\":\"https:\\\/\\\/jornalboasnoticias.com.br\\\/home\\\/\",\"name\":\"Jornal Boas Not\u00edcias\",\"description\":\"Boas not\u00edcias\",\"publisher\":{\"@id\":\"https:\\\/\\\/jornalboasnoticias.com.br\\\/home\\\/#organization\"},\"potentialAction\":[{\"@type\":\"SearchAction\",\"target\":{\"@type\":\"EntryPoint\",\"urlTemplate\":\"https:\\\/\\\/jornalboasnoticias.com.br\\\/home\\\/?s={search_term_string}\"},\"query-input\":{\"@type\":\"PropertyValueSpecification\",\"valueRequired\":true,\"valueName\":\"search_term_string\"}}],\"inLanguage\":\"pt-BR\"},{\"@type\":\"Organization\",\"@id\":\"https:\\\/\\\/jornalboasnoticias.com.br\\\/home\\\/#organization\",\"name\":\"Coq Editora Ltda\",\"alternateName\":\"Jornal Boas Noticias\",\"url\":\"https:\\\/\\\/jornalboasnoticias.com.br\\\/home\\\/\",\"logo\":{\"@type\":\"ImageObject\",\"inLanguage\":\"pt-BR\",\"@id\":\"https:\\\/\\\/jornalboasnoticias.com.br\\\/home\\\/#\\\/schema\\\/logo\\\/image\\\/\",\"url\":\"https:\\\/\\\/jornalboasnoticias.com.br\\\/home\\\/wp-content\\\/uploads\\\/2024\\\/07\\\/cropped-logo.jpg\",\"contentUrl\":\"https:\\\/\\\/jornalboasnoticias.com.br\\\/home\\\/wp-content\\\/uploads\\\/2024\\\/07\\\/cropped-logo.jpg\",\"width\":290,\"height\":142,\"caption\":\"Coq Editora Ltda\"},\"image\":{\"@id\":\"https:\\\/\\\/jornalboasnoticias.com.br\\\/home\\\/#\\\/schema\\\/logo\\\/image\\\/\"},\"sameAs\":[\"https:\\\/\\\/www.facebook.com\\\/boasnoticiasjornal\"]},{\"@type\":\"Person\",\"@id\":\"https:\\\/\\\/jornalboasnoticias.com.br\\\/home\\\/#\\\/schema\\\/person\\\/d641193e0afc6405b390164dac847971\",\"name\":\"Ana Luiza Bonatto\",\"image\":{\"@type\":\"ImageObject\",\"inLanguage\":\"pt-BR\",\"@id\":\"https:\\\/\\\/secure.gravatar.com\\\/avatar\\\/8a055ebe6373371f67ac6fcf313c0ac0b0a91157fdcdb9514fa62927373348f0?s=96&d=mm&r=g\",\"url\":\"https:\\\/\\\/secure.gravatar.com\\\/avatar\\\/8a055ebe6373371f67ac6fcf313c0ac0b0a91157fdcdb9514fa62927373348f0?s=96&d=mm&r=g\",\"contentUrl\":\"https:\\\/\\\/secure.gravatar.com\\\/avatar\\\/8a055ebe6373371f67ac6fcf313c0ac0b0a91157fdcdb9514fa62927373348f0?s=96&d=mm&r=g\",\"caption\":\"Ana Luiza Bonatto\"},\"url\":\"https:\\\/\\\/jornalboasnoticias.com.br\\\/home\\\/author\\\/ana-luiza\\\/\"}]}<\/script>\n<!-- \/ Yoast SEO plugin. -->","yoast_head_json":{"title":"Inscri\u00e7\u00f5es para o Concurso Seda Paran\u00e1 terminam em novembro - Jornal","description":"Inscri\u00e7\u00f5es para o Concurso Seda Paran\u00e1 terminam em novembro","robots":{"index":"index","follow":"follow","max-snippet":"max-snippet:-1","max-image-preview":"max-image-preview:large","max-video-preview":"max-video-preview:-1"},"canonical":"https:\/\/jornalboasnoticias.com.br\/home\/inscricoes-para-o-concurso-seda-parana-terminam-em-novembro\/","og_locale":"pt_BR","og_type":"article","og_title":"Inscri\u00e7\u00f5es para o Concurso Seda Paran\u00e1 terminam em novembro - Jornal","og_description":"Inscri\u00e7\u00f5es para o Concurso Seda Paran\u00e1 terminam em novembro","og_url":"https:\/\/jornalboasnoticias.com.br\/home\/inscricoes-para-o-concurso-seda-parana-terminam-em-novembro\/","og_site_name":"Jornal","article_publisher":"https:\/\/www.facebook.com\/boasnoticiasjornal","article_published_time":"2024-10-23T14:12:42+00:00","og_image":[{"width":1024,"height":683,"url":"https:\/\/jornalboasnoticias.com.br\/home\/wp-content\/uploads\/2024\/10\/derivafoto2-1024x683.jpg","type":"image\/jpeg"}],"author":"Ana Luiza Bonatto","twitter_card":"summary_large_image","twitter_misc":{"Escrito por":"Ana Luiza Bonatto","Est. tempo de leitura":"4 minutos"},"schema":{"@context":"https:\/\/schema.org","@graph":[{"@type":"Article","@id":"https:\/\/jornalboasnoticias.com.br\/home\/inscricoes-para-o-concurso-seda-parana-terminam-em-novembro\/#article","isPartOf":{"@id":"https:\/\/jornalboasnoticias.com.br\/home\/inscricoes-para-o-concurso-seda-parana-terminam-em-novembro\/"},"author":{"name":"Ana Luiza Bonatto","@id":"https:\/\/jornalboasnoticias.com.br\/home\/#\/schema\/person\/d641193e0afc6405b390164dac847971"},"headline":"Inscri\u00e7\u00f5es para o Concurso Seda Paran\u00e1 terminam em novembro","datePublished":"2024-10-23T14:12:42+00:00","mainEntityOfPage":{"@id":"https:\/\/jornalboasnoticias.com.br\/home\/inscricoes-para-o-concurso-seda-parana-terminam-em-novembro\/"},"wordCount":733,"commentCount":0,"publisher":{"@id":"https:\/\/jornalboasnoticias.com.br\/home\/#organization"},"image":{"@id":"https:\/\/jornalboasnoticias.com.br\/home\/inscricoes-para-o-concurso-seda-parana-terminam-em-novembro\/#primaryimage"},"thumbnailUrl":"https:\/\/jornalboasnoticias.com.br\/home\/wp-content\/uploads\/2024\/10\/derivafoto2.jpg","articleSection":["DESTAQUE","PARAN\u00c1"],"inLanguage":"pt-BR","potentialAction":[{"@type":"CommentAction","name":"Comment","target":["https:\/\/jornalboasnoticias.com.br\/home\/inscricoes-para-o-concurso-seda-parana-terminam-em-novembro\/#respond"]}]},{"@type":"WebPage","@id":"https:\/\/jornalboasnoticias.com.br\/home\/inscricoes-para-o-concurso-seda-parana-terminam-em-novembro\/","url":"https:\/\/jornalboasnoticias.com.br\/home\/inscricoes-para-o-concurso-seda-parana-terminam-em-novembro\/","name":"Inscri\u00e7\u00f5es para o Concurso Seda Paran\u00e1 terminam em novembro - Jornal","isPartOf":{"@id":"https:\/\/jornalboasnoticias.com.br\/home\/#website"},"primaryImageOfPage":{"@id":"https:\/\/jornalboasnoticias.com.br\/home\/inscricoes-para-o-concurso-seda-parana-terminam-em-novembro\/#primaryimage"},"image":{"@id":"https:\/\/jornalboasnoticias.com.br\/home\/inscricoes-para-o-concurso-seda-parana-terminam-em-novembro\/#primaryimage"},"thumbnailUrl":"https:\/\/jornalboasnoticias.com.br\/home\/wp-content\/uploads\/2024\/10\/derivafoto2.jpg","datePublished":"2024-10-23T14:12:42+00:00","description":"Inscri\u00e7\u00f5es para o Concurso Seda Paran\u00e1 terminam em novembro","breadcrumb":{"@id":"https:\/\/jornalboasnoticias.com.br\/home\/inscricoes-para-o-concurso-seda-parana-terminam-em-novembro\/#breadcrumb"},"inLanguage":"pt-BR","potentialAction":[{"@type":"ReadAction","target":["https:\/\/jornalboasnoticias.com.br\/home\/inscricoes-para-o-concurso-seda-parana-terminam-em-novembro\/"]}]},{"@type":"ImageObject","inLanguage":"pt-BR","@id":"https:\/\/jornalboasnoticias.com.br\/home\/inscricoes-para-o-concurso-seda-parana-terminam-em-novembro\/#primaryimage","url":"https:\/\/jornalboasnoticias.com.br\/home\/wp-content\/uploads\/2024\/10\/derivafoto2.jpg","contentUrl":"https:\/\/jornalboasnoticias.com.br\/home\/wp-content\/uploads\/2024\/10\/derivafoto2.jpg","width":2385,"height":1590,"caption":"Foto: IDR"},{"@type":"BreadcrumbList","@id":"https:\/\/jornalboasnoticias.com.br\/home\/inscricoes-para-o-concurso-seda-parana-terminam-em-novembro\/#breadcrumb","itemListElement":[{"@type":"ListItem","position":1,"name":"In\u00edcio","item":"https:\/\/jornalboasnoticias.com.br\/home\/"},{"@type":"ListItem","position":2,"name":"Inscri\u00e7\u00f5es para o Concurso Seda Paran\u00e1 terminam em novembro"}]},{"@type":"WebSite","@id":"https:\/\/jornalboasnoticias.com.br\/home\/#website","url":"https:\/\/jornalboasnoticias.com.br\/home\/","name":"Jornal Boas Not\u00edcias","description":"Boas not\u00edcias","publisher":{"@id":"https:\/\/jornalboasnoticias.com.br\/home\/#organization"},"potentialAction":[{"@type":"SearchAction","target":{"@type":"EntryPoint","urlTemplate":"https:\/\/jornalboasnoticias.com.br\/home\/?s={search_term_string}"},"query-input":{"@type":"PropertyValueSpecification","valueRequired":true,"valueName":"search_term_string"}}],"inLanguage":"pt-BR"},{"@type":"Organization","@id":"https:\/\/jornalboasnoticias.com.br\/home\/#organization","name":"Coq Editora Ltda","alternateName":"Jornal Boas Noticias","url":"https:\/\/jornalboasnoticias.com.br\/home\/","logo":{"@type":"ImageObject","inLanguage":"pt-BR","@id":"https:\/\/jornalboasnoticias.com.br\/home\/#\/schema\/logo\/image\/","url":"https:\/\/jornalboasnoticias.com.br\/home\/wp-content\/uploads\/2024\/07\/cropped-logo.jpg","contentUrl":"https:\/\/jornalboasnoticias.com.br\/home\/wp-content\/uploads\/2024\/07\/cropped-logo.jpg","width":290,"height":142,"caption":"Coq Editora Ltda"},"image":{"@id":"https:\/\/jornalboasnoticias.com.br\/home\/#\/schema\/logo\/image\/"},"sameAs":["https:\/\/www.facebook.com\/boasnoticiasjornal"]},{"@type":"Person","@id":"https:\/\/jornalboasnoticias.com.br\/home\/#\/schema\/person\/d641193e0afc6405b390164dac847971","name":"Ana Luiza Bonatto","image":{"@type":"ImageObject","inLanguage":"pt-BR","@id":"https:\/\/secure.gravatar.com\/avatar\/8a055ebe6373371f67ac6fcf313c0ac0b0a91157fdcdb9514fa62927373348f0?s=96&d=mm&r=g","url":"https:\/\/secure.gravatar.com\/avatar\/8a055ebe6373371f67ac6fcf313c0ac0b0a91157fdcdb9514fa62927373348f0?s=96&d=mm&r=g","contentUrl":"https:\/\/secure.gravatar.com\/avatar\/8a055ebe6373371f67ac6fcf313c0ac0b0a91157fdcdb9514fa62927373348f0?s=96&d=mm&r=g","caption":"Ana Luiza Bonatto"},"url":"https:\/\/jornalboasnoticias.com.br\/home\/author\/ana-luiza\/"}]}},"_links":{"self":[{"href":"https:\/\/jornalboasnoticias.com.br\/home\/wp-json\/wp\/v2\/posts\/44365","targetHints":{"allow":["GET"]}}],"collection":[{"href":"https:\/\/jornalboasnoticias.com.br\/home\/wp-json\/wp\/v2\/posts"}],"about":[{"href":"https:\/\/jornalboasnoticias.com.br\/home\/wp-json\/wp\/v2\/types\/post"}],"author":[{"embeddable":true,"href":"https:\/\/jornalboasnoticias.com.br\/home\/wp-json\/wp\/v2\/users\/4"}],"replies":[{"embeddable":true,"href":"https:\/\/jornalboasnoticias.com.br\/home\/wp-json\/wp\/v2\/comments?post=44365"}],"version-history":[{"count":1,"href":"https:\/\/jornalboasnoticias.com.br\/home\/wp-json\/wp\/v2\/posts\/44365\/revisions"}],"predecessor-version":[{"id":44367,"href":"https:\/\/jornalboasnoticias.com.br\/home\/wp-json\/wp\/v2\/posts\/44365\/revisions\/44367"}],"wp:featuredmedia":[{"embeddable":true,"href":"https:\/\/jornalboasnoticias.com.br\/home\/wp-json\/wp\/v2\/media\/44366"}],"wp:attachment":[{"href":"https:\/\/jornalboasnoticias.com.br\/home\/wp-json\/wp\/v2\/media?parent=44365"}],"wp:term":[{"taxonomy":"category","embeddable":true,"href":"https:\/\/jornalboasnoticias.com.br\/home\/wp-json\/wp\/v2\/categories?post=44365"},{"taxonomy":"post_tag","embeddable":true,"href":"https:\/\/jornalboasnoticias.com.br\/home\/wp-json\/wp\/v2\/tags?post=44365"}],"curies":[{"name":"wp","href":"https:\/\/api.w.org\/{rel}","templated":true}]}}