{"id":44362,"date":"2024-10-23T14:11:01","date_gmt":"2024-10-23T14:11:01","guid":{"rendered":"https:\/\/jornalboasnoticias.com.br\/home\/?p=44362"},"modified":"2024-10-23T14:11:01","modified_gmt":"2024-10-23T14:11:01","slug":"sustentabilidade-sanepar-inaugura-jardim-de-agua-e-mel-em-pirai-do-sul","status":"publish","type":"post","link":"https:\/\/jornalboasnoticias.com.br\/home\/sustentabilidade-sanepar-inaugura-jardim-de-agua-e-mel-em-pirai-do-sul\/","title":{"rendered":"Sustentabilidade: Sanepar inaugura Jardim de \u00c1gua e Mel em Pira\u00ed do Sul"},"content":{"rendered":"<blockquote>\n<div class=\"not-escopo-destaque\">\n<div class=\"field field--name-field-escopo-destaque field--type-string-long field--label-hidden field--item\">Projeto educativo da Companhia incentiva a cria\u00e7\u00e3o de abelhas nativas sem ferr\u00e3o e promove a sustentabilidade. Os professores poder\u00e3o utilizar o espa\u00e7o como ferramenta de apoio ao conte\u00fado educacional ligado aos temas de biodiversidade, da flora, do meio ambiente e, principalmente, dos cuidados com a \u00e1gua.<\/div>\n<\/div>\n<\/blockquote>\n<div>\n<figure id=\"attachment_44363\" aria-describedby=\"caption-attachment-44363\" style=\"width: 746px\" class=\"wp-caption alignnone\"><img loading=\"lazy\" decoding=\"async\" class=\"size-full wp-image-44363\" src=\"https:\/\/jornalboasnoticias.com.br\/home\/wp-content\/uploads\/2024\/10\/241022_pirai_do_sul_jd_de_mel_1_credito_prefeitura.jpg\" alt=\"\" width=\"746\" height=\"497\" srcset=\"https:\/\/jornalboasnoticias.com.br\/home\/wp-content\/uploads\/2024\/10\/241022_pirai_do_sul_jd_de_mel_1_credito_prefeitura.jpg 746w, https:\/\/jornalboasnoticias.com.br\/home\/wp-content\/uploads\/2024\/10\/241022_pirai_do_sul_jd_de_mel_1_credito_prefeitura-300x200.jpg 300w\" sizes=\"auto, (max-width: 746px) 100vw, 746px\" \/><figcaption id=\"caption-attachment-44363\" class=\"wp-caption-text\">Foto: Prefeitura de Pira\u00ed do Sul<\/figcaption><\/figure>\n<div class=\"row\">\n<div class=\"col-sm-8 col-md-offset-1 bloco-central\">\n<article class=\"node node--type-noticia node--promoted node--view-mode-full clearfix\" role=\"article\" data-history-node-id=\"69478\">\n<div class=\"node__content clearfix\">\n<div class=\"field field--name-field-texto field--type-text-long field--label-hidden field--item\">\n<p>A Sanepar inaugurou ter\u00e7a-feira (22) mais um Jardim de \u00c1gua e Mel, desta vez em Pira\u00ed do Sul, nos Campos Gerais. Com o apoio da Prefeitura e da Secretaria de Educa\u00e7\u00e3o do Munic\u00edpio, a estrutura foi instalada na\u00a0Escola Municipal Luc\u00edlia Penteado de Ara\u00fajo, e vai beneficiar em torno de 200 alunos do ensino fundamental.<\/p>\n<p>O Jardim de \u00c1gua e Mel funciona como um espa\u00e7o de educa\u00e7\u00e3o socioambiental, e tem como objetivo\u00a0promover a cultura de sustentabilidade.\u00a0Os professores poder\u00e3o utilizar o espa\u00e7o como ferramenta de apoio ao conte\u00fado educacional ligado aos temas de biodiversidade, da flora, do meio ambiente e, principalmente, dos cuidados com a \u00e1gua.<\/p>\n<p>\u201cComo sabemos, as abelhas desempenham um papel fundamental para a vida na terra por meio da poliniza\u00e7\u00e3o, inclusive contribuindo para a preserva\u00e7\u00e3o dos recursos h\u00eddricos. Ent\u00e3o, o espa\u00e7o pode servir para aulas interativas, auxiliando a despertar nos alunos a percep\u00e7\u00e3o da rela\u00e7\u00e3o do homem com a natureza\u201d, explica a gestora de educa\u00e7\u00e3o socioambiental da Sanepar, Crislaine Mendes.<\/p>\n<p>A estrutura instalada \u00e9 composta por tr\u00eas colmeias de abelhas sem ferr\u00e3o, de esp\u00e9cies nativas, como\u00a0Jata\u00ed, Mirim e Manda\u00e7aia,\u00a0al\u00e9m de deck, bancos e uma diversidade de flores e outras plantas. A gestora destaca que, para que os jardins funcionem adequadamente, a participa\u00e7\u00e3o dos alunos, professores e da comunidade \u00e9 fundamental. Para isso, alunos e professores foram orientados sobre a manuten\u00e7\u00e3o do espa\u00e7o e manejo das colmeias.<\/p>\n<p>O prefeito de Pira\u00ed do Sul,\u00a0Henrique Carneiro, destacou que a educa\u00e7\u00e3o ambiental \u00e9 um dos pilares para a constru\u00e7\u00e3o de uma cidade mais sustent\u00e1vel, criando uma consci\u00eancia coletiva sobre a import\u00e2ncia de cuidar do meio ambiente.<\/p>\n<p>Os Jardins de \u00c1gua e Mel fazem parte do Projeto T\u00e9cnico Social das obras de amplia\u00e7\u00e3o do sistema de coleta e tratamento de esgoto que a Sanepar est\u00e1 realizando na Vila Nossa Senhora Aparecida, em Pira\u00ed do Sul.\u00a0\u00a0\u201cNo m\u00eas de novembro, tamb\u00e9m no desenvolvimento do Projeto T\u00e9cnico Social em obras, estaremos inaugurando mais dois Jardins de \u00c1gua e Mel em escolas municipais de Tel\u00eamaco Borba\u201d, adianta Crislaine.<\/p>\n<p><strong>SANEAMENTO \u2013\u00a0<\/strong>As obras de expans\u00e3o da rede coletora de esgoto em Pira\u00ed do Sul v\u00e3o beneficiar diretamente 230 fam\u00edlias na Vila Nossa Senhora Aparecida. Est\u00e3o sendo instalados 3,5 mil metros de novas redes coletoras, liga\u00e7\u00f5es de esgoto e uma esta\u00e7\u00e3o elevat\u00f3ria, que deve ser conclu\u00edda at\u00e9 o fim do ano. Para isso, a Sanepar est\u00e1 investindo, com recursos pr\u00f3prios da Companhia, cerca de R$ 1 milh\u00e3o.<\/p>\n<p>(AEN)<\/p>\n<\/div>\n<\/div>\n<\/article>\n<\/div>\n<\/div>\n<div class=\"row\">\n<div class=\"col-sm-12\">\n<div id=\"medias\">\n<div id=\"gallery-news\">\n<div class=\"field field--name-field-galeria field--type-entity-reference field--label-hidden field--item\">\n<div>\n<div class=\"slick-wrapper slick-wrapper--asnavfor slick-wrapper--default slick-wrapper--v-tn slick-wrapper--tn-right\">\n<div id=\"slick-media-galeria-de-imagens-media-slideshow-midia-anexada-em-outro-node-617115-1-thumbnail\" class=\"slick slick--vertical slick--optionset--galeira-thumbnail-vertical slick--thumbnail slick--initialized\"><\/div>\n<\/div>\n<\/div>\n<\/div>\n<\/div>\n<\/div>\n<\/div>\n<\/div>\n<\/div>\n","protected":false},"excerpt":{"rendered":"<p>Projeto educativo da Companhia incentiva a cria\u00e7\u00e3o de abelhas nativas sem ferr\u00e3o e promove a<\/p>\n","protected":false},"author":4,"featured_media":44363,"comment_status":"open","ping_status":"open","sticky":false,"template":"","format":"standard","meta":{"footnotes":""},"categories":[3,4],"tags":[],"class_list":["post-44362","post","type-post","status-publish","format-standard","has-post-thumbnail","hentry","category-destaques","category-parana"],"yoast_head":"<!-- This site is optimized with the Yoast SEO plugin v27.5 - https:\/\/yoast.com\/product\/yoast-seo-wordpress\/ -->\n<title>Sustentabilidade: Sanepar inaugura Jardim de \u00c1gua e Mel em Pira\u00ed do Sul - Jornal<\/title>\n<meta name=\"description\" content=\"Sustentabilidade: Sanepar inaugura Jardim de \u00c1gua e Mel em Pira\u00ed do Sul\" \/>\n<meta name=\"robots\" content=\"index, follow, max-snippet:-1, max-image-preview:large, max-video-preview:-1\" \/>\n<link rel=\"canonical\" href=\"https:\/\/jornalboasnoticias.com.br\/home\/sustentabilidade-sanepar-inaugura-jardim-de-agua-e-mel-em-pirai-do-sul\/\" \/>\n<meta property=\"og:locale\" content=\"pt_BR\" \/>\n<meta property=\"og:type\" content=\"article\" \/>\n<meta property=\"og:title\" content=\"Sustentabilidade: Sanepar inaugura Jardim de \u00c1gua e Mel em Pira\u00ed do Sul - Jornal\" \/>\n<meta property=\"og:description\" content=\"Sustentabilidade: Sanepar inaugura Jardim de \u00c1gua e Mel em Pira\u00ed do Sul\" \/>\n<meta property=\"og:url\" content=\"https:\/\/jornalboasnoticias.com.br\/home\/sustentabilidade-sanepar-inaugura-jardim-de-agua-e-mel-em-pirai-do-sul\/\" \/>\n<meta property=\"og:site_name\" content=\"Jornal\" \/>\n<meta property=\"article:publisher\" content=\"https:\/\/www.facebook.com\/boasnoticiasjornal\" \/>\n<meta property=\"article:published_time\" content=\"2024-10-23T14:11:01+00:00\" \/>\n<meta property=\"og:image\" content=\"https:\/\/jornalboasnoticias.com.br\/home\/wp-content\/uploads\/2024\/10\/241022_pirai_do_sul_jd_de_mel_1_credito_prefeitura.jpg\" \/>\n\t<meta property=\"og:image:width\" content=\"746\" \/>\n\t<meta property=\"og:image:height\" content=\"497\" \/>\n\t<meta property=\"og:image:type\" content=\"image\/jpeg\" \/>\n<meta name=\"author\" content=\"Ana Luiza Bonatto\" \/>\n<meta name=\"twitter:card\" content=\"summary_large_image\" \/>\n<meta name=\"twitter:label1\" content=\"Escrito por\" \/>\n\t<meta name=\"twitter:data1\" content=\"Ana Luiza Bonatto\" \/>\n\t<meta name=\"twitter:label2\" content=\"Est. tempo de leitura\" \/>\n\t<meta name=\"twitter:data2\" content=\"3 minutos\" \/>\n<script type=\"application\/ld+json\" class=\"yoast-schema-graph\">{\"@context\":\"https:\\\/\\\/schema.org\",\"@graph\":[{\"@type\":\"Article\",\"@id\":\"https:\\\/\\\/jornalboasnoticias.com.br\\\/home\\\/sustentabilidade-sanepar-inaugura-jardim-de-agua-e-mel-em-pirai-do-sul\\\/#article\",\"isPartOf\":{\"@id\":\"https:\\\/\\\/jornalboasnoticias.com.br\\\/home\\\/sustentabilidade-sanepar-inaugura-jardim-de-agua-e-mel-em-pirai-do-sul\\\/\"},\"author\":{\"name\":\"Ana Luiza Bonatto\",\"@id\":\"https:\\\/\\\/jornalboasnoticias.com.br\\\/home\\\/#\\\/schema\\\/person\\\/d641193e0afc6405b390164dac847971\"},\"headline\":\"Sustentabilidade: Sanepar inaugura Jardim de \u00c1gua e Mel em Pira\u00ed do Sul\",\"datePublished\":\"2024-10-23T14:11:01+00:00\",\"mainEntityOfPage\":{\"@id\":\"https:\\\/\\\/jornalboasnoticias.com.br\\\/home\\\/sustentabilidade-sanepar-inaugura-jardim-de-agua-e-mel-em-pirai-do-sul\\\/\"},\"wordCount\":519,\"commentCount\":0,\"publisher\":{\"@id\":\"https:\\\/\\\/jornalboasnoticias.com.br\\\/home\\\/#organization\"},\"image\":{\"@id\":\"https:\\\/\\\/jornalboasnoticias.com.br\\\/home\\\/sustentabilidade-sanepar-inaugura-jardim-de-agua-e-mel-em-pirai-do-sul\\\/#primaryimage\"},\"thumbnailUrl\":\"https:\\\/\\\/jornalboasnoticias.com.br\\\/home\\\/wp-content\\\/uploads\\\/2024\\\/10\\\/241022_pirai_do_sul_jd_de_mel_1_credito_prefeitura.jpg\",\"articleSection\":[\"DESTAQUE\",\"PARAN\u00c1\"],\"inLanguage\":\"pt-BR\",\"potentialAction\":[{\"@type\":\"CommentAction\",\"name\":\"Comment\",\"target\":[\"https:\\\/\\\/jornalboasnoticias.com.br\\\/home\\\/sustentabilidade-sanepar-inaugura-jardim-de-agua-e-mel-em-pirai-do-sul\\\/#respond\"]}]},{\"@type\":\"WebPage\",\"@id\":\"https:\\\/\\\/jornalboasnoticias.com.br\\\/home\\\/sustentabilidade-sanepar-inaugura-jardim-de-agua-e-mel-em-pirai-do-sul\\\/\",\"url\":\"https:\\\/\\\/jornalboasnoticias.com.br\\\/home\\\/sustentabilidade-sanepar-inaugura-jardim-de-agua-e-mel-em-pirai-do-sul\\\/\",\"name\":\"Sustentabilidade: Sanepar inaugura Jardim de \u00c1gua e Mel em Pira\u00ed do Sul - Jornal\",\"isPartOf\":{\"@id\":\"https:\\\/\\\/jornalboasnoticias.com.br\\\/home\\\/#website\"},\"primaryImageOfPage\":{\"@id\":\"https:\\\/\\\/jornalboasnoticias.com.br\\\/home\\\/sustentabilidade-sanepar-inaugura-jardim-de-agua-e-mel-em-pirai-do-sul\\\/#primaryimage\"},\"image\":{\"@id\":\"https:\\\/\\\/jornalboasnoticias.com.br\\\/home\\\/sustentabilidade-sanepar-inaugura-jardim-de-agua-e-mel-em-pirai-do-sul\\\/#primaryimage\"},\"thumbnailUrl\":\"https:\\\/\\\/jornalboasnoticias.com.br\\\/home\\\/wp-content\\\/uploads\\\/2024\\\/10\\\/241022_pirai_do_sul_jd_de_mel_1_credito_prefeitura.jpg\",\"datePublished\":\"2024-10-23T14:11:01+00:00\",\"description\":\"Sustentabilidade: Sanepar inaugura Jardim de \u00c1gua e Mel em Pira\u00ed do Sul\",\"breadcrumb\":{\"@id\":\"https:\\\/\\\/jornalboasnoticias.com.br\\\/home\\\/sustentabilidade-sanepar-inaugura-jardim-de-agua-e-mel-em-pirai-do-sul\\\/#breadcrumb\"},\"inLanguage\":\"pt-BR\",\"potentialAction\":[{\"@type\":\"ReadAction\",\"target\":[\"https:\\\/\\\/jornalboasnoticias.com.br\\\/home\\\/sustentabilidade-sanepar-inaugura-jardim-de-agua-e-mel-em-pirai-do-sul\\\/\"]}]},{\"@type\":\"ImageObject\",\"inLanguage\":\"pt-BR\",\"@id\":\"https:\\\/\\\/jornalboasnoticias.com.br\\\/home\\\/sustentabilidade-sanepar-inaugura-jardim-de-agua-e-mel-em-pirai-do-sul\\\/#primaryimage\",\"url\":\"https:\\\/\\\/jornalboasnoticias.com.br\\\/home\\\/wp-content\\\/uploads\\\/2024\\\/10\\\/241022_pirai_do_sul_jd_de_mel_1_credito_prefeitura.jpg\",\"contentUrl\":\"https:\\\/\\\/jornalboasnoticias.com.br\\\/home\\\/wp-content\\\/uploads\\\/2024\\\/10\\\/241022_pirai_do_sul_jd_de_mel_1_credito_prefeitura.jpg\",\"width\":746,\"height\":497,\"caption\":\"Foto: Prefeitura de Pira\u00ed do Sul\"},{\"@type\":\"BreadcrumbList\",\"@id\":\"https:\\\/\\\/jornalboasnoticias.com.br\\\/home\\\/sustentabilidade-sanepar-inaugura-jardim-de-agua-e-mel-em-pirai-do-sul\\\/#breadcrumb\",\"itemListElement\":[{\"@type\":\"ListItem\",\"position\":1,\"name\":\"In\u00edcio\",\"item\":\"https:\\\/\\\/jornalboasnoticias.com.br\\\/home\\\/\"},{\"@type\":\"ListItem\",\"position\":2,\"name\":\"Sustentabilidade: Sanepar inaugura Jardim de \u00c1gua e Mel em Pira\u00ed do Sul\"}]},{\"@type\":\"WebSite\",\"@id\":\"https:\\\/\\\/jornalboasnoticias.com.br\\\/home\\\/#website\",\"url\":\"https:\\\/\\\/jornalboasnoticias.com.br\\\/home\\\/\",\"name\":\"Jornal Boas Not\u00edcias\",\"description\":\"Boas not\u00edcias\",\"publisher\":{\"@id\":\"https:\\\/\\\/jornalboasnoticias.com.br\\\/home\\\/#organization\"},\"potentialAction\":[{\"@type\":\"SearchAction\",\"target\":{\"@type\":\"EntryPoint\",\"urlTemplate\":\"https:\\\/\\\/jornalboasnoticias.com.br\\\/home\\\/?s={search_term_string}\"},\"query-input\":{\"@type\":\"PropertyValueSpecification\",\"valueRequired\":true,\"valueName\":\"search_term_string\"}}],\"inLanguage\":\"pt-BR\"},{\"@type\":\"Organization\",\"@id\":\"https:\\\/\\\/jornalboasnoticias.com.br\\\/home\\\/#organization\",\"name\":\"Coq Editora Ltda\",\"alternateName\":\"Jornal Boas Noticias\",\"url\":\"https:\\\/\\\/jornalboasnoticias.com.br\\\/home\\\/\",\"logo\":{\"@type\":\"ImageObject\",\"inLanguage\":\"pt-BR\",\"@id\":\"https:\\\/\\\/jornalboasnoticias.com.br\\\/home\\\/#\\\/schema\\\/logo\\\/image\\\/\",\"url\":\"https:\\\/\\\/jornalboasnoticias.com.br\\\/home\\\/wp-content\\\/uploads\\\/2024\\\/07\\\/cropped-logo.jpg\",\"contentUrl\":\"https:\\\/\\\/jornalboasnoticias.com.br\\\/home\\\/wp-content\\\/uploads\\\/2024\\\/07\\\/cropped-logo.jpg\",\"width\":290,\"height\":142,\"caption\":\"Coq Editora Ltda\"},\"image\":{\"@id\":\"https:\\\/\\\/jornalboasnoticias.com.br\\\/home\\\/#\\\/schema\\\/logo\\\/image\\\/\"},\"sameAs\":[\"https:\\\/\\\/www.facebook.com\\\/boasnoticiasjornal\"]},{\"@type\":\"Person\",\"@id\":\"https:\\\/\\\/jornalboasnoticias.com.br\\\/home\\\/#\\\/schema\\\/person\\\/d641193e0afc6405b390164dac847971\",\"name\":\"Ana Luiza Bonatto\",\"image\":{\"@type\":\"ImageObject\",\"inLanguage\":\"pt-BR\",\"@id\":\"https:\\\/\\\/secure.gravatar.com\\\/avatar\\\/8a055ebe6373371f67ac6fcf313c0ac0b0a91157fdcdb9514fa62927373348f0?s=96&d=mm&r=g\",\"url\":\"https:\\\/\\\/secure.gravatar.com\\\/avatar\\\/8a055ebe6373371f67ac6fcf313c0ac0b0a91157fdcdb9514fa62927373348f0?s=96&d=mm&r=g\",\"contentUrl\":\"https:\\\/\\\/secure.gravatar.com\\\/avatar\\\/8a055ebe6373371f67ac6fcf313c0ac0b0a91157fdcdb9514fa62927373348f0?s=96&d=mm&r=g\",\"caption\":\"Ana Luiza Bonatto\"},\"url\":\"https:\\\/\\\/jornalboasnoticias.com.br\\\/home\\\/author\\\/ana-luiza\\\/\"}]}<\/script>\n<!-- \/ Yoast SEO plugin. -->","yoast_head_json":{"title":"Sustentabilidade: Sanepar inaugura Jardim de \u00c1gua e Mel em Pira\u00ed do Sul - Jornal","description":"Sustentabilidade: Sanepar inaugura Jardim de \u00c1gua e Mel em Pira\u00ed do Sul","robots":{"index":"index","follow":"follow","max-snippet":"max-snippet:-1","max-image-preview":"max-image-preview:large","max-video-preview":"max-video-preview:-1"},"canonical":"https:\/\/jornalboasnoticias.com.br\/home\/sustentabilidade-sanepar-inaugura-jardim-de-agua-e-mel-em-pirai-do-sul\/","og_locale":"pt_BR","og_type":"article","og_title":"Sustentabilidade: Sanepar inaugura Jardim de \u00c1gua e Mel em Pira\u00ed do Sul - Jornal","og_description":"Sustentabilidade: Sanepar inaugura Jardim de \u00c1gua e Mel em Pira\u00ed do Sul","og_url":"https:\/\/jornalboasnoticias.com.br\/home\/sustentabilidade-sanepar-inaugura-jardim-de-agua-e-mel-em-pirai-do-sul\/","og_site_name":"Jornal","article_publisher":"https:\/\/www.facebook.com\/boasnoticiasjornal","article_published_time":"2024-10-23T14:11:01+00:00","og_image":[{"width":746,"height":497,"url":"https:\/\/jornalboasnoticias.com.br\/home\/wp-content\/uploads\/2024\/10\/241022_pirai_do_sul_jd_de_mel_1_credito_prefeitura.jpg","type":"image\/jpeg"}],"author":"Ana Luiza Bonatto","twitter_card":"summary_large_image","twitter_misc":{"Escrito por":"Ana Luiza Bonatto","Est. tempo de leitura":"3 minutos"},"schema":{"@context":"https:\/\/schema.org","@graph":[{"@type":"Article","@id":"https:\/\/jornalboasnoticias.com.br\/home\/sustentabilidade-sanepar-inaugura-jardim-de-agua-e-mel-em-pirai-do-sul\/#article","isPartOf":{"@id":"https:\/\/jornalboasnoticias.com.br\/home\/sustentabilidade-sanepar-inaugura-jardim-de-agua-e-mel-em-pirai-do-sul\/"},"author":{"name":"Ana Luiza Bonatto","@id":"https:\/\/jornalboasnoticias.com.br\/home\/#\/schema\/person\/d641193e0afc6405b390164dac847971"},"headline":"Sustentabilidade: Sanepar inaugura Jardim de \u00c1gua e Mel em Pira\u00ed do Sul","datePublished":"2024-10-23T14:11:01+00:00","mainEntityOfPage":{"@id":"https:\/\/jornalboasnoticias.com.br\/home\/sustentabilidade-sanepar-inaugura-jardim-de-agua-e-mel-em-pirai-do-sul\/"},"wordCount":519,"commentCount":0,"publisher":{"@id":"https:\/\/jornalboasnoticias.com.br\/home\/#organization"},"image":{"@id":"https:\/\/jornalboasnoticias.com.br\/home\/sustentabilidade-sanepar-inaugura-jardim-de-agua-e-mel-em-pirai-do-sul\/#primaryimage"},"thumbnailUrl":"https:\/\/jornalboasnoticias.com.br\/home\/wp-content\/uploads\/2024\/10\/241022_pirai_do_sul_jd_de_mel_1_credito_prefeitura.jpg","articleSection":["DESTAQUE","PARAN\u00c1"],"inLanguage":"pt-BR","potentialAction":[{"@type":"CommentAction","name":"Comment","target":["https:\/\/jornalboasnoticias.com.br\/home\/sustentabilidade-sanepar-inaugura-jardim-de-agua-e-mel-em-pirai-do-sul\/#respond"]}]},{"@type":"WebPage","@id":"https:\/\/jornalboasnoticias.com.br\/home\/sustentabilidade-sanepar-inaugura-jardim-de-agua-e-mel-em-pirai-do-sul\/","url":"https:\/\/jornalboasnoticias.com.br\/home\/sustentabilidade-sanepar-inaugura-jardim-de-agua-e-mel-em-pirai-do-sul\/","name":"Sustentabilidade: Sanepar inaugura Jardim de \u00c1gua e Mel em Pira\u00ed do Sul - Jornal","isPartOf":{"@id":"https:\/\/jornalboasnoticias.com.br\/home\/#website"},"primaryImageOfPage":{"@id":"https:\/\/jornalboasnoticias.com.br\/home\/sustentabilidade-sanepar-inaugura-jardim-de-agua-e-mel-em-pirai-do-sul\/#primaryimage"},"image":{"@id":"https:\/\/jornalboasnoticias.com.br\/home\/sustentabilidade-sanepar-inaugura-jardim-de-agua-e-mel-em-pirai-do-sul\/#primaryimage"},"thumbnailUrl":"https:\/\/jornalboasnoticias.com.br\/home\/wp-content\/uploads\/2024\/10\/241022_pirai_do_sul_jd_de_mel_1_credito_prefeitura.jpg","datePublished":"2024-10-23T14:11:01+00:00","description":"Sustentabilidade: Sanepar inaugura Jardim de \u00c1gua e Mel em Pira\u00ed do Sul","breadcrumb":{"@id":"https:\/\/jornalboasnoticias.com.br\/home\/sustentabilidade-sanepar-inaugura-jardim-de-agua-e-mel-em-pirai-do-sul\/#breadcrumb"},"inLanguage":"pt-BR","potentialAction":[{"@type":"ReadAction","target":["https:\/\/jornalboasnoticias.com.br\/home\/sustentabilidade-sanepar-inaugura-jardim-de-agua-e-mel-em-pirai-do-sul\/"]}]},{"@type":"ImageObject","inLanguage":"pt-BR","@id":"https:\/\/jornalboasnoticias.com.br\/home\/sustentabilidade-sanepar-inaugura-jardim-de-agua-e-mel-em-pirai-do-sul\/#primaryimage","url":"https:\/\/jornalboasnoticias.com.br\/home\/wp-content\/uploads\/2024\/10\/241022_pirai_do_sul_jd_de_mel_1_credito_prefeitura.jpg","contentUrl":"https:\/\/jornalboasnoticias.com.br\/home\/wp-content\/uploads\/2024\/10\/241022_pirai_do_sul_jd_de_mel_1_credito_prefeitura.jpg","width":746,"height":497,"caption":"Foto: Prefeitura de Pira\u00ed do Sul"},{"@type":"BreadcrumbList","@id":"https:\/\/jornalboasnoticias.com.br\/home\/sustentabilidade-sanepar-inaugura-jardim-de-agua-e-mel-em-pirai-do-sul\/#breadcrumb","itemListElement":[{"@type":"ListItem","position":1,"name":"In\u00edcio","item":"https:\/\/jornalboasnoticias.com.br\/home\/"},{"@type":"ListItem","position":2,"name":"Sustentabilidade: Sanepar inaugura Jardim de \u00c1gua e Mel em Pira\u00ed do Sul"}]},{"@type":"WebSite","@id":"https:\/\/jornalboasnoticias.com.br\/home\/#website","url":"https:\/\/jornalboasnoticias.com.br\/home\/","name":"Jornal Boas Not\u00edcias","description":"Boas not\u00edcias","publisher":{"@id":"https:\/\/jornalboasnoticias.com.br\/home\/#organization"},"potentialAction":[{"@type":"SearchAction","target":{"@type":"EntryPoint","urlTemplate":"https:\/\/jornalboasnoticias.com.br\/home\/?s={search_term_string}"},"query-input":{"@type":"PropertyValueSpecification","valueRequired":true,"valueName":"search_term_string"}}],"inLanguage":"pt-BR"},{"@type":"Organization","@id":"https:\/\/jornalboasnoticias.com.br\/home\/#organization","name":"Coq Editora Ltda","alternateName":"Jornal Boas Noticias","url":"https:\/\/jornalboasnoticias.com.br\/home\/","logo":{"@type":"ImageObject","inLanguage":"pt-BR","@id":"https:\/\/jornalboasnoticias.com.br\/home\/#\/schema\/logo\/image\/","url":"https:\/\/jornalboasnoticias.com.br\/home\/wp-content\/uploads\/2024\/07\/cropped-logo.jpg","contentUrl":"https:\/\/jornalboasnoticias.com.br\/home\/wp-content\/uploads\/2024\/07\/cropped-logo.jpg","width":290,"height":142,"caption":"Coq Editora Ltda"},"image":{"@id":"https:\/\/jornalboasnoticias.com.br\/home\/#\/schema\/logo\/image\/"},"sameAs":["https:\/\/www.facebook.com\/boasnoticiasjornal"]},{"@type":"Person","@id":"https:\/\/jornalboasnoticias.com.br\/home\/#\/schema\/person\/d641193e0afc6405b390164dac847971","name":"Ana Luiza Bonatto","image":{"@type":"ImageObject","inLanguage":"pt-BR","@id":"https:\/\/secure.gravatar.com\/avatar\/8a055ebe6373371f67ac6fcf313c0ac0b0a91157fdcdb9514fa62927373348f0?s=96&d=mm&r=g","url":"https:\/\/secure.gravatar.com\/avatar\/8a055ebe6373371f67ac6fcf313c0ac0b0a91157fdcdb9514fa62927373348f0?s=96&d=mm&r=g","contentUrl":"https:\/\/secure.gravatar.com\/avatar\/8a055ebe6373371f67ac6fcf313c0ac0b0a91157fdcdb9514fa62927373348f0?s=96&d=mm&r=g","caption":"Ana Luiza Bonatto"},"url":"https:\/\/jornalboasnoticias.com.br\/home\/author\/ana-luiza\/"}]}},"_links":{"self":[{"href":"https:\/\/jornalboasnoticias.com.br\/home\/wp-json\/wp\/v2\/posts\/44362","targetHints":{"allow":["GET"]}}],"collection":[{"href":"https:\/\/jornalboasnoticias.com.br\/home\/wp-json\/wp\/v2\/posts"}],"about":[{"href":"https:\/\/jornalboasnoticias.com.br\/home\/wp-json\/wp\/v2\/types\/post"}],"author":[{"embeddable":true,"href":"https:\/\/jornalboasnoticias.com.br\/home\/wp-json\/wp\/v2\/users\/4"}],"replies":[{"embeddable":true,"href":"https:\/\/jornalboasnoticias.com.br\/home\/wp-json\/wp\/v2\/comments?post=44362"}],"version-history":[{"count":1,"href":"https:\/\/jornalboasnoticias.com.br\/home\/wp-json\/wp\/v2\/posts\/44362\/revisions"}],"predecessor-version":[{"id":44364,"href":"https:\/\/jornalboasnoticias.com.br\/home\/wp-json\/wp\/v2\/posts\/44362\/revisions\/44364"}],"wp:featuredmedia":[{"embeddable":true,"href":"https:\/\/jornalboasnoticias.com.br\/home\/wp-json\/wp\/v2\/media\/44363"}],"wp:attachment":[{"href":"https:\/\/jornalboasnoticias.com.br\/home\/wp-json\/wp\/v2\/media?parent=44362"}],"wp:term":[{"taxonomy":"category","embeddable":true,"href":"https:\/\/jornalboasnoticias.com.br\/home\/wp-json\/wp\/v2\/categories?post=44362"},{"taxonomy":"post_tag","embeddable":true,"href":"https:\/\/jornalboasnoticias.com.br\/home\/wp-json\/wp\/v2\/tags?post=44362"}],"curies":[{"name":"wp","href":"https:\/\/api.w.org\/{rel}","templated":true}]}}