{"id":44346,"date":"2024-10-17T17:28:15","date_gmt":"2024-10-17T17:28:15","guid":{"rendered":"https:\/\/jornalboasnoticias.com.br\/home\/?p=44346"},"modified":"2024-10-17T17:29:03","modified_gmt":"2024-10-17T17:29:03","slug":"inscricoes-para-o-concurso-publico-da-sanepar-encerram-na-segunda-feira","status":"publish","type":"post","link":"https:\/\/jornalboasnoticias.com.br\/home\/inscricoes-para-o-concurso-publico-da-sanepar-encerram-na-segunda-feira\/","title":{"rendered":"Inscri\u00e7\u00f5es para o concurso p\u00fablico da Sanepar encerram na segunda-feira"},"content":{"rendered":"<figure id=\"attachment_44347\" aria-describedby=\"caption-attachment-44347\" style=\"width: 2560px\" class=\"wp-caption alignnone\"><img loading=\"lazy\" decoding=\"async\" class=\"size-full wp-image-44347\" src=\"https:\/\/jornalboasnoticias.com.br\/home\/wp-content\/uploads\/2024\/10\/2024-10-17_concurso_sanepar_ultimos_dias_inscricoes-scaled.jpg\" alt=\"\" width=\"2560\" height=\"1707\" srcset=\"https:\/\/jornalboasnoticias.com.br\/home\/wp-content\/uploads\/2024\/10\/2024-10-17_concurso_sanepar_ultimos_dias_inscricoes-scaled.jpg 2560w, https:\/\/jornalboasnoticias.com.br\/home\/wp-content\/uploads\/2024\/10\/2024-10-17_concurso_sanepar_ultimos_dias_inscricoes-300x200.jpg 300w, https:\/\/jornalboasnoticias.com.br\/home\/wp-content\/uploads\/2024\/10\/2024-10-17_concurso_sanepar_ultimos_dias_inscricoes-1024x683.jpg 1024w, https:\/\/jornalboasnoticias.com.br\/home\/wp-content\/uploads\/2024\/10\/2024-10-17_concurso_sanepar_ultimos_dias_inscricoes-768x512.jpg 768w, https:\/\/jornalboasnoticias.com.br\/home\/wp-content\/uploads\/2024\/10\/2024-10-17_concurso_sanepar_ultimos_dias_inscricoes-1536x1024.jpg 1536w, https:\/\/jornalboasnoticias.com.br\/home\/wp-content\/uploads\/2024\/10\/2024-10-17_concurso_sanepar_ultimos_dias_inscricoes-2048x1365.jpg 2048w, https:\/\/jornalboasnoticias.com.br\/home\/wp-content\/uploads\/2024\/10\/2024-10-17_concurso_sanepar_ultimos_dias_inscricoes-900x600.jpg 900w\" sizes=\"auto, (max-width: 2560px) 100vw, 2560px\" \/><figcaption id=\"caption-attachment-44347\" class=\"wp-caption-text\">Foto: Sanepar<\/figcaption><\/figure>\n<p>Encerra nesta segunda-feira, 21 de outubro, o prazo para inscri\u00e7\u00f5es no Concurso P\u00fablico da Sanepar 2024, que se destina a preencher 102 vagas e \u00e0 forma\u00e7\u00e3o de cadastro de reserva. Os editais para as vagas e para o cadastro de reserva est\u00e3o dispon\u00edveis no site do Instituto<strong>\u00a0<\/strong><a class=\"0\" href=\"https:\/\/www.institutoaocp.org.br\/\" target=\"_blank\" rel=\"nofollow noopener\"><strong>Assessoria em Organiza\u00e7\u00e3o de Concursos P\u00fablicos (AOCP<\/strong>)<\/a>. Os candidatos t\u00eam at\u00e9 as 18 horas de segunda para fazer a inscri\u00e7\u00e3o e at\u00e9 as 23h59 do mesmo dia pagar o boleto.<\/p>\n<p>Os sal\u00e1rios iniciais previstos nos editais s\u00e3o de R$ 2.256,24 para o n\u00edvel m\u00e9dio, R$ 3.923,90 para as vagas de n\u00edvel t\u00e9cnico e, para as vagas de n\u00edvel profissional, o valor varia de R$ 4.410,85 at\u00e9 R$ 6.902,16. Para os profissionais diplomados pelos cursos regulares superiores mantidos pelas escolas de Engenharia, de Qu\u00edmica, de Arquitetura, de Agronomia e de Veterin\u00e1ria, que se enquadram na Lei n.\u00ba 4.950-A\/66, a Sanepar informa que atende ao quesito salarial disposto nela.<\/p>\n<p><strong>COTAS SOCIAIS \u2013<\/strong>\u00a0O Concurso P\u00fablico da Sanepar 2024 apresenta cotas sociais para as vagas previstas e para as que forem aprovadas dentro da validade do certame, amparadas legalmente, mediante atendimento dos crit\u00e9rios estabelecidos nos editais. S\u00e3o 10% das vagas para candidatos com defici\u00eancia (PcD), 10% para negros e 2% para mulheres v\u00edtimas de viol\u00eancia dom\u00e9stica.<\/p>\n<p>O concurso \u00e9 pioneiro no pa\u00eds em oferecer cotas para v\u00edtimas de viol\u00eancia dom\u00e9stica, com objetivo de proporcionar a mulheres que passaram por situa\u00e7\u00f5es de viol\u00eancia a possibilidade de reconstru\u00e7\u00e3o financeira, emocional e psicol\u00f3gica.<\/p>\n<p><strong>V\u00c1RIOS BENEF\u00cdCIOS<\/strong>\u00a0\u2013 Al\u00e9m dos sal\u00e1rios iniciais, a Sanepar oferece benef\u00edcios ao seu quadro de empregados como o Aux\u00edlio Alimenta\u00e7\u00e3o no valor de R$ 1.627,91, Programa de Cargos, Carreira e Remunera\u00e7\u00e3o (PCCR), possibilidade de ades\u00e3o ao Plano de Sa\u00fade M\u00e9dico e Odontol\u00f3gico, possibilidade de ades\u00e3o ao Plano de Previd\u00eancia Complementar e vale-transporte concedido conforme legisla\u00e7\u00e3o em vigor.<\/p>\n<p>Outros benef\u00edcios para os que ingressam na empresa s\u00e3o o Programa de Participa\u00e7\u00e3o nos Resultados (PPR), abono anual, banco de horas, redu\u00e7\u00e3o de jornada para empregados com filhos PcD (Pessoa com Defici\u00eancia), possibilidade de teletrabalho dependendo da \u00e1rea de contrata\u00e7\u00e3o, aux\u00edlio-creche\/bab\u00e1, aux\u00edlio para uniforme escolar, conv\u00eanio farm\u00e1cia, kit natalino, aux\u00edlio-maternidade e paternidade estendidos, Programa de Incentivo \u00e0 Educa\u00e7\u00e3o. Esse pacote de vantagens fica condicionado \u00e0s regras para utiliza\u00e7\u00e3o conforme Norma Interna ou Acordo Coletivo de Trabalho (ACT) vigente.<\/p>\n<p><strong>PROVAS<\/strong>\u00a0\u2013 As provas ser\u00e3o realizadas no dia 17 de novembro de 2024 simultaneamente nas cidades de Cascavel, Curitiba, Guarapuava, Londrina, Maring\u00e1, Paranava\u00ed, Pato Branco, Ponta Grossa e Umuarama. As provas para n\u00edvel m\u00e9dio e n\u00edvel t\u00e9cnico ser\u00e3o feitas no per\u00edodo da manh\u00e3, e a prova para n\u00edvel superior ocorrer\u00e1 no per\u00edodo da tarde, facilitando a participa\u00e7\u00e3o dos candidatos em mais de um edital.<\/p>\n<p><strong>VIG\u00caNCIA<\/strong>\u00a0\u2013 A validade do concurso \u00e9 de dois anos, a partir da data da homologa\u00e7\u00e3o final, podendo ser prorrogado por igual per\u00edodo. Todas as informa\u00e7\u00f5es sobre cargos, especialidades, n\u00famero e locais das vagas, requisitos, atribui\u00e7\u00f5es e o conte\u00fado program\u00e1tico para cada vaga est\u00e3o descritos nos editais dispon\u00edveis no\u00a0<strong><a class=\"0\" href=\"https:\/\/www.institutoaocp.org.br\/\" target=\"_blank\" rel=\"nofollow noopener\">site da AOCP\u00a0<\/a><\/strong>e tamb\u00e9m est\u00e3o dispon\u00edveis no\u00a0<strong><a class=\"0\" href=\"https:\/\/site.sanepar.com.br\/trabalhe-na-sanepar\/concursos\" target=\"_blank\" rel=\"nofollow noopener\">site da Sanepar<\/a>.<\/strong><\/p>\n<p>(AEN)<\/p>\n","protected":false},"excerpt":{"rendered":"<p>Encerra nesta segunda-feira, 21 de outubro, o prazo para inscri\u00e7\u00f5es no Concurso P\u00fablico da Sanepar<\/p>\n","protected":false},"author":4,"featured_media":44347,"comment_status":"open","ping_status":"open","sticky":false,"template":"","format":"standard","meta":{"footnotes":""},"categories":[3,4],"tags":[],"class_list":["post-44346","post","type-post","status-publish","format-standard","has-post-thumbnail","hentry","category-destaques","category-parana"],"yoast_head":"<!-- This site is optimized with the Yoast SEO plugin v27.5 - https:\/\/yoast.com\/product\/yoast-seo-wordpress\/ -->\n<title>Inscri\u00e7\u00f5es para o concurso p\u00fablico da Sanepar encerram na segunda-feira - Jornal<\/title>\n<meta name=\"description\" content=\"Inscri\u00e7\u00f5es para o concurso p\u00fablico da Sanepar encerram na segunda-feira\" \/>\n<meta name=\"robots\" content=\"index, follow, max-snippet:-1, max-image-preview:large, max-video-preview:-1\" \/>\n<link rel=\"canonical\" href=\"https:\/\/jornalboasnoticias.com.br\/home\/inscricoes-para-o-concurso-publico-da-sanepar-encerram-na-segunda-feira\/\" \/>\n<meta property=\"og:locale\" content=\"pt_BR\" \/>\n<meta property=\"og:type\" content=\"article\" \/>\n<meta property=\"og:title\" content=\"Inscri\u00e7\u00f5es para o concurso p\u00fablico da Sanepar encerram na segunda-feira - Jornal\" \/>\n<meta property=\"og:description\" content=\"Inscri\u00e7\u00f5es para o concurso p\u00fablico da Sanepar encerram na segunda-feira\" \/>\n<meta property=\"og:url\" content=\"https:\/\/jornalboasnoticias.com.br\/home\/inscricoes-para-o-concurso-publico-da-sanepar-encerram-na-segunda-feira\/\" \/>\n<meta property=\"og:site_name\" content=\"Jornal\" \/>\n<meta property=\"article:publisher\" content=\"https:\/\/www.facebook.com\/boasnoticiasjornal\" \/>\n<meta property=\"article:published_time\" content=\"2024-10-17T17:28:15+00:00\" \/>\n<meta property=\"article:modified_time\" content=\"2024-10-17T17:29:03+00:00\" \/>\n<meta property=\"og:image\" content=\"https:\/\/jornalboasnoticias.com.br\/home\/wp-content\/uploads\/2024\/10\/2024-10-17_concurso_sanepar_ultimos_dias_inscricoes-scaled.jpg\" \/>\n\t<meta property=\"og:image:width\" content=\"2560\" \/>\n\t<meta property=\"og:image:height\" content=\"1707\" \/>\n\t<meta property=\"og:image:type\" content=\"image\/jpeg\" \/>\n<meta name=\"author\" content=\"Ana Luiza Bonatto\" \/>\n<meta name=\"twitter:card\" content=\"summary_large_image\" \/>\n<meta name=\"twitter:label1\" content=\"Escrito por\" \/>\n\t<meta name=\"twitter:data1\" content=\"Ana Luiza Bonatto\" \/>\n\t<meta name=\"twitter:label2\" content=\"Est. tempo de leitura\" \/>\n\t<meta name=\"twitter:data2\" content=\"4 minutos\" \/>\n<script type=\"application\/ld+json\" class=\"yoast-schema-graph\">{\"@context\":\"https:\\\/\\\/schema.org\",\"@graph\":[{\"@type\":\"Article\",\"@id\":\"https:\\\/\\\/jornalboasnoticias.com.br\\\/home\\\/inscricoes-para-o-concurso-publico-da-sanepar-encerram-na-segunda-feira\\\/#article\",\"isPartOf\":{\"@id\":\"https:\\\/\\\/jornalboasnoticias.com.br\\\/home\\\/inscricoes-para-o-concurso-publico-da-sanepar-encerram-na-segunda-feira\\\/\"},\"author\":{\"name\":\"Ana Luiza Bonatto\",\"@id\":\"https:\\\/\\\/jornalboasnoticias.com.br\\\/home\\\/#\\\/schema\\\/person\\\/d641193e0afc6405b390164dac847971\"},\"headline\":\"Inscri\u00e7\u00f5es para o concurso p\u00fablico da Sanepar encerram na segunda-feira\",\"datePublished\":\"2024-10-17T17:28:15+00:00\",\"dateModified\":\"2024-10-17T17:29:03+00:00\",\"mainEntityOfPage\":{\"@id\":\"https:\\\/\\\/jornalboasnoticias.com.br\\\/home\\\/inscricoes-para-o-concurso-publico-da-sanepar-encerram-na-segunda-feira\\\/\"},\"wordCount\":587,\"commentCount\":0,\"publisher\":{\"@id\":\"https:\\\/\\\/jornalboasnoticias.com.br\\\/home\\\/#organization\"},\"image\":{\"@id\":\"https:\\\/\\\/jornalboasnoticias.com.br\\\/home\\\/inscricoes-para-o-concurso-publico-da-sanepar-encerram-na-segunda-feira\\\/#primaryimage\"},\"thumbnailUrl\":\"https:\\\/\\\/jornalboasnoticias.com.br\\\/home\\\/wp-content\\\/uploads\\\/2024\\\/10\\\/2024-10-17_concurso_sanepar_ultimos_dias_inscricoes-scaled.jpg\",\"articleSection\":[\"DESTAQUE\",\"PARAN\u00c1\"],\"inLanguage\":\"pt-BR\",\"potentialAction\":[{\"@type\":\"CommentAction\",\"name\":\"Comment\",\"target\":[\"https:\\\/\\\/jornalboasnoticias.com.br\\\/home\\\/inscricoes-para-o-concurso-publico-da-sanepar-encerram-na-segunda-feira\\\/#respond\"]}]},{\"@type\":\"WebPage\",\"@id\":\"https:\\\/\\\/jornalboasnoticias.com.br\\\/home\\\/inscricoes-para-o-concurso-publico-da-sanepar-encerram-na-segunda-feira\\\/\",\"url\":\"https:\\\/\\\/jornalboasnoticias.com.br\\\/home\\\/inscricoes-para-o-concurso-publico-da-sanepar-encerram-na-segunda-feira\\\/\",\"name\":\"Inscri\u00e7\u00f5es para o concurso p\u00fablico da Sanepar encerram na segunda-feira - Jornal\",\"isPartOf\":{\"@id\":\"https:\\\/\\\/jornalboasnoticias.com.br\\\/home\\\/#website\"},\"primaryImageOfPage\":{\"@id\":\"https:\\\/\\\/jornalboasnoticias.com.br\\\/home\\\/inscricoes-para-o-concurso-publico-da-sanepar-encerram-na-segunda-feira\\\/#primaryimage\"},\"image\":{\"@id\":\"https:\\\/\\\/jornalboasnoticias.com.br\\\/home\\\/inscricoes-para-o-concurso-publico-da-sanepar-encerram-na-segunda-feira\\\/#primaryimage\"},\"thumbnailUrl\":\"https:\\\/\\\/jornalboasnoticias.com.br\\\/home\\\/wp-content\\\/uploads\\\/2024\\\/10\\\/2024-10-17_concurso_sanepar_ultimos_dias_inscricoes-scaled.jpg\",\"datePublished\":\"2024-10-17T17:28:15+00:00\",\"dateModified\":\"2024-10-17T17:29:03+00:00\",\"description\":\"Inscri\u00e7\u00f5es para o concurso p\u00fablico da Sanepar encerram na segunda-feira\",\"breadcrumb\":{\"@id\":\"https:\\\/\\\/jornalboasnoticias.com.br\\\/home\\\/inscricoes-para-o-concurso-publico-da-sanepar-encerram-na-segunda-feira\\\/#breadcrumb\"},\"inLanguage\":\"pt-BR\",\"potentialAction\":[{\"@type\":\"ReadAction\",\"target\":[\"https:\\\/\\\/jornalboasnoticias.com.br\\\/home\\\/inscricoes-para-o-concurso-publico-da-sanepar-encerram-na-segunda-feira\\\/\"]}]},{\"@type\":\"ImageObject\",\"inLanguage\":\"pt-BR\",\"@id\":\"https:\\\/\\\/jornalboasnoticias.com.br\\\/home\\\/inscricoes-para-o-concurso-publico-da-sanepar-encerram-na-segunda-feira\\\/#primaryimage\",\"url\":\"https:\\\/\\\/jornalboasnoticias.com.br\\\/home\\\/wp-content\\\/uploads\\\/2024\\\/10\\\/2024-10-17_concurso_sanepar_ultimos_dias_inscricoes-scaled.jpg\",\"contentUrl\":\"https:\\\/\\\/jornalboasnoticias.com.br\\\/home\\\/wp-content\\\/uploads\\\/2024\\\/10\\\/2024-10-17_concurso_sanepar_ultimos_dias_inscricoes-scaled.jpg\",\"width\":2560,\"height\":1707,\"caption\":\"Foto: Sanepar\"},{\"@type\":\"BreadcrumbList\",\"@id\":\"https:\\\/\\\/jornalboasnoticias.com.br\\\/home\\\/inscricoes-para-o-concurso-publico-da-sanepar-encerram-na-segunda-feira\\\/#breadcrumb\",\"itemListElement\":[{\"@type\":\"ListItem\",\"position\":1,\"name\":\"In\u00edcio\",\"item\":\"https:\\\/\\\/jornalboasnoticias.com.br\\\/home\\\/\"},{\"@type\":\"ListItem\",\"position\":2,\"name\":\"Inscri\u00e7\u00f5es para o concurso p\u00fablico da Sanepar encerram na segunda-feira\"}]},{\"@type\":\"WebSite\",\"@id\":\"https:\\\/\\\/jornalboasnoticias.com.br\\\/home\\\/#website\",\"url\":\"https:\\\/\\\/jornalboasnoticias.com.br\\\/home\\\/\",\"name\":\"Jornal Boas Not\u00edcias\",\"description\":\"Boas not\u00edcias\",\"publisher\":{\"@id\":\"https:\\\/\\\/jornalboasnoticias.com.br\\\/home\\\/#organization\"},\"potentialAction\":[{\"@type\":\"SearchAction\",\"target\":{\"@type\":\"EntryPoint\",\"urlTemplate\":\"https:\\\/\\\/jornalboasnoticias.com.br\\\/home\\\/?s={search_term_string}\"},\"query-input\":{\"@type\":\"PropertyValueSpecification\",\"valueRequired\":true,\"valueName\":\"search_term_string\"}}],\"inLanguage\":\"pt-BR\"},{\"@type\":\"Organization\",\"@id\":\"https:\\\/\\\/jornalboasnoticias.com.br\\\/home\\\/#organization\",\"name\":\"Coq Editora Ltda\",\"alternateName\":\"Jornal Boas Noticias\",\"url\":\"https:\\\/\\\/jornalboasnoticias.com.br\\\/home\\\/\",\"logo\":{\"@type\":\"ImageObject\",\"inLanguage\":\"pt-BR\",\"@id\":\"https:\\\/\\\/jornalboasnoticias.com.br\\\/home\\\/#\\\/schema\\\/logo\\\/image\\\/\",\"url\":\"https:\\\/\\\/jornalboasnoticias.com.br\\\/home\\\/wp-content\\\/uploads\\\/2024\\\/07\\\/cropped-logo.jpg\",\"contentUrl\":\"https:\\\/\\\/jornalboasnoticias.com.br\\\/home\\\/wp-content\\\/uploads\\\/2024\\\/07\\\/cropped-logo.jpg\",\"width\":290,\"height\":142,\"caption\":\"Coq Editora Ltda\"},\"image\":{\"@id\":\"https:\\\/\\\/jornalboasnoticias.com.br\\\/home\\\/#\\\/schema\\\/logo\\\/image\\\/\"},\"sameAs\":[\"https:\\\/\\\/www.facebook.com\\\/boasnoticiasjornal\"]},{\"@type\":\"Person\",\"@id\":\"https:\\\/\\\/jornalboasnoticias.com.br\\\/home\\\/#\\\/schema\\\/person\\\/d641193e0afc6405b390164dac847971\",\"name\":\"Ana Luiza Bonatto\",\"image\":{\"@type\":\"ImageObject\",\"inLanguage\":\"pt-BR\",\"@id\":\"https:\\\/\\\/secure.gravatar.com\\\/avatar\\\/8a055ebe6373371f67ac6fcf313c0ac0b0a91157fdcdb9514fa62927373348f0?s=96&d=mm&r=g\",\"url\":\"https:\\\/\\\/secure.gravatar.com\\\/avatar\\\/8a055ebe6373371f67ac6fcf313c0ac0b0a91157fdcdb9514fa62927373348f0?s=96&d=mm&r=g\",\"contentUrl\":\"https:\\\/\\\/secure.gravatar.com\\\/avatar\\\/8a055ebe6373371f67ac6fcf313c0ac0b0a91157fdcdb9514fa62927373348f0?s=96&d=mm&r=g\",\"caption\":\"Ana Luiza Bonatto\"},\"url\":\"https:\\\/\\\/jornalboasnoticias.com.br\\\/home\\\/author\\\/ana-luiza\\\/\"}]}<\/script>\n<!-- \/ Yoast SEO plugin. -->","yoast_head_json":{"title":"Inscri\u00e7\u00f5es para o concurso p\u00fablico da Sanepar encerram na segunda-feira - Jornal","description":"Inscri\u00e7\u00f5es para o concurso p\u00fablico da Sanepar encerram na segunda-feira","robots":{"index":"index","follow":"follow","max-snippet":"max-snippet:-1","max-image-preview":"max-image-preview:large","max-video-preview":"max-video-preview:-1"},"canonical":"https:\/\/jornalboasnoticias.com.br\/home\/inscricoes-para-o-concurso-publico-da-sanepar-encerram-na-segunda-feira\/","og_locale":"pt_BR","og_type":"article","og_title":"Inscri\u00e7\u00f5es para o concurso p\u00fablico da Sanepar encerram na segunda-feira - Jornal","og_description":"Inscri\u00e7\u00f5es para o concurso p\u00fablico da Sanepar encerram na segunda-feira","og_url":"https:\/\/jornalboasnoticias.com.br\/home\/inscricoes-para-o-concurso-publico-da-sanepar-encerram-na-segunda-feira\/","og_site_name":"Jornal","article_publisher":"https:\/\/www.facebook.com\/boasnoticiasjornal","article_published_time":"2024-10-17T17:28:15+00:00","article_modified_time":"2024-10-17T17:29:03+00:00","og_image":[{"width":2560,"height":1707,"url":"https:\/\/jornalboasnoticias.com.br\/home\/wp-content\/uploads\/2024\/10\/2024-10-17_concurso_sanepar_ultimos_dias_inscricoes-scaled.jpg","type":"image\/jpeg"}],"author":"Ana Luiza Bonatto","twitter_card":"summary_large_image","twitter_misc":{"Escrito por":"Ana Luiza Bonatto","Est. tempo de leitura":"4 minutos"},"schema":{"@context":"https:\/\/schema.org","@graph":[{"@type":"Article","@id":"https:\/\/jornalboasnoticias.com.br\/home\/inscricoes-para-o-concurso-publico-da-sanepar-encerram-na-segunda-feira\/#article","isPartOf":{"@id":"https:\/\/jornalboasnoticias.com.br\/home\/inscricoes-para-o-concurso-publico-da-sanepar-encerram-na-segunda-feira\/"},"author":{"name":"Ana Luiza Bonatto","@id":"https:\/\/jornalboasnoticias.com.br\/home\/#\/schema\/person\/d641193e0afc6405b390164dac847971"},"headline":"Inscri\u00e7\u00f5es para o concurso p\u00fablico da Sanepar encerram na segunda-feira","datePublished":"2024-10-17T17:28:15+00:00","dateModified":"2024-10-17T17:29:03+00:00","mainEntityOfPage":{"@id":"https:\/\/jornalboasnoticias.com.br\/home\/inscricoes-para-o-concurso-publico-da-sanepar-encerram-na-segunda-feira\/"},"wordCount":587,"commentCount":0,"publisher":{"@id":"https:\/\/jornalboasnoticias.com.br\/home\/#organization"},"image":{"@id":"https:\/\/jornalboasnoticias.com.br\/home\/inscricoes-para-o-concurso-publico-da-sanepar-encerram-na-segunda-feira\/#primaryimage"},"thumbnailUrl":"https:\/\/jornalboasnoticias.com.br\/home\/wp-content\/uploads\/2024\/10\/2024-10-17_concurso_sanepar_ultimos_dias_inscricoes-scaled.jpg","articleSection":["DESTAQUE","PARAN\u00c1"],"inLanguage":"pt-BR","potentialAction":[{"@type":"CommentAction","name":"Comment","target":["https:\/\/jornalboasnoticias.com.br\/home\/inscricoes-para-o-concurso-publico-da-sanepar-encerram-na-segunda-feira\/#respond"]}]},{"@type":"WebPage","@id":"https:\/\/jornalboasnoticias.com.br\/home\/inscricoes-para-o-concurso-publico-da-sanepar-encerram-na-segunda-feira\/","url":"https:\/\/jornalboasnoticias.com.br\/home\/inscricoes-para-o-concurso-publico-da-sanepar-encerram-na-segunda-feira\/","name":"Inscri\u00e7\u00f5es para o concurso p\u00fablico da Sanepar encerram na segunda-feira - Jornal","isPartOf":{"@id":"https:\/\/jornalboasnoticias.com.br\/home\/#website"},"primaryImageOfPage":{"@id":"https:\/\/jornalboasnoticias.com.br\/home\/inscricoes-para-o-concurso-publico-da-sanepar-encerram-na-segunda-feira\/#primaryimage"},"image":{"@id":"https:\/\/jornalboasnoticias.com.br\/home\/inscricoes-para-o-concurso-publico-da-sanepar-encerram-na-segunda-feira\/#primaryimage"},"thumbnailUrl":"https:\/\/jornalboasnoticias.com.br\/home\/wp-content\/uploads\/2024\/10\/2024-10-17_concurso_sanepar_ultimos_dias_inscricoes-scaled.jpg","datePublished":"2024-10-17T17:28:15+00:00","dateModified":"2024-10-17T17:29:03+00:00","description":"Inscri\u00e7\u00f5es para o concurso p\u00fablico da Sanepar encerram na segunda-feira","breadcrumb":{"@id":"https:\/\/jornalboasnoticias.com.br\/home\/inscricoes-para-o-concurso-publico-da-sanepar-encerram-na-segunda-feira\/#breadcrumb"},"inLanguage":"pt-BR","potentialAction":[{"@type":"ReadAction","target":["https:\/\/jornalboasnoticias.com.br\/home\/inscricoes-para-o-concurso-publico-da-sanepar-encerram-na-segunda-feira\/"]}]},{"@type":"ImageObject","inLanguage":"pt-BR","@id":"https:\/\/jornalboasnoticias.com.br\/home\/inscricoes-para-o-concurso-publico-da-sanepar-encerram-na-segunda-feira\/#primaryimage","url":"https:\/\/jornalboasnoticias.com.br\/home\/wp-content\/uploads\/2024\/10\/2024-10-17_concurso_sanepar_ultimos_dias_inscricoes-scaled.jpg","contentUrl":"https:\/\/jornalboasnoticias.com.br\/home\/wp-content\/uploads\/2024\/10\/2024-10-17_concurso_sanepar_ultimos_dias_inscricoes-scaled.jpg","width":2560,"height":1707,"caption":"Foto: Sanepar"},{"@type":"BreadcrumbList","@id":"https:\/\/jornalboasnoticias.com.br\/home\/inscricoes-para-o-concurso-publico-da-sanepar-encerram-na-segunda-feira\/#breadcrumb","itemListElement":[{"@type":"ListItem","position":1,"name":"In\u00edcio","item":"https:\/\/jornalboasnoticias.com.br\/home\/"},{"@type":"ListItem","position":2,"name":"Inscri\u00e7\u00f5es para o concurso p\u00fablico da Sanepar encerram na segunda-feira"}]},{"@type":"WebSite","@id":"https:\/\/jornalboasnoticias.com.br\/home\/#website","url":"https:\/\/jornalboasnoticias.com.br\/home\/","name":"Jornal Boas Not\u00edcias","description":"Boas not\u00edcias","publisher":{"@id":"https:\/\/jornalboasnoticias.com.br\/home\/#organization"},"potentialAction":[{"@type":"SearchAction","target":{"@type":"EntryPoint","urlTemplate":"https:\/\/jornalboasnoticias.com.br\/home\/?s={search_term_string}"},"query-input":{"@type":"PropertyValueSpecification","valueRequired":true,"valueName":"search_term_string"}}],"inLanguage":"pt-BR"},{"@type":"Organization","@id":"https:\/\/jornalboasnoticias.com.br\/home\/#organization","name":"Coq Editora Ltda","alternateName":"Jornal Boas Noticias","url":"https:\/\/jornalboasnoticias.com.br\/home\/","logo":{"@type":"ImageObject","inLanguage":"pt-BR","@id":"https:\/\/jornalboasnoticias.com.br\/home\/#\/schema\/logo\/image\/","url":"https:\/\/jornalboasnoticias.com.br\/home\/wp-content\/uploads\/2024\/07\/cropped-logo.jpg","contentUrl":"https:\/\/jornalboasnoticias.com.br\/home\/wp-content\/uploads\/2024\/07\/cropped-logo.jpg","width":290,"height":142,"caption":"Coq Editora Ltda"},"image":{"@id":"https:\/\/jornalboasnoticias.com.br\/home\/#\/schema\/logo\/image\/"},"sameAs":["https:\/\/www.facebook.com\/boasnoticiasjornal"]},{"@type":"Person","@id":"https:\/\/jornalboasnoticias.com.br\/home\/#\/schema\/person\/d641193e0afc6405b390164dac847971","name":"Ana Luiza Bonatto","image":{"@type":"ImageObject","inLanguage":"pt-BR","@id":"https:\/\/secure.gravatar.com\/avatar\/8a055ebe6373371f67ac6fcf313c0ac0b0a91157fdcdb9514fa62927373348f0?s=96&d=mm&r=g","url":"https:\/\/secure.gravatar.com\/avatar\/8a055ebe6373371f67ac6fcf313c0ac0b0a91157fdcdb9514fa62927373348f0?s=96&d=mm&r=g","contentUrl":"https:\/\/secure.gravatar.com\/avatar\/8a055ebe6373371f67ac6fcf313c0ac0b0a91157fdcdb9514fa62927373348f0?s=96&d=mm&r=g","caption":"Ana Luiza Bonatto"},"url":"https:\/\/jornalboasnoticias.com.br\/home\/author\/ana-luiza\/"}]}},"_links":{"self":[{"href":"https:\/\/jornalboasnoticias.com.br\/home\/wp-json\/wp\/v2\/posts\/44346","targetHints":{"allow":["GET"]}}],"collection":[{"href":"https:\/\/jornalboasnoticias.com.br\/home\/wp-json\/wp\/v2\/posts"}],"about":[{"href":"https:\/\/jornalboasnoticias.com.br\/home\/wp-json\/wp\/v2\/types\/post"}],"author":[{"embeddable":true,"href":"https:\/\/jornalboasnoticias.com.br\/home\/wp-json\/wp\/v2\/users\/4"}],"replies":[{"embeddable":true,"href":"https:\/\/jornalboasnoticias.com.br\/home\/wp-json\/wp\/v2\/comments?post=44346"}],"version-history":[{"count":2,"href":"https:\/\/jornalboasnoticias.com.br\/home\/wp-json\/wp\/v2\/posts\/44346\/revisions"}],"predecessor-version":[{"id":44349,"href":"https:\/\/jornalboasnoticias.com.br\/home\/wp-json\/wp\/v2\/posts\/44346\/revisions\/44349"}],"wp:featuredmedia":[{"embeddable":true,"href":"https:\/\/jornalboasnoticias.com.br\/home\/wp-json\/wp\/v2\/media\/44347"}],"wp:attachment":[{"href":"https:\/\/jornalboasnoticias.com.br\/home\/wp-json\/wp\/v2\/media?parent=44346"}],"wp:term":[{"taxonomy":"category","embeddable":true,"href":"https:\/\/jornalboasnoticias.com.br\/home\/wp-json\/wp\/v2\/categories?post=44346"},{"taxonomy":"post_tag","embeddable":true,"href":"https:\/\/jornalboasnoticias.com.br\/home\/wp-json\/wp\/v2\/tags?post=44346"}],"curies":[{"name":"wp","href":"https:\/\/api.w.org\/{rel}","templated":true}]}}