{"id":44340,"date":"2024-10-17T17:06:43","date_gmt":"2024-10-17T17:06:43","guid":{"rendered":"https:\/\/jornalboasnoticias.com.br\/home\/?p=44340"},"modified":"2024-10-17T17:06:43","modified_gmt":"2024-10-17T17:06:43","slug":"maior-superlua-do-ano-pode-ser-vista-nesta-quinta-feira","status":"publish","type":"post","link":"https:\/\/jornalboasnoticias.com.br\/home\/maior-superlua-do-ano-pode-ser-vista-nesta-quinta-feira\/","title":{"rendered":"Maior superlua do ano pode ser vista nesta quinta-feira"},"content":{"rendered":"<blockquote>\n<div class=\"header-noticia full-width\">\n<div class=\"linha-fina-noticia\">Sat\u00e9lite estar\u00e1 a cerca de 357.364 km da Terra, o ponto mais pr\u00f3ximo<\/div>\n<\/div>\n<\/blockquote>\n<div>\n<figure id=\"attachment_44341\" aria-describedby=\"caption-attachment-44341\" style=\"width: 1170px\" class=\"wp-caption alignnone\"><img loading=\"lazy\" decoding=\"async\" class=\"size-full wp-image-44341\" src=\"https:\/\/jornalboasnoticias.com.br\/home\/wp-content\/uploads\/2024\/10\/supelua_azul.webp\" alt=\"\" width=\"1170\" height=\"700\" srcset=\"https:\/\/jornalboasnoticias.com.br\/home\/wp-content\/uploads\/2024\/10\/supelua_azul.webp 1170w, https:\/\/jornalboasnoticias.com.br\/home\/wp-content\/uploads\/2024\/10\/supelua_azul-300x179.webp 300w, https:\/\/jornalboasnoticias.com.br\/home\/wp-content\/uploads\/2024\/10\/supelua_azul-1024x613.webp 1024w, https:\/\/jornalboasnoticias.com.br\/home\/wp-content\/uploads\/2024\/10\/supelua_azul-768x459.webp 768w\" sizes=\"auto, (max-width: 1170px) 100vw, 1170px\" \/><figcaption id=\"caption-attachment-44341\" class=\"wp-caption-text\">\u00a9 Paulo Pinto\/Ag\u00eancia Brasil<\/figcaption><\/figure>\n<\/div>\n<div>\n<p>Hoje (17) \u00e9 dia de observar o fen\u00f4meno da superlua. O astro parecer\u00e1 maior e mais brilhante, pois estar\u00e1 no perigeu, o ponto mais pr\u00f3ximo da Terra em sua \u00f3rbita. O momento exato da lua cheia vai variar conforme o fuso hor\u00e1rio. Nesses dias de c\u00e9u claro, j\u00e1 \u00e9 poss\u00edvel verificar o astro parecendo bem maior, chamando a aten\u00e7\u00e3o de todos que o observam.<img decoding=\"async\" src=\"https:\/\/agenciabrasil.ebc.com.br\/ebc.png?id=1615801&amp;o=node\" \/><img decoding=\"async\" src=\"https:\/\/agenciabrasil.ebc.com.br\/ebc.gif?id=1615801&amp;o=node\" \/><\/p>\n<p>O sat\u00e9lite estar\u00e1 a cerca de 357.364 quil\u00f4metros da Terra. Em m\u00e9dia, a Lua se encontra a aproximadamente 384.400 quil\u00f4metros de dist\u00e2ncia do planeta<\/p>\n<p>A Lua Cheia ocorre\u00a0quando o Sol e a Lua est\u00e3o alinhados em lados opostos da Terra, iluminando 100% da face vis\u00edvel da Lua.<\/p>\n<h2>Superlua<\/h2>\n<p>De acordo com a astr\u00f4noma do Observat\u00f3rio Nacional\u00a0Josina Nascimento, o termo &#8220;superlua&#8221; n\u00e3o tem\u00a0uma base cient\u00edfica. Ele foi criado pelo astr\u00f3logo Richard Nolle, em 1979, na revista Dell Horoscope, que j\u00e1 n\u00e3o existe mais. Nolle determinou que o termo &#8220;super&#8221; se aplicaria a uma lua cheia que ocorresse quando a Lua estivesse no perigeu ou at\u00e9 90% pr\u00f3xima dele, embora o motivo para escolha n\u00e3o seja claro.<\/p>\n<p>Por ser um termo n\u00e3o cient\u00edfico, h\u00e1 diverg\u00eancias entre as institui\u00e7\u00f5es astron\u00f4micas quanto \u00e0 dist\u00e2ncia da Lua em rela\u00e7\u00e3o \u00e0 Terra que define uma superlua.<\/p>\n<p>Josina Nascimento explicou que a superlua\u00a0pode ocorrer durante a fase cheia ou nova e aparece de uma a seis vezes por ano. No entanto, a dist\u00e2ncia entre a Terra e a Lua pode variar, j\u00e1 que a \u00f3rbita lunar \u00e9 el\u00edptica\u00a0e n\u00e3o circular.<\/p>\n<p>Ao longo de sua \u00f3rbita, a Lua ora se aproxima, ora se afasta da Terra. Quando est\u00e1 no ponto mais pr\u00f3ximo da Terra, \u00e9 chamado de perigeu; j\u00e1 no ponto mais distante,\u00a0de apogeu. \u201cOs observadores poder\u00e3o notar uma lua mais brilhante que o normal. O fen\u00f4meno ser\u00e1 vis\u00edvel em todas as regi\u00f5es do mundo, desde que o tempo esteja favor\u00e1vel\u201d, acrescentou a astr\u00f4noma.<\/p>\n<p>Ela explicou que todas as luas cheias surgem no horizonte (a leste) quando o Sol se p\u00f5e (a oeste) e desaparecem no oeste quando o Sol nasce, permitindo que a Lua seja vis\u00edvel durante toda a noite.<\/p>\n<h2>Hist\u00f3rico<\/h2>\n<p>A primeira superlua de 2024 ocorreu\u00a0em 19 de agosto, quando estava a aproximadamente 361.900 quil\u00f4metros da Terra. A\u00a0\u00faltima superlua de 2024 ser\u00e1 no dia 15 de novembro, quando ficar\u00e1 a 361.867 quil\u00f4metros da Terra.<\/p>\n<p>A superlua desta quinta-feira ser\u00e1 a mais pr\u00f3xima da Terra neste ano. O\u00a0tamanho da Lua \u00e9 sempre o mesmo, n\u00e3o h\u00e1 aumento do corpo celeste na superlua. O fen\u00f4meno \u00e9 atribu\u00eddo \u00e0\u00a0diferen\u00e7a de \u00e2ngulo em\u00a0que \u00e9 observado.<\/p>\n<p>Para quem pretende admirar o sat\u00e9lite natural da Terra, \u00e9 recomend\u00e1vel ficar em pontos afastados dos centros urbanos, onde a visualiza\u00e7\u00e3o \u00e9 mais surpreendente.<\/p>\n<p>(Ag\u00eancia Brasil)<\/p>\n<\/div>\n","protected":false},"excerpt":{"rendered":"<p>Sat\u00e9lite estar\u00e1 a cerca de 357.364 km da Terra, o ponto mais pr\u00f3ximo Hoje (17)<\/p>\n","protected":false},"author":4,"featured_media":44341,"comment_status":"open","ping_status":"open","sticky":false,"template":"","format":"standard","meta":{"footnotes":""},"categories":[3,12],"tags":[],"class_list":["post-44340","post","type-post","status-publish","format-standard","has-post-thumbnail","hentry","category-destaques","category-variedades"],"yoast_head":"<!-- This site is optimized with the Yoast SEO plugin v27.5 - https:\/\/yoast.com\/product\/yoast-seo-wordpress\/ -->\n<title>Maior superlua do ano pode ser vista nesta quinta-feira - Jornal<\/title>\n<meta name=\"description\" content=\"Maior superlua do ano pode ser vista nesta quinta-feira\" \/>\n<meta name=\"robots\" content=\"index, follow, max-snippet:-1, max-image-preview:large, max-video-preview:-1\" \/>\n<link rel=\"canonical\" href=\"https:\/\/jornalboasnoticias.com.br\/home\/maior-superlua-do-ano-pode-ser-vista-nesta-quinta-feira\/\" \/>\n<meta property=\"og:locale\" content=\"pt_BR\" \/>\n<meta property=\"og:type\" content=\"article\" \/>\n<meta property=\"og:title\" content=\"Maior superlua do ano pode ser vista nesta quinta-feira - Jornal\" \/>\n<meta property=\"og:description\" content=\"Maior superlua do ano pode ser vista nesta quinta-feira\" \/>\n<meta property=\"og:url\" content=\"https:\/\/jornalboasnoticias.com.br\/home\/maior-superlua-do-ano-pode-ser-vista-nesta-quinta-feira\/\" \/>\n<meta property=\"og:site_name\" content=\"Jornal\" \/>\n<meta property=\"article:publisher\" content=\"https:\/\/www.facebook.com\/boasnoticiasjornal\" \/>\n<meta property=\"article:published_time\" content=\"2024-10-17T17:06:43+00:00\" \/>\n<meta property=\"og:image\" content=\"https:\/\/jornalboasnoticias.com.br\/home\/wp-content\/uploads\/2024\/10\/supelua_azul.webp\" \/>\n\t<meta property=\"og:image:width\" content=\"1170\" \/>\n\t<meta property=\"og:image:height\" content=\"700\" \/>\n\t<meta property=\"og:image:type\" content=\"image\/webp\" \/>\n<meta name=\"author\" content=\"Ana Luiza Bonatto\" \/>\n<meta name=\"twitter:card\" content=\"summary_large_image\" \/>\n<meta name=\"twitter:label1\" content=\"Escrito por\" \/>\n\t<meta name=\"twitter:data1\" content=\"Ana Luiza Bonatto\" \/>\n\t<meta name=\"twitter:label2\" content=\"Est. tempo de leitura\" \/>\n\t<meta name=\"twitter:data2\" content=\"4 minutos\" \/>\n<script type=\"application\/ld+json\" class=\"yoast-schema-graph\">{\"@context\":\"https:\\\/\\\/schema.org\",\"@graph\":[{\"@type\":\"Article\",\"@id\":\"https:\\\/\\\/jornalboasnoticias.com.br\\\/home\\\/maior-superlua-do-ano-pode-ser-vista-nesta-quinta-feira\\\/#article\",\"isPartOf\":{\"@id\":\"https:\\\/\\\/jornalboasnoticias.com.br\\\/home\\\/maior-superlua-do-ano-pode-ser-vista-nesta-quinta-feira\\\/\"},\"author\":{\"name\":\"Ana Luiza Bonatto\",\"@id\":\"https:\\\/\\\/jornalboasnoticias.com.br\\\/home\\\/#\\\/schema\\\/person\\\/d641193e0afc6405b390164dac847971\"},\"headline\":\"Maior superlua do ano pode ser vista nesta quinta-feira\",\"datePublished\":\"2024-10-17T17:06:43+00:00\",\"mainEntityOfPage\":{\"@id\":\"https:\\\/\\\/jornalboasnoticias.com.br\\\/home\\\/maior-superlua-do-ano-pode-ser-vista-nesta-quinta-feira\\\/\"},\"wordCount\":519,\"commentCount\":0,\"publisher\":{\"@id\":\"https:\\\/\\\/jornalboasnoticias.com.br\\\/home\\\/#organization\"},\"image\":{\"@id\":\"https:\\\/\\\/jornalboasnoticias.com.br\\\/home\\\/maior-superlua-do-ano-pode-ser-vista-nesta-quinta-feira\\\/#primaryimage\"},\"thumbnailUrl\":\"https:\\\/\\\/jornalboasnoticias.com.br\\\/home\\\/wp-content\\\/uploads\\\/2024\\\/10\\\/supelua_azul.webp\",\"articleSection\":[\"DESTAQUE\",\"VARIEDADES\"],\"inLanguage\":\"pt-BR\",\"potentialAction\":[{\"@type\":\"CommentAction\",\"name\":\"Comment\",\"target\":[\"https:\\\/\\\/jornalboasnoticias.com.br\\\/home\\\/maior-superlua-do-ano-pode-ser-vista-nesta-quinta-feira\\\/#respond\"]}]},{\"@type\":\"WebPage\",\"@id\":\"https:\\\/\\\/jornalboasnoticias.com.br\\\/home\\\/maior-superlua-do-ano-pode-ser-vista-nesta-quinta-feira\\\/\",\"url\":\"https:\\\/\\\/jornalboasnoticias.com.br\\\/home\\\/maior-superlua-do-ano-pode-ser-vista-nesta-quinta-feira\\\/\",\"name\":\"Maior superlua do ano pode ser vista nesta quinta-feira - Jornal\",\"isPartOf\":{\"@id\":\"https:\\\/\\\/jornalboasnoticias.com.br\\\/home\\\/#website\"},\"primaryImageOfPage\":{\"@id\":\"https:\\\/\\\/jornalboasnoticias.com.br\\\/home\\\/maior-superlua-do-ano-pode-ser-vista-nesta-quinta-feira\\\/#primaryimage\"},\"image\":{\"@id\":\"https:\\\/\\\/jornalboasnoticias.com.br\\\/home\\\/maior-superlua-do-ano-pode-ser-vista-nesta-quinta-feira\\\/#primaryimage\"},\"thumbnailUrl\":\"https:\\\/\\\/jornalboasnoticias.com.br\\\/home\\\/wp-content\\\/uploads\\\/2024\\\/10\\\/supelua_azul.webp\",\"datePublished\":\"2024-10-17T17:06:43+00:00\",\"description\":\"Maior superlua do ano pode ser vista nesta quinta-feira\",\"breadcrumb\":{\"@id\":\"https:\\\/\\\/jornalboasnoticias.com.br\\\/home\\\/maior-superlua-do-ano-pode-ser-vista-nesta-quinta-feira\\\/#breadcrumb\"},\"inLanguage\":\"pt-BR\",\"potentialAction\":[{\"@type\":\"ReadAction\",\"target\":[\"https:\\\/\\\/jornalboasnoticias.com.br\\\/home\\\/maior-superlua-do-ano-pode-ser-vista-nesta-quinta-feira\\\/\"]}]},{\"@type\":\"ImageObject\",\"inLanguage\":\"pt-BR\",\"@id\":\"https:\\\/\\\/jornalboasnoticias.com.br\\\/home\\\/maior-superlua-do-ano-pode-ser-vista-nesta-quinta-feira\\\/#primaryimage\",\"url\":\"https:\\\/\\\/jornalboasnoticias.com.br\\\/home\\\/wp-content\\\/uploads\\\/2024\\\/10\\\/supelua_azul.webp\",\"contentUrl\":\"https:\\\/\\\/jornalboasnoticias.com.br\\\/home\\\/wp-content\\\/uploads\\\/2024\\\/10\\\/supelua_azul.webp\",\"width\":1170,\"height\":700,\"caption\":\"\u00a9 Paulo Pinto\\\/Ag\u00eancia Brasil\"},{\"@type\":\"BreadcrumbList\",\"@id\":\"https:\\\/\\\/jornalboasnoticias.com.br\\\/home\\\/maior-superlua-do-ano-pode-ser-vista-nesta-quinta-feira\\\/#breadcrumb\",\"itemListElement\":[{\"@type\":\"ListItem\",\"position\":1,\"name\":\"In\u00edcio\",\"item\":\"https:\\\/\\\/jornalboasnoticias.com.br\\\/home\\\/\"},{\"@type\":\"ListItem\",\"position\":2,\"name\":\"Maior superlua do ano pode ser vista nesta quinta-feira\"}]},{\"@type\":\"WebSite\",\"@id\":\"https:\\\/\\\/jornalboasnoticias.com.br\\\/home\\\/#website\",\"url\":\"https:\\\/\\\/jornalboasnoticias.com.br\\\/home\\\/\",\"name\":\"Jornal Boas Not\u00edcias\",\"description\":\"Boas not\u00edcias\",\"publisher\":{\"@id\":\"https:\\\/\\\/jornalboasnoticias.com.br\\\/home\\\/#organization\"},\"potentialAction\":[{\"@type\":\"SearchAction\",\"target\":{\"@type\":\"EntryPoint\",\"urlTemplate\":\"https:\\\/\\\/jornalboasnoticias.com.br\\\/home\\\/?s={search_term_string}\"},\"query-input\":{\"@type\":\"PropertyValueSpecification\",\"valueRequired\":true,\"valueName\":\"search_term_string\"}}],\"inLanguage\":\"pt-BR\"},{\"@type\":\"Organization\",\"@id\":\"https:\\\/\\\/jornalboasnoticias.com.br\\\/home\\\/#organization\",\"name\":\"Coq Editora Ltda\",\"alternateName\":\"Jornal Boas Noticias\",\"url\":\"https:\\\/\\\/jornalboasnoticias.com.br\\\/home\\\/\",\"logo\":{\"@type\":\"ImageObject\",\"inLanguage\":\"pt-BR\",\"@id\":\"https:\\\/\\\/jornalboasnoticias.com.br\\\/home\\\/#\\\/schema\\\/logo\\\/image\\\/\",\"url\":\"https:\\\/\\\/jornalboasnoticias.com.br\\\/home\\\/wp-content\\\/uploads\\\/2024\\\/07\\\/cropped-logo.jpg\",\"contentUrl\":\"https:\\\/\\\/jornalboasnoticias.com.br\\\/home\\\/wp-content\\\/uploads\\\/2024\\\/07\\\/cropped-logo.jpg\",\"width\":290,\"height\":142,\"caption\":\"Coq Editora Ltda\"},\"image\":{\"@id\":\"https:\\\/\\\/jornalboasnoticias.com.br\\\/home\\\/#\\\/schema\\\/logo\\\/image\\\/\"},\"sameAs\":[\"https:\\\/\\\/www.facebook.com\\\/boasnoticiasjornal\"]},{\"@type\":\"Person\",\"@id\":\"https:\\\/\\\/jornalboasnoticias.com.br\\\/home\\\/#\\\/schema\\\/person\\\/d641193e0afc6405b390164dac847971\",\"name\":\"Ana Luiza Bonatto\",\"image\":{\"@type\":\"ImageObject\",\"inLanguage\":\"pt-BR\",\"@id\":\"https:\\\/\\\/secure.gravatar.com\\\/avatar\\\/8a055ebe6373371f67ac6fcf313c0ac0b0a91157fdcdb9514fa62927373348f0?s=96&d=mm&r=g\",\"url\":\"https:\\\/\\\/secure.gravatar.com\\\/avatar\\\/8a055ebe6373371f67ac6fcf313c0ac0b0a91157fdcdb9514fa62927373348f0?s=96&d=mm&r=g\",\"contentUrl\":\"https:\\\/\\\/secure.gravatar.com\\\/avatar\\\/8a055ebe6373371f67ac6fcf313c0ac0b0a91157fdcdb9514fa62927373348f0?s=96&d=mm&r=g\",\"caption\":\"Ana Luiza Bonatto\"},\"url\":\"https:\\\/\\\/jornalboasnoticias.com.br\\\/home\\\/author\\\/ana-luiza\\\/\"}]}<\/script>\n<!-- \/ Yoast SEO plugin. -->","yoast_head_json":{"title":"Maior superlua do ano pode ser vista nesta quinta-feira - Jornal","description":"Maior superlua do ano pode ser vista nesta quinta-feira","robots":{"index":"index","follow":"follow","max-snippet":"max-snippet:-1","max-image-preview":"max-image-preview:large","max-video-preview":"max-video-preview:-1"},"canonical":"https:\/\/jornalboasnoticias.com.br\/home\/maior-superlua-do-ano-pode-ser-vista-nesta-quinta-feira\/","og_locale":"pt_BR","og_type":"article","og_title":"Maior superlua do ano pode ser vista nesta quinta-feira - Jornal","og_description":"Maior superlua do ano pode ser vista nesta quinta-feira","og_url":"https:\/\/jornalboasnoticias.com.br\/home\/maior-superlua-do-ano-pode-ser-vista-nesta-quinta-feira\/","og_site_name":"Jornal","article_publisher":"https:\/\/www.facebook.com\/boasnoticiasjornal","article_published_time":"2024-10-17T17:06:43+00:00","og_image":[{"width":1170,"height":700,"url":"https:\/\/jornalboasnoticias.com.br\/home\/wp-content\/uploads\/2024\/10\/supelua_azul.webp","type":"image\/webp"}],"author":"Ana Luiza Bonatto","twitter_card":"summary_large_image","twitter_misc":{"Escrito por":"Ana Luiza Bonatto","Est. tempo de leitura":"4 minutos"},"schema":{"@context":"https:\/\/schema.org","@graph":[{"@type":"Article","@id":"https:\/\/jornalboasnoticias.com.br\/home\/maior-superlua-do-ano-pode-ser-vista-nesta-quinta-feira\/#article","isPartOf":{"@id":"https:\/\/jornalboasnoticias.com.br\/home\/maior-superlua-do-ano-pode-ser-vista-nesta-quinta-feira\/"},"author":{"name":"Ana Luiza Bonatto","@id":"https:\/\/jornalboasnoticias.com.br\/home\/#\/schema\/person\/d641193e0afc6405b390164dac847971"},"headline":"Maior superlua do ano pode ser vista nesta quinta-feira","datePublished":"2024-10-17T17:06:43+00:00","mainEntityOfPage":{"@id":"https:\/\/jornalboasnoticias.com.br\/home\/maior-superlua-do-ano-pode-ser-vista-nesta-quinta-feira\/"},"wordCount":519,"commentCount":0,"publisher":{"@id":"https:\/\/jornalboasnoticias.com.br\/home\/#organization"},"image":{"@id":"https:\/\/jornalboasnoticias.com.br\/home\/maior-superlua-do-ano-pode-ser-vista-nesta-quinta-feira\/#primaryimage"},"thumbnailUrl":"https:\/\/jornalboasnoticias.com.br\/home\/wp-content\/uploads\/2024\/10\/supelua_azul.webp","articleSection":["DESTAQUE","VARIEDADES"],"inLanguage":"pt-BR","potentialAction":[{"@type":"CommentAction","name":"Comment","target":["https:\/\/jornalboasnoticias.com.br\/home\/maior-superlua-do-ano-pode-ser-vista-nesta-quinta-feira\/#respond"]}]},{"@type":"WebPage","@id":"https:\/\/jornalboasnoticias.com.br\/home\/maior-superlua-do-ano-pode-ser-vista-nesta-quinta-feira\/","url":"https:\/\/jornalboasnoticias.com.br\/home\/maior-superlua-do-ano-pode-ser-vista-nesta-quinta-feira\/","name":"Maior superlua do ano pode ser vista nesta quinta-feira - Jornal","isPartOf":{"@id":"https:\/\/jornalboasnoticias.com.br\/home\/#website"},"primaryImageOfPage":{"@id":"https:\/\/jornalboasnoticias.com.br\/home\/maior-superlua-do-ano-pode-ser-vista-nesta-quinta-feira\/#primaryimage"},"image":{"@id":"https:\/\/jornalboasnoticias.com.br\/home\/maior-superlua-do-ano-pode-ser-vista-nesta-quinta-feira\/#primaryimage"},"thumbnailUrl":"https:\/\/jornalboasnoticias.com.br\/home\/wp-content\/uploads\/2024\/10\/supelua_azul.webp","datePublished":"2024-10-17T17:06:43+00:00","description":"Maior superlua do ano pode ser vista nesta quinta-feira","breadcrumb":{"@id":"https:\/\/jornalboasnoticias.com.br\/home\/maior-superlua-do-ano-pode-ser-vista-nesta-quinta-feira\/#breadcrumb"},"inLanguage":"pt-BR","potentialAction":[{"@type":"ReadAction","target":["https:\/\/jornalboasnoticias.com.br\/home\/maior-superlua-do-ano-pode-ser-vista-nesta-quinta-feira\/"]}]},{"@type":"ImageObject","inLanguage":"pt-BR","@id":"https:\/\/jornalboasnoticias.com.br\/home\/maior-superlua-do-ano-pode-ser-vista-nesta-quinta-feira\/#primaryimage","url":"https:\/\/jornalboasnoticias.com.br\/home\/wp-content\/uploads\/2024\/10\/supelua_azul.webp","contentUrl":"https:\/\/jornalboasnoticias.com.br\/home\/wp-content\/uploads\/2024\/10\/supelua_azul.webp","width":1170,"height":700,"caption":"\u00a9 Paulo Pinto\/Ag\u00eancia Brasil"},{"@type":"BreadcrumbList","@id":"https:\/\/jornalboasnoticias.com.br\/home\/maior-superlua-do-ano-pode-ser-vista-nesta-quinta-feira\/#breadcrumb","itemListElement":[{"@type":"ListItem","position":1,"name":"In\u00edcio","item":"https:\/\/jornalboasnoticias.com.br\/home\/"},{"@type":"ListItem","position":2,"name":"Maior superlua do ano pode ser vista nesta quinta-feira"}]},{"@type":"WebSite","@id":"https:\/\/jornalboasnoticias.com.br\/home\/#website","url":"https:\/\/jornalboasnoticias.com.br\/home\/","name":"Jornal Boas Not\u00edcias","description":"Boas not\u00edcias","publisher":{"@id":"https:\/\/jornalboasnoticias.com.br\/home\/#organization"},"potentialAction":[{"@type":"SearchAction","target":{"@type":"EntryPoint","urlTemplate":"https:\/\/jornalboasnoticias.com.br\/home\/?s={search_term_string}"},"query-input":{"@type":"PropertyValueSpecification","valueRequired":true,"valueName":"search_term_string"}}],"inLanguage":"pt-BR"},{"@type":"Organization","@id":"https:\/\/jornalboasnoticias.com.br\/home\/#organization","name":"Coq Editora Ltda","alternateName":"Jornal Boas Noticias","url":"https:\/\/jornalboasnoticias.com.br\/home\/","logo":{"@type":"ImageObject","inLanguage":"pt-BR","@id":"https:\/\/jornalboasnoticias.com.br\/home\/#\/schema\/logo\/image\/","url":"https:\/\/jornalboasnoticias.com.br\/home\/wp-content\/uploads\/2024\/07\/cropped-logo.jpg","contentUrl":"https:\/\/jornalboasnoticias.com.br\/home\/wp-content\/uploads\/2024\/07\/cropped-logo.jpg","width":290,"height":142,"caption":"Coq Editora Ltda"},"image":{"@id":"https:\/\/jornalboasnoticias.com.br\/home\/#\/schema\/logo\/image\/"},"sameAs":["https:\/\/www.facebook.com\/boasnoticiasjornal"]},{"@type":"Person","@id":"https:\/\/jornalboasnoticias.com.br\/home\/#\/schema\/person\/d641193e0afc6405b390164dac847971","name":"Ana Luiza Bonatto","image":{"@type":"ImageObject","inLanguage":"pt-BR","@id":"https:\/\/secure.gravatar.com\/avatar\/8a055ebe6373371f67ac6fcf313c0ac0b0a91157fdcdb9514fa62927373348f0?s=96&d=mm&r=g","url":"https:\/\/secure.gravatar.com\/avatar\/8a055ebe6373371f67ac6fcf313c0ac0b0a91157fdcdb9514fa62927373348f0?s=96&d=mm&r=g","contentUrl":"https:\/\/secure.gravatar.com\/avatar\/8a055ebe6373371f67ac6fcf313c0ac0b0a91157fdcdb9514fa62927373348f0?s=96&d=mm&r=g","caption":"Ana Luiza Bonatto"},"url":"https:\/\/jornalboasnoticias.com.br\/home\/author\/ana-luiza\/"}]}},"_links":{"self":[{"href":"https:\/\/jornalboasnoticias.com.br\/home\/wp-json\/wp\/v2\/posts\/44340","targetHints":{"allow":["GET"]}}],"collection":[{"href":"https:\/\/jornalboasnoticias.com.br\/home\/wp-json\/wp\/v2\/posts"}],"about":[{"href":"https:\/\/jornalboasnoticias.com.br\/home\/wp-json\/wp\/v2\/types\/post"}],"author":[{"embeddable":true,"href":"https:\/\/jornalboasnoticias.com.br\/home\/wp-json\/wp\/v2\/users\/4"}],"replies":[{"embeddable":true,"href":"https:\/\/jornalboasnoticias.com.br\/home\/wp-json\/wp\/v2\/comments?post=44340"}],"version-history":[{"count":1,"href":"https:\/\/jornalboasnoticias.com.br\/home\/wp-json\/wp\/v2\/posts\/44340\/revisions"}],"predecessor-version":[{"id":44342,"href":"https:\/\/jornalboasnoticias.com.br\/home\/wp-json\/wp\/v2\/posts\/44340\/revisions\/44342"}],"wp:featuredmedia":[{"embeddable":true,"href":"https:\/\/jornalboasnoticias.com.br\/home\/wp-json\/wp\/v2\/media\/44341"}],"wp:attachment":[{"href":"https:\/\/jornalboasnoticias.com.br\/home\/wp-json\/wp\/v2\/media?parent=44340"}],"wp:term":[{"taxonomy":"category","embeddable":true,"href":"https:\/\/jornalboasnoticias.com.br\/home\/wp-json\/wp\/v2\/categories?post=44340"},{"taxonomy":"post_tag","embeddable":true,"href":"https:\/\/jornalboasnoticias.com.br\/home\/wp-json\/wp\/v2\/tags?post=44340"}],"curies":[{"name":"wp","href":"https:\/\/api.w.org\/{rel}","templated":true}]}}