{"id":44331,"date":"2024-10-17T17:01:03","date_gmt":"2024-10-17T17:01:03","guid":{"rendered":"https:\/\/jornalboasnoticias.com.br\/home\/?p=44331"},"modified":"2024-10-17T17:01:03","modified_gmt":"2024-10-17T17:01:03","slug":"brasil-lanca-por-ano-13-milhao-de-toneladas-de-plastico-no-oceano","status":"publish","type":"post","link":"https:\/\/jornalboasnoticias.com.br\/home\/brasil-lanca-por-ano-13-milhao-de-toneladas-de-plastico-no-oceano\/","title":{"rendered":"Brasil lan\u00e7a por ano 1,3 milh\u00e3o de toneladas de pl\u00e1stico no oceano"},"content":{"rendered":"<blockquote>\n<div class=\"header-noticia full-width\">\n<div class=\"linha-fina-noticia\">Volume representa 8% desta polui\u00e7\u00e3o em todo planeta, diz ONG Oceana<\/div>\n<\/div>\n<\/blockquote>\n<div class=\"container-autoria\">\n<figure id=\"attachment_44332\" aria-describedby=\"caption-attachment-44332\" style=\"width: 1170px\" class=\"wp-caption alignnone\"><img loading=\"lazy\" decoding=\"async\" class=\"size-full wp-image-44332\" src=\"https:\/\/jornalboasnoticias.com.br\/home\/wp-content\/uploads\/2024\/10\/plasticos_1.webp\" alt=\"\" width=\"1170\" height=\"700\" srcset=\"https:\/\/jornalboasnoticias.com.br\/home\/wp-content\/uploads\/2024\/10\/plasticos_1.webp 1170w, https:\/\/jornalboasnoticias.com.br\/home\/wp-content\/uploads\/2024\/10\/plasticos_1-300x179.webp 300w, https:\/\/jornalboasnoticias.com.br\/home\/wp-content\/uploads\/2024\/10\/plasticos_1-1024x613.webp 1024w, https:\/\/jornalboasnoticias.com.br\/home\/wp-content\/uploads\/2024\/10\/plasticos_1-768x459.webp 768w\" sizes=\"auto, (max-width: 1170px) 100vw, 1170px\" \/><figcaption id=\"caption-attachment-44332\" class=\"wp-caption-text\">\u00a9 Foto ONU: Martine Perret<\/figcaption><\/figure>\n<p>O Brasil \u00e9 o oitavo pa\u00eds do globo e o maior poluidor da Am\u00e9rica Latina quando o assunto \u00e9 o descarte de pl\u00e1stico no oceano. S\u00e3o 1,3 milh\u00e3o de toneladas lan\u00e7adas anualmente revela o relat\u00f3rio Fragmentos da Destrui\u00e7\u00e3o: impacto do pl\u00e1stico \u00e0 biodiversidade marinha brasileira lan\u00e7ado nesta quinta-feira (17) pela Organiza\u00e7\u00e3o n\u00e3o Governamental (ONG) Oceana. Esse volume representa 8% desse tipo de polui\u00e7\u00e3o em todo o planeta.<img decoding=\"async\" src=\"https:\/\/agenciabrasil.ebc.com.br\/ebc.png?id=1615815&amp;o=node\" \/><img decoding=\"async\" src=\"https:\/\/agenciabrasil.ebc.com.br\/ebc.gif?id=1615815&amp;o=node\" \/><\/p>\n<p>De acordo com o ocean\u00f3logo e diretor-geral da Oceana, Ademilson Zamboni, o estudo foi pensado como uma ferramenta para dimensionar o problema da polui\u00e7\u00e3o pl\u00e1stica no pa\u00eds e deve impulsionar uma transi\u00e7\u00e3o que supere o desafio ambiental, econ\u00f4mico e social causado pelo modelo atual. \u201cO pl\u00e1stico que polui nossos mares chega l\u00e1 por conta de um modelo de produ\u00e7\u00e3o e descarte que precisa ser urgentemente substitu\u00eddo&#8221;.<\/p>\n<p>O impacto dessa polui\u00e7\u00e3o sobre os ecossistemas e at\u00e9 sobre a alimenta\u00e7\u00e3o humana s\u00e3o algumas das evid\u00eancias observadas pelos pesquisadores, que constataram a ingest\u00e3o de pl\u00e1stico em 200 esp\u00e9cies marinhas, das quais 85% est\u00e3o em risco de extin\u00e7\u00e3o. Desses animais, um em cada 10 morreu em decorr\u00eancia de problemas como desnutri\u00e7\u00e3o e diminui\u00e7\u00e3o da imunidade ap\u00f3s a exposi\u00e7\u00e3o a compostos qu\u00edmicos nocivos \u00e0s esp\u00e9cies, descreve o relat\u00f3rio.<\/p>\n<p>A partir das bases de dados dos Projetos de Monitoramento de Praias da Bacia de Santos e da Bacia de Campos, que re\u00fane a an\u00e1lise de conte\u00fado estomacal de 12.280 aves, r\u00e9pteis e mam\u00edferos marinhos, os pesquisadores encontraram, pl\u00e1stico em 49 das 99 esp\u00e9cies estudadas. As esp\u00e9cies mais contaminadas foram as tartarugas, com a presen\u00e7a de res\u00edduos s\u00f3lidos em 82,2% das amostras.<\/p>\n<p>Na costa brasileira, a ingest\u00e3o de pl\u00e1stico j\u00e1 foi registrada em todas as esp\u00e9cies de tartarugas marinhas, mas no caso espec\u00edfico das tartarugas-verdes, os pesquisadores constataram que o \u00edndice de ingest\u00e3o entre os 250 indiv\u00edduos da esp\u00e9cie estudados \u00e9 70%, podendo chegar a 100% em algumas regi\u00f5es.<\/p>\n<p>Entre as esp\u00e9cies estudadas, tamb\u00e9m chama a aten\u00e7\u00e3o o \u00edndice de peixes amaz\u00f4nicos que continham pl\u00e1stico ou micropl\u00e1stico no sistema digestivo e nas br\u00e2nquias: 98% das 14 esp\u00e9cies analisadas em riachos do bioma.<\/p>\n<p>Assim como nos peixes, foi constatada contamina\u00e7\u00e3o nos moluscos como ostra e mexilh\u00f5es, indicando, segundo os pesquisadores, o consumo alimentar dessas esp\u00e9cies como uma das vias contaminantes de seres humanos.<\/p>\n<p>\u201cA devasta\u00e7\u00e3o do pl\u00e1stico na vida marinha segue em grandes propor\u00e7\u00f5es e n\u00e3o resta outra sa\u00edda a n\u00e3o ser a diminui\u00e7\u00e3o do alto volume de res\u00edduos despejado continuamente no mar\u201d, destaca o relat\u00f3rio.<\/p>\n<h2>Legisla\u00e7\u00e3o<\/h2>\n<p>Entre as recomenda\u00e7\u00f5es ao Poder P\u00fablico apontadas pelo grupo de pesquisadores, est\u00e3o o investimento em pesquisa e desenvolvimento, a promo\u00e7\u00e3o de alternativas ao pl\u00e1stico com pre\u00e7os acess\u00edveis e especialmente a constru\u00e7\u00e3o de uma legisla\u00e7\u00e3o espec\u00edfica que regule a produ\u00e7\u00e3o da subst\u00e2ncia, em especial os pl\u00e1sticos descart\u00e1veis.<\/p>\n<p>(Ag\u00eancia Brasil)<\/p>\n<\/div>\n","protected":false},"excerpt":{"rendered":"<p>Volume representa 8% desta polui\u00e7\u00e3o em todo planeta, diz ONG Oceana O Brasil \u00e9 o<\/p>\n","protected":false},"author":4,"featured_media":44332,"comment_status":"open","ping_status":"open","sticky":false,"template":"","format":"standard","meta":{"footnotes":""},"categories":[6,3],"tags":[],"class_list":["post-44331","post","type-post","status-publish","format-standard","has-post-thumbnail","hentry","category-brasil","category-destaques"],"yoast_head":"<!-- This site is optimized with the Yoast SEO plugin v27.5 - https:\/\/yoast.com\/product\/yoast-seo-wordpress\/ -->\n<title>Brasil lan\u00e7a por ano 1,3 milh\u00e3o de toneladas de pl\u00e1stico no oceano - Jornal<\/title>\n<meta name=\"description\" content=\"Brasil lan\u00e7a por ano 1,3 milh\u00e3o de toneladas de pl\u00e1stico no oceano\" \/>\n<meta name=\"robots\" content=\"index, follow, max-snippet:-1, max-image-preview:large, max-video-preview:-1\" \/>\n<link rel=\"canonical\" href=\"https:\/\/jornalboasnoticias.com.br\/home\/brasil-lanca-por-ano-13-milhao-de-toneladas-de-plastico-no-oceano\/\" \/>\n<meta property=\"og:locale\" content=\"pt_BR\" \/>\n<meta property=\"og:type\" content=\"article\" \/>\n<meta property=\"og:title\" content=\"Brasil lan\u00e7a por ano 1,3 milh\u00e3o de toneladas de pl\u00e1stico no oceano - Jornal\" \/>\n<meta property=\"og:description\" content=\"Brasil lan\u00e7a por ano 1,3 milh\u00e3o de toneladas de pl\u00e1stico no oceano\" \/>\n<meta property=\"og:url\" content=\"https:\/\/jornalboasnoticias.com.br\/home\/brasil-lanca-por-ano-13-milhao-de-toneladas-de-plastico-no-oceano\/\" \/>\n<meta property=\"og:site_name\" content=\"Jornal\" \/>\n<meta property=\"article:publisher\" content=\"https:\/\/www.facebook.com\/boasnoticiasjornal\" \/>\n<meta property=\"article:published_time\" content=\"2024-10-17T17:01:03+00:00\" \/>\n<meta property=\"og:image\" content=\"https:\/\/jornalboasnoticias.com.br\/home\/wp-content\/uploads\/2024\/10\/plasticos_1.webp\" \/>\n\t<meta property=\"og:image:width\" content=\"1170\" \/>\n\t<meta property=\"og:image:height\" content=\"700\" \/>\n\t<meta property=\"og:image:type\" content=\"image\/webp\" \/>\n<meta name=\"author\" content=\"Ana Luiza Bonatto\" \/>\n<meta name=\"twitter:card\" content=\"summary_large_image\" \/>\n<meta name=\"twitter:label1\" content=\"Escrito por\" \/>\n\t<meta name=\"twitter:data1\" content=\"Ana Luiza Bonatto\" \/>\n\t<meta name=\"twitter:label2\" content=\"Est. tempo de leitura\" \/>\n\t<meta name=\"twitter:data2\" content=\"4 minutos\" \/>\n<script type=\"application\/ld+json\" class=\"yoast-schema-graph\">{\"@context\":\"https:\\\/\\\/schema.org\",\"@graph\":[{\"@type\":\"Article\",\"@id\":\"https:\\\/\\\/jornalboasnoticias.com.br\\\/home\\\/brasil-lanca-por-ano-13-milhao-de-toneladas-de-plastico-no-oceano\\\/#article\",\"isPartOf\":{\"@id\":\"https:\\\/\\\/jornalboasnoticias.com.br\\\/home\\\/brasil-lanca-por-ano-13-milhao-de-toneladas-de-plastico-no-oceano\\\/\"},\"author\":{\"name\":\"Ana Luiza Bonatto\",\"@id\":\"https:\\\/\\\/jornalboasnoticias.com.br\\\/home\\\/#\\\/schema\\\/person\\\/d641193e0afc6405b390164dac847971\"},\"headline\":\"Brasil lan\u00e7a por ano 1,3 milh\u00e3o de toneladas de pl\u00e1stico no oceano\",\"datePublished\":\"2024-10-17T17:01:03+00:00\",\"mainEntityOfPage\":{\"@id\":\"https:\\\/\\\/jornalboasnoticias.com.br\\\/home\\\/brasil-lanca-por-ano-13-milhao-de-toneladas-de-plastico-no-oceano\\\/\"},\"wordCount\":565,\"commentCount\":0,\"publisher\":{\"@id\":\"https:\\\/\\\/jornalboasnoticias.com.br\\\/home\\\/#organization\"},\"image\":{\"@id\":\"https:\\\/\\\/jornalboasnoticias.com.br\\\/home\\\/brasil-lanca-por-ano-13-milhao-de-toneladas-de-plastico-no-oceano\\\/#primaryimage\"},\"thumbnailUrl\":\"https:\\\/\\\/jornalboasnoticias.com.br\\\/home\\\/wp-content\\\/uploads\\\/2024\\\/10\\\/plasticos_1.webp\",\"articleSection\":[\"BRASIL\",\"DESTAQUE\"],\"inLanguage\":\"pt-BR\",\"potentialAction\":[{\"@type\":\"CommentAction\",\"name\":\"Comment\",\"target\":[\"https:\\\/\\\/jornalboasnoticias.com.br\\\/home\\\/brasil-lanca-por-ano-13-milhao-de-toneladas-de-plastico-no-oceano\\\/#respond\"]}]},{\"@type\":\"WebPage\",\"@id\":\"https:\\\/\\\/jornalboasnoticias.com.br\\\/home\\\/brasil-lanca-por-ano-13-milhao-de-toneladas-de-plastico-no-oceano\\\/\",\"url\":\"https:\\\/\\\/jornalboasnoticias.com.br\\\/home\\\/brasil-lanca-por-ano-13-milhao-de-toneladas-de-plastico-no-oceano\\\/\",\"name\":\"Brasil lan\u00e7a por ano 1,3 milh\u00e3o de toneladas de pl\u00e1stico no oceano - Jornal\",\"isPartOf\":{\"@id\":\"https:\\\/\\\/jornalboasnoticias.com.br\\\/home\\\/#website\"},\"primaryImageOfPage\":{\"@id\":\"https:\\\/\\\/jornalboasnoticias.com.br\\\/home\\\/brasil-lanca-por-ano-13-milhao-de-toneladas-de-plastico-no-oceano\\\/#primaryimage\"},\"image\":{\"@id\":\"https:\\\/\\\/jornalboasnoticias.com.br\\\/home\\\/brasil-lanca-por-ano-13-milhao-de-toneladas-de-plastico-no-oceano\\\/#primaryimage\"},\"thumbnailUrl\":\"https:\\\/\\\/jornalboasnoticias.com.br\\\/home\\\/wp-content\\\/uploads\\\/2024\\\/10\\\/plasticos_1.webp\",\"datePublished\":\"2024-10-17T17:01:03+00:00\",\"description\":\"Brasil lan\u00e7a por ano 1,3 milh\u00e3o de toneladas de pl\u00e1stico no oceano\",\"breadcrumb\":{\"@id\":\"https:\\\/\\\/jornalboasnoticias.com.br\\\/home\\\/brasil-lanca-por-ano-13-milhao-de-toneladas-de-plastico-no-oceano\\\/#breadcrumb\"},\"inLanguage\":\"pt-BR\",\"potentialAction\":[{\"@type\":\"ReadAction\",\"target\":[\"https:\\\/\\\/jornalboasnoticias.com.br\\\/home\\\/brasil-lanca-por-ano-13-milhao-de-toneladas-de-plastico-no-oceano\\\/\"]}]},{\"@type\":\"ImageObject\",\"inLanguage\":\"pt-BR\",\"@id\":\"https:\\\/\\\/jornalboasnoticias.com.br\\\/home\\\/brasil-lanca-por-ano-13-milhao-de-toneladas-de-plastico-no-oceano\\\/#primaryimage\",\"url\":\"https:\\\/\\\/jornalboasnoticias.com.br\\\/home\\\/wp-content\\\/uploads\\\/2024\\\/10\\\/plasticos_1.webp\",\"contentUrl\":\"https:\\\/\\\/jornalboasnoticias.com.br\\\/home\\\/wp-content\\\/uploads\\\/2024\\\/10\\\/plasticos_1.webp\",\"width\":1170,\"height\":700,\"caption\":\"\u00a9 Foto ONU: Martine Perret\"},{\"@type\":\"BreadcrumbList\",\"@id\":\"https:\\\/\\\/jornalboasnoticias.com.br\\\/home\\\/brasil-lanca-por-ano-13-milhao-de-toneladas-de-plastico-no-oceano\\\/#breadcrumb\",\"itemListElement\":[{\"@type\":\"ListItem\",\"position\":1,\"name\":\"In\u00edcio\",\"item\":\"https:\\\/\\\/jornalboasnoticias.com.br\\\/home\\\/\"},{\"@type\":\"ListItem\",\"position\":2,\"name\":\"Brasil lan\u00e7a por ano 1,3 milh\u00e3o de toneladas de pl\u00e1stico no oceano\"}]},{\"@type\":\"WebSite\",\"@id\":\"https:\\\/\\\/jornalboasnoticias.com.br\\\/home\\\/#website\",\"url\":\"https:\\\/\\\/jornalboasnoticias.com.br\\\/home\\\/\",\"name\":\"Jornal Boas Not\u00edcias\",\"description\":\"Boas not\u00edcias\",\"publisher\":{\"@id\":\"https:\\\/\\\/jornalboasnoticias.com.br\\\/home\\\/#organization\"},\"potentialAction\":[{\"@type\":\"SearchAction\",\"target\":{\"@type\":\"EntryPoint\",\"urlTemplate\":\"https:\\\/\\\/jornalboasnoticias.com.br\\\/home\\\/?s={search_term_string}\"},\"query-input\":{\"@type\":\"PropertyValueSpecification\",\"valueRequired\":true,\"valueName\":\"search_term_string\"}}],\"inLanguage\":\"pt-BR\"},{\"@type\":\"Organization\",\"@id\":\"https:\\\/\\\/jornalboasnoticias.com.br\\\/home\\\/#organization\",\"name\":\"Coq Editora Ltda\",\"alternateName\":\"Jornal Boas Noticias\",\"url\":\"https:\\\/\\\/jornalboasnoticias.com.br\\\/home\\\/\",\"logo\":{\"@type\":\"ImageObject\",\"inLanguage\":\"pt-BR\",\"@id\":\"https:\\\/\\\/jornalboasnoticias.com.br\\\/home\\\/#\\\/schema\\\/logo\\\/image\\\/\",\"url\":\"https:\\\/\\\/jornalboasnoticias.com.br\\\/home\\\/wp-content\\\/uploads\\\/2024\\\/07\\\/cropped-logo.jpg\",\"contentUrl\":\"https:\\\/\\\/jornalboasnoticias.com.br\\\/home\\\/wp-content\\\/uploads\\\/2024\\\/07\\\/cropped-logo.jpg\",\"width\":290,\"height\":142,\"caption\":\"Coq Editora Ltda\"},\"image\":{\"@id\":\"https:\\\/\\\/jornalboasnoticias.com.br\\\/home\\\/#\\\/schema\\\/logo\\\/image\\\/\"},\"sameAs\":[\"https:\\\/\\\/www.facebook.com\\\/boasnoticiasjornal\"]},{\"@type\":\"Person\",\"@id\":\"https:\\\/\\\/jornalboasnoticias.com.br\\\/home\\\/#\\\/schema\\\/person\\\/d641193e0afc6405b390164dac847971\",\"name\":\"Ana Luiza Bonatto\",\"image\":{\"@type\":\"ImageObject\",\"inLanguage\":\"pt-BR\",\"@id\":\"https:\\\/\\\/secure.gravatar.com\\\/avatar\\\/8a055ebe6373371f67ac6fcf313c0ac0b0a91157fdcdb9514fa62927373348f0?s=96&d=mm&r=g\",\"url\":\"https:\\\/\\\/secure.gravatar.com\\\/avatar\\\/8a055ebe6373371f67ac6fcf313c0ac0b0a91157fdcdb9514fa62927373348f0?s=96&d=mm&r=g\",\"contentUrl\":\"https:\\\/\\\/secure.gravatar.com\\\/avatar\\\/8a055ebe6373371f67ac6fcf313c0ac0b0a91157fdcdb9514fa62927373348f0?s=96&d=mm&r=g\",\"caption\":\"Ana Luiza Bonatto\"},\"url\":\"https:\\\/\\\/jornalboasnoticias.com.br\\\/home\\\/author\\\/ana-luiza\\\/\"}]}<\/script>\n<!-- \/ Yoast SEO plugin. -->","yoast_head_json":{"title":"Brasil lan\u00e7a por ano 1,3 milh\u00e3o de toneladas de pl\u00e1stico no oceano - Jornal","description":"Brasil lan\u00e7a por ano 1,3 milh\u00e3o de toneladas de pl\u00e1stico no oceano","robots":{"index":"index","follow":"follow","max-snippet":"max-snippet:-1","max-image-preview":"max-image-preview:large","max-video-preview":"max-video-preview:-1"},"canonical":"https:\/\/jornalboasnoticias.com.br\/home\/brasil-lanca-por-ano-13-milhao-de-toneladas-de-plastico-no-oceano\/","og_locale":"pt_BR","og_type":"article","og_title":"Brasil lan\u00e7a por ano 1,3 milh\u00e3o de toneladas de pl\u00e1stico no oceano - Jornal","og_description":"Brasil lan\u00e7a por ano 1,3 milh\u00e3o de toneladas de pl\u00e1stico no oceano","og_url":"https:\/\/jornalboasnoticias.com.br\/home\/brasil-lanca-por-ano-13-milhao-de-toneladas-de-plastico-no-oceano\/","og_site_name":"Jornal","article_publisher":"https:\/\/www.facebook.com\/boasnoticiasjornal","article_published_time":"2024-10-17T17:01:03+00:00","og_image":[{"width":1170,"height":700,"url":"https:\/\/jornalboasnoticias.com.br\/home\/wp-content\/uploads\/2024\/10\/plasticos_1.webp","type":"image\/webp"}],"author":"Ana Luiza Bonatto","twitter_card":"summary_large_image","twitter_misc":{"Escrito por":"Ana Luiza Bonatto","Est. tempo de leitura":"4 minutos"},"schema":{"@context":"https:\/\/schema.org","@graph":[{"@type":"Article","@id":"https:\/\/jornalboasnoticias.com.br\/home\/brasil-lanca-por-ano-13-milhao-de-toneladas-de-plastico-no-oceano\/#article","isPartOf":{"@id":"https:\/\/jornalboasnoticias.com.br\/home\/brasil-lanca-por-ano-13-milhao-de-toneladas-de-plastico-no-oceano\/"},"author":{"name":"Ana Luiza Bonatto","@id":"https:\/\/jornalboasnoticias.com.br\/home\/#\/schema\/person\/d641193e0afc6405b390164dac847971"},"headline":"Brasil lan\u00e7a por ano 1,3 milh\u00e3o de toneladas de pl\u00e1stico no oceano","datePublished":"2024-10-17T17:01:03+00:00","mainEntityOfPage":{"@id":"https:\/\/jornalboasnoticias.com.br\/home\/brasil-lanca-por-ano-13-milhao-de-toneladas-de-plastico-no-oceano\/"},"wordCount":565,"commentCount":0,"publisher":{"@id":"https:\/\/jornalboasnoticias.com.br\/home\/#organization"},"image":{"@id":"https:\/\/jornalboasnoticias.com.br\/home\/brasil-lanca-por-ano-13-milhao-de-toneladas-de-plastico-no-oceano\/#primaryimage"},"thumbnailUrl":"https:\/\/jornalboasnoticias.com.br\/home\/wp-content\/uploads\/2024\/10\/plasticos_1.webp","articleSection":["BRASIL","DESTAQUE"],"inLanguage":"pt-BR","potentialAction":[{"@type":"CommentAction","name":"Comment","target":["https:\/\/jornalboasnoticias.com.br\/home\/brasil-lanca-por-ano-13-milhao-de-toneladas-de-plastico-no-oceano\/#respond"]}]},{"@type":"WebPage","@id":"https:\/\/jornalboasnoticias.com.br\/home\/brasil-lanca-por-ano-13-milhao-de-toneladas-de-plastico-no-oceano\/","url":"https:\/\/jornalboasnoticias.com.br\/home\/brasil-lanca-por-ano-13-milhao-de-toneladas-de-plastico-no-oceano\/","name":"Brasil lan\u00e7a por ano 1,3 milh\u00e3o de toneladas de pl\u00e1stico no oceano - Jornal","isPartOf":{"@id":"https:\/\/jornalboasnoticias.com.br\/home\/#website"},"primaryImageOfPage":{"@id":"https:\/\/jornalboasnoticias.com.br\/home\/brasil-lanca-por-ano-13-milhao-de-toneladas-de-plastico-no-oceano\/#primaryimage"},"image":{"@id":"https:\/\/jornalboasnoticias.com.br\/home\/brasil-lanca-por-ano-13-milhao-de-toneladas-de-plastico-no-oceano\/#primaryimage"},"thumbnailUrl":"https:\/\/jornalboasnoticias.com.br\/home\/wp-content\/uploads\/2024\/10\/plasticos_1.webp","datePublished":"2024-10-17T17:01:03+00:00","description":"Brasil lan\u00e7a por ano 1,3 milh\u00e3o de toneladas de pl\u00e1stico no oceano","breadcrumb":{"@id":"https:\/\/jornalboasnoticias.com.br\/home\/brasil-lanca-por-ano-13-milhao-de-toneladas-de-plastico-no-oceano\/#breadcrumb"},"inLanguage":"pt-BR","potentialAction":[{"@type":"ReadAction","target":["https:\/\/jornalboasnoticias.com.br\/home\/brasil-lanca-por-ano-13-milhao-de-toneladas-de-plastico-no-oceano\/"]}]},{"@type":"ImageObject","inLanguage":"pt-BR","@id":"https:\/\/jornalboasnoticias.com.br\/home\/brasil-lanca-por-ano-13-milhao-de-toneladas-de-plastico-no-oceano\/#primaryimage","url":"https:\/\/jornalboasnoticias.com.br\/home\/wp-content\/uploads\/2024\/10\/plasticos_1.webp","contentUrl":"https:\/\/jornalboasnoticias.com.br\/home\/wp-content\/uploads\/2024\/10\/plasticos_1.webp","width":1170,"height":700,"caption":"\u00a9 Foto ONU: Martine Perret"},{"@type":"BreadcrumbList","@id":"https:\/\/jornalboasnoticias.com.br\/home\/brasil-lanca-por-ano-13-milhao-de-toneladas-de-plastico-no-oceano\/#breadcrumb","itemListElement":[{"@type":"ListItem","position":1,"name":"In\u00edcio","item":"https:\/\/jornalboasnoticias.com.br\/home\/"},{"@type":"ListItem","position":2,"name":"Brasil lan\u00e7a por ano 1,3 milh\u00e3o de toneladas de pl\u00e1stico no oceano"}]},{"@type":"WebSite","@id":"https:\/\/jornalboasnoticias.com.br\/home\/#website","url":"https:\/\/jornalboasnoticias.com.br\/home\/","name":"Jornal Boas Not\u00edcias","description":"Boas not\u00edcias","publisher":{"@id":"https:\/\/jornalboasnoticias.com.br\/home\/#organization"},"potentialAction":[{"@type":"SearchAction","target":{"@type":"EntryPoint","urlTemplate":"https:\/\/jornalboasnoticias.com.br\/home\/?s={search_term_string}"},"query-input":{"@type":"PropertyValueSpecification","valueRequired":true,"valueName":"search_term_string"}}],"inLanguage":"pt-BR"},{"@type":"Organization","@id":"https:\/\/jornalboasnoticias.com.br\/home\/#organization","name":"Coq Editora Ltda","alternateName":"Jornal Boas Noticias","url":"https:\/\/jornalboasnoticias.com.br\/home\/","logo":{"@type":"ImageObject","inLanguage":"pt-BR","@id":"https:\/\/jornalboasnoticias.com.br\/home\/#\/schema\/logo\/image\/","url":"https:\/\/jornalboasnoticias.com.br\/home\/wp-content\/uploads\/2024\/07\/cropped-logo.jpg","contentUrl":"https:\/\/jornalboasnoticias.com.br\/home\/wp-content\/uploads\/2024\/07\/cropped-logo.jpg","width":290,"height":142,"caption":"Coq Editora Ltda"},"image":{"@id":"https:\/\/jornalboasnoticias.com.br\/home\/#\/schema\/logo\/image\/"},"sameAs":["https:\/\/www.facebook.com\/boasnoticiasjornal"]},{"@type":"Person","@id":"https:\/\/jornalboasnoticias.com.br\/home\/#\/schema\/person\/d641193e0afc6405b390164dac847971","name":"Ana Luiza Bonatto","image":{"@type":"ImageObject","inLanguage":"pt-BR","@id":"https:\/\/secure.gravatar.com\/avatar\/8a055ebe6373371f67ac6fcf313c0ac0b0a91157fdcdb9514fa62927373348f0?s=96&d=mm&r=g","url":"https:\/\/secure.gravatar.com\/avatar\/8a055ebe6373371f67ac6fcf313c0ac0b0a91157fdcdb9514fa62927373348f0?s=96&d=mm&r=g","contentUrl":"https:\/\/secure.gravatar.com\/avatar\/8a055ebe6373371f67ac6fcf313c0ac0b0a91157fdcdb9514fa62927373348f0?s=96&d=mm&r=g","caption":"Ana Luiza Bonatto"},"url":"https:\/\/jornalboasnoticias.com.br\/home\/author\/ana-luiza\/"}]}},"_links":{"self":[{"href":"https:\/\/jornalboasnoticias.com.br\/home\/wp-json\/wp\/v2\/posts\/44331","targetHints":{"allow":["GET"]}}],"collection":[{"href":"https:\/\/jornalboasnoticias.com.br\/home\/wp-json\/wp\/v2\/posts"}],"about":[{"href":"https:\/\/jornalboasnoticias.com.br\/home\/wp-json\/wp\/v2\/types\/post"}],"author":[{"embeddable":true,"href":"https:\/\/jornalboasnoticias.com.br\/home\/wp-json\/wp\/v2\/users\/4"}],"replies":[{"embeddable":true,"href":"https:\/\/jornalboasnoticias.com.br\/home\/wp-json\/wp\/v2\/comments?post=44331"}],"version-history":[{"count":1,"href":"https:\/\/jornalboasnoticias.com.br\/home\/wp-json\/wp\/v2\/posts\/44331\/revisions"}],"predecessor-version":[{"id":44333,"href":"https:\/\/jornalboasnoticias.com.br\/home\/wp-json\/wp\/v2\/posts\/44331\/revisions\/44333"}],"wp:featuredmedia":[{"embeddable":true,"href":"https:\/\/jornalboasnoticias.com.br\/home\/wp-json\/wp\/v2\/media\/44332"}],"wp:attachment":[{"href":"https:\/\/jornalboasnoticias.com.br\/home\/wp-json\/wp\/v2\/media?parent=44331"}],"wp:term":[{"taxonomy":"category","embeddable":true,"href":"https:\/\/jornalboasnoticias.com.br\/home\/wp-json\/wp\/v2\/categories?post=44331"},{"taxonomy":"post_tag","embeddable":true,"href":"https:\/\/jornalboasnoticias.com.br\/home\/wp-json\/wp\/v2\/tags?post=44331"}],"curies":[{"name":"wp","href":"https:\/\/api.w.org\/{rel}","templated":true}]}}