{"id":44318,"date":"2024-10-16T17:03:04","date_gmt":"2024-10-16T17:03:04","guid":{"rendered":"https:\/\/jornalboasnoticias.com.br\/home\/?p=44318"},"modified":"2024-10-16T17:03:04","modified_gmt":"2024-10-16T17:03:04","slug":"portos-do-parana-promove-audiencia-para-contribuicoes-ao-leilao-da-area-par25","status":"publish","type":"post","link":"https:\/\/jornalboasnoticias.com.br\/home\/portos-do-parana-promove-audiencia-para-contribuicoes-ao-leilao-da-area-par25\/","title":{"rendered":"Portos do Paran\u00e1 promove audi\u00eancia para contribui\u00e7\u00f5es ao leil\u00e3o da \u00e1rea PAR25"},"content":{"rendered":"<blockquote>\n<div class=\"not-escopo-destaque\">\n<div class=\"field field--name-field-escopo-destaque field--type-string-long field--label-hidden field--item\">Reuni\u00e3o foi mais uma etapa do procedimento licitat\u00f3rio, que prev\u00ea investimento de R$ 500 milh\u00f5es onde hoje se situa as empresas Louis Dreyfus e Interalli.<\/div>\n<\/div>\n<\/blockquote>\n<div>\n<div id=\"gallery-news\">\n<div class=\"slick unslick slick--main slick--initialized\">\n<div class=\"slide__caption\" tabindex=\"-1\">\n<div class=\"slide__description\">\n<figure id=\"attachment_44319\" aria-describedby=\"caption-attachment-44319\" style=\"width: 2560px\" class=\"wp-caption alignnone\"><img loading=\"lazy\" decoding=\"async\" class=\"size-full wp-image-44319\" src=\"https:\/\/jornalboasnoticias.com.br\/home\/wp-content\/uploads\/2024\/10\/img_2911_copiar-scaled.jpg\" alt=\"\" width=\"2560\" height=\"1707\" srcset=\"https:\/\/jornalboasnoticias.com.br\/home\/wp-content\/uploads\/2024\/10\/img_2911_copiar-scaled.jpg 2560w, https:\/\/jornalboasnoticias.com.br\/home\/wp-content\/uploads\/2024\/10\/img_2911_copiar-300x200.jpg 300w, https:\/\/jornalboasnoticias.com.br\/home\/wp-content\/uploads\/2024\/10\/img_2911_copiar-1024x683.jpg 1024w, https:\/\/jornalboasnoticias.com.br\/home\/wp-content\/uploads\/2024\/10\/img_2911_copiar-768x512.jpg 768w, https:\/\/jornalboasnoticias.com.br\/home\/wp-content\/uploads\/2024\/10\/img_2911_copiar-1536x1024.jpg 1536w, https:\/\/jornalboasnoticias.com.br\/home\/wp-content\/uploads\/2024\/10\/img_2911_copiar-2048x1365.jpg 2048w, https:\/\/jornalboasnoticias.com.br\/home\/wp-content\/uploads\/2024\/10\/img_2911_copiar-900x600.jpg 900w\" sizes=\"auto, (max-width: 2560px) 100vw, 2560px\" \/><figcaption id=\"caption-attachment-44319\" class=\"wp-caption-text\">Foto: Claudio Neves\/Portos do Paran\u00e1<\/figcaption><\/figure>\n<\/div>\n<\/div>\n<\/div>\n<\/div>\n<article class=\"node node--type-noticia node--promoted node--view-mode-full clearfix\" role=\"article\" data-history-node-id=\"69340\">\n<div class=\"node__content clearfix\">\n<div class=\"field field--name-field-texto field--type-text-long field--label-hidden field--item\">\n<p>A Portos do Paran\u00e1 promoveu ter\u00e7a-feira (15) a Audi\u00eancia P\u00fablica N\u00ba 001\/2024 para receber contribui\u00e7\u00f5es, subs\u00eddios e sugest\u00f5es ao aprimoramento das minutas jur\u00eddicas e t\u00e9cnicas para licita\u00e7\u00e3o da \u00e1rea PAR25. As participa\u00e7\u00f5es foram presenciais e de forma remota. O local a ser arrendado e a estrutura s\u00e3o destinados para a armazenagem e movimenta\u00e7\u00e3o de gran\u00e9is s\u00f3lidos vegetais.<\/p>\n<p>Desde janeiro de 2019, quando a empresa p\u00fablica ganhou a Delega\u00e7\u00e3o de Compet\u00eancia, 5 leil\u00f5es de \u00e1reas arrendadas j\u00e1 foram feitos. \u201cTemos a condi\u00e7\u00e3o de assinar mais um bom contrato e, neste caso, com R$ 500 milh\u00f5es em investimentos. \u00c9 sempre um desafio, al\u00e9m de uma grande oportunidade para os interessados\u201d, disse o diretor-presidente da Portos do Paran\u00e1, Luiz Fernando Garcia.<\/p>\n<p>De acordo com o presidente da Comiss\u00e3o de Licita\u00e7\u00e3o de \u00c1reas Portu\u00e1rias (CLAP) e diretor administrativo e financeiro da empresa p\u00fablica, Marcos Bonoski, a audi\u00eancia p\u00fablica \u00e9 uma forma de aprimorar o Estudo de Viabilidade T\u00e9cnica, Econ\u00f4mica e Ambiental (EVTEA) para definir valores, prazos e demais par\u00e2metros para a realiza\u00e7\u00e3o da licita\u00e7\u00e3o. \u201cBuscamos a remunera\u00e7\u00e3o adequada \u00e0 Portos do Paran\u00e1 bem como o retorno adequado aos seus investidores\u201d, destacou.<\/p>\n<p>Para a diretora de Programa da Secretaria Adjunta de Infraestrutura Econ\u00f4mica do Programa de Parcerias de Investimentos (PPI) da empresa p\u00fablica, Patr\u00edcia Gravina, a Portos do Paran\u00e1 tem conduzido muito bem suas licita\u00e7\u00f5es e o PAR25 (onde hoje est\u00e3o instaladas as empresas Louis Dreyfus e Interalli) vai incrementar ainda mais o Corredor de Exporta\u00e7\u00f5es. \u201cA audi\u00eancia \u00e9 importante para tirar d\u00favidas e superar qualquer percal\u00e7o e atrair investimentos para o Porto de Paranagu\u00e1\u201d, avaliou.<\/p>\n<p>Na vis\u00e3o do chefe da unidade regional da Antaq (Ag\u00eancia Nacional de Transportes Aquavi\u00e1rios), Thiago Fernando Bonetti, mais uma vez a Autoridade Portu\u00e1ria \u00e9 protagonista nacional. \u201cA Delega\u00e7\u00e3o de Compet\u00eancia trouxe essa autonomia, essa diferencia\u00e7\u00e3o perante outras autoridades do Brasil. Passados alguns leil\u00f5es, pode-se dizer que a Portos do Paran\u00e1 atingiu uma maturidade inquestion\u00e1vel nesses certames\u201d, afirmou.<\/p>\n<p>J\u00e1 o superintendente de projetos da INFRA S\/A, Fernando Correa dos Santos, lembrou que esse \u00e9 mais um projeto de refer\u00eancia para o Porto de Paranagu\u00e1. \u201cO projeto do PAR25, em conjunto com o PAR14 e o PAR15, busca revigorar o Corredor de Exporta\u00e7\u00e3o do Porto de Paranagu\u00e1 e com uma vis\u00e3o de aperfei\u00e7oamento operacional\u201d, analisou Santos.<\/p>\n<p>Ap\u00f3s a apresenta\u00e7\u00e3o do PAR25, os inscritos realizaram as pontua\u00e7\u00f5es necess\u00e1rias. A consulta p\u00fablica segue aberta na internet e os interessados podem enviar as contribui\u00e7\u00f5es atrav\u00e9s\u00a0<strong><a class=\"0\" href=\"https:\/\/www.portosdoparana.pr.gov.br\/Pagina\/Audiencia-Publica-PAR25\" target=\"_blank\" rel=\"nofollow noopener\">deste site<\/a><\/strong>.<\/p>\n<p>(AEN)<\/p>\n<\/div>\n<\/div>\n<\/article>\n<\/div>\n","protected":false},"excerpt":{"rendered":"<p>Reuni\u00e3o foi mais uma etapa do procedimento licitat\u00f3rio, que prev\u00ea investimento de R$ 500 milh\u00f5es<\/p>\n","protected":false},"author":4,"featured_media":44319,"comment_status":"open","ping_status":"open","sticky":false,"template":"","format":"standard","meta":{"footnotes":""},"categories":[3,4],"tags":[],"class_list":["post-44318","post","type-post","status-publish","format-standard","has-post-thumbnail","hentry","category-destaques","category-parana"],"yoast_head":"<!-- This site is optimized with the Yoast SEO plugin v27.5 - https:\/\/yoast.com\/product\/yoast-seo-wordpress\/ -->\n<title>Portos do Paran\u00e1 promove audi\u00eancia para contribui\u00e7\u00f5es ao leil\u00e3o da \u00e1rea PAR25 - Jornal<\/title>\n<meta name=\"description\" content=\"Portos do Paran\u00e1 promove audi\u00eancia para contribui\u00e7\u00f5es ao leil\u00e3o da \u00e1rea PAR25\" \/>\n<meta name=\"robots\" content=\"index, follow, max-snippet:-1, max-image-preview:large, max-video-preview:-1\" \/>\n<link rel=\"canonical\" href=\"https:\/\/jornalboasnoticias.com.br\/home\/portos-do-parana-promove-audiencia-para-contribuicoes-ao-leilao-da-area-par25\/\" \/>\n<meta property=\"og:locale\" content=\"pt_BR\" \/>\n<meta property=\"og:type\" content=\"article\" \/>\n<meta property=\"og:title\" content=\"Portos do Paran\u00e1 promove audi\u00eancia para contribui\u00e7\u00f5es ao leil\u00e3o da \u00e1rea PAR25 - Jornal\" \/>\n<meta property=\"og:description\" content=\"Portos do Paran\u00e1 promove audi\u00eancia para contribui\u00e7\u00f5es ao leil\u00e3o da \u00e1rea PAR25\" \/>\n<meta property=\"og:url\" content=\"https:\/\/jornalboasnoticias.com.br\/home\/portos-do-parana-promove-audiencia-para-contribuicoes-ao-leilao-da-area-par25\/\" \/>\n<meta property=\"og:site_name\" content=\"Jornal\" \/>\n<meta property=\"article:publisher\" content=\"https:\/\/www.facebook.com\/boasnoticiasjornal\" \/>\n<meta property=\"article:published_time\" content=\"2024-10-16T17:03:04+00:00\" \/>\n<meta property=\"og:image\" content=\"https:\/\/jornalboasnoticias.com.br\/home\/wp-content\/uploads\/2024\/10\/img_2911_copiar-scaled.jpg\" \/>\n\t<meta property=\"og:image:width\" content=\"2560\" \/>\n\t<meta property=\"og:image:height\" content=\"1707\" \/>\n\t<meta property=\"og:image:type\" content=\"image\/jpeg\" \/>\n<meta name=\"author\" content=\"Ana Luiza Bonatto\" \/>\n<meta name=\"twitter:card\" content=\"summary_large_image\" \/>\n<meta name=\"twitter:label1\" content=\"Escrito por\" \/>\n\t<meta name=\"twitter:data1\" content=\"Ana Luiza Bonatto\" \/>\n\t<meta name=\"twitter:label2\" content=\"Est. tempo de leitura\" \/>\n\t<meta name=\"twitter:data2\" content=\"3 minutos\" \/>\n<script type=\"application\/ld+json\" class=\"yoast-schema-graph\">{\"@context\":\"https:\\\/\\\/schema.org\",\"@graph\":[{\"@type\":\"Article\",\"@id\":\"https:\\\/\\\/jornalboasnoticias.com.br\\\/home\\\/portos-do-parana-promove-audiencia-para-contribuicoes-ao-leilao-da-area-par25\\\/#article\",\"isPartOf\":{\"@id\":\"https:\\\/\\\/jornalboasnoticias.com.br\\\/home\\\/portos-do-parana-promove-audiencia-para-contribuicoes-ao-leilao-da-area-par25\\\/\"},\"author\":{\"name\":\"Ana Luiza Bonatto\",\"@id\":\"https:\\\/\\\/jornalboasnoticias.com.br\\\/home\\\/#\\\/schema\\\/person\\\/d641193e0afc6405b390164dac847971\"},\"headline\":\"Portos do Paran\u00e1 promove audi\u00eancia para contribui\u00e7\u00f5es ao leil\u00e3o da \u00e1rea PAR25\",\"datePublished\":\"2024-10-16T17:03:04+00:00\",\"mainEntityOfPage\":{\"@id\":\"https:\\\/\\\/jornalboasnoticias.com.br\\\/home\\\/portos-do-parana-promove-audiencia-para-contribuicoes-ao-leilao-da-area-par25\\\/\"},\"wordCount\":511,\"commentCount\":0,\"publisher\":{\"@id\":\"https:\\\/\\\/jornalboasnoticias.com.br\\\/home\\\/#organization\"},\"image\":{\"@id\":\"https:\\\/\\\/jornalboasnoticias.com.br\\\/home\\\/portos-do-parana-promove-audiencia-para-contribuicoes-ao-leilao-da-area-par25\\\/#primaryimage\"},\"thumbnailUrl\":\"https:\\\/\\\/jornalboasnoticias.com.br\\\/home\\\/wp-content\\\/uploads\\\/2024\\\/10\\\/img_2911_copiar-scaled.jpg\",\"articleSection\":[\"DESTAQUE\",\"PARAN\u00c1\"],\"inLanguage\":\"pt-BR\",\"potentialAction\":[{\"@type\":\"CommentAction\",\"name\":\"Comment\",\"target\":[\"https:\\\/\\\/jornalboasnoticias.com.br\\\/home\\\/portos-do-parana-promove-audiencia-para-contribuicoes-ao-leilao-da-area-par25\\\/#respond\"]}]},{\"@type\":\"WebPage\",\"@id\":\"https:\\\/\\\/jornalboasnoticias.com.br\\\/home\\\/portos-do-parana-promove-audiencia-para-contribuicoes-ao-leilao-da-area-par25\\\/\",\"url\":\"https:\\\/\\\/jornalboasnoticias.com.br\\\/home\\\/portos-do-parana-promove-audiencia-para-contribuicoes-ao-leilao-da-area-par25\\\/\",\"name\":\"Portos do Paran\u00e1 promove audi\u00eancia para contribui\u00e7\u00f5es ao leil\u00e3o da \u00e1rea PAR25 - Jornal\",\"isPartOf\":{\"@id\":\"https:\\\/\\\/jornalboasnoticias.com.br\\\/home\\\/#website\"},\"primaryImageOfPage\":{\"@id\":\"https:\\\/\\\/jornalboasnoticias.com.br\\\/home\\\/portos-do-parana-promove-audiencia-para-contribuicoes-ao-leilao-da-area-par25\\\/#primaryimage\"},\"image\":{\"@id\":\"https:\\\/\\\/jornalboasnoticias.com.br\\\/home\\\/portos-do-parana-promove-audiencia-para-contribuicoes-ao-leilao-da-area-par25\\\/#primaryimage\"},\"thumbnailUrl\":\"https:\\\/\\\/jornalboasnoticias.com.br\\\/home\\\/wp-content\\\/uploads\\\/2024\\\/10\\\/img_2911_copiar-scaled.jpg\",\"datePublished\":\"2024-10-16T17:03:04+00:00\",\"description\":\"Portos do Paran\u00e1 promove audi\u00eancia para contribui\u00e7\u00f5es ao leil\u00e3o da \u00e1rea PAR25\",\"breadcrumb\":{\"@id\":\"https:\\\/\\\/jornalboasnoticias.com.br\\\/home\\\/portos-do-parana-promove-audiencia-para-contribuicoes-ao-leilao-da-area-par25\\\/#breadcrumb\"},\"inLanguage\":\"pt-BR\",\"potentialAction\":[{\"@type\":\"ReadAction\",\"target\":[\"https:\\\/\\\/jornalboasnoticias.com.br\\\/home\\\/portos-do-parana-promove-audiencia-para-contribuicoes-ao-leilao-da-area-par25\\\/\"]}]},{\"@type\":\"ImageObject\",\"inLanguage\":\"pt-BR\",\"@id\":\"https:\\\/\\\/jornalboasnoticias.com.br\\\/home\\\/portos-do-parana-promove-audiencia-para-contribuicoes-ao-leilao-da-area-par25\\\/#primaryimage\",\"url\":\"https:\\\/\\\/jornalboasnoticias.com.br\\\/home\\\/wp-content\\\/uploads\\\/2024\\\/10\\\/img_2911_copiar-scaled.jpg\",\"contentUrl\":\"https:\\\/\\\/jornalboasnoticias.com.br\\\/home\\\/wp-content\\\/uploads\\\/2024\\\/10\\\/img_2911_copiar-scaled.jpg\",\"width\":2560,\"height\":1707,\"caption\":\"Foto: Claudio Neves\\\/Portos do Paran\u00e1\"},{\"@type\":\"BreadcrumbList\",\"@id\":\"https:\\\/\\\/jornalboasnoticias.com.br\\\/home\\\/portos-do-parana-promove-audiencia-para-contribuicoes-ao-leilao-da-area-par25\\\/#breadcrumb\",\"itemListElement\":[{\"@type\":\"ListItem\",\"position\":1,\"name\":\"In\u00edcio\",\"item\":\"https:\\\/\\\/jornalboasnoticias.com.br\\\/home\\\/\"},{\"@type\":\"ListItem\",\"position\":2,\"name\":\"Portos do Paran\u00e1 promove audi\u00eancia para contribui\u00e7\u00f5es ao leil\u00e3o da \u00e1rea PAR25\"}]},{\"@type\":\"WebSite\",\"@id\":\"https:\\\/\\\/jornalboasnoticias.com.br\\\/home\\\/#website\",\"url\":\"https:\\\/\\\/jornalboasnoticias.com.br\\\/home\\\/\",\"name\":\"Jornal Boas Not\u00edcias\",\"description\":\"Boas not\u00edcias\",\"publisher\":{\"@id\":\"https:\\\/\\\/jornalboasnoticias.com.br\\\/home\\\/#organization\"},\"potentialAction\":[{\"@type\":\"SearchAction\",\"target\":{\"@type\":\"EntryPoint\",\"urlTemplate\":\"https:\\\/\\\/jornalboasnoticias.com.br\\\/home\\\/?s={search_term_string}\"},\"query-input\":{\"@type\":\"PropertyValueSpecification\",\"valueRequired\":true,\"valueName\":\"search_term_string\"}}],\"inLanguage\":\"pt-BR\"},{\"@type\":\"Organization\",\"@id\":\"https:\\\/\\\/jornalboasnoticias.com.br\\\/home\\\/#organization\",\"name\":\"Coq Editora Ltda\",\"alternateName\":\"Jornal Boas Noticias\",\"url\":\"https:\\\/\\\/jornalboasnoticias.com.br\\\/home\\\/\",\"logo\":{\"@type\":\"ImageObject\",\"inLanguage\":\"pt-BR\",\"@id\":\"https:\\\/\\\/jornalboasnoticias.com.br\\\/home\\\/#\\\/schema\\\/logo\\\/image\\\/\",\"url\":\"https:\\\/\\\/jornalboasnoticias.com.br\\\/home\\\/wp-content\\\/uploads\\\/2024\\\/07\\\/cropped-logo.jpg\",\"contentUrl\":\"https:\\\/\\\/jornalboasnoticias.com.br\\\/home\\\/wp-content\\\/uploads\\\/2024\\\/07\\\/cropped-logo.jpg\",\"width\":290,\"height\":142,\"caption\":\"Coq Editora Ltda\"},\"image\":{\"@id\":\"https:\\\/\\\/jornalboasnoticias.com.br\\\/home\\\/#\\\/schema\\\/logo\\\/image\\\/\"},\"sameAs\":[\"https:\\\/\\\/www.facebook.com\\\/boasnoticiasjornal\"]},{\"@type\":\"Person\",\"@id\":\"https:\\\/\\\/jornalboasnoticias.com.br\\\/home\\\/#\\\/schema\\\/person\\\/d641193e0afc6405b390164dac847971\",\"name\":\"Ana Luiza Bonatto\",\"image\":{\"@type\":\"ImageObject\",\"inLanguage\":\"pt-BR\",\"@id\":\"https:\\\/\\\/secure.gravatar.com\\\/avatar\\\/8a055ebe6373371f67ac6fcf313c0ac0b0a91157fdcdb9514fa62927373348f0?s=96&d=mm&r=g\",\"url\":\"https:\\\/\\\/secure.gravatar.com\\\/avatar\\\/8a055ebe6373371f67ac6fcf313c0ac0b0a91157fdcdb9514fa62927373348f0?s=96&d=mm&r=g\",\"contentUrl\":\"https:\\\/\\\/secure.gravatar.com\\\/avatar\\\/8a055ebe6373371f67ac6fcf313c0ac0b0a91157fdcdb9514fa62927373348f0?s=96&d=mm&r=g\",\"caption\":\"Ana Luiza Bonatto\"},\"url\":\"https:\\\/\\\/jornalboasnoticias.com.br\\\/home\\\/author\\\/ana-luiza\\\/\"}]}<\/script>\n<!-- \/ Yoast SEO plugin. -->","yoast_head_json":{"title":"Portos do Paran\u00e1 promove audi\u00eancia para contribui\u00e7\u00f5es ao leil\u00e3o da \u00e1rea PAR25 - Jornal","description":"Portos do Paran\u00e1 promove audi\u00eancia para contribui\u00e7\u00f5es ao leil\u00e3o da \u00e1rea PAR25","robots":{"index":"index","follow":"follow","max-snippet":"max-snippet:-1","max-image-preview":"max-image-preview:large","max-video-preview":"max-video-preview:-1"},"canonical":"https:\/\/jornalboasnoticias.com.br\/home\/portos-do-parana-promove-audiencia-para-contribuicoes-ao-leilao-da-area-par25\/","og_locale":"pt_BR","og_type":"article","og_title":"Portos do Paran\u00e1 promove audi\u00eancia para contribui\u00e7\u00f5es ao leil\u00e3o da \u00e1rea PAR25 - Jornal","og_description":"Portos do Paran\u00e1 promove audi\u00eancia para contribui\u00e7\u00f5es ao leil\u00e3o da \u00e1rea PAR25","og_url":"https:\/\/jornalboasnoticias.com.br\/home\/portos-do-parana-promove-audiencia-para-contribuicoes-ao-leilao-da-area-par25\/","og_site_name":"Jornal","article_publisher":"https:\/\/www.facebook.com\/boasnoticiasjornal","article_published_time":"2024-10-16T17:03:04+00:00","og_image":[{"width":2560,"height":1707,"url":"https:\/\/jornalboasnoticias.com.br\/home\/wp-content\/uploads\/2024\/10\/img_2911_copiar-scaled.jpg","type":"image\/jpeg"}],"author":"Ana Luiza Bonatto","twitter_card":"summary_large_image","twitter_misc":{"Escrito por":"Ana Luiza Bonatto","Est. tempo de leitura":"3 minutos"},"schema":{"@context":"https:\/\/schema.org","@graph":[{"@type":"Article","@id":"https:\/\/jornalboasnoticias.com.br\/home\/portos-do-parana-promove-audiencia-para-contribuicoes-ao-leilao-da-area-par25\/#article","isPartOf":{"@id":"https:\/\/jornalboasnoticias.com.br\/home\/portos-do-parana-promove-audiencia-para-contribuicoes-ao-leilao-da-area-par25\/"},"author":{"name":"Ana Luiza Bonatto","@id":"https:\/\/jornalboasnoticias.com.br\/home\/#\/schema\/person\/d641193e0afc6405b390164dac847971"},"headline":"Portos do Paran\u00e1 promove audi\u00eancia para contribui\u00e7\u00f5es ao leil\u00e3o da \u00e1rea PAR25","datePublished":"2024-10-16T17:03:04+00:00","mainEntityOfPage":{"@id":"https:\/\/jornalboasnoticias.com.br\/home\/portos-do-parana-promove-audiencia-para-contribuicoes-ao-leilao-da-area-par25\/"},"wordCount":511,"commentCount":0,"publisher":{"@id":"https:\/\/jornalboasnoticias.com.br\/home\/#organization"},"image":{"@id":"https:\/\/jornalboasnoticias.com.br\/home\/portos-do-parana-promove-audiencia-para-contribuicoes-ao-leilao-da-area-par25\/#primaryimage"},"thumbnailUrl":"https:\/\/jornalboasnoticias.com.br\/home\/wp-content\/uploads\/2024\/10\/img_2911_copiar-scaled.jpg","articleSection":["DESTAQUE","PARAN\u00c1"],"inLanguage":"pt-BR","potentialAction":[{"@type":"CommentAction","name":"Comment","target":["https:\/\/jornalboasnoticias.com.br\/home\/portos-do-parana-promove-audiencia-para-contribuicoes-ao-leilao-da-area-par25\/#respond"]}]},{"@type":"WebPage","@id":"https:\/\/jornalboasnoticias.com.br\/home\/portos-do-parana-promove-audiencia-para-contribuicoes-ao-leilao-da-area-par25\/","url":"https:\/\/jornalboasnoticias.com.br\/home\/portos-do-parana-promove-audiencia-para-contribuicoes-ao-leilao-da-area-par25\/","name":"Portos do Paran\u00e1 promove audi\u00eancia para contribui\u00e7\u00f5es ao leil\u00e3o da \u00e1rea PAR25 - Jornal","isPartOf":{"@id":"https:\/\/jornalboasnoticias.com.br\/home\/#website"},"primaryImageOfPage":{"@id":"https:\/\/jornalboasnoticias.com.br\/home\/portos-do-parana-promove-audiencia-para-contribuicoes-ao-leilao-da-area-par25\/#primaryimage"},"image":{"@id":"https:\/\/jornalboasnoticias.com.br\/home\/portos-do-parana-promove-audiencia-para-contribuicoes-ao-leilao-da-area-par25\/#primaryimage"},"thumbnailUrl":"https:\/\/jornalboasnoticias.com.br\/home\/wp-content\/uploads\/2024\/10\/img_2911_copiar-scaled.jpg","datePublished":"2024-10-16T17:03:04+00:00","description":"Portos do Paran\u00e1 promove audi\u00eancia para contribui\u00e7\u00f5es ao leil\u00e3o da \u00e1rea PAR25","breadcrumb":{"@id":"https:\/\/jornalboasnoticias.com.br\/home\/portos-do-parana-promove-audiencia-para-contribuicoes-ao-leilao-da-area-par25\/#breadcrumb"},"inLanguage":"pt-BR","potentialAction":[{"@type":"ReadAction","target":["https:\/\/jornalboasnoticias.com.br\/home\/portos-do-parana-promove-audiencia-para-contribuicoes-ao-leilao-da-area-par25\/"]}]},{"@type":"ImageObject","inLanguage":"pt-BR","@id":"https:\/\/jornalboasnoticias.com.br\/home\/portos-do-parana-promove-audiencia-para-contribuicoes-ao-leilao-da-area-par25\/#primaryimage","url":"https:\/\/jornalboasnoticias.com.br\/home\/wp-content\/uploads\/2024\/10\/img_2911_copiar-scaled.jpg","contentUrl":"https:\/\/jornalboasnoticias.com.br\/home\/wp-content\/uploads\/2024\/10\/img_2911_copiar-scaled.jpg","width":2560,"height":1707,"caption":"Foto: Claudio Neves\/Portos do Paran\u00e1"},{"@type":"BreadcrumbList","@id":"https:\/\/jornalboasnoticias.com.br\/home\/portos-do-parana-promove-audiencia-para-contribuicoes-ao-leilao-da-area-par25\/#breadcrumb","itemListElement":[{"@type":"ListItem","position":1,"name":"In\u00edcio","item":"https:\/\/jornalboasnoticias.com.br\/home\/"},{"@type":"ListItem","position":2,"name":"Portos do Paran\u00e1 promove audi\u00eancia para contribui\u00e7\u00f5es ao leil\u00e3o da \u00e1rea PAR25"}]},{"@type":"WebSite","@id":"https:\/\/jornalboasnoticias.com.br\/home\/#website","url":"https:\/\/jornalboasnoticias.com.br\/home\/","name":"Jornal Boas Not\u00edcias","description":"Boas not\u00edcias","publisher":{"@id":"https:\/\/jornalboasnoticias.com.br\/home\/#organization"},"potentialAction":[{"@type":"SearchAction","target":{"@type":"EntryPoint","urlTemplate":"https:\/\/jornalboasnoticias.com.br\/home\/?s={search_term_string}"},"query-input":{"@type":"PropertyValueSpecification","valueRequired":true,"valueName":"search_term_string"}}],"inLanguage":"pt-BR"},{"@type":"Organization","@id":"https:\/\/jornalboasnoticias.com.br\/home\/#organization","name":"Coq Editora Ltda","alternateName":"Jornal Boas Noticias","url":"https:\/\/jornalboasnoticias.com.br\/home\/","logo":{"@type":"ImageObject","inLanguage":"pt-BR","@id":"https:\/\/jornalboasnoticias.com.br\/home\/#\/schema\/logo\/image\/","url":"https:\/\/jornalboasnoticias.com.br\/home\/wp-content\/uploads\/2024\/07\/cropped-logo.jpg","contentUrl":"https:\/\/jornalboasnoticias.com.br\/home\/wp-content\/uploads\/2024\/07\/cropped-logo.jpg","width":290,"height":142,"caption":"Coq Editora Ltda"},"image":{"@id":"https:\/\/jornalboasnoticias.com.br\/home\/#\/schema\/logo\/image\/"},"sameAs":["https:\/\/www.facebook.com\/boasnoticiasjornal"]},{"@type":"Person","@id":"https:\/\/jornalboasnoticias.com.br\/home\/#\/schema\/person\/d641193e0afc6405b390164dac847971","name":"Ana Luiza Bonatto","image":{"@type":"ImageObject","inLanguage":"pt-BR","@id":"https:\/\/secure.gravatar.com\/avatar\/8a055ebe6373371f67ac6fcf313c0ac0b0a91157fdcdb9514fa62927373348f0?s=96&d=mm&r=g","url":"https:\/\/secure.gravatar.com\/avatar\/8a055ebe6373371f67ac6fcf313c0ac0b0a91157fdcdb9514fa62927373348f0?s=96&d=mm&r=g","contentUrl":"https:\/\/secure.gravatar.com\/avatar\/8a055ebe6373371f67ac6fcf313c0ac0b0a91157fdcdb9514fa62927373348f0?s=96&d=mm&r=g","caption":"Ana Luiza Bonatto"},"url":"https:\/\/jornalboasnoticias.com.br\/home\/author\/ana-luiza\/"}]}},"_links":{"self":[{"href":"https:\/\/jornalboasnoticias.com.br\/home\/wp-json\/wp\/v2\/posts\/44318","targetHints":{"allow":["GET"]}}],"collection":[{"href":"https:\/\/jornalboasnoticias.com.br\/home\/wp-json\/wp\/v2\/posts"}],"about":[{"href":"https:\/\/jornalboasnoticias.com.br\/home\/wp-json\/wp\/v2\/types\/post"}],"author":[{"embeddable":true,"href":"https:\/\/jornalboasnoticias.com.br\/home\/wp-json\/wp\/v2\/users\/4"}],"replies":[{"embeddable":true,"href":"https:\/\/jornalboasnoticias.com.br\/home\/wp-json\/wp\/v2\/comments?post=44318"}],"version-history":[{"count":1,"href":"https:\/\/jornalboasnoticias.com.br\/home\/wp-json\/wp\/v2\/posts\/44318\/revisions"}],"predecessor-version":[{"id":44320,"href":"https:\/\/jornalboasnoticias.com.br\/home\/wp-json\/wp\/v2\/posts\/44318\/revisions\/44320"}],"wp:featuredmedia":[{"embeddable":true,"href":"https:\/\/jornalboasnoticias.com.br\/home\/wp-json\/wp\/v2\/media\/44319"}],"wp:attachment":[{"href":"https:\/\/jornalboasnoticias.com.br\/home\/wp-json\/wp\/v2\/media?parent=44318"}],"wp:term":[{"taxonomy":"category","embeddable":true,"href":"https:\/\/jornalboasnoticias.com.br\/home\/wp-json\/wp\/v2\/categories?post=44318"},{"taxonomy":"post_tag","embeddable":true,"href":"https:\/\/jornalboasnoticias.com.br\/home\/wp-json\/wp\/v2\/tags?post=44318"}],"curies":[{"name":"wp","href":"https:\/\/api.w.org\/{rel}","templated":true}]}}