{"id":44309,"date":"2024-10-16T16:51:34","date_gmt":"2024-10-16T16:51:34","guid":{"rendered":"https:\/\/jornalboasnoticias.com.br\/home\/?p=44309"},"modified":"2024-10-16T16:51:34","modified_gmt":"2024-10-16T16:51:34","slug":"acervo-de-obras-raras-da-biblioteca-publica-do-parana-possui-livro-de-1584","status":"publish","type":"post","link":"https:\/\/jornalboasnoticias.com.br\/home\/acervo-de-obras-raras-da-biblioteca-publica-do-parana-possui-livro-de-1584\/","title":{"rendered":"Acervo de obras raras da Biblioteca P\u00fablica do Paran\u00e1 possui livro de 1584"},"content":{"rendered":"<blockquote>\n<div class=\"not-escopo-destaque\">\n<div class=\"field field--name-field-escopo-destaque field--type-string-long field--label-hidden field--item\">Essa e outras preciosidades, como itens antigos, primeiras edi\u00e7\u00f5es, obras censuradas ou assinadas por autores importantes s\u00e3o categorizadas com a necessidade de cuidados adicionais de preserva\u00e7\u00e3o, tendo seu acesso restrito a ocasi\u00f5es espec\u00edficas ou a pesquisas<\/div>\n<\/div>\n<\/blockquote>\n<div>\n<figure id=\"attachment_44310\" aria-describedby=\"caption-attachment-44310\" style=\"width: 2560px\" class=\"wp-caption alignnone\"><img loading=\"lazy\" decoding=\"async\" class=\"size-full wp-image-44310\" src=\"https:\/\/jornalboasnoticias.com.br\/home\/wp-content\/uploads\/2024\/10\/bbp-15-scaled.jpg\" alt=\"\" width=\"2560\" height=\"1707\" srcset=\"https:\/\/jornalboasnoticias.com.br\/home\/wp-content\/uploads\/2024\/10\/bbp-15-scaled.jpg 2560w, https:\/\/jornalboasnoticias.com.br\/home\/wp-content\/uploads\/2024\/10\/bbp-15-300x200.jpg 300w, https:\/\/jornalboasnoticias.com.br\/home\/wp-content\/uploads\/2024\/10\/bbp-15-1024x683.jpg 1024w, https:\/\/jornalboasnoticias.com.br\/home\/wp-content\/uploads\/2024\/10\/bbp-15-768x512.jpg 768w, https:\/\/jornalboasnoticias.com.br\/home\/wp-content\/uploads\/2024\/10\/bbp-15-1536x1024.jpg 1536w, https:\/\/jornalboasnoticias.com.br\/home\/wp-content\/uploads\/2024\/10\/bbp-15-2048x1365.jpg 2048w, https:\/\/jornalboasnoticias.com.br\/home\/wp-content\/uploads\/2024\/10\/bbp-15-900x600.jpg 900w\" sizes=\"auto, (max-width: 2560px) 100vw, 2560px\" \/><figcaption id=\"caption-attachment-44310\" class=\"wp-caption-text\">Foto: Gabriel Rosa\/AEN<\/figcaption><\/figure>\n<p>O acervo da Biblioteca P\u00fablica do Paran\u00e1 (BPP) aumenta a cada semana. E no segundo andar, uma sala \u00e9 dedicada a guardar os conte\u00fados especiais que chegam ao pr\u00e9dio da BPP: a Se\u00e7\u00e3o de Obras Raras. Desde 1954, itens antigos, primeiras edi\u00e7\u00f5es, obras censuradas ou assinadas por autores importantes s\u00e3o categorizadas com a necessidade de cuidados adicionais de preserva\u00e7\u00e3o, tendo seu acesso restrito a ocasi\u00f5es espec\u00edficas ou a pesquisas.<\/p>\n<p>Por um longo per\u00edodo, devido \u00e0 falta de estrutura, os materiais especiais n\u00e3o contavam com uma se\u00e7\u00e3o dedicada. Eles eram armazenados no subsolo, em caixas separadas, mas sem um trabalho de cataloga\u00e7\u00e3o. Em 2008, foi criada a Divis\u00e3o de Cole\u00e7\u00f5es Especiais, e os livros come\u00e7aram a ser catalogados e indexados. Em 2017, durante as obras de moderniza\u00e7\u00e3o da Biblioteca, a sala anexa \u00e0 Se\u00e7\u00e3o de Filosofia \u2014 que abrigava os livros jur\u00eddicos \u2014 foi fechada e passou a acolher as obras raras.<\/p>\n<p>Para preservar as obras, \u00e9 necess\u00e1rio controlar a climatiza\u00e7\u00e3o e a ilumina\u00e7\u00e3o natural. A temperatura deve ser mantida entre 20\u00baC e 22\u00baC, com baixa incid\u00eancia de luz no ambiente, para evitar a prolifera\u00e7\u00e3o de fungos. As estantes de madeira, suscet\u00edveis aos cupins, foram substitu\u00eddas por material de a\u00e7o. Alguns itens mais sens\u00edveis s\u00e3o guardados em um cofre, que s\u00f3 \u00e9 aberto a partir de solicita\u00e7\u00f5es espec\u00edficas, com uso de luvas, m\u00e1scara e, em determinados casos, avental. Pelo fato da cole\u00e7\u00e3o ainda estar sendo recatalogada, n\u00e3o h\u00e1 dados exatos sobre a quantidade de obras raras na se\u00e7\u00e3o.<\/p>\n<p><strong>COLE\u00c7\u00c3O E PRESERVA\u00c7\u00c3O &#8211;\u00a0<\/strong>\u201c\u00c0s vezes, recebemos doa\u00e7\u00f5es de fam\u00edlias de historiadores falecidos. Em outras ocasi\u00f5es, as obras chegam de institui\u00e7\u00f5es p\u00fablicas que est\u00e3o se desfazendo de suas bibliotecas. Tamb\u00e9m h\u00e1 casos de livros que j\u00e1 fazem parte do nosso acervo de empr\u00e9stimo h\u00e1 tanto tempo que se tornaram parte da cole\u00e7\u00e3o especial\u201d, explica Lidiamara Gross, chefe do setor de Cole\u00e7\u00f5es Especiais, que coordena a equipe de manuten\u00e7\u00e3o e acesso ao setor. A BPP adota os mesmos crit\u00e9rios de preserva\u00e7\u00e3o de obras raras estabelecidos pela Biblioteca Nacional, com sede no Rio de Janeiro.<\/p>\n<p>O item mais antigo e valioso da BPP \u00e9 um exemplar de 1584 do livro Orlando Furioso, poema \u00e9pico de cavalaria dedicado ao cardeal Ippolito d&#8217;Este (1479\u20131520), escrito pelo italiano Ludovico Ariosto e publicado pela primeira vez em 1532. Esse material tamb\u00e9m \u00e9 guardado no cofre da Biblioteca. Assim como outros livros, revistas e publica\u00e7\u00f5es variadas, ele passou por um cuidadoso processo de preparo e conserva\u00e7\u00e3o. Como explica Gross: \u201cEles passam pela higieniza\u00e7\u00e3o e restauro, p\u00e1gina por p\u00e1gina; processo de inv\u00f3lucro, em poli\u00e9ster; cataloga\u00e7\u00e3o e, em seguida, s\u00e3o incorporados ao acervo.\u201d<\/p>\n<p>Com entrada restrita, apenas pesquisadores, com a comprova\u00e7\u00e3o da institui\u00e7\u00e3o acad\u00eamica, t\u00eam acesso \u00e0s obras, seguindo as orienta\u00e7\u00f5es de visita. O interesse parte, na maioria das vezes, para consultar o acervo de materiais de quando o Paran\u00e1 pertencia \u00e0 ent\u00e3o Prov\u00edncia de S\u00e3o Paulo, at\u00e9 1853, quando foi emancipado. Mas tamb\u00e9m h\u00e1 o interesse por outros itens, como a cole\u00e7\u00e3o de 2.500 ex-libris (r\u00f3tulo de identifica\u00e7\u00e3o do propriet\u00e1rio do livro), que pertenceu ao colecionador Ely de Azambuja Germano e tem diferentes proced\u00eancias, inclusive de diversas personalidades da hist\u00f3ria brasileira.<\/p>\n<p>Entre os objetos mais curiosos est\u00e3o os minilivros, com tamanho m\u00e9dio de 4 cm x 6 cm, menores que a palma da m\u00e3o. Nos exemplares, dicion\u00e1rios em diferentes l\u00ednguas e uma edi\u00e7\u00e3o do cl\u00e1ssico El Ingenioso Hidalgo Don Quijote de la Mancha (Ediciones Castilla), de Miguel de Cervantes, considerado o primeiro romance moderno e uma das obras mais influentes da literatura. Devido ao tamanho das letras, as palavras s\u00e3o quase ileg\u00edveis, sendo necess\u00e1ria uma lupa para leitura.<\/p>\n<p><strong>BPP &#8211;\u00a0<\/strong>A Biblioteca P\u00fablica do Paran\u00e1 (BPP) \u00e9 uma das maiores institui\u00e7\u00f5es culturais do Brasil. O acervo re\u00fane cerca de 750 mil livros, peri\u00f3dicos, fotografias, mapas, cartazes e materiais de multimeios e multim\u00eddias. \u00c9 uma Diretoria ligada \u00e0 Secretaria de Estado da Cultura (SEEC), ocupa uma \u00e1rea de quase 9 mil metros quadrados e \u00e9 uma das bibliotecas p\u00fablicas mais frequentadas do pa\u00eds, atendendo em m\u00e9dia 16 mil usu\u00e1rios por m\u00eas e realizando aproximadamente 500 empr\u00e9stimos de livros por dia \u2014 s\u00e3o mais de 230 mil leitores cadastrados. Os servi\u00e7os oferecidos baseiam-se na igualdade de acesso em todas as faixas et\u00e1rias com produtos adequados \u00e0s suas necessidades.<\/p>\n<p><strong>Se\u00e7\u00e3o de Obras Raras<\/strong><\/p>\n<p><strong>Agendamento para pesquisadores<\/strong><\/p>\n<p>(41) 3221-4982<\/p>\n<p><strong>Biblioteca P\u00fablica do Paran\u00e1<\/strong><\/p>\n<p>Rua C\u00e2ndido Lopes, 133<\/p>\n<p>Curitiba &#8211; PR \/ Centro<\/p>\n<p>41 3221-4900<\/p>\n<p>bpp.pr.gov.br<\/p>\n<p>@bibliotecapr<\/p>\n<p><strong>Hor\u00e1rio de Atendimento<\/strong><\/p>\n<p>Segunda a sexta-feira, das 8h30 \u00e0s 20h<\/p>\n<p>S\u00e1bados, das 8h30 \u00e0s 13h.<\/p>\n<p>(AEN)<\/p>\n<\/div>\n","protected":false},"excerpt":{"rendered":"<p>Essa e outras preciosidades, como itens antigos, primeiras edi\u00e7\u00f5es, obras censuradas ou assinadas por autores<\/p>\n","protected":false},"author":4,"featured_media":44310,"comment_status":"open","ping_status":"open","sticky":false,"template":"","format":"standard","meta":{"footnotes":""},"categories":[3,4],"tags":[],"class_list":["post-44309","post","type-post","status-publish","format-standard","has-post-thumbnail","hentry","category-destaques","category-parana"],"yoast_head":"<!-- This site is optimized with the Yoast SEO plugin v27.5 - https:\/\/yoast.com\/product\/yoast-seo-wordpress\/ -->\n<title>Acervo de obras raras da Biblioteca P\u00fablica do Paran\u00e1 possui livro de 1584 - Jornal<\/title>\n<meta name=\"description\" content=\"Acervo de obras raras da Biblioteca P\u00fablica do Paran\u00e1 possui livro de 1584\" \/>\n<meta name=\"robots\" content=\"index, follow, max-snippet:-1, max-image-preview:large, max-video-preview:-1\" \/>\n<link rel=\"canonical\" href=\"https:\/\/jornalboasnoticias.com.br\/home\/acervo-de-obras-raras-da-biblioteca-publica-do-parana-possui-livro-de-1584\/\" \/>\n<meta property=\"og:locale\" content=\"pt_BR\" \/>\n<meta property=\"og:type\" content=\"article\" \/>\n<meta property=\"og:title\" content=\"Acervo de obras raras da Biblioteca P\u00fablica do Paran\u00e1 possui livro de 1584 - Jornal\" \/>\n<meta property=\"og:description\" content=\"Acervo de obras raras da Biblioteca P\u00fablica do Paran\u00e1 possui livro de 1584\" \/>\n<meta property=\"og:url\" content=\"https:\/\/jornalboasnoticias.com.br\/home\/acervo-de-obras-raras-da-biblioteca-publica-do-parana-possui-livro-de-1584\/\" \/>\n<meta property=\"og:site_name\" content=\"Jornal\" \/>\n<meta property=\"article:publisher\" content=\"https:\/\/www.facebook.com\/boasnoticiasjornal\" \/>\n<meta property=\"article:published_time\" content=\"2024-10-16T16:51:34+00:00\" \/>\n<meta property=\"og:image\" content=\"https:\/\/jornalboasnoticias.com.br\/home\/wp-content\/uploads\/2024\/10\/bbp-15-scaled.jpg\" \/>\n\t<meta property=\"og:image:width\" content=\"2560\" \/>\n\t<meta property=\"og:image:height\" content=\"1707\" \/>\n\t<meta property=\"og:image:type\" content=\"image\/jpeg\" \/>\n<meta name=\"author\" content=\"Ana Luiza Bonatto\" \/>\n<meta name=\"twitter:card\" content=\"summary_large_image\" \/>\n<meta name=\"twitter:label1\" content=\"Escrito por\" \/>\n\t<meta name=\"twitter:data1\" content=\"Ana Luiza Bonatto\" \/>\n\t<meta name=\"twitter:label2\" content=\"Est. tempo de leitura\" \/>\n\t<meta name=\"twitter:data2\" content=\"5 minutos\" \/>\n<script type=\"application\/ld+json\" class=\"yoast-schema-graph\">{\"@context\":\"https:\\\/\\\/schema.org\",\"@graph\":[{\"@type\":\"Article\",\"@id\":\"https:\\\/\\\/jornalboasnoticias.com.br\\\/home\\\/acervo-de-obras-raras-da-biblioteca-publica-do-parana-possui-livro-de-1584\\\/#article\",\"isPartOf\":{\"@id\":\"https:\\\/\\\/jornalboasnoticias.com.br\\\/home\\\/acervo-de-obras-raras-da-biblioteca-publica-do-parana-possui-livro-de-1584\\\/\"},\"author\":{\"name\":\"Ana Luiza Bonatto\",\"@id\":\"https:\\\/\\\/jornalboasnoticias.com.br\\\/home\\\/#\\\/schema\\\/person\\\/d641193e0afc6405b390164dac847971\"},\"headline\":\"Acervo de obras raras da Biblioteca P\u00fablica do Paran\u00e1 possui livro de 1584\",\"datePublished\":\"2024-10-16T16:51:34+00:00\",\"mainEntityOfPage\":{\"@id\":\"https:\\\/\\\/jornalboasnoticias.com.br\\\/home\\\/acervo-de-obras-raras-da-biblioteca-publica-do-parana-possui-livro-de-1584\\\/\"},\"wordCount\":885,\"commentCount\":0,\"publisher\":{\"@id\":\"https:\\\/\\\/jornalboasnoticias.com.br\\\/home\\\/#organization\"},\"image\":{\"@id\":\"https:\\\/\\\/jornalboasnoticias.com.br\\\/home\\\/acervo-de-obras-raras-da-biblioteca-publica-do-parana-possui-livro-de-1584\\\/#primaryimage\"},\"thumbnailUrl\":\"https:\\\/\\\/jornalboasnoticias.com.br\\\/home\\\/wp-content\\\/uploads\\\/2024\\\/10\\\/bbp-15-scaled.jpg\",\"articleSection\":[\"DESTAQUE\",\"PARAN\u00c1\"],\"inLanguage\":\"pt-BR\",\"potentialAction\":[{\"@type\":\"CommentAction\",\"name\":\"Comment\",\"target\":[\"https:\\\/\\\/jornalboasnoticias.com.br\\\/home\\\/acervo-de-obras-raras-da-biblioteca-publica-do-parana-possui-livro-de-1584\\\/#respond\"]}]},{\"@type\":\"WebPage\",\"@id\":\"https:\\\/\\\/jornalboasnoticias.com.br\\\/home\\\/acervo-de-obras-raras-da-biblioteca-publica-do-parana-possui-livro-de-1584\\\/\",\"url\":\"https:\\\/\\\/jornalboasnoticias.com.br\\\/home\\\/acervo-de-obras-raras-da-biblioteca-publica-do-parana-possui-livro-de-1584\\\/\",\"name\":\"Acervo de obras raras da Biblioteca P\u00fablica do Paran\u00e1 possui livro de 1584 - Jornal\",\"isPartOf\":{\"@id\":\"https:\\\/\\\/jornalboasnoticias.com.br\\\/home\\\/#website\"},\"primaryImageOfPage\":{\"@id\":\"https:\\\/\\\/jornalboasnoticias.com.br\\\/home\\\/acervo-de-obras-raras-da-biblioteca-publica-do-parana-possui-livro-de-1584\\\/#primaryimage\"},\"image\":{\"@id\":\"https:\\\/\\\/jornalboasnoticias.com.br\\\/home\\\/acervo-de-obras-raras-da-biblioteca-publica-do-parana-possui-livro-de-1584\\\/#primaryimage\"},\"thumbnailUrl\":\"https:\\\/\\\/jornalboasnoticias.com.br\\\/home\\\/wp-content\\\/uploads\\\/2024\\\/10\\\/bbp-15-scaled.jpg\",\"datePublished\":\"2024-10-16T16:51:34+00:00\",\"description\":\"Acervo de obras raras da Biblioteca P\u00fablica do Paran\u00e1 possui livro de 1584\",\"breadcrumb\":{\"@id\":\"https:\\\/\\\/jornalboasnoticias.com.br\\\/home\\\/acervo-de-obras-raras-da-biblioteca-publica-do-parana-possui-livro-de-1584\\\/#breadcrumb\"},\"inLanguage\":\"pt-BR\",\"potentialAction\":[{\"@type\":\"ReadAction\",\"target\":[\"https:\\\/\\\/jornalboasnoticias.com.br\\\/home\\\/acervo-de-obras-raras-da-biblioteca-publica-do-parana-possui-livro-de-1584\\\/\"]}]},{\"@type\":\"ImageObject\",\"inLanguage\":\"pt-BR\",\"@id\":\"https:\\\/\\\/jornalboasnoticias.com.br\\\/home\\\/acervo-de-obras-raras-da-biblioteca-publica-do-parana-possui-livro-de-1584\\\/#primaryimage\",\"url\":\"https:\\\/\\\/jornalboasnoticias.com.br\\\/home\\\/wp-content\\\/uploads\\\/2024\\\/10\\\/bbp-15-scaled.jpg\",\"contentUrl\":\"https:\\\/\\\/jornalboasnoticias.com.br\\\/home\\\/wp-content\\\/uploads\\\/2024\\\/10\\\/bbp-15-scaled.jpg\",\"width\":2560,\"height\":1707,\"caption\":\"Foto: Gabriel Rosa\\\/AEN\"},{\"@type\":\"BreadcrumbList\",\"@id\":\"https:\\\/\\\/jornalboasnoticias.com.br\\\/home\\\/acervo-de-obras-raras-da-biblioteca-publica-do-parana-possui-livro-de-1584\\\/#breadcrumb\",\"itemListElement\":[{\"@type\":\"ListItem\",\"position\":1,\"name\":\"In\u00edcio\",\"item\":\"https:\\\/\\\/jornalboasnoticias.com.br\\\/home\\\/\"},{\"@type\":\"ListItem\",\"position\":2,\"name\":\"Acervo de obras raras da Biblioteca P\u00fablica do Paran\u00e1 possui livro de 1584\"}]},{\"@type\":\"WebSite\",\"@id\":\"https:\\\/\\\/jornalboasnoticias.com.br\\\/home\\\/#website\",\"url\":\"https:\\\/\\\/jornalboasnoticias.com.br\\\/home\\\/\",\"name\":\"Jornal Boas Not\u00edcias\",\"description\":\"Boas not\u00edcias\",\"publisher\":{\"@id\":\"https:\\\/\\\/jornalboasnoticias.com.br\\\/home\\\/#organization\"},\"potentialAction\":[{\"@type\":\"SearchAction\",\"target\":{\"@type\":\"EntryPoint\",\"urlTemplate\":\"https:\\\/\\\/jornalboasnoticias.com.br\\\/home\\\/?s={search_term_string}\"},\"query-input\":{\"@type\":\"PropertyValueSpecification\",\"valueRequired\":true,\"valueName\":\"search_term_string\"}}],\"inLanguage\":\"pt-BR\"},{\"@type\":\"Organization\",\"@id\":\"https:\\\/\\\/jornalboasnoticias.com.br\\\/home\\\/#organization\",\"name\":\"Coq Editora Ltda\",\"alternateName\":\"Jornal Boas Noticias\",\"url\":\"https:\\\/\\\/jornalboasnoticias.com.br\\\/home\\\/\",\"logo\":{\"@type\":\"ImageObject\",\"inLanguage\":\"pt-BR\",\"@id\":\"https:\\\/\\\/jornalboasnoticias.com.br\\\/home\\\/#\\\/schema\\\/logo\\\/image\\\/\",\"url\":\"https:\\\/\\\/jornalboasnoticias.com.br\\\/home\\\/wp-content\\\/uploads\\\/2024\\\/07\\\/cropped-logo.jpg\",\"contentUrl\":\"https:\\\/\\\/jornalboasnoticias.com.br\\\/home\\\/wp-content\\\/uploads\\\/2024\\\/07\\\/cropped-logo.jpg\",\"width\":290,\"height\":142,\"caption\":\"Coq Editora Ltda\"},\"image\":{\"@id\":\"https:\\\/\\\/jornalboasnoticias.com.br\\\/home\\\/#\\\/schema\\\/logo\\\/image\\\/\"},\"sameAs\":[\"https:\\\/\\\/www.facebook.com\\\/boasnoticiasjornal\"]},{\"@type\":\"Person\",\"@id\":\"https:\\\/\\\/jornalboasnoticias.com.br\\\/home\\\/#\\\/schema\\\/person\\\/d641193e0afc6405b390164dac847971\",\"name\":\"Ana Luiza Bonatto\",\"image\":{\"@type\":\"ImageObject\",\"inLanguage\":\"pt-BR\",\"@id\":\"https:\\\/\\\/secure.gravatar.com\\\/avatar\\\/8a055ebe6373371f67ac6fcf313c0ac0b0a91157fdcdb9514fa62927373348f0?s=96&d=mm&r=g\",\"url\":\"https:\\\/\\\/secure.gravatar.com\\\/avatar\\\/8a055ebe6373371f67ac6fcf313c0ac0b0a91157fdcdb9514fa62927373348f0?s=96&d=mm&r=g\",\"contentUrl\":\"https:\\\/\\\/secure.gravatar.com\\\/avatar\\\/8a055ebe6373371f67ac6fcf313c0ac0b0a91157fdcdb9514fa62927373348f0?s=96&d=mm&r=g\",\"caption\":\"Ana Luiza Bonatto\"},\"url\":\"https:\\\/\\\/jornalboasnoticias.com.br\\\/home\\\/author\\\/ana-luiza\\\/\"}]}<\/script>\n<!-- \/ Yoast SEO plugin. -->","yoast_head_json":{"title":"Acervo de obras raras da Biblioteca P\u00fablica do Paran\u00e1 possui livro de 1584 - Jornal","description":"Acervo de obras raras da Biblioteca P\u00fablica do Paran\u00e1 possui livro de 1584","robots":{"index":"index","follow":"follow","max-snippet":"max-snippet:-1","max-image-preview":"max-image-preview:large","max-video-preview":"max-video-preview:-1"},"canonical":"https:\/\/jornalboasnoticias.com.br\/home\/acervo-de-obras-raras-da-biblioteca-publica-do-parana-possui-livro-de-1584\/","og_locale":"pt_BR","og_type":"article","og_title":"Acervo de obras raras da Biblioteca P\u00fablica do Paran\u00e1 possui livro de 1584 - Jornal","og_description":"Acervo de obras raras da Biblioteca P\u00fablica do Paran\u00e1 possui livro de 1584","og_url":"https:\/\/jornalboasnoticias.com.br\/home\/acervo-de-obras-raras-da-biblioteca-publica-do-parana-possui-livro-de-1584\/","og_site_name":"Jornal","article_publisher":"https:\/\/www.facebook.com\/boasnoticiasjornal","article_published_time":"2024-10-16T16:51:34+00:00","og_image":[{"width":2560,"height":1707,"url":"https:\/\/jornalboasnoticias.com.br\/home\/wp-content\/uploads\/2024\/10\/bbp-15-scaled.jpg","type":"image\/jpeg"}],"author":"Ana Luiza Bonatto","twitter_card":"summary_large_image","twitter_misc":{"Escrito por":"Ana Luiza Bonatto","Est. tempo de leitura":"5 minutos"},"schema":{"@context":"https:\/\/schema.org","@graph":[{"@type":"Article","@id":"https:\/\/jornalboasnoticias.com.br\/home\/acervo-de-obras-raras-da-biblioteca-publica-do-parana-possui-livro-de-1584\/#article","isPartOf":{"@id":"https:\/\/jornalboasnoticias.com.br\/home\/acervo-de-obras-raras-da-biblioteca-publica-do-parana-possui-livro-de-1584\/"},"author":{"name":"Ana Luiza Bonatto","@id":"https:\/\/jornalboasnoticias.com.br\/home\/#\/schema\/person\/d641193e0afc6405b390164dac847971"},"headline":"Acervo de obras raras da Biblioteca P\u00fablica do Paran\u00e1 possui livro de 1584","datePublished":"2024-10-16T16:51:34+00:00","mainEntityOfPage":{"@id":"https:\/\/jornalboasnoticias.com.br\/home\/acervo-de-obras-raras-da-biblioteca-publica-do-parana-possui-livro-de-1584\/"},"wordCount":885,"commentCount":0,"publisher":{"@id":"https:\/\/jornalboasnoticias.com.br\/home\/#organization"},"image":{"@id":"https:\/\/jornalboasnoticias.com.br\/home\/acervo-de-obras-raras-da-biblioteca-publica-do-parana-possui-livro-de-1584\/#primaryimage"},"thumbnailUrl":"https:\/\/jornalboasnoticias.com.br\/home\/wp-content\/uploads\/2024\/10\/bbp-15-scaled.jpg","articleSection":["DESTAQUE","PARAN\u00c1"],"inLanguage":"pt-BR","potentialAction":[{"@type":"CommentAction","name":"Comment","target":["https:\/\/jornalboasnoticias.com.br\/home\/acervo-de-obras-raras-da-biblioteca-publica-do-parana-possui-livro-de-1584\/#respond"]}]},{"@type":"WebPage","@id":"https:\/\/jornalboasnoticias.com.br\/home\/acervo-de-obras-raras-da-biblioteca-publica-do-parana-possui-livro-de-1584\/","url":"https:\/\/jornalboasnoticias.com.br\/home\/acervo-de-obras-raras-da-biblioteca-publica-do-parana-possui-livro-de-1584\/","name":"Acervo de obras raras da Biblioteca P\u00fablica do Paran\u00e1 possui livro de 1584 - Jornal","isPartOf":{"@id":"https:\/\/jornalboasnoticias.com.br\/home\/#website"},"primaryImageOfPage":{"@id":"https:\/\/jornalboasnoticias.com.br\/home\/acervo-de-obras-raras-da-biblioteca-publica-do-parana-possui-livro-de-1584\/#primaryimage"},"image":{"@id":"https:\/\/jornalboasnoticias.com.br\/home\/acervo-de-obras-raras-da-biblioteca-publica-do-parana-possui-livro-de-1584\/#primaryimage"},"thumbnailUrl":"https:\/\/jornalboasnoticias.com.br\/home\/wp-content\/uploads\/2024\/10\/bbp-15-scaled.jpg","datePublished":"2024-10-16T16:51:34+00:00","description":"Acervo de obras raras da Biblioteca P\u00fablica do Paran\u00e1 possui livro de 1584","breadcrumb":{"@id":"https:\/\/jornalboasnoticias.com.br\/home\/acervo-de-obras-raras-da-biblioteca-publica-do-parana-possui-livro-de-1584\/#breadcrumb"},"inLanguage":"pt-BR","potentialAction":[{"@type":"ReadAction","target":["https:\/\/jornalboasnoticias.com.br\/home\/acervo-de-obras-raras-da-biblioteca-publica-do-parana-possui-livro-de-1584\/"]}]},{"@type":"ImageObject","inLanguage":"pt-BR","@id":"https:\/\/jornalboasnoticias.com.br\/home\/acervo-de-obras-raras-da-biblioteca-publica-do-parana-possui-livro-de-1584\/#primaryimage","url":"https:\/\/jornalboasnoticias.com.br\/home\/wp-content\/uploads\/2024\/10\/bbp-15-scaled.jpg","contentUrl":"https:\/\/jornalboasnoticias.com.br\/home\/wp-content\/uploads\/2024\/10\/bbp-15-scaled.jpg","width":2560,"height":1707,"caption":"Foto: Gabriel Rosa\/AEN"},{"@type":"BreadcrumbList","@id":"https:\/\/jornalboasnoticias.com.br\/home\/acervo-de-obras-raras-da-biblioteca-publica-do-parana-possui-livro-de-1584\/#breadcrumb","itemListElement":[{"@type":"ListItem","position":1,"name":"In\u00edcio","item":"https:\/\/jornalboasnoticias.com.br\/home\/"},{"@type":"ListItem","position":2,"name":"Acervo de obras raras da Biblioteca P\u00fablica do Paran\u00e1 possui livro de 1584"}]},{"@type":"WebSite","@id":"https:\/\/jornalboasnoticias.com.br\/home\/#website","url":"https:\/\/jornalboasnoticias.com.br\/home\/","name":"Jornal Boas Not\u00edcias","description":"Boas not\u00edcias","publisher":{"@id":"https:\/\/jornalboasnoticias.com.br\/home\/#organization"},"potentialAction":[{"@type":"SearchAction","target":{"@type":"EntryPoint","urlTemplate":"https:\/\/jornalboasnoticias.com.br\/home\/?s={search_term_string}"},"query-input":{"@type":"PropertyValueSpecification","valueRequired":true,"valueName":"search_term_string"}}],"inLanguage":"pt-BR"},{"@type":"Organization","@id":"https:\/\/jornalboasnoticias.com.br\/home\/#organization","name":"Coq Editora Ltda","alternateName":"Jornal Boas Noticias","url":"https:\/\/jornalboasnoticias.com.br\/home\/","logo":{"@type":"ImageObject","inLanguage":"pt-BR","@id":"https:\/\/jornalboasnoticias.com.br\/home\/#\/schema\/logo\/image\/","url":"https:\/\/jornalboasnoticias.com.br\/home\/wp-content\/uploads\/2024\/07\/cropped-logo.jpg","contentUrl":"https:\/\/jornalboasnoticias.com.br\/home\/wp-content\/uploads\/2024\/07\/cropped-logo.jpg","width":290,"height":142,"caption":"Coq Editora Ltda"},"image":{"@id":"https:\/\/jornalboasnoticias.com.br\/home\/#\/schema\/logo\/image\/"},"sameAs":["https:\/\/www.facebook.com\/boasnoticiasjornal"]},{"@type":"Person","@id":"https:\/\/jornalboasnoticias.com.br\/home\/#\/schema\/person\/d641193e0afc6405b390164dac847971","name":"Ana Luiza Bonatto","image":{"@type":"ImageObject","inLanguage":"pt-BR","@id":"https:\/\/secure.gravatar.com\/avatar\/8a055ebe6373371f67ac6fcf313c0ac0b0a91157fdcdb9514fa62927373348f0?s=96&d=mm&r=g","url":"https:\/\/secure.gravatar.com\/avatar\/8a055ebe6373371f67ac6fcf313c0ac0b0a91157fdcdb9514fa62927373348f0?s=96&d=mm&r=g","contentUrl":"https:\/\/secure.gravatar.com\/avatar\/8a055ebe6373371f67ac6fcf313c0ac0b0a91157fdcdb9514fa62927373348f0?s=96&d=mm&r=g","caption":"Ana Luiza Bonatto"},"url":"https:\/\/jornalboasnoticias.com.br\/home\/author\/ana-luiza\/"}]}},"_links":{"self":[{"href":"https:\/\/jornalboasnoticias.com.br\/home\/wp-json\/wp\/v2\/posts\/44309","targetHints":{"allow":["GET"]}}],"collection":[{"href":"https:\/\/jornalboasnoticias.com.br\/home\/wp-json\/wp\/v2\/posts"}],"about":[{"href":"https:\/\/jornalboasnoticias.com.br\/home\/wp-json\/wp\/v2\/types\/post"}],"author":[{"embeddable":true,"href":"https:\/\/jornalboasnoticias.com.br\/home\/wp-json\/wp\/v2\/users\/4"}],"replies":[{"embeddable":true,"href":"https:\/\/jornalboasnoticias.com.br\/home\/wp-json\/wp\/v2\/comments?post=44309"}],"version-history":[{"count":1,"href":"https:\/\/jornalboasnoticias.com.br\/home\/wp-json\/wp\/v2\/posts\/44309\/revisions"}],"predecessor-version":[{"id":44311,"href":"https:\/\/jornalboasnoticias.com.br\/home\/wp-json\/wp\/v2\/posts\/44309\/revisions\/44311"}],"wp:featuredmedia":[{"embeddable":true,"href":"https:\/\/jornalboasnoticias.com.br\/home\/wp-json\/wp\/v2\/media\/44310"}],"wp:attachment":[{"href":"https:\/\/jornalboasnoticias.com.br\/home\/wp-json\/wp\/v2\/media?parent=44309"}],"wp:term":[{"taxonomy":"category","embeddable":true,"href":"https:\/\/jornalboasnoticias.com.br\/home\/wp-json\/wp\/v2\/categories?post=44309"},{"taxonomy":"post_tag","embeddable":true,"href":"https:\/\/jornalboasnoticias.com.br\/home\/wp-json\/wp\/v2\/tags?post=44309"}],"curies":[{"name":"wp","href":"https:\/\/api.w.org\/{rel}","templated":true}]}}