{"id":44300,"date":"2024-10-16T16:46:27","date_gmt":"2024-10-16T16:46:27","guid":{"rendered":"https:\/\/jornalboasnoticias.com.br\/home\/?p=44300"},"modified":"2024-10-16T16:46:27","modified_gmt":"2024-10-16T16:46:27","slug":"senado-aprova-regras-para-reduzir-emissao-de-gases-de-efeito-estufa","status":"publish","type":"post","link":"https:\/\/jornalboasnoticias.com.br\/home\/senado-aprova-regras-para-reduzir-emissao-de-gases-de-efeito-estufa\/","title":{"rendered":"Senado aprova regras para reduzir emiss\u00e3o de gases de efeito estufa"},"content":{"rendered":"<blockquote>\n<div class=\"header-noticia full-width\">\n<div class=\"linha-fina-noticia\">Mat\u00e9ria segue agora para aprecia\u00e7\u00e3o da C\u00e2mara dos Deputados<\/div>\n<\/div>\n<\/blockquote>\n<div>\n<figure id=\"attachment_44301\" aria-describedby=\"caption-attachment-44301\" style=\"width: 1170px\" class=\"wp-caption alignnone\"><img loading=\"lazy\" decoding=\"async\" class=\"size-full wp-image-44301\" src=\"https:\/\/jornalboasnoticias.com.br\/home\/wp-content\/uploads\/2024\/10\/pzzb2009-2.webp\" alt=\"\" width=\"1170\" height=\"700\" srcset=\"https:\/\/jornalboasnoticias.com.br\/home\/wp-content\/uploads\/2024\/10\/pzzb2009-2.webp 1170w, https:\/\/jornalboasnoticias.com.br\/home\/wp-content\/uploads\/2024\/10\/pzzb2009-2-300x179.webp 300w, https:\/\/jornalboasnoticias.com.br\/home\/wp-content\/uploads\/2024\/10\/pzzb2009-2-1024x613.webp 1024w, https:\/\/jornalboasnoticias.com.br\/home\/wp-content\/uploads\/2024\/10\/pzzb2009-2-768x459.webp 768w\" sizes=\"auto, (max-width: 1170px) 100vw, 1170px\" \/><figcaption id=\"caption-attachment-44301\" class=\"wp-caption-text\">\u00a9 Fabio Rodrigues Pozzebom\/Ag\u00eancia Brasil\/Arquivo<\/figcaption><\/figure>\n<p>A Comiss\u00e3o de Meio Ambiente do Senado aprovou, em car\u00e1ter terminativo, o projeto que inclui, na Pol\u00edtica Nacional sobre Mudan\u00e7a do Clima regras que, implementadas, ajudar\u00e3o a reduzir a emiss\u00e3o de gases de efeito estufa. A mat\u00e9ria segue agora para aprecia\u00e7\u00e3o da C\u00e2mara dos Deputados.<img decoding=\"async\" src=\"https:\/\/agenciabrasil.ebc.com.br\/ebc.png?id=1615643&amp;o=node\" \/><img decoding=\"async\" src=\"https:\/\/agenciabrasil.ebc.com.br\/ebc.gif?id=1615643&amp;o=node\" \/><\/p>\n<p>Entre as a\u00e7\u00f5es priorit\u00e1rias inclu\u00eddas no projeto de lei (PL 4.364\/2023) est\u00e3o a restaura\u00e7\u00e3o da vegeta\u00e7\u00e3o nativa em \u00e1reas priorit\u00e1rias; o controle e a preven\u00e7\u00e3o do desmatamento; a valoriza\u00e7\u00e3o de recursos naturais e incentivos como o pagamento por servi\u00e7os ambientais com foco na manuten\u00e7\u00e3o, na recupera\u00e7\u00e3o ou na melhoria da cobertura vegetal.<\/p>\n<p>S\u00e3o listadas tamb\u00e9m a\u00e7\u00f5es de apoio \u00e0 pesquisa e ao desenvolvimento de energias renov\u00e1veis; a promo\u00e7\u00e3o da efici\u00eancia energ\u00e9tica e a restaura\u00e7\u00e3o e recupera\u00e7\u00e3o da vegeta\u00e7\u00e3o nativa em \u00e1reas priorit\u00e1rias para os recursos h\u00eddricos e a biodiversidade.<\/p>\n<p>A expectativa dos legisladores \u00e9 viabilizar, em escala cada vez maior, a ado\u00e7\u00e3o de transportes urbanos e rodovi\u00e1rios movidos \u00e0 base de energias renov\u00e1veis. Nesse sentido, o projeto cria mecanismos econ\u00f4micos que tornem tecnologias de baixo carbono atrativas para o setor privado, de forma a facilitar ado\u00e7\u00f5es volunt\u00e1rias.<\/p>\n<p>Al\u00e9m disso, busca favorecer e estimular pesquisas que busquem o desenvolvimento de fontes de energia renov\u00e1veis, bem como dar maior efici\u00eancia energ\u00e9tica para o pa\u00eds. Est\u00e3o previstas tamb\u00e9m articula\u00e7\u00f5es entre entes federais visando pol\u00edticas p\u00fablicas e empresariais voltadas \u00e0 agricultura de baixo carbono e a t\u00e9cnicas de baixa emiss\u00e3o pelo setor industrial.<\/p>\n<p>O projeto tem, como autor, o senador Astronauta Marcos Pontes (PL-SP). A relatoria ficou a cargo de Bene Camacho (PSD-MA). Pontes destacou que a proposta pretende aperfei\u00e7oar a Pol\u00edtica Nacional sobre Mudan\u00e7a do Clima e acelerar a tomada de decis\u00e3o pela sociedade. \u201cN\u00e3o se pode mais ficar esperando. O prazo j\u00e1 passou. \u00c9 preciso fazer hoje. N\u00e3o \u00e9 s\u00f3 o Brasil, mas o mundo todo tem de se juntar\u201d, disse o senador.<\/p>\n<p>De acordo com Camacho, o projeto torna as tecnologias de baixo carbono economicamente mais atrativas para o setor privado, ao combinar incentivos econ\u00f4micos, desenvolvimento tecnol\u00f3gico e pol\u00edticas setoriais espec\u00edficas. Segundo ele, a proposta demonstra \u201cpotencial para contribuir significativamente com os esfor\u00e7os de mitiga\u00e7\u00e3o clim\u00e1tica do pa\u00eds\u201d.<\/p>\n<p>(Ag\u00eancia Brasil)<\/p>\n<\/div>\n","protected":false},"excerpt":{"rendered":"<p>Mat\u00e9ria segue agora para aprecia\u00e7\u00e3o da C\u00e2mara dos Deputados A Comiss\u00e3o de Meio Ambiente do<\/p>\n","protected":false},"author":4,"featured_media":44301,"comment_status":"open","ping_status":"open","sticky":false,"template":"","format":"standard","meta":{"footnotes":""},"categories":[6,3],"tags":[],"class_list":["post-44300","post","type-post","status-publish","format-standard","has-post-thumbnail","hentry","category-brasil","category-destaques"],"yoast_head":"<!-- This site is optimized with the Yoast SEO plugin v27.5 - https:\/\/yoast.com\/product\/yoast-seo-wordpress\/ -->\n<title>Senado aprova regras para reduzir emiss\u00e3o de gases de efeito estufa - Jornal<\/title>\n<meta name=\"description\" content=\"Senado aprova regras para reduzir emiss\u00e3o de gases de efeito estufa\" \/>\n<meta name=\"robots\" content=\"index, follow, max-snippet:-1, max-image-preview:large, max-video-preview:-1\" \/>\n<link rel=\"canonical\" href=\"https:\/\/jornalboasnoticias.com.br\/home\/senado-aprova-regras-para-reduzir-emissao-de-gases-de-efeito-estufa\/\" \/>\n<meta property=\"og:locale\" content=\"pt_BR\" \/>\n<meta property=\"og:type\" content=\"article\" \/>\n<meta property=\"og:title\" content=\"Senado aprova regras para reduzir emiss\u00e3o de gases de efeito estufa - Jornal\" \/>\n<meta property=\"og:description\" content=\"Senado aprova regras para reduzir emiss\u00e3o de gases de efeito estufa\" \/>\n<meta property=\"og:url\" content=\"https:\/\/jornalboasnoticias.com.br\/home\/senado-aprova-regras-para-reduzir-emissao-de-gases-de-efeito-estufa\/\" \/>\n<meta property=\"og:site_name\" content=\"Jornal\" \/>\n<meta property=\"article:publisher\" content=\"https:\/\/www.facebook.com\/boasnoticiasjornal\" \/>\n<meta property=\"article:published_time\" content=\"2024-10-16T16:46:27+00:00\" \/>\n<meta property=\"og:image\" content=\"https:\/\/jornalboasnoticias.com.br\/home\/wp-content\/uploads\/2024\/10\/pzzb2009-2.webp\" \/>\n\t<meta property=\"og:image:width\" content=\"1170\" \/>\n\t<meta property=\"og:image:height\" content=\"700\" \/>\n\t<meta property=\"og:image:type\" content=\"image\/webp\" \/>\n<meta name=\"author\" content=\"Ana Luiza Bonatto\" \/>\n<meta name=\"twitter:card\" content=\"summary_large_image\" \/>\n<meta name=\"twitter:label1\" content=\"Escrito por\" \/>\n\t<meta name=\"twitter:data1\" content=\"Ana Luiza Bonatto\" \/>\n\t<meta name=\"twitter:label2\" content=\"Est. tempo de leitura\" \/>\n\t<meta name=\"twitter:data2\" content=\"3 minutos\" \/>\n<script type=\"application\/ld+json\" class=\"yoast-schema-graph\">{\"@context\":\"https:\\\/\\\/schema.org\",\"@graph\":[{\"@type\":\"Article\",\"@id\":\"https:\\\/\\\/jornalboasnoticias.com.br\\\/home\\\/senado-aprova-regras-para-reduzir-emissao-de-gases-de-efeito-estufa\\\/#article\",\"isPartOf\":{\"@id\":\"https:\\\/\\\/jornalboasnoticias.com.br\\\/home\\\/senado-aprova-regras-para-reduzir-emissao-de-gases-de-efeito-estufa\\\/\"},\"author\":{\"name\":\"Ana Luiza Bonatto\",\"@id\":\"https:\\\/\\\/jornalboasnoticias.com.br\\\/home\\\/#\\\/schema\\\/person\\\/d641193e0afc6405b390164dac847971\"},\"headline\":\"Senado aprova regras para reduzir emiss\u00e3o de gases de efeito estufa\",\"datePublished\":\"2024-10-16T16:46:27+00:00\",\"mainEntityOfPage\":{\"@id\":\"https:\\\/\\\/jornalboasnoticias.com.br\\\/home\\\/senado-aprova-regras-para-reduzir-emissao-de-gases-de-efeito-estufa\\\/\"},\"wordCount\":451,\"commentCount\":0,\"publisher\":{\"@id\":\"https:\\\/\\\/jornalboasnoticias.com.br\\\/home\\\/#organization\"},\"image\":{\"@id\":\"https:\\\/\\\/jornalboasnoticias.com.br\\\/home\\\/senado-aprova-regras-para-reduzir-emissao-de-gases-de-efeito-estufa\\\/#primaryimage\"},\"thumbnailUrl\":\"https:\\\/\\\/jornalboasnoticias.com.br\\\/home\\\/wp-content\\\/uploads\\\/2024\\\/10\\\/pzzb2009-2.webp\",\"articleSection\":[\"BRASIL\",\"DESTAQUE\"],\"inLanguage\":\"pt-BR\",\"potentialAction\":[{\"@type\":\"CommentAction\",\"name\":\"Comment\",\"target\":[\"https:\\\/\\\/jornalboasnoticias.com.br\\\/home\\\/senado-aprova-regras-para-reduzir-emissao-de-gases-de-efeito-estufa\\\/#respond\"]}]},{\"@type\":\"WebPage\",\"@id\":\"https:\\\/\\\/jornalboasnoticias.com.br\\\/home\\\/senado-aprova-regras-para-reduzir-emissao-de-gases-de-efeito-estufa\\\/\",\"url\":\"https:\\\/\\\/jornalboasnoticias.com.br\\\/home\\\/senado-aprova-regras-para-reduzir-emissao-de-gases-de-efeito-estufa\\\/\",\"name\":\"Senado aprova regras para reduzir emiss\u00e3o de gases de efeito estufa - Jornal\",\"isPartOf\":{\"@id\":\"https:\\\/\\\/jornalboasnoticias.com.br\\\/home\\\/#website\"},\"primaryImageOfPage\":{\"@id\":\"https:\\\/\\\/jornalboasnoticias.com.br\\\/home\\\/senado-aprova-regras-para-reduzir-emissao-de-gases-de-efeito-estufa\\\/#primaryimage\"},\"image\":{\"@id\":\"https:\\\/\\\/jornalboasnoticias.com.br\\\/home\\\/senado-aprova-regras-para-reduzir-emissao-de-gases-de-efeito-estufa\\\/#primaryimage\"},\"thumbnailUrl\":\"https:\\\/\\\/jornalboasnoticias.com.br\\\/home\\\/wp-content\\\/uploads\\\/2024\\\/10\\\/pzzb2009-2.webp\",\"datePublished\":\"2024-10-16T16:46:27+00:00\",\"description\":\"Senado aprova regras para reduzir emiss\u00e3o de gases de efeito estufa\",\"breadcrumb\":{\"@id\":\"https:\\\/\\\/jornalboasnoticias.com.br\\\/home\\\/senado-aprova-regras-para-reduzir-emissao-de-gases-de-efeito-estufa\\\/#breadcrumb\"},\"inLanguage\":\"pt-BR\",\"potentialAction\":[{\"@type\":\"ReadAction\",\"target\":[\"https:\\\/\\\/jornalboasnoticias.com.br\\\/home\\\/senado-aprova-regras-para-reduzir-emissao-de-gases-de-efeito-estufa\\\/\"]}]},{\"@type\":\"ImageObject\",\"inLanguage\":\"pt-BR\",\"@id\":\"https:\\\/\\\/jornalboasnoticias.com.br\\\/home\\\/senado-aprova-regras-para-reduzir-emissao-de-gases-de-efeito-estufa\\\/#primaryimage\",\"url\":\"https:\\\/\\\/jornalboasnoticias.com.br\\\/home\\\/wp-content\\\/uploads\\\/2024\\\/10\\\/pzzb2009-2.webp\",\"contentUrl\":\"https:\\\/\\\/jornalboasnoticias.com.br\\\/home\\\/wp-content\\\/uploads\\\/2024\\\/10\\\/pzzb2009-2.webp\",\"width\":1170,\"height\":700,\"caption\":\"\u00a9 Fabio Rodrigues Pozzebom\\\/Ag\u00eancia Brasil\\\/Arquivo\"},{\"@type\":\"BreadcrumbList\",\"@id\":\"https:\\\/\\\/jornalboasnoticias.com.br\\\/home\\\/senado-aprova-regras-para-reduzir-emissao-de-gases-de-efeito-estufa\\\/#breadcrumb\",\"itemListElement\":[{\"@type\":\"ListItem\",\"position\":1,\"name\":\"In\u00edcio\",\"item\":\"https:\\\/\\\/jornalboasnoticias.com.br\\\/home\\\/\"},{\"@type\":\"ListItem\",\"position\":2,\"name\":\"Senado aprova regras para reduzir emiss\u00e3o de gases de efeito estufa\"}]},{\"@type\":\"WebSite\",\"@id\":\"https:\\\/\\\/jornalboasnoticias.com.br\\\/home\\\/#website\",\"url\":\"https:\\\/\\\/jornalboasnoticias.com.br\\\/home\\\/\",\"name\":\"Jornal Boas Not\u00edcias\",\"description\":\"Boas not\u00edcias\",\"publisher\":{\"@id\":\"https:\\\/\\\/jornalboasnoticias.com.br\\\/home\\\/#organization\"},\"potentialAction\":[{\"@type\":\"SearchAction\",\"target\":{\"@type\":\"EntryPoint\",\"urlTemplate\":\"https:\\\/\\\/jornalboasnoticias.com.br\\\/home\\\/?s={search_term_string}\"},\"query-input\":{\"@type\":\"PropertyValueSpecification\",\"valueRequired\":true,\"valueName\":\"search_term_string\"}}],\"inLanguage\":\"pt-BR\"},{\"@type\":\"Organization\",\"@id\":\"https:\\\/\\\/jornalboasnoticias.com.br\\\/home\\\/#organization\",\"name\":\"Coq Editora Ltda\",\"alternateName\":\"Jornal Boas Noticias\",\"url\":\"https:\\\/\\\/jornalboasnoticias.com.br\\\/home\\\/\",\"logo\":{\"@type\":\"ImageObject\",\"inLanguage\":\"pt-BR\",\"@id\":\"https:\\\/\\\/jornalboasnoticias.com.br\\\/home\\\/#\\\/schema\\\/logo\\\/image\\\/\",\"url\":\"https:\\\/\\\/jornalboasnoticias.com.br\\\/home\\\/wp-content\\\/uploads\\\/2024\\\/07\\\/cropped-logo.jpg\",\"contentUrl\":\"https:\\\/\\\/jornalboasnoticias.com.br\\\/home\\\/wp-content\\\/uploads\\\/2024\\\/07\\\/cropped-logo.jpg\",\"width\":290,\"height\":142,\"caption\":\"Coq Editora Ltda\"},\"image\":{\"@id\":\"https:\\\/\\\/jornalboasnoticias.com.br\\\/home\\\/#\\\/schema\\\/logo\\\/image\\\/\"},\"sameAs\":[\"https:\\\/\\\/www.facebook.com\\\/boasnoticiasjornal\"]},{\"@type\":\"Person\",\"@id\":\"https:\\\/\\\/jornalboasnoticias.com.br\\\/home\\\/#\\\/schema\\\/person\\\/d641193e0afc6405b390164dac847971\",\"name\":\"Ana Luiza Bonatto\",\"image\":{\"@type\":\"ImageObject\",\"inLanguage\":\"pt-BR\",\"@id\":\"https:\\\/\\\/secure.gravatar.com\\\/avatar\\\/8a055ebe6373371f67ac6fcf313c0ac0b0a91157fdcdb9514fa62927373348f0?s=96&d=mm&r=g\",\"url\":\"https:\\\/\\\/secure.gravatar.com\\\/avatar\\\/8a055ebe6373371f67ac6fcf313c0ac0b0a91157fdcdb9514fa62927373348f0?s=96&d=mm&r=g\",\"contentUrl\":\"https:\\\/\\\/secure.gravatar.com\\\/avatar\\\/8a055ebe6373371f67ac6fcf313c0ac0b0a91157fdcdb9514fa62927373348f0?s=96&d=mm&r=g\",\"caption\":\"Ana Luiza Bonatto\"},\"url\":\"https:\\\/\\\/jornalboasnoticias.com.br\\\/home\\\/author\\\/ana-luiza\\\/\"}]}<\/script>\n<!-- \/ Yoast SEO plugin. -->","yoast_head_json":{"title":"Senado aprova regras para reduzir emiss\u00e3o de gases de efeito estufa - Jornal","description":"Senado aprova regras para reduzir emiss\u00e3o de gases de efeito estufa","robots":{"index":"index","follow":"follow","max-snippet":"max-snippet:-1","max-image-preview":"max-image-preview:large","max-video-preview":"max-video-preview:-1"},"canonical":"https:\/\/jornalboasnoticias.com.br\/home\/senado-aprova-regras-para-reduzir-emissao-de-gases-de-efeito-estufa\/","og_locale":"pt_BR","og_type":"article","og_title":"Senado aprova regras para reduzir emiss\u00e3o de gases de efeito estufa - Jornal","og_description":"Senado aprova regras para reduzir emiss\u00e3o de gases de efeito estufa","og_url":"https:\/\/jornalboasnoticias.com.br\/home\/senado-aprova-regras-para-reduzir-emissao-de-gases-de-efeito-estufa\/","og_site_name":"Jornal","article_publisher":"https:\/\/www.facebook.com\/boasnoticiasjornal","article_published_time":"2024-10-16T16:46:27+00:00","og_image":[{"width":1170,"height":700,"url":"https:\/\/jornalboasnoticias.com.br\/home\/wp-content\/uploads\/2024\/10\/pzzb2009-2.webp","type":"image\/webp"}],"author":"Ana Luiza Bonatto","twitter_card":"summary_large_image","twitter_misc":{"Escrito por":"Ana Luiza Bonatto","Est. tempo de leitura":"3 minutos"},"schema":{"@context":"https:\/\/schema.org","@graph":[{"@type":"Article","@id":"https:\/\/jornalboasnoticias.com.br\/home\/senado-aprova-regras-para-reduzir-emissao-de-gases-de-efeito-estufa\/#article","isPartOf":{"@id":"https:\/\/jornalboasnoticias.com.br\/home\/senado-aprova-regras-para-reduzir-emissao-de-gases-de-efeito-estufa\/"},"author":{"name":"Ana Luiza Bonatto","@id":"https:\/\/jornalboasnoticias.com.br\/home\/#\/schema\/person\/d641193e0afc6405b390164dac847971"},"headline":"Senado aprova regras para reduzir emiss\u00e3o de gases de efeito estufa","datePublished":"2024-10-16T16:46:27+00:00","mainEntityOfPage":{"@id":"https:\/\/jornalboasnoticias.com.br\/home\/senado-aprova-regras-para-reduzir-emissao-de-gases-de-efeito-estufa\/"},"wordCount":451,"commentCount":0,"publisher":{"@id":"https:\/\/jornalboasnoticias.com.br\/home\/#organization"},"image":{"@id":"https:\/\/jornalboasnoticias.com.br\/home\/senado-aprova-regras-para-reduzir-emissao-de-gases-de-efeito-estufa\/#primaryimage"},"thumbnailUrl":"https:\/\/jornalboasnoticias.com.br\/home\/wp-content\/uploads\/2024\/10\/pzzb2009-2.webp","articleSection":["BRASIL","DESTAQUE"],"inLanguage":"pt-BR","potentialAction":[{"@type":"CommentAction","name":"Comment","target":["https:\/\/jornalboasnoticias.com.br\/home\/senado-aprova-regras-para-reduzir-emissao-de-gases-de-efeito-estufa\/#respond"]}]},{"@type":"WebPage","@id":"https:\/\/jornalboasnoticias.com.br\/home\/senado-aprova-regras-para-reduzir-emissao-de-gases-de-efeito-estufa\/","url":"https:\/\/jornalboasnoticias.com.br\/home\/senado-aprova-regras-para-reduzir-emissao-de-gases-de-efeito-estufa\/","name":"Senado aprova regras para reduzir emiss\u00e3o de gases de efeito estufa - Jornal","isPartOf":{"@id":"https:\/\/jornalboasnoticias.com.br\/home\/#website"},"primaryImageOfPage":{"@id":"https:\/\/jornalboasnoticias.com.br\/home\/senado-aprova-regras-para-reduzir-emissao-de-gases-de-efeito-estufa\/#primaryimage"},"image":{"@id":"https:\/\/jornalboasnoticias.com.br\/home\/senado-aprova-regras-para-reduzir-emissao-de-gases-de-efeito-estufa\/#primaryimage"},"thumbnailUrl":"https:\/\/jornalboasnoticias.com.br\/home\/wp-content\/uploads\/2024\/10\/pzzb2009-2.webp","datePublished":"2024-10-16T16:46:27+00:00","description":"Senado aprova regras para reduzir emiss\u00e3o de gases de efeito estufa","breadcrumb":{"@id":"https:\/\/jornalboasnoticias.com.br\/home\/senado-aprova-regras-para-reduzir-emissao-de-gases-de-efeito-estufa\/#breadcrumb"},"inLanguage":"pt-BR","potentialAction":[{"@type":"ReadAction","target":["https:\/\/jornalboasnoticias.com.br\/home\/senado-aprova-regras-para-reduzir-emissao-de-gases-de-efeito-estufa\/"]}]},{"@type":"ImageObject","inLanguage":"pt-BR","@id":"https:\/\/jornalboasnoticias.com.br\/home\/senado-aprova-regras-para-reduzir-emissao-de-gases-de-efeito-estufa\/#primaryimage","url":"https:\/\/jornalboasnoticias.com.br\/home\/wp-content\/uploads\/2024\/10\/pzzb2009-2.webp","contentUrl":"https:\/\/jornalboasnoticias.com.br\/home\/wp-content\/uploads\/2024\/10\/pzzb2009-2.webp","width":1170,"height":700,"caption":"\u00a9 Fabio Rodrigues Pozzebom\/Ag\u00eancia Brasil\/Arquivo"},{"@type":"BreadcrumbList","@id":"https:\/\/jornalboasnoticias.com.br\/home\/senado-aprova-regras-para-reduzir-emissao-de-gases-de-efeito-estufa\/#breadcrumb","itemListElement":[{"@type":"ListItem","position":1,"name":"In\u00edcio","item":"https:\/\/jornalboasnoticias.com.br\/home\/"},{"@type":"ListItem","position":2,"name":"Senado aprova regras para reduzir emiss\u00e3o de gases de efeito estufa"}]},{"@type":"WebSite","@id":"https:\/\/jornalboasnoticias.com.br\/home\/#website","url":"https:\/\/jornalboasnoticias.com.br\/home\/","name":"Jornal Boas Not\u00edcias","description":"Boas not\u00edcias","publisher":{"@id":"https:\/\/jornalboasnoticias.com.br\/home\/#organization"},"potentialAction":[{"@type":"SearchAction","target":{"@type":"EntryPoint","urlTemplate":"https:\/\/jornalboasnoticias.com.br\/home\/?s={search_term_string}"},"query-input":{"@type":"PropertyValueSpecification","valueRequired":true,"valueName":"search_term_string"}}],"inLanguage":"pt-BR"},{"@type":"Organization","@id":"https:\/\/jornalboasnoticias.com.br\/home\/#organization","name":"Coq Editora Ltda","alternateName":"Jornal Boas Noticias","url":"https:\/\/jornalboasnoticias.com.br\/home\/","logo":{"@type":"ImageObject","inLanguage":"pt-BR","@id":"https:\/\/jornalboasnoticias.com.br\/home\/#\/schema\/logo\/image\/","url":"https:\/\/jornalboasnoticias.com.br\/home\/wp-content\/uploads\/2024\/07\/cropped-logo.jpg","contentUrl":"https:\/\/jornalboasnoticias.com.br\/home\/wp-content\/uploads\/2024\/07\/cropped-logo.jpg","width":290,"height":142,"caption":"Coq Editora Ltda"},"image":{"@id":"https:\/\/jornalboasnoticias.com.br\/home\/#\/schema\/logo\/image\/"},"sameAs":["https:\/\/www.facebook.com\/boasnoticiasjornal"]},{"@type":"Person","@id":"https:\/\/jornalboasnoticias.com.br\/home\/#\/schema\/person\/d641193e0afc6405b390164dac847971","name":"Ana Luiza Bonatto","image":{"@type":"ImageObject","inLanguage":"pt-BR","@id":"https:\/\/secure.gravatar.com\/avatar\/8a055ebe6373371f67ac6fcf313c0ac0b0a91157fdcdb9514fa62927373348f0?s=96&d=mm&r=g","url":"https:\/\/secure.gravatar.com\/avatar\/8a055ebe6373371f67ac6fcf313c0ac0b0a91157fdcdb9514fa62927373348f0?s=96&d=mm&r=g","contentUrl":"https:\/\/secure.gravatar.com\/avatar\/8a055ebe6373371f67ac6fcf313c0ac0b0a91157fdcdb9514fa62927373348f0?s=96&d=mm&r=g","caption":"Ana Luiza Bonatto"},"url":"https:\/\/jornalboasnoticias.com.br\/home\/author\/ana-luiza\/"}]}},"_links":{"self":[{"href":"https:\/\/jornalboasnoticias.com.br\/home\/wp-json\/wp\/v2\/posts\/44300","targetHints":{"allow":["GET"]}}],"collection":[{"href":"https:\/\/jornalboasnoticias.com.br\/home\/wp-json\/wp\/v2\/posts"}],"about":[{"href":"https:\/\/jornalboasnoticias.com.br\/home\/wp-json\/wp\/v2\/types\/post"}],"author":[{"embeddable":true,"href":"https:\/\/jornalboasnoticias.com.br\/home\/wp-json\/wp\/v2\/users\/4"}],"replies":[{"embeddable":true,"href":"https:\/\/jornalboasnoticias.com.br\/home\/wp-json\/wp\/v2\/comments?post=44300"}],"version-history":[{"count":1,"href":"https:\/\/jornalboasnoticias.com.br\/home\/wp-json\/wp\/v2\/posts\/44300\/revisions"}],"predecessor-version":[{"id":44302,"href":"https:\/\/jornalboasnoticias.com.br\/home\/wp-json\/wp\/v2\/posts\/44300\/revisions\/44302"}],"wp:featuredmedia":[{"embeddable":true,"href":"https:\/\/jornalboasnoticias.com.br\/home\/wp-json\/wp\/v2\/media\/44301"}],"wp:attachment":[{"href":"https:\/\/jornalboasnoticias.com.br\/home\/wp-json\/wp\/v2\/media?parent=44300"}],"wp:term":[{"taxonomy":"category","embeddable":true,"href":"https:\/\/jornalboasnoticias.com.br\/home\/wp-json\/wp\/v2\/categories?post=44300"},{"taxonomy":"post_tag","embeddable":true,"href":"https:\/\/jornalboasnoticias.com.br\/home\/wp-json\/wp\/v2\/tags?post=44300"}],"curies":[{"name":"wp","href":"https:\/\/api.w.org\/{rel}","templated":true}]}}