{"id":44294,"date":"2024-10-16T16:43:37","date_gmt":"2024-10-16T16:43:37","guid":{"rendered":"https:\/\/jornalboasnoticias.com.br\/home\/?p=44294"},"modified":"2024-10-16T16:43:37","modified_gmt":"2024-10-16T16:43:37","slug":"hacker-suspeito-de-invadir-sistemas-da-policia-federal-e-preso","status":"publish","type":"post","link":"https:\/\/jornalboasnoticias.com.br\/home\/hacker-suspeito-de-invadir-sistemas-da-policia-federal-e-preso\/","title":{"rendered":"Hacker suspeito de invadir sistemas da Pol\u00edcia Federal \u00e9 preso"},"content":{"rendered":"<blockquote>\n<div class=\"header-noticia full-width\">\n<div class=\"linha-fina-noticia\">Institui\u00e7\u00f5es internacionais tamb\u00e9m foram alvo do hacker<\/div>\n<\/div>\n<\/blockquote>\n<div>\n<figure id=\"attachment_44295\" aria-describedby=\"caption-attachment-44295\" style=\"width: 1170px\" class=\"wp-caption alignnone\"><img loading=\"lazy\" decoding=\"async\" class=\"size-full wp-image-44295\" src=\"https:\/\/jornalboasnoticias.com.br\/home\/wp-content\/uploads\/2024\/10\/raf05208.webp\" alt=\"\" width=\"1170\" height=\"700\" srcset=\"https:\/\/jornalboasnoticias.com.br\/home\/wp-content\/uploads\/2024\/10\/raf05208.webp 1170w, https:\/\/jornalboasnoticias.com.br\/home\/wp-content\/uploads\/2024\/10\/raf05208-300x179.webp 300w, https:\/\/jornalboasnoticias.com.br\/home\/wp-content\/uploads\/2024\/10\/raf05208-1024x613.webp 1024w, https:\/\/jornalboasnoticias.com.br\/home\/wp-content\/uploads\/2024\/10\/raf05208-768x459.webp 768w\" sizes=\"auto, (max-width: 1170px) 100vw, 1170px\" \/><figcaption id=\"caption-attachment-44295\" class=\"wp-caption-text\">\u00a9 Rafa Neddermeyer\/Ag\u00eancia Brasil<\/figcaption><\/figure>\n<p>A Pol\u00edcia Federal (PF) prendeu uma pessoa suspeita de ser o\u00a0<em>hacker<\/em>\u00a0que invadiu sistemas de diversas institui\u00e7\u00f5es federais. Entre elas, a pr\u00f3pria PF. A pris\u00e3o ocorreu nesta quarta-feira (16) durante a Opera\u00e7\u00e3o Data Breach, deflagrada com o objetivo de investigar invas\u00f5es aos sistemas da PF e de institui\u00e7\u00f5es internacionais.<img decoding=\"async\" src=\"https:\/\/agenciabrasil.ebc.com.br\/ebc.png?id=1615699&amp;o=node\" \/><img decoding=\"async\" src=\"https:\/\/agenciabrasil.ebc.com.br\/ebc.gif?id=1615699&amp;o=node\" \/><\/p>\n<p>Os mandados de pris\u00e3o preventiva e de busca e apreens\u00e3o foram cumpridos em Belo Horizonte. De acordo com os investigadores, o suspeito teria sido respons\u00e1vel por duas publica\u00e7\u00f5es de venda de dados da Pol\u00edcia Federal, em 22 de maio de 2020 e em 22 de fevereiro de 2022.<\/p>\n<p>\u201cO preso se vangloriava de ser o respons\u00e1vel por diversas invas\u00f5es cibern\u00e9ticas realizadas em alguns pa\u00edses, afirmando, em\u00a0<em>sites<\/em>\u00a0na internet, ter divulgado dados sens\u00edveis de 80 mil membros da InfraGard, uma parceria entre o Federal Bureau Investigation &#8211; FBI e entidades privadas de infraestrutura cr\u00edtica dos Estados Unidos da Am\u00e9rica\u201d, informou por meio de nota a PF.<\/p>\n<p>Ainda segundo os investigadores, o\u00a0<em>hacker<\/em>\u00a0seria conhecido, nos ambientes virtuais, como um \u201cator malicioso respons\u00e1vel pelo vazamento de grandes bases de dados de informa\u00e7\u00f5es pessoais, incluindo as de empresas como Airbus e a Ag\u00eancia de Prote\u00e7\u00e3o Ambiental dos Estados Unidos\u201d.<\/p>\n<p>Ele dever\u00e1 responder pelo crime de invas\u00e3o de dispositivo inform\u00e1tico, qualificado pela obten\u00e7\u00e3o de informa\u00e7\u00f5es, com causa de aumento de pena pela comercializa\u00e7\u00e3o dos dados obtidos.<\/p>\n<p>(Ag\u00eancia Brasil)<\/p>\n<\/div>\n","protected":false},"excerpt":{"rendered":"<p>Institui\u00e7\u00f5es internacionais tamb\u00e9m foram alvo do hacker A Pol\u00edcia Federal (PF) prendeu uma pessoa suspeita<\/p>\n","protected":false},"author":4,"featured_media":44295,"comment_status":"open","ping_status":"open","sticky":false,"template":"","format":"standard","meta":{"footnotes":""},"categories":[6,3],"tags":[],"class_list":["post-44294","post","type-post","status-publish","format-standard","has-post-thumbnail","hentry","category-brasil","category-destaques"],"yoast_head":"<!-- This site is optimized with the Yoast SEO plugin v27.5 - https:\/\/yoast.com\/product\/yoast-seo-wordpress\/ -->\n<title>Hacker suspeito de invadir sistemas da Pol\u00edcia Federal \u00e9 preso - Jornal<\/title>\n<meta name=\"description\" content=\"Hacker suspeito de invadir sistemas da Pol\u00edcia Federal \u00e9 preso\" \/>\n<meta name=\"robots\" content=\"index, follow, max-snippet:-1, max-image-preview:large, max-video-preview:-1\" \/>\n<link rel=\"canonical\" href=\"https:\/\/jornalboasnoticias.com.br\/home\/hacker-suspeito-de-invadir-sistemas-da-policia-federal-e-preso\/\" \/>\n<meta property=\"og:locale\" content=\"pt_BR\" \/>\n<meta property=\"og:type\" content=\"article\" \/>\n<meta property=\"og:title\" content=\"Hacker suspeito de invadir sistemas da Pol\u00edcia Federal \u00e9 preso - Jornal\" \/>\n<meta property=\"og:description\" content=\"Hacker suspeito de invadir sistemas da Pol\u00edcia Federal \u00e9 preso\" \/>\n<meta property=\"og:url\" content=\"https:\/\/jornalboasnoticias.com.br\/home\/hacker-suspeito-de-invadir-sistemas-da-policia-federal-e-preso\/\" \/>\n<meta property=\"og:site_name\" content=\"Jornal\" \/>\n<meta property=\"article:publisher\" content=\"https:\/\/www.facebook.com\/boasnoticiasjornal\" \/>\n<meta property=\"article:published_time\" content=\"2024-10-16T16:43:37+00:00\" \/>\n<meta property=\"og:image\" content=\"https:\/\/jornalboasnoticias.com.br\/home\/wp-content\/uploads\/2024\/10\/raf05208.webp\" \/>\n\t<meta property=\"og:image:width\" content=\"1170\" \/>\n\t<meta property=\"og:image:height\" content=\"700\" \/>\n\t<meta property=\"og:image:type\" content=\"image\/webp\" \/>\n<meta name=\"author\" content=\"Ana Luiza Bonatto\" \/>\n<meta name=\"twitter:card\" content=\"summary_large_image\" \/>\n<meta name=\"twitter:label1\" content=\"Escrito por\" \/>\n\t<meta name=\"twitter:data1\" content=\"Ana Luiza Bonatto\" \/>\n\t<meta name=\"twitter:label2\" content=\"Est. tempo de leitura\" \/>\n\t<meta name=\"twitter:data2\" content=\"3 minutos\" \/>\n<script type=\"application\/ld+json\" class=\"yoast-schema-graph\">{\"@context\":\"https:\\\/\\\/schema.org\",\"@graph\":[{\"@type\":\"Article\",\"@id\":\"https:\\\/\\\/jornalboasnoticias.com.br\\\/home\\\/hacker-suspeito-de-invadir-sistemas-da-policia-federal-e-preso\\\/#article\",\"isPartOf\":{\"@id\":\"https:\\\/\\\/jornalboasnoticias.com.br\\\/home\\\/hacker-suspeito-de-invadir-sistemas-da-policia-federal-e-preso\\\/\"},\"author\":{\"name\":\"Ana Luiza Bonatto\",\"@id\":\"https:\\\/\\\/jornalboasnoticias.com.br\\\/home\\\/#\\\/schema\\\/person\\\/d641193e0afc6405b390164dac847971\"},\"headline\":\"Hacker suspeito de invadir sistemas da Pol\u00edcia Federal \u00e9 preso\",\"datePublished\":\"2024-10-16T16:43:37+00:00\",\"mainEntityOfPage\":{\"@id\":\"https:\\\/\\\/jornalboasnoticias.com.br\\\/home\\\/hacker-suspeito-de-invadir-sistemas-da-policia-federal-e-preso\\\/\"},\"wordCount\":279,\"commentCount\":0,\"publisher\":{\"@id\":\"https:\\\/\\\/jornalboasnoticias.com.br\\\/home\\\/#organization\"},\"image\":{\"@id\":\"https:\\\/\\\/jornalboasnoticias.com.br\\\/home\\\/hacker-suspeito-de-invadir-sistemas-da-policia-federal-e-preso\\\/#primaryimage\"},\"thumbnailUrl\":\"https:\\\/\\\/jornalboasnoticias.com.br\\\/home\\\/wp-content\\\/uploads\\\/2024\\\/10\\\/raf05208.webp\",\"articleSection\":[\"BRASIL\",\"DESTAQUE\"],\"inLanguage\":\"pt-BR\",\"potentialAction\":[{\"@type\":\"CommentAction\",\"name\":\"Comment\",\"target\":[\"https:\\\/\\\/jornalboasnoticias.com.br\\\/home\\\/hacker-suspeito-de-invadir-sistemas-da-policia-federal-e-preso\\\/#respond\"]}]},{\"@type\":\"WebPage\",\"@id\":\"https:\\\/\\\/jornalboasnoticias.com.br\\\/home\\\/hacker-suspeito-de-invadir-sistemas-da-policia-federal-e-preso\\\/\",\"url\":\"https:\\\/\\\/jornalboasnoticias.com.br\\\/home\\\/hacker-suspeito-de-invadir-sistemas-da-policia-federal-e-preso\\\/\",\"name\":\"Hacker suspeito de invadir sistemas da Pol\u00edcia Federal \u00e9 preso - Jornal\",\"isPartOf\":{\"@id\":\"https:\\\/\\\/jornalboasnoticias.com.br\\\/home\\\/#website\"},\"primaryImageOfPage\":{\"@id\":\"https:\\\/\\\/jornalboasnoticias.com.br\\\/home\\\/hacker-suspeito-de-invadir-sistemas-da-policia-federal-e-preso\\\/#primaryimage\"},\"image\":{\"@id\":\"https:\\\/\\\/jornalboasnoticias.com.br\\\/home\\\/hacker-suspeito-de-invadir-sistemas-da-policia-federal-e-preso\\\/#primaryimage\"},\"thumbnailUrl\":\"https:\\\/\\\/jornalboasnoticias.com.br\\\/home\\\/wp-content\\\/uploads\\\/2024\\\/10\\\/raf05208.webp\",\"datePublished\":\"2024-10-16T16:43:37+00:00\",\"description\":\"Hacker suspeito de invadir sistemas da Pol\u00edcia Federal \u00e9 preso\",\"breadcrumb\":{\"@id\":\"https:\\\/\\\/jornalboasnoticias.com.br\\\/home\\\/hacker-suspeito-de-invadir-sistemas-da-policia-federal-e-preso\\\/#breadcrumb\"},\"inLanguage\":\"pt-BR\",\"potentialAction\":[{\"@type\":\"ReadAction\",\"target\":[\"https:\\\/\\\/jornalboasnoticias.com.br\\\/home\\\/hacker-suspeito-de-invadir-sistemas-da-policia-federal-e-preso\\\/\"]}]},{\"@type\":\"ImageObject\",\"inLanguage\":\"pt-BR\",\"@id\":\"https:\\\/\\\/jornalboasnoticias.com.br\\\/home\\\/hacker-suspeito-de-invadir-sistemas-da-policia-federal-e-preso\\\/#primaryimage\",\"url\":\"https:\\\/\\\/jornalboasnoticias.com.br\\\/home\\\/wp-content\\\/uploads\\\/2024\\\/10\\\/raf05208.webp\",\"contentUrl\":\"https:\\\/\\\/jornalboasnoticias.com.br\\\/home\\\/wp-content\\\/uploads\\\/2024\\\/10\\\/raf05208.webp\",\"width\":1170,\"height\":700,\"caption\":\"\u00a9 Rafa Neddermeyer\\\/Ag\u00eancia Brasil\"},{\"@type\":\"BreadcrumbList\",\"@id\":\"https:\\\/\\\/jornalboasnoticias.com.br\\\/home\\\/hacker-suspeito-de-invadir-sistemas-da-policia-federal-e-preso\\\/#breadcrumb\",\"itemListElement\":[{\"@type\":\"ListItem\",\"position\":1,\"name\":\"In\u00edcio\",\"item\":\"https:\\\/\\\/jornalboasnoticias.com.br\\\/home\\\/\"},{\"@type\":\"ListItem\",\"position\":2,\"name\":\"Hacker suspeito de invadir sistemas da Pol\u00edcia Federal \u00e9 preso\"}]},{\"@type\":\"WebSite\",\"@id\":\"https:\\\/\\\/jornalboasnoticias.com.br\\\/home\\\/#website\",\"url\":\"https:\\\/\\\/jornalboasnoticias.com.br\\\/home\\\/\",\"name\":\"Jornal Boas Not\u00edcias\",\"description\":\"Boas not\u00edcias\",\"publisher\":{\"@id\":\"https:\\\/\\\/jornalboasnoticias.com.br\\\/home\\\/#organization\"},\"potentialAction\":[{\"@type\":\"SearchAction\",\"target\":{\"@type\":\"EntryPoint\",\"urlTemplate\":\"https:\\\/\\\/jornalboasnoticias.com.br\\\/home\\\/?s={search_term_string}\"},\"query-input\":{\"@type\":\"PropertyValueSpecification\",\"valueRequired\":true,\"valueName\":\"search_term_string\"}}],\"inLanguage\":\"pt-BR\"},{\"@type\":\"Organization\",\"@id\":\"https:\\\/\\\/jornalboasnoticias.com.br\\\/home\\\/#organization\",\"name\":\"Coq Editora Ltda\",\"alternateName\":\"Jornal Boas Noticias\",\"url\":\"https:\\\/\\\/jornalboasnoticias.com.br\\\/home\\\/\",\"logo\":{\"@type\":\"ImageObject\",\"inLanguage\":\"pt-BR\",\"@id\":\"https:\\\/\\\/jornalboasnoticias.com.br\\\/home\\\/#\\\/schema\\\/logo\\\/image\\\/\",\"url\":\"https:\\\/\\\/jornalboasnoticias.com.br\\\/home\\\/wp-content\\\/uploads\\\/2024\\\/07\\\/cropped-logo.jpg\",\"contentUrl\":\"https:\\\/\\\/jornalboasnoticias.com.br\\\/home\\\/wp-content\\\/uploads\\\/2024\\\/07\\\/cropped-logo.jpg\",\"width\":290,\"height\":142,\"caption\":\"Coq Editora Ltda\"},\"image\":{\"@id\":\"https:\\\/\\\/jornalboasnoticias.com.br\\\/home\\\/#\\\/schema\\\/logo\\\/image\\\/\"},\"sameAs\":[\"https:\\\/\\\/www.facebook.com\\\/boasnoticiasjornal\"]},{\"@type\":\"Person\",\"@id\":\"https:\\\/\\\/jornalboasnoticias.com.br\\\/home\\\/#\\\/schema\\\/person\\\/d641193e0afc6405b390164dac847971\",\"name\":\"Ana Luiza Bonatto\",\"image\":{\"@type\":\"ImageObject\",\"inLanguage\":\"pt-BR\",\"@id\":\"https:\\\/\\\/secure.gravatar.com\\\/avatar\\\/8a055ebe6373371f67ac6fcf313c0ac0b0a91157fdcdb9514fa62927373348f0?s=96&d=mm&r=g\",\"url\":\"https:\\\/\\\/secure.gravatar.com\\\/avatar\\\/8a055ebe6373371f67ac6fcf313c0ac0b0a91157fdcdb9514fa62927373348f0?s=96&d=mm&r=g\",\"contentUrl\":\"https:\\\/\\\/secure.gravatar.com\\\/avatar\\\/8a055ebe6373371f67ac6fcf313c0ac0b0a91157fdcdb9514fa62927373348f0?s=96&d=mm&r=g\",\"caption\":\"Ana Luiza Bonatto\"},\"url\":\"https:\\\/\\\/jornalboasnoticias.com.br\\\/home\\\/author\\\/ana-luiza\\\/\"}]}<\/script>\n<!-- \/ Yoast SEO plugin. -->","yoast_head_json":{"title":"Hacker suspeito de invadir sistemas da Pol\u00edcia Federal \u00e9 preso - Jornal","description":"Hacker suspeito de invadir sistemas da Pol\u00edcia Federal \u00e9 preso","robots":{"index":"index","follow":"follow","max-snippet":"max-snippet:-1","max-image-preview":"max-image-preview:large","max-video-preview":"max-video-preview:-1"},"canonical":"https:\/\/jornalboasnoticias.com.br\/home\/hacker-suspeito-de-invadir-sistemas-da-policia-federal-e-preso\/","og_locale":"pt_BR","og_type":"article","og_title":"Hacker suspeito de invadir sistemas da Pol\u00edcia Federal \u00e9 preso - Jornal","og_description":"Hacker suspeito de invadir sistemas da Pol\u00edcia Federal \u00e9 preso","og_url":"https:\/\/jornalboasnoticias.com.br\/home\/hacker-suspeito-de-invadir-sistemas-da-policia-federal-e-preso\/","og_site_name":"Jornal","article_publisher":"https:\/\/www.facebook.com\/boasnoticiasjornal","article_published_time":"2024-10-16T16:43:37+00:00","og_image":[{"width":1170,"height":700,"url":"https:\/\/jornalboasnoticias.com.br\/home\/wp-content\/uploads\/2024\/10\/raf05208.webp","type":"image\/webp"}],"author":"Ana Luiza Bonatto","twitter_card":"summary_large_image","twitter_misc":{"Escrito por":"Ana Luiza Bonatto","Est. tempo de leitura":"3 minutos"},"schema":{"@context":"https:\/\/schema.org","@graph":[{"@type":"Article","@id":"https:\/\/jornalboasnoticias.com.br\/home\/hacker-suspeito-de-invadir-sistemas-da-policia-federal-e-preso\/#article","isPartOf":{"@id":"https:\/\/jornalboasnoticias.com.br\/home\/hacker-suspeito-de-invadir-sistemas-da-policia-federal-e-preso\/"},"author":{"name":"Ana Luiza Bonatto","@id":"https:\/\/jornalboasnoticias.com.br\/home\/#\/schema\/person\/d641193e0afc6405b390164dac847971"},"headline":"Hacker suspeito de invadir sistemas da Pol\u00edcia Federal \u00e9 preso","datePublished":"2024-10-16T16:43:37+00:00","mainEntityOfPage":{"@id":"https:\/\/jornalboasnoticias.com.br\/home\/hacker-suspeito-de-invadir-sistemas-da-policia-federal-e-preso\/"},"wordCount":279,"commentCount":0,"publisher":{"@id":"https:\/\/jornalboasnoticias.com.br\/home\/#organization"},"image":{"@id":"https:\/\/jornalboasnoticias.com.br\/home\/hacker-suspeito-de-invadir-sistemas-da-policia-federal-e-preso\/#primaryimage"},"thumbnailUrl":"https:\/\/jornalboasnoticias.com.br\/home\/wp-content\/uploads\/2024\/10\/raf05208.webp","articleSection":["BRASIL","DESTAQUE"],"inLanguage":"pt-BR","potentialAction":[{"@type":"CommentAction","name":"Comment","target":["https:\/\/jornalboasnoticias.com.br\/home\/hacker-suspeito-de-invadir-sistemas-da-policia-federal-e-preso\/#respond"]}]},{"@type":"WebPage","@id":"https:\/\/jornalboasnoticias.com.br\/home\/hacker-suspeito-de-invadir-sistemas-da-policia-federal-e-preso\/","url":"https:\/\/jornalboasnoticias.com.br\/home\/hacker-suspeito-de-invadir-sistemas-da-policia-federal-e-preso\/","name":"Hacker suspeito de invadir sistemas da Pol\u00edcia Federal \u00e9 preso - Jornal","isPartOf":{"@id":"https:\/\/jornalboasnoticias.com.br\/home\/#website"},"primaryImageOfPage":{"@id":"https:\/\/jornalboasnoticias.com.br\/home\/hacker-suspeito-de-invadir-sistemas-da-policia-federal-e-preso\/#primaryimage"},"image":{"@id":"https:\/\/jornalboasnoticias.com.br\/home\/hacker-suspeito-de-invadir-sistemas-da-policia-federal-e-preso\/#primaryimage"},"thumbnailUrl":"https:\/\/jornalboasnoticias.com.br\/home\/wp-content\/uploads\/2024\/10\/raf05208.webp","datePublished":"2024-10-16T16:43:37+00:00","description":"Hacker suspeito de invadir sistemas da Pol\u00edcia Federal \u00e9 preso","breadcrumb":{"@id":"https:\/\/jornalboasnoticias.com.br\/home\/hacker-suspeito-de-invadir-sistemas-da-policia-federal-e-preso\/#breadcrumb"},"inLanguage":"pt-BR","potentialAction":[{"@type":"ReadAction","target":["https:\/\/jornalboasnoticias.com.br\/home\/hacker-suspeito-de-invadir-sistemas-da-policia-federal-e-preso\/"]}]},{"@type":"ImageObject","inLanguage":"pt-BR","@id":"https:\/\/jornalboasnoticias.com.br\/home\/hacker-suspeito-de-invadir-sistemas-da-policia-federal-e-preso\/#primaryimage","url":"https:\/\/jornalboasnoticias.com.br\/home\/wp-content\/uploads\/2024\/10\/raf05208.webp","contentUrl":"https:\/\/jornalboasnoticias.com.br\/home\/wp-content\/uploads\/2024\/10\/raf05208.webp","width":1170,"height":700,"caption":"\u00a9 Rafa Neddermeyer\/Ag\u00eancia Brasil"},{"@type":"BreadcrumbList","@id":"https:\/\/jornalboasnoticias.com.br\/home\/hacker-suspeito-de-invadir-sistemas-da-policia-federal-e-preso\/#breadcrumb","itemListElement":[{"@type":"ListItem","position":1,"name":"In\u00edcio","item":"https:\/\/jornalboasnoticias.com.br\/home\/"},{"@type":"ListItem","position":2,"name":"Hacker suspeito de invadir sistemas da Pol\u00edcia Federal \u00e9 preso"}]},{"@type":"WebSite","@id":"https:\/\/jornalboasnoticias.com.br\/home\/#website","url":"https:\/\/jornalboasnoticias.com.br\/home\/","name":"Jornal Boas Not\u00edcias","description":"Boas not\u00edcias","publisher":{"@id":"https:\/\/jornalboasnoticias.com.br\/home\/#organization"},"potentialAction":[{"@type":"SearchAction","target":{"@type":"EntryPoint","urlTemplate":"https:\/\/jornalboasnoticias.com.br\/home\/?s={search_term_string}"},"query-input":{"@type":"PropertyValueSpecification","valueRequired":true,"valueName":"search_term_string"}}],"inLanguage":"pt-BR"},{"@type":"Organization","@id":"https:\/\/jornalboasnoticias.com.br\/home\/#organization","name":"Coq Editora Ltda","alternateName":"Jornal Boas Noticias","url":"https:\/\/jornalboasnoticias.com.br\/home\/","logo":{"@type":"ImageObject","inLanguage":"pt-BR","@id":"https:\/\/jornalboasnoticias.com.br\/home\/#\/schema\/logo\/image\/","url":"https:\/\/jornalboasnoticias.com.br\/home\/wp-content\/uploads\/2024\/07\/cropped-logo.jpg","contentUrl":"https:\/\/jornalboasnoticias.com.br\/home\/wp-content\/uploads\/2024\/07\/cropped-logo.jpg","width":290,"height":142,"caption":"Coq Editora Ltda"},"image":{"@id":"https:\/\/jornalboasnoticias.com.br\/home\/#\/schema\/logo\/image\/"},"sameAs":["https:\/\/www.facebook.com\/boasnoticiasjornal"]},{"@type":"Person","@id":"https:\/\/jornalboasnoticias.com.br\/home\/#\/schema\/person\/d641193e0afc6405b390164dac847971","name":"Ana Luiza Bonatto","image":{"@type":"ImageObject","inLanguage":"pt-BR","@id":"https:\/\/secure.gravatar.com\/avatar\/8a055ebe6373371f67ac6fcf313c0ac0b0a91157fdcdb9514fa62927373348f0?s=96&d=mm&r=g","url":"https:\/\/secure.gravatar.com\/avatar\/8a055ebe6373371f67ac6fcf313c0ac0b0a91157fdcdb9514fa62927373348f0?s=96&d=mm&r=g","contentUrl":"https:\/\/secure.gravatar.com\/avatar\/8a055ebe6373371f67ac6fcf313c0ac0b0a91157fdcdb9514fa62927373348f0?s=96&d=mm&r=g","caption":"Ana Luiza Bonatto"},"url":"https:\/\/jornalboasnoticias.com.br\/home\/author\/ana-luiza\/"}]}},"_links":{"self":[{"href":"https:\/\/jornalboasnoticias.com.br\/home\/wp-json\/wp\/v2\/posts\/44294","targetHints":{"allow":["GET"]}}],"collection":[{"href":"https:\/\/jornalboasnoticias.com.br\/home\/wp-json\/wp\/v2\/posts"}],"about":[{"href":"https:\/\/jornalboasnoticias.com.br\/home\/wp-json\/wp\/v2\/types\/post"}],"author":[{"embeddable":true,"href":"https:\/\/jornalboasnoticias.com.br\/home\/wp-json\/wp\/v2\/users\/4"}],"replies":[{"embeddable":true,"href":"https:\/\/jornalboasnoticias.com.br\/home\/wp-json\/wp\/v2\/comments?post=44294"}],"version-history":[{"count":1,"href":"https:\/\/jornalboasnoticias.com.br\/home\/wp-json\/wp\/v2\/posts\/44294\/revisions"}],"predecessor-version":[{"id":44296,"href":"https:\/\/jornalboasnoticias.com.br\/home\/wp-json\/wp\/v2\/posts\/44294\/revisions\/44296"}],"wp:featuredmedia":[{"embeddable":true,"href":"https:\/\/jornalboasnoticias.com.br\/home\/wp-json\/wp\/v2\/media\/44295"}],"wp:attachment":[{"href":"https:\/\/jornalboasnoticias.com.br\/home\/wp-json\/wp\/v2\/media?parent=44294"}],"wp:term":[{"taxonomy":"category","embeddable":true,"href":"https:\/\/jornalboasnoticias.com.br\/home\/wp-json\/wp\/v2\/categories?post=44294"},{"taxonomy":"post_tag","embeddable":true,"href":"https:\/\/jornalboasnoticias.com.br\/home\/wp-json\/wp\/v2\/tags?post=44294"}],"curies":[{"name":"wp","href":"https:\/\/api.w.org\/{rel}","templated":true}]}}