{"id":44291,"date":"2024-10-16T16:41:53","date_gmt":"2024-10-16T16:41:53","guid":{"rendered":"https:\/\/jornalboasnoticias.com.br\/home\/?p=44291"},"modified":"2024-10-16T16:41:53","modified_gmt":"2024-10-16T16:41:53","slug":"lula-lanca-programa-de-r-1-bilhao-para-producao-e-compra-de-arroz","status":"publish","type":"post","link":"https:\/\/jornalboasnoticias.com.br\/home\/lula-lanca-programa-de-r-1-bilhao-para-producao-e-compra-de-arroz\/","title":{"rendered":"Lula lan\u00e7a programa de R$ 1 bilh\u00e3o para produ\u00e7\u00e3o e compra de arroz"},"content":{"rendered":"<blockquote>\n<div class=\"header-noticia full-width\">\n<div class=\"linha-fina-noticia\">Iniciativa se destina a pequenos e m\u00e9dios produtores<\/div>\n<\/div>\n<\/blockquote>\n<div>\n<figure id=\"attachment_44292\" aria-describedby=\"caption-attachment-44292\" style=\"width: 1170px\" class=\"wp-caption alignnone\"><img loading=\"lazy\" decoding=\"async\" class=\"size-full wp-image-44292\" src=\"https:\/\/jornalboasnoticias.com.br\/home\/wp-content\/uploads\/2024\/10\/54071605808_e1e83ee0bd_o.webp\" alt=\"\" width=\"1170\" height=\"700\" srcset=\"https:\/\/jornalboasnoticias.com.br\/home\/wp-content\/uploads\/2024\/10\/54071605808_e1e83ee0bd_o.webp 1170w, https:\/\/jornalboasnoticias.com.br\/home\/wp-content\/uploads\/2024\/10\/54071605808_e1e83ee0bd_o-300x179.webp 300w, https:\/\/jornalboasnoticias.com.br\/home\/wp-content\/uploads\/2024\/10\/54071605808_e1e83ee0bd_o-1024x613.webp 1024w, https:\/\/jornalboasnoticias.com.br\/home\/wp-content\/uploads\/2024\/10\/54071605808_e1e83ee0bd_o-768x459.webp 768w\" sizes=\"auto, (max-width: 1170px) 100vw, 1170px\" \/><figcaption id=\"caption-attachment-44292\" class=\"wp-caption-text\">\u00a9 Ricardo Stuckert\/PR<\/figcaption><\/figure>\n<\/div>\n<div>\n<p>O presidente Luiz In\u00e1cio Lula da Silva lan\u00e7ou, nesta quarta-feira (16), o Programa Arroz da Gente para estimular a produ\u00e7\u00e3o e a forma\u00e7\u00e3o de estoques do gr\u00e3o no pa\u00eds. Ser\u00e3o investidos cerca de R$ 1 bilh\u00e3o na iniciativa para a compra de at\u00e9 500 mil toneladas do produto.<img decoding=\"async\" src=\"https:\/\/agenciabrasil.ebc.com.br\/ebc.png?id=1615700&amp;o=node\" \/><img decoding=\"async\" src=\"https:\/\/agenciabrasil.ebc.com.br\/ebc.gif?id=1615700&amp;o=node\" \/><\/p>\n<p>Os pequenos e m\u00e9dios produtores que quiserem produzir arroz poder\u00e3o assinar contratos de op\u00e7\u00e3o com o governo federal, que garantir\u00e1 a compra da produ\u00e7\u00e3o com pre\u00e7o j\u00e1 estabelecido. Durante a cerim\u00f4nia, no Pal\u00e1cio do Planalto, o ministro do Desenvolvimento Agr\u00e1rio e Agricultura Familiar, Paulo Teixeira, explicou que os par\u00e2metros dos contratos de op\u00e7\u00e3o foram estabelecidos em parceria com os minist\u00e9rios da Fazenda e da Agricultura.<\/p>\n<p>\u201cOs contratos v\u00e3o estimular a produ\u00e7\u00e3o do arroz em at\u00e9 500 mil toneladas, auxiliando a mitigar as perdas das safras de 2023 e 2024 devido \u00e0 seca e \u00e0s enchentes na Regi\u00e3o Sul\u201d, disse. \u201cEsse programa visa ampliar a produ\u00e7\u00e3o de arroz pela agricultura familiar e promover a diversidade regional e de variedades cultivares\u201d, acrescentou.<\/p>\n<p>O Programa Arroz da Gente faz parte do Plano Nacional de Abastecimento Alimentar (Planaab), chamado Alimento no Prato, e \u00e9 lan\u00e7ado\u00a0ap\u00f3s o fracasso do leil\u00e3o para a compra de arroz importado, em maio, pela Companhia Nacional de Abastecimento (Conab), e\u00a0anulado no m\u00eas seguinte\u00a0diante de den\u00fancias de irregularidades das empresas vencedoras.\u00a0Um novo edital chegou a ser prometido\u00a0pelo governo, mas a medida provis\u00f3ria que autorizava o leil\u00e3o perdeu a validade antes de ser votada pelo Congresso Nacional.<\/p>\n<p>O leil\u00e3o tinha como objetivo garantir o abastecimento e estabilizar os pre\u00e7os do produto no mercado interno, que tiveram uma alta m\u00e9dia de 14%, chegando em alguns lugares a 100%, ap\u00f3s as inunda\u00e7\u00f5es no Rio Grande do Sul em abril e maio deste ano. O estado \u00e9 respons\u00e1vel por cerca de 70% do arroz consumido no pa\u00eds. A produ\u00e7\u00e3o local foi atingida tanto na lavoura como em armaz\u00e9ns, al\u00e9m de ter a distribui\u00e7\u00e3o afetada por quest\u00f5es log\u00edsticas no estado.<\/p>\n<h2>Mapa da Fome<\/h2>\n<p>O Programa Arroz da Gente faz parte do conjunto de a\u00e7\u00f5es apresentadas hoje pelo governo para o abastecimento alimentar da popula\u00e7\u00e3o e o incentivo \u00e0 produ\u00e7\u00e3o org\u00e2nica, em celebra\u00e7\u00e3o ao Dia Mundial da Alimenta\u00e7\u00e3o, e est\u00e3o contempladas no Plano Nacional de Abastecimento Alimentar (Planaab), batizado de Alimento no Prato, e no Plano Nacional de Agroecologia e Produ\u00e7\u00e3o Org\u00e2nica (Planapo).<\/p>\n<p>O Dia Mundial da Alimenta\u00e7\u00e3o \u00e9 celebrado globalmente em 16 de outubro, data de funda\u00e7\u00e3o da Organiza\u00e7\u00e3o das Na\u00e7\u00f5es Unidas para Agricultura e Alimenta\u00e7\u00e3o (FAO), em 1945.<\/p>\n<p>Em discurso, o presidente Lula reafirmou o compromisso de tirar novamente o Brasil do Mapa da Fome, at\u00e9 2026. \u201cQuando n\u00f3s voltamos [para o terceiro mandato] j\u00e1 tinha 33 milh\u00f5es de pessoas passando fome outra vez. N\u00f3s j\u00e1 tiramos, em um 1 ano e 10 meses de governo, 24,5 milh\u00f5es de pessoas do Mapa da Fome outra vez, e a nossa ideia \u00e9 tirar todos da fome at\u00e9 terminar o mandato\u201d, disse, cobrando seus ministros para que as a\u00e7\u00f5es sejam, de fato, tiradas do papel. \u201cIsso n\u00e3o pode ser letra morta, isso tem que acontecer\u201d, afirmou.<\/p>\n<p>O Mapa da Fome \u00e9 publicado anualmente pela FAO e apresenta o n\u00famero de pessoas que enfrentam a fome e a inseguran\u00e7a alimentar no mundo. Um pa\u00eds entra na lista quando mais de 2,5% de sua popula\u00e7\u00e3o enfrenta falta cr\u00f4nica de alimentos. O Brasil havia sa\u00eddo do Mapa da Fome em 2014 e sustentou a posi\u00e7\u00e3o at\u00e9 2018. Entre 2019 e 2022, houve crescimento da inseguran\u00e7a alimentar e nutricional e o pa\u00eds voltou a integrar o relat\u00f3rio da organiza\u00e7\u00e3o.<\/p>\n<p>Em 2023, mais de 24 milh\u00f5es de pessoas sa\u00edram da situa\u00e7\u00e3o de inseguran\u00e7a alimentar\u00a0grave no Brasil.<\/p>\n<p>O presidente reafirmou que o\u00a0combate \u00e0 fome \u00e9 uma escolha pol\u00edtica dos governantes\u00a0e lembrou que o Brasil vai lan\u00e7ar a Alian\u00e7a Global contra a Fome e a Pobreza na C\u00fapula de L\u00edderes do G20, em novembro, no Rio de Janeiro.<\/p>\n<p>\u201cA gente pode dizer que existe seca, a gente pode dizer que existe excesso de chuva, a gente pode dizer tudo que n\u00f3s quisermos, mas a verdade \u00e9 que a \u00fanica explica\u00e7\u00e3o para a exist\u00eancia da fome \u00e9 uma coisa chamada irresponsabilidade de quem governa os pa\u00edses, de quem governa os estados. \u00c9 preciso que o Estado tenha a capacidade de priorizar para quem que ele quer governar, n\u00f3s temos que fazer escolhas\u201d, disse Lula.<\/p>\n<h2>Seguran\u00e7a alimentar<\/h2>\n<p>Al\u00e9m do Programa Arroz da Gente, o Plano Alimento no Prato tem medidas para ampliar os sacol\u00f5es populares e centrais de abastecimento por todo o pa\u00eds, para facilitar o acesso a alimentos saud\u00e1veis e frescos. Inicialmente, ser\u00e3o implantadas seis novas centrais de abastecimento: na Bahia, Cear\u00e1, Rio Grande do Norte, em Sergipe e duas em S\u00e3o Paulo.<\/p>\n<p>\u201cS\u00e3o 29 iniciativas e 92 a\u00e7\u00f5es estrat\u00e9gicas para criar um sistema de abastecimento inclusivo e estruturado que garanta o direito \u00e0 alimenta\u00e7\u00e3o e a soberania alimentar desde a produ\u00e7\u00e3o at\u00e9 chegar no prato\u201d, explicou o ministro Paulo Teixeira, citando ainda o incentivo \u00e0 produ\u00e7\u00e3o de alimentos saud\u00e1veis em sistemas sustent\u00e1veis, observando, principalmente, os alimentos da cesta b\u00e1sica do brasileiro.<\/p>\n<p>Para a presidente do Conselho Nacional de Seguran\u00e7a Alimentar e Nutricional (Consea), Elisabetta Recine, o lan\u00e7amento simult\u00e2neo dos dois planos representa o compromisso do governo e da sociedade civil organizada de \u201cdesatar dois dos principais n\u00f3s que fazem com que a realiza\u00e7\u00e3o do direito humano \u00e0 alimenta\u00e7\u00e3o adequada seja ainda um grande desafio\u201d.<\/p>\n<p>Segundo ela, a forma como os alimentos s\u00e3o produzidos e consumidos \u201c\u00e9 um dos principais contribuidores da crise clim\u00e1tica\u201d, por isso, defendeu que \u00e9 preciso avan\u00e7ar \u201ccom compromisso, or\u00e7amento e pr\u00e1ticas efetivas para transformar o sistema alimentar\u201d.<\/p>\n<p>\u201c[\u00c9 preciso] uma produ\u00e7\u00e3o que n\u00e3o envenene a terra, a \u00e1gua, as pessoas, que dialogue com a natureza e com a nossa preciosa biodiversidade, que produz alimentos para o bem viver de maneira compartilhada, que permita que todas as pessoas sem distin\u00e7\u00e3o de ra\u00e7a, de cor, de g\u00eanero e de renda possam usufruir de comida boa e barata\u201d, disse.<\/p>\n<p>\u201c[\u00c9 necess\u00e1rio ainda] retomar a responsabilidade do Estado brasileiro em garantir uma rede capilarizada e diversificada de equipamentos de abastecimento que estejam baseadas no desenvolvimento local, que implante estrategicamente feiras, mercados, pequenos com\u00e9rcios nas periferias, no caminho da casa ao trabalho, em hor\u00e1rios que facilitem o cotidiano das pessoas, que amplie, como nunca ousamos, o acesso \u00e0s compras p\u00fablicas da agricultura familiar e camponesa, que possamos amortecer com estoques estrat\u00e9gicos os movimentos especulativos nacionais e internacionais dos pre\u00e7os dos alimentos, que possamos recuperar a \u00e1rea cultivada do feij\u00e3o, da mandioca, da nossa comida. \u00c9 disso que se trata os an\u00fancios desta manh\u00e3\u201d, defendeu.<\/p>\n<h2>Produ\u00e7\u00e3o org\u00e2nica<\/h2>\n<p>O Plano Nacional de Agroecologia e Produ\u00e7\u00e3o Org\u00e2nica (Planapo), por sua vez, vai reunir a\u00e7\u00f5es para fortalecer as cadeias produtivas de produtos org\u00e2nicos e agroecol\u00f3gicos. Ele prev\u00ea iniciativas voltadas para pesquisa e inova\u00e7\u00e3o, incentivo \u00e0s compras p\u00fablicas e inclus\u00e3o de mulheres, jovens, ind\u00edgenas e quilombolas na agricultura familiar, al\u00e9m de a\u00e7\u00f5es de incentivos financeiros e de apoio para a transi\u00e7\u00e3o agroecol\u00f3gica, para a sustentabilidade e a conserva\u00e7\u00e3o ambiental.<\/p>\n<p>S\u00e3o 197 iniciativas, envolvendo 14 minist\u00e9rios. De acordo com o ministro Paulo Teixeira, o Planapo tem como compromisso destinar R$ 6 bilh\u00f5es em cr\u00e9dito no \u00e2mbito do Programa Nacional de Fortalecimento da Agricultura Familiar (Pronaf) para a produ\u00e7\u00e3o org\u00e2nica e ou agroecol\u00f3gica; R$ 115 milh\u00f5es em fomento visando a inclus\u00e3o produtiva e R$ 100 milh\u00f5es em parceria com a Funda\u00e7\u00e3o Banco do Brasil e com o Banco Nacional de Desenvolvimento Econ\u00f4mico e Social (BNDES).<\/p>\n<p>O governo tamb\u00e9m quer promover uma nova etapa de substitui\u00e7\u00e3o de agrot\u00f3xicos altamente t\u00f3xicos e de alta periculosidade usados nos diversos cultivos no pa\u00eds. \u201cDiversos qu\u00edmicos j\u00e1 proibidos na Europa e nos Estados Unidos ainda s\u00e3o largamente utilizados aqui no Brasil, e esses qu\u00edmicos, dever\u00e3o ser substitu\u00eddos por biol\u00f3gicos. O melhor de tudo \u00e9 que os bioinsumos s\u00e3o capazes de garantir alta produtividade, alta qualidade e por um custo menor\u201d, disse Teixeira.<\/p>\n<p>Segundo o ministro, ainda n\u00e3o h\u00e1 defini\u00e7\u00e3o dos produtos que ser\u00e3o atingidos pela medida.<\/p>\n<p>(Ag\u00eancia Brasil)<\/p>\n<\/div>\n","protected":false},"excerpt":{"rendered":"<p>Iniciativa se destina a pequenos e m\u00e9dios produtores O presidente Luiz In\u00e1cio Lula da Silva<\/p>\n","protected":false},"author":4,"featured_media":44292,"comment_status":"open","ping_status":"open","sticky":false,"template":"","format":"standard","meta":{"footnotes":""},"categories":[6,3],"tags":[],"class_list":["post-44291","post","type-post","status-publish","format-standard","has-post-thumbnail","hentry","category-brasil","category-destaques"],"yoast_head":"<!-- This site is optimized with the Yoast SEO plugin v27.5 - https:\/\/yoast.com\/product\/yoast-seo-wordpress\/ -->\n<title>Lula lan\u00e7a programa de R$ 1 bilh\u00e3o para produ\u00e7\u00e3o e compra de arroz - Jornal<\/title>\n<meta name=\"description\" content=\"Lula lan\u00e7a programa de R$ 1 bilh\u00e3o para produ\u00e7\u00e3o e compra de arroz\" \/>\n<meta name=\"robots\" content=\"index, follow, max-snippet:-1, max-image-preview:large, max-video-preview:-1\" \/>\n<link rel=\"canonical\" href=\"https:\/\/jornalboasnoticias.com.br\/home\/lula-lanca-programa-de-r-1-bilhao-para-producao-e-compra-de-arroz\/\" \/>\n<meta property=\"og:locale\" content=\"pt_BR\" \/>\n<meta property=\"og:type\" content=\"article\" \/>\n<meta property=\"og:title\" content=\"Lula lan\u00e7a programa de R$ 1 bilh\u00e3o para produ\u00e7\u00e3o e compra de arroz - Jornal\" \/>\n<meta property=\"og:description\" content=\"Lula lan\u00e7a programa de R$ 1 bilh\u00e3o para produ\u00e7\u00e3o e compra de arroz\" \/>\n<meta property=\"og:url\" content=\"https:\/\/jornalboasnoticias.com.br\/home\/lula-lanca-programa-de-r-1-bilhao-para-producao-e-compra-de-arroz\/\" \/>\n<meta property=\"og:site_name\" content=\"Jornal\" \/>\n<meta property=\"article:publisher\" content=\"https:\/\/www.facebook.com\/boasnoticiasjornal\" \/>\n<meta property=\"article:published_time\" content=\"2024-10-16T16:41:53+00:00\" \/>\n<meta property=\"og:image\" content=\"https:\/\/jornalboasnoticias.com.br\/home\/wp-content\/uploads\/2024\/10\/54071605808_e1e83ee0bd_o.webp\" \/>\n\t<meta property=\"og:image:width\" content=\"1170\" \/>\n\t<meta property=\"og:image:height\" content=\"700\" \/>\n\t<meta property=\"og:image:type\" content=\"image\/webp\" \/>\n<meta name=\"author\" content=\"Ana Luiza Bonatto\" \/>\n<meta name=\"twitter:card\" content=\"summary_large_image\" \/>\n<meta name=\"twitter:label1\" content=\"Escrito por\" \/>\n\t<meta name=\"twitter:data1\" content=\"Ana Luiza Bonatto\" \/>\n\t<meta name=\"twitter:label2\" content=\"Est. tempo de leitura\" \/>\n\t<meta name=\"twitter:data2\" content=\"9 minutos\" \/>\n<script type=\"application\/ld+json\" class=\"yoast-schema-graph\">{\"@context\":\"https:\\\/\\\/schema.org\",\"@graph\":[{\"@type\":\"Article\",\"@id\":\"https:\\\/\\\/jornalboasnoticias.com.br\\\/home\\\/lula-lanca-programa-de-r-1-bilhao-para-producao-e-compra-de-arroz\\\/#article\",\"isPartOf\":{\"@id\":\"https:\\\/\\\/jornalboasnoticias.com.br\\\/home\\\/lula-lanca-programa-de-r-1-bilhao-para-producao-e-compra-de-arroz\\\/\"},\"author\":{\"name\":\"Ana Luiza Bonatto\",\"@id\":\"https:\\\/\\\/jornalboasnoticias.com.br\\\/home\\\/#\\\/schema\\\/person\\\/d641193e0afc6405b390164dac847971\"},\"headline\":\"Lula lan\u00e7a programa de R$ 1 bilh\u00e3o para produ\u00e7\u00e3o e compra de arroz\",\"datePublished\":\"2024-10-16T16:41:53+00:00\",\"mainEntityOfPage\":{\"@id\":\"https:\\\/\\\/jornalboasnoticias.com.br\\\/home\\\/lula-lanca-programa-de-r-1-bilhao-para-producao-e-compra-de-arroz\\\/\"},\"wordCount\":1482,\"commentCount\":0,\"publisher\":{\"@id\":\"https:\\\/\\\/jornalboasnoticias.com.br\\\/home\\\/#organization\"},\"image\":{\"@id\":\"https:\\\/\\\/jornalboasnoticias.com.br\\\/home\\\/lula-lanca-programa-de-r-1-bilhao-para-producao-e-compra-de-arroz\\\/#primaryimage\"},\"thumbnailUrl\":\"https:\\\/\\\/jornalboasnoticias.com.br\\\/home\\\/wp-content\\\/uploads\\\/2024\\\/10\\\/54071605808_e1e83ee0bd_o.webp\",\"articleSection\":[\"BRASIL\",\"DESTAQUE\"],\"inLanguage\":\"pt-BR\",\"potentialAction\":[{\"@type\":\"CommentAction\",\"name\":\"Comment\",\"target\":[\"https:\\\/\\\/jornalboasnoticias.com.br\\\/home\\\/lula-lanca-programa-de-r-1-bilhao-para-producao-e-compra-de-arroz\\\/#respond\"]}]},{\"@type\":\"WebPage\",\"@id\":\"https:\\\/\\\/jornalboasnoticias.com.br\\\/home\\\/lula-lanca-programa-de-r-1-bilhao-para-producao-e-compra-de-arroz\\\/\",\"url\":\"https:\\\/\\\/jornalboasnoticias.com.br\\\/home\\\/lula-lanca-programa-de-r-1-bilhao-para-producao-e-compra-de-arroz\\\/\",\"name\":\"Lula lan\u00e7a programa de R$ 1 bilh\u00e3o para produ\u00e7\u00e3o e compra de arroz - Jornal\",\"isPartOf\":{\"@id\":\"https:\\\/\\\/jornalboasnoticias.com.br\\\/home\\\/#website\"},\"primaryImageOfPage\":{\"@id\":\"https:\\\/\\\/jornalboasnoticias.com.br\\\/home\\\/lula-lanca-programa-de-r-1-bilhao-para-producao-e-compra-de-arroz\\\/#primaryimage\"},\"image\":{\"@id\":\"https:\\\/\\\/jornalboasnoticias.com.br\\\/home\\\/lula-lanca-programa-de-r-1-bilhao-para-producao-e-compra-de-arroz\\\/#primaryimage\"},\"thumbnailUrl\":\"https:\\\/\\\/jornalboasnoticias.com.br\\\/home\\\/wp-content\\\/uploads\\\/2024\\\/10\\\/54071605808_e1e83ee0bd_o.webp\",\"datePublished\":\"2024-10-16T16:41:53+00:00\",\"description\":\"Lula lan\u00e7a programa de R$ 1 bilh\u00e3o para produ\u00e7\u00e3o e compra de arroz\",\"breadcrumb\":{\"@id\":\"https:\\\/\\\/jornalboasnoticias.com.br\\\/home\\\/lula-lanca-programa-de-r-1-bilhao-para-producao-e-compra-de-arroz\\\/#breadcrumb\"},\"inLanguage\":\"pt-BR\",\"potentialAction\":[{\"@type\":\"ReadAction\",\"target\":[\"https:\\\/\\\/jornalboasnoticias.com.br\\\/home\\\/lula-lanca-programa-de-r-1-bilhao-para-producao-e-compra-de-arroz\\\/\"]}]},{\"@type\":\"ImageObject\",\"inLanguage\":\"pt-BR\",\"@id\":\"https:\\\/\\\/jornalboasnoticias.com.br\\\/home\\\/lula-lanca-programa-de-r-1-bilhao-para-producao-e-compra-de-arroz\\\/#primaryimage\",\"url\":\"https:\\\/\\\/jornalboasnoticias.com.br\\\/home\\\/wp-content\\\/uploads\\\/2024\\\/10\\\/54071605808_e1e83ee0bd_o.webp\",\"contentUrl\":\"https:\\\/\\\/jornalboasnoticias.com.br\\\/home\\\/wp-content\\\/uploads\\\/2024\\\/10\\\/54071605808_e1e83ee0bd_o.webp\",\"width\":1170,\"height\":700,\"caption\":\"\u00a9 Ricardo Stuckert\\\/PR\"},{\"@type\":\"BreadcrumbList\",\"@id\":\"https:\\\/\\\/jornalboasnoticias.com.br\\\/home\\\/lula-lanca-programa-de-r-1-bilhao-para-producao-e-compra-de-arroz\\\/#breadcrumb\",\"itemListElement\":[{\"@type\":\"ListItem\",\"position\":1,\"name\":\"In\u00edcio\",\"item\":\"https:\\\/\\\/jornalboasnoticias.com.br\\\/home\\\/\"},{\"@type\":\"ListItem\",\"position\":2,\"name\":\"Lula lan\u00e7a programa de R$ 1 bilh\u00e3o para produ\u00e7\u00e3o e compra de arroz\"}]},{\"@type\":\"WebSite\",\"@id\":\"https:\\\/\\\/jornalboasnoticias.com.br\\\/home\\\/#website\",\"url\":\"https:\\\/\\\/jornalboasnoticias.com.br\\\/home\\\/\",\"name\":\"Jornal Boas Not\u00edcias\",\"description\":\"Boas not\u00edcias\",\"publisher\":{\"@id\":\"https:\\\/\\\/jornalboasnoticias.com.br\\\/home\\\/#organization\"},\"potentialAction\":[{\"@type\":\"SearchAction\",\"target\":{\"@type\":\"EntryPoint\",\"urlTemplate\":\"https:\\\/\\\/jornalboasnoticias.com.br\\\/home\\\/?s={search_term_string}\"},\"query-input\":{\"@type\":\"PropertyValueSpecification\",\"valueRequired\":true,\"valueName\":\"search_term_string\"}}],\"inLanguage\":\"pt-BR\"},{\"@type\":\"Organization\",\"@id\":\"https:\\\/\\\/jornalboasnoticias.com.br\\\/home\\\/#organization\",\"name\":\"Coq Editora Ltda\",\"alternateName\":\"Jornal Boas Noticias\",\"url\":\"https:\\\/\\\/jornalboasnoticias.com.br\\\/home\\\/\",\"logo\":{\"@type\":\"ImageObject\",\"inLanguage\":\"pt-BR\",\"@id\":\"https:\\\/\\\/jornalboasnoticias.com.br\\\/home\\\/#\\\/schema\\\/logo\\\/image\\\/\",\"url\":\"https:\\\/\\\/jornalboasnoticias.com.br\\\/home\\\/wp-content\\\/uploads\\\/2024\\\/07\\\/cropped-logo.jpg\",\"contentUrl\":\"https:\\\/\\\/jornalboasnoticias.com.br\\\/home\\\/wp-content\\\/uploads\\\/2024\\\/07\\\/cropped-logo.jpg\",\"width\":290,\"height\":142,\"caption\":\"Coq Editora Ltda\"},\"image\":{\"@id\":\"https:\\\/\\\/jornalboasnoticias.com.br\\\/home\\\/#\\\/schema\\\/logo\\\/image\\\/\"},\"sameAs\":[\"https:\\\/\\\/www.facebook.com\\\/boasnoticiasjornal\"]},{\"@type\":\"Person\",\"@id\":\"https:\\\/\\\/jornalboasnoticias.com.br\\\/home\\\/#\\\/schema\\\/person\\\/d641193e0afc6405b390164dac847971\",\"name\":\"Ana Luiza Bonatto\",\"image\":{\"@type\":\"ImageObject\",\"inLanguage\":\"pt-BR\",\"@id\":\"https:\\\/\\\/secure.gravatar.com\\\/avatar\\\/8a055ebe6373371f67ac6fcf313c0ac0b0a91157fdcdb9514fa62927373348f0?s=96&d=mm&r=g\",\"url\":\"https:\\\/\\\/secure.gravatar.com\\\/avatar\\\/8a055ebe6373371f67ac6fcf313c0ac0b0a91157fdcdb9514fa62927373348f0?s=96&d=mm&r=g\",\"contentUrl\":\"https:\\\/\\\/secure.gravatar.com\\\/avatar\\\/8a055ebe6373371f67ac6fcf313c0ac0b0a91157fdcdb9514fa62927373348f0?s=96&d=mm&r=g\",\"caption\":\"Ana Luiza Bonatto\"},\"url\":\"https:\\\/\\\/jornalboasnoticias.com.br\\\/home\\\/author\\\/ana-luiza\\\/\"}]}<\/script>\n<!-- \/ Yoast SEO plugin. -->","yoast_head_json":{"title":"Lula lan\u00e7a programa de R$ 1 bilh\u00e3o para produ\u00e7\u00e3o e compra de arroz - Jornal","description":"Lula lan\u00e7a programa de R$ 1 bilh\u00e3o para produ\u00e7\u00e3o e compra de arroz","robots":{"index":"index","follow":"follow","max-snippet":"max-snippet:-1","max-image-preview":"max-image-preview:large","max-video-preview":"max-video-preview:-1"},"canonical":"https:\/\/jornalboasnoticias.com.br\/home\/lula-lanca-programa-de-r-1-bilhao-para-producao-e-compra-de-arroz\/","og_locale":"pt_BR","og_type":"article","og_title":"Lula lan\u00e7a programa de R$ 1 bilh\u00e3o para produ\u00e7\u00e3o e compra de arroz - Jornal","og_description":"Lula lan\u00e7a programa de R$ 1 bilh\u00e3o para produ\u00e7\u00e3o e compra de arroz","og_url":"https:\/\/jornalboasnoticias.com.br\/home\/lula-lanca-programa-de-r-1-bilhao-para-producao-e-compra-de-arroz\/","og_site_name":"Jornal","article_publisher":"https:\/\/www.facebook.com\/boasnoticiasjornal","article_published_time":"2024-10-16T16:41:53+00:00","og_image":[{"width":1170,"height":700,"url":"https:\/\/jornalboasnoticias.com.br\/home\/wp-content\/uploads\/2024\/10\/54071605808_e1e83ee0bd_o.webp","type":"image\/webp"}],"author":"Ana Luiza Bonatto","twitter_card":"summary_large_image","twitter_misc":{"Escrito por":"Ana Luiza Bonatto","Est. tempo de leitura":"9 minutos"},"schema":{"@context":"https:\/\/schema.org","@graph":[{"@type":"Article","@id":"https:\/\/jornalboasnoticias.com.br\/home\/lula-lanca-programa-de-r-1-bilhao-para-producao-e-compra-de-arroz\/#article","isPartOf":{"@id":"https:\/\/jornalboasnoticias.com.br\/home\/lula-lanca-programa-de-r-1-bilhao-para-producao-e-compra-de-arroz\/"},"author":{"name":"Ana Luiza Bonatto","@id":"https:\/\/jornalboasnoticias.com.br\/home\/#\/schema\/person\/d641193e0afc6405b390164dac847971"},"headline":"Lula lan\u00e7a programa de R$ 1 bilh\u00e3o para produ\u00e7\u00e3o e compra de arroz","datePublished":"2024-10-16T16:41:53+00:00","mainEntityOfPage":{"@id":"https:\/\/jornalboasnoticias.com.br\/home\/lula-lanca-programa-de-r-1-bilhao-para-producao-e-compra-de-arroz\/"},"wordCount":1482,"commentCount":0,"publisher":{"@id":"https:\/\/jornalboasnoticias.com.br\/home\/#organization"},"image":{"@id":"https:\/\/jornalboasnoticias.com.br\/home\/lula-lanca-programa-de-r-1-bilhao-para-producao-e-compra-de-arroz\/#primaryimage"},"thumbnailUrl":"https:\/\/jornalboasnoticias.com.br\/home\/wp-content\/uploads\/2024\/10\/54071605808_e1e83ee0bd_o.webp","articleSection":["BRASIL","DESTAQUE"],"inLanguage":"pt-BR","potentialAction":[{"@type":"CommentAction","name":"Comment","target":["https:\/\/jornalboasnoticias.com.br\/home\/lula-lanca-programa-de-r-1-bilhao-para-producao-e-compra-de-arroz\/#respond"]}]},{"@type":"WebPage","@id":"https:\/\/jornalboasnoticias.com.br\/home\/lula-lanca-programa-de-r-1-bilhao-para-producao-e-compra-de-arroz\/","url":"https:\/\/jornalboasnoticias.com.br\/home\/lula-lanca-programa-de-r-1-bilhao-para-producao-e-compra-de-arroz\/","name":"Lula lan\u00e7a programa de R$ 1 bilh\u00e3o para produ\u00e7\u00e3o e compra de arroz - Jornal","isPartOf":{"@id":"https:\/\/jornalboasnoticias.com.br\/home\/#website"},"primaryImageOfPage":{"@id":"https:\/\/jornalboasnoticias.com.br\/home\/lula-lanca-programa-de-r-1-bilhao-para-producao-e-compra-de-arroz\/#primaryimage"},"image":{"@id":"https:\/\/jornalboasnoticias.com.br\/home\/lula-lanca-programa-de-r-1-bilhao-para-producao-e-compra-de-arroz\/#primaryimage"},"thumbnailUrl":"https:\/\/jornalboasnoticias.com.br\/home\/wp-content\/uploads\/2024\/10\/54071605808_e1e83ee0bd_o.webp","datePublished":"2024-10-16T16:41:53+00:00","description":"Lula lan\u00e7a programa de R$ 1 bilh\u00e3o para produ\u00e7\u00e3o e compra de arroz","breadcrumb":{"@id":"https:\/\/jornalboasnoticias.com.br\/home\/lula-lanca-programa-de-r-1-bilhao-para-producao-e-compra-de-arroz\/#breadcrumb"},"inLanguage":"pt-BR","potentialAction":[{"@type":"ReadAction","target":["https:\/\/jornalboasnoticias.com.br\/home\/lula-lanca-programa-de-r-1-bilhao-para-producao-e-compra-de-arroz\/"]}]},{"@type":"ImageObject","inLanguage":"pt-BR","@id":"https:\/\/jornalboasnoticias.com.br\/home\/lula-lanca-programa-de-r-1-bilhao-para-producao-e-compra-de-arroz\/#primaryimage","url":"https:\/\/jornalboasnoticias.com.br\/home\/wp-content\/uploads\/2024\/10\/54071605808_e1e83ee0bd_o.webp","contentUrl":"https:\/\/jornalboasnoticias.com.br\/home\/wp-content\/uploads\/2024\/10\/54071605808_e1e83ee0bd_o.webp","width":1170,"height":700,"caption":"\u00a9 Ricardo Stuckert\/PR"},{"@type":"BreadcrumbList","@id":"https:\/\/jornalboasnoticias.com.br\/home\/lula-lanca-programa-de-r-1-bilhao-para-producao-e-compra-de-arroz\/#breadcrumb","itemListElement":[{"@type":"ListItem","position":1,"name":"In\u00edcio","item":"https:\/\/jornalboasnoticias.com.br\/home\/"},{"@type":"ListItem","position":2,"name":"Lula lan\u00e7a programa de R$ 1 bilh\u00e3o para produ\u00e7\u00e3o e compra de arroz"}]},{"@type":"WebSite","@id":"https:\/\/jornalboasnoticias.com.br\/home\/#website","url":"https:\/\/jornalboasnoticias.com.br\/home\/","name":"Jornal Boas Not\u00edcias","description":"Boas not\u00edcias","publisher":{"@id":"https:\/\/jornalboasnoticias.com.br\/home\/#organization"},"potentialAction":[{"@type":"SearchAction","target":{"@type":"EntryPoint","urlTemplate":"https:\/\/jornalboasnoticias.com.br\/home\/?s={search_term_string}"},"query-input":{"@type":"PropertyValueSpecification","valueRequired":true,"valueName":"search_term_string"}}],"inLanguage":"pt-BR"},{"@type":"Organization","@id":"https:\/\/jornalboasnoticias.com.br\/home\/#organization","name":"Coq Editora Ltda","alternateName":"Jornal Boas Noticias","url":"https:\/\/jornalboasnoticias.com.br\/home\/","logo":{"@type":"ImageObject","inLanguage":"pt-BR","@id":"https:\/\/jornalboasnoticias.com.br\/home\/#\/schema\/logo\/image\/","url":"https:\/\/jornalboasnoticias.com.br\/home\/wp-content\/uploads\/2024\/07\/cropped-logo.jpg","contentUrl":"https:\/\/jornalboasnoticias.com.br\/home\/wp-content\/uploads\/2024\/07\/cropped-logo.jpg","width":290,"height":142,"caption":"Coq Editora Ltda"},"image":{"@id":"https:\/\/jornalboasnoticias.com.br\/home\/#\/schema\/logo\/image\/"},"sameAs":["https:\/\/www.facebook.com\/boasnoticiasjornal"]},{"@type":"Person","@id":"https:\/\/jornalboasnoticias.com.br\/home\/#\/schema\/person\/d641193e0afc6405b390164dac847971","name":"Ana Luiza Bonatto","image":{"@type":"ImageObject","inLanguage":"pt-BR","@id":"https:\/\/secure.gravatar.com\/avatar\/8a055ebe6373371f67ac6fcf313c0ac0b0a91157fdcdb9514fa62927373348f0?s=96&d=mm&r=g","url":"https:\/\/secure.gravatar.com\/avatar\/8a055ebe6373371f67ac6fcf313c0ac0b0a91157fdcdb9514fa62927373348f0?s=96&d=mm&r=g","contentUrl":"https:\/\/secure.gravatar.com\/avatar\/8a055ebe6373371f67ac6fcf313c0ac0b0a91157fdcdb9514fa62927373348f0?s=96&d=mm&r=g","caption":"Ana Luiza Bonatto"},"url":"https:\/\/jornalboasnoticias.com.br\/home\/author\/ana-luiza\/"}]}},"_links":{"self":[{"href":"https:\/\/jornalboasnoticias.com.br\/home\/wp-json\/wp\/v2\/posts\/44291","targetHints":{"allow":["GET"]}}],"collection":[{"href":"https:\/\/jornalboasnoticias.com.br\/home\/wp-json\/wp\/v2\/posts"}],"about":[{"href":"https:\/\/jornalboasnoticias.com.br\/home\/wp-json\/wp\/v2\/types\/post"}],"author":[{"embeddable":true,"href":"https:\/\/jornalboasnoticias.com.br\/home\/wp-json\/wp\/v2\/users\/4"}],"replies":[{"embeddable":true,"href":"https:\/\/jornalboasnoticias.com.br\/home\/wp-json\/wp\/v2\/comments?post=44291"}],"version-history":[{"count":1,"href":"https:\/\/jornalboasnoticias.com.br\/home\/wp-json\/wp\/v2\/posts\/44291\/revisions"}],"predecessor-version":[{"id":44293,"href":"https:\/\/jornalboasnoticias.com.br\/home\/wp-json\/wp\/v2\/posts\/44291\/revisions\/44293"}],"wp:featuredmedia":[{"embeddable":true,"href":"https:\/\/jornalboasnoticias.com.br\/home\/wp-json\/wp\/v2\/media\/44292"}],"wp:attachment":[{"href":"https:\/\/jornalboasnoticias.com.br\/home\/wp-json\/wp\/v2\/media?parent=44291"}],"wp:term":[{"taxonomy":"category","embeddable":true,"href":"https:\/\/jornalboasnoticias.com.br\/home\/wp-json\/wp\/v2\/categories?post=44291"},{"taxonomy":"post_tag","embeddable":true,"href":"https:\/\/jornalboasnoticias.com.br\/home\/wp-json\/wp\/v2\/tags?post=44291"}],"curies":[{"name":"wp","href":"https:\/\/api.w.org\/{rel}","templated":true}]}}