{"id":44281,"date":"2024-10-14T17:03:30","date_gmt":"2024-10-14T17:03:30","guid":{"rendered":"https:\/\/jornalboasnoticias.com.br\/home\/?p=44281"},"modified":"2024-10-14T17:03:30","modified_gmt":"2024-10-14T17:03:30","slug":"mercado-financeiro-eleva-projecao-de-expansao-da-economia","status":"publish","type":"post","link":"https:\/\/jornalboasnoticias.com.br\/home\/mercado-financeiro-eleva-projecao-de-expansao-da-economia\/","title":{"rendered":"Mercado financeiro eleva proje\u00e7\u00e3o de expans\u00e3o da economia"},"content":{"rendered":"<figure id=\"attachment_44282\" aria-describedby=\"caption-attachment-44282\" style=\"width: 1170px\" class=\"wp-caption alignnone\"><img loading=\"lazy\" decoding=\"async\" class=\"wp-image-44282 size-full\" src=\"https:\/\/jornalboasnoticias.com.br\/home\/wp-content\/uploads\/2024\/10\/real_moeda_dinheiro_mcajr_2904223671.webp\" alt=\"\" width=\"1170\" height=\"700\" srcset=\"https:\/\/jornalboasnoticias.com.br\/home\/wp-content\/uploads\/2024\/10\/real_moeda_dinheiro_mcajr_2904223671.webp 1170w, https:\/\/jornalboasnoticias.com.br\/home\/wp-content\/uploads\/2024\/10\/real_moeda_dinheiro_mcajr_2904223671-300x179.webp 300w, https:\/\/jornalboasnoticias.com.br\/home\/wp-content\/uploads\/2024\/10\/real_moeda_dinheiro_mcajr_2904223671-1024x613.webp 1024w, https:\/\/jornalboasnoticias.com.br\/home\/wp-content\/uploads\/2024\/10\/real_moeda_dinheiro_mcajr_2904223671-768x459.webp 768w\" sizes=\"auto, (max-width: 1170px) 100vw, 1170px\" \/><figcaption id=\"caption-attachment-44282\" class=\"wp-caption-text\">\u00a9 Marcello Casal Jr\/Ag\u00eancia Brasil\/Arquivo<\/figcaption><\/figure>\n<p>O mercado financeiro aumentou as proje\u00e7\u00f5es de crescimento da economia e da infla\u00e7\u00e3o para este ano. A edi\u00e7\u00e3o desta segunda-feira (14) do Boletim Focus &#8211; emitido pelo Banco Central &#8211; aponta que o crescimento do Produto Interno Bruto (PIB) dever\u00e1 ficar em 3,01%, um pouco acima dos 3% projetados na semana passada. J\u00e1 a infla\u00e7\u00e3o &#8211; medida pelo \u00cdndice Nacional de Pre\u00e7os ao Consumidor Amplo (IPCA) &#8211; foi projetada em 4,39%, ante os 4,38% da semana passada.<img decoding=\"async\" src=\"https:\/\/agenciabrasil.ebc.com.br\/ebc.png?id=1615306&amp;o=node\" \/><img decoding=\"async\" src=\"https:\/\/agenciabrasil.ebc.com.br\/ebc.gif?id=1615306&amp;o=node\" \/><\/p>\n<p>A pesquisa Focus \u00e9 realizada com economistas e \u00e9 divulgada semanalmente pelo Banco Central. Para 2025, a publica\u00e7\u00e3o manteve a proje\u00e7\u00e3o de crescimento do PIB &#8211; a soma dos bens e servi\u00e7os produzidos no pa\u00eds \u2013 da semana passada. Segundo o mercado financeiro, o PIB no pr\u00f3ximo ano deve ficar em 1,93%. Para 2025 e 2026, a\u00a0proje\u00e7\u00e3o de expans\u00e3o do PIB \u00e9 de 2% para os dois anos.<\/p>\n<p>Em 2023, tamb\u00e9m superando as proje\u00e7\u00f5es,\u00a0<a href=\"https:\/\/agenciabrasil.ebc.com.br\/economia\/noticia\/2024-03\/economia-brasileira-cresce-29-em-2023\" target=\"_blank\" rel=\"noopener\">a economia brasileira cresceu 2,9%<\/a>, com um valor total de R$ 10,9 trilh\u00f5es, de acordo com o Instituto Brasileiro de Geografia e Estat\u00edstica (IBGE). Em 2022, a taxa de crescimento havia sido de 3%.<\/p>\n<h2>Infla\u00e7\u00e3o<\/h2>\n<p>A previs\u00e3o do IPCA &#8211; considerado a infla\u00e7\u00e3o oficial do pa\u00eds \u2013 para 2025 caiu, passando de 3,97% na semana passada para 3,96% esta semana. Para 2026 e 2027, as previs\u00f5es tamb\u00e9m s\u00e3o de 3,6% e 3,5%, respectivamente.<\/p>\n<p>A estimativa para 2024 est\u00e1 acima da meta de infla\u00e7\u00e3o, mas ainda dentro da margem de toler\u00e2ncia que deve ser perseguida pelo BC. Definida pelo Conselho Monet\u00e1rio Nacional (CMN), a meta \u00e9 de 3% para este ano, com intervalo de toler\u00e2ncia de 1,5 ponto percentual para cima ou para baixo. Ou seja, o limite inferior \u00e9 1,5% e o superior, 4,5%.<\/p>\n<p>A partir de 2025, entrar\u00e1 em vigor o\u00a0<a href=\"https:\/\/agenciabrasil.ebc.com.br\/economia\/noticia\/2024-06\/bc-descumprira-meta-se-inflacao-ficar-fora-do-alvo-por-seis-meses\" target=\"_blank\" rel=\"noopener\">sistema de meta cont\u00ednua<\/a>\u00a0e, assim, o CMN n\u00e3o precisa mais definir uma meta de infla\u00e7\u00e3o a cada ano. O colegiado fixou o centro da meta cont\u00ednua em 3%, com margem de toler\u00e2ncia de 1,5 ponto percentual para cima ou para baixo.<\/p>\n<p>Em setembro, puxado principalmente pelo gasto com a conta de energia el\u00e9trica das resid\u00eancias,<a href=\"https:\/\/agenciabrasil.ebc.com.br\/economia\/noticia\/2024-10\/ipca-registra-alta-de-044-em-setembro\" target=\"_blank\" rel=\"noopener\">\u00a0o IPCA registrou alta de 0,44%<\/a>. O aumento foi de 0,46 ponto percentual em rela\u00e7\u00e3o ao m\u00eas anterior (-0,02%), influenciado pelo grupo habita\u00e7\u00e3o (1,8%), que contabiliza o reajuste nas tarifas de energia el\u00e9trica residencial.<\/p>\n<p>No per\u00edodo, o gasto com o consumo de energia passou de -2,77% em agosto para 5,36% em setembro. O grupo alimenta\u00e7\u00e3o e bebidas tamb\u00e9m contribuiu para a acelerada do IPCA (0,5%), que registrou aumento ap\u00f3s dois meses de quedas seguidas.<\/p>\n<p>Para o ano, o acumulado da infla\u00e7\u00e3o \u00e9 de 3,31%, sendo que &#8211; nos \u00faltimos 12 meses &#8211; o \u00edndice est\u00e1 em 4,42%.<\/p>\n<h2>Taxa de juros<\/h2>\n<p>Em rela\u00e7\u00e3o \u00e0 taxa b\u00e1sica de juros, a Selic, o Focus manteve a proje\u00e7\u00e3o da semana passada de que a taxa termine 2024 em 11,75%. Para 2025, a proje\u00e7\u00e3o do mercado financeiro \u00e9 que a Selic fique em 11%. Para 2026 e 2027, as proje\u00e7\u00f5es s\u00e3o de que ela fique em 9,5% e 9%, respectivamente.<\/p>\n<p>Para alcan\u00e7ar a meta de infla\u00e7\u00e3o, o Banco Central usa como principal instrumento a taxa b\u00e1sica de juros, a Selic, definida em 10,75% ao ano pelo Comit\u00ea de Pol\u00edtica Monet\u00e1ria (Copom). A alta recente do d\u00f3lar e as incertezas em torno da infla\u00e7\u00e3o fizeram o colegiado\u00a0<a href=\"https:\/\/agenciabrasil.ebc.com.br\/economia\/noticia\/2024-09\/copom-eleva-juros-basicos-da-economia-para-1075-ao-ano%2C\" target=\"_blank\" rel=\"noopener\">elevar os juros<\/a>\u00a0pela primeira vez em mais de dois anos, na \u00faltima reuni\u00e3o, em setembro.<\/p>\n<p>A \u00faltima alta dos juros ocorreu em agosto de 2022, quando a taxa subiu de 13,25% para 13,75% ao ano. Ap\u00f3s passar um ano nesse n\u00edvel, a taxa teve seis cortes de 0,5 ponto e um corte de 0,25 ponto, entre agosto do ano passado e maio deste ano. Nas reuni\u00f5es de junho e julho, o Copom decidiu manter a taxa em 10,5% ao ano.<\/p>\n<h2>Taxa b\u00e1sica<\/h2>\n<p>A pr\u00f3xima reuni\u00e3o do Copom est\u00e1 marcada para 5 e 6 de novembro, quando os analistas esperam um novo aumento da taxa b\u00e1sica. Para o mercado financeiro, a Selic deve encerrar 2024 em 11,75% ao ano.<\/p>\n<p>Quando o Copom aumenta a taxa b\u00e1sica de juros a finalidade \u00e9 conter a demanda aquecida, e isso causa reflexos nos pre\u00e7os porque os juros mais altos encarecem o cr\u00e9dito e estimulam a poupan\u00e7a. Mas, al\u00e9m da Selic, os bancos consideram outros fatores na hora de definir os juros cobrados dos consumidores, como risco de inadimpl\u00eancia, lucro e despesas administrativas. Desse modo, taxas mais altas tamb\u00e9m podem dificultar a expans\u00e3o da economia.<\/p>\n<p>Quando a taxa Selic \u00e9 reduzida, a tend\u00eancia \u00e9 que o cr\u00e9dito fique mais barato, com incentivo \u00e0 produ\u00e7\u00e3o e ao consumo, reduzindo o controle sobre a infla\u00e7\u00e3o e estimulando a atividade econ\u00f4mica.<\/p>\n<h2>C\u00e2mbio<\/h2>\n<p>Em rela\u00e7\u00e3o ao c\u00e2mbio, a previs\u00e3o de cota\u00e7\u00e3o do d\u00f3lar ficou em R$ 5,40 para o fim deste ano. No fim de 2025, a previs\u00e3o \u00e9 que a moeda norte-americana se mantenha em R$ 5,40. Para 2026, o c\u00e2mbio deve ficar, de acordo com o Focus, em R$ 5,30, a mesma proje\u00e7\u00e3o para 2027.<\/p>\n<p>(Ag\u00eancia Brasil)<\/p>\n","protected":false},"excerpt":{"rendered":"<p>O mercado financeiro aumentou as proje\u00e7\u00f5es de crescimento da economia e da infla\u00e7\u00e3o para este<\/p>\n","protected":false},"author":4,"featured_media":44282,"comment_status":"open","ping_status":"open","sticky":false,"template":"","format":"standard","meta":{"footnotes":""},"categories":[3,5],"tags":[],"class_list":["post-44281","post","type-post","status-publish","format-standard","has-post-thumbnail","hentry","category-destaques","category-economia"],"yoast_head":"<!-- This site is optimized with the Yoast SEO plugin v27.5 - https:\/\/yoast.com\/product\/yoast-seo-wordpress\/ -->\n<title>Mercado financeiro eleva proje\u00e7\u00e3o de expans\u00e3o da economia - Jornal<\/title>\n<meta name=\"description\" content=\"Mercado financeiro eleva proje\u00e7\u00e3o de expans\u00e3o da economia\" \/>\n<meta name=\"robots\" content=\"index, follow, max-snippet:-1, max-image-preview:large, max-video-preview:-1\" \/>\n<link rel=\"canonical\" href=\"https:\/\/jornalboasnoticias.com.br\/home\/mercado-financeiro-eleva-projecao-de-expansao-da-economia\/\" \/>\n<meta property=\"og:locale\" content=\"pt_BR\" \/>\n<meta property=\"og:type\" content=\"article\" \/>\n<meta property=\"og:title\" content=\"Mercado financeiro eleva proje\u00e7\u00e3o de expans\u00e3o da economia - Jornal\" \/>\n<meta property=\"og:description\" content=\"Mercado financeiro eleva proje\u00e7\u00e3o de expans\u00e3o da economia\" \/>\n<meta property=\"og:url\" content=\"https:\/\/jornalboasnoticias.com.br\/home\/mercado-financeiro-eleva-projecao-de-expansao-da-economia\/\" \/>\n<meta property=\"og:site_name\" content=\"Jornal\" \/>\n<meta property=\"article:publisher\" content=\"https:\/\/www.facebook.com\/boasnoticiasjornal\" \/>\n<meta property=\"article:published_time\" content=\"2024-10-14T17:03:30+00:00\" \/>\n<meta property=\"og:image\" content=\"https:\/\/jornalboasnoticias.com.br\/home\/wp-content\/uploads\/2024\/10\/real_moeda_dinheiro_mcajr_2904223671.webp\" \/>\n\t<meta property=\"og:image:width\" content=\"1170\" \/>\n\t<meta property=\"og:image:height\" content=\"700\" \/>\n\t<meta property=\"og:image:type\" content=\"image\/webp\" \/>\n<meta name=\"author\" content=\"Ana Luiza Bonatto\" \/>\n<meta name=\"twitter:card\" content=\"summary_large_image\" \/>\n<meta name=\"twitter:label1\" content=\"Escrito por\" \/>\n\t<meta name=\"twitter:data1\" content=\"Ana Luiza Bonatto\" \/>\n\t<meta name=\"twitter:label2\" content=\"Est. tempo de leitura\" \/>\n\t<meta name=\"twitter:data2\" content=\"6 minutos\" \/>\n<script type=\"application\/ld+json\" class=\"yoast-schema-graph\">{\"@context\":\"https:\\\/\\\/schema.org\",\"@graph\":[{\"@type\":\"Article\",\"@id\":\"https:\\\/\\\/jornalboasnoticias.com.br\\\/home\\\/mercado-financeiro-eleva-projecao-de-expansao-da-economia\\\/#article\",\"isPartOf\":{\"@id\":\"https:\\\/\\\/jornalboasnoticias.com.br\\\/home\\\/mercado-financeiro-eleva-projecao-de-expansao-da-economia\\\/\"},\"author\":{\"name\":\"Ana Luiza Bonatto\",\"@id\":\"https:\\\/\\\/jornalboasnoticias.com.br\\\/home\\\/#\\\/schema\\\/person\\\/d641193e0afc6405b390164dac847971\"},\"headline\":\"Mercado financeiro eleva proje\u00e7\u00e3o de expans\u00e3o da economia\",\"datePublished\":\"2024-10-14T17:03:30+00:00\",\"mainEntityOfPage\":{\"@id\":\"https:\\\/\\\/jornalboasnoticias.com.br\\\/home\\\/mercado-financeiro-eleva-projecao-de-expansao-da-economia\\\/\"},\"wordCount\":865,\"commentCount\":0,\"publisher\":{\"@id\":\"https:\\\/\\\/jornalboasnoticias.com.br\\\/home\\\/#organization\"},\"image\":{\"@id\":\"https:\\\/\\\/jornalboasnoticias.com.br\\\/home\\\/mercado-financeiro-eleva-projecao-de-expansao-da-economia\\\/#primaryimage\"},\"thumbnailUrl\":\"https:\\\/\\\/jornalboasnoticias.com.br\\\/home\\\/wp-content\\\/uploads\\\/2024\\\/10\\\/real_moeda_dinheiro_mcajr_2904223671.webp\",\"articleSection\":[\"DESTAQUE\",\"ECONOMIA\"],\"inLanguage\":\"pt-BR\",\"potentialAction\":[{\"@type\":\"CommentAction\",\"name\":\"Comment\",\"target\":[\"https:\\\/\\\/jornalboasnoticias.com.br\\\/home\\\/mercado-financeiro-eleva-projecao-de-expansao-da-economia\\\/#respond\"]}]},{\"@type\":\"WebPage\",\"@id\":\"https:\\\/\\\/jornalboasnoticias.com.br\\\/home\\\/mercado-financeiro-eleva-projecao-de-expansao-da-economia\\\/\",\"url\":\"https:\\\/\\\/jornalboasnoticias.com.br\\\/home\\\/mercado-financeiro-eleva-projecao-de-expansao-da-economia\\\/\",\"name\":\"Mercado financeiro eleva proje\u00e7\u00e3o de expans\u00e3o da economia - Jornal\",\"isPartOf\":{\"@id\":\"https:\\\/\\\/jornalboasnoticias.com.br\\\/home\\\/#website\"},\"primaryImageOfPage\":{\"@id\":\"https:\\\/\\\/jornalboasnoticias.com.br\\\/home\\\/mercado-financeiro-eleva-projecao-de-expansao-da-economia\\\/#primaryimage\"},\"image\":{\"@id\":\"https:\\\/\\\/jornalboasnoticias.com.br\\\/home\\\/mercado-financeiro-eleva-projecao-de-expansao-da-economia\\\/#primaryimage\"},\"thumbnailUrl\":\"https:\\\/\\\/jornalboasnoticias.com.br\\\/home\\\/wp-content\\\/uploads\\\/2024\\\/10\\\/real_moeda_dinheiro_mcajr_2904223671.webp\",\"datePublished\":\"2024-10-14T17:03:30+00:00\",\"description\":\"Mercado financeiro eleva proje\u00e7\u00e3o de expans\u00e3o da economia\",\"breadcrumb\":{\"@id\":\"https:\\\/\\\/jornalboasnoticias.com.br\\\/home\\\/mercado-financeiro-eleva-projecao-de-expansao-da-economia\\\/#breadcrumb\"},\"inLanguage\":\"pt-BR\",\"potentialAction\":[{\"@type\":\"ReadAction\",\"target\":[\"https:\\\/\\\/jornalboasnoticias.com.br\\\/home\\\/mercado-financeiro-eleva-projecao-de-expansao-da-economia\\\/\"]}]},{\"@type\":\"ImageObject\",\"inLanguage\":\"pt-BR\",\"@id\":\"https:\\\/\\\/jornalboasnoticias.com.br\\\/home\\\/mercado-financeiro-eleva-projecao-de-expansao-da-economia\\\/#primaryimage\",\"url\":\"https:\\\/\\\/jornalboasnoticias.com.br\\\/home\\\/wp-content\\\/uploads\\\/2024\\\/10\\\/real_moeda_dinheiro_mcajr_2904223671.webp\",\"contentUrl\":\"https:\\\/\\\/jornalboasnoticias.com.br\\\/home\\\/wp-content\\\/uploads\\\/2024\\\/10\\\/real_moeda_dinheiro_mcajr_2904223671.webp\",\"width\":1170,\"height\":700},{\"@type\":\"BreadcrumbList\",\"@id\":\"https:\\\/\\\/jornalboasnoticias.com.br\\\/home\\\/mercado-financeiro-eleva-projecao-de-expansao-da-economia\\\/#breadcrumb\",\"itemListElement\":[{\"@type\":\"ListItem\",\"position\":1,\"name\":\"In\u00edcio\",\"item\":\"https:\\\/\\\/jornalboasnoticias.com.br\\\/home\\\/\"},{\"@type\":\"ListItem\",\"position\":2,\"name\":\"Mercado financeiro eleva proje\u00e7\u00e3o de expans\u00e3o da economia\"}]},{\"@type\":\"WebSite\",\"@id\":\"https:\\\/\\\/jornalboasnoticias.com.br\\\/home\\\/#website\",\"url\":\"https:\\\/\\\/jornalboasnoticias.com.br\\\/home\\\/\",\"name\":\"Jornal Boas Not\u00edcias\",\"description\":\"Boas not\u00edcias\",\"publisher\":{\"@id\":\"https:\\\/\\\/jornalboasnoticias.com.br\\\/home\\\/#organization\"},\"potentialAction\":[{\"@type\":\"SearchAction\",\"target\":{\"@type\":\"EntryPoint\",\"urlTemplate\":\"https:\\\/\\\/jornalboasnoticias.com.br\\\/home\\\/?s={search_term_string}\"},\"query-input\":{\"@type\":\"PropertyValueSpecification\",\"valueRequired\":true,\"valueName\":\"search_term_string\"}}],\"inLanguage\":\"pt-BR\"},{\"@type\":\"Organization\",\"@id\":\"https:\\\/\\\/jornalboasnoticias.com.br\\\/home\\\/#organization\",\"name\":\"Coq Editora Ltda\",\"alternateName\":\"Jornal Boas Noticias\",\"url\":\"https:\\\/\\\/jornalboasnoticias.com.br\\\/home\\\/\",\"logo\":{\"@type\":\"ImageObject\",\"inLanguage\":\"pt-BR\",\"@id\":\"https:\\\/\\\/jornalboasnoticias.com.br\\\/home\\\/#\\\/schema\\\/logo\\\/image\\\/\",\"url\":\"https:\\\/\\\/jornalboasnoticias.com.br\\\/home\\\/wp-content\\\/uploads\\\/2024\\\/07\\\/cropped-logo.jpg\",\"contentUrl\":\"https:\\\/\\\/jornalboasnoticias.com.br\\\/home\\\/wp-content\\\/uploads\\\/2024\\\/07\\\/cropped-logo.jpg\",\"width\":290,\"height\":142,\"caption\":\"Coq Editora Ltda\"},\"image\":{\"@id\":\"https:\\\/\\\/jornalboasnoticias.com.br\\\/home\\\/#\\\/schema\\\/logo\\\/image\\\/\"},\"sameAs\":[\"https:\\\/\\\/www.facebook.com\\\/boasnoticiasjornal\"]},{\"@type\":\"Person\",\"@id\":\"https:\\\/\\\/jornalboasnoticias.com.br\\\/home\\\/#\\\/schema\\\/person\\\/d641193e0afc6405b390164dac847971\",\"name\":\"Ana Luiza Bonatto\",\"image\":{\"@type\":\"ImageObject\",\"inLanguage\":\"pt-BR\",\"@id\":\"https:\\\/\\\/secure.gravatar.com\\\/avatar\\\/8a055ebe6373371f67ac6fcf313c0ac0b0a91157fdcdb9514fa62927373348f0?s=96&d=mm&r=g\",\"url\":\"https:\\\/\\\/secure.gravatar.com\\\/avatar\\\/8a055ebe6373371f67ac6fcf313c0ac0b0a91157fdcdb9514fa62927373348f0?s=96&d=mm&r=g\",\"contentUrl\":\"https:\\\/\\\/secure.gravatar.com\\\/avatar\\\/8a055ebe6373371f67ac6fcf313c0ac0b0a91157fdcdb9514fa62927373348f0?s=96&d=mm&r=g\",\"caption\":\"Ana Luiza Bonatto\"},\"url\":\"https:\\\/\\\/jornalboasnoticias.com.br\\\/home\\\/author\\\/ana-luiza\\\/\"}]}<\/script>\n<!-- \/ Yoast SEO plugin. -->","yoast_head_json":{"title":"Mercado financeiro eleva proje\u00e7\u00e3o de expans\u00e3o da economia - Jornal","description":"Mercado financeiro eleva proje\u00e7\u00e3o de expans\u00e3o da economia","robots":{"index":"index","follow":"follow","max-snippet":"max-snippet:-1","max-image-preview":"max-image-preview:large","max-video-preview":"max-video-preview:-1"},"canonical":"https:\/\/jornalboasnoticias.com.br\/home\/mercado-financeiro-eleva-projecao-de-expansao-da-economia\/","og_locale":"pt_BR","og_type":"article","og_title":"Mercado financeiro eleva proje\u00e7\u00e3o de expans\u00e3o da economia - Jornal","og_description":"Mercado financeiro eleva proje\u00e7\u00e3o de expans\u00e3o da economia","og_url":"https:\/\/jornalboasnoticias.com.br\/home\/mercado-financeiro-eleva-projecao-de-expansao-da-economia\/","og_site_name":"Jornal","article_publisher":"https:\/\/www.facebook.com\/boasnoticiasjornal","article_published_time":"2024-10-14T17:03:30+00:00","og_image":[{"width":1170,"height":700,"url":"https:\/\/jornalboasnoticias.com.br\/home\/wp-content\/uploads\/2024\/10\/real_moeda_dinheiro_mcajr_2904223671.webp","type":"image\/webp"}],"author":"Ana Luiza Bonatto","twitter_card":"summary_large_image","twitter_misc":{"Escrito por":"Ana Luiza Bonatto","Est. tempo de leitura":"6 minutos"},"schema":{"@context":"https:\/\/schema.org","@graph":[{"@type":"Article","@id":"https:\/\/jornalboasnoticias.com.br\/home\/mercado-financeiro-eleva-projecao-de-expansao-da-economia\/#article","isPartOf":{"@id":"https:\/\/jornalboasnoticias.com.br\/home\/mercado-financeiro-eleva-projecao-de-expansao-da-economia\/"},"author":{"name":"Ana Luiza Bonatto","@id":"https:\/\/jornalboasnoticias.com.br\/home\/#\/schema\/person\/d641193e0afc6405b390164dac847971"},"headline":"Mercado financeiro eleva proje\u00e7\u00e3o de expans\u00e3o da economia","datePublished":"2024-10-14T17:03:30+00:00","mainEntityOfPage":{"@id":"https:\/\/jornalboasnoticias.com.br\/home\/mercado-financeiro-eleva-projecao-de-expansao-da-economia\/"},"wordCount":865,"commentCount":0,"publisher":{"@id":"https:\/\/jornalboasnoticias.com.br\/home\/#organization"},"image":{"@id":"https:\/\/jornalboasnoticias.com.br\/home\/mercado-financeiro-eleva-projecao-de-expansao-da-economia\/#primaryimage"},"thumbnailUrl":"https:\/\/jornalboasnoticias.com.br\/home\/wp-content\/uploads\/2024\/10\/real_moeda_dinheiro_mcajr_2904223671.webp","articleSection":["DESTAQUE","ECONOMIA"],"inLanguage":"pt-BR","potentialAction":[{"@type":"CommentAction","name":"Comment","target":["https:\/\/jornalboasnoticias.com.br\/home\/mercado-financeiro-eleva-projecao-de-expansao-da-economia\/#respond"]}]},{"@type":"WebPage","@id":"https:\/\/jornalboasnoticias.com.br\/home\/mercado-financeiro-eleva-projecao-de-expansao-da-economia\/","url":"https:\/\/jornalboasnoticias.com.br\/home\/mercado-financeiro-eleva-projecao-de-expansao-da-economia\/","name":"Mercado financeiro eleva proje\u00e7\u00e3o de expans\u00e3o da economia - Jornal","isPartOf":{"@id":"https:\/\/jornalboasnoticias.com.br\/home\/#website"},"primaryImageOfPage":{"@id":"https:\/\/jornalboasnoticias.com.br\/home\/mercado-financeiro-eleva-projecao-de-expansao-da-economia\/#primaryimage"},"image":{"@id":"https:\/\/jornalboasnoticias.com.br\/home\/mercado-financeiro-eleva-projecao-de-expansao-da-economia\/#primaryimage"},"thumbnailUrl":"https:\/\/jornalboasnoticias.com.br\/home\/wp-content\/uploads\/2024\/10\/real_moeda_dinheiro_mcajr_2904223671.webp","datePublished":"2024-10-14T17:03:30+00:00","description":"Mercado financeiro eleva proje\u00e7\u00e3o de expans\u00e3o da economia","breadcrumb":{"@id":"https:\/\/jornalboasnoticias.com.br\/home\/mercado-financeiro-eleva-projecao-de-expansao-da-economia\/#breadcrumb"},"inLanguage":"pt-BR","potentialAction":[{"@type":"ReadAction","target":["https:\/\/jornalboasnoticias.com.br\/home\/mercado-financeiro-eleva-projecao-de-expansao-da-economia\/"]}]},{"@type":"ImageObject","inLanguage":"pt-BR","@id":"https:\/\/jornalboasnoticias.com.br\/home\/mercado-financeiro-eleva-projecao-de-expansao-da-economia\/#primaryimage","url":"https:\/\/jornalboasnoticias.com.br\/home\/wp-content\/uploads\/2024\/10\/real_moeda_dinheiro_mcajr_2904223671.webp","contentUrl":"https:\/\/jornalboasnoticias.com.br\/home\/wp-content\/uploads\/2024\/10\/real_moeda_dinheiro_mcajr_2904223671.webp","width":1170,"height":700},{"@type":"BreadcrumbList","@id":"https:\/\/jornalboasnoticias.com.br\/home\/mercado-financeiro-eleva-projecao-de-expansao-da-economia\/#breadcrumb","itemListElement":[{"@type":"ListItem","position":1,"name":"In\u00edcio","item":"https:\/\/jornalboasnoticias.com.br\/home\/"},{"@type":"ListItem","position":2,"name":"Mercado financeiro eleva proje\u00e7\u00e3o de expans\u00e3o da economia"}]},{"@type":"WebSite","@id":"https:\/\/jornalboasnoticias.com.br\/home\/#website","url":"https:\/\/jornalboasnoticias.com.br\/home\/","name":"Jornal Boas Not\u00edcias","description":"Boas not\u00edcias","publisher":{"@id":"https:\/\/jornalboasnoticias.com.br\/home\/#organization"},"potentialAction":[{"@type":"SearchAction","target":{"@type":"EntryPoint","urlTemplate":"https:\/\/jornalboasnoticias.com.br\/home\/?s={search_term_string}"},"query-input":{"@type":"PropertyValueSpecification","valueRequired":true,"valueName":"search_term_string"}}],"inLanguage":"pt-BR"},{"@type":"Organization","@id":"https:\/\/jornalboasnoticias.com.br\/home\/#organization","name":"Coq Editora Ltda","alternateName":"Jornal Boas Noticias","url":"https:\/\/jornalboasnoticias.com.br\/home\/","logo":{"@type":"ImageObject","inLanguage":"pt-BR","@id":"https:\/\/jornalboasnoticias.com.br\/home\/#\/schema\/logo\/image\/","url":"https:\/\/jornalboasnoticias.com.br\/home\/wp-content\/uploads\/2024\/07\/cropped-logo.jpg","contentUrl":"https:\/\/jornalboasnoticias.com.br\/home\/wp-content\/uploads\/2024\/07\/cropped-logo.jpg","width":290,"height":142,"caption":"Coq Editora Ltda"},"image":{"@id":"https:\/\/jornalboasnoticias.com.br\/home\/#\/schema\/logo\/image\/"},"sameAs":["https:\/\/www.facebook.com\/boasnoticiasjornal"]},{"@type":"Person","@id":"https:\/\/jornalboasnoticias.com.br\/home\/#\/schema\/person\/d641193e0afc6405b390164dac847971","name":"Ana Luiza Bonatto","image":{"@type":"ImageObject","inLanguage":"pt-BR","@id":"https:\/\/secure.gravatar.com\/avatar\/8a055ebe6373371f67ac6fcf313c0ac0b0a91157fdcdb9514fa62927373348f0?s=96&d=mm&r=g","url":"https:\/\/secure.gravatar.com\/avatar\/8a055ebe6373371f67ac6fcf313c0ac0b0a91157fdcdb9514fa62927373348f0?s=96&d=mm&r=g","contentUrl":"https:\/\/secure.gravatar.com\/avatar\/8a055ebe6373371f67ac6fcf313c0ac0b0a91157fdcdb9514fa62927373348f0?s=96&d=mm&r=g","caption":"Ana Luiza Bonatto"},"url":"https:\/\/jornalboasnoticias.com.br\/home\/author\/ana-luiza\/"}]}},"_links":{"self":[{"href":"https:\/\/jornalboasnoticias.com.br\/home\/wp-json\/wp\/v2\/posts\/44281","targetHints":{"allow":["GET"]}}],"collection":[{"href":"https:\/\/jornalboasnoticias.com.br\/home\/wp-json\/wp\/v2\/posts"}],"about":[{"href":"https:\/\/jornalboasnoticias.com.br\/home\/wp-json\/wp\/v2\/types\/post"}],"author":[{"embeddable":true,"href":"https:\/\/jornalboasnoticias.com.br\/home\/wp-json\/wp\/v2\/users\/4"}],"replies":[{"embeddable":true,"href":"https:\/\/jornalboasnoticias.com.br\/home\/wp-json\/wp\/v2\/comments?post=44281"}],"version-history":[{"count":1,"href":"https:\/\/jornalboasnoticias.com.br\/home\/wp-json\/wp\/v2\/posts\/44281\/revisions"}],"predecessor-version":[{"id":44283,"href":"https:\/\/jornalboasnoticias.com.br\/home\/wp-json\/wp\/v2\/posts\/44281\/revisions\/44283"}],"wp:featuredmedia":[{"embeddable":true,"href":"https:\/\/jornalboasnoticias.com.br\/home\/wp-json\/wp\/v2\/media\/44282"}],"wp:attachment":[{"href":"https:\/\/jornalboasnoticias.com.br\/home\/wp-json\/wp\/v2\/media?parent=44281"}],"wp:term":[{"taxonomy":"category","embeddable":true,"href":"https:\/\/jornalboasnoticias.com.br\/home\/wp-json\/wp\/v2\/categories?post=44281"},{"taxonomy":"post_tag","embeddable":true,"href":"https:\/\/jornalboasnoticias.com.br\/home\/wp-json\/wp\/v2\/tags?post=44281"}],"curies":[{"name":"wp","href":"https:\/\/api.w.org\/{rel}","templated":true}]}}