{"id":44278,"date":"2024-10-14T17:01:51","date_gmt":"2024-10-14T17:01:51","guid":{"rendered":"https:\/\/jornalboasnoticias.com.br\/home\/?p=44278"},"modified":"2024-10-14T17:01:51","modified_gmt":"2024-10-14T17:01:51","slug":"navio-que-bateu-na-ponte-rio-niteroi-em-2022-deixa-rio-de-janeiro","status":"publish","type":"post","link":"https:\/\/jornalboasnoticias.com.br\/home\/navio-que-bateu-na-ponte-rio-niteroi-em-2022-deixa-rio-de-janeiro\/","title":{"rendered":"Navio que bateu na Ponte Rio-Niter\u00f3i em 2022 deixa Rio de Janeiro"},"content":{"rendered":"<figure id=\"attachment_44279\" aria-describedby=\"caption-attachment-44279\" style=\"width: 1170px\" class=\"wp-caption alignnone\"><img loading=\"lazy\" decoding=\"async\" class=\"size-full wp-image-44279\" src=\"https:\/\/jornalboasnoticias.com.br\/home\/wp-content\/uploads\/2024\/10\/paqueta_censo_2022090620210075-1.webp\" alt=\"\" width=\"1170\" height=\"700\" srcset=\"https:\/\/jornalboasnoticias.com.br\/home\/wp-content\/uploads\/2024\/10\/paqueta_censo_2022090620210075-1.webp 1170w, https:\/\/jornalboasnoticias.com.br\/home\/wp-content\/uploads\/2024\/10\/paqueta_censo_2022090620210075-1-300x179.webp 300w, https:\/\/jornalboasnoticias.com.br\/home\/wp-content\/uploads\/2024\/10\/paqueta_censo_2022090620210075-1-1024x613.webp 1024w, https:\/\/jornalboasnoticias.com.br\/home\/wp-content\/uploads\/2024\/10\/paqueta_censo_2022090620210075-1-768x459.webp 768w\" sizes=\"auto, (max-width: 1170px) 100vw, 1170px\" \/><figcaption id=\"caption-attachment-44279\" class=\"wp-caption-text\">\u00a9 T\u00e2nia R\u00eago\/Ag\u00eancia Brasil<\/figcaption><\/figure>\n<div class=\"header-noticia full-width\">\n<blockquote>\n<div class=\"linha-fina-noticia\">Sa\u00edda da embarca\u00e7\u00e3o do porto durou quatro horas e meia<\/div>\n<\/blockquote>\n<div>\n<p>O\u00a0<a href=\"http:\/\/xn--navio%20colide%20com%20ponte%20rio-niteri%20e%20provoca%20fechamento%20da%20via-9sh\/\" target=\"_blank\" rel=\"noopener\">navio graneleiro NM Luiz<\/a>, anteriormente conhecido como S\u00e3o Luiz, deixou o Porto do Rio de Janeiro no \u00faltimo domingo (13), depois de dois anos ancorado no local. A embarca\u00e7\u00e3o havia colidido com a Ponte Rio-Niter\u00f3i em novembro de 2022 e aguardava, ancorada, a decis\u00e3o de um processo judicial iniciado antes mesmo do incidente.<img decoding=\"async\" src=\"https:\/\/agenciabrasil.ebc.com.br\/ebc.png?id=1615308&amp;o=node\" \/><img decoding=\"async\" src=\"https:\/\/agenciabrasil.ebc.com.br\/ebc.gif?id=1615308&amp;o=node\" \/><\/p>\n<p>Antes da colis\u00e3o com a ponte, o navio estava fundeado h\u00e1 seis anos, na Ba\u00eda de Guanabara. O incidente foi provocado depois de uma ventania romper as amarras e deixar a embarca\u00e7\u00e3o \u00e0 deriva.<\/p>\n<p>A colis\u00e3o n\u00e3o deixou danos estruturais \u00e0 Ponte Rio-Niter\u00f3i, mas fez com que o tr\u00e2nsito de ve\u00edculos fosse interrompido por v\u00e1rias horas.<\/p>\n<p>A a\u00e7\u00e3o judicial havia sido iniciada a pedido da Companhia Docas do Rio de Janeiro. Em 2021, a Justi\u00e7a j\u00e1 havia determinado que a empresa Navega\u00e7\u00e3o Mansur, propriet\u00e1ria do navio,\u00a0<a href=\"https:\/\/agenciabrasil.ebc.com.br\/geral\/noticia\/2022-11\/juiz-ordenou-em-2021-remocao-de-navio-que-bateu-na-ponte-rio-niteroi\" target=\"_blank\" rel=\"noopener\">retirasse a embarca\u00e7\u00e3o da Ba\u00eda de Guanabara<\/a>.<\/p>\n<p>A opera\u00e7\u00e3o que envolveu a sa\u00edda da embarca\u00e7\u00e3o do porto durou quatro horas e meia. O navio foi adquirido em leil\u00e3o pela empresa turca Rota\u00a0<em>Shipping<\/em>\u00a0e agora segue viagem, escoltado por rebocadores oce\u00e2nicos, rumo \u00e0 Turquia.<\/p>\n<p>(Ag\u00eancia Brasil)<\/p>\n<\/div>\n<\/div>\n<div class=\"subheader\">\n<div class=\"container-autoria\"><\/div>\n<\/div>\n","protected":false},"excerpt":{"rendered":"<p>Sa\u00edda da embarca\u00e7\u00e3o do porto durou quatro horas e meia O\u00a0navio graneleiro NM Luiz, anteriormente<\/p>\n","protected":false},"author":4,"featured_media":44279,"comment_status":"open","ping_status":"open","sticky":false,"template":"","format":"standard","meta":{"footnotes":""},"categories":[26],"tags":[],"class_list":["post-44278","post","type-post","status-publish","format-standard","has-post-thumbnail","hentry","category-geral"],"yoast_head":"<!-- This site is optimized with the Yoast SEO plugin v27.5 - https:\/\/yoast.com\/product\/yoast-seo-wordpress\/ -->\n<title>Navio que bateu na Ponte Rio-Niter\u00f3i em 2022 deixa Rio de Janeiro - Jornal<\/title>\n<meta name=\"description\" content=\"Navio que bateu na Ponte Rio-Niter\u00f3i em 2022 deixa Rio de Janeiro\" \/>\n<meta name=\"robots\" content=\"index, follow, max-snippet:-1, max-image-preview:large, max-video-preview:-1\" \/>\n<link rel=\"canonical\" href=\"https:\/\/jornalboasnoticias.com.br\/home\/navio-que-bateu-na-ponte-rio-niteroi-em-2022-deixa-rio-de-janeiro\/\" \/>\n<meta property=\"og:locale\" content=\"pt_BR\" \/>\n<meta property=\"og:type\" content=\"article\" \/>\n<meta property=\"og:title\" content=\"Navio que bateu na Ponte Rio-Niter\u00f3i em 2022 deixa Rio de Janeiro - Jornal\" \/>\n<meta property=\"og:description\" content=\"Navio que bateu na Ponte Rio-Niter\u00f3i em 2022 deixa Rio de Janeiro\" \/>\n<meta property=\"og:url\" content=\"https:\/\/jornalboasnoticias.com.br\/home\/navio-que-bateu-na-ponte-rio-niteroi-em-2022-deixa-rio-de-janeiro\/\" \/>\n<meta property=\"og:site_name\" content=\"Jornal\" \/>\n<meta property=\"article:publisher\" content=\"https:\/\/www.facebook.com\/boasnoticiasjornal\" \/>\n<meta property=\"article:published_time\" content=\"2024-10-14T17:01:51+00:00\" \/>\n<meta property=\"og:image\" content=\"https:\/\/jornalboasnoticias.com.br\/home\/wp-content\/uploads\/2024\/10\/paqueta_censo_2022090620210075-1.webp\" \/>\n\t<meta property=\"og:image:width\" content=\"1170\" \/>\n\t<meta property=\"og:image:height\" content=\"700\" \/>\n\t<meta property=\"og:image:type\" content=\"image\/webp\" \/>\n<meta name=\"author\" content=\"Ana Luiza Bonatto\" \/>\n<meta name=\"twitter:card\" content=\"summary_large_image\" \/>\n<meta name=\"twitter:label1\" content=\"Escrito por\" \/>\n\t<meta name=\"twitter:data1\" content=\"Ana Luiza Bonatto\" \/>\n\t<meta name=\"twitter:label2\" content=\"Est. tempo de leitura\" \/>\n\t<meta name=\"twitter:data2\" content=\"2 minutos\" \/>\n<script type=\"application\/ld+json\" class=\"yoast-schema-graph\">{\"@context\":\"https:\\\/\\\/schema.org\",\"@graph\":[{\"@type\":\"Article\",\"@id\":\"https:\\\/\\\/jornalboasnoticias.com.br\\\/home\\\/navio-que-bateu-na-ponte-rio-niteroi-em-2022-deixa-rio-de-janeiro\\\/#article\",\"isPartOf\":{\"@id\":\"https:\\\/\\\/jornalboasnoticias.com.br\\\/home\\\/navio-que-bateu-na-ponte-rio-niteroi-em-2022-deixa-rio-de-janeiro\\\/\"},\"author\":{\"name\":\"Ana Luiza Bonatto\",\"@id\":\"https:\\\/\\\/jornalboasnoticias.com.br\\\/home\\\/#\\\/schema\\\/person\\\/d641193e0afc6405b390164dac847971\"},\"headline\":\"Navio que bateu na Ponte Rio-Niter\u00f3i em 2022 deixa Rio de Janeiro\",\"datePublished\":\"2024-10-14T17:01:51+00:00\",\"mainEntityOfPage\":{\"@id\":\"https:\\\/\\\/jornalboasnoticias.com.br\\\/home\\\/navio-que-bateu-na-ponte-rio-niteroi-em-2022-deixa-rio-de-janeiro\\\/\"},\"wordCount\":243,\"commentCount\":0,\"publisher\":{\"@id\":\"https:\\\/\\\/jornalboasnoticias.com.br\\\/home\\\/#organization\"},\"image\":{\"@id\":\"https:\\\/\\\/jornalboasnoticias.com.br\\\/home\\\/navio-que-bateu-na-ponte-rio-niteroi-em-2022-deixa-rio-de-janeiro\\\/#primaryimage\"},\"thumbnailUrl\":\"https:\\\/\\\/jornalboasnoticias.com.br\\\/home\\\/wp-content\\\/uploads\\\/2024\\\/10\\\/paqueta_censo_2022090620210075-1.webp\",\"articleSection\":[\"Geral\"],\"inLanguage\":\"pt-BR\",\"potentialAction\":[{\"@type\":\"CommentAction\",\"name\":\"Comment\",\"target\":[\"https:\\\/\\\/jornalboasnoticias.com.br\\\/home\\\/navio-que-bateu-na-ponte-rio-niteroi-em-2022-deixa-rio-de-janeiro\\\/#respond\"]}]},{\"@type\":\"WebPage\",\"@id\":\"https:\\\/\\\/jornalboasnoticias.com.br\\\/home\\\/navio-que-bateu-na-ponte-rio-niteroi-em-2022-deixa-rio-de-janeiro\\\/\",\"url\":\"https:\\\/\\\/jornalboasnoticias.com.br\\\/home\\\/navio-que-bateu-na-ponte-rio-niteroi-em-2022-deixa-rio-de-janeiro\\\/\",\"name\":\"Navio que bateu na Ponte Rio-Niter\u00f3i em 2022 deixa Rio de Janeiro - Jornal\",\"isPartOf\":{\"@id\":\"https:\\\/\\\/jornalboasnoticias.com.br\\\/home\\\/#website\"},\"primaryImageOfPage\":{\"@id\":\"https:\\\/\\\/jornalboasnoticias.com.br\\\/home\\\/navio-que-bateu-na-ponte-rio-niteroi-em-2022-deixa-rio-de-janeiro\\\/#primaryimage\"},\"image\":{\"@id\":\"https:\\\/\\\/jornalboasnoticias.com.br\\\/home\\\/navio-que-bateu-na-ponte-rio-niteroi-em-2022-deixa-rio-de-janeiro\\\/#primaryimage\"},\"thumbnailUrl\":\"https:\\\/\\\/jornalboasnoticias.com.br\\\/home\\\/wp-content\\\/uploads\\\/2024\\\/10\\\/paqueta_censo_2022090620210075-1.webp\",\"datePublished\":\"2024-10-14T17:01:51+00:00\",\"description\":\"Navio que bateu na Ponte Rio-Niter\u00f3i em 2022 deixa Rio de Janeiro\",\"breadcrumb\":{\"@id\":\"https:\\\/\\\/jornalboasnoticias.com.br\\\/home\\\/navio-que-bateu-na-ponte-rio-niteroi-em-2022-deixa-rio-de-janeiro\\\/#breadcrumb\"},\"inLanguage\":\"pt-BR\",\"potentialAction\":[{\"@type\":\"ReadAction\",\"target\":[\"https:\\\/\\\/jornalboasnoticias.com.br\\\/home\\\/navio-que-bateu-na-ponte-rio-niteroi-em-2022-deixa-rio-de-janeiro\\\/\"]}]},{\"@type\":\"ImageObject\",\"inLanguage\":\"pt-BR\",\"@id\":\"https:\\\/\\\/jornalboasnoticias.com.br\\\/home\\\/navio-que-bateu-na-ponte-rio-niteroi-em-2022-deixa-rio-de-janeiro\\\/#primaryimage\",\"url\":\"https:\\\/\\\/jornalboasnoticias.com.br\\\/home\\\/wp-content\\\/uploads\\\/2024\\\/10\\\/paqueta_censo_2022090620210075-1.webp\",\"contentUrl\":\"https:\\\/\\\/jornalboasnoticias.com.br\\\/home\\\/wp-content\\\/uploads\\\/2024\\\/10\\\/paqueta_censo_2022090620210075-1.webp\",\"width\":1170,\"height\":700,\"caption\":\"\u00a9 T\u00e2nia R\u00eago\\\/Ag\u00eancia Brasil\"},{\"@type\":\"BreadcrumbList\",\"@id\":\"https:\\\/\\\/jornalboasnoticias.com.br\\\/home\\\/navio-que-bateu-na-ponte-rio-niteroi-em-2022-deixa-rio-de-janeiro\\\/#breadcrumb\",\"itemListElement\":[{\"@type\":\"ListItem\",\"position\":1,\"name\":\"In\u00edcio\",\"item\":\"https:\\\/\\\/jornalboasnoticias.com.br\\\/home\\\/\"},{\"@type\":\"ListItem\",\"position\":2,\"name\":\"Navio que bateu na Ponte Rio-Niter\u00f3i em 2022 deixa Rio de Janeiro\"}]},{\"@type\":\"WebSite\",\"@id\":\"https:\\\/\\\/jornalboasnoticias.com.br\\\/home\\\/#website\",\"url\":\"https:\\\/\\\/jornalboasnoticias.com.br\\\/home\\\/\",\"name\":\"Jornal Boas Not\u00edcias\",\"description\":\"Boas not\u00edcias\",\"publisher\":{\"@id\":\"https:\\\/\\\/jornalboasnoticias.com.br\\\/home\\\/#organization\"},\"potentialAction\":[{\"@type\":\"SearchAction\",\"target\":{\"@type\":\"EntryPoint\",\"urlTemplate\":\"https:\\\/\\\/jornalboasnoticias.com.br\\\/home\\\/?s={search_term_string}\"},\"query-input\":{\"@type\":\"PropertyValueSpecification\",\"valueRequired\":true,\"valueName\":\"search_term_string\"}}],\"inLanguage\":\"pt-BR\"},{\"@type\":\"Organization\",\"@id\":\"https:\\\/\\\/jornalboasnoticias.com.br\\\/home\\\/#organization\",\"name\":\"Coq Editora Ltda\",\"alternateName\":\"Jornal Boas Noticias\",\"url\":\"https:\\\/\\\/jornalboasnoticias.com.br\\\/home\\\/\",\"logo\":{\"@type\":\"ImageObject\",\"inLanguage\":\"pt-BR\",\"@id\":\"https:\\\/\\\/jornalboasnoticias.com.br\\\/home\\\/#\\\/schema\\\/logo\\\/image\\\/\",\"url\":\"https:\\\/\\\/jornalboasnoticias.com.br\\\/home\\\/wp-content\\\/uploads\\\/2024\\\/07\\\/cropped-logo.jpg\",\"contentUrl\":\"https:\\\/\\\/jornalboasnoticias.com.br\\\/home\\\/wp-content\\\/uploads\\\/2024\\\/07\\\/cropped-logo.jpg\",\"width\":290,\"height\":142,\"caption\":\"Coq Editora Ltda\"},\"image\":{\"@id\":\"https:\\\/\\\/jornalboasnoticias.com.br\\\/home\\\/#\\\/schema\\\/logo\\\/image\\\/\"},\"sameAs\":[\"https:\\\/\\\/www.facebook.com\\\/boasnoticiasjornal\"]},{\"@type\":\"Person\",\"@id\":\"https:\\\/\\\/jornalboasnoticias.com.br\\\/home\\\/#\\\/schema\\\/person\\\/d641193e0afc6405b390164dac847971\",\"name\":\"Ana Luiza Bonatto\",\"image\":{\"@type\":\"ImageObject\",\"inLanguage\":\"pt-BR\",\"@id\":\"https:\\\/\\\/secure.gravatar.com\\\/avatar\\\/8a055ebe6373371f67ac6fcf313c0ac0b0a91157fdcdb9514fa62927373348f0?s=96&d=mm&r=g\",\"url\":\"https:\\\/\\\/secure.gravatar.com\\\/avatar\\\/8a055ebe6373371f67ac6fcf313c0ac0b0a91157fdcdb9514fa62927373348f0?s=96&d=mm&r=g\",\"contentUrl\":\"https:\\\/\\\/secure.gravatar.com\\\/avatar\\\/8a055ebe6373371f67ac6fcf313c0ac0b0a91157fdcdb9514fa62927373348f0?s=96&d=mm&r=g\",\"caption\":\"Ana Luiza Bonatto\"},\"url\":\"https:\\\/\\\/jornalboasnoticias.com.br\\\/home\\\/author\\\/ana-luiza\\\/\"}]}<\/script>\n<!-- \/ Yoast SEO plugin. -->","yoast_head_json":{"title":"Navio que bateu na Ponte Rio-Niter\u00f3i em 2022 deixa Rio de Janeiro - Jornal","description":"Navio que bateu na Ponte Rio-Niter\u00f3i em 2022 deixa Rio de Janeiro","robots":{"index":"index","follow":"follow","max-snippet":"max-snippet:-1","max-image-preview":"max-image-preview:large","max-video-preview":"max-video-preview:-1"},"canonical":"https:\/\/jornalboasnoticias.com.br\/home\/navio-que-bateu-na-ponte-rio-niteroi-em-2022-deixa-rio-de-janeiro\/","og_locale":"pt_BR","og_type":"article","og_title":"Navio que bateu na Ponte Rio-Niter\u00f3i em 2022 deixa Rio de Janeiro - Jornal","og_description":"Navio que bateu na Ponte Rio-Niter\u00f3i em 2022 deixa Rio de Janeiro","og_url":"https:\/\/jornalboasnoticias.com.br\/home\/navio-que-bateu-na-ponte-rio-niteroi-em-2022-deixa-rio-de-janeiro\/","og_site_name":"Jornal","article_publisher":"https:\/\/www.facebook.com\/boasnoticiasjornal","article_published_time":"2024-10-14T17:01:51+00:00","og_image":[{"width":1170,"height":700,"url":"https:\/\/jornalboasnoticias.com.br\/home\/wp-content\/uploads\/2024\/10\/paqueta_censo_2022090620210075-1.webp","type":"image\/webp"}],"author":"Ana Luiza Bonatto","twitter_card":"summary_large_image","twitter_misc":{"Escrito por":"Ana Luiza Bonatto","Est. tempo de leitura":"2 minutos"},"schema":{"@context":"https:\/\/schema.org","@graph":[{"@type":"Article","@id":"https:\/\/jornalboasnoticias.com.br\/home\/navio-que-bateu-na-ponte-rio-niteroi-em-2022-deixa-rio-de-janeiro\/#article","isPartOf":{"@id":"https:\/\/jornalboasnoticias.com.br\/home\/navio-que-bateu-na-ponte-rio-niteroi-em-2022-deixa-rio-de-janeiro\/"},"author":{"name":"Ana Luiza Bonatto","@id":"https:\/\/jornalboasnoticias.com.br\/home\/#\/schema\/person\/d641193e0afc6405b390164dac847971"},"headline":"Navio que bateu na Ponte Rio-Niter\u00f3i em 2022 deixa Rio de Janeiro","datePublished":"2024-10-14T17:01:51+00:00","mainEntityOfPage":{"@id":"https:\/\/jornalboasnoticias.com.br\/home\/navio-que-bateu-na-ponte-rio-niteroi-em-2022-deixa-rio-de-janeiro\/"},"wordCount":243,"commentCount":0,"publisher":{"@id":"https:\/\/jornalboasnoticias.com.br\/home\/#organization"},"image":{"@id":"https:\/\/jornalboasnoticias.com.br\/home\/navio-que-bateu-na-ponte-rio-niteroi-em-2022-deixa-rio-de-janeiro\/#primaryimage"},"thumbnailUrl":"https:\/\/jornalboasnoticias.com.br\/home\/wp-content\/uploads\/2024\/10\/paqueta_censo_2022090620210075-1.webp","articleSection":["Geral"],"inLanguage":"pt-BR","potentialAction":[{"@type":"CommentAction","name":"Comment","target":["https:\/\/jornalboasnoticias.com.br\/home\/navio-que-bateu-na-ponte-rio-niteroi-em-2022-deixa-rio-de-janeiro\/#respond"]}]},{"@type":"WebPage","@id":"https:\/\/jornalboasnoticias.com.br\/home\/navio-que-bateu-na-ponte-rio-niteroi-em-2022-deixa-rio-de-janeiro\/","url":"https:\/\/jornalboasnoticias.com.br\/home\/navio-que-bateu-na-ponte-rio-niteroi-em-2022-deixa-rio-de-janeiro\/","name":"Navio que bateu na Ponte Rio-Niter\u00f3i em 2022 deixa Rio de Janeiro - Jornal","isPartOf":{"@id":"https:\/\/jornalboasnoticias.com.br\/home\/#website"},"primaryImageOfPage":{"@id":"https:\/\/jornalboasnoticias.com.br\/home\/navio-que-bateu-na-ponte-rio-niteroi-em-2022-deixa-rio-de-janeiro\/#primaryimage"},"image":{"@id":"https:\/\/jornalboasnoticias.com.br\/home\/navio-que-bateu-na-ponte-rio-niteroi-em-2022-deixa-rio-de-janeiro\/#primaryimage"},"thumbnailUrl":"https:\/\/jornalboasnoticias.com.br\/home\/wp-content\/uploads\/2024\/10\/paqueta_censo_2022090620210075-1.webp","datePublished":"2024-10-14T17:01:51+00:00","description":"Navio que bateu na Ponte Rio-Niter\u00f3i em 2022 deixa Rio de Janeiro","breadcrumb":{"@id":"https:\/\/jornalboasnoticias.com.br\/home\/navio-que-bateu-na-ponte-rio-niteroi-em-2022-deixa-rio-de-janeiro\/#breadcrumb"},"inLanguage":"pt-BR","potentialAction":[{"@type":"ReadAction","target":["https:\/\/jornalboasnoticias.com.br\/home\/navio-que-bateu-na-ponte-rio-niteroi-em-2022-deixa-rio-de-janeiro\/"]}]},{"@type":"ImageObject","inLanguage":"pt-BR","@id":"https:\/\/jornalboasnoticias.com.br\/home\/navio-que-bateu-na-ponte-rio-niteroi-em-2022-deixa-rio-de-janeiro\/#primaryimage","url":"https:\/\/jornalboasnoticias.com.br\/home\/wp-content\/uploads\/2024\/10\/paqueta_censo_2022090620210075-1.webp","contentUrl":"https:\/\/jornalboasnoticias.com.br\/home\/wp-content\/uploads\/2024\/10\/paqueta_censo_2022090620210075-1.webp","width":1170,"height":700,"caption":"\u00a9 T\u00e2nia R\u00eago\/Ag\u00eancia Brasil"},{"@type":"BreadcrumbList","@id":"https:\/\/jornalboasnoticias.com.br\/home\/navio-que-bateu-na-ponte-rio-niteroi-em-2022-deixa-rio-de-janeiro\/#breadcrumb","itemListElement":[{"@type":"ListItem","position":1,"name":"In\u00edcio","item":"https:\/\/jornalboasnoticias.com.br\/home\/"},{"@type":"ListItem","position":2,"name":"Navio que bateu na Ponte Rio-Niter\u00f3i em 2022 deixa Rio de Janeiro"}]},{"@type":"WebSite","@id":"https:\/\/jornalboasnoticias.com.br\/home\/#website","url":"https:\/\/jornalboasnoticias.com.br\/home\/","name":"Jornal Boas Not\u00edcias","description":"Boas not\u00edcias","publisher":{"@id":"https:\/\/jornalboasnoticias.com.br\/home\/#organization"},"potentialAction":[{"@type":"SearchAction","target":{"@type":"EntryPoint","urlTemplate":"https:\/\/jornalboasnoticias.com.br\/home\/?s={search_term_string}"},"query-input":{"@type":"PropertyValueSpecification","valueRequired":true,"valueName":"search_term_string"}}],"inLanguage":"pt-BR"},{"@type":"Organization","@id":"https:\/\/jornalboasnoticias.com.br\/home\/#organization","name":"Coq Editora Ltda","alternateName":"Jornal Boas Noticias","url":"https:\/\/jornalboasnoticias.com.br\/home\/","logo":{"@type":"ImageObject","inLanguage":"pt-BR","@id":"https:\/\/jornalboasnoticias.com.br\/home\/#\/schema\/logo\/image\/","url":"https:\/\/jornalboasnoticias.com.br\/home\/wp-content\/uploads\/2024\/07\/cropped-logo.jpg","contentUrl":"https:\/\/jornalboasnoticias.com.br\/home\/wp-content\/uploads\/2024\/07\/cropped-logo.jpg","width":290,"height":142,"caption":"Coq Editora Ltda"},"image":{"@id":"https:\/\/jornalboasnoticias.com.br\/home\/#\/schema\/logo\/image\/"},"sameAs":["https:\/\/www.facebook.com\/boasnoticiasjornal"]},{"@type":"Person","@id":"https:\/\/jornalboasnoticias.com.br\/home\/#\/schema\/person\/d641193e0afc6405b390164dac847971","name":"Ana Luiza Bonatto","image":{"@type":"ImageObject","inLanguage":"pt-BR","@id":"https:\/\/secure.gravatar.com\/avatar\/8a055ebe6373371f67ac6fcf313c0ac0b0a91157fdcdb9514fa62927373348f0?s=96&d=mm&r=g","url":"https:\/\/secure.gravatar.com\/avatar\/8a055ebe6373371f67ac6fcf313c0ac0b0a91157fdcdb9514fa62927373348f0?s=96&d=mm&r=g","contentUrl":"https:\/\/secure.gravatar.com\/avatar\/8a055ebe6373371f67ac6fcf313c0ac0b0a91157fdcdb9514fa62927373348f0?s=96&d=mm&r=g","caption":"Ana Luiza Bonatto"},"url":"https:\/\/jornalboasnoticias.com.br\/home\/author\/ana-luiza\/"}]}},"_links":{"self":[{"href":"https:\/\/jornalboasnoticias.com.br\/home\/wp-json\/wp\/v2\/posts\/44278","targetHints":{"allow":["GET"]}}],"collection":[{"href":"https:\/\/jornalboasnoticias.com.br\/home\/wp-json\/wp\/v2\/posts"}],"about":[{"href":"https:\/\/jornalboasnoticias.com.br\/home\/wp-json\/wp\/v2\/types\/post"}],"author":[{"embeddable":true,"href":"https:\/\/jornalboasnoticias.com.br\/home\/wp-json\/wp\/v2\/users\/4"}],"replies":[{"embeddable":true,"href":"https:\/\/jornalboasnoticias.com.br\/home\/wp-json\/wp\/v2\/comments?post=44278"}],"version-history":[{"count":1,"href":"https:\/\/jornalboasnoticias.com.br\/home\/wp-json\/wp\/v2\/posts\/44278\/revisions"}],"predecessor-version":[{"id":44280,"href":"https:\/\/jornalboasnoticias.com.br\/home\/wp-json\/wp\/v2\/posts\/44278\/revisions\/44280"}],"wp:featuredmedia":[{"embeddable":true,"href":"https:\/\/jornalboasnoticias.com.br\/home\/wp-json\/wp\/v2\/media\/44279"}],"wp:attachment":[{"href":"https:\/\/jornalboasnoticias.com.br\/home\/wp-json\/wp\/v2\/media?parent=44278"}],"wp:term":[{"taxonomy":"category","embeddable":true,"href":"https:\/\/jornalboasnoticias.com.br\/home\/wp-json\/wp\/v2\/categories?post=44278"},{"taxonomy":"post_tag","embeddable":true,"href":"https:\/\/jornalboasnoticias.com.br\/home\/wp-json\/wp\/v2\/tags?post=44278"}],"curies":[{"name":"wp","href":"https:\/\/api.w.org\/{rel}","templated":true}]}}