{"id":44071,"date":"2024-09-30T21:40:33","date_gmt":"2024-09-30T21:40:33","guid":{"rendered":"https:\/\/jornalboasnoticias.com.br\/home\/?p=44071"},"modified":"2024-09-30T21:40:33","modified_gmt":"2024-09-30T21:40:33","slug":"confira-as-datas-dos-pagamentos-da-bolsa-retomada-cultural-rs","status":"publish","type":"post","link":"https:\/\/jornalboasnoticias.com.br\/home\/confira-as-datas-dos-pagamentos-da-bolsa-retomada-cultural-rs\/","title":{"rendered":"Confira as datas dos pagamentos da Bolsa Retomada Cultural RS"},"content":{"rendered":"<div class=\"header-noticia full-width\">\n<div>\n<figure id=\"attachment_44072\" aria-describedby=\"caption-attachment-44072\" style=\"width: 1170px\" class=\"wp-caption alignnone\"><img loading=\"lazy\" decoding=\"async\" class=\"wp-image-44072 size-full\" src=\"https:\/\/jornalboasnoticias.com.br\/home\/wp-content\/uploads\/2024\/09\/53177676751_4b41d3b5d9_o.webp\" alt=\"\" width=\"1170\" height=\"700\" srcset=\"https:\/\/jornalboasnoticias.com.br\/home\/wp-content\/uploads\/2024\/09\/53177676751_4b41d3b5d9_o.webp 1170w, https:\/\/jornalboasnoticias.com.br\/home\/wp-content\/uploads\/2024\/09\/53177676751_4b41d3b5d9_o-300x179.webp 300w, https:\/\/jornalboasnoticias.com.br\/home\/wp-content\/uploads\/2024\/09\/53177676751_4b41d3b5d9_o-1024x613.webp 1024w, https:\/\/jornalboasnoticias.com.br\/home\/wp-content\/uploads\/2024\/09\/53177676751_4b41d3b5d9_o-768x459.webp 768w\" sizes=\"auto, (max-width: 1170px) 100vw, 1170px\" \/><figcaption id=\"caption-attachment-44072\" class=\"wp-caption-text\">\u00a9 Mauricio Tonetto \/ Secom<\/figcaption><\/figure>\n<\/div>\n<\/div>\n<div class=\"header-noticia full-width\">\n<div><\/div>\n<blockquote>\n<div class=\"linha-fina-noticia\">Nova rodada de pagamento aos agentes culturais come\u00e7a hoje<\/div>\n<\/blockquote>\n<\/div>\n<div>\n<p>Come\u00e7a hoje (30) a nova rodada de pagamento aos agentes culturais participantes da Bolsa de Retomada Cultural Rio Grande do Sul. A parceria do Minist\u00e9rio da Cultura (MinC) com o Instituto Federal de Educa\u00e7\u00e3o, Ci\u00eancia e Tecnologia do Rio Grande do Sul (IFRS), beneficia os agentes culturais dos 95 munic\u00edpios afetados pela calamidade no estado.<img decoding=\"async\" src=\"https:\/\/agenciabrasil.ebc.com.br\/ebc.png?id=1614010&amp;o=node\" \/><img decoding=\"async\" src=\"https:\/\/agenciabrasil.ebc.com.br\/ebc.gif?id=1614010&amp;o=node\" \/><\/p>\n<p>A partir desta segunda, os participantes que se inscreveram at\u00e9 o dia 22 de setembro em um dos cursos oferecidos pelo programa receber\u00e3o a primeira bolsa. Os inscritos entre 23 a 30 de setembro receber\u00e3o no dia 07 de outubro, desde que tenham conclu\u00eddo as aulas e a documenta\u00e7\u00e3o e a chave PIX estejam corretas.<\/p>\n<p>S\u00e3o oferecidas duas bolsas no valor de R$ 2.250 para os agentes que se inscreverem e finalizarem um dos sete cursos oferecidos pelo IFRS na modalidade Ensino \u00e0 Dist\u00e2ncia (EaD). A dura\u00e7\u00e3o \u00e9 de 70 horas.<\/p>\n<p>As bolsas ser\u00e3o recebidas via PIX. A chave deve ser o CPF do benefici\u00e1rio. Os participantes tamb\u00e9m precisam terminar o curso selecionado at\u00e9 31 de outubro para assegurar o recebimento da segunda bolsa.<\/p>\n<p>Confira o calend\u00e1rio de pagamentos:<br \/>\n30\/09 \u2013 agentes culturais inscritos at\u00e9 22\/09<br \/>\n7\/10 a 11\/11 \u2013 inscritos de 23 a 30\/9 e agentes que j\u00e1 conclu\u00edram as aulas<\/p>\n<h2>Inscri\u00e7\u00f5es<\/h2>\n<p>As<a href=\"https:\/\/www.gov.br\/cultura\/pt-br\/assuntos\/retomadaculturalrs\/bolsa\">\u00a0inscri\u00e7\u00f5es<\/a>\u00a0na Bolsa de Retomada Cultural Rio Grande do Sul terminam hoje (30).<\/p>\n<p>E podem ser realizadas no site do MinC, mediante acesso por meio do portal\u00a0<a href=\"https:\/\/www.gov.br\/governodigital\/pt-br\/identidade\/conta-gov-br\">\u00fanico gov.br<\/a>, com Identidade Digital Ouro ou Prata.<\/p>\n<p>\u00c9 poss\u00edvel se inscrever nos seguintes cursos:\u00a0 Planejamento e Gest\u00e3o de Eventos Culturais; Administra\u00e7\u00e3o e Gest\u00e3o Financeira para Eventos; Organiza\u00e7\u00e3o e Decora\u00e7\u00e3o de Eventos; Marketing e Comunica\u00e7\u00e3o Digital na Cultura; Artes Visuais e Interculturalidade; Cerimonial e Etiqueta para Eventos; e Desenvolvimento Pessoal e Interpessoal para Profissionais da Cultura.<\/p>\n<p>Ap\u00f3s o preenchimento dos dados e escolha do curso, \u00e9 necess\u00e1rio atestar, por meio de autodeclara\u00e7\u00e3o eletr\u00f4nica, que \u00e9 agente cultural e que s\u00e3o ver\u00eddicas as informa\u00e7\u00f5es prestadas, sob pena de san\u00e7\u00f5es c\u00edveis e penais, sem preju\u00edzo do ressarcimento \u00e0 Uni\u00e3o.<\/p>\n<p>Confira\u00a0<a href=\"https:\/\/www.gov.br\/cultura\/pt-br\/acesso-a-informacao\/perguntas-frequentes\/retomada-cultural-rs\">as perguntas frequentes<\/a>\u00a0sobre o Programa Retomada Cultural RS.<\/p>\n<p>(Ag\u00eancia Brasil)<\/p>\n<\/div>\n","protected":false},"excerpt":{"rendered":"<p>Nova rodada de pagamento aos agentes culturais come\u00e7a hoje Come\u00e7a hoje (30) a nova rodada<\/p>\n","protected":false},"author":4,"featured_media":44072,"comment_status":"open","ping_status":"open","sticky":false,"template":"","format":"standard","meta":{"footnotes":""},"categories":[6,3],"tags":[],"class_list":["post-44071","post","type-post","status-publish","format-standard","has-post-thumbnail","hentry","category-brasil","category-destaques"],"yoast_head":"<!-- This site is optimized with the Yoast SEO plugin v27.5 - https:\/\/yoast.com\/product\/yoast-seo-wordpress\/ -->\n<title>Confira as datas dos pagamentos da Bolsa Retomada Cultural RS - Jornal<\/title>\n<meta name=\"description\" content=\"Confira as datas dos pagamentos da Bolsa Retomada Cultural RS\" \/>\n<meta name=\"robots\" content=\"index, follow, max-snippet:-1, max-image-preview:large, max-video-preview:-1\" \/>\n<link rel=\"canonical\" href=\"https:\/\/jornalboasnoticias.com.br\/home\/confira-as-datas-dos-pagamentos-da-bolsa-retomada-cultural-rs\/\" \/>\n<meta property=\"og:locale\" content=\"pt_BR\" \/>\n<meta property=\"og:type\" content=\"article\" \/>\n<meta property=\"og:title\" content=\"Confira as datas dos pagamentos da Bolsa Retomada Cultural RS - Jornal\" \/>\n<meta property=\"og:description\" content=\"Confira as datas dos pagamentos da Bolsa Retomada Cultural RS\" \/>\n<meta property=\"og:url\" content=\"https:\/\/jornalboasnoticias.com.br\/home\/confira-as-datas-dos-pagamentos-da-bolsa-retomada-cultural-rs\/\" \/>\n<meta property=\"og:site_name\" content=\"Jornal\" \/>\n<meta property=\"article:publisher\" content=\"https:\/\/www.facebook.com\/boasnoticiasjornal\" \/>\n<meta property=\"article:published_time\" content=\"2024-09-30T21:40:33+00:00\" \/>\n<meta property=\"og:image\" content=\"https:\/\/jornalboasnoticias.com.br\/home\/wp-content\/uploads\/2024\/09\/53177676751_4b41d3b5d9_o.webp\" \/>\n\t<meta property=\"og:image:width\" content=\"1170\" \/>\n\t<meta property=\"og:image:height\" content=\"700\" \/>\n\t<meta property=\"og:image:type\" content=\"image\/webp\" \/>\n<meta name=\"author\" content=\"Ana Luiza Bonatto\" \/>\n<meta name=\"twitter:card\" content=\"summary_large_image\" \/>\n<meta name=\"twitter:label1\" content=\"Escrito por\" \/>\n\t<meta name=\"twitter:data1\" content=\"Ana Luiza Bonatto\" \/>\n\t<meta name=\"twitter:label2\" content=\"Est. tempo de leitura\" \/>\n\t<meta name=\"twitter:data2\" content=\"3 minutos\" \/>\n<script type=\"application\/ld+json\" class=\"yoast-schema-graph\">{\"@context\":\"https:\\\/\\\/schema.org\",\"@graph\":[{\"@type\":\"Article\",\"@id\":\"https:\\\/\\\/jornalboasnoticias.com.br\\\/home\\\/confira-as-datas-dos-pagamentos-da-bolsa-retomada-cultural-rs\\\/#article\",\"isPartOf\":{\"@id\":\"https:\\\/\\\/jornalboasnoticias.com.br\\\/home\\\/confira-as-datas-dos-pagamentos-da-bolsa-retomada-cultural-rs\\\/\"},\"author\":{\"name\":\"Ana Luiza Bonatto\",\"@id\":\"https:\\\/\\\/jornalboasnoticias.com.br\\\/home\\\/#\\\/schema\\\/person\\\/d641193e0afc6405b390164dac847971\"},\"headline\":\"Confira as datas dos pagamentos da Bolsa Retomada Cultural RS\",\"datePublished\":\"2024-09-30T21:40:33+00:00\",\"mainEntityOfPage\":{\"@id\":\"https:\\\/\\\/jornalboasnoticias.com.br\\\/home\\\/confira-as-datas-dos-pagamentos-da-bolsa-retomada-cultural-rs\\\/\"},\"wordCount\":390,\"commentCount\":0,\"publisher\":{\"@id\":\"https:\\\/\\\/jornalboasnoticias.com.br\\\/home\\\/#organization\"},\"image\":{\"@id\":\"https:\\\/\\\/jornalboasnoticias.com.br\\\/home\\\/confira-as-datas-dos-pagamentos-da-bolsa-retomada-cultural-rs\\\/#primaryimage\"},\"thumbnailUrl\":\"https:\\\/\\\/jornalboasnoticias.com.br\\\/home\\\/wp-content\\\/uploads\\\/2024\\\/09\\\/53177676751_4b41d3b5d9_o.webp\",\"articleSection\":[\"BRASIL\",\"DESTAQUE\"],\"inLanguage\":\"pt-BR\",\"potentialAction\":[{\"@type\":\"CommentAction\",\"name\":\"Comment\",\"target\":[\"https:\\\/\\\/jornalboasnoticias.com.br\\\/home\\\/confira-as-datas-dos-pagamentos-da-bolsa-retomada-cultural-rs\\\/#respond\"]}]},{\"@type\":\"WebPage\",\"@id\":\"https:\\\/\\\/jornalboasnoticias.com.br\\\/home\\\/confira-as-datas-dos-pagamentos-da-bolsa-retomada-cultural-rs\\\/\",\"url\":\"https:\\\/\\\/jornalboasnoticias.com.br\\\/home\\\/confira-as-datas-dos-pagamentos-da-bolsa-retomada-cultural-rs\\\/\",\"name\":\"Confira as datas dos pagamentos da Bolsa Retomada Cultural RS - Jornal\",\"isPartOf\":{\"@id\":\"https:\\\/\\\/jornalboasnoticias.com.br\\\/home\\\/#website\"},\"primaryImageOfPage\":{\"@id\":\"https:\\\/\\\/jornalboasnoticias.com.br\\\/home\\\/confira-as-datas-dos-pagamentos-da-bolsa-retomada-cultural-rs\\\/#primaryimage\"},\"image\":{\"@id\":\"https:\\\/\\\/jornalboasnoticias.com.br\\\/home\\\/confira-as-datas-dos-pagamentos-da-bolsa-retomada-cultural-rs\\\/#primaryimage\"},\"thumbnailUrl\":\"https:\\\/\\\/jornalboasnoticias.com.br\\\/home\\\/wp-content\\\/uploads\\\/2024\\\/09\\\/53177676751_4b41d3b5d9_o.webp\",\"datePublished\":\"2024-09-30T21:40:33+00:00\",\"description\":\"Confira as datas dos pagamentos da Bolsa Retomada Cultural RS\",\"breadcrumb\":{\"@id\":\"https:\\\/\\\/jornalboasnoticias.com.br\\\/home\\\/confira-as-datas-dos-pagamentos-da-bolsa-retomada-cultural-rs\\\/#breadcrumb\"},\"inLanguage\":\"pt-BR\",\"potentialAction\":[{\"@type\":\"ReadAction\",\"target\":[\"https:\\\/\\\/jornalboasnoticias.com.br\\\/home\\\/confira-as-datas-dos-pagamentos-da-bolsa-retomada-cultural-rs\\\/\"]}]},{\"@type\":\"ImageObject\",\"inLanguage\":\"pt-BR\",\"@id\":\"https:\\\/\\\/jornalboasnoticias.com.br\\\/home\\\/confira-as-datas-dos-pagamentos-da-bolsa-retomada-cultural-rs\\\/#primaryimage\",\"url\":\"https:\\\/\\\/jornalboasnoticias.com.br\\\/home\\\/wp-content\\\/uploads\\\/2024\\\/09\\\/53177676751_4b41d3b5d9_o.webp\",\"contentUrl\":\"https:\\\/\\\/jornalboasnoticias.com.br\\\/home\\\/wp-content\\\/uploads\\\/2024\\\/09\\\/53177676751_4b41d3b5d9_o.webp\",\"width\":1170,\"height\":700,\"caption\":\"\u00a9 Mauricio Tonetto \\\/ Secom\"},{\"@type\":\"BreadcrumbList\",\"@id\":\"https:\\\/\\\/jornalboasnoticias.com.br\\\/home\\\/confira-as-datas-dos-pagamentos-da-bolsa-retomada-cultural-rs\\\/#breadcrumb\",\"itemListElement\":[{\"@type\":\"ListItem\",\"position\":1,\"name\":\"In\u00edcio\",\"item\":\"https:\\\/\\\/jornalboasnoticias.com.br\\\/home\\\/\"},{\"@type\":\"ListItem\",\"position\":2,\"name\":\"Confira as datas dos pagamentos da Bolsa Retomada Cultural RS\"}]},{\"@type\":\"WebSite\",\"@id\":\"https:\\\/\\\/jornalboasnoticias.com.br\\\/home\\\/#website\",\"url\":\"https:\\\/\\\/jornalboasnoticias.com.br\\\/home\\\/\",\"name\":\"Jornal Boas Not\u00edcias\",\"description\":\"Boas not\u00edcias\",\"publisher\":{\"@id\":\"https:\\\/\\\/jornalboasnoticias.com.br\\\/home\\\/#organization\"},\"potentialAction\":[{\"@type\":\"SearchAction\",\"target\":{\"@type\":\"EntryPoint\",\"urlTemplate\":\"https:\\\/\\\/jornalboasnoticias.com.br\\\/home\\\/?s={search_term_string}\"},\"query-input\":{\"@type\":\"PropertyValueSpecification\",\"valueRequired\":true,\"valueName\":\"search_term_string\"}}],\"inLanguage\":\"pt-BR\"},{\"@type\":\"Organization\",\"@id\":\"https:\\\/\\\/jornalboasnoticias.com.br\\\/home\\\/#organization\",\"name\":\"Coq Editora Ltda\",\"alternateName\":\"Jornal Boas Noticias\",\"url\":\"https:\\\/\\\/jornalboasnoticias.com.br\\\/home\\\/\",\"logo\":{\"@type\":\"ImageObject\",\"inLanguage\":\"pt-BR\",\"@id\":\"https:\\\/\\\/jornalboasnoticias.com.br\\\/home\\\/#\\\/schema\\\/logo\\\/image\\\/\",\"url\":\"https:\\\/\\\/jornalboasnoticias.com.br\\\/home\\\/wp-content\\\/uploads\\\/2024\\\/07\\\/cropped-logo.jpg\",\"contentUrl\":\"https:\\\/\\\/jornalboasnoticias.com.br\\\/home\\\/wp-content\\\/uploads\\\/2024\\\/07\\\/cropped-logo.jpg\",\"width\":290,\"height\":142,\"caption\":\"Coq Editora Ltda\"},\"image\":{\"@id\":\"https:\\\/\\\/jornalboasnoticias.com.br\\\/home\\\/#\\\/schema\\\/logo\\\/image\\\/\"},\"sameAs\":[\"https:\\\/\\\/www.facebook.com\\\/boasnoticiasjornal\"]},{\"@type\":\"Person\",\"@id\":\"https:\\\/\\\/jornalboasnoticias.com.br\\\/home\\\/#\\\/schema\\\/person\\\/d641193e0afc6405b390164dac847971\",\"name\":\"Ana Luiza Bonatto\",\"image\":{\"@type\":\"ImageObject\",\"inLanguage\":\"pt-BR\",\"@id\":\"https:\\\/\\\/secure.gravatar.com\\\/avatar\\\/8a055ebe6373371f67ac6fcf313c0ac0b0a91157fdcdb9514fa62927373348f0?s=96&d=mm&r=g\",\"url\":\"https:\\\/\\\/secure.gravatar.com\\\/avatar\\\/8a055ebe6373371f67ac6fcf313c0ac0b0a91157fdcdb9514fa62927373348f0?s=96&d=mm&r=g\",\"contentUrl\":\"https:\\\/\\\/secure.gravatar.com\\\/avatar\\\/8a055ebe6373371f67ac6fcf313c0ac0b0a91157fdcdb9514fa62927373348f0?s=96&d=mm&r=g\",\"caption\":\"Ana Luiza Bonatto\"},\"url\":\"https:\\\/\\\/jornalboasnoticias.com.br\\\/home\\\/author\\\/ana-luiza\\\/\"}]}<\/script>\n<!-- \/ Yoast SEO plugin. -->","yoast_head_json":{"title":"Confira as datas dos pagamentos da Bolsa Retomada Cultural RS - Jornal","description":"Confira as datas dos pagamentos da Bolsa Retomada Cultural RS","robots":{"index":"index","follow":"follow","max-snippet":"max-snippet:-1","max-image-preview":"max-image-preview:large","max-video-preview":"max-video-preview:-1"},"canonical":"https:\/\/jornalboasnoticias.com.br\/home\/confira-as-datas-dos-pagamentos-da-bolsa-retomada-cultural-rs\/","og_locale":"pt_BR","og_type":"article","og_title":"Confira as datas dos pagamentos da Bolsa Retomada Cultural RS - Jornal","og_description":"Confira as datas dos pagamentos da Bolsa Retomada Cultural RS","og_url":"https:\/\/jornalboasnoticias.com.br\/home\/confira-as-datas-dos-pagamentos-da-bolsa-retomada-cultural-rs\/","og_site_name":"Jornal","article_publisher":"https:\/\/www.facebook.com\/boasnoticiasjornal","article_published_time":"2024-09-30T21:40:33+00:00","og_image":[{"width":1170,"height":700,"url":"https:\/\/jornalboasnoticias.com.br\/home\/wp-content\/uploads\/2024\/09\/53177676751_4b41d3b5d9_o.webp","type":"image\/webp"}],"author":"Ana Luiza Bonatto","twitter_card":"summary_large_image","twitter_misc":{"Escrito por":"Ana Luiza Bonatto","Est. tempo de leitura":"3 minutos"},"schema":{"@context":"https:\/\/schema.org","@graph":[{"@type":"Article","@id":"https:\/\/jornalboasnoticias.com.br\/home\/confira-as-datas-dos-pagamentos-da-bolsa-retomada-cultural-rs\/#article","isPartOf":{"@id":"https:\/\/jornalboasnoticias.com.br\/home\/confira-as-datas-dos-pagamentos-da-bolsa-retomada-cultural-rs\/"},"author":{"name":"Ana Luiza Bonatto","@id":"https:\/\/jornalboasnoticias.com.br\/home\/#\/schema\/person\/d641193e0afc6405b390164dac847971"},"headline":"Confira as datas dos pagamentos da Bolsa Retomada Cultural RS","datePublished":"2024-09-30T21:40:33+00:00","mainEntityOfPage":{"@id":"https:\/\/jornalboasnoticias.com.br\/home\/confira-as-datas-dos-pagamentos-da-bolsa-retomada-cultural-rs\/"},"wordCount":390,"commentCount":0,"publisher":{"@id":"https:\/\/jornalboasnoticias.com.br\/home\/#organization"},"image":{"@id":"https:\/\/jornalboasnoticias.com.br\/home\/confira-as-datas-dos-pagamentos-da-bolsa-retomada-cultural-rs\/#primaryimage"},"thumbnailUrl":"https:\/\/jornalboasnoticias.com.br\/home\/wp-content\/uploads\/2024\/09\/53177676751_4b41d3b5d9_o.webp","articleSection":["BRASIL","DESTAQUE"],"inLanguage":"pt-BR","potentialAction":[{"@type":"CommentAction","name":"Comment","target":["https:\/\/jornalboasnoticias.com.br\/home\/confira-as-datas-dos-pagamentos-da-bolsa-retomada-cultural-rs\/#respond"]}]},{"@type":"WebPage","@id":"https:\/\/jornalboasnoticias.com.br\/home\/confira-as-datas-dos-pagamentos-da-bolsa-retomada-cultural-rs\/","url":"https:\/\/jornalboasnoticias.com.br\/home\/confira-as-datas-dos-pagamentos-da-bolsa-retomada-cultural-rs\/","name":"Confira as datas dos pagamentos da Bolsa Retomada Cultural RS - Jornal","isPartOf":{"@id":"https:\/\/jornalboasnoticias.com.br\/home\/#website"},"primaryImageOfPage":{"@id":"https:\/\/jornalboasnoticias.com.br\/home\/confira-as-datas-dos-pagamentos-da-bolsa-retomada-cultural-rs\/#primaryimage"},"image":{"@id":"https:\/\/jornalboasnoticias.com.br\/home\/confira-as-datas-dos-pagamentos-da-bolsa-retomada-cultural-rs\/#primaryimage"},"thumbnailUrl":"https:\/\/jornalboasnoticias.com.br\/home\/wp-content\/uploads\/2024\/09\/53177676751_4b41d3b5d9_o.webp","datePublished":"2024-09-30T21:40:33+00:00","description":"Confira as datas dos pagamentos da Bolsa Retomada Cultural RS","breadcrumb":{"@id":"https:\/\/jornalboasnoticias.com.br\/home\/confira-as-datas-dos-pagamentos-da-bolsa-retomada-cultural-rs\/#breadcrumb"},"inLanguage":"pt-BR","potentialAction":[{"@type":"ReadAction","target":["https:\/\/jornalboasnoticias.com.br\/home\/confira-as-datas-dos-pagamentos-da-bolsa-retomada-cultural-rs\/"]}]},{"@type":"ImageObject","inLanguage":"pt-BR","@id":"https:\/\/jornalboasnoticias.com.br\/home\/confira-as-datas-dos-pagamentos-da-bolsa-retomada-cultural-rs\/#primaryimage","url":"https:\/\/jornalboasnoticias.com.br\/home\/wp-content\/uploads\/2024\/09\/53177676751_4b41d3b5d9_o.webp","contentUrl":"https:\/\/jornalboasnoticias.com.br\/home\/wp-content\/uploads\/2024\/09\/53177676751_4b41d3b5d9_o.webp","width":1170,"height":700,"caption":"\u00a9 Mauricio Tonetto \/ Secom"},{"@type":"BreadcrumbList","@id":"https:\/\/jornalboasnoticias.com.br\/home\/confira-as-datas-dos-pagamentos-da-bolsa-retomada-cultural-rs\/#breadcrumb","itemListElement":[{"@type":"ListItem","position":1,"name":"In\u00edcio","item":"https:\/\/jornalboasnoticias.com.br\/home\/"},{"@type":"ListItem","position":2,"name":"Confira as datas dos pagamentos da Bolsa Retomada Cultural RS"}]},{"@type":"WebSite","@id":"https:\/\/jornalboasnoticias.com.br\/home\/#website","url":"https:\/\/jornalboasnoticias.com.br\/home\/","name":"Jornal Boas Not\u00edcias","description":"Boas not\u00edcias","publisher":{"@id":"https:\/\/jornalboasnoticias.com.br\/home\/#organization"},"potentialAction":[{"@type":"SearchAction","target":{"@type":"EntryPoint","urlTemplate":"https:\/\/jornalboasnoticias.com.br\/home\/?s={search_term_string}"},"query-input":{"@type":"PropertyValueSpecification","valueRequired":true,"valueName":"search_term_string"}}],"inLanguage":"pt-BR"},{"@type":"Organization","@id":"https:\/\/jornalboasnoticias.com.br\/home\/#organization","name":"Coq Editora Ltda","alternateName":"Jornal Boas Noticias","url":"https:\/\/jornalboasnoticias.com.br\/home\/","logo":{"@type":"ImageObject","inLanguage":"pt-BR","@id":"https:\/\/jornalboasnoticias.com.br\/home\/#\/schema\/logo\/image\/","url":"https:\/\/jornalboasnoticias.com.br\/home\/wp-content\/uploads\/2024\/07\/cropped-logo.jpg","contentUrl":"https:\/\/jornalboasnoticias.com.br\/home\/wp-content\/uploads\/2024\/07\/cropped-logo.jpg","width":290,"height":142,"caption":"Coq Editora Ltda"},"image":{"@id":"https:\/\/jornalboasnoticias.com.br\/home\/#\/schema\/logo\/image\/"},"sameAs":["https:\/\/www.facebook.com\/boasnoticiasjornal"]},{"@type":"Person","@id":"https:\/\/jornalboasnoticias.com.br\/home\/#\/schema\/person\/d641193e0afc6405b390164dac847971","name":"Ana Luiza Bonatto","image":{"@type":"ImageObject","inLanguage":"pt-BR","@id":"https:\/\/secure.gravatar.com\/avatar\/8a055ebe6373371f67ac6fcf313c0ac0b0a91157fdcdb9514fa62927373348f0?s=96&d=mm&r=g","url":"https:\/\/secure.gravatar.com\/avatar\/8a055ebe6373371f67ac6fcf313c0ac0b0a91157fdcdb9514fa62927373348f0?s=96&d=mm&r=g","contentUrl":"https:\/\/secure.gravatar.com\/avatar\/8a055ebe6373371f67ac6fcf313c0ac0b0a91157fdcdb9514fa62927373348f0?s=96&d=mm&r=g","caption":"Ana Luiza Bonatto"},"url":"https:\/\/jornalboasnoticias.com.br\/home\/author\/ana-luiza\/"}]}},"_links":{"self":[{"href":"https:\/\/jornalboasnoticias.com.br\/home\/wp-json\/wp\/v2\/posts\/44071","targetHints":{"allow":["GET"]}}],"collection":[{"href":"https:\/\/jornalboasnoticias.com.br\/home\/wp-json\/wp\/v2\/posts"}],"about":[{"href":"https:\/\/jornalboasnoticias.com.br\/home\/wp-json\/wp\/v2\/types\/post"}],"author":[{"embeddable":true,"href":"https:\/\/jornalboasnoticias.com.br\/home\/wp-json\/wp\/v2\/users\/4"}],"replies":[{"embeddable":true,"href":"https:\/\/jornalboasnoticias.com.br\/home\/wp-json\/wp\/v2\/comments?post=44071"}],"version-history":[{"count":1,"href":"https:\/\/jornalboasnoticias.com.br\/home\/wp-json\/wp\/v2\/posts\/44071\/revisions"}],"predecessor-version":[{"id":44073,"href":"https:\/\/jornalboasnoticias.com.br\/home\/wp-json\/wp\/v2\/posts\/44071\/revisions\/44073"}],"wp:featuredmedia":[{"embeddable":true,"href":"https:\/\/jornalboasnoticias.com.br\/home\/wp-json\/wp\/v2\/media\/44072"}],"wp:attachment":[{"href":"https:\/\/jornalboasnoticias.com.br\/home\/wp-json\/wp\/v2\/media?parent=44071"}],"wp:term":[{"taxonomy":"category","embeddable":true,"href":"https:\/\/jornalboasnoticias.com.br\/home\/wp-json\/wp\/v2\/categories?post=44071"},{"taxonomy":"post_tag","embeddable":true,"href":"https:\/\/jornalboasnoticias.com.br\/home\/wp-json\/wp\/v2\/tags?post=44071"}],"curies":[{"name":"wp","href":"https:\/\/api.w.org\/{rel}","templated":true}]}}