{"id":44068,"date":"2024-09-30T21:39:31","date_gmt":"2024-09-30T21:39:31","guid":{"rendered":"https:\/\/jornalboasnoticias.com.br\/home\/?p=44068"},"modified":"2024-09-30T21:39:31","modified_gmt":"2024-09-30T21:39:31","slug":"inep-abre-prazo-para-adesao-ao-enem-para-privados-de-liberdade","status":"publish","type":"post","link":"https:\/\/jornalboasnoticias.com.br\/home\/inep-abre-prazo-para-adesao-ao-enem-para-privados-de-liberdade\/","title":{"rendered":"Inep abre prazo para ades\u00e3o ao Enem para privados de liberdade"},"content":{"rendered":"<div class=\"header-noticia full-width\">\n<div>\n<figure id=\"attachment_44069\" aria-describedby=\"caption-attachment-44069\" style=\"width: 1170px\" class=\"wp-caption alignnone\"><img loading=\"lazy\" decoding=\"async\" class=\"wp-image-44069 size-full\" src=\"https:\/\/jornalboasnoticias.com.br\/home\/wp-content\/uploads\/2024\/09\/detentos_fazem_prova_do_enem_-_arquivo_agencia_brasil.webp\" alt=\"\" width=\"1170\" height=\"700\" srcset=\"https:\/\/jornalboasnoticias.com.br\/home\/wp-content\/uploads\/2024\/09\/detentos_fazem_prova_do_enem_-_arquivo_agencia_brasil.webp 1170w, https:\/\/jornalboasnoticias.com.br\/home\/wp-content\/uploads\/2024\/09\/detentos_fazem_prova_do_enem_-_arquivo_agencia_brasil-300x179.webp 300w, https:\/\/jornalboasnoticias.com.br\/home\/wp-content\/uploads\/2024\/09\/detentos_fazem_prova_do_enem_-_arquivo_agencia_brasil-1024x613.webp 1024w, https:\/\/jornalboasnoticias.com.br\/home\/wp-content\/uploads\/2024\/09\/detentos_fazem_prova_do_enem_-_arquivo_agencia_brasil-768x459.webp 768w\" sizes=\"auto, (max-width: 1170px) 100vw, 1170px\" \/><figcaption id=\"caption-attachment-44069\" class=\"wp-caption-text\">\u00a9 Arquivo Ag\u00eancia Brasil<\/figcaption><\/figure>\n<\/div>\n<\/div>\n<blockquote>\n<div class=\"header-noticia full-width\">\n<div class=\"linha-fina-noticia\">Locais de provas devem ser informados at\u00e9 18 de outubro<\/div>\n<\/div>\n<\/blockquote>\n<div>\n<p>Os \u00f3rg\u00e3os p\u00fablicos de administra\u00e7\u00e3o prisional ou socioeducativa interessados em aplicar as provas do Exame Nacional do Ensino M\u00e9dio (Enem) para adultos e jovens com priva\u00e7\u00e3o de liberdade (PPL) t\u00eam desta segunda-feira (30) ao pr\u00f3ximo dia 18 para aderir ao Enem PPL 2024.<img decoding=\"async\" src=\"https:\/\/agenciabrasil.ebc.com.br\/ebc.png?id=1614011&amp;o=node\" \/><img decoding=\"async\" src=\"https:\/\/agenciabrasil.ebc.com.br\/ebc.gif?id=1614011&amp;o=node\" \/><\/p>\n<p>Segundo o Instituto Nacional de Estudos e Pesquisas Educacionais An\u00edsio Teixeira (Inep), autarquia vinculada ao Minist\u00e9rio da Educa\u00e7\u00e3o (MEC) respons\u00e1vel por administrar o exame,\u00a0cabe aos \u00f3rg\u00e3os de administra\u00e7\u00e3o prisional ou socioeducativa de cada um dos 26 estados e do Distrito Federal indicar os respectivos estabelecimentos\u00a0onde as provas possam ser realizadas.<\/p>\n<p><a href=\"https:\/\/www.in.gov.br\/web\/dou\/-\/edital-n-157-de-19-de-agosto-de-2024-579331266\" target=\"_blank\" rel=\"noopener\">De acordo com o edital<\/a>\u00a0com as diretrizes e o cronograma do Enem PPL 2024, os interessados devem\u00a0<a href=\"http:\/\/aplicacao.ppl@inep.gov.br\/\" target=\"_blank\" rel=\"noopener\">encaminhar of\u00edcio para o e-mail do Inep<\/a>\u00a0para aderir \u00e0 iniciativa.<\/p>\n<p>A mensagem deve ser identificada com a express\u00e3o \u201cAdes\u00e3o Enem PPL 2024\u201d no campo assunto e conter todas as informa\u00e7\u00f5es exigidas no modelo disponibilizado no edital, que dever\u00e3o ser reconhecidas pelo secret\u00e1rio local respons\u00e1vel pelo \u00f3rg\u00e3o de administra\u00e7\u00e3o prisional ou socioeducativa.<\/p>\n<p>As inscri\u00e7\u00f5es dos participantes dever\u00e3o ser realizadas entre os dias 7 e 25 de outubro, por seus respons\u00e1veis pedag\u00f3gicos. O cronograma j\u00e1 divulgado pelo Inep prev\u00ea a aplica\u00e7\u00e3o das provas em 10 e 11 de dezembro.<\/p>\n<p>Segundo o Inep, o exame n\u00e3o ser\u00e1 realizado em unidades onde n\u00e3o houver condi\u00e7\u00f5es log\u00edsticas e de seguran\u00e7a, bem como nas que n\u00e3o satisfa\u00e7am todos os crit\u00e9rios estabelecidos no Termo de Ades\u00e3o, Responsabilidade e Compromisso.<\/p>\n<h2>Entenda<\/h2>\n<p>O Enem avalia o desempenho escolar dos estudantes ao t\u00e9rmino da educa\u00e7\u00e3o b\u00e1sica. Ao longo de mais de duas d\u00e9cadas, tornou-se a principal porta de entrada para a educa\u00e7\u00e3o superior no Brasil.<\/p>\n<p>As notas do exame podem ser usadas para acessar o Sistema de Sele\u00e7\u00e3o Unificada (Sisu) e o Programa Universidade para Todos (ProUni) e tamb\u00e9m s\u00e3o aceitas em institui\u00e7\u00f5es de educa\u00e7\u00e3o superior portuguesas que t\u00eam acordo com o Inep.<\/p>\n<p>Os participantes do Enem podem pleitear ainda financiamento estudantil em programas do governo, como o Fundo de Financiamento Estudantil (Fies).<\/p>\n<p>Qualquer pessoa que j\u00e1 concluiu o ensino m\u00e9dio ou est\u00e1 concluindo a etapa pode fazer o Enem para ter acesso \u00e0 educa\u00e7\u00e3o superior. Quem ainda n\u00e3o concluiu pode participar como treineiro. Os resultados, nesse caso, servem somente para autoavalia\u00e7\u00e3o de conhecimentos.<\/p>\n<\/div>\n","protected":false},"excerpt":{"rendered":"<p>Locais de provas devem ser informados at\u00e9 18 de outubro Os \u00f3rg\u00e3os p\u00fablicos de administra\u00e7\u00e3o<\/p>\n","protected":false},"author":4,"featured_media":44069,"comment_status":"open","ping_status":"open","sticky":false,"template":"","format":"standard","meta":{"footnotes":""},"categories":[3,8],"tags":[],"class_list":["post-44068","post","type-post","status-publish","format-standard","has-post-thumbnail","hentry","category-destaques","category-educacao"],"yoast_head":"<!-- This site is optimized with the Yoast SEO plugin v27.5 - https:\/\/yoast.com\/product\/yoast-seo-wordpress\/ -->\n<title>Inep abre prazo para ades\u00e3o ao Enem para privados de liberdade - Jornal<\/title>\n<meta name=\"description\" content=\"Inep abre prazo para ades\u00e3o ao Enem para privados de liberdade\" \/>\n<meta name=\"robots\" content=\"index, follow, max-snippet:-1, max-image-preview:large, max-video-preview:-1\" \/>\n<link rel=\"canonical\" href=\"https:\/\/jornalboasnoticias.com.br\/home\/inep-abre-prazo-para-adesao-ao-enem-para-privados-de-liberdade\/\" \/>\n<meta property=\"og:locale\" content=\"pt_BR\" \/>\n<meta property=\"og:type\" content=\"article\" \/>\n<meta property=\"og:title\" content=\"Inep abre prazo para ades\u00e3o ao Enem para privados de liberdade - Jornal\" \/>\n<meta property=\"og:description\" content=\"Inep abre prazo para ades\u00e3o ao Enem para privados de liberdade\" \/>\n<meta property=\"og:url\" content=\"https:\/\/jornalboasnoticias.com.br\/home\/inep-abre-prazo-para-adesao-ao-enem-para-privados-de-liberdade\/\" \/>\n<meta property=\"og:site_name\" content=\"Jornal\" \/>\n<meta property=\"article:publisher\" content=\"https:\/\/www.facebook.com\/boasnoticiasjornal\" \/>\n<meta property=\"article:published_time\" content=\"2024-09-30T21:39:31+00:00\" \/>\n<meta property=\"og:image\" content=\"https:\/\/jornalboasnoticias.com.br\/home\/wp-content\/uploads\/2024\/09\/detentos_fazem_prova_do_enem_-_arquivo_agencia_brasil.webp\" \/>\n\t<meta property=\"og:image:width\" content=\"1170\" \/>\n\t<meta property=\"og:image:height\" content=\"700\" \/>\n\t<meta property=\"og:image:type\" content=\"image\/webp\" \/>\n<meta name=\"author\" content=\"Ana Luiza Bonatto\" \/>\n<meta name=\"twitter:card\" content=\"summary_large_image\" \/>\n<meta name=\"twitter:label1\" content=\"Escrito por\" \/>\n\t<meta name=\"twitter:data1\" content=\"Ana Luiza Bonatto\" \/>\n\t<meta name=\"twitter:label2\" content=\"Est. tempo de leitura\" \/>\n\t<meta name=\"twitter:data2\" content=\"3 minutos\" \/>\n<script type=\"application\/ld+json\" class=\"yoast-schema-graph\">{\"@context\":\"https:\\\/\\\/schema.org\",\"@graph\":[{\"@type\":\"Article\",\"@id\":\"https:\\\/\\\/jornalboasnoticias.com.br\\\/home\\\/inep-abre-prazo-para-adesao-ao-enem-para-privados-de-liberdade\\\/#article\",\"isPartOf\":{\"@id\":\"https:\\\/\\\/jornalboasnoticias.com.br\\\/home\\\/inep-abre-prazo-para-adesao-ao-enem-para-privados-de-liberdade\\\/\"},\"author\":{\"name\":\"Ana Luiza Bonatto\",\"@id\":\"https:\\\/\\\/jornalboasnoticias.com.br\\\/home\\\/#\\\/schema\\\/person\\\/d641193e0afc6405b390164dac847971\"},\"headline\":\"Inep abre prazo para ades\u00e3o ao Enem para privados de liberdade\",\"datePublished\":\"2024-09-30T21:39:31+00:00\",\"mainEntityOfPage\":{\"@id\":\"https:\\\/\\\/jornalboasnoticias.com.br\\\/home\\\/inep-abre-prazo-para-adesao-ao-enem-para-privados-de-liberdade\\\/\"},\"wordCount\":439,\"commentCount\":0,\"publisher\":{\"@id\":\"https:\\\/\\\/jornalboasnoticias.com.br\\\/home\\\/#organization\"},\"image\":{\"@id\":\"https:\\\/\\\/jornalboasnoticias.com.br\\\/home\\\/inep-abre-prazo-para-adesao-ao-enem-para-privados-de-liberdade\\\/#primaryimage\"},\"thumbnailUrl\":\"https:\\\/\\\/jornalboasnoticias.com.br\\\/home\\\/wp-content\\\/uploads\\\/2024\\\/09\\\/detentos_fazem_prova_do_enem_-_arquivo_agencia_brasil.webp\",\"articleSection\":[\"DESTAQUE\",\"EDUCA\u00c7\u00c3O\"],\"inLanguage\":\"pt-BR\",\"potentialAction\":[{\"@type\":\"CommentAction\",\"name\":\"Comment\",\"target\":[\"https:\\\/\\\/jornalboasnoticias.com.br\\\/home\\\/inep-abre-prazo-para-adesao-ao-enem-para-privados-de-liberdade\\\/#respond\"]}]},{\"@type\":\"WebPage\",\"@id\":\"https:\\\/\\\/jornalboasnoticias.com.br\\\/home\\\/inep-abre-prazo-para-adesao-ao-enem-para-privados-de-liberdade\\\/\",\"url\":\"https:\\\/\\\/jornalboasnoticias.com.br\\\/home\\\/inep-abre-prazo-para-adesao-ao-enem-para-privados-de-liberdade\\\/\",\"name\":\"Inep abre prazo para ades\u00e3o ao Enem para privados de liberdade - Jornal\",\"isPartOf\":{\"@id\":\"https:\\\/\\\/jornalboasnoticias.com.br\\\/home\\\/#website\"},\"primaryImageOfPage\":{\"@id\":\"https:\\\/\\\/jornalboasnoticias.com.br\\\/home\\\/inep-abre-prazo-para-adesao-ao-enem-para-privados-de-liberdade\\\/#primaryimage\"},\"image\":{\"@id\":\"https:\\\/\\\/jornalboasnoticias.com.br\\\/home\\\/inep-abre-prazo-para-adesao-ao-enem-para-privados-de-liberdade\\\/#primaryimage\"},\"thumbnailUrl\":\"https:\\\/\\\/jornalboasnoticias.com.br\\\/home\\\/wp-content\\\/uploads\\\/2024\\\/09\\\/detentos_fazem_prova_do_enem_-_arquivo_agencia_brasil.webp\",\"datePublished\":\"2024-09-30T21:39:31+00:00\",\"description\":\"Inep abre prazo para ades\u00e3o ao Enem para privados de liberdade\",\"breadcrumb\":{\"@id\":\"https:\\\/\\\/jornalboasnoticias.com.br\\\/home\\\/inep-abre-prazo-para-adesao-ao-enem-para-privados-de-liberdade\\\/#breadcrumb\"},\"inLanguage\":\"pt-BR\",\"potentialAction\":[{\"@type\":\"ReadAction\",\"target\":[\"https:\\\/\\\/jornalboasnoticias.com.br\\\/home\\\/inep-abre-prazo-para-adesao-ao-enem-para-privados-de-liberdade\\\/\"]}]},{\"@type\":\"ImageObject\",\"inLanguage\":\"pt-BR\",\"@id\":\"https:\\\/\\\/jornalboasnoticias.com.br\\\/home\\\/inep-abre-prazo-para-adesao-ao-enem-para-privados-de-liberdade\\\/#primaryimage\",\"url\":\"https:\\\/\\\/jornalboasnoticias.com.br\\\/home\\\/wp-content\\\/uploads\\\/2024\\\/09\\\/detentos_fazem_prova_do_enem_-_arquivo_agencia_brasil.webp\",\"contentUrl\":\"https:\\\/\\\/jornalboasnoticias.com.br\\\/home\\\/wp-content\\\/uploads\\\/2024\\\/09\\\/detentos_fazem_prova_do_enem_-_arquivo_agencia_brasil.webp\",\"width\":1170,\"height\":700},{\"@type\":\"BreadcrumbList\",\"@id\":\"https:\\\/\\\/jornalboasnoticias.com.br\\\/home\\\/inep-abre-prazo-para-adesao-ao-enem-para-privados-de-liberdade\\\/#breadcrumb\",\"itemListElement\":[{\"@type\":\"ListItem\",\"position\":1,\"name\":\"In\u00edcio\",\"item\":\"https:\\\/\\\/jornalboasnoticias.com.br\\\/home\\\/\"},{\"@type\":\"ListItem\",\"position\":2,\"name\":\"Inep abre prazo para ades\u00e3o ao Enem para privados de liberdade\"}]},{\"@type\":\"WebSite\",\"@id\":\"https:\\\/\\\/jornalboasnoticias.com.br\\\/home\\\/#website\",\"url\":\"https:\\\/\\\/jornalboasnoticias.com.br\\\/home\\\/\",\"name\":\"Jornal Boas Not\u00edcias\",\"description\":\"Boas not\u00edcias\",\"publisher\":{\"@id\":\"https:\\\/\\\/jornalboasnoticias.com.br\\\/home\\\/#organization\"},\"potentialAction\":[{\"@type\":\"SearchAction\",\"target\":{\"@type\":\"EntryPoint\",\"urlTemplate\":\"https:\\\/\\\/jornalboasnoticias.com.br\\\/home\\\/?s={search_term_string}\"},\"query-input\":{\"@type\":\"PropertyValueSpecification\",\"valueRequired\":true,\"valueName\":\"search_term_string\"}}],\"inLanguage\":\"pt-BR\"},{\"@type\":\"Organization\",\"@id\":\"https:\\\/\\\/jornalboasnoticias.com.br\\\/home\\\/#organization\",\"name\":\"Coq Editora Ltda\",\"alternateName\":\"Jornal Boas Noticias\",\"url\":\"https:\\\/\\\/jornalboasnoticias.com.br\\\/home\\\/\",\"logo\":{\"@type\":\"ImageObject\",\"inLanguage\":\"pt-BR\",\"@id\":\"https:\\\/\\\/jornalboasnoticias.com.br\\\/home\\\/#\\\/schema\\\/logo\\\/image\\\/\",\"url\":\"https:\\\/\\\/jornalboasnoticias.com.br\\\/home\\\/wp-content\\\/uploads\\\/2024\\\/07\\\/cropped-logo.jpg\",\"contentUrl\":\"https:\\\/\\\/jornalboasnoticias.com.br\\\/home\\\/wp-content\\\/uploads\\\/2024\\\/07\\\/cropped-logo.jpg\",\"width\":290,\"height\":142,\"caption\":\"Coq Editora Ltda\"},\"image\":{\"@id\":\"https:\\\/\\\/jornalboasnoticias.com.br\\\/home\\\/#\\\/schema\\\/logo\\\/image\\\/\"},\"sameAs\":[\"https:\\\/\\\/www.facebook.com\\\/boasnoticiasjornal\"]},{\"@type\":\"Person\",\"@id\":\"https:\\\/\\\/jornalboasnoticias.com.br\\\/home\\\/#\\\/schema\\\/person\\\/d641193e0afc6405b390164dac847971\",\"name\":\"Ana Luiza Bonatto\",\"image\":{\"@type\":\"ImageObject\",\"inLanguage\":\"pt-BR\",\"@id\":\"https:\\\/\\\/secure.gravatar.com\\\/avatar\\\/8a055ebe6373371f67ac6fcf313c0ac0b0a91157fdcdb9514fa62927373348f0?s=96&d=mm&r=g\",\"url\":\"https:\\\/\\\/secure.gravatar.com\\\/avatar\\\/8a055ebe6373371f67ac6fcf313c0ac0b0a91157fdcdb9514fa62927373348f0?s=96&d=mm&r=g\",\"contentUrl\":\"https:\\\/\\\/secure.gravatar.com\\\/avatar\\\/8a055ebe6373371f67ac6fcf313c0ac0b0a91157fdcdb9514fa62927373348f0?s=96&d=mm&r=g\",\"caption\":\"Ana Luiza Bonatto\"},\"url\":\"https:\\\/\\\/jornalboasnoticias.com.br\\\/home\\\/author\\\/ana-luiza\\\/\"}]}<\/script>\n<!-- \/ Yoast SEO plugin. -->","yoast_head_json":{"title":"Inep abre prazo para ades\u00e3o ao Enem para privados de liberdade - Jornal","description":"Inep abre prazo para ades\u00e3o ao Enem para privados de liberdade","robots":{"index":"index","follow":"follow","max-snippet":"max-snippet:-1","max-image-preview":"max-image-preview:large","max-video-preview":"max-video-preview:-1"},"canonical":"https:\/\/jornalboasnoticias.com.br\/home\/inep-abre-prazo-para-adesao-ao-enem-para-privados-de-liberdade\/","og_locale":"pt_BR","og_type":"article","og_title":"Inep abre prazo para ades\u00e3o ao Enem para privados de liberdade - Jornal","og_description":"Inep abre prazo para ades\u00e3o ao Enem para privados de liberdade","og_url":"https:\/\/jornalboasnoticias.com.br\/home\/inep-abre-prazo-para-adesao-ao-enem-para-privados-de-liberdade\/","og_site_name":"Jornal","article_publisher":"https:\/\/www.facebook.com\/boasnoticiasjornal","article_published_time":"2024-09-30T21:39:31+00:00","og_image":[{"width":1170,"height":700,"url":"https:\/\/jornalboasnoticias.com.br\/home\/wp-content\/uploads\/2024\/09\/detentos_fazem_prova_do_enem_-_arquivo_agencia_brasil.webp","type":"image\/webp"}],"author":"Ana Luiza Bonatto","twitter_card":"summary_large_image","twitter_misc":{"Escrito por":"Ana Luiza Bonatto","Est. tempo de leitura":"3 minutos"},"schema":{"@context":"https:\/\/schema.org","@graph":[{"@type":"Article","@id":"https:\/\/jornalboasnoticias.com.br\/home\/inep-abre-prazo-para-adesao-ao-enem-para-privados-de-liberdade\/#article","isPartOf":{"@id":"https:\/\/jornalboasnoticias.com.br\/home\/inep-abre-prazo-para-adesao-ao-enem-para-privados-de-liberdade\/"},"author":{"name":"Ana Luiza Bonatto","@id":"https:\/\/jornalboasnoticias.com.br\/home\/#\/schema\/person\/d641193e0afc6405b390164dac847971"},"headline":"Inep abre prazo para ades\u00e3o ao Enem para privados de liberdade","datePublished":"2024-09-30T21:39:31+00:00","mainEntityOfPage":{"@id":"https:\/\/jornalboasnoticias.com.br\/home\/inep-abre-prazo-para-adesao-ao-enem-para-privados-de-liberdade\/"},"wordCount":439,"commentCount":0,"publisher":{"@id":"https:\/\/jornalboasnoticias.com.br\/home\/#organization"},"image":{"@id":"https:\/\/jornalboasnoticias.com.br\/home\/inep-abre-prazo-para-adesao-ao-enem-para-privados-de-liberdade\/#primaryimage"},"thumbnailUrl":"https:\/\/jornalboasnoticias.com.br\/home\/wp-content\/uploads\/2024\/09\/detentos_fazem_prova_do_enem_-_arquivo_agencia_brasil.webp","articleSection":["DESTAQUE","EDUCA\u00c7\u00c3O"],"inLanguage":"pt-BR","potentialAction":[{"@type":"CommentAction","name":"Comment","target":["https:\/\/jornalboasnoticias.com.br\/home\/inep-abre-prazo-para-adesao-ao-enem-para-privados-de-liberdade\/#respond"]}]},{"@type":"WebPage","@id":"https:\/\/jornalboasnoticias.com.br\/home\/inep-abre-prazo-para-adesao-ao-enem-para-privados-de-liberdade\/","url":"https:\/\/jornalboasnoticias.com.br\/home\/inep-abre-prazo-para-adesao-ao-enem-para-privados-de-liberdade\/","name":"Inep abre prazo para ades\u00e3o ao Enem para privados de liberdade - Jornal","isPartOf":{"@id":"https:\/\/jornalboasnoticias.com.br\/home\/#website"},"primaryImageOfPage":{"@id":"https:\/\/jornalboasnoticias.com.br\/home\/inep-abre-prazo-para-adesao-ao-enem-para-privados-de-liberdade\/#primaryimage"},"image":{"@id":"https:\/\/jornalboasnoticias.com.br\/home\/inep-abre-prazo-para-adesao-ao-enem-para-privados-de-liberdade\/#primaryimage"},"thumbnailUrl":"https:\/\/jornalboasnoticias.com.br\/home\/wp-content\/uploads\/2024\/09\/detentos_fazem_prova_do_enem_-_arquivo_agencia_brasil.webp","datePublished":"2024-09-30T21:39:31+00:00","description":"Inep abre prazo para ades\u00e3o ao Enem para privados de liberdade","breadcrumb":{"@id":"https:\/\/jornalboasnoticias.com.br\/home\/inep-abre-prazo-para-adesao-ao-enem-para-privados-de-liberdade\/#breadcrumb"},"inLanguage":"pt-BR","potentialAction":[{"@type":"ReadAction","target":["https:\/\/jornalboasnoticias.com.br\/home\/inep-abre-prazo-para-adesao-ao-enem-para-privados-de-liberdade\/"]}]},{"@type":"ImageObject","inLanguage":"pt-BR","@id":"https:\/\/jornalboasnoticias.com.br\/home\/inep-abre-prazo-para-adesao-ao-enem-para-privados-de-liberdade\/#primaryimage","url":"https:\/\/jornalboasnoticias.com.br\/home\/wp-content\/uploads\/2024\/09\/detentos_fazem_prova_do_enem_-_arquivo_agencia_brasil.webp","contentUrl":"https:\/\/jornalboasnoticias.com.br\/home\/wp-content\/uploads\/2024\/09\/detentos_fazem_prova_do_enem_-_arquivo_agencia_brasil.webp","width":1170,"height":700},{"@type":"BreadcrumbList","@id":"https:\/\/jornalboasnoticias.com.br\/home\/inep-abre-prazo-para-adesao-ao-enem-para-privados-de-liberdade\/#breadcrumb","itemListElement":[{"@type":"ListItem","position":1,"name":"In\u00edcio","item":"https:\/\/jornalboasnoticias.com.br\/home\/"},{"@type":"ListItem","position":2,"name":"Inep abre prazo para ades\u00e3o ao Enem para privados de liberdade"}]},{"@type":"WebSite","@id":"https:\/\/jornalboasnoticias.com.br\/home\/#website","url":"https:\/\/jornalboasnoticias.com.br\/home\/","name":"Jornal Boas Not\u00edcias","description":"Boas not\u00edcias","publisher":{"@id":"https:\/\/jornalboasnoticias.com.br\/home\/#organization"},"potentialAction":[{"@type":"SearchAction","target":{"@type":"EntryPoint","urlTemplate":"https:\/\/jornalboasnoticias.com.br\/home\/?s={search_term_string}"},"query-input":{"@type":"PropertyValueSpecification","valueRequired":true,"valueName":"search_term_string"}}],"inLanguage":"pt-BR"},{"@type":"Organization","@id":"https:\/\/jornalboasnoticias.com.br\/home\/#organization","name":"Coq Editora Ltda","alternateName":"Jornal Boas Noticias","url":"https:\/\/jornalboasnoticias.com.br\/home\/","logo":{"@type":"ImageObject","inLanguage":"pt-BR","@id":"https:\/\/jornalboasnoticias.com.br\/home\/#\/schema\/logo\/image\/","url":"https:\/\/jornalboasnoticias.com.br\/home\/wp-content\/uploads\/2024\/07\/cropped-logo.jpg","contentUrl":"https:\/\/jornalboasnoticias.com.br\/home\/wp-content\/uploads\/2024\/07\/cropped-logo.jpg","width":290,"height":142,"caption":"Coq Editora Ltda"},"image":{"@id":"https:\/\/jornalboasnoticias.com.br\/home\/#\/schema\/logo\/image\/"},"sameAs":["https:\/\/www.facebook.com\/boasnoticiasjornal"]},{"@type":"Person","@id":"https:\/\/jornalboasnoticias.com.br\/home\/#\/schema\/person\/d641193e0afc6405b390164dac847971","name":"Ana Luiza Bonatto","image":{"@type":"ImageObject","inLanguage":"pt-BR","@id":"https:\/\/secure.gravatar.com\/avatar\/8a055ebe6373371f67ac6fcf313c0ac0b0a91157fdcdb9514fa62927373348f0?s=96&d=mm&r=g","url":"https:\/\/secure.gravatar.com\/avatar\/8a055ebe6373371f67ac6fcf313c0ac0b0a91157fdcdb9514fa62927373348f0?s=96&d=mm&r=g","contentUrl":"https:\/\/secure.gravatar.com\/avatar\/8a055ebe6373371f67ac6fcf313c0ac0b0a91157fdcdb9514fa62927373348f0?s=96&d=mm&r=g","caption":"Ana Luiza Bonatto"},"url":"https:\/\/jornalboasnoticias.com.br\/home\/author\/ana-luiza\/"}]}},"_links":{"self":[{"href":"https:\/\/jornalboasnoticias.com.br\/home\/wp-json\/wp\/v2\/posts\/44068","targetHints":{"allow":["GET"]}}],"collection":[{"href":"https:\/\/jornalboasnoticias.com.br\/home\/wp-json\/wp\/v2\/posts"}],"about":[{"href":"https:\/\/jornalboasnoticias.com.br\/home\/wp-json\/wp\/v2\/types\/post"}],"author":[{"embeddable":true,"href":"https:\/\/jornalboasnoticias.com.br\/home\/wp-json\/wp\/v2\/users\/4"}],"replies":[{"embeddable":true,"href":"https:\/\/jornalboasnoticias.com.br\/home\/wp-json\/wp\/v2\/comments?post=44068"}],"version-history":[{"count":1,"href":"https:\/\/jornalboasnoticias.com.br\/home\/wp-json\/wp\/v2\/posts\/44068\/revisions"}],"predecessor-version":[{"id":44070,"href":"https:\/\/jornalboasnoticias.com.br\/home\/wp-json\/wp\/v2\/posts\/44068\/revisions\/44070"}],"wp:featuredmedia":[{"embeddable":true,"href":"https:\/\/jornalboasnoticias.com.br\/home\/wp-json\/wp\/v2\/media\/44069"}],"wp:attachment":[{"href":"https:\/\/jornalboasnoticias.com.br\/home\/wp-json\/wp\/v2\/media?parent=44068"}],"wp:term":[{"taxonomy":"category","embeddable":true,"href":"https:\/\/jornalboasnoticias.com.br\/home\/wp-json\/wp\/v2\/categories?post=44068"},{"taxonomy":"post_tag","embeddable":true,"href":"https:\/\/jornalboasnoticias.com.br\/home\/wp-json\/wp\/v2\/tags?post=44068"}],"curies":[{"name":"wp","href":"https:\/\/api.w.org\/{rel}","templated":true}]}}