{"id":44062,"date":"2024-09-30T21:35:18","date_gmt":"2024-09-30T21:35:18","guid":{"rendered":"https:\/\/jornalboasnoticias.com.br\/home\/?p=44062"},"modified":"2024-09-30T21:35:18","modified_gmt":"2024-09-30T21:35:18","slug":"ipea-reve-crescimento-do-pib-para-33-este-ano-e-24-para-2025","status":"publish","type":"post","link":"https:\/\/jornalboasnoticias.com.br\/home\/ipea-reve-crescimento-do-pib-para-33-este-ano-e-24-para-2025\/","title":{"rendered":"Ipea rev\u00ea crescimento do PIB para 3,3% este ano e 2,4% para 2025"},"content":{"rendered":"<div class=\"header-noticia full-width\">\n<div style=\"text-align: left;\">\n<figure id=\"attachment_44063\" aria-describedby=\"caption-attachment-44063\" style=\"width: 1170px\" class=\"wp-caption alignnone\"><img loading=\"lazy\" decoding=\"async\" class=\"size-full wp-image-44063\" src=\"https:\/\/jornalboasnoticias.com.br\/home\/wp-content\/uploads\/2024\/09\/economia_1609210412_0.webp\" alt=\"\" width=\"1170\" height=\"700\" srcset=\"https:\/\/jornalboasnoticias.com.br\/home\/wp-content\/uploads\/2024\/09\/economia_1609210412_0.webp 1170w, https:\/\/jornalboasnoticias.com.br\/home\/wp-content\/uploads\/2024\/09\/economia_1609210412_0-300x179.webp 300w, https:\/\/jornalboasnoticias.com.br\/home\/wp-content\/uploads\/2024\/09\/economia_1609210412_0-1024x613.webp 1024w, https:\/\/jornalboasnoticias.com.br\/home\/wp-content\/uploads\/2024\/09\/economia_1609210412_0-768x459.webp 768w\" sizes=\"auto, (max-width: 1170px) 100vw, 1170px\" \/><figcaption id=\"caption-attachment-44063\" class=\"wp-caption-text\">\u00a9 Marcello Casal JrAg\u00eancia Brasil<\/figcaption><\/figure>\n<\/div>\n<\/div>\n<blockquote>\n<div class=\"header-noticia full-width\">\n<div><\/div>\n<div class=\"linha-fina-noticia\">Estudo \u00e9 da Diretoria de Estudos e Pol\u00edticas Macroecon\u00f4micas<\/div>\n<\/div>\n<\/blockquote>\n<div>\n<p>O Grupo de Conjuntura da Diretoria de Estudos e Pol\u00edticas Macroecon\u00f4micas do Instituto de Pesquisa Econ\u00f4mica Aplicada (Ipea) revisou a proje\u00e7\u00e3o de crescimento do Produto Interno Bruto (PIB, soma de todos os bens e servi\u00e7os produzidos no pa\u00eds) brasileiro para este ano de 2,2% para 3,3%. Para 2025, a estimativa passou de 2,3% para 2,4%.<img decoding=\"async\" src=\"https:\/\/agenciabrasil.ebc.com.br\/ebc.png?id=1614013&amp;o=node\" \/><img decoding=\"async\" src=\"https:\/\/agenciabrasil.ebc.com.br\/ebc.gif?id=1614013&amp;o=node\" \/><\/p>\n<p>Ao contr\u00e1rio do que se poderia projetar em junho, os impactos das enchentes no Rio Grande do Sul sobre o PIB agregado parecem ter se exaurido no curto prazo, explica o documento. Segundo os indicadores conjunturais do Instituto Brasileiro de Geografia e Estat\u00edstica (IBGE), as enchentes apenas geraram volatilidade ao longo do segundo trimestre, com quedas acentuadas em maio, sendo seguidas de fortes crescimentos em junho.<\/p>\n<p>Impulsionado pela boa evolu\u00e7\u00e3o do mercado de trabalho e por melhores condi\u00e7\u00f5es de acesso ao cr\u00e9dito, o desempenho das vendas de bens e servi\u00e7os \u00e0s fam\u00edlias se manteve ao longo de 2024, e segue como principal impulsionador da economia, explica o Ipea.<\/p>\n<p>Ap\u00f3s um ano de 2023 decepcionante, a demanda por bens de capitais tamb\u00e9m se destacou positivamente, potencializando uma recupera\u00e7\u00e3o verificada na ind\u00fastria de transforma\u00e7\u00e3o, embora num ritmo ainda modesto. Como consequ\u00eancia, al\u00e9m do bom desempenho da produ\u00e7\u00e3o interna, as importa\u00e7\u00f5es seguem registrando expans\u00e3o, fato tamb\u00e9m evidenciado pelo crescimento mais acelerado do consumo aparente de bens industriais, em rela\u00e7\u00e3o \u00e0 produ\u00e7\u00e3o f\u00edsica. J\u00e1 as exporta\u00e7\u00f5es, com importante contribui\u00e7\u00e3o para o crescimento do PIB em 2023, v\u00eam apresentando alguma desacelera\u00e7\u00e3o.<\/p>\n<p>Por\u00e9m, alguns fatores indicam um crescimento menos robusto para o segundo semestre deste ano, em compara\u00e7\u00e3o com o primeiro semestre. Enquanto o Banco Central iniciou, em setembro, um ciclo de aumento da taxa de juros, o impulso fiscal por parte do governo tende a ser menor do que o ocorrido anteriormente. J\u00e1 com rela\u00e7\u00e3o \u00e0 situa\u00e7\u00e3o financeira das fam\u00edlias, embora a massa de rendimentos continue registrando ganhos reais, a trajet\u00f3ria de alguns \u00edndices de pre\u00e7os, notadamente no setor servi\u00e7os, tem se tornado menos favor\u00e1vel, diz o estudo.<\/p>\n<p>Embora a infla\u00e7\u00e3o em 12 meses ainda mostre uma tend\u00eancia de desacelera\u00e7\u00e3o ante \u00e0 observada em 2023, a conjuntura atual revela que esse processo de desinfla\u00e7\u00e3o tende a ser mais lento que o projetado anteriormente. Por isso, explica o Ipea, a expectativa para os pr\u00f3ximos meses \u00e9 de leve acelera\u00e7\u00e3o da infla\u00e7\u00e3o em 12 meses, ainda que inferior aos 4,6% observados em 2023.<\/p>\n<\/div>\n","protected":false},"excerpt":{"rendered":"<p>Estudo \u00e9 da Diretoria de Estudos e Pol\u00edticas Macroecon\u00f4micas O Grupo de Conjuntura da Diretoria<\/p>\n","protected":false},"author":4,"featured_media":44063,"comment_status":"open","ping_status":"open","sticky":false,"template":"","format":"standard","meta":{"footnotes":""},"categories":[3,5],"tags":[],"class_list":["post-44062","post","type-post","status-publish","format-standard","has-post-thumbnail","hentry","category-destaques","category-economia"],"yoast_head":"<!-- This site is optimized with the Yoast SEO plugin v27.5 - https:\/\/yoast.com\/product\/yoast-seo-wordpress\/ -->\n<title>Ipea rev\u00ea crescimento do PIB para 3,3% este ano e 2,4% para 2025 - Jornal<\/title>\n<meta name=\"description\" content=\"Ipea rev\u00ea crescimento do PIB para 3,3% este ano e 2,4% para 2025\" \/>\n<meta name=\"robots\" content=\"index, follow, max-snippet:-1, max-image-preview:large, max-video-preview:-1\" \/>\n<link rel=\"canonical\" href=\"https:\/\/jornalboasnoticias.com.br\/home\/ipea-reve-crescimento-do-pib-para-33-este-ano-e-24-para-2025\/\" \/>\n<meta property=\"og:locale\" content=\"pt_BR\" \/>\n<meta property=\"og:type\" content=\"article\" \/>\n<meta property=\"og:title\" content=\"Ipea rev\u00ea crescimento do PIB para 3,3% este ano e 2,4% para 2025 - Jornal\" \/>\n<meta property=\"og:description\" content=\"Ipea rev\u00ea crescimento do PIB para 3,3% este ano e 2,4% para 2025\" \/>\n<meta property=\"og:url\" content=\"https:\/\/jornalboasnoticias.com.br\/home\/ipea-reve-crescimento-do-pib-para-33-este-ano-e-24-para-2025\/\" \/>\n<meta property=\"og:site_name\" content=\"Jornal\" \/>\n<meta property=\"article:publisher\" content=\"https:\/\/www.facebook.com\/boasnoticiasjornal\" \/>\n<meta property=\"article:published_time\" content=\"2024-09-30T21:35:18+00:00\" \/>\n<meta property=\"og:image\" content=\"https:\/\/jornalboasnoticias.com.br\/home\/wp-content\/uploads\/2024\/09\/economia_1609210412_0.webp\" \/>\n\t<meta property=\"og:image:width\" content=\"1170\" \/>\n\t<meta property=\"og:image:height\" content=\"700\" \/>\n\t<meta property=\"og:image:type\" content=\"image\/webp\" \/>\n<meta name=\"author\" content=\"Ana Luiza Bonatto\" \/>\n<meta name=\"twitter:card\" content=\"summary_large_image\" \/>\n<meta name=\"twitter:label1\" content=\"Escrito por\" \/>\n\t<meta name=\"twitter:data1\" content=\"Ana Luiza Bonatto\" \/>\n\t<meta name=\"twitter:label2\" content=\"Est. tempo de leitura\" \/>\n\t<meta name=\"twitter:data2\" content=\"3 minutos\" \/>\n<script type=\"application\/ld+json\" class=\"yoast-schema-graph\">{\"@context\":\"https:\\\/\\\/schema.org\",\"@graph\":[{\"@type\":\"Article\",\"@id\":\"https:\\\/\\\/jornalboasnoticias.com.br\\\/home\\\/ipea-reve-crescimento-do-pib-para-33-este-ano-e-24-para-2025\\\/#article\",\"isPartOf\":{\"@id\":\"https:\\\/\\\/jornalboasnoticias.com.br\\\/home\\\/ipea-reve-crescimento-do-pib-para-33-este-ano-e-24-para-2025\\\/\"},\"author\":{\"name\":\"Ana Luiza Bonatto\",\"@id\":\"https:\\\/\\\/jornalboasnoticias.com.br\\\/home\\\/#\\\/schema\\\/person\\\/d641193e0afc6405b390164dac847971\"},\"headline\":\"Ipea rev\u00ea crescimento do PIB para 3,3% este ano e 2,4% para 2025\",\"datePublished\":\"2024-09-30T21:35:18+00:00\",\"mainEntityOfPage\":{\"@id\":\"https:\\\/\\\/jornalboasnoticias.com.br\\\/home\\\/ipea-reve-crescimento-do-pib-para-33-este-ano-e-24-para-2025\\\/\"},\"wordCount\":453,\"commentCount\":0,\"publisher\":{\"@id\":\"https:\\\/\\\/jornalboasnoticias.com.br\\\/home\\\/#organization\"},\"image\":{\"@id\":\"https:\\\/\\\/jornalboasnoticias.com.br\\\/home\\\/ipea-reve-crescimento-do-pib-para-33-este-ano-e-24-para-2025\\\/#primaryimage\"},\"thumbnailUrl\":\"https:\\\/\\\/jornalboasnoticias.com.br\\\/home\\\/wp-content\\\/uploads\\\/2024\\\/09\\\/economia_1609210412_0.webp\",\"articleSection\":[\"DESTAQUE\",\"ECONOMIA\"],\"inLanguage\":\"pt-BR\",\"potentialAction\":[{\"@type\":\"CommentAction\",\"name\":\"Comment\",\"target\":[\"https:\\\/\\\/jornalboasnoticias.com.br\\\/home\\\/ipea-reve-crescimento-do-pib-para-33-este-ano-e-24-para-2025\\\/#respond\"]}]},{\"@type\":\"WebPage\",\"@id\":\"https:\\\/\\\/jornalboasnoticias.com.br\\\/home\\\/ipea-reve-crescimento-do-pib-para-33-este-ano-e-24-para-2025\\\/\",\"url\":\"https:\\\/\\\/jornalboasnoticias.com.br\\\/home\\\/ipea-reve-crescimento-do-pib-para-33-este-ano-e-24-para-2025\\\/\",\"name\":\"Ipea rev\u00ea crescimento do PIB para 3,3% este ano e 2,4% para 2025 - Jornal\",\"isPartOf\":{\"@id\":\"https:\\\/\\\/jornalboasnoticias.com.br\\\/home\\\/#website\"},\"primaryImageOfPage\":{\"@id\":\"https:\\\/\\\/jornalboasnoticias.com.br\\\/home\\\/ipea-reve-crescimento-do-pib-para-33-este-ano-e-24-para-2025\\\/#primaryimage\"},\"image\":{\"@id\":\"https:\\\/\\\/jornalboasnoticias.com.br\\\/home\\\/ipea-reve-crescimento-do-pib-para-33-este-ano-e-24-para-2025\\\/#primaryimage\"},\"thumbnailUrl\":\"https:\\\/\\\/jornalboasnoticias.com.br\\\/home\\\/wp-content\\\/uploads\\\/2024\\\/09\\\/economia_1609210412_0.webp\",\"datePublished\":\"2024-09-30T21:35:18+00:00\",\"description\":\"Ipea rev\u00ea crescimento do PIB para 3,3% este ano e 2,4% para 2025\",\"breadcrumb\":{\"@id\":\"https:\\\/\\\/jornalboasnoticias.com.br\\\/home\\\/ipea-reve-crescimento-do-pib-para-33-este-ano-e-24-para-2025\\\/#breadcrumb\"},\"inLanguage\":\"pt-BR\",\"potentialAction\":[{\"@type\":\"ReadAction\",\"target\":[\"https:\\\/\\\/jornalboasnoticias.com.br\\\/home\\\/ipea-reve-crescimento-do-pib-para-33-este-ano-e-24-para-2025\\\/\"]}]},{\"@type\":\"ImageObject\",\"inLanguage\":\"pt-BR\",\"@id\":\"https:\\\/\\\/jornalboasnoticias.com.br\\\/home\\\/ipea-reve-crescimento-do-pib-para-33-este-ano-e-24-para-2025\\\/#primaryimage\",\"url\":\"https:\\\/\\\/jornalboasnoticias.com.br\\\/home\\\/wp-content\\\/uploads\\\/2024\\\/09\\\/economia_1609210412_0.webp\",\"contentUrl\":\"https:\\\/\\\/jornalboasnoticias.com.br\\\/home\\\/wp-content\\\/uploads\\\/2024\\\/09\\\/economia_1609210412_0.webp\",\"width\":1170,\"height\":700,\"caption\":\"\u00a9 Marcello Casal JrAg\u00eancia Brasil\"},{\"@type\":\"BreadcrumbList\",\"@id\":\"https:\\\/\\\/jornalboasnoticias.com.br\\\/home\\\/ipea-reve-crescimento-do-pib-para-33-este-ano-e-24-para-2025\\\/#breadcrumb\",\"itemListElement\":[{\"@type\":\"ListItem\",\"position\":1,\"name\":\"In\u00edcio\",\"item\":\"https:\\\/\\\/jornalboasnoticias.com.br\\\/home\\\/\"},{\"@type\":\"ListItem\",\"position\":2,\"name\":\"Ipea rev\u00ea crescimento do PIB para 3,3% este ano e 2,4% para 2025\"}]},{\"@type\":\"WebSite\",\"@id\":\"https:\\\/\\\/jornalboasnoticias.com.br\\\/home\\\/#website\",\"url\":\"https:\\\/\\\/jornalboasnoticias.com.br\\\/home\\\/\",\"name\":\"Jornal Boas Not\u00edcias\",\"description\":\"Boas not\u00edcias\",\"publisher\":{\"@id\":\"https:\\\/\\\/jornalboasnoticias.com.br\\\/home\\\/#organization\"},\"potentialAction\":[{\"@type\":\"SearchAction\",\"target\":{\"@type\":\"EntryPoint\",\"urlTemplate\":\"https:\\\/\\\/jornalboasnoticias.com.br\\\/home\\\/?s={search_term_string}\"},\"query-input\":{\"@type\":\"PropertyValueSpecification\",\"valueRequired\":true,\"valueName\":\"search_term_string\"}}],\"inLanguage\":\"pt-BR\"},{\"@type\":\"Organization\",\"@id\":\"https:\\\/\\\/jornalboasnoticias.com.br\\\/home\\\/#organization\",\"name\":\"Coq Editora Ltda\",\"alternateName\":\"Jornal Boas Noticias\",\"url\":\"https:\\\/\\\/jornalboasnoticias.com.br\\\/home\\\/\",\"logo\":{\"@type\":\"ImageObject\",\"inLanguage\":\"pt-BR\",\"@id\":\"https:\\\/\\\/jornalboasnoticias.com.br\\\/home\\\/#\\\/schema\\\/logo\\\/image\\\/\",\"url\":\"https:\\\/\\\/jornalboasnoticias.com.br\\\/home\\\/wp-content\\\/uploads\\\/2024\\\/07\\\/cropped-logo.jpg\",\"contentUrl\":\"https:\\\/\\\/jornalboasnoticias.com.br\\\/home\\\/wp-content\\\/uploads\\\/2024\\\/07\\\/cropped-logo.jpg\",\"width\":290,\"height\":142,\"caption\":\"Coq Editora Ltda\"},\"image\":{\"@id\":\"https:\\\/\\\/jornalboasnoticias.com.br\\\/home\\\/#\\\/schema\\\/logo\\\/image\\\/\"},\"sameAs\":[\"https:\\\/\\\/www.facebook.com\\\/boasnoticiasjornal\"]},{\"@type\":\"Person\",\"@id\":\"https:\\\/\\\/jornalboasnoticias.com.br\\\/home\\\/#\\\/schema\\\/person\\\/d641193e0afc6405b390164dac847971\",\"name\":\"Ana Luiza Bonatto\",\"image\":{\"@type\":\"ImageObject\",\"inLanguage\":\"pt-BR\",\"@id\":\"https:\\\/\\\/secure.gravatar.com\\\/avatar\\\/8a055ebe6373371f67ac6fcf313c0ac0b0a91157fdcdb9514fa62927373348f0?s=96&d=mm&r=g\",\"url\":\"https:\\\/\\\/secure.gravatar.com\\\/avatar\\\/8a055ebe6373371f67ac6fcf313c0ac0b0a91157fdcdb9514fa62927373348f0?s=96&d=mm&r=g\",\"contentUrl\":\"https:\\\/\\\/secure.gravatar.com\\\/avatar\\\/8a055ebe6373371f67ac6fcf313c0ac0b0a91157fdcdb9514fa62927373348f0?s=96&d=mm&r=g\",\"caption\":\"Ana Luiza Bonatto\"},\"url\":\"https:\\\/\\\/jornalboasnoticias.com.br\\\/home\\\/author\\\/ana-luiza\\\/\"}]}<\/script>\n<!-- \/ Yoast SEO plugin. -->","yoast_head_json":{"title":"Ipea rev\u00ea crescimento do PIB para 3,3% este ano e 2,4% para 2025 - Jornal","description":"Ipea rev\u00ea crescimento do PIB para 3,3% este ano e 2,4% para 2025","robots":{"index":"index","follow":"follow","max-snippet":"max-snippet:-1","max-image-preview":"max-image-preview:large","max-video-preview":"max-video-preview:-1"},"canonical":"https:\/\/jornalboasnoticias.com.br\/home\/ipea-reve-crescimento-do-pib-para-33-este-ano-e-24-para-2025\/","og_locale":"pt_BR","og_type":"article","og_title":"Ipea rev\u00ea crescimento do PIB para 3,3% este ano e 2,4% para 2025 - Jornal","og_description":"Ipea rev\u00ea crescimento do PIB para 3,3% este ano e 2,4% para 2025","og_url":"https:\/\/jornalboasnoticias.com.br\/home\/ipea-reve-crescimento-do-pib-para-33-este-ano-e-24-para-2025\/","og_site_name":"Jornal","article_publisher":"https:\/\/www.facebook.com\/boasnoticiasjornal","article_published_time":"2024-09-30T21:35:18+00:00","og_image":[{"width":1170,"height":700,"url":"https:\/\/jornalboasnoticias.com.br\/home\/wp-content\/uploads\/2024\/09\/economia_1609210412_0.webp","type":"image\/webp"}],"author":"Ana Luiza Bonatto","twitter_card":"summary_large_image","twitter_misc":{"Escrito por":"Ana Luiza Bonatto","Est. tempo de leitura":"3 minutos"},"schema":{"@context":"https:\/\/schema.org","@graph":[{"@type":"Article","@id":"https:\/\/jornalboasnoticias.com.br\/home\/ipea-reve-crescimento-do-pib-para-33-este-ano-e-24-para-2025\/#article","isPartOf":{"@id":"https:\/\/jornalboasnoticias.com.br\/home\/ipea-reve-crescimento-do-pib-para-33-este-ano-e-24-para-2025\/"},"author":{"name":"Ana Luiza Bonatto","@id":"https:\/\/jornalboasnoticias.com.br\/home\/#\/schema\/person\/d641193e0afc6405b390164dac847971"},"headline":"Ipea rev\u00ea crescimento do PIB para 3,3% este ano e 2,4% para 2025","datePublished":"2024-09-30T21:35:18+00:00","mainEntityOfPage":{"@id":"https:\/\/jornalboasnoticias.com.br\/home\/ipea-reve-crescimento-do-pib-para-33-este-ano-e-24-para-2025\/"},"wordCount":453,"commentCount":0,"publisher":{"@id":"https:\/\/jornalboasnoticias.com.br\/home\/#organization"},"image":{"@id":"https:\/\/jornalboasnoticias.com.br\/home\/ipea-reve-crescimento-do-pib-para-33-este-ano-e-24-para-2025\/#primaryimage"},"thumbnailUrl":"https:\/\/jornalboasnoticias.com.br\/home\/wp-content\/uploads\/2024\/09\/economia_1609210412_0.webp","articleSection":["DESTAQUE","ECONOMIA"],"inLanguage":"pt-BR","potentialAction":[{"@type":"CommentAction","name":"Comment","target":["https:\/\/jornalboasnoticias.com.br\/home\/ipea-reve-crescimento-do-pib-para-33-este-ano-e-24-para-2025\/#respond"]}]},{"@type":"WebPage","@id":"https:\/\/jornalboasnoticias.com.br\/home\/ipea-reve-crescimento-do-pib-para-33-este-ano-e-24-para-2025\/","url":"https:\/\/jornalboasnoticias.com.br\/home\/ipea-reve-crescimento-do-pib-para-33-este-ano-e-24-para-2025\/","name":"Ipea rev\u00ea crescimento do PIB para 3,3% este ano e 2,4% para 2025 - Jornal","isPartOf":{"@id":"https:\/\/jornalboasnoticias.com.br\/home\/#website"},"primaryImageOfPage":{"@id":"https:\/\/jornalboasnoticias.com.br\/home\/ipea-reve-crescimento-do-pib-para-33-este-ano-e-24-para-2025\/#primaryimage"},"image":{"@id":"https:\/\/jornalboasnoticias.com.br\/home\/ipea-reve-crescimento-do-pib-para-33-este-ano-e-24-para-2025\/#primaryimage"},"thumbnailUrl":"https:\/\/jornalboasnoticias.com.br\/home\/wp-content\/uploads\/2024\/09\/economia_1609210412_0.webp","datePublished":"2024-09-30T21:35:18+00:00","description":"Ipea rev\u00ea crescimento do PIB para 3,3% este ano e 2,4% para 2025","breadcrumb":{"@id":"https:\/\/jornalboasnoticias.com.br\/home\/ipea-reve-crescimento-do-pib-para-33-este-ano-e-24-para-2025\/#breadcrumb"},"inLanguage":"pt-BR","potentialAction":[{"@type":"ReadAction","target":["https:\/\/jornalboasnoticias.com.br\/home\/ipea-reve-crescimento-do-pib-para-33-este-ano-e-24-para-2025\/"]}]},{"@type":"ImageObject","inLanguage":"pt-BR","@id":"https:\/\/jornalboasnoticias.com.br\/home\/ipea-reve-crescimento-do-pib-para-33-este-ano-e-24-para-2025\/#primaryimage","url":"https:\/\/jornalboasnoticias.com.br\/home\/wp-content\/uploads\/2024\/09\/economia_1609210412_0.webp","contentUrl":"https:\/\/jornalboasnoticias.com.br\/home\/wp-content\/uploads\/2024\/09\/economia_1609210412_0.webp","width":1170,"height":700,"caption":"\u00a9 Marcello Casal JrAg\u00eancia Brasil"},{"@type":"BreadcrumbList","@id":"https:\/\/jornalboasnoticias.com.br\/home\/ipea-reve-crescimento-do-pib-para-33-este-ano-e-24-para-2025\/#breadcrumb","itemListElement":[{"@type":"ListItem","position":1,"name":"In\u00edcio","item":"https:\/\/jornalboasnoticias.com.br\/home\/"},{"@type":"ListItem","position":2,"name":"Ipea rev\u00ea crescimento do PIB para 3,3% este ano e 2,4% para 2025"}]},{"@type":"WebSite","@id":"https:\/\/jornalboasnoticias.com.br\/home\/#website","url":"https:\/\/jornalboasnoticias.com.br\/home\/","name":"Jornal Boas Not\u00edcias","description":"Boas not\u00edcias","publisher":{"@id":"https:\/\/jornalboasnoticias.com.br\/home\/#organization"},"potentialAction":[{"@type":"SearchAction","target":{"@type":"EntryPoint","urlTemplate":"https:\/\/jornalboasnoticias.com.br\/home\/?s={search_term_string}"},"query-input":{"@type":"PropertyValueSpecification","valueRequired":true,"valueName":"search_term_string"}}],"inLanguage":"pt-BR"},{"@type":"Organization","@id":"https:\/\/jornalboasnoticias.com.br\/home\/#organization","name":"Coq Editora Ltda","alternateName":"Jornal Boas Noticias","url":"https:\/\/jornalboasnoticias.com.br\/home\/","logo":{"@type":"ImageObject","inLanguage":"pt-BR","@id":"https:\/\/jornalboasnoticias.com.br\/home\/#\/schema\/logo\/image\/","url":"https:\/\/jornalboasnoticias.com.br\/home\/wp-content\/uploads\/2024\/07\/cropped-logo.jpg","contentUrl":"https:\/\/jornalboasnoticias.com.br\/home\/wp-content\/uploads\/2024\/07\/cropped-logo.jpg","width":290,"height":142,"caption":"Coq Editora Ltda"},"image":{"@id":"https:\/\/jornalboasnoticias.com.br\/home\/#\/schema\/logo\/image\/"},"sameAs":["https:\/\/www.facebook.com\/boasnoticiasjornal"]},{"@type":"Person","@id":"https:\/\/jornalboasnoticias.com.br\/home\/#\/schema\/person\/d641193e0afc6405b390164dac847971","name":"Ana Luiza Bonatto","image":{"@type":"ImageObject","inLanguage":"pt-BR","@id":"https:\/\/secure.gravatar.com\/avatar\/8a055ebe6373371f67ac6fcf313c0ac0b0a91157fdcdb9514fa62927373348f0?s=96&d=mm&r=g","url":"https:\/\/secure.gravatar.com\/avatar\/8a055ebe6373371f67ac6fcf313c0ac0b0a91157fdcdb9514fa62927373348f0?s=96&d=mm&r=g","contentUrl":"https:\/\/secure.gravatar.com\/avatar\/8a055ebe6373371f67ac6fcf313c0ac0b0a91157fdcdb9514fa62927373348f0?s=96&d=mm&r=g","caption":"Ana Luiza Bonatto"},"url":"https:\/\/jornalboasnoticias.com.br\/home\/author\/ana-luiza\/"}]}},"_links":{"self":[{"href":"https:\/\/jornalboasnoticias.com.br\/home\/wp-json\/wp\/v2\/posts\/44062","targetHints":{"allow":["GET"]}}],"collection":[{"href":"https:\/\/jornalboasnoticias.com.br\/home\/wp-json\/wp\/v2\/posts"}],"about":[{"href":"https:\/\/jornalboasnoticias.com.br\/home\/wp-json\/wp\/v2\/types\/post"}],"author":[{"embeddable":true,"href":"https:\/\/jornalboasnoticias.com.br\/home\/wp-json\/wp\/v2\/users\/4"}],"replies":[{"embeddable":true,"href":"https:\/\/jornalboasnoticias.com.br\/home\/wp-json\/wp\/v2\/comments?post=44062"}],"version-history":[{"count":1,"href":"https:\/\/jornalboasnoticias.com.br\/home\/wp-json\/wp\/v2\/posts\/44062\/revisions"}],"predecessor-version":[{"id":44064,"href":"https:\/\/jornalboasnoticias.com.br\/home\/wp-json\/wp\/v2\/posts\/44062\/revisions\/44064"}],"wp:featuredmedia":[{"embeddable":true,"href":"https:\/\/jornalboasnoticias.com.br\/home\/wp-json\/wp\/v2\/media\/44063"}],"wp:attachment":[{"href":"https:\/\/jornalboasnoticias.com.br\/home\/wp-json\/wp\/v2\/media?parent=44062"}],"wp:term":[{"taxonomy":"category","embeddable":true,"href":"https:\/\/jornalboasnoticias.com.br\/home\/wp-json\/wp\/v2\/categories?post=44062"},{"taxonomy":"post_tag","embeddable":true,"href":"https:\/\/jornalboasnoticias.com.br\/home\/wp-json\/wp\/v2\/tags?post=44062"}],"curies":[{"name":"wp","href":"https:\/\/api.w.org\/{rel}","templated":true}]}}