{"id":44059,"date":"2024-09-30T21:33:55","date_gmt":"2024-09-30T21:33:55","guid":{"rendered":"https:\/\/jornalboasnoticias.com.br\/home\/?p=44059"},"modified":"2024-09-30T21:33:55","modified_gmt":"2024-09-30T21:33:55","slug":"acre-sindicato-dos-medicos-denuncia-instalacoes-de-raio-x-inadequadas","status":"publish","type":"post","link":"https:\/\/jornalboasnoticias.com.br\/home\/acre-sindicato-dos-medicos-denuncia-instalacoes-de-raio-x-inadequadas\/","title":{"rendered":"Acre: Sindicato dos M\u00e9dicos denuncia instala\u00e7\u00f5es de raio-x inadequadas"},"content":{"rendered":"<p><img loading=\"lazy\" decoding=\"async\" class=\"alignnone size-full wp-image-44060\" src=\"https:\/\/jornalboasnoticias.com.br\/home\/wp-content\/uploads\/2024\/09\/Untitled-2024-09-28T231019.834.webp\" alt=\"\" width=\"1024\" height=\"536\" srcset=\"https:\/\/jornalboasnoticias.com.br\/home\/wp-content\/uploads\/2024\/09\/Untitled-2024-09-28T231019.834.webp 1024w, https:\/\/jornalboasnoticias.com.br\/home\/wp-content\/uploads\/2024\/09\/Untitled-2024-09-28T231019.834-300x157.webp 300w, https:\/\/jornalboasnoticias.com.br\/home\/wp-content\/uploads\/2024\/09\/Untitled-2024-09-28T231019.834-768x402.webp 768w\" sizes=\"auto, (max-width: 1024px) 100vw, 1024px\" \/><\/p>\n<p>O Sindicato dos M\u00e9dicos do Acre (Sindmed-AC) encaminhou um documento ao Minist\u00e9rio P\u00fablico Estadual, ao Conselho Regional de Medicina e \u00e0 Secretaria Estadual de Sa\u00fade do Acre (Sesacre) para verificar den\u00fancias de radia\u00e7\u00e3o por meio de aparelhos de raio-x\u00a0instalados nos hospitais dos munic\u00edpios de\u00a0Feij\u00f3 e Sena Madureira. Em nota, o sindicato informou que durante\u00a0visita t\u00e9cnica,\u00a0uma equipe da representa\u00e7\u00e3o dos profissionais verificou que\u00a0\u201csalas improvisadas possuem aparelhos de raio-x\u00a0em pleno funcionamento, mas sem o devido isolamento e conten\u00e7\u00e3o da radia\u00e7\u00e3o\u201d.<img decoding=\"async\" src=\"https:\/\/agenciabrasil.ebc.com.br\/ebc.png?id=1614017&amp;o=node\" \/><img decoding=\"async\" src=\"https:\/\/agenciabrasil.ebc.com.br\/ebc.gif?id=1614017&amp;o=node\" \/><\/p>\n<p>Na nota, a diretoria do Sindmed-AC classifica a situa\u00e7\u00e3o como grav\u00edssima e que ser\u00e1 denunciada tamb\u00e9m\u00a0\u00e0 Comiss\u00e3o Nacional de Energia Nuclear [CNEN]. \u201cEssa \u00e9 uma situa\u00e7\u00e3o grav\u00edssima que deve ser investigada pelas autoridades competentes na \u00e1rea, por isso pediremos ajuda \u00e0 Comiss\u00e3o Nacional de Energia Nuclear\u201d, exp\u00f4s o vice-presidente do Sindmed-AC, Rodrigo Prado, na nota.<\/p>\n<p>A entidade denuncia, inclusive, que por ser pr\u00f3ximo ao pronto-socorro improvisado, at\u00e9 o pr\u00e9dio do Minist\u00e9rio P\u00fablico Estadual de Sena Madureira, \u201cpode estar recebendo radia\u00e7\u00e3o secund\u00e1ria proveniente do aparelho de raio-x\u201d.<\/p>\n<p>Conforme o \u00f3rg\u00e3o de classe, a suspeita foi resultado de alertas feitos pelos trabalhadores, \u201cque denunciaram a falta de barita nas paredes e a aus\u00eancia de uma porta adequada no espa\u00e7o. Assim, o risco \u00e9 de uma contamina\u00e7\u00e3o silenciosa, causando danos irrepar\u00e1veis \u00e0 sa\u00fade das pessoas\u201d.<\/p>\n<p>Conforme o sindicato, o aparelho de Sena Madureira est\u00e1 apontado para uma parede de \u00e1rea externa. \u201cIsso significa que os vizinhos da frente da unidade podem estar recebendo doses di\u00e1rias de radia\u00e7\u00e3o prim\u00e1ria, enquanto a radia\u00e7\u00e3o secund\u00e1ria, de menor intensidade, se espalha ao redor e, mesmo sendo menos potente, acaba sendo perigosa devido \u00e0 frequ\u00eancia\u201d, acrescentou.<\/p>\n<p>J\u00e1 em Feij\u00f3, segundo a entidade, o equipamento foi instalado no almoxarifado, na dire\u00e7\u00e3o da frente provis\u00f3ria do hospital. \u201cAssim, pacientes, acompanhantes e, principalmente, os servidores podem estar recebendo rajadas de radia\u00e7\u00e3o prim\u00e1ria, enquanto o material disponibilizado dentro da sala acaba contaminado com a radia\u00e7\u00e3o secund\u00e1ria\u201d, completou.<\/p>\n<p>Rodrigo Prado disse que o caso de Sena Madureira j\u00e1 foi discutido pelo Sindicato em reuni\u00f5es com autoridades realizadas na Sesacre. \u201cExistem at\u00e9 den\u00fancias anteriores, quando uma situa\u00e7\u00e3o semelhante ocorreu no antigo pronto-socorro. A situa\u00e7\u00e3o est\u00e1 se agravando e trazendo riscos para a popula\u00e7\u00e3o\u201d, relatou.<\/p>\n<p>A entidade tamb\u00e9m cita den\u00fancias de que\u00a0a\u00a0unidade do munic\u00edpio de\u00a0Manoel Urbano enfrenta situa\u00e7\u00e3o semelhante, &#8220;o que levanta um alerta sobre a efici\u00eancia do isolamento em todas as unidades do estado\u201d.<\/p>\n<p>A inten\u00e7\u00e3o da den\u00fancia, de acordo com o sindicato, \u201c\u00e9 evitar algo semelhante \u00e0 cat\u00e1strofe ocorrida em 1987, em Goi\u00e2nia, quando a exposi\u00e7\u00e3o ao C\u00e9sio-137 (137Cs) resultou na\u00a0<a href=\"https:\/\/radios.ebc.com.br\/revista-brasil\/2024\/09\/acidente-cesio-137-em-goiania-completa-37-anos\" target=\"_blank\" rel=\"noopener\">morte de quatro pessoas<\/a>. Na \u00e9poca, indiv\u00edduos acabaram violando uma m\u00e1quina abandonada em uma unidade de sa\u00fade, levando o material radiol\u00f3gico para casa por acreditar que era um objeto de valor\u201d.<\/p>\n<h2>CNEN<\/h2>\n<p>Em resposta \u00e0\u00a0<strong>Ag\u00eancia Brasil<\/strong>, a CNEN informou que \u201co controle de raio-x para fins diagn\u00f3sticos n\u00e3o \u00e9 de compet\u00eancia da CNEN, e sim da ANVISA, em suas unidades locais\u201d.<\/p>\n<h2>MPAC<\/h2>\n<p>O Minist\u00e9rio P\u00fablico do Estado do Acre disse que a apura\u00e7\u00e3o das den\u00fancias est\u00e1 em andamento. \u201cAo tomar conhecimento, o Minist\u00e9rio P\u00fablico do Estado do Acre, por meio das Promotorias de Justi\u00e7a de Sena Madureira e Feij\u00f3, adotou provid\u00eancias para apurar as den\u00fancias\u201d.<\/p>\n<p>A\u00a0<strong>Ag\u00eancia Brasil<\/strong>\u00a0procurou a\u00a0Anvisa, a Secretaria de Estado de Sa\u00fade do Acre e o Conselho Regional de Medicina e aguarda posicionamento sobre as den\u00fancias.<\/p>\n<p>(Ag\u00eancia Brasil)<\/p>\n","protected":false},"excerpt":{"rendered":"<p>O Sindicato dos M\u00e9dicos do Acre (Sindmed-AC) encaminhou um documento ao Minist\u00e9rio P\u00fablico Estadual, ao<\/p>\n","protected":false},"author":4,"featured_media":44060,"comment_status":"open","ping_status":"open","sticky":false,"template":"","format":"standard","meta":{"footnotes":""},"categories":[6,3],"tags":[],"class_list":["post-44059","post","type-post","status-publish","format-standard","has-post-thumbnail","hentry","category-brasil","category-destaques"],"yoast_head":"<!-- This site is optimized with the Yoast SEO plugin v27.5 - https:\/\/yoast.com\/product\/yoast-seo-wordpress\/ -->\n<title>Acre: Sindicato dos M\u00e9dicos denuncia instala\u00e7\u00f5es de raio-x inadequadas - Jornal<\/title>\n<meta name=\"description\" content=\"Acre: Sindicato dos M\u00e9dicos denuncia instala\u00e7\u00f5es de raio-x inadequadas\" \/>\n<meta name=\"robots\" content=\"index, follow, max-snippet:-1, max-image-preview:large, max-video-preview:-1\" \/>\n<link rel=\"canonical\" href=\"https:\/\/jornalboasnoticias.com.br\/home\/acre-sindicato-dos-medicos-denuncia-instalacoes-de-raio-x-inadequadas\/\" \/>\n<meta property=\"og:locale\" content=\"pt_BR\" \/>\n<meta property=\"og:type\" content=\"article\" \/>\n<meta property=\"og:title\" content=\"Acre: Sindicato dos M\u00e9dicos denuncia instala\u00e7\u00f5es de raio-x inadequadas - Jornal\" \/>\n<meta property=\"og:description\" content=\"Acre: Sindicato dos M\u00e9dicos denuncia instala\u00e7\u00f5es de raio-x inadequadas\" \/>\n<meta property=\"og:url\" content=\"https:\/\/jornalboasnoticias.com.br\/home\/acre-sindicato-dos-medicos-denuncia-instalacoes-de-raio-x-inadequadas\/\" \/>\n<meta property=\"og:site_name\" content=\"Jornal\" \/>\n<meta property=\"article:publisher\" content=\"https:\/\/www.facebook.com\/boasnoticiasjornal\" \/>\n<meta property=\"article:published_time\" content=\"2024-09-30T21:33:55+00:00\" \/>\n<meta property=\"og:image\" content=\"https:\/\/jornalboasnoticias.com.br\/home\/wp-content\/uploads\/2024\/09\/Untitled-2024-09-28T231019.834.webp\" \/>\n\t<meta property=\"og:image:width\" content=\"1024\" \/>\n\t<meta property=\"og:image:height\" content=\"536\" \/>\n\t<meta property=\"og:image:type\" content=\"image\/webp\" \/>\n<meta name=\"author\" content=\"Ana Luiza Bonatto\" \/>\n<meta name=\"twitter:card\" content=\"summary_large_image\" \/>\n<meta name=\"twitter:label1\" content=\"Escrito por\" \/>\n\t<meta name=\"twitter:data1\" content=\"Ana Luiza Bonatto\" \/>\n\t<meta name=\"twitter:label2\" content=\"Est. tempo de leitura\" \/>\n\t<meta name=\"twitter:data2\" content=\"4 minutos\" \/>\n<script type=\"application\/ld+json\" class=\"yoast-schema-graph\">{\"@context\":\"https:\\\/\\\/schema.org\",\"@graph\":[{\"@type\":\"Article\",\"@id\":\"https:\\\/\\\/jornalboasnoticias.com.br\\\/home\\\/acre-sindicato-dos-medicos-denuncia-instalacoes-de-raio-x-inadequadas\\\/#article\",\"isPartOf\":{\"@id\":\"https:\\\/\\\/jornalboasnoticias.com.br\\\/home\\\/acre-sindicato-dos-medicos-denuncia-instalacoes-de-raio-x-inadequadas\\\/\"},\"author\":{\"name\":\"Ana Luiza Bonatto\",\"@id\":\"https:\\\/\\\/jornalboasnoticias.com.br\\\/home\\\/#\\\/schema\\\/person\\\/d641193e0afc6405b390164dac847971\"},\"headline\":\"Acre: Sindicato dos M\u00e9dicos denuncia instala\u00e7\u00f5es de raio-x inadequadas\",\"datePublished\":\"2024-09-30T21:33:55+00:00\",\"mainEntityOfPage\":{\"@id\":\"https:\\\/\\\/jornalboasnoticias.com.br\\\/home\\\/acre-sindicato-dos-medicos-denuncia-instalacoes-de-raio-x-inadequadas\\\/\"},\"wordCount\":639,\"commentCount\":0,\"publisher\":{\"@id\":\"https:\\\/\\\/jornalboasnoticias.com.br\\\/home\\\/#organization\"},\"image\":{\"@id\":\"https:\\\/\\\/jornalboasnoticias.com.br\\\/home\\\/acre-sindicato-dos-medicos-denuncia-instalacoes-de-raio-x-inadequadas\\\/#primaryimage\"},\"thumbnailUrl\":\"https:\\\/\\\/jornalboasnoticias.com.br\\\/home\\\/wp-content\\\/uploads\\\/2024\\\/09\\\/Untitled-2024-09-28T231019.834.webp\",\"articleSection\":[\"BRASIL\",\"DESTAQUE\"],\"inLanguage\":\"pt-BR\",\"potentialAction\":[{\"@type\":\"CommentAction\",\"name\":\"Comment\",\"target\":[\"https:\\\/\\\/jornalboasnoticias.com.br\\\/home\\\/acre-sindicato-dos-medicos-denuncia-instalacoes-de-raio-x-inadequadas\\\/#respond\"]}]},{\"@type\":\"WebPage\",\"@id\":\"https:\\\/\\\/jornalboasnoticias.com.br\\\/home\\\/acre-sindicato-dos-medicos-denuncia-instalacoes-de-raio-x-inadequadas\\\/\",\"url\":\"https:\\\/\\\/jornalboasnoticias.com.br\\\/home\\\/acre-sindicato-dos-medicos-denuncia-instalacoes-de-raio-x-inadequadas\\\/\",\"name\":\"Acre: Sindicato dos M\u00e9dicos denuncia instala\u00e7\u00f5es de raio-x inadequadas - Jornal\",\"isPartOf\":{\"@id\":\"https:\\\/\\\/jornalboasnoticias.com.br\\\/home\\\/#website\"},\"primaryImageOfPage\":{\"@id\":\"https:\\\/\\\/jornalboasnoticias.com.br\\\/home\\\/acre-sindicato-dos-medicos-denuncia-instalacoes-de-raio-x-inadequadas\\\/#primaryimage\"},\"image\":{\"@id\":\"https:\\\/\\\/jornalboasnoticias.com.br\\\/home\\\/acre-sindicato-dos-medicos-denuncia-instalacoes-de-raio-x-inadequadas\\\/#primaryimage\"},\"thumbnailUrl\":\"https:\\\/\\\/jornalboasnoticias.com.br\\\/home\\\/wp-content\\\/uploads\\\/2024\\\/09\\\/Untitled-2024-09-28T231019.834.webp\",\"datePublished\":\"2024-09-30T21:33:55+00:00\",\"description\":\"Acre: Sindicato dos M\u00e9dicos denuncia instala\u00e7\u00f5es de raio-x inadequadas\",\"breadcrumb\":{\"@id\":\"https:\\\/\\\/jornalboasnoticias.com.br\\\/home\\\/acre-sindicato-dos-medicos-denuncia-instalacoes-de-raio-x-inadequadas\\\/#breadcrumb\"},\"inLanguage\":\"pt-BR\",\"potentialAction\":[{\"@type\":\"ReadAction\",\"target\":[\"https:\\\/\\\/jornalboasnoticias.com.br\\\/home\\\/acre-sindicato-dos-medicos-denuncia-instalacoes-de-raio-x-inadequadas\\\/\"]}]},{\"@type\":\"ImageObject\",\"inLanguage\":\"pt-BR\",\"@id\":\"https:\\\/\\\/jornalboasnoticias.com.br\\\/home\\\/acre-sindicato-dos-medicos-denuncia-instalacoes-de-raio-x-inadequadas\\\/#primaryimage\",\"url\":\"https:\\\/\\\/jornalboasnoticias.com.br\\\/home\\\/wp-content\\\/uploads\\\/2024\\\/09\\\/Untitled-2024-09-28T231019.834.webp\",\"contentUrl\":\"https:\\\/\\\/jornalboasnoticias.com.br\\\/home\\\/wp-content\\\/uploads\\\/2024\\\/09\\\/Untitled-2024-09-28T231019.834.webp\",\"width\":1024,\"height\":536},{\"@type\":\"BreadcrumbList\",\"@id\":\"https:\\\/\\\/jornalboasnoticias.com.br\\\/home\\\/acre-sindicato-dos-medicos-denuncia-instalacoes-de-raio-x-inadequadas\\\/#breadcrumb\",\"itemListElement\":[{\"@type\":\"ListItem\",\"position\":1,\"name\":\"In\u00edcio\",\"item\":\"https:\\\/\\\/jornalboasnoticias.com.br\\\/home\\\/\"},{\"@type\":\"ListItem\",\"position\":2,\"name\":\"Acre: Sindicato dos M\u00e9dicos denuncia instala\u00e7\u00f5es de raio-x inadequadas\"}]},{\"@type\":\"WebSite\",\"@id\":\"https:\\\/\\\/jornalboasnoticias.com.br\\\/home\\\/#website\",\"url\":\"https:\\\/\\\/jornalboasnoticias.com.br\\\/home\\\/\",\"name\":\"Jornal Boas Not\u00edcias\",\"description\":\"Boas not\u00edcias\",\"publisher\":{\"@id\":\"https:\\\/\\\/jornalboasnoticias.com.br\\\/home\\\/#organization\"},\"potentialAction\":[{\"@type\":\"SearchAction\",\"target\":{\"@type\":\"EntryPoint\",\"urlTemplate\":\"https:\\\/\\\/jornalboasnoticias.com.br\\\/home\\\/?s={search_term_string}\"},\"query-input\":{\"@type\":\"PropertyValueSpecification\",\"valueRequired\":true,\"valueName\":\"search_term_string\"}}],\"inLanguage\":\"pt-BR\"},{\"@type\":\"Organization\",\"@id\":\"https:\\\/\\\/jornalboasnoticias.com.br\\\/home\\\/#organization\",\"name\":\"Coq Editora Ltda\",\"alternateName\":\"Jornal Boas Noticias\",\"url\":\"https:\\\/\\\/jornalboasnoticias.com.br\\\/home\\\/\",\"logo\":{\"@type\":\"ImageObject\",\"inLanguage\":\"pt-BR\",\"@id\":\"https:\\\/\\\/jornalboasnoticias.com.br\\\/home\\\/#\\\/schema\\\/logo\\\/image\\\/\",\"url\":\"https:\\\/\\\/jornalboasnoticias.com.br\\\/home\\\/wp-content\\\/uploads\\\/2024\\\/07\\\/cropped-logo.jpg\",\"contentUrl\":\"https:\\\/\\\/jornalboasnoticias.com.br\\\/home\\\/wp-content\\\/uploads\\\/2024\\\/07\\\/cropped-logo.jpg\",\"width\":290,\"height\":142,\"caption\":\"Coq Editora Ltda\"},\"image\":{\"@id\":\"https:\\\/\\\/jornalboasnoticias.com.br\\\/home\\\/#\\\/schema\\\/logo\\\/image\\\/\"},\"sameAs\":[\"https:\\\/\\\/www.facebook.com\\\/boasnoticiasjornal\"]},{\"@type\":\"Person\",\"@id\":\"https:\\\/\\\/jornalboasnoticias.com.br\\\/home\\\/#\\\/schema\\\/person\\\/d641193e0afc6405b390164dac847971\",\"name\":\"Ana Luiza Bonatto\",\"image\":{\"@type\":\"ImageObject\",\"inLanguage\":\"pt-BR\",\"@id\":\"https:\\\/\\\/secure.gravatar.com\\\/avatar\\\/8a055ebe6373371f67ac6fcf313c0ac0b0a91157fdcdb9514fa62927373348f0?s=96&d=mm&r=g\",\"url\":\"https:\\\/\\\/secure.gravatar.com\\\/avatar\\\/8a055ebe6373371f67ac6fcf313c0ac0b0a91157fdcdb9514fa62927373348f0?s=96&d=mm&r=g\",\"contentUrl\":\"https:\\\/\\\/secure.gravatar.com\\\/avatar\\\/8a055ebe6373371f67ac6fcf313c0ac0b0a91157fdcdb9514fa62927373348f0?s=96&d=mm&r=g\",\"caption\":\"Ana Luiza Bonatto\"},\"url\":\"https:\\\/\\\/jornalboasnoticias.com.br\\\/home\\\/author\\\/ana-luiza\\\/\"}]}<\/script>\n<!-- \/ Yoast SEO plugin. -->","yoast_head_json":{"title":"Acre: Sindicato dos M\u00e9dicos denuncia instala\u00e7\u00f5es de raio-x inadequadas - Jornal","description":"Acre: Sindicato dos M\u00e9dicos denuncia instala\u00e7\u00f5es de raio-x inadequadas","robots":{"index":"index","follow":"follow","max-snippet":"max-snippet:-1","max-image-preview":"max-image-preview:large","max-video-preview":"max-video-preview:-1"},"canonical":"https:\/\/jornalboasnoticias.com.br\/home\/acre-sindicato-dos-medicos-denuncia-instalacoes-de-raio-x-inadequadas\/","og_locale":"pt_BR","og_type":"article","og_title":"Acre: Sindicato dos M\u00e9dicos denuncia instala\u00e7\u00f5es de raio-x inadequadas - Jornal","og_description":"Acre: Sindicato dos M\u00e9dicos denuncia instala\u00e7\u00f5es de raio-x inadequadas","og_url":"https:\/\/jornalboasnoticias.com.br\/home\/acre-sindicato-dos-medicos-denuncia-instalacoes-de-raio-x-inadequadas\/","og_site_name":"Jornal","article_publisher":"https:\/\/www.facebook.com\/boasnoticiasjornal","article_published_time":"2024-09-30T21:33:55+00:00","og_image":[{"width":1024,"height":536,"url":"https:\/\/jornalboasnoticias.com.br\/home\/wp-content\/uploads\/2024\/09\/Untitled-2024-09-28T231019.834.webp","type":"image\/webp"}],"author":"Ana Luiza Bonatto","twitter_card":"summary_large_image","twitter_misc":{"Escrito por":"Ana Luiza Bonatto","Est. tempo de leitura":"4 minutos"},"schema":{"@context":"https:\/\/schema.org","@graph":[{"@type":"Article","@id":"https:\/\/jornalboasnoticias.com.br\/home\/acre-sindicato-dos-medicos-denuncia-instalacoes-de-raio-x-inadequadas\/#article","isPartOf":{"@id":"https:\/\/jornalboasnoticias.com.br\/home\/acre-sindicato-dos-medicos-denuncia-instalacoes-de-raio-x-inadequadas\/"},"author":{"name":"Ana Luiza Bonatto","@id":"https:\/\/jornalboasnoticias.com.br\/home\/#\/schema\/person\/d641193e0afc6405b390164dac847971"},"headline":"Acre: Sindicato dos M\u00e9dicos denuncia instala\u00e7\u00f5es de raio-x inadequadas","datePublished":"2024-09-30T21:33:55+00:00","mainEntityOfPage":{"@id":"https:\/\/jornalboasnoticias.com.br\/home\/acre-sindicato-dos-medicos-denuncia-instalacoes-de-raio-x-inadequadas\/"},"wordCount":639,"commentCount":0,"publisher":{"@id":"https:\/\/jornalboasnoticias.com.br\/home\/#organization"},"image":{"@id":"https:\/\/jornalboasnoticias.com.br\/home\/acre-sindicato-dos-medicos-denuncia-instalacoes-de-raio-x-inadequadas\/#primaryimage"},"thumbnailUrl":"https:\/\/jornalboasnoticias.com.br\/home\/wp-content\/uploads\/2024\/09\/Untitled-2024-09-28T231019.834.webp","articleSection":["BRASIL","DESTAQUE"],"inLanguage":"pt-BR","potentialAction":[{"@type":"CommentAction","name":"Comment","target":["https:\/\/jornalboasnoticias.com.br\/home\/acre-sindicato-dos-medicos-denuncia-instalacoes-de-raio-x-inadequadas\/#respond"]}]},{"@type":"WebPage","@id":"https:\/\/jornalboasnoticias.com.br\/home\/acre-sindicato-dos-medicos-denuncia-instalacoes-de-raio-x-inadequadas\/","url":"https:\/\/jornalboasnoticias.com.br\/home\/acre-sindicato-dos-medicos-denuncia-instalacoes-de-raio-x-inadequadas\/","name":"Acre: Sindicato dos M\u00e9dicos denuncia instala\u00e7\u00f5es de raio-x inadequadas - Jornal","isPartOf":{"@id":"https:\/\/jornalboasnoticias.com.br\/home\/#website"},"primaryImageOfPage":{"@id":"https:\/\/jornalboasnoticias.com.br\/home\/acre-sindicato-dos-medicos-denuncia-instalacoes-de-raio-x-inadequadas\/#primaryimage"},"image":{"@id":"https:\/\/jornalboasnoticias.com.br\/home\/acre-sindicato-dos-medicos-denuncia-instalacoes-de-raio-x-inadequadas\/#primaryimage"},"thumbnailUrl":"https:\/\/jornalboasnoticias.com.br\/home\/wp-content\/uploads\/2024\/09\/Untitled-2024-09-28T231019.834.webp","datePublished":"2024-09-30T21:33:55+00:00","description":"Acre: Sindicato dos M\u00e9dicos denuncia instala\u00e7\u00f5es de raio-x inadequadas","breadcrumb":{"@id":"https:\/\/jornalboasnoticias.com.br\/home\/acre-sindicato-dos-medicos-denuncia-instalacoes-de-raio-x-inadequadas\/#breadcrumb"},"inLanguage":"pt-BR","potentialAction":[{"@type":"ReadAction","target":["https:\/\/jornalboasnoticias.com.br\/home\/acre-sindicato-dos-medicos-denuncia-instalacoes-de-raio-x-inadequadas\/"]}]},{"@type":"ImageObject","inLanguage":"pt-BR","@id":"https:\/\/jornalboasnoticias.com.br\/home\/acre-sindicato-dos-medicos-denuncia-instalacoes-de-raio-x-inadequadas\/#primaryimage","url":"https:\/\/jornalboasnoticias.com.br\/home\/wp-content\/uploads\/2024\/09\/Untitled-2024-09-28T231019.834.webp","contentUrl":"https:\/\/jornalboasnoticias.com.br\/home\/wp-content\/uploads\/2024\/09\/Untitled-2024-09-28T231019.834.webp","width":1024,"height":536},{"@type":"BreadcrumbList","@id":"https:\/\/jornalboasnoticias.com.br\/home\/acre-sindicato-dos-medicos-denuncia-instalacoes-de-raio-x-inadequadas\/#breadcrumb","itemListElement":[{"@type":"ListItem","position":1,"name":"In\u00edcio","item":"https:\/\/jornalboasnoticias.com.br\/home\/"},{"@type":"ListItem","position":2,"name":"Acre: Sindicato dos M\u00e9dicos denuncia instala\u00e7\u00f5es de raio-x inadequadas"}]},{"@type":"WebSite","@id":"https:\/\/jornalboasnoticias.com.br\/home\/#website","url":"https:\/\/jornalboasnoticias.com.br\/home\/","name":"Jornal Boas Not\u00edcias","description":"Boas not\u00edcias","publisher":{"@id":"https:\/\/jornalboasnoticias.com.br\/home\/#organization"},"potentialAction":[{"@type":"SearchAction","target":{"@type":"EntryPoint","urlTemplate":"https:\/\/jornalboasnoticias.com.br\/home\/?s={search_term_string}"},"query-input":{"@type":"PropertyValueSpecification","valueRequired":true,"valueName":"search_term_string"}}],"inLanguage":"pt-BR"},{"@type":"Organization","@id":"https:\/\/jornalboasnoticias.com.br\/home\/#organization","name":"Coq Editora Ltda","alternateName":"Jornal Boas Noticias","url":"https:\/\/jornalboasnoticias.com.br\/home\/","logo":{"@type":"ImageObject","inLanguage":"pt-BR","@id":"https:\/\/jornalboasnoticias.com.br\/home\/#\/schema\/logo\/image\/","url":"https:\/\/jornalboasnoticias.com.br\/home\/wp-content\/uploads\/2024\/07\/cropped-logo.jpg","contentUrl":"https:\/\/jornalboasnoticias.com.br\/home\/wp-content\/uploads\/2024\/07\/cropped-logo.jpg","width":290,"height":142,"caption":"Coq Editora Ltda"},"image":{"@id":"https:\/\/jornalboasnoticias.com.br\/home\/#\/schema\/logo\/image\/"},"sameAs":["https:\/\/www.facebook.com\/boasnoticiasjornal"]},{"@type":"Person","@id":"https:\/\/jornalboasnoticias.com.br\/home\/#\/schema\/person\/d641193e0afc6405b390164dac847971","name":"Ana Luiza Bonatto","image":{"@type":"ImageObject","inLanguage":"pt-BR","@id":"https:\/\/secure.gravatar.com\/avatar\/8a055ebe6373371f67ac6fcf313c0ac0b0a91157fdcdb9514fa62927373348f0?s=96&d=mm&r=g","url":"https:\/\/secure.gravatar.com\/avatar\/8a055ebe6373371f67ac6fcf313c0ac0b0a91157fdcdb9514fa62927373348f0?s=96&d=mm&r=g","contentUrl":"https:\/\/secure.gravatar.com\/avatar\/8a055ebe6373371f67ac6fcf313c0ac0b0a91157fdcdb9514fa62927373348f0?s=96&d=mm&r=g","caption":"Ana Luiza Bonatto"},"url":"https:\/\/jornalboasnoticias.com.br\/home\/author\/ana-luiza\/"}]}},"_links":{"self":[{"href":"https:\/\/jornalboasnoticias.com.br\/home\/wp-json\/wp\/v2\/posts\/44059","targetHints":{"allow":["GET"]}}],"collection":[{"href":"https:\/\/jornalboasnoticias.com.br\/home\/wp-json\/wp\/v2\/posts"}],"about":[{"href":"https:\/\/jornalboasnoticias.com.br\/home\/wp-json\/wp\/v2\/types\/post"}],"author":[{"embeddable":true,"href":"https:\/\/jornalboasnoticias.com.br\/home\/wp-json\/wp\/v2\/users\/4"}],"replies":[{"embeddable":true,"href":"https:\/\/jornalboasnoticias.com.br\/home\/wp-json\/wp\/v2\/comments?post=44059"}],"version-history":[{"count":1,"href":"https:\/\/jornalboasnoticias.com.br\/home\/wp-json\/wp\/v2\/posts\/44059\/revisions"}],"predecessor-version":[{"id":44061,"href":"https:\/\/jornalboasnoticias.com.br\/home\/wp-json\/wp\/v2\/posts\/44059\/revisions\/44061"}],"wp:featuredmedia":[{"embeddable":true,"href":"https:\/\/jornalboasnoticias.com.br\/home\/wp-json\/wp\/v2\/media\/44060"}],"wp:attachment":[{"href":"https:\/\/jornalboasnoticias.com.br\/home\/wp-json\/wp\/v2\/media?parent=44059"}],"wp:term":[{"taxonomy":"category","embeddable":true,"href":"https:\/\/jornalboasnoticias.com.br\/home\/wp-json\/wp\/v2\/categories?post=44059"},{"taxonomy":"post_tag","embeddable":true,"href":"https:\/\/jornalboasnoticias.com.br\/home\/wp-json\/wp\/v2\/tags?post=44059"}],"curies":[{"name":"wp","href":"https:\/\/api.w.org\/{rel}","templated":true}]}}