{"id":44055,"date":"2024-09-30T18:45:25","date_gmt":"2024-09-30T18:45:25","guid":{"rendered":"https:\/\/jornalboasnoticias.com.br\/home\/?p=44055"},"modified":"2024-09-30T18:45:25","modified_gmt":"2024-09-30T18:45:25","slug":"pe-de-meia-pagamento-a-estudantes-comeca-nesta-segunda","status":"publish","type":"post","link":"https:\/\/jornalboasnoticias.com.br\/home\/pe-de-meia-pagamento-a-estudantes-comeca-nesta-segunda\/","title":{"rendered":"P\u00e9-de-Meia: pagamento a estudantes come\u00e7a nesta segunda"},"content":{"rendered":"<div class=\"header-noticia full-width\">\n<div>\n<figure id=\"attachment_44056\" aria-describedby=\"caption-attachment-44056\" style=\"width: 1170px\" class=\"wp-caption alignleft\"><img loading=\"lazy\" decoding=\"async\" class=\"wp-image-44056 size-full\" src=\"https:\/\/jornalboasnoticias.com.br\/home\/wp-content\/uploads\/2024\/09\/30087074745_a7beeefb44_o.webp\" alt=\"\" width=\"1170\" height=\"700\" srcset=\"https:\/\/jornalboasnoticias.com.br\/home\/wp-content\/uploads\/2024\/09\/30087074745_a7beeefb44_o.webp 1170w, https:\/\/jornalboasnoticias.com.br\/home\/wp-content\/uploads\/2024\/09\/30087074745_a7beeefb44_o-300x179.webp 300w, https:\/\/jornalboasnoticias.com.br\/home\/wp-content\/uploads\/2024\/09\/30087074745_a7beeefb44_o-1024x613.webp 1024w, https:\/\/jornalboasnoticias.com.br\/home\/wp-content\/uploads\/2024\/09\/30087074745_a7beeefb44_o-768x459.webp 768w\" sizes=\"auto, (max-width: 1170px) 100vw, 1170px\" \/><figcaption id=\"caption-attachment-44056\" class=\"wp-caption-text\">\u00a9 Joel Rodrigues\/Ag\u00eancia Bras\u00edlia<\/figcaption><\/figure>\n<\/div>\n<\/div>\n<blockquote>\n<div class=\"header-noticia full-width\">\n<div><\/div>\n<div class=\"linha-fina-noticia\">Parcela \u00e9 depositada de forma escalonada at\u00e9 7 de outubro<\/div>\n<\/div>\n<\/blockquote>\n<div>\n<p>O pagamento do benef\u00edcio do programa P\u00e9-de-Meia\u00a0teve in\u00edcio hoje (30) e segue at\u00e9 a pr\u00f3xima segunda-feira (7 de outubro) para alunos de\u00a0ensino m\u00e9dio da rede p\u00fablica.\u00a0A parcela ser\u00e1 destinada pela primeira vez estudantes do ensino m\u00e9dio da Educa\u00e7\u00e3o de Jovens e Adultos (EJA); pela segunda vez a 1 milh\u00e3o de<a href=\"https:\/\/agenciabrasil.ebc.com.br\/educacao\/noticia\/2024-08\/pe-de-meia-alcancara-quase-4-milhoes-de-estudantes-ate-setembro\" target=\"_blank\" rel=\"noopener\">\u00a0novos estudantes\u00a0<\/a>inclu\u00eddos no programa\u00a0em agosto; e pela sexta vez\u00a0a\u00a02,7 milh\u00f5es de alunos que j\u00e1 faziam parte do programa.<img decoding=\"async\" src=\"https:\/\/agenciabrasil.ebc.com.br\/ebc.png?id=1613972&amp;o=node\" \/><img decoding=\"async\" src=\"https:\/\/agenciabrasil.ebc.com.br\/ebc.gif?id=1613972&amp;o=node\" \/><\/p>\n<p>O P\u00e9-de-Meia funciona como uma poupan\u00e7a e tem o objetivo de evitar a evas\u00e3o escolar, com a promo\u00e7\u00e3o da perman\u00eancia dos estudantes nas escolas e, tamb\u00e9m, a conclus\u00e3o desta \u00faltima etapa do ensino b\u00e1sico.<\/p>\n<h2>Dep\u00f3sitos<\/h2>\n<p>Para se manter no P\u00e9-de-Meia, o estudante deve ter frequ\u00eancia m\u00ednima de 80% nas aulas do ensino m\u00e9dio. Caso a frequ\u00eancia diminua em algum m\u00eas, o aluno n\u00e3o receber\u00e1 o benef\u00edcio referente ao per\u00edodo.<\/p>\n<p>A Caixa Econ\u00f4mica Federal (CEF) \u00e9 respons\u00e1vel pela abertura das contas em nome dos estudantes matriculados no ensino m\u00e9dio p\u00fablico e pelos pagamentos de todas parcelas do programa, com recursos do Minist\u00e9rio da Educa\u00e7\u00e3o (MEC). Os dep\u00f3sitos podem ser consultados pelos benefici\u00e1rios por meio do aplicativo\u00a0Jornada do Estudante, do Minist\u00e9rio da Educa\u00e7\u00e3o.<\/p>\n<p>O valor \u00e9 depositado em conta poupan\u00e7a\u00a0Caixa Tem. Os valores podem ser movimentados pelo aplicativo\u00a0Caixa Tem, de acordo com o m\u00eas de nascimento do estudante, de forma escalonada, a partir desta segunda-feira.<\/p>\n<p>Calend\u00e1rio de pagamento por m\u00eas de nascimento:<\/p>\n<p>\u00b7\u00a0\u00a0\u00a0\u00a0\u00a0\u00a0\u00a0\u00a0 janeiro e fevereiro: 30 de setembro;<\/p>\n<p>\u00b7\u00a0\u00a0\u00a0\u00a0\u00a0\u00a0\u00a0\u00a0 mar\u00e7o e abril: 1\u00ba de outubro;<\/p>\n<p>\u00b7\u00a0\u00a0\u00a0\u00a0\u00a0\u00a0\u00a0\u00a0 maio e junho: 2 de outubro;<\/p>\n<p>\u00b7\u00a0\u00a0\u00a0\u00a0\u00a0\u00a0\u00a0\u00a0 julho e agosto: 3 de outubro;<\/p>\n<p>\u00b7\u00a0\u00a0\u00a0\u00a0\u00a0\u00a0\u00a0\u00a0 setembro e outubro: 4 de outubro;<\/p>\n<p>\u00b7\u00a0\u00a0\u00a0\u00a0\u00a0\u00a0\u00a0\u00a0 novembro e dezembro: 7 de outubro.<\/p>\n<p>As informa\u00e7\u00f5es relativas ao pagamento do benef\u00edcio podem ser consultadas no aplicativo\u00a0Caixa Tem, dispon\u00edvel para\u00a0smartphones.<\/p>\n<h2>Jovens e adultos<\/h2>\n<p>O m\u00eas de agosto marca o in\u00edcio dos pagamentos para os estudantes do ensino m\u00e9dio da Educa\u00e7\u00e3o de Jovens e Adultos (EJA) inclu\u00eddos no P\u00e9-de-Meia, que cumprem os crit\u00e9rios do estabelecidos pelo governo federal.<\/p>\n<p>No caso da EJA, ao comprovar matr\u00edcula, o estudante recebe o incentivo de R$ 200, e incentivo mensal de R$ 225, pela frequ\u00eancia escolar. Ambos est\u00e3o dispon\u00edveis para saque.<\/p>\n<div class=\"dnd-widget-wrapper context-medio_4colunas type-image atom-align-left\">\n<div class=\"dnd-atom-rendered\"><img decoding=\"async\" title=\"Arte\/Ag\u00eancia Brasil\" src=\"https:\/\/imagens.ebc.com.br\/yOrQZd27LgrfDU_K11Rc7OJC-gQ=\/365x0\/smart\/https:\/\/agenciabrasil.ebc.com.br\/sites\/default\/files\/thumbnails\/image\/pe_de_meia_ensino_medio_2.png?itok=R53RKpqP\" alt=\"arte poupan\u00e7a ensino m\u00e9dio, p\u00e9-de-meia\" \/><\/div>\n<div class=\"dnd-caption-wrapper\">\n<div class=\"meta\">arte poupan\u00e7a ensino m\u00e9dio, p\u00e9-de-meia &#8211;\u00a0<strong>Arte\/Ag\u00eancia Brasil<\/strong><\/div>\n<\/div>\n<\/div>\n<p>Pelas regras, os benefici\u00e1rios devem ter idade entre 19 e 24 anos, e ser integrante de fam\u00edlias inscritas no Cadastro \u00danico para Programas Sociais do governo federal (Cad\u00danico) at\u00e9 15 de junho de 2024, com renda familiar por pessoa de at\u00e9 meio sal\u00e1rio-m\u00ednimo (R$ 706\u00a0per capita).<\/p>\n<p>Para os estudantes, a parcela relativa ao incentivo-frequ\u00eancia ser\u00e1 paga em quatro vezes\u00a0por semestre cursado. O Incentivo-Conclus\u00e3o ser\u00e1 acumulado em at\u00e9 tr\u00eas parcelas, condicionadas \u00e0 aprova\u00e7\u00e3o parcial para a certifica\u00e7\u00e3o de conclus\u00e3o do ensino m\u00e9dio ao final de cada semestre ou ano letivo. Os jovens que ingressarem no programa a partir de setembro n\u00e3o receber\u00e3o retroativamente as parcelas j\u00e1 pagas pelo P\u00e9-de-Meia.<\/p>\n<h2>Quem tem direito<\/h2>\n<p>O MEC explica que o P\u00e9-de-Meia\u202f\u00e9 destinado a estudantes do ensino m\u00e9dio do curso regular e da Educa\u00e7\u00e3o de Jovens e Adultos (EJA). Para participar do P\u00e9-de-Meia o aluno deve ser integrante de uma fam\u00edlia inscrita no Cad\u00danico e ter renda por pessoa mensal de at\u00e9 meio sal\u00e1rio m\u00ednimo.<\/p>\n<p>O estudante pode consultar as regras do programa, al\u00e9m do calend\u00e1rio, hist\u00f3rico e\u00a0<em>status<\/em>\u00a0de pagamentos de parcelas (rejeitados ou aprovados) por meio do aplicativo\u00a0Jornada do Estudante, que traz as informa\u00e7\u00f5es escolares desde o ensino fundamental at\u00e9 a p\u00f3s-gradua\u00e7\u00e3o de cada aluno.<\/p>\n<h2>P\u00e9-de-Meia<\/h2>\n<p>O programa\u202fde\u202fincentivo financeiro-educacional tem o objetivo de democratizar o acesso e reduzir a desigualdade social entre os jovens, al\u00e9m de promover a inclus\u00e3o educacional e estimular a mobilidade social.<\/p>\n<p>O governo federal calcula que, com a expans\u00e3o do programa \u2013 anunciada no in\u00edcio de agosto \u2013 vai elevar o n\u00famero de beneficiados para quase 4 milh\u00f5es de estudantes.<\/p>\n<p>Ao comprovar matr\u00edcula e frequ\u00eancia, o estudante recebe o pagamento de incentivo mensal de R$ 200, que pode ser sacado em qualquer momento. O aluno tamb\u00e9m recebe dep\u00f3sitos de R$ 1 mil ao fim de cada ano letivo conclu\u00eddo com aprova\u00e7\u00e3o, que ficar\u00e3o como uma poupan\u00e7a e poder\u00e3o ser sacados ap\u00f3s a formatura do ensino m\u00e9dio.<\/p>\n<p>Se somadas todas as parcelas de incentivo, os dep\u00f3sitos anuais e o adicional de R$ 200 pela participa\u00e7\u00e3o no Exame Nacional do Ensino M\u00e9dio (Enem),\u00a0os valores chegam a R$ 9.200 por aluno.<\/p>\n<p>A ades\u00e3o dos estudantes ocorre por meio de termo de compromisso assinado por redes de ensino federais, estaduais, distrital e municipais que oferecem o ensino m\u00e9dio e informam os dados dos estudantes ao Minist\u00e9rio da Educa\u00e7\u00e3o (MEC), por meio de sistema informatizado.<\/p>\n<p>(Ag\u00eancia Brasil)<\/p>\n<\/div>\n<blockquote>\n<div class=\"subheader\">\n<div class=\"container-autoria\"><\/div>\n<\/div>\n<\/blockquote>\n","protected":false},"excerpt":{"rendered":"<p>Parcela \u00e9 depositada de forma escalonada at\u00e9 7 de outubro O pagamento do benef\u00edcio do<\/p>\n","protected":false},"author":4,"featured_media":44056,"comment_status":"open","ping_status":"open","sticky":false,"template":"","format":"standard","meta":{"footnotes":""},"categories":[3,8],"tags":[],"class_list":["post-44055","post","type-post","status-publish","format-standard","has-post-thumbnail","hentry","category-destaques","category-educacao"],"yoast_head":"<!-- This site is optimized with the Yoast SEO plugin v27.5 - https:\/\/yoast.com\/product\/yoast-seo-wordpress\/ -->\n<title>P\u00e9-de-Meia: pagamento a estudantes come\u00e7a nesta segunda - Jornal<\/title>\n<meta name=\"description\" content=\"P\u00e9-de-Meia: pagamento a estudantes come\u00e7a nesta segunda\" \/>\n<meta name=\"robots\" content=\"index, follow, max-snippet:-1, max-image-preview:large, max-video-preview:-1\" \/>\n<link rel=\"canonical\" href=\"https:\/\/jornalboasnoticias.com.br\/home\/pe-de-meia-pagamento-a-estudantes-comeca-nesta-segunda\/\" \/>\n<meta property=\"og:locale\" content=\"pt_BR\" \/>\n<meta property=\"og:type\" content=\"article\" \/>\n<meta property=\"og:title\" content=\"P\u00e9-de-Meia: pagamento a estudantes come\u00e7a nesta segunda - Jornal\" \/>\n<meta property=\"og:description\" content=\"P\u00e9-de-Meia: pagamento a estudantes come\u00e7a nesta segunda\" \/>\n<meta property=\"og:url\" content=\"https:\/\/jornalboasnoticias.com.br\/home\/pe-de-meia-pagamento-a-estudantes-comeca-nesta-segunda\/\" \/>\n<meta property=\"og:site_name\" content=\"Jornal\" \/>\n<meta property=\"article:publisher\" content=\"https:\/\/www.facebook.com\/boasnoticiasjornal\" \/>\n<meta property=\"article:published_time\" content=\"2024-09-30T18:45:25+00:00\" \/>\n<meta property=\"og:image\" content=\"https:\/\/jornalboasnoticias.com.br\/home\/wp-content\/uploads\/2024\/09\/30087074745_a7beeefb44_o.webp\" \/>\n\t<meta property=\"og:image:width\" content=\"1170\" \/>\n\t<meta property=\"og:image:height\" content=\"700\" \/>\n\t<meta property=\"og:image:type\" content=\"image\/webp\" \/>\n<meta name=\"author\" content=\"Ana Luiza Bonatto\" \/>\n<meta name=\"twitter:card\" content=\"summary_large_image\" \/>\n<meta name=\"twitter:label1\" content=\"Escrito por\" \/>\n\t<meta name=\"twitter:data1\" content=\"Ana Luiza Bonatto\" \/>\n\t<meta name=\"twitter:label2\" content=\"Est. tempo de leitura\" \/>\n\t<meta name=\"twitter:data2\" content=\"6 minutos\" \/>\n<script type=\"application\/ld+json\" class=\"yoast-schema-graph\">{\"@context\":\"https:\\\/\\\/schema.org\",\"@graph\":[{\"@type\":\"Article\",\"@id\":\"https:\\\/\\\/jornalboasnoticias.com.br\\\/home\\\/pe-de-meia-pagamento-a-estudantes-comeca-nesta-segunda\\\/#article\",\"isPartOf\":{\"@id\":\"https:\\\/\\\/jornalboasnoticias.com.br\\\/home\\\/pe-de-meia-pagamento-a-estudantes-comeca-nesta-segunda\\\/\"},\"author\":{\"name\":\"Ana Luiza Bonatto\",\"@id\":\"https:\\\/\\\/jornalboasnoticias.com.br\\\/home\\\/#\\\/schema\\\/person\\\/d641193e0afc6405b390164dac847971\"},\"headline\":\"P\u00e9-de-Meia: pagamento a estudantes come\u00e7a nesta segunda\",\"datePublished\":\"2024-09-30T18:45:25+00:00\",\"mainEntityOfPage\":{\"@id\":\"https:\\\/\\\/jornalboasnoticias.com.br\\\/home\\\/pe-de-meia-pagamento-a-estudantes-comeca-nesta-segunda\\\/\"},\"wordCount\":884,\"commentCount\":0,\"publisher\":{\"@id\":\"https:\\\/\\\/jornalboasnoticias.com.br\\\/home\\\/#organization\"},\"image\":{\"@id\":\"https:\\\/\\\/jornalboasnoticias.com.br\\\/home\\\/pe-de-meia-pagamento-a-estudantes-comeca-nesta-segunda\\\/#primaryimage\"},\"thumbnailUrl\":\"https:\\\/\\\/jornalboasnoticias.com.br\\\/home\\\/wp-content\\\/uploads\\\/2024\\\/09\\\/30087074745_a7beeefb44_o.webp\",\"articleSection\":[\"DESTAQUE\",\"EDUCA\u00c7\u00c3O\"],\"inLanguage\":\"pt-BR\",\"potentialAction\":[{\"@type\":\"CommentAction\",\"name\":\"Comment\",\"target\":[\"https:\\\/\\\/jornalboasnoticias.com.br\\\/home\\\/pe-de-meia-pagamento-a-estudantes-comeca-nesta-segunda\\\/#respond\"]}]},{\"@type\":\"WebPage\",\"@id\":\"https:\\\/\\\/jornalboasnoticias.com.br\\\/home\\\/pe-de-meia-pagamento-a-estudantes-comeca-nesta-segunda\\\/\",\"url\":\"https:\\\/\\\/jornalboasnoticias.com.br\\\/home\\\/pe-de-meia-pagamento-a-estudantes-comeca-nesta-segunda\\\/\",\"name\":\"P\u00e9-de-Meia: pagamento a estudantes come\u00e7a nesta segunda - Jornal\",\"isPartOf\":{\"@id\":\"https:\\\/\\\/jornalboasnoticias.com.br\\\/home\\\/#website\"},\"primaryImageOfPage\":{\"@id\":\"https:\\\/\\\/jornalboasnoticias.com.br\\\/home\\\/pe-de-meia-pagamento-a-estudantes-comeca-nesta-segunda\\\/#primaryimage\"},\"image\":{\"@id\":\"https:\\\/\\\/jornalboasnoticias.com.br\\\/home\\\/pe-de-meia-pagamento-a-estudantes-comeca-nesta-segunda\\\/#primaryimage\"},\"thumbnailUrl\":\"https:\\\/\\\/jornalboasnoticias.com.br\\\/home\\\/wp-content\\\/uploads\\\/2024\\\/09\\\/30087074745_a7beeefb44_o.webp\",\"datePublished\":\"2024-09-30T18:45:25+00:00\",\"description\":\"P\u00e9-de-Meia: pagamento a estudantes come\u00e7a nesta segunda\",\"breadcrumb\":{\"@id\":\"https:\\\/\\\/jornalboasnoticias.com.br\\\/home\\\/pe-de-meia-pagamento-a-estudantes-comeca-nesta-segunda\\\/#breadcrumb\"},\"inLanguage\":\"pt-BR\",\"potentialAction\":[{\"@type\":\"ReadAction\",\"target\":[\"https:\\\/\\\/jornalboasnoticias.com.br\\\/home\\\/pe-de-meia-pagamento-a-estudantes-comeca-nesta-segunda\\\/\"]}]},{\"@type\":\"ImageObject\",\"inLanguage\":\"pt-BR\",\"@id\":\"https:\\\/\\\/jornalboasnoticias.com.br\\\/home\\\/pe-de-meia-pagamento-a-estudantes-comeca-nesta-segunda\\\/#primaryimage\",\"url\":\"https:\\\/\\\/jornalboasnoticias.com.br\\\/home\\\/wp-content\\\/uploads\\\/2024\\\/09\\\/30087074745_a7beeefb44_o.webp\",\"contentUrl\":\"https:\\\/\\\/jornalboasnoticias.com.br\\\/home\\\/wp-content\\\/uploads\\\/2024\\\/09\\\/30087074745_a7beeefb44_o.webp\",\"width\":1170,\"height\":700,\"caption\":\"\u00a9 Joel Rodrigues\\\/Ag\u00eancia Bras\u00edli\"},{\"@type\":\"BreadcrumbList\",\"@id\":\"https:\\\/\\\/jornalboasnoticias.com.br\\\/home\\\/pe-de-meia-pagamento-a-estudantes-comeca-nesta-segunda\\\/#breadcrumb\",\"itemListElement\":[{\"@type\":\"ListItem\",\"position\":1,\"name\":\"In\u00edcio\",\"item\":\"https:\\\/\\\/jornalboasnoticias.com.br\\\/home\\\/\"},{\"@type\":\"ListItem\",\"position\":2,\"name\":\"P\u00e9-de-Meia: pagamento a estudantes come\u00e7a nesta segunda\"}]},{\"@type\":\"WebSite\",\"@id\":\"https:\\\/\\\/jornalboasnoticias.com.br\\\/home\\\/#website\",\"url\":\"https:\\\/\\\/jornalboasnoticias.com.br\\\/home\\\/\",\"name\":\"Jornal Boas Not\u00edcias\",\"description\":\"Boas not\u00edcias\",\"publisher\":{\"@id\":\"https:\\\/\\\/jornalboasnoticias.com.br\\\/home\\\/#organization\"},\"potentialAction\":[{\"@type\":\"SearchAction\",\"target\":{\"@type\":\"EntryPoint\",\"urlTemplate\":\"https:\\\/\\\/jornalboasnoticias.com.br\\\/home\\\/?s={search_term_string}\"},\"query-input\":{\"@type\":\"PropertyValueSpecification\",\"valueRequired\":true,\"valueName\":\"search_term_string\"}}],\"inLanguage\":\"pt-BR\"},{\"@type\":\"Organization\",\"@id\":\"https:\\\/\\\/jornalboasnoticias.com.br\\\/home\\\/#organization\",\"name\":\"Coq Editora Ltda\",\"alternateName\":\"Jornal Boas Noticias\",\"url\":\"https:\\\/\\\/jornalboasnoticias.com.br\\\/home\\\/\",\"logo\":{\"@type\":\"ImageObject\",\"inLanguage\":\"pt-BR\",\"@id\":\"https:\\\/\\\/jornalboasnoticias.com.br\\\/home\\\/#\\\/schema\\\/logo\\\/image\\\/\",\"url\":\"https:\\\/\\\/jornalboasnoticias.com.br\\\/home\\\/wp-content\\\/uploads\\\/2024\\\/07\\\/cropped-logo.jpg\",\"contentUrl\":\"https:\\\/\\\/jornalboasnoticias.com.br\\\/home\\\/wp-content\\\/uploads\\\/2024\\\/07\\\/cropped-logo.jpg\",\"width\":290,\"height\":142,\"caption\":\"Coq Editora Ltda\"},\"image\":{\"@id\":\"https:\\\/\\\/jornalboasnoticias.com.br\\\/home\\\/#\\\/schema\\\/logo\\\/image\\\/\"},\"sameAs\":[\"https:\\\/\\\/www.facebook.com\\\/boasnoticiasjornal\"]},{\"@type\":\"Person\",\"@id\":\"https:\\\/\\\/jornalboasnoticias.com.br\\\/home\\\/#\\\/schema\\\/person\\\/d641193e0afc6405b390164dac847971\",\"name\":\"Ana Luiza Bonatto\",\"image\":{\"@type\":\"ImageObject\",\"inLanguage\":\"pt-BR\",\"@id\":\"https:\\\/\\\/secure.gravatar.com\\\/avatar\\\/8a055ebe6373371f67ac6fcf313c0ac0b0a91157fdcdb9514fa62927373348f0?s=96&d=mm&r=g\",\"url\":\"https:\\\/\\\/secure.gravatar.com\\\/avatar\\\/8a055ebe6373371f67ac6fcf313c0ac0b0a91157fdcdb9514fa62927373348f0?s=96&d=mm&r=g\",\"contentUrl\":\"https:\\\/\\\/secure.gravatar.com\\\/avatar\\\/8a055ebe6373371f67ac6fcf313c0ac0b0a91157fdcdb9514fa62927373348f0?s=96&d=mm&r=g\",\"caption\":\"Ana Luiza Bonatto\"},\"url\":\"https:\\\/\\\/jornalboasnoticias.com.br\\\/home\\\/author\\\/ana-luiza\\\/\"}]}<\/script>\n<!-- \/ Yoast SEO plugin. -->","yoast_head_json":{"title":"P\u00e9-de-Meia: pagamento a estudantes come\u00e7a nesta segunda - Jornal","description":"P\u00e9-de-Meia: pagamento a estudantes come\u00e7a nesta segunda","robots":{"index":"index","follow":"follow","max-snippet":"max-snippet:-1","max-image-preview":"max-image-preview:large","max-video-preview":"max-video-preview:-1"},"canonical":"https:\/\/jornalboasnoticias.com.br\/home\/pe-de-meia-pagamento-a-estudantes-comeca-nesta-segunda\/","og_locale":"pt_BR","og_type":"article","og_title":"P\u00e9-de-Meia: pagamento a estudantes come\u00e7a nesta segunda - Jornal","og_description":"P\u00e9-de-Meia: pagamento a estudantes come\u00e7a nesta segunda","og_url":"https:\/\/jornalboasnoticias.com.br\/home\/pe-de-meia-pagamento-a-estudantes-comeca-nesta-segunda\/","og_site_name":"Jornal","article_publisher":"https:\/\/www.facebook.com\/boasnoticiasjornal","article_published_time":"2024-09-30T18:45:25+00:00","og_image":[{"width":1170,"height":700,"url":"https:\/\/jornalboasnoticias.com.br\/home\/wp-content\/uploads\/2024\/09\/30087074745_a7beeefb44_o.webp","type":"image\/webp"}],"author":"Ana Luiza Bonatto","twitter_card":"summary_large_image","twitter_misc":{"Escrito por":"Ana Luiza Bonatto","Est. tempo de leitura":"6 minutos"},"schema":{"@context":"https:\/\/schema.org","@graph":[{"@type":"Article","@id":"https:\/\/jornalboasnoticias.com.br\/home\/pe-de-meia-pagamento-a-estudantes-comeca-nesta-segunda\/#article","isPartOf":{"@id":"https:\/\/jornalboasnoticias.com.br\/home\/pe-de-meia-pagamento-a-estudantes-comeca-nesta-segunda\/"},"author":{"name":"Ana Luiza Bonatto","@id":"https:\/\/jornalboasnoticias.com.br\/home\/#\/schema\/person\/d641193e0afc6405b390164dac847971"},"headline":"P\u00e9-de-Meia: pagamento a estudantes come\u00e7a nesta segunda","datePublished":"2024-09-30T18:45:25+00:00","mainEntityOfPage":{"@id":"https:\/\/jornalboasnoticias.com.br\/home\/pe-de-meia-pagamento-a-estudantes-comeca-nesta-segunda\/"},"wordCount":884,"commentCount":0,"publisher":{"@id":"https:\/\/jornalboasnoticias.com.br\/home\/#organization"},"image":{"@id":"https:\/\/jornalboasnoticias.com.br\/home\/pe-de-meia-pagamento-a-estudantes-comeca-nesta-segunda\/#primaryimage"},"thumbnailUrl":"https:\/\/jornalboasnoticias.com.br\/home\/wp-content\/uploads\/2024\/09\/30087074745_a7beeefb44_o.webp","articleSection":["DESTAQUE","EDUCA\u00c7\u00c3O"],"inLanguage":"pt-BR","potentialAction":[{"@type":"CommentAction","name":"Comment","target":["https:\/\/jornalboasnoticias.com.br\/home\/pe-de-meia-pagamento-a-estudantes-comeca-nesta-segunda\/#respond"]}]},{"@type":"WebPage","@id":"https:\/\/jornalboasnoticias.com.br\/home\/pe-de-meia-pagamento-a-estudantes-comeca-nesta-segunda\/","url":"https:\/\/jornalboasnoticias.com.br\/home\/pe-de-meia-pagamento-a-estudantes-comeca-nesta-segunda\/","name":"P\u00e9-de-Meia: pagamento a estudantes come\u00e7a nesta segunda - Jornal","isPartOf":{"@id":"https:\/\/jornalboasnoticias.com.br\/home\/#website"},"primaryImageOfPage":{"@id":"https:\/\/jornalboasnoticias.com.br\/home\/pe-de-meia-pagamento-a-estudantes-comeca-nesta-segunda\/#primaryimage"},"image":{"@id":"https:\/\/jornalboasnoticias.com.br\/home\/pe-de-meia-pagamento-a-estudantes-comeca-nesta-segunda\/#primaryimage"},"thumbnailUrl":"https:\/\/jornalboasnoticias.com.br\/home\/wp-content\/uploads\/2024\/09\/30087074745_a7beeefb44_o.webp","datePublished":"2024-09-30T18:45:25+00:00","description":"P\u00e9-de-Meia: pagamento a estudantes come\u00e7a nesta segunda","breadcrumb":{"@id":"https:\/\/jornalboasnoticias.com.br\/home\/pe-de-meia-pagamento-a-estudantes-comeca-nesta-segunda\/#breadcrumb"},"inLanguage":"pt-BR","potentialAction":[{"@type":"ReadAction","target":["https:\/\/jornalboasnoticias.com.br\/home\/pe-de-meia-pagamento-a-estudantes-comeca-nesta-segunda\/"]}]},{"@type":"ImageObject","inLanguage":"pt-BR","@id":"https:\/\/jornalboasnoticias.com.br\/home\/pe-de-meia-pagamento-a-estudantes-comeca-nesta-segunda\/#primaryimage","url":"https:\/\/jornalboasnoticias.com.br\/home\/wp-content\/uploads\/2024\/09\/30087074745_a7beeefb44_o.webp","contentUrl":"https:\/\/jornalboasnoticias.com.br\/home\/wp-content\/uploads\/2024\/09\/30087074745_a7beeefb44_o.webp","width":1170,"height":700,"caption":"\u00a9 Joel Rodrigues\/Ag\u00eancia Bras\u00edli"},{"@type":"BreadcrumbList","@id":"https:\/\/jornalboasnoticias.com.br\/home\/pe-de-meia-pagamento-a-estudantes-comeca-nesta-segunda\/#breadcrumb","itemListElement":[{"@type":"ListItem","position":1,"name":"In\u00edcio","item":"https:\/\/jornalboasnoticias.com.br\/home\/"},{"@type":"ListItem","position":2,"name":"P\u00e9-de-Meia: pagamento a estudantes come\u00e7a nesta segunda"}]},{"@type":"WebSite","@id":"https:\/\/jornalboasnoticias.com.br\/home\/#website","url":"https:\/\/jornalboasnoticias.com.br\/home\/","name":"Jornal Boas Not\u00edcias","description":"Boas not\u00edcias","publisher":{"@id":"https:\/\/jornalboasnoticias.com.br\/home\/#organization"},"potentialAction":[{"@type":"SearchAction","target":{"@type":"EntryPoint","urlTemplate":"https:\/\/jornalboasnoticias.com.br\/home\/?s={search_term_string}"},"query-input":{"@type":"PropertyValueSpecification","valueRequired":true,"valueName":"search_term_string"}}],"inLanguage":"pt-BR"},{"@type":"Organization","@id":"https:\/\/jornalboasnoticias.com.br\/home\/#organization","name":"Coq Editora Ltda","alternateName":"Jornal Boas Noticias","url":"https:\/\/jornalboasnoticias.com.br\/home\/","logo":{"@type":"ImageObject","inLanguage":"pt-BR","@id":"https:\/\/jornalboasnoticias.com.br\/home\/#\/schema\/logo\/image\/","url":"https:\/\/jornalboasnoticias.com.br\/home\/wp-content\/uploads\/2024\/07\/cropped-logo.jpg","contentUrl":"https:\/\/jornalboasnoticias.com.br\/home\/wp-content\/uploads\/2024\/07\/cropped-logo.jpg","width":290,"height":142,"caption":"Coq Editora Ltda"},"image":{"@id":"https:\/\/jornalboasnoticias.com.br\/home\/#\/schema\/logo\/image\/"},"sameAs":["https:\/\/www.facebook.com\/boasnoticiasjornal"]},{"@type":"Person","@id":"https:\/\/jornalboasnoticias.com.br\/home\/#\/schema\/person\/d641193e0afc6405b390164dac847971","name":"Ana Luiza Bonatto","image":{"@type":"ImageObject","inLanguage":"pt-BR","@id":"https:\/\/secure.gravatar.com\/avatar\/8a055ebe6373371f67ac6fcf313c0ac0b0a91157fdcdb9514fa62927373348f0?s=96&d=mm&r=g","url":"https:\/\/secure.gravatar.com\/avatar\/8a055ebe6373371f67ac6fcf313c0ac0b0a91157fdcdb9514fa62927373348f0?s=96&d=mm&r=g","contentUrl":"https:\/\/secure.gravatar.com\/avatar\/8a055ebe6373371f67ac6fcf313c0ac0b0a91157fdcdb9514fa62927373348f0?s=96&d=mm&r=g","caption":"Ana Luiza Bonatto"},"url":"https:\/\/jornalboasnoticias.com.br\/home\/author\/ana-luiza\/"}]}},"_links":{"self":[{"href":"https:\/\/jornalboasnoticias.com.br\/home\/wp-json\/wp\/v2\/posts\/44055","targetHints":{"allow":["GET"]}}],"collection":[{"href":"https:\/\/jornalboasnoticias.com.br\/home\/wp-json\/wp\/v2\/posts"}],"about":[{"href":"https:\/\/jornalboasnoticias.com.br\/home\/wp-json\/wp\/v2\/types\/post"}],"author":[{"embeddable":true,"href":"https:\/\/jornalboasnoticias.com.br\/home\/wp-json\/wp\/v2\/users\/4"}],"replies":[{"embeddable":true,"href":"https:\/\/jornalboasnoticias.com.br\/home\/wp-json\/wp\/v2\/comments?post=44055"}],"version-history":[{"count":1,"href":"https:\/\/jornalboasnoticias.com.br\/home\/wp-json\/wp\/v2\/posts\/44055\/revisions"}],"predecessor-version":[{"id":44057,"href":"https:\/\/jornalboasnoticias.com.br\/home\/wp-json\/wp\/v2\/posts\/44055\/revisions\/44057"}],"wp:featuredmedia":[{"embeddable":true,"href":"https:\/\/jornalboasnoticias.com.br\/home\/wp-json\/wp\/v2\/media\/44056"}],"wp:attachment":[{"href":"https:\/\/jornalboasnoticias.com.br\/home\/wp-json\/wp\/v2\/media?parent=44055"}],"wp:term":[{"taxonomy":"category","embeddable":true,"href":"https:\/\/jornalboasnoticias.com.br\/home\/wp-json\/wp\/v2\/categories?post=44055"},{"taxonomy":"post_tag","embeddable":true,"href":"https:\/\/jornalboasnoticias.com.br\/home\/wp-json\/wp\/v2\/tags?post=44055"}],"curies":[{"name":"wp","href":"https:\/\/api.w.org\/{rel}","templated":true}]}}