{"id":44043,"date":"2024-09-30T18:38:03","date_gmt":"2024-09-30T18:38:03","guid":{"rendered":"https:\/\/jornalboasnoticias.com.br\/home\/?p=44043"},"modified":"2024-09-30T18:38:03","modified_gmt":"2024-09-30T18:38:03","slug":"dino-marca-para-10-de-outubro-audiencia-para-debater-orcamento-secreto","status":"publish","type":"post","link":"https:\/\/jornalboasnoticias.com.br\/home\/dino-marca-para-10-de-outubro-audiencia-para-debater-orcamento-secreto\/","title":{"rendered":"Dino marca para 10 de outubro audi\u00eancia para debater or\u00e7amento secreto"},"content":{"rendered":"<div class=\"header-noticia full-width\">\n<div><\/div>\n<div>\n<figure id=\"attachment_44044\" aria-describedby=\"caption-attachment-44044\" style=\"width: 1170px\" class=\"wp-caption alignnone\"><img loading=\"lazy\" decoding=\"async\" class=\"wp-image-44044 size-full\" src=\"https:\/\/jornalboasnoticias.com.br\/home\/wp-content\/uploads\/2024\/09\/mg_8640_0.webp\" alt=\"\" width=\"1170\" height=\"700\" srcset=\"https:\/\/jornalboasnoticias.com.br\/home\/wp-content\/uploads\/2024\/09\/mg_8640_0.webp 1170w, https:\/\/jornalboasnoticias.com.br\/home\/wp-content\/uploads\/2024\/09\/mg_8640_0-300x179.webp 300w, https:\/\/jornalboasnoticias.com.br\/home\/wp-content\/uploads\/2024\/09\/mg_8640_0-1024x613.webp 1024w, https:\/\/jornalboasnoticias.com.br\/home\/wp-content\/uploads\/2024\/09\/mg_8640_0-768x459.webp 768w\" sizes=\"auto, (max-width: 1170px) 100vw, 1170px\" \/><figcaption id=\"caption-attachment-44044\" class=\"wp-caption-text\">\u00a9 Bruno Peres\/Ag\u00eancia Brasil<\/figcaption><\/figure>\n<\/div>\n<blockquote>\n<div class=\"linha-fina-noticia\">Senado, C\u00e2mara, AGU, PGR e PSOL foram convocados<\/div>\n<\/blockquote>\n<\/div>\n<div>\n<p>O ministro do Supremo Tribunal Federal (STF) Fl\u00e1vio Dino determinou a realiza\u00e7\u00e3o de nova audi\u00eancia de concilia\u00e7\u00e3o entre o governo federal e o Congresso em 10 de outubro para tratar das emendas parlamentares RP8 e RP9, emendas de relator do Or\u00e7amento, chamadas de or\u00e7amento secreto.<img decoding=\"async\" src=\"https:\/\/agenciabrasil.ebc.com.br\/ebc.png?id=1613981&amp;o=node\" \/><img decoding=\"async\" src=\"https:\/\/agenciabrasil.ebc.com.br\/ebc.gif?id=1613981&amp;o=node\" \/><\/p>\n<p>Conforme a decis\u00e3o desta segunda-feira (30), a audi\u00eancia contar\u00e1 com representantes do Senado, da C\u00e2mara dos Deputados, da Advocacia-Geral da Uni\u00e3o (AGU) e da Procuradoria-Geral da Rep\u00fablica (PGR). O PSOL tamb\u00e9m vai participar da reuni\u00e3o por ter protocolado a peti\u00e7\u00e3o que questiona o or\u00e7amento secreto.<\/p>\n<p>Ao justificar a nova audi\u00eancia, Fl\u00e1vio Dino afirmou que a decis\u00e3o do Supremo proferida em 2022 para extinguir o or\u00e7amento secreto ainda n\u00e3o foi totalmente cumprida.<\/p>\n<p>&#8220;\u00c9 absolutamente incompat\u00edvel com a Constitui\u00e7\u00e3o Federal, inclusive quanto \u00e0 harmonia entre os poderes, que um ac\u00f3rd\u00e3o do STF n\u00e3o tenha sido ainda adequadamente executado, decorridos quase dois anos da data do julgamento que ordenou o fim do or\u00e7amento secreto, em 19\/12\/2022&#8221;, afirmou Dino.<\/p>\n<p>Em agosto, durante a primeira audi\u00eancia de concilia\u00e7\u00e3o, o\u00a0ministro determinou que a Controladoria-Geral da Uni\u00e3o (CGU) ampliasse o levantamento\u00a0sobre os munic\u00edpios que mais foram beneficiados com emendas do or\u00e7amento secreto, entre 2020 e 2023.<\/p>\n<p>Ap\u00f3s a reuni\u00e3o, o\u00a0Tribunal de Contas da Uni\u00e3o (TCU) elaborou uma lista de 21 processos\u00a0com poss\u00edveis irregularidades nas emendas parlamentares e enviou o documento para a Procuradoria-Geral da Rep\u00fablica (PGR) tomar provid\u00eancias.<\/p>\n<h2>Entenda<\/h2>\n<p>Em dezembro de 2022, o STF entendeu que as emendas RP8 e RP9 eram inconstitucionais. Ap\u00f3s a decis\u00e3o, o Congresso Nacional aprovou uma resolu\u00e7\u00e3o que mudou as regras de distribui\u00e7\u00e3o de recursos por emendas de relator para cumprir a determina\u00e7\u00e3o da Corte.<\/p>\n<p>No entanto, o PSOL, partido que entrou com a a\u00e7\u00e3o contra as emendas, apontou que a decis\u00e3o continua em descumprimento.<\/p>\n<p>Ap\u00f3s a aposentadoria da ministra Rosa Weber, relatora original do caso, Fl\u00e1vio Dino assumiu o processo.<\/p>\n<p>Em agosto, Fl\u00e1vio Dino determinou que as emendas deveriam seguir crit\u00e9rios de rastreabilidade, e determinou \u00e0 CGU auditar os repasses realizados pelos parlamentares por meio das emendas do or\u00e7amento secreto.<\/p>\n<\/div>\n<blockquote>\n<div class=\"subheader\">\n<div class=\"container-autoria\"><\/div>\n<\/div>\n<\/blockquote>\n","protected":false},"excerpt":{"rendered":"<p>Senado, C\u00e2mara, AGU, PGR e PSOL foram convocados O ministro do Supremo Tribunal Federal (STF)<\/p>\n","protected":false},"author":4,"featured_media":44044,"comment_status":"open","ping_status":"open","sticky":false,"template":"","format":"standard","meta":{"footnotes":""},"categories":[6,3],"tags":[],"class_list":["post-44043","post","type-post","status-publish","format-standard","has-post-thumbnail","hentry","category-brasil","category-destaques"],"yoast_head":"<!-- This site is optimized with the Yoast SEO plugin v27.5 - https:\/\/yoast.com\/product\/yoast-seo-wordpress\/ -->\n<title>Dino marca para 10 de outubro audi\u00eancia para debater or\u00e7amento secreto - Jornal<\/title>\n<meta name=\"description\" content=\"Dino marca para 10 de outubro audi\u00eancia para debater or\u00e7amento secreto\" \/>\n<meta name=\"robots\" content=\"index, follow, max-snippet:-1, max-image-preview:large, max-video-preview:-1\" \/>\n<link rel=\"canonical\" href=\"https:\/\/jornalboasnoticias.com.br\/home\/dino-marca-para-10-de-outubro-audiencia-para-debater-orcamento-secreto\/\" \/>\n<meta property=\"og:locale\" content=\"pt_BR\" \/>\n<meta property=\"og:type\" content=\"article\" \/>\n<meta property=\"og:title\" content=\"Dino marca para 10 de outubro audi\u00eancia para debater or\u00e7amento secreto - Jornal\" \/>\n<meta property=\"og:description\" content=\"Dino marca para 10 de outubro audi\u00eancia para debater or\u00e7amento secreto\" \/>\n<meta property=\"og:url\" content=\"https:\/\/jornalboasnoticias.com.br\/home\/dino-marca-para-10-de-outubro-audiencia-para-debater-orcamento-secreto\/\" \/>\n<meta property=\"og:site_name\" content=\"Jornal\" \/>\n<meta property=\"article:publisher\" content=\"https:\/\/www.facebook.com\/boasnoticiasjornal\" \/>\n<meta property=\"article:published_time\" content=\"2024-09-30T18:38:03+00:00\" \/>\n<meta property=\"og:image\" content=\"https:\/\/jornalboasnoticias.com.br\/home\/wp-content\/uploads\/2024\/09\/mg_8640_0.webp\" \/>\n\t<meta property=\"og:image:width\" content=\"1170\" \/>\n\t<meta property=\"og:image:height\" content=\"700\" \/>\n\t<meta property=\"og:image:type\" content=\"image\/webp\" \/>\n<meta name=\"author\" content=\"Ana Luiza Bonatto\" \/>\n<meta name=\"twitter:card\" content=\"summary_large_image\" \/>\n<meta name=\"twitter:label1\" content=\"Escrito por\" \/>\n\t<meta name=\"twitter:data1\" content=\"Ana Luiza Bonatto\" \/>\n\t<meta name=\"twitter:label2\" content=\"Est. tempo de leitura\" \/>\n\t<meta name=\"twitter:data2\" content=\"3 minutos\" \/>\n<script type=\"application\/ld+json\" class=\"yoast-schema-graph\">{\"@context\":\"https:\\\/\\\/schema.org\",\"@graph\":[{\"@type\":\"Article\",\"@id\":\"https:\\\/\\\/jornalboasnoticias.com.br\\\/home\\\/dino-marca-para-10-de-outubro-audiencia-para-debater-orcamento-secreto\\\/#article\",\"isPartOf\":{\"@id\":\"https:\\\/\\\/jornalboasnoticias.com.br\\\/home\\\/dino-marca-para-10-de-outubro-audiencia-para-debater-orcamento-secreto\\\/\"},\"author\":{\"name\":\"Ana Luiza Bonatto\",\"@id\":\"https:\\\/\\\/jornalboasnoticias.com.br\\\/home\\\/#\\\/schema\\\/person\\\/d641193e0afc6405b390164dac847971\"},\"headline\":\"Dino marca para 10 de outubro audi\u00eancia para debater or\u00e7amento secreto\",\"datePublished\":\"2024-09-30T18:38:03+00:00\",\"mainEntityOfPage\":{\"@id\":\"https:\\\/\\\/jornalboasnoticias.com.br\\\/home\\\/dino-marca-para-10-de-outubro-audiencia-para-debater-orcamento-secreto\\\/\"},\"wordCount\":410,\"commentCount\":0,\"publisher\":{\"@id\":\"https:\\\/\\\/jornalboasnoticias.com.br\\\/home\\\/#organization\"},\"image\":{\"@id\":\"https:\\\/\\\/jornalboasnoticias.com.br\\\/home\\\/dino-marca-para-10-de-outubro-audiencia-para-debater-orcamento-secreto\\\/#primaryimage\"},\"thumbnailUrl\":\"https:\\\/\\\/jornalboasnoticias.com.br\\\/home\\\/wp-content\\\/uploads\\\/2024\\\/09\\\/mg_8640_0.webp\",\"articleSection\":[\"BRASIL\",\"DESTAQUE\"],\"inLanguage\":\"pt-BR\",\"potentialAction\":[{\"@type\":\"CommentAction\",\"name\":\"Comment\",\"target\":[\"https:\\\/\\\/jornalboasnoticias.com.br\\\/home\\\/dino-marca-para-10-de-outubro-audiencia-para-debater-orcamento-secreto\\\/#respond\"]}]},{\"@type\":\"WebPage\",\"@id\":\"https:\\\/\\\/jornalboasnoticias.com.br\\\/home\\\/dino-marca-para-10-de-outubro-audiencia-para-debater-orcamento-secreto\\\/\",\"url\":\"https:\\\/\\\/jornalboasnoticias.com.br\\\/home\\\/dino-marca-para-10-de-outubro-audiencia-para-debater-orcamento-secreto\\\/\",\"name\":\"Dino marca para 10 de outubro audi\u00eancia para debater or\u00e7amento secreto - Jornal\",\"isPartOf\":{\"@id\":\"https:\\\/\\\/jornalboasnoticias.com.br\\\/home\\\/#website\"},\"primaryImageOfPage\":{\"@id\":\"https:\\\/\\\/jornalboasnoticias.com.br\\\/home\\\/dino-marca-para-10-de-outubro-audiencia-para-debater-orcamento-secreto\\\/#primaryimage\"},\"image\":{\"@id\":\"https:\\\/\\\/jornalboasnoticias.com.br\\\/home\\\/dino-marca-para-10-de-outubro-audiencia-para-debater-orcamento-secreto\\\/#primaryimage\"},\"thumbnailUrl\":\"https:\\\/\\\/jornalboasnoticias.com.br\\\/home\\\/wp-content\\\/uploads\\\/2024\\\/09\\\/mg_8640_0.webp\",\"datePublished\":\"2024-09-30T18:38:03+00:00\",\"description\":\"Dino marca para 10 de outubro audi\u00eancia para debater or\u00e7amento secreto\",\"breadcrumb\":{\"@id\":\"https:\\\/\\\/jornalboasnoticias.com.br\\\/home\\\/dino-marca-para-10-de-outubro-audiencia-para-debater-orcamento-secreto\\\/#breadcrumb\"},\"inLanguage\":\"pt-BR\",\"potentialAction\":[{\"@type\":\"ReadAction\",\"target\":[\"https:\\\/\\\/jornalboasnoticias.com.br\\\/home\\\/dino-marca-para-10-de-outubro-audiencia-para-debater-orcamento-secreto\\\/\"]}]},{\"@type\":\"ImageObject\",\"inLanguage\":\"pt-BR\",\"@id\":\"https:\\\/\\\/jornalboasnoticias.com.br\\\/home\\\/dino-marca-para-10-de-outubro-audiencia-para-debater-orcamento-secreto\\\/#primaryimage\",\"url\":\"https:\\\/\\\/jornalboasnoticias.com.br\\\/home\\\/wp-content\\\/uploads\\\/2024\\\/09\\\/mg_8640_0.webp\",\"contentUrl\":\"https:\\\/\\\/jornalboasnoticias.com.br\\\/home\\\/wp-content\\\/uploads\\\/2024\\\/09\\\/mg_8640_0.webp\",\"width\":1170,\"height\":700,\"caption\":\"\u00a9 Bruno Peres\\\/Ag\u00eancia Brasil\"},{\"@type\":\"BreadcrumbList\",\"@id\":\"https:\\\/\\\/jornalboasnoticias.com.br\\\/home\\\/dino-marca-para-10-de-outubro-audiencia-para-debater-orcamento-secreto\\\/#breadcrumb\",\"itemListElement\":[{\"@type\":\"ListItem\",\"position\":1,\"name\":\"In\u00edcio\",\"item\":\"https:\\\/\\\/jornalboasnoticias.com.br\\\/home\\\/\"},{\"@type\":\"ListItem\",\"position\":2,\"name\":\"Dino marca para 10 de outubro audi\u00eancia para debater or\u00e7amento secreto\"}]},{\"@type\":\"WebSite\",\"@id\":\"https:\\\/\\\/jornalboasnoticias.com.br\\\/home\\\/#website\",\"url\":\"https:\\\/\\\/jornalboasnoticias.com.br\\\/home\\\/\",\"name\":\"Jornal Boas Not\u00edcias\",\"description\":\"Boas not\u00edcias\",\"publisher\":{\"@id\":\"https:\\\/\\\/jornalboasnoticias.com.br\\\/home\\\/#organization\"},\"potentialAction\":[{\"@type\":\"SearchAction\",\"target\":{\"@type\":\"EntryPoint\",\"urlTemplate\":\"https:\\\/\\\/jornalboasnoticias.com.br\\\/home\\\/?s={search_term_string}\"},\"query-input\":{\"@type\":\"PropertyValueSpecification\",\"valueRequired\":true,\"valueName\":\"search_term_string\"}}],\"inLanguage\":\"pt-BR\"},{\"@type\":\"Organization\",\"@id\":\"https:\\\/\\\/jornalboasnoticias.com.br\\\/home\\\/#organization\",\"name\":\"Coq Editora Ltda\",\"alternateName\":\"Jornal Boas Noticias\",\"url\":\"https:\\\/\\\/jornalboasnoticias.com.br\\\/home\\\/\",\"logo\":{\"@type\":\"ImageObject\",\"inLanguage\":\"pt-BR\",\"@id\":\"https:\\\/\\\/jornalboasnoticias.com.br\\\/home\\\/#\\\/schema\\\/logo\\\/image\\\/\",\"url\":\"https:\\\/\\\/jornalboasnoticias.com.br\\\/home\\\/wp-content\\\/uploads\\\/2024\\\/07\\\/cropped-logo.jpg\",\"contentUrl\":\"https:\\\/\\\/jornalboasnoticias.com.br\\\/home\\\/wp-content\\\/uploads\\\/2024\\\/07\\\/cropped-logo.jpg\",\"width\":290,\"height\":142,\"caption\":\"Coq Editora Ltda\"},\"image\":{\"@id\":\"https:\\\/\\\/jornalboasnoticias.com.br\\\/home\\\/#\\\/schema\\\/logo\\\/image\\\/\"},\"sameAs\":[\"https:\\\/\\\/www.facebook.com\\\/boasnoticiasjornal\"]},{\"@type\":\"Person\",\"@id\":\"https:\\\/\\\/jornalboasnoticias.com.br\\\/home\\\/#\\\/schema\\\/person\\\/d641193e0afc6405b390164dac847971\",\"name\":\"Ana Luiza Bonatto\",\"image\":{\"@type\":\"ImageObject\",\"inLanguage\":\"pt-BR\",\"@id\":\"https:\\\/\\\/secure.gravatar.com\\\/avatar\\\/8a055ebe6373371f67ac6fcf313c0ac0b0a91157fdcdb9514fa62927373348f0?s=96&d=mm&r=g\",\"url\":\"https:\\\/\\\/secure.gravatar.com\\\/avatar\\\/8a055ebe6373371f67ac6fcf313c0ac0b0a91157fdcdb9514fa62927373348f0?s=96&d=mm&r=g\",\"contentUrl\":\"https:\\\/\\\/secure.gravatar.com\\\/avatar\\\/8a055ebe6373371f67ac6fcf313c0ac0b0a91157fdcdb9514fa62927373348f0?s=96&d=mm&r=g\",\"caption\":\"Ana Luiza Bonatto\"},\"url\":\"https:\\\/\\\/jornalboasnoticias.com.br\\\/home\\\/author\\\/ana-luiza\\\/\"}]}<\/script>\n<!-- \/ Yoast SEO plugin. -->","yoast_head_json":{"title":"Dino marca para 10 de outubro audi\u00eancia para debater or\u00e7amento secreto - Jornal","description":"Dino marca para 10 de outubro audi\u00eancia para debater or\u00e7amento secreto","robots":{"index":"index","follow":"follow","max-snippet":"max-snippet:-1","max-image-preview":"max-image-preview:large","max-video-preview":"max-video-preview:-1"},"canonical":"https:\/\/jornalboasnoticias.com.br\/home\/dino-marca-para-10-de-outubro-audiencia-para-debater-orcamento-secreto\/","og_locale":"pt_BR","og_type":"article","og_title":"Dino marca para 10 de outubro audi\u00eancia para debater or\u00e7amento secreto - Jornal","og_description":"Dino marca para 10 de outubro audi\u00eancia para debater or\u00e7amento secreto","og_url":"https:\/\/jornalboasnoticias.com.br\/home\/dino-marca-para-10-de-outubro-audiencia-para-debater-orcamento-secreto\/","og_site_name":"Jornal","article_publisher":"https:\/\/www.facebook.com\/boasnoticiasjornal","article_published_time":"2024-09-30T18:38:03+00:00","og_image":[{"width":1170,"height":700,"url":"https:\/\/jornalboasnoticias.com.br\/home\/wp-content\/uploads\/2024\/09\/mg_8640_0.webp","type":"image\/webp"}],"author":"Ana Luiza Bonatto","twitter_card":"summary_large_image","twitter_misc":{"Escrito por":"Ana Luiza Bonatto","Est. tempo de leitura":"3 minutos"},"schema":{"@context":"https:\/\/schema.org","@graph":[{"@type":"Article","@id":"https:\/\/jornalboasnoticias.com.br\/home\/dino-marca-para-10-de-outubro-audiencia-para-debater-orcamento-secreto\/#article","isPartOf":{"@id":"https:\/\/jornalboasnoticias.com.br\/home\/dino-marca-para-10-de-outubro-audiencia-para-debater-orcamento-secreto\/"},"author":{"name":"Ana Luiza Bonatto","@id":"https:\/\/jornalboasnoticias.com.br\/home\/#\/schema\/person\/d641193e0afc6405b390164dac847971"},"headline":"Dino marca para 10 de outubro audi\u00eancia para debater or\u00e7amento secreto","datePublished":"2024-09-30T18:38:03+00:00","mainEntityOfPage":{"@id":"https:\/\/jornalboasnoticias.com.br\/home\/dino-marca-para-10-de-outubro-audiencia-para-debater-orcamento-secreto\/"},"wordCount":410,"commentCount":0,"publisher":{"@id":"https:\/\/jornalboasnoticias.com.br\/home\/#organization"},"image":{"@id":"https:\/\/jornalboasnoticias.com.br\/home\/dino-marca-para-10-de-outubro-audiencia-para-debater-orcamento-secreto\/#primaryimage"},"thumbnailUrl":"https:\/\/jornalboasnoticias.com.br\/home\/wp-content\/uploads\/2024\/09\/mg_8640_0.webp","articleSection":["BRASIL","DESTAQUE"],"inLanguage":"pt-BR","potentialAction":[{"@type":"CommentAction","name":"Comment","target":["https:\/\/jornalboasnoticias.com.br\/home\/dino-marca-para-10-de-outubro-audiencia-para-debater-orcamento-secreto\/#respond"]}]},{"@type":"WebPage","@id":"https:\/\/jornalboasnoticias.com.br\/home\/dino-marca-para-10-de-outubro-audiencia-para-debater-orcamento-secreto\/","url":"https:\/\/jornalboasnoticias.com.br\/home\/dino-marca-para-10-de-outubro-audiencia-para-debater-orcamento-secreto\/","name":"Dino marca para 10 de outubro audi\u00eancia para debater or\u00e7amento secreto - Jornal","isPartOf":{"@id":"https:\/\/jornalboasnoticias.com.br\/home\/#website"},"primaryImageOfPage":{"@id":"https:\/\/jornalboasnoticias.com.br\/home\/dino-marca-para-10-de-outubro-audiencia-para-debater-orcamento-secreto\/#primaryimage"},"image":{"@id":"https:\/\/jornalboasnoticias.com.br\/home\/dino-marca-para-10-de-outubro-audiencia-para-debater-orcamento-secreto\/#primaryimage"},"thumbnailUrl":"https:\/\/jornalboasnoticias.com.br\/home\/wp-content\/uploads\/2024\/09\/mg_8640_0.webp","datePublished":"2024-09-30T18:38:03+00:00","description":"Dino marca para 10 de outubro audi\u00eancia para debater or\u00e7amento secreto","breadcrumb":{"@id":"https:\/\/jornalboasnoticias.com.br\/home\/dino-marca-para-10-de-outubro-audiencia-para-debater-orcamento-secreto\/#breadcrumb"},"inLanguage":"pt-BR","potentialAction":[{"@type":"ReadAction","target":["https:\/\/jornalboasnoticias.com.br\/home\/dino-marca-para-10-de-outubro-audiencia-para-debater-orcamento-secreto\/"]}]},{"@type":"ImageObject","inLanguage":"pt-BR","@id":"https:\/\/jornalboasnoticias.com.br\/home\/dino-marca-para-10-de-outubro-audiencia-para-debater-orcamento-secreto\/#primaryimage","url":"https:\/\/jornalboasnoticias.com.br\/home\/wp-content\/uploads\/2024\/09\/mg_8640_0.webp","contentUrl":"https:\/\/jornalboasnoticias.com.br\/home\/wp-content\/uploads\/2024\/09\/mg_8640_0.webp","width":1170,"height":700,"caption":"\u00a9 Bruno Peres\/Ag\u00eancia Brasil"},{"@type":"BreadcrumbList","@id":"https:\/\/jornalboasnoticias.com.br\/home\/dino-marca-para-10-de-outubro-audiencia-para-debater-orcamento-secreto\/#breadcrumb","itemListElement":[{"@type":"ListItem","position":1,"name":"In\u00edcio","item":"https:\/\/jornalboasnoticias.com.br\/home\/"},{"@type":"ListItem","position":2,"name":"Dino marca para 10 de outubro audi\u00eancia para debater or\u00e7amento secreto"}]},{"@type":"WebSite","@id":"https:\/\/jornalboasnoticias.com.br\/home\/#website","url":"https:\/\/jornalboasnoticias.com.br\/home\/","name":"Jornal Boas Not\u00edcias","description":"Boas not\u00edcias","publisher":{"@id":"https:\/\/jornalboasnoticias.com.br\/home\/#organization"},"potentialAction":[{"@type":"SearchAction","target":{"@type":"EntryPoint","urlTemplate":"https:\/\/jornalboasnoticias.com.br\/home\/?s={search_term_string}"},"query-input":{"@type":"PropertyValueSpecification","valueRequired":true,"valueName":"search_term_string"}}],"inLanguage":"pt-BR"},{"@type":"Organization","@id":"https:\/\/jornalboasnoticias.com.br\/home\/#organization","name":"Coq Editora Ltda","alternateName":"Jornal Boas Noticias","url":"https:\/\/jornalboasnoticias.com.br\/home\/","logo":{"@type":"ImageObject","inLanguage":"pt-BR","@id":"https:\/\/jornalboasnoticias.com.br\/home\/#\/schema\/logo\/image\/","url":"https:\/\/jornalboasnoticias.com.br\/home\/wp-content\/uploads\/2024\/07\/cropped-logo.jpg","contentUrl":"https:\/\/jornalboasnoticias.com.br\/home\/wp-content\/uploads\/2024\/07\/cropped-logo.jpg","width":290,"height":142,"caption":"Coq Editora Ltda"},"image":{"@id":"https:\/\/jornalboasnoticias.com.br\/home\/#\/schema\/logo\/image\/"},"sameAs":["https:\/\/www.facebook.com\/boasnoticiasjornal"]},{"@type":"Person","@id":"https:\/\/jornalboasnoticias.com.br\/home\/#\/schema\/person\/d641193e0afc6405b390164dac847971","name":"Ana Luiza Bonatto","image":{"@type":"ImageObject","inLanguage":"pt-BR","@id":"https:\/\/secure.gravatar.com\/avatar\/8a055ebe6373371f67ac6fcf313c0ac0b0a91157fdcdb9514fa62927373348f0?s=96&d=mm&r=g","url":"https:\/\/secure.gravatar.com\/avatar\/8a055ebe6373371f67ac6fcf313c0ac0b0a91157fdcdb9514fa62927373348f0?s=96&d=mm&r=g","contentUrl":"https:\/\/secure.gravatar.com\/avatar\/8a055ebe6373371f67ac6fcf313c0ac0b0a91157fdcdb9514fa62927373348f0?s=96&d=mm&r=g","caption":"Ana Luiza Bonatto"},"url":"https:\/\/jornalboasnoticias.com.br\/home\/author\/ana-luiza\/"}]}},"_links":{"self":[{"href":"https:\/\/jornalboasnoticias.com.br\/home\/wp-json\/wp\/v2\/posts\/44043","targetHints":{"allow":["GET"]}}],"collection":[{"href":"https:\/\/jornalboasnoticias.com.br\/home\/wp-json\/wp\/v2\/posts"}],"about":[{"href":"https:\/\/jornalboasnoticias.com.br\/home\/wp-json\/wp\/v2\/types\/post"}],"author":[{"embeddable":true,"href":"https:\/\/jornalboasnoticias.com.br\/home\/wp-json\/wp\/v2\/users\/4"}],"replies":[{"embeddable":true,"href":"https:\/\/jornalboasnoticias.com.br\/home\/wp-json\/wp\/v2\/comments?post=44043"}],"version-history":[{"count":1,"href":"https:\/\/jornalboasnoticias.com.br\/home\/wp-json\/wp\/v2\/posts\/44043\/revisions"}],"predecessor-version":[{"id":44045,"href":"https:\/\/jornalboasnoticias.com.br\/home\/wp-json\/wp\/v2\/posts\/44043\/revisions\/44045"}],"wp:featuredmedia":[{"embeddable":true,"href":"https:\/\/jornalboasnoticias.com.br\/home\/wp-json\/wp\/v2\/media\/44044"}],"wp:attachment":[{"href":"https:\/\/jornalboasnoticias.com.br\/home\/wp-json\/wp\/v2\/media?parent=44043"}],"wp:term":[{"taxonomy":"category","embeddable":true,"href":"https:\/\/jornalboasnoticias.com.br\/home\/wp-json\/wp\/v2\/categories?post=44043"},{"taxonomy":"post_tag","embeddable":true,"href":"https:\/\/jornalboasnoticias.com.br\/home\/wp-json\/wp\/v2\/tags?post=44043"}],"curies":[{"name":"wp","href":"https:\/\/api.w.org\/{rel}","templated":true}]}}