{"id":44040,"date":"2024-09-30T18:36:36","date_gmt":"2024-09-30T18:36:36","guid":{"rendered":"https:\/\/jornalboasnoticias.com.br\/home\/?p=44040"},"modified":"2024-09-30T18:36:36","modified_gmt":"2024-09-30T18:36:36","slug":"flamengo-comunica-saida-do-tecnico-tite","status":"publish","type":"post","link":"https:\/\/jornalboasnoticias.com.br\/home\/flamengo-comunica-saida-do-tecnico-tite\/","title":{"rendered":"Flamengo comunica sa\u00edda do t\u00e9cnico Tite"},"content":{"rendered":"<div class=\"header-noticia full-width\">\n<div>\n<figure id=\"attachment_44041\" aria-describedby=\"caption-attachment-44041\" style=\"width: 1200px\" class=\"wp-caption alignnone\"><img loading=\"lazy\" decoding=\"async\" class=\"wp-image-44041 size-full\" src=\"https:\/\/jornalboasnoticias.com.br\/home\/wp-content\/uploads\/2024\/09\/tite_-_20240929-214058_2116617_2871.jpg_554688468.webp\" alt=\"\" width=\"1200\" height=\"675\" srcset=\"https:\/\/jornalboasnoticias.com.br\/home\/wp-content\/uploads\/2024\/09\/tite_-_20240929-214058_2116617_2871.jpg_554688468.webp 1200w, https:\/\/jornalboasnoticias.com.br\/home\/wp-content\/uploads\/2024\/09\/tite_-_20240929-214058_2116617_2871.jpg_554688468-300x169.webp 300w, https:\/\/jornalboasnoticias.com.br\/home\/wp-content\/uploads\/2024\/09\/tite_-_20240929-214058_2116617_2871.jpg_554688468-1024x576.webp 1024w, https:\/\/jornalboasnoticias.com.br\/home\/wp-content\/uploads\/2024\/09\/tite_-_20240929-214058_2116617_2871.jpg_554688468-768x432.webp 768w\" sizes=\"auto, (max-width: 1200px) 100vw, 1200px\" \/><figcaption id=\"caption-attachment-44041\" class=\"wp-caption-text\">Foto: ROBERTO VINICIUS<\/figcaption><\/figure>\n<\/div>\n<div><\/div>\n<blockquote>\n<div class=\"linha-fina-noticia\">Treinador fez \u00faltimo jogo na vit\u00f3ria contra o Athletico<\/div>\n<\/blockquote>\n<div><\/div>\n<\/div>\n<div>Tite n\u00e3o \u00e9 mais o t\u00e9cnico do Flamengo. A sa\u00edda foi anunciada oficialmente pelo clube nas redes sociais. O comunicado foi publicado depois da vit\u00f3ria rubro-negra sobre o Athletico por 1 a 0, no Maracan\u00e3, na noite de domingo (29), pelo Campeonato Brasileiro.<\/p>\n<p>Diz o texto oficial do clube:<\/p>\n<p>\u201cO Clube de Regatas do Flamengo informa que o t\u00e9cnico Tite e sua comiss\u00e3o t\u00e9cnica n\u00e3o comandam mais o elenco rubro-negro. A dire\u00e7\u00e3o agradece aos profissionais e deseja sorte na continuidade de suas carreiras. Filipe Lu\u00eds assume a equipe interinamente\u201d.<\/p>\n<p>A press\u00e3o sobre Tite aumentou depois da elimina\u00e7\u00e3o nas quartas de final da Copa Libertadores para o Pe\u00f1arol, do Uruguai, na \u00faltima quinta-feira (26), em Montevid\u00e9u. Em quase um ano no cargo, ele conquistou apenas o Campeonato Carioca de 2024. Foi o primeiro clube que Tite treinou depois de deixar a sele\u00e7\u00e3o brasileira. No total, foram 70 jogos pela equipe: 41 vit\u00f3rias, 13 empates e 16 derrotas.<\/p>\n<p>O substituto, Filipe Lu\u00eds, \u00e9 ex-jogador do clube e estava no comando do time sub-20. Agora, vai ter a primeira oportunidade \u00e0 frente da equipe principal. Como lateral-esquerdo do Flamengo, ele conquistou duas Libertadores da Am\u00e9rica, uma Recopa Sul-Americana, dois Campeonatos Brasileiros, uma Copa do Brasil, uma Supercopa do Brasil e dois Campeonatos Cariocas<img decoding=\"async\" src=\"https:\/\/agenciabrasil.ebc.com.br\/ebc.png?id=1613983&amp;o=node\" \/><img decoding=\"async\" src=\"https:\/\/agenciabrasil.ebc.com.br\/ebc.gif?id=1613983&amp;o=node\" \/><\/div>\n<div><\/div>\n<div>(Ag\u00eancia Brasil)<\/div>\n","protected":false},"excerpt":{"rendered":"<p>Treinador fez \u00faltimo jogo na vit\u00f3ria contra o Athletico Tite n\u00e3o \u00e9 mais o t\u00e9cnico<\/p>\n","protected":false},"author":4,"featured_media":44041,"comment_status":"open","ping_status":"open","sticky":false,"template":"","format":"standard","meta":{"footnotes":""},"categories":[3,31],"tags":[],"class_list":["post-44040","post","type-post","status-publish","format-standard","has-post-thumbnail","hentry","category-destaques","category-esporte"],"yoast_head":"<!-- This site is optimized with the Yoast SEO plugin v27.5 - https:\/\/yoast.com\/product\/yoast-seo-wordpress\/ -->\n<title>Flamengo comunica sa\u00edda do t\u00e9cnico Tite - Jornal<\/title>\n<meta name=\"description\" content=\"Flamengo comunica sa\u00edda do t\u00e9cnico Tite\" \/>\n<meta name=\"robots\" content=\"index, follow, max-snippet:-1, max-image-preview:large, max-video-preview:-1\" \/>\n<link rel=\"canonical\" href=\"https:\/\/jornalboasnoticias.com.br\/home\/flamengo-comunica-saida-do-tecnico-tite\/\" \/>\n<meta property=\"og:locale\" content=\"pt_BR\" \/>\n<meta property=\"og:type\" content=\"article\" \/>\n<meta property=\"og:title\" content=\"Flamengo comunica sa\u00edda do t\u00e9cnico Tite - Jornal\" \/>\n<meta property=\"og:description\" content=\"Flamengo comunica sa\u00edda do t\u00e9cnico Tite\" \/>\n<meta property=\"og:url\" content=\"https:\/\/jornalboasnoticias.com.br\/home\/flamengo-comunica-saida-do-tecnico-tite\/\" \/>\n<meta property=\"og:site_name\" content=\"Jornal\" \/>\n<meta property=\"article:publisher\" content=\"https:\/\/www.facebook.com\/boasnoticiasjornal\" \/>\n<meta property=\"article:published_time\" content=\"2024-09-30T18:36:36+00:00\" \/>\n<meta property=\"og:image\" content=\"https:\/\/jornalboasnoticias.com.br\/home\/wp-content\/uploads\/2024\/09\/tite_-_20240929-214058_2116617_2871.jpg_554688468.webp\" \/>\n\t<meta property=\"og:image:width\" content=\"1200\" \/>\n\t<meta property=\"og:image:height\" content=\"675\" \/>\n\t<meta property=\"og:image:type\" content=\"image\/webp\" \/>\n<meta name=\"author\" content=\"Ana Luiza Bonatto\" \/>\n<meta name=\"twitter:card\" content=\"summary_large_image\" \/>\n<meta name=\"twitter:label1\" content=\"Escrito por\" \/>\n\t<meta name=\"twitter:data1\" content=\"Ana Luiza Bonatto\" \/>\n\t<meta name=\"twitter:label2\" content=\"Est. tempo de leitura\" \/>\n\t<meta name=\"twitter:data2\" content=\"3 minutos\" \/>\n<script type=\"application\/ld+json\" class=\"yoast-schema-graph\">{\"@context\":\"https:\\\/\\\/schema.org\",\"@graph\":[{\"@type\":\"Article\",\"@id\":\"https:\\\/\\\/jornalboasnoticias.com.br\\\/home\\\/flamengo-comunica-saida-do-tecnico-tite\\\/#article\",\"isPartOf\":{\"@id\":\"https:\\\/\\\/jornalboasnoticias.com.br\\\/home\\\/flamengo-comunica-saida-do-tecnico-tite\\\/\"},\"author\":{\"name\":\"Ana Luiza Bonatto\",\"@id\":\"https:\\\/\\\/jornalboasnoticias.com.br\\\/home\\\/#\\\/schema\\\/person\\\/d641193e0afc6405b390164dac847971\"},\"headline\":\"Flamengo comunica sa\u00edda do t\u00e9cnico Tite\",\"datePublished\":\"2024-09-30T18:36:36+00:00\",\"mainEntityOfPage\":{\"@id\":\"https:\\\/\\\/jornalboasnoticias.com.br\\\/home\\\/flamengo-comunica-saida-do-tecnico-tite\\\/\"},\"wordCount\":247,\"commentCount\":0,\"publisher\":{\"@id\":\"https:\\\/\\\/jornalboasnoticias.com.br\\\/home\\\/#organization\"},\"image\":{\"@id\":\"https:\\\/\\\/jornalboasnoticias.com.br\\\/home\\\/flamengo-comunica-saida-do-tecnico-tite\\\/#primaryimage\"},\"thumbnailUrl\":\"https:\\\/\\\/jornalboasnoticias.com.br\\\/home\\\/wp-content\\\/uploads\\\/2024\\\/09\\\/tite_-_20240929-214058_2116617_2871.jpg_554688468.webp\",\"articleSection\":[\"DESTAQUE\",\"ESPORTE\"],\"inLanguage\":\"pt-BR\",\"potentialAction\":[{\"@type\":\"CommentAction\",\"name\":\"Comment\",\"target\":[\"https:\\\/\\\/jornalboasnoticias.com.br\\\/home\\\/flamengo-comunica-saida-do-tecnico-tite\\\/#respond\"]}]},{\"@type\":\"WebPage\",\"@id\":\"https:\\\/\\\/jornalboasnoticias.com.br\\\/home\\\/flamengo-comunica-saida-do-tecnico-tite\\\/\",\"url\":\"https:\\\/\\\/jornalboasnoticias.com.br\\\/home\\\/flamengo-comunica-saida-do-tecnico-tite\\\/\",\"name\":\"Flamengo comunica sa\u00edda do t\u00e9cnico Tite - Jornal\",\"isPartOf\":{\"@id\":\"https:\\\/\\\/jornalboasnoticias.com.br\\\/home\\\/#website\"},\"primaryImageOfPage\":{\"@id\":\"https:\\\/\\\/jornalboasnoticias.com.br\\\/home\\\/flamengo-comunica-saida-do-tecnico-tite\\\/#primaryimage\"},\"image\":{\"@id\":\"https:\\\/\\\/jornalboasnoticias.com.br\\\/home\\\/flamengo-comunica-saida-do-tecnico-tite\\\/#primaryimage\"},\"thumbnailUrl\":\"https:\\\/\\\/jornalboasnoticias.com.br\\\/home\\\/wp-content\\\/uploads\\\/2024\\\/09\\\/tite_-_20240929-214058_2116617_2871.jpg_554688468.webp\",\"datePublished\":\"2024-09-30T18:36:36+00:00\",\"description\":\"Flamengo comunica sa\u00edda do t\u00e9cnico Tite\",\"breadcrumb\":{\"@id\":\"https:\\\/\\\/jornalboasnoticias.com.br\\\/home\\\/flamengo-comunica-saida-do-tecnico-tite\\\/#breadcrumb\"},\"inLanguage\":\"pt-BR\",\"potentialAction\":[{\"@type\":\"ReadAction\",\"target\":[\"https:\\\/\\\/jornalboasnoticias.com.br\\\/home\\\/flamengo-comunica-saida-do-tecnico-tite\\\/\"]}]},{\"@type\":\"ImageObject\",\"inLanguage\":\"pt-BR\",\"@id\":\"https:\\\/\\\/jornalboasnoticias.com.br\\\/home\\\/flamengo-comunica-saida-do-tecnico-tite\\\/#primaryimage\",\"url\":\"https:\\\/\\\/jornalboasnoticias.com.br\\\/home\\\/wp-content\\\/uploads\\\/2024\\\/09\\\/tite_-_20240929-214058_2116617_2871.jpg_554688468.webp\",\"contentUrl\":\"https:\\\/\\\/jornalboasnoticias.com.br\\\/home\\\/wp-content\\\/uploads\\\/2024\\\/09\\\/tite_-_20240929-214058_2116617_2871.jpg_554688468.webp\",\"width\":1200,\"height\":675,\"caption\":\"Foto: ROBERTO VINICIUS\"},{\"@type\":\"BreadcrumbList\",\"@id\":\"https:\\\/\\\/jornalboasnoticias.com.br\\\/home\\\/flamengo-comunica-saida-do-tecnico-tite\\\/#breadcrumb\",\"itemListElement\":[{\"@type\":\"ListItem\",\"position\":1,\"name\":\"In\u00edcio\",\"item\":\"https:\\\/\\\/jornalboasnoticias.com.br\\\/home\\\/\"},{\"@type\":\"ListItem\",\"position\":2,\"name\":\"Flamengo comunica sa\u00edda do t\u00e9cnico Tite\"}]},{\"@type\":\"WebSite\",\"@id\":\"https:\\\/\\\/jornalboasnoticias.com.br\\\/home\\\/#website\",\"url\":\"https:\\\/\\\/jornalboasnoticias.com.br\\\/home\\\/\",\"name\":\"Jornal Boas Not\u00edcias\",\"description\":\"Boas not\u00edcias\",\"publisher\":{\"@id\":\"https:\\\/\\\/jornalboasnoticias.com.br\\\/home\\\/#organization\"},\"potentialAction\":[{\"@type\":\"SearchAction\",\"target\":{\"@type\":\"EntryPoint\",\"urlTemplate\":\"https:\\\/\\\/jornalboasnoticias.com.br\\\/home\\\/?s={search_term_string}\"},\"query-input\":{\"@type\":\"PropertyValueSpecification\",\"valueRequired\":true,\"valueName\":\"search_term_string\"}}],\"inLanguage\":\"pt-BR\"},{\"@type\":\"Organization\",\"@id\":\"https:\\\/\\\/jornalboasnoticias.com.br\\\/home\\\/#organization\",\"name\":\"Coq Editora Ltda\",\"alternateName\":\"Jornal Boas Noticias\",\"url\":\"https:\\\/\\\/jornalboasnoticias.com.br\\\/home\\\/\",\"logo\":{\"@type\":\"ImageObject\",\"inLanguage\":\"pt-BR\",\"@id\":\"https:\\\/\\\/jornalboasnoticias.com.br\\\/home\\\/#\\\/schema\\\/logo\\\/image\\\/\",\"url\":\"https:\\\/\\\/jornalboasnoticias.com.br\\\/home\\\/wp-content\\\/uploads\\\/2024\\\/07\\\/cropped-logo.jpg\",\"contentUrl\":\"https:\\\/\\\/jornalboasnoticias.com.br\\\/home\\\/wp-content\\\/uploads\\\/2024\\\/07\\\/cropped-logo.jpg\",\"width\":290,\"height\":142,\"caption\":\"Coq Editora Ltda\"},\"image\":{\"@id\":\"https:\\\/\\\/jornalboasnoticias.com.br\\\/home\\\/#\\\/schema\\\/logo\\\/image\\\/\"},\"sameAs\":[\"https:\\\/\\\/www.facebook.com\\\/boasnoticiasjornal\"]},{\"@type\":\"Person\",\"@id\":\"https:\\\/\\\/jornalboasnoticias.com.br\\\/home\\\/#\\\/schema\\\/person\\\/d641193e0afc6405b390164dac847971\",\"name\":\"Ana Luiza Bonatto\",\"image\":{\"@type\":\"ImageObject\",\"inLanguage\":\"pt-BR\",\"@id\":\"https:\\\/\\\/secure.gravatar.com\\\/avatar\\\/8a055ebe6373371f67ac6fcf313c0ac0b0a91157fdcdb9514fa62927373348f0?s=96&d=mm&r=g\",\"url\":\"https:\\\/\\\/secure.gravatar.com\\\/avatar\\\/8a055ebe6373371f67ac6fcf313c0ac0b0a91157fdcdb9514fa62927373348f0?s=96&d=mm&r=g\",\"contentUrl\":\"https:\\\/\\\/secure.gravatar.com\\\/avatar\\\/8a055ebe6373371f67ac6fcf313c0ac0b0a91157fdcdb9514fa62927373348f0?s=96&d=mm&r=g\",\"caption\":\"Ana Luiza Bonatto\"},\"url\":\"https:\\\/\\\/jornalboasnoticias.com.br\\\/home\\\/author\\\/ana-luiza\\\/\"}]}<\/script>\n<!-- \/ Yoast SEO plugin. -->","yoast_head_json":{"title":"Flamengo comunica sa\u00edda do t\u00e9cnico Tite - Jornal","description":"Flamengo comunica sa\u00edda do t\u00e9cnico Tite","robots":{"index":"index","follow":"follow","max-snippet":"max-snippet:-1","max-image-preview":"max-image-preview:large","max-video-preview":"max-video-preview:-1"},"canonical":"https:\/\/jornalboasnoticias.com.br\/home\/flamengo-comunica-saida-do-tecnico-tite\/","og_locale":"pt_BR","og_type":"article","og_title":"Flamengo comunica sa\u00edda do t\u00e9cnico Tite - Jornal","og_description":"Flamengo comunica sa\u00edda do t\u00e9cnico Tite","og_url":"https:\/\/jornalboasnoticias.com.br\/home\/flamengo-comunica-saida-do-tecnico-tite\/","og_site_name":"Jornal","article_publisher":"https:\/\/www.facebook.com\/boasnoticiasjornal","article_published_time":"2024-09-30T18:36:36+00:00","og_image":[{"width":1200,"height":675,"url":"https:\/\/jornalboasnoticias.com.br\/home\/wp-content\/uploads\/2024\/09\/tite_-_20240929-214058_2116617_2871.jpg_554688468.webp","type":"image\/webp"}],"author":"Ana Luiza Bonatto","twitter_card":"summary_large_image","twitter_misc":{"Escrito por":"Ana Luiza Bonatto","Est. tempo de leitura":"3 minutos"},"schema":{"@context":"https:\/\/schema.org","@graph":[{"@type":"Article","@id":"https:\/\/jornalboasnoticias.com.br\/home\/flamengo-comunica-saida-do-tecnico-tite\/#article","isPartOf":{"@id":"https:\/\/jornalboasnoticias.com.br\/home\/flamengo-comunica-saida-do-tecnico-tite\/"},"author":{"name":"Ana Luiza Bonatto","@id":"https:\/\/jornalboasnoticias.com.br\/home\/#\/schema\/person\/d641193e0afc6405b390164dac847971"},"headline":"Flamengo comunica sa\u00edda do t\u00e9cnico Tite","datePublished":"2024-09-30T18:36:36+00:00","mainEntityOfPage":{"@id":"https:\/\/jornalboasnoticias.com.br\/home\/flamengo-comunica-saida-do-tecnico-tite\/"},"wordCount":247,"commentCount":0,"publisher":{"@id":"https:\/\/jornalboasnoticias.com.br\/home\/#organization"},"image":{"@id":"https:\/\/jornalboasnoticias.com.br\/home\/flamengo-comunica-saida-do-tecnico-tite\/#primaryimage"},"thumbnailUrl":"https:\/\/jornalboasnoticias.com.br\/home\/wp-content\/uploads\/2024\/09\/tite_-_20240929-214058_2116617_2871.jpg_554688468.webp","articleSection":["DESTAQUE","ESPORTE"],"inLanguage":"pt-BR","potentialAction":[{"@type":"CommentAction","name":"Comment","target":["https:\/\/jornalboasnoticias.com.br\/home\/flamengo-comunica-saida-do-tecnico-tite\/#respond"]}]},{"@type":"WebPage","@id":"https:\/\/jornalboasnoticias.com.br\/home\/flamengo-comunica-saida-do-tecnico-tite\/","url":"https:\/\/jornalboasnoticias.com.br\/home\/flamengo-comunica-saida-do-tecnico-tite\/","name":"Flamengo comunica sa\u00edda do t\u00e9cnico Tite - Jornal","isPartOf":{"@id":"https:\/\/jornalboasnoticias.com.br\/home\/#website"},"primaryImageOfPage":{"@id":"https:\/\/jornalboasnoticias.com.br\/home\/flamengo-comunica-saida-do-tecnico-tite\/#primaryimage"},"image":{"@id":"https:\/\/jornalboasnoticias.com.br\/home\/flamengo-comunica-saida-do-tecnico-tite\/#primaryimage"},"thumbnailUrl":"https:\/\/jornalboasnoticias.com.br\/home\/wp-content\/uploads\/2024\/09\/tite_-_20240929-214058_2116617_2871.jpg_554688468.webp","datePublished":"2024-09-30T18:36:36+00:00","description":"Flamengo comunica sa\u00edda do t\u00e9cnico Tite","breadcrumb":{"@id":"https:\/\/jornalboasnoticias.com.br\/home\/flamengo-comunica-saida-do-tecnico-tite\/#breadcrumb"},"inLanguage":"pt-BR","potentialAction":[{"@type":"ReadAction","target":["https:\/\/jornalboasnoticias.com.br\/home\/flamengo-comunica-saida-do-tecnico-tite\/"]}]},{"@type":"ImageObject","inLanguage":"pt-BR","@id":"https:\/\/jornalboasnoticias.com.br\/home\/flamengo-comunica-saida-do-tecnico-tite\/#primaryimage","url":"https:\/\/jornalboasnoticias.com.br\/home\/wp-content\/uploads\/2024\/09\/tite_-_20240929-214058_2116617_2871.jpg_554688468.webp","contentUrl":"https:\/\/jornalboasnoticias.com.br\/home\/wp-content\/uploads\/2024\/09\/tite_-_20240929-214058_2116617_2871.jpg_554688468.webp","width":1200,"height":675,"caption":"Foto: ROBERTO VINICIUS"},{"@type":"BreadcrumbList","@id":"https:\/\/jornalboasnoticias.com.br\/home\/flamengo-comunica-saida-do-tecnico-tite\/#breadcrumb","itemListElement":[{"@type":"ListItem","position":1,"name":"In\u00edcio","item":"https:\/\/jornalboasnoticias.com.br\/home\/"},{"@type":"ListItem","position":2,"name":"Flamengo comunica sa\u00edda do t\u00e9cnico Tite"}]},{"@type":"WebSite","@id":"https:\/\/jornalboasnoticias.com.br\/home\/#website","url":"https:\/\/jornalboasnoticias.com.br\/home\/","name":"Jornal Boas Not\u00edcias","description":"Boas not\u00edcias","publisher":{"@id":"https:\/\/jornalboasnoticias.com.br\/home\/#organization"},"potentialAction":[{"@type":"SearchAction","target":{"@type":"EntryPoint","urlTemplate":"https:\/\/jornalboasnoticias.com.br\/home\/?s={search_term_string}"},"query-input":{"@type":"PropertyValueSpecification","valueRequired":true,"valueName":"search_term_string"}}],"inLanguage":"pt-BR"},{"@type":"Organization","@id":"https:\/\/jornalboasnoticias.com.br\/home\/#organization","name":"Coq Editora Ltda","alternateName":"Jornal Boas Noticias","url":"https:\/\/jornalboasnoticias.com.br\/home\/","logo":{"@type":"ImageObject","inLanguage":"pt-BR","@id":"https:\/\/jornalboasnoticias.com.br\/home\/#\/schema\/logo\/image\/","url":"https:\/\/jornalboasnoticias.com.br\/home\/wp-content\/uploads\/2024\/07\/cropped-logo.jpg","contentUrl":"https:\/\/jornalboasnoticias.com.br\/home\/wp-content\/uploads\/2024\/07\/cropped-logo.jpg","width":290,"height":142,"caption":"Coq Editora Ltda"},"image":{"@id":"https:\/\/jornalboasnoticias.com.br\/home\/#\/schema\/logo\/image\/"},"sameAs":["https:\/\/www.facebook.com\/boasnoticiasjornal"]},{"@type":"Person","@id":"https:\/\/jornalboasnoticias.com.br\/home\/#\/schema\/person\/d641193e0afc6405b390164dac847971","name":"Ana Luiza Bonatto","image":{"@type":"ImageObject","inLanguage":"pt-BR","@id":"https:\/\/secure.gravatar.com\/avatar\/8a055ebe6373371f67ac6fcf313c0ac0b0a91157fdcdb9514fa62927373348f0?s=96&d=mm&r=g","url":"https:\/\/secure.gravatar.com\/avatar\/8a055ebe6373371f67ac6fcf313c0ac0b0a91157fdcdb9514fa62927373348f0?s=96&d=mm&r=g","contentUrl":"https:\/\/secure.gravatar.com\/avatar\/8a055ebe6373371f67ac6fcf313c0ac0b0a91157fdcdb9514fa62927373348f0?s=96&d=mm&r=g","caption":"Ana Luiza Bonatto"},"url":"https:\/\/jornalboasnoticias.com.br\/home\/author\/ana-luiza\/"}]}},"_links":{"self":[{"href":"https:\/\/jornalboasnoticias.com.br\/home\/wp-json\/wp\/v2\/posts\/44040","targetHints":{"allow":["GET"]}}],"collection":[{"href":"https:\/\/jornalboasnoticias.com.br\/home\/wp-json\/wp\/v2\/posts"}],"about":[{"href":"https:\/\/jornalboasnoticias.com.br\/home\/wp-json\/wp\/v2\/types\/post"}],"author":[{"embeddable":true,"href":"https:\/\/jornalboasnoticias.com.br\/home\/wp-json\/wp\/v2\/users\/4"}],"replies":[{"embeddable":true,"href":"https:\/\/jornalboasnoticias.com.br\/home\/wp-json\/wp\/v2\/comments?post=44040"}],"version-history":[{"count":1,"href":"https:\/\/jornalboasnoticias.com.br\/home\/wp-json\/wp\/v2\/posts\/44040\/revisions"}],"predecessor-version":[{"id":44042,"href":"https:\/\/jornalboasnoticias.com.br\/home\/wp-json\/wp\/v2\/posts\/44040\/revisions\/44042"}],"wp:featuredmedia":[{"embeddable":true,"href":"https:\/\/jornalboasnoticias.com.br\/home\/wp-json\/wp\/v2\/media\/44041"}],"wp:attachment":[{"href":"https:\/\/jornalboasnoticias.com.br\/home\/wp-json\/wp\/v2\/media?parent=44040"}],"wp:term":[{"taxonomy":"category","embeddable":true,"href":"https:\/\/jornalboasnoticias.com.br\/home\/wp-json\/wp\/v2\/categories?post=44040"},{"taxonomy":"post_tag","embeddable":true,"href":"https:\/\/jornalboasnoticias.com.br\/home\/wp-json\/wp\/v2\/tags?post=44040"}],"curies":[{"name":"wp","href":"https:\/\/api.w.org\/{rel}","templated":true}]}}