{"id":44036,"date":"2024-09-30T18:33:04","date_gmt":"2024-09-30T18:33:04","guid":{"rendered":"https:\/\/jornalboasnoticias.com.br\/home\/?p=44036"},"modified":"2024-09-30T18:33:04","modified_gmt":"2024-09-30T18:33:04","slug":"lula-defende-revisao-e-novos-acordos-comerciais-com-o-mexico","status":"publish","type":"post","link":"https:\/\/jornalboasnoticias.com.br\/home\/lula-defende-revisao-e-novos-acordos-comerciais-com-o-mexico\/","title":{"rendered":"Lula defende revis\u00e3o e novos acordos comerciais com o M\u00e9xico"},"content":{"rendered":"<div class=\"header-noticia full-width\">\n<div>\n<figure id=\"attachment_44037\" aria-describedby=\"caption-attachment-44037\" style=\"width: 1170px\" class=\"wp-caption alignnone\"><img loading=\"lazy\" decoding=\"async\" class=\"wp-image-44037 size-full\" src=\"https:\/\/jornalboasnoticias.com.br\/home\/wp-content\/uploads\/2024\/09\/54033404734_54a0323892_o.webp\" alt=\"\" width=\"1170\" height=\"700\" srcset=\"https:\/\/jornalboasnoticias.com.br\/home\/wp-content\/uploads\/2024\/09\/54033404734_54a0323892_o.webp 1170w, https:\/\/jornalboasnoticias.com.br\/home\/wp-content\/uploads\/2024\/09\/54033404734_54a0323892_o-300x179.webp 300w, https:\/\/jornalboasnoticias.com.br\/home\/wp-content\/uploads\/2024\/09\/54033404734_54a0323892_o-1024x613.webp 1024w, https:\/\/jornalboasnoticias.com.br\/home\/wp-content\/uploads\/2024\/09\/54033404734_54a0323892_o-768x459.webp 768w\" sizes=\"auto, (max-width: 1170px) 100vw, 1170px\" \/><figcaption id=\"caption-attachment-44037\" class=\"wp-caption-text\">\u00a9 Ricardo Stuckert\/PR<\/figcaption><\/figure>\n<\/div>\n<\/div>\n<div class=\"header-noticia full-width\">\n<blockquote>\n<div class=\"linha-fina-noticia\">F\u00f3rum reuniu mais de 400 empres\u00e1rios mexicanos e brasileiros<\/div>\n<\/blockquote>\n<\/div>\n<div>\n<p>O presidente Luiz In\u00e1cio Lula da Silva afirmou nesta segunda-feira (30) que os acordos comerciais entre Brasil e M\u00e9xico precisam ser revistos e novos devem ser estabelecidos para explorar todo o potencial de com\u00e9rcio e investimentos entre os dois pa\u00edses. Lula participou de um f\u00f3rum com mais de 400 empres\u00e1rios mexicanos e brasileiros, na Cidade do M\u00e9xico, capital mexicana.<img decoding=\"async\" src=\"https:\/\/agenciabrasil.ebc.com.br\/ebc.png?id=1613984&amp;o=node\" \/><img decoding=\"async\" src=\"https:\/\/agenciabrasil.ebc.com.br\/ebc.gif?id=1613984&amp;o=node\" \/><\/p>\n<p>\u201cO potencial da economia mexicana \u00e9 extraordin\u00e1rio, o potencial da economia brasileira \u00e9 extraordin\u00e1rio, eu acho que n\u00f3s ainda n\u00e3o conseguimos utilizar 70% do potencial que n\u00f3s temos. E por isso \u00e9 que n\u00f3s precisamos fazer novos acordos, discutir a fundo sem medo de discutir, tendo sempre em conta que uma boa pol\u00edtica de rela\u00e7\u00e3o comercial \u00e9 uma via de duas m\u00e3os: eu quero vender, mas eu quero comprar. \u00c9 preciso que haja um balan\u00e7o equilibrado nessa rela\u00e7\u00e3o pol\u00edtica comercial\u201d, disse.<\/p>\n<p>Lula est\u00e1 no M\u00e9xico para a posse da nova presidente, Claudia Sheinbaum, que ocorre nesta ter\u00e7a-feira (1\u00ba).<\/p>\n<p>\u201cEu penso que voc\u00eas, companheiros empres\u00e1rios, n\u00e3o t\u00eam que ter medo, sentem em volta de uma mesa, vejam quais s\u00e3o os problemas que dificultam as nossas rela\u00e7\u00f5es comerciais e vamos ver se a futura presidente da Rep\u00fablica e eu temos sabedoria de fazer com que as mudan\u00e7as possam beneficiar o povo do M\u00e9xico e o povo brasileiro\u201d, acrescentou Lula.<\/p>\n<p>Durante seu discurso, o brasileiro falou sobre a parceria com o Congresso Nacional na aprova\u00e7\u00e3o de projetos importantes, como o arcabou\u00e7o fiscal e a reforma tribut\u00e1ria, e defendeu as pautas de seu governo que, segundo ele, visam garantir previsibilidade e estabilidade no pa\u00eds.<\/p>\n<p>\u201cE por que n\u00f3s resolvemos fazer tudo isso? Para que a gente pudesse oferecer garantias n\u00e3o apenas aos empres\u00e1rios brasileiros, mas oferecer tamb\u00e9m garantias aos empres\u00e1rios estrangeiros\u201d, disse. \u201cO m\u00e1ximo que um presidente da Rep\u00fablica pode fazer \u00e9 abrir o port\u00e3o, mas quem sabe conversar sobre o neg\u00f3cio s\u00e3o voc\u00eas\u201d, completou.<\/p>\n<p>A delega\u00e7\u00e3o brasileira tem mais de 150 empres\u00e1rios de diferentes setores, como alimentos, bebidas, maquin\u00e1rio, turismo, medicamentos, setor t\u00eaxtil, fertilizantes e tamb\u00e9m de comunica\u00e7\u00f5es e energia. O f\u00f3rum promoveu pain\u00e9is sobre investimentos, seguran\u00e7a alimentar e explora\u00e7\u00e3o de alimentos, cadeias produtivas e nova ind\u00fastria.<\/p>\n<h2>Acordos<\/h2>\n<p>O governo brasileiro est\u00e1 empenhado em aprofundar o acordo de complementa\u00e7\u00e3o econ\u00f4mica entre Brasil e M\u00e9xico, o ACE 53. O Brasil quer ampliar o n\u00famero de linhas que podem entrar com benef\u00edcios de com\u00e9rcio ou tarifas mais baixas, pois o acordo bilateral s\u00f3 abrange 13% das linhas tarif\u00e1rias.<\/p>\n<p>O ACE 53 estabelece a elimina\u00e7\u00e3o ou redu\u00e7\u00e3o de tarifas de importa\u00e7\u00e3o para um universo de aproximadamente 800 posi\u00e7\u00f5es tarif\u00e1rias, por meio da concess\u00e3o de margens de prefer\u00eancias rec\u00edprocas entre Brasil e M\u00e9xico. O instrumento prev\u00ea ainda que, no caso do Brasil, as importa\u00e7\u00f5es de produtos constantes no acordo n\u00e3o estar\u00e3o sujeitas \u00e0 aplica\u00e7\u00e3o do Adicional ao Frete para a Renova\u00e7\u00e3o da Marinha Mercante (AFRMM).<\/p>\n<p>Tamb\u00e9m est\u00e1 na mesa a renegocia\u00e7\u00e3o e moderniza\u00e7\u00e3o do ACE 55, acordo de livre com\u00e9rcio para o interc\u00e2mbio comercial\u202fde autom\u00f3veis; ve\u00edculos comerciais leves, chassis com motor e cabina e carro\u00e7arias para estes ve\u00edculos, caminh\u00f5es e chassis com motor e cabina; tratores agr\u00edcolas, ceifeiras, m\u00e1quinas agr\u00edcolas autopropulsadas e m\u00e1quinas rodovi\u00e1rias autopropulsadas; e autope\u00e7as para os produtos automotivos listados.<\/p>\n<h2>Cen\u00e1rio atual<\/h2>\n<p>O M\u00e9xico \u00e9 o sexto parceiro comercial do Brasil e o quinto principal destino das exporta\u00e7\u00f5es brasileiras. Em 2023, o com\u00e9rcio bilateral chegou a US$ 14,1 bilh\u00f5es. Com quase 130 milh\u00f5es de habitantes, o M\u00e9xico tem a segunda maior economia da Am\u00e9rica Latina, atr\u00e1s apenas do Brasil, e, em 2023, a economia do pa\u00eds cresceu 3,2%, segundo ano consecutivo de crescimento acima dos 3%.<\/p>\n<p>As rela\u00e7\u00f5es comerciais entre Brasil e M\u00e9xico t\u00eam crescido nos \u00faltimos anos. De 2019 \u00e0 2023, as exporta\u00e7\u00f5es brasileiras para o M\u00e9xico cresceram 74%, isso com a pandemia no meio, passando de US$ 4,8 bilh\u00f5es para US$ 8,5 bilh\u00f5es.<\/p>\n<p>Apesar do crescimento, as exporta\u00e7\u00f5es do Brasil para o M\u00e9xico representam apenas 2,5% do total, similar ao Chile, para onde o pa\u00eds exporta 2,3% do total. Por outro lado, as importa\u00e7\u00f5es brasileiras de produtos mexicanos representam 2,3% do total das importa\u00e7\u00f5es. Em 2023, o Brasil importou do M\u00e9xico US$ 5,5 bilh\u00f5es, crescimento de 4,9% em rela\u00e7\u00e3o a 2022.<\/p>\n<h2>Agenda<\/h2>\n<p>Ainda hoje, Lula tem reuni\u00f5es com o atual mandat\u00e1rio do pa\u00eds, L\u00f3pez Obrador, e tamb\u00e9m com a presidenta eleita. Entre os temas previstos para as bilaterais est\u00e3o o meio ambiente e os desafios na \u00e1rea clim\u00e1tica, quest\u00f5es de g\u00eanero e rela\u00e7\u00f5es comerciais.<\/p>\n<p>Sheinbaum ser\u00e1 a\u00a0primeira mulher a exercer a presid\u00eancia do M\u00e9xico.<\/p>\n<p>Amanh\u00e3 pela manh\u00e3, o presidente se desloca para a C\u00e2mara dos Deputados, no Pal\u00e1cio Legislativo de San L\u00e1zaro, onde ocorre a cerim\u00f4nia de transmiss\u00e3o da posse presidencial. Em seguida, todos os l\u00edderes se dirigem ao Pal\u00e1cio Nacional, onde Claudia Sheinbaum receber\u00e1 os cumprimentos. No mesmo dia, o presidente Lula retorna para o Brasil.<\/p>\n<\/div>\n","protected":false},"excerpt":{"rendered":"<p>F\u00f3rum reuniu mais de 400 empres\u00e1rios mexicanos e brasileiros O presidente Luiz In\u00e1cio Lula da<\/p>\n","protected":false},"author":4,"featured_media":44037,"comment_status":"open","ping_status":"open","sticky":false,"template":"","format":"standard","meta":{"footnotes":""},"categories":[3,9],"tags":[],"class_list":["post-44036","post","type-post","status-publish","format-standard","has-post-thumbnail","hentry","category-destaques","category-internacional"],"yoast_head":"<!-- This site is optimized with the Yoast SEO plugin v27.5 - https:\/\/yoast.com\/product\/yoast-seo-wordpress\/ -->\n<title>Lula defende revis\u00e3o e novos acordos comerciais com o M\u00e9xico - Jornal<\/title>\n<meta name=\"description\" content=\"Lula defende revis\u00e3o e novos acordos comerciais com o M\u00e9xico\" \/>\n<meta name=\"robots\" content=\"index, follow, max-snippet:-1, max-image-preview:large, max-video-preview:-1\" \/>\n<link rel=\"canonical\" href=\"https:\/\/jornalboasnoticias.com.br\/home\/lula-defende-revisao-e-novos-acordos-comerciais-com-o-mexico\/\" \/>\n<meta property=\"og:locale\" content=\"pt_BR\" \/>\n<meta property=\"og:type\" content=\"article\" \/>\n<meta property=\"og:title\" content=\"Lula defende revis\u00e3o e novos acordos comerciais com o M\u00e9xico - Jornal\" \/>\n<meta property=\"og:description\" content=\"Lula defende revis\u00e3o e novos acordos comerciais com o M\u00e9xico\" \/>\n<meta property=\"og:url\" content=\"https:\/\/jornalboasnoticias.com.br\/home\/lula-defende-revisao-e-novos-acordos-comerciais-com-o-mexico\/\" \/>\n<meta property=\"og:site_name\" content=\"Jornal\" \/>\n<meta property=\"article:publisher\" content=\"https:\/\/www.facebook.com\/boasnoticiasjornal\" \/>\n<meta property=\"article:published_time\" content=\"2024-09-30T18:33:04+00:00\" \/>\n<meta property=\"og:image\" content=\"https:\/\/jornalboasnoticias.com.br\/home\/wp-content\/uploads\/2024\/09\/54033404734_54a0323892_o.webp\" \/>\n\t<meta property=\"og:image:width\" content=\"1170\" \/>\n\t<meta property=\"og:image:height\" content=\"700\" \/>\n\t<meta property=\"og:image:type\" content=\"image\/webp\" \/>\n<meta name=\"author\" content=\"Ana Luiza Bonatto\" \/>\n<meta name=\"twitter:card\" content=\"summary_large_image\" \/>\n<meta name=\"twitter:label1\" content=\"Escrito por\" \/>\n\t<meta name=\"twitter:data1\" content=\"Ana Luiza Bonatto\" \/>\n\t<meta name=\"twitter:label2\" content=\"Est. tempo de leitura\" \/>\n\t<meta name=\"twitter:data2\" content=\"6 minutos\" \/>\n<script type=\"application\/ld+json\" class=\"yoast-schema-graph\">{\"@context\":\"https:\\\/\\\/schema.org\",\"@graph\":[{\"@type\":\"Article\",\"@id\":\"https:\\\/\\\/jornalboasnoticias.com.br\\\/home\\\/lula-defende-revisao-e-novos-acordos-comerciais-com-o-mexico\\\/#article\",\"isPartOf\":{\"@id\":\"https:\\\/\\\/jornalboasnoticias.com.br\\\/home\\\/lula-defende-revisao-e-novos-acordos-comerciais-com-o-mexico\\\/\"},\"author\":{\"name\":\"Ana Luiza Bonatto\",\"@id\":\"https:\\\/\\\/jornalboasnoticias.com.br\\\/home\\\/#\\\/schema\\\/person\\\/d641193e0afc6405b390164dac847971\"},\"headline\":\"Lula defende revis\u00e3o e novos acordos comerciais com o M\u00e9xico\",\"datePublished\":\"2024-09-30T18:33:04+00:00\",\"mainEntityOfPage\":{\"@id\":\"https:\\\/\\\/jornalboasnoticias.com.br\\\/home\\\/lula-defende-revisao-e-novos-acordos-comerciais-com-o-mexico\\\/\"},\"wordCount\":927,\"commentCount\":0,\"publisher\":{\"@id\":\"https:\\\/\\\/jornalboasnoticias.com.br\\\/home\\\/#organization\"},\"image\":{\"@id\":\"https:\\\/\\\/jornalboasnoticias.com.br\\\/home\\\/lula-defende-revisao-e-novos-acordos-comerciais-com-o-mexico\\\/#primaryimage\"},\"thumbnailUrl\":\"https:\\\/\\\/jornalboasnoticias.com.br\\\/home\\\/wp-content\\\/uploads\\\/2024\\\/09\\\/54033404734_54a0323892_o.webp\",\"articleSection\":[\"DESTAQUE\",\"INTERNACIONAL\"],\"inLanguage\":\"pt-BR\",\"potentialAction\":[{\"@type\":\"CommentAction\",\"name\":\"Comment\",\"target\":[\"https:\\\/\\\/jornalboasnoticias.com.br\\\/home\\\/lula-defende-revisao-e-novos-acordos-comerciais-com-o-mexico\\\/#respond\"]}]},{\"@type\":\"WebPage\",\"@id\":\"https:\\\/\\\/jornalboasnoticias.com.br\\\/home\\\/lula-defende-revisao-e-novos-acordos-comerciais-com-o-mexico\\\/\",\"url\":\"https:\\\/\\\/jornalboasnoticias.com.br\\\/home\\\/lula-defende-revisao-e-novos-acordos-comerciais-com-o-mexico\\\/\",\"name\":\"Lula defende revis\u00e3o e novos acordos comerciais com o M\u00e9xico - Jornal\",\"isPartOf\":{\"@id\":\"https:\\\/\\\/jornalboasnoticias.com.br\\\/home\\\/#website\"},\"primaryImageOfPage\":{\"@id\":\"https:\\\/\\\/jornalboasnoticias.com.br\\\/home\\\/lula-defende-revisao-e-novos-acordos-comerciais-com-o-mexico\\\/#primaryimage\"},\"image\":{\"@id\":\"https:\\\/\\\/jornalboasnoticias.com.br\\\/home\\\/lula-defende-revisao-e-novos-acordos-comerciais-com-o-mexico\\\/#primaryimage\"},\"thumbnailUrl\":\"https:\\\/\\\/jornalboasnoticias.com.br\\\/home\\\/wp-content\\\/uploads\\\/2024\\\/09\\\/54033404734_54a0323892_o.webp\",\"datePublished\":\"2024-09-30T18:33:04+00:00\",\"description\":\"Lula defende revis\u00e3o e novos acordos comerciais com o M\u00e9xico\",\"breadcrumb\":{\"@id\":\"https:\\\/\\\/jornalboasnoticias.com.br\\\/home\\\/lula-defende-revisao-e-novos-acordos-comerciais-com-o-mexico\\\/#breadcrumb\"},\"inLanguage\":\"pt-BR\",\"potentialAction\":[{\"@type\":\"ReadAction\",\"target\":[\"https:\\\/\\\/jornalboasnoticias.com.br\\\/home\\\/lula-defende-revisao-e-novos-acordos-comerciais-com-o-mexico\\\/\"]}]},{\"@type\":\"ImageObject\",\"inLanguage\":\"pt-BR\",\"@id\":\"https:\\\/\\\/jornalboasnoticias.com.br\\\/home\\\/lula-defende-revisao-e-novos-acordos-comerciais-com-o-mexico\\\/#primaryimage\",\"url\":\"https:\\\/\\\/jornalboasnoticias.com.br\\\/home\\\/wp-content\\\/uploads\\\/2024\\\/09\\\/54033404734_54a0323892_o.webp\",\"contentUrl\":\"https:\\\/\\\/jornalboasnoticias.com.br\\\/home\\\/wp-content\\\/uploads\\\/2024\\\/09\\\/54033404734_54a0323892_o.webp\",\"width\":1170,\"height\":700,\"caption\":\"\u00a9 Ricardo Stuckert\\\/PR\"},{\"@type\":\"BreadcrumbList\",\"@id\":\"https:\\\/\\\/jornalboasnoticias.com.br\\\/home\\\/lula-defende-revisao-e-novos-acordos-comerciais-com-o-mexico\\\/#breadcrumb\",\"itemListElement\":[{\"@type\":\"ListItem\",\"position\":1,\"name\":\"In\u00edcio\",\"item\":\"https:\\\/\\\/jornalboasnoticias.com.br\\\/home\\\/\"},{\"@type\":\"ListItem\",\"position\":2,\"name\":\"Lula defende revis\u00e3o e novos acordos comerciais com o M\u00e9xico\"}]},{\"@type\":\"WebSite\",\"@id\":\"https:\\\/\\\/jornalboasnoticias.com.br\\\/home\\\/#website\",\"url\":\"https:\\\/\\\/jornalboasnoticias.com.br\\\/home\\\/\",\"name\":\"Jornal Boas Not\u00edcias\",\"description\":\"Boas not\u00edcias\",\"publisher\":{\"@id\":\"https:\\\/\\\/jornalboasnoticias.com.br\\\/home\\\/#organization\"},\"potentialAction\":[{\"@type\":\"SearchAction\",\"target\":{\"@type\":\"EntryPoint\",\"urlTemplate\":\"https:\\\/\\\/jornalboasnoticias.com.br\\\/home\\\/?s={search_term_string}\"},\"query-input\":{\"@type\":\"PropertyValueSpecification\",\"valueRequired\":true,\"valueName\":\"search_term_string\"}}],\"inLanguage\":\"pt-BR\"},{\"@type\":\"Organization\",\"@id\":\"https:\\\/\\\/jornalboasnoticias.com.br\\\/home\\\/#organization\",\"name\":\"Coq Editora Ltda\",\"alternateName\":\"Jornal Boas Noticias\",\"url\":\"https:\\\/\\\/jornalboasnoticias.com.br\\\/home\\\/\",\"logo\":{\"@type\":\"ImageObject\",\"inLanguage\":\"pt-BR\",\"@id\":\"https:\\\/\\\/jornalboasnoticias.com.br\\\/home\\\/#\\\/schema\\\/logo\\\/image\\\/\",\"url\":\"https:\\\/\\\/jornalboasnoticias.com.br\\\/home\\\/wp-content\\\/uploads\\\/2024\\\/07\\\/cropped-logo.jpg\",\"contentUrl\":\"https:\\\/\\\/jornalboasnoticias.com.br\\\/home\\\/wp-content\\\/uploads\\\/2024\\\/07\\\/cropped-logo.jpg\",\"width\":290,\"height\":142,\"caption\":\"Coq Editora Ltda\"},\"image\":{\"@id\":\"https:\\\/\\\/jornalboasnoticias.com.br\\\/home\\\/#\\\/schema\\\/logo\\\/image\\\/\"},\"sameAs\":[\"https:\\\/\\\/www.facebook.com\\\/boasnoticiasjornal\"]},{\"@type\":\"Person\",\"@id\":\"https:\\\/\\\/jornalboasnoticias.com.br\\\/home\\\/#\\\/schema\\\/person\\\/d641193e0afc6405b390164dac847971\",\"name\":\"Ana Luiza Bonatto\",\"image\":{\"@type\":\"ImageObject\",\"inLanguage\":\"pt-BR\",\"@id\":\"https:\\\/\\\/secure.gravatar.com\\\/avatar\\\/8a055ebe6373371f67ac6fcf313c0ac0b0a91157fdcdb9514fa62927373348f0?s=96&d=mm&r=g\",\"url\":\"https:\\\/\\\/secure.gravatar.com\\\/avatar\\\/8a055ebe6373371f67ac6fcf313c0ac0b0a91157fdcdb9514fa62927373348f0?s=96&d=mm&r=g\",\"contentUrl\":\"https:\\\/\\\/secure.gravatar.com\\\/avatar\\\/8a055ebe6373371f67ac6fcf313c0ac0b0a91157fdcdb9514fa62927373348f0?s=96&d=mm&r=g\",\"caption\":\"Ana Luiza Bonatto\"},\"url\":\"https:\\\/\\\/jornalboasnoticias.com.br\\\/home\\\/author\\\/ana-luiza\\\/\"}]}<\/script>\n<!-- \/ Yoast SEO plugin. -->","yoast_head_json":{"title":"Lula defende revis\u00e3o e novos acordos comerciais com o M\u00e9xico - Jornal","description":"Lula defende revis\u00e3o e novos acordos comerciais com o M\u00e9xico","robots":{"index":"index","follow":"follow","max-snippet":"max-snippet:-1","max-image-preview":"max-image-preview:large","max-video-preview":"max-video-preview:-1"},"canonical":"https:\/\/jornalboasnoticias.com.br\/home\/lula-defende-revisao-e-novos-acordos-comerciais-com-o-mexico\/","og_locale":"pt_BR","og_type":"article","og_title":"Lula defende revis\u00e3o e novos acordos comerciais com o M\u00e9xico - Jornal","og_description":"Lula defende revis\u00e3o e novos acordos comerciais com o M\u00e9xico","og_url":"https:\/\/jornalboasnoticias.com.br\/home\/lula-defende-revisao-e-novos-acordos-comerciais-com-o-mexico\/","og_site_name":"Jornal","article_publisher":"https:\/\/www.facebook.com\/boasnoticiasjornal","article_published_time":"2024-09-30T18:33:04+00:00","og_image":[{"width":1170,"height":700,"url":"https:\/\/jornalboasnoticias.com.br\/home\/wp-content\/uploads\/2024\/09\/54033404734_54a0323892_o.webp","type":"image\/webp"}],"author":"Ana Luiza Bonatto","twitter_card":"summary_large_image","twitter_misc":{"Escrito por":"Ana Luiza Bonatto","Est. tempo de leitura":"6 minutos"},"schema":{"@context":"https:\/\/schema.org","@graph":[{"@type":"Article","@id":"https:\/\/jornalboasnoticias.com.br\/home\/lula-defende-revisao-e-novos-acordos-comerciais-com-o-mexico\/#article","isPartOf":{"@id":"https:\/\/jornalboasnoticias.com.br\/home\/lula-defende-revisao-e-novos-acordos-comerciais-com-o-mexico\/"},"author":{"name":"Ana Luiza Bonatto","@id":"https:\/\/jornalboasnoticias.com.br\/home\/#\/schema\/person\/d641193e0afc6405b390164dac847971"},"headline":"Lula defende revis\u00e3o e novos acordos comerciais com o M\u00e9xico","datePublished":"2024-09-30T18:33:04+00:00","mainEntityOfPage":{"@id":"https:\/\/jornalboasnoticias.com.br\/home\/lula-defende-revisao-e-novos-acordos-comerciais-com-o-mexico\/"},"wordCount":927,"commentCount":0,"publisher":{"@id":"https:\/\/jornalboasnoticias.com.br\/home\/#organization"},"image":{"@id":"https:\/\/jornalboasnoticias.com.br\/home\/lula-defende-revisao-e-novos-acordos-comerciais-com-o-mexico\/#primaryimage"},"thumbnailUrl":"https:\/\/jornalboasnoticias.com.br\/home\/wp-content\/uploads\/2024\/09\/54033404734_54a0323892_o.webp","articleSection":["DESTAQUE","INTERNACIONAL"],"inLanguage":"pt-BR","potentialAction":[{"@type":"CommentAction","name":"Comment","target":["https:\/\/jornalboasnoticias.com.br\/home\/lula-defende-revisao-e-novos-acordos-comerciais-com-o-mexico\/#respond"]}]},{"@type":"WebPage","@id":"https:\/\/jornalboasnoticias.com.br\/home\/lula-defende-revisao-e-novos-acordos-comerciais-com-o-mexico\/","url":"https:\/\/jornalboasnoticias.com.br\/home\/lula-defende-revisao-e-novos-acordos-comerciais-com-o-mexico\/","name":"Lula defende revis\u00e3o e novos acordos comerciais com o M\u00e9xico - Jornal","isPartOf":{"@id":"https:\/\/jornalboasnoticias.com.br\/home\/#website"},"primaryImageOfPage":{"@id":"https:\/\/jornalboasnoticias.com.br\/home\/lula-defende-revisao-e-novos-acordos-comerciais-com-o-mexico\/#primaryimage"},"image":{"@id":"https:\/\/jornalboasnoticias.com.br\/home\/lula-defende-revisao-e-novos-acordos-comerciais-com-o-mexico\/#primaryimage"},"thumbnailUrl":"https:\/\/jornalboasnoticias.com.br\/home\/wp-content\/uploads\/2024\/09\/54033404734_54a0323892_o.webp","datePublished":"2024-09-30T18:33:04+00:00","description":"Lula defende revis\u00e3o e novos acordos comerciais com o M\u00e9xico","breadcrumb":{"@id":"https:\/\/jornalboasnoticias.com.br\/home\/lula-defende-revisao-e-novos-acordos-comerciais-com-o-mexico\/#breadcrumb"},"inLanguage":"pt-BR","potentialAction":[{"@type":"ReadAction","target":["https:\/\/jornalboasnoticias.com.br\/home\/lula-defende-revisao-e-novos-acordos-comerciais-com-o-mexico\/"]}]},{"@type":"ImageObject","inLanguage":"pt-BR","@id":"https:\/\/jornalboasnoticias.com.br\/home\/lula-defende-revisao-e-novos-acordos-comerciais-com-o-mexico\/#primaryimage","url":"https:\/\/jornalboasnoticias.com.br\/home\/wp-content\/uploads\/2024\/09\/54033404734_54a0323892_o.webp","contentUrl":"https:\/\/jornalboasnoticias.com.br\/home\/wp-content\/uploads\/2024\/09\/54033404734_54a0323892_o.webp","width":1170,"height":700,"caption":"\u00a9 Ricardo Stuckert\/PR"},{"@type":"BreadcrumbList","@id":"https:\/\/jornalboasnoticias.com.br\/home\/lula-defende-revisao-e-novos-acordos-comerciais-com-o-mexico\/#breadcrumb","itemListElement":[{"@type":"ListItem","position":1,"name":"In\u00edcio","item":"https:\/\/jornalboasnoticias.com.br\/home\/"},{"@type":"ListItem","position":2,"name":"Lula defende revis\u00e3o e novos acordos comerciais com o M\u00e9xico"}]},{"@type":"WebSite","@id":"https:\/\/jornalboasnoticias.com.br\/home\/#website","url":"https:\/\/jornalboasnoticias.com.br\/home\/","name":"Jornal Boas Not\u00edcias","description":"Boas not\u00edcias","publisher":{"@id":"https:\/\/jornalboasnoticias.com.br\/home\/#organization"},"potentialAction":[{"@type":"SearchAction","target":{"@type":"EntryPoint","urlTemplate":"https:\/\/jornalboasnoticias.com.br\/home\/?s={search_term_string}"},"query-input":{"@type":"PropertyValueSpecification","valueRequired":true,"valueName":"search_term_string"}}],"inLanguage":"pt-BR"},{"@type":"Organization","@id":"https:\/\/jornalboasnoticias.com.br\/home\/#organization","name":"Coq Editora Ltda","alternateName":"Jornal Boas Noticias","url":"https:\/\/jornalboasnoticias.com.br\/home\/","logo":{"@type":"ImageObject","inLanguage":"pt-BR","@id":"https:\/\/jornalboasnoticias.com.br\/home\/#\/schema\/logo\/image\/","url":"https:\/\/jornalboasnoticias.com.br\/home\/wp-content\/uploads\/2024\/07\/cropped-logo.jpg","contentUrl":"https:\/\/jornalboasnoticias.com.br\/home\/wp-content\/uploads\/2024\/07\/cropped-logo.jpg","width":290,"height":142,"caption":"Coq Editora Ltda"},"image":{"@id":"https:\/\/jornalboasnoticias.com.br\/home\/#\/schema\/logo\/image\/"},"sameAs":["https:\/\/www.facebook.com\/boasnoticiasjornal"]},{"@type":"Person","@id":"https:\/\/jornalboasnoticias.com.br\/home\/#\/schema\/person\/d641193e0afc6405b390164dac847971","name":"Ana Luiza Bonatto","image":{"@type":"ImageObject","inLanguage":"pt-BR","@id":"https:\/\/secure.gravatar.com\/avatar\/8a055ebe6373371f67ac6fcf313c0ac0b0a91157fdcdb9514fa62927373348f0?s=96&d=mm&r=g","url":"https:\/\/secure.gravatar.com\/avatar\/8a055ebe6373371f67ac6fcf313c0ac0b0a91157fdcdb9514fa62927373348f0?s=96&d=mm&r=g","contentUrl":"https:\/\/secure.gravatar.com\/avatar\/8a055ebe6373371f67ac6fcf313c0ac0b0a91157fdcdb9514fa62927373348f0?s=96&d=mm&r=g","caption":"Ana Luiza Bonatto"},"url":"https:\/\/jornalboasnoticias.com.br\/home\/author\/ana-luiza\/"}]}},"_links":{"self":[{"href":"https:\/\/jornalboasnoticias.com.br\/home\/wp-json\/wp\/v2\/posts\/44036","targetHints":{"allow":["GET"]}}],"collection":[{"href":"https:\/\/jornalboasnoticias.com.br\/home\/wp-json\/wp\/v2\/posts"}],"about":[{"href":"https:\/\/jornalboasnoticias.com.br\/home\/wp-json\/wp\/v2\/types\/post"}],"author":[{"embeddable":true,"href":"https:\/\/jornalboasnoticias.com.br\/home\/wp-json\/wp\/v2\/users\/4"}],"replies":[{"embeddable":true,"href":"https:\/\/jornalboasnoticias.com.br\/home\/wp-json\/wp\/v2\/comments?post=44036"}],"version-history":[{"count":1,"href":"https:\/\/jornalboasnoticias.com.br\/home\/wp-json\/wp\/v2\/posts\/44036\/revisions"}],"predecessor-version":[{"id":44038,"href":"https:\/\/jornalboasnoticias.com.br\/home\/wp-json\/wp\/v2\/posts\/44036\/revisions\/44038"}],"wp:featuredmedia":[{"embeddable":true,"href":"https:\/\/jornalboasnoticias.com.br\/home\/wp-json\/wp\/v2\/media\/44037"}],"wp:attachment":[{"href":"https:\/\/jornalboasnoticias.com.br\/home\/wp-json\/wp\/v2\/media?parent=44036"}],"wp:term":[{"taxonomy":"category","embeddable":true,"href":"https:\/\/jornalboasnoticias.com.br\/home\/wp-json\/wp\/v2\/categories?post=44036"},{"taxonomy":"post_tag","embeddable":true,"href":"https:\/\/jornalboasnoticias.com.br\/home\/wp-json\/wp\/v2\/tags?post=44036"}],"curies":[{"name":"wp","href":"https:\/\/api.w.org\/{rel}","templated":true}]}}