{"id":44002,"date":"2024-09-27T16:49:11","date_gmt":"2024-09-27T16:49:11","guid":{"rendered":"https:\/\/jornalboasnoticias.com.br\/home\/?p=44002"},"modified":"2024-09-27T16:49:11","modified_gmt":"2024-09-27T16:49:11","slug":"incendio-na-chapada-dos-veadeiros-ainda-nao-foi-controlado","status":"publish","type":"post","link":"https:\/\/jornalboasnoticias.com.br\/home\/incendio-na-chapada-dos-veadeiros-ainda-nao-foi-controlado\/","title":{"rendered":"Inc\u00eandio na Chapada dos Veadeiros ainda n\u00e3o foi controlado"},"content":{"rendered":"<div class=\"header-noticia full-width\">\n<div>\n<figure id=\"attachment_44003\" aria-describedby=\"caption-attachment-44003\" style=\"width: 1170px\" class=\"wp-caption alignnone\"><img loading=\"lazy\" decoding=\"async\" class=\"wp-image-44003 size-full\" src=\"https:\/\/jornalboasnoticias.com.br\/home\/wp-content\/uploads\/2024\/09\/whatsapp_image_2020-10-04_at_15.25.00.webp\" alt=\"\" width=\"1170\" height=\"700\" srcset=\"https:\/\/jornalboasnoticias.com.br\/home\/wp-content\/uploads\/2024\/09\/whatsapp_image_2020-10-04_at_15.25.00.webp 1170w, https:\/\/jornalboasnoticias.com.br\/home\/wp-content\/uploads\/2024\/09\/whatsapp_image_2020-10-04_at_15.25.00-300x179.webp 300w, https:\/\/jornalboasnoticias.com.br\/home\/wp-content\/uploads\/2024\/09\/whatsapp_image_2020-10-04_at_15.25.00-1024x613.webp 1024w, https:\/\/jornalboasnoticias.com.br\/home\/wp-content\/uploads\/2024\/09\/whatsapp_image_2020-10-04_at_15.25.00-768x459.webp 768w\" sizes=\"auto, (max-width: 1170px) 100vw, 1170px\" \/><figcaption id=\"caption-attachment-44003\" class=\"wp-caption-text\">\u00a9 Arquivo\/Corpo de Bombeiros de Goi\u00e1s<\/figcaption><\/figure>\n<\/div>\n<div><\/div>\n<blockquote>\n<div class=\"linha-fina-noticia\">Local permanece fechado \u00e0 visita\u00e7\u00e3o nesta sexta-feira (27)<\/div>\n<\/blockquote>\n<\/div>\n<div>\n<p class=\"selectable-text copyable-text x15bjb6t x1n2onr6\" dir=\"ltr\"><span class=\"selectable-text copyable-text\">O inc\u00eandio que atinge desde a \u00faltima quarta-feira (25) o Parque Nacional da Chapada dos Veadeiros, pr\u00f3ximo \u00e0 Vila de S\u00e3o Jorge, no estado de Goi\u00e1s, ainda n\u00e3o foi contido, segundo a Parquetur, concession\u00e1ria da unidade de conserva\u00e7\u00e3o. O local permanece fechado \u00e0 visita\u00e7\u00e3o nesta sexta-feira (27).<\/span><\/p>\n<p class=\"selectable-text copyable-text x15bjb6t x1n2onr6\" dir=\"ltr\"><span class=\"selectable-text copyable-text\">De acordo com a nota divulgada pela concession\u00e1ria, mais de 60 brigadistas do Instituto Chico Mendes de Conserva\u00e7\u00e3o da Biodiversidade (ICMBio), Instituto Brasileiro do Meio Ambiente e dos Recursos Naturais Renov\u00e1veis (Ibama) e volunt\u00e1rios atuam para controlar as chamas. \u201cForam lan\u00e7ados 21.450 litros de \u00e1gua por um helic\u00f3ptero equipado com Bambi Bucket, dispositivo projetado para combate a\u00e9reo ao fogo\u201d, informa.<\/span><\/p>\n<p class=\"selectable-text copyable-text x15bjb6t x1n2onr6\" dir=\"ltr\"><span class=\"selectable-text copyable-text\">Logo ap\u00f3s a identifica\u00e7\u00e3o do inc\u00eandio dentro da unidade de conserva\u00e7\u00e3o, as \u00e1reas de visita\u00e7\u00e3o foram esvaziadas pelas equipes da Parquetur e novas entradas foram suspensas. Os ingressos adquiridos para as datas em que o parque estiver fechado poder\u00e3o ser reagendados ou cancelados pelos canais de atendimento da concession\u00e1ria. \u201cA Parquetur e o ICMBio refor\u00e7am o compromisso com a seguran\u00e7a das pessoas, da fauna e da flora do Parque Nacional da Chapada dos Veadeiros\u201d, conclui a nota.<\/span><\/p>\n<p class=\"selectable-text copyable-text x15bjb6t x1n2onr6\" dir=\"ltr\"><span class=\"selectable-text copyable-text\">A reportagem da Ag\u00eancia Brasil entrou em contato com o ICMBio para buscar informa\u00e7\u00f5es sobre a \u00e1rea atingida pelo inc\u00eandio, mas at\u00e9 o momento da publica\u00e7\u00e3o n\u00e3o obteve resposta.<\/span><\/p>\n<p class=\"selectable-text copyable-text x15bjb6t x1n2onr6\" dir=\"ltr\"><em><strong><span class=\"selectable-text copyable-text\">Segundo inc\u00eandio<\/span><\/strong><\/em><\/p>\n<p class=\"selectable-text copyable-text x15bjb6t x1n2onr6\" dir=\"ltr\"><span class=\"selectable-text copyable-text\">No in\u00edcio do m\u00eas de setembro, uma \u00e1rea de 10 mil hectares do Parque Nacional da Chapada dos Veadeiros foi consumida pelo fogo, na regi\u00e3o entre o Paralelo 14 e a Cachoeira Sim\u00e3o Correia. O fogo foi detectado no dia 5 e somente foi contido sete dias depois, com a mobiliza\u00e7\u00e3o de 121 brigadistas dos \u00f3rg\u00e3os ambientais e volunt\u00e1rios.<\/span><\/p>\n<p class=\"selectable-text copyable-text x15bjb6t x1n2onr6\" dir=\"ltr\"><em><strong><span class=\"selectable-text copyable-text\">Parque<\/span><\/strong><\/em><\/p>\n<p class=\"selectable-text copyable-text x15bjb6t x1n2onr6\" dir=\"ltr\"><span class=\"selectable-text copyable-text\">O Parque Nacional da Chapada dos Veadeiros est\u00e1 localizado no nordeste do estado de Goi\u00e1s, entre os munic\u00edpios de Alto Para\u00edso de Goi\u00e1s, Cavalcante, Teresina de Goi\u00e1s, Nova Roma e S\u00e3o Jo\u00e3o d\u2019Alian\u00e7a.<\/span><\/p>\n<p class=\"selectable-text copyable-text x15bjb6t x1n2onr6\" dir=\"ltr\"><span class=\"selectable-text copyable-text\">Criado em 1961, o local protege uma \u00e1rea aproximada de 240.611 hectares de Cerrado. No local, h\u00e1 esp\u00e9cies \u00fanicas de vegetais, nascentes e cursos d\u2019\u00e1gua, rochas pr\u00e9-hist\u00f3ricas. Desde 2001, o local foi declarado Patrim\u00f4nio Natural da Humanidade, pela Organiza\u00e7\u00e3o das Na\u00e7\u00f5es Unidas para a Educa\u00e7\u00e3o, a Ci\u00eancia e a Cultura (Unesco).<\/span><\/p>\n<p dir=\"ltr\">(Ag\u00eancia Brasil)<\/p>\n<\/div>\n","protected":false},"excerpt":{"rendered":"<p>Local permanece fechado \u00e0 visita\u00e7\u00e3o nesta sexta-feira (27) O inc\u00eandio que atinge desde a \u00faltima<\/p>\n","protected":false},"author":4,"featured_media":44003,"comment_status":"open","ping_status":"open","sticky":false,"template":"","format":"standard","meta":{"footnotes":""},"categories":[6,3],"tags":[],"class_list":["post-44002","post","type-post","status-publish","format-standard","has-post-thumbnail","hentry","category-brasil","category-destaques"],"yoast_head":"<!-- This site is optimized with the Yoast SEO plugin v27.5 - https:\/\/yoast.com\/product\/yoast-seo-wordpress\/ -->\n<title>Inc\u00eandio na Chapada dos Veadeiros ainda n\u00e3o foi controlado - Jornal<\/title>\n<meta name=\"description\" content=\"Inc\u00eandio na Chapada dos Veadeiros ainda n\u00e3o foi controlado\" \/>\n<meta name=\"robots\" content=\"index, follow, max-snippet:-1, max-image-preview:large, max-video-preview:-1\" \/>\n<link rel=\"canonical\" href=\"https:\/\/jornalboasnoticias.com.br\/home\/incendio-na-chapada-dos-veadeiros-ainda-nao-foi-controlado\/\" \/>\n<meta property=\"og:locale\" content=\"pt_BR\" \/>\n<meta property=\"og:type\" content=\"article\" \/>\n<meta property=\"og:title\" content=\"Inc\u00eandio na Chapada dos Veadeiros ainda n\u00e3o foi controlado - Jornal\" \/>\n<meta property=\"og:description\" content=\"Inc\u00eandio na Chapada dos Veadeiros ainda n\u00e3o foi controlado\" \/>\n<meta property=\"og:url\" content=\"https:\/\/jornalboasnoticias.com.br\/home\/incendio-na-chapada-dos-veadeiros-ainda-nao-foi-controlado\/\" \/>\n<meta property=\"og:site_name\" content=\"Jornal\" \/>\n<meta property=\"article:publisher\" content=\"https:\/\/www.facebook.com\/boasnoticiasjornal\" \/>\n<meta property=\"article:published_time\" content=\"2024-09-27T16:49:11+00:00\" \/>\n<meta property=\"og:image\" content=\"https:\/\/jornalboasnoticias.com.br\/home\/wp-content\/uploads\/2024\/09\/whatsapp_image_2020-10-04_at_15.25.00.webp\" \/>\n\t<meta property=\"og:image:width\" content=\"1170\" \/>\n\t<meta property=\"og:image:height\" content=\"700\" \/>\n\t<meta property=\"og:image:type\" content=\"image\/webp\" \/>\n<meta name=\"author\" content=\"Ana Luiza Bonatto\" \/>\n<meta name=\"twitter:card\" content=\"summary_large_image\" \/>\n<meta name=\"twitter:label1\" content=\"Escrito por\" \/>\n\t<meta name=\"twitter:data1\" content=\"Ana Luiza Bonatto\" \/>\n\t<meta name=\"twitter:label2\" content=\"Est. tempo de leitura\" \/>\n\t<meta name=\"twitter:data2\" content=\"3 minutos\" \/>\n<script type=\"application\/ld+json\" class=\"yoast-schema-graph\">{\"@context\":\"https:\\\/\\\/schema.org\",\"@graph\":[{\"@type\":\"Article\",\"@id\":\"https:\\\/\\\/jornalboasnoticias.com.br\\\/home\\\/incendio-na-chapada-dos-veadeiros-ainda-nao-foi-controlado\\\/#article\",\"isPartOf\":{\"@id\":\"https:\\\/\\\/jornalboasnoticias.com.br\\\/home\\\/incendio-na-chapada-dos-veadeiros-ainda-nao-foi-controlado\\\/\"},\"author\":{\"name\":\"Ana Luiza Bonatto\",\"@id\":\"https:\\\/\\\/jornalboasnoticias.com.br\\\/home\\\/#\\\/schema\\\/person\\\/d641193e0afc6405b390164dac847971\"},\"headline\":\"Inc\u00eandio na Chapada dos Veadeiros ainda n\u00e3o foi controlado\",\"datePublished\":\"2024-09-27T16:49:11+00:00\",\"mainEntityOfPage\":{\"@id\":\"https:\\\/\\\/jornalboasnoticias.com.br\\\/home\\\/incendio-na-chapada-dos-veadeiros-ainda-nao-foi-controlado\\\/\"},\"wordCount\":436,\"commentCount\":0,\"publisher\":{\"@id\":\"https:\\\/\\\/jornalboasnoticias.com.br\\\/home\\\/#organization\"},\"image\":{\"@id\":\"https:\\\/\\\/jornalboasnoticias.com.br\\\/home\\\/incendio-na-chapada-dos-veadeiros-ainda-nao-foi-controlado\\\/#primaryimage\"},\"thumbnailUrl\":\"https:\\\/\\\/jornalboasnoticias.com.br\\\/home\\\/wp-content\\\/uploads\\\/2024\\\/09\\\/whatsapp_image_2020-10-04_at_15.25.00.webp\",\"articleSection\":[\"BRASIL\",\"DESTAQUE\"],\"inLanguage\":\"pt-BR\",\"potentialAction\":[{\"@type\":\"CommentAction\",\"name\":\"Comment\",\"target\":[\"https:\\\/\\\/jornalboasnoticias.com.br\\\/home\\\/incendio-na-chapada-dos-veadeiros-ainda-nao-foi-controlado\\\/#respond\"]}]},{\"@type\":\"WebPage\",\"@id\":\"https:\\\/\\\/jornalboasnoticias.com.br\\\/home\\\/incendio-na-chapada-dos-veadeiros-ainda-nao-foi-controlado\\\/\",\"url\":\"https:\\\/\\\/jornalboasnoticias.com.br\\\/home\\\/incendio-na-chapada-dos-veadeiros-ainda-nao-foi-controlado\\\/\",\"name\":\"Inc\u00eandio na Chapada dos Veadeiros ainda n\u00e3o foi controlado - Jornal\",\"isPartOf\":{\"@id\":\"https:\\\/\\\/jornalboasnoticias.com.br\\\/home\\\/#website\"},\"primaryImageOfPage\":{\"@id\":\"https:\\\/\\\/jornalboasnoticias.com.br\\\/home\\\/incendio-na-chapada-dos-veadeiros-ainda-nao-foi-controlado\\\/#primaryimage\"},\"image\":{\"@id\":\"https:\\\/\\\/jornalboasnoticias.com.br\\\/home\\\/incendio-na-chapada-dos-veadeiros-ainda-nao-foi-controlado\\\/#primaryimage\"},\"thumbnailUrl\":\"https:\\\/\\\/jornalboasnoticias.com.br\\\/home\\\/wp-content\\\/uploads\\\/2024\\\/09\\\/whatsapp_image_2020-10-04_at_15.25.00.webp\",\"datePublished\":\"2024-09-27T16:49:11+00:00\",\"description\":\"Inc\u00eandio na Chapada dos Veadeiros ainda n\u00e3o foi controlado\",\"breadcrumb\":{\"@id\":\"https:\\\/\\\/jornalboasnoticias.com.br\\\/home\\\/incendio-na-chapada-dos-veadeiros-ainda-nao-foi-controlado\\\/#breadcrumb\"},\"inLanguage\":\"pt-BR\",\"potentialAction\":[{\"@type\":\"ReadAction\",\"target\":[\"https:\\\/\\\/jornalboasnoticias.com.br\\\/home\\\/incendio-na-chapada-dos-veadeiros-ainda-nao-foi-controlado\\\/\"]}]},{\"@type\":\"ImageObject\",\"inLanguage\":\"pt-BR\",\"@id\":\"https:\\\/\\\/jornalboasnoticias.com.br\\\/home\\\/incendio-na-chapada-dos-veadeiros-ainda-nao-foi-controlado\\\/#primaryimage\",\"url\":\"https:\\\/\\\/jornalboasnoticias.com.br\\\/home\\\/wp-content\\\/uploads\\\/2024\\\/09\\\/whatsapp_image_2020-10-04_at_15.25.00.webp\",\"contentUrl\":\"https:\\\/\\\/jornalboasnoticias.com.br\\\/home\\\/wp-content\\\/uploads\\\/2024\\\/09\\\/whatsapp_image_2020-10-04_at_15.25.00.webp\",\"width\":1170,\"height\":700,\"caption\":\"\u00a9 Arquivo\\\/Corpo de Bombeiros de Goi\u00e1s\"},{\"@type\":\"BreadcrumbList\",\"@id\":\"https:\\\/\\\/jornalboasnoticias.com.br\\\/home\\\/incendio-na-chapada-dos-veadeiros-ainda-nao-foi-controlado\\\/#breadcrumb\",\"itemListElement\":[{\"@type\":\"ListItem\",\"position\":1,\"name\":\"In\u00edcio\",\"item\":\"https:\\\/\\\/jornalboasnoticias.com.br\\\/home\\\/\"},{\"@type\":\"ListItem\",\"position\":2,\"name\":\"Inc\u00eandio na Chapada dos Veadeiros ainda n\u00e3o foi controlado\"}]},{\"@type\":\"WebSite\",\"@id\":\"https:\\\/\\\/jornalboasnoticias.com.br\\\/home\\\/#website\",\"url\":\"https:\\\/\\\/jornalboasnoticias.com.br\\\/home\\\/\",\"name\":\"Jornal Boas Not\u00edcias\",\"description\":\"Boas not\u00edcias\",\"publisher\":{\"@id\":\"https:\\\/\\\/jornalboasnoticias.com.br\\\/home\\\/#organization\"},\"potentialAction\":[{\"@type\":\"SearchAction\",\"target\":{\"@type\":\"EntryPoint\",\"urlTemplate\":\"https:\\\/\\\/jornalboasnoticias.com.br\\\/home\\\/?s={search_term_string}\"},\"query-input\":{\"@type\":\"PropertyValueSpecification\",\"valueRequired\":true,\"valueName\":\"search_term_string\"}}],\"inLanguage\":\"pt-BR\"},{\"@type\":\"Organization\",\"@id\":\"https:\\\/\\\/jornalboasnoticias.com.br\\\/home\\\/#organization\",\"name\":\"Coq Editora Ltda\",\"alternateName\":\"Jornal Boas Noticias\",\"url\":\"https:\\\/\\\/jornalboasnoticias.com.br\\\/home\\\/\",\"logo\":{\"@type\":\"ImageObject\",\"inLanguage\":\"pt-BR\",\"@id\":\"https:\\\/\\\/jornalboasnoticias.com.br\\\/home\\\/#\\\/schema\\\/logo\\\/image\\\/\",\"url\":\"https:\\\/\\\/jornalboasnoticias.com.br\\\/home\\\/wp-content\\\/uploads\\\/2024\\\/07\\\/cropped-logo.jpg\",\"contentUrl\":\"https:\\\/\\\/jornalboasnoticias.com.br\\\/home\\\/wp-content\\\/uploads\\\/2024\\\/07\\\/cropped-logo.jpg\",\"width\":290,\"height\":142,\"caption\":\"Coq Editora Ltda\"},\"image\":{\"@id\":\"https:\\\/\\\/jornalboasnoticias.com.br\\\/home\\\/#\\\/schema\\\/logo\\\/image\\\/\"},\"sameAs\":[\"https:\\\/\\\/www.facebook.com\\\/boasnoticiasjornal\"]},{\"@type\":\"Person\",\"@id\":\"https:\\\/\\\/jornalboasnoticias.com.br\\\/home\\\/#\\\/schema\\\/person\\\/d641193e0afc6405b390164dac847971\",\"name\":\"Ana Luiza Bonatto\",\"image\":{\"@type\":\"ImageObject\",\"inLanguage\":\"pt-BR\",\"@id\":\"https:\\\/\\\/secure.gravatar.com\\\/avatar\\\/8a055ebe6373371f67ac6fcf313c0ac0b0a91157fdcdb9514fa62927373348f0?s=96&d=mm&r=g\",\"url\":\"https:\\\/\\\/secure.gravatar.com\\\/avatar\\\/8a055ebe6373371f67ac6fcf313c0ac0b0a91157fdcdb9514fa62927373348f0?s=96&d=mm&r=g\",\"contentUrl\":\"https:\\\/\\\/secure.gravatar.com\\\/avatar\\\/8a055ebe6373371f67ac6fcf313c0ac0b0a91157fdcdb9514fa62927373348f0?s=96&d=mm&r=g\",\"caption\":\"Ana Luiza Bonatto\"},\"url\":\"https:\\\/\\\/jornalboasnoticias.com.br\\\/home\\\/author\\\/ana-luiza\\\/\"}]}<\/script>\n<!-- \/ Yoast SEO plugin. -->","yoast_head_json":{"title":"Inc\u00eandio na Chapada dos Veadeiros ainda n\u00e3o foi controlado - Jornal","description":"Inc\u00eandio na Chapada dos Veadeiros ainda n\u00e3o foi controlado","robots":{"index":"index","follow":"follow","max-snippet":"max-snippet:-1","max-image-preview":"max-image-preview:large","max-video-preview":"max-video-preview:-1"},"canonical":"https:\/\/jornalboasnoticias.com.br\/home\/incendio-na-chapada-dos-veadeiros-ainda-nao-foi-controlado\/","og_locale":"pt_BR","og_type":"article","og_title":"Inc\u00eandio na Chapada dos Veadeiros ainda n\u00e3o foi controlado - Jornal","og_description":"Inc\u00eandio na Chapada dos Veadeiros ainda n\u00e3o foi controlado","og_url":"https:\/\/jornalboasnoticias.com.br\/home\/incendio-na-chapada-dos-veadeiros-ainda-nao-foi-controlado\/","og_site_name":"Jornal","article_publisher":"https:\/\/www.facebook.com\/boasnoticiasjornal","article_published_time":"2024-09-27T16:49:11+00:00","og_image":[{"width":1170,"height":700,"url":"https:\/\/jornalboasnoticias.com.br\/home\/wp-content\/uploads\/2024\/09\/whatsapp_image_2020-10-04_at_15.25.00.webp","type":"image\/webp"}],"author":"Ana Luiza Bonatto","twitter_card":"summary_large_image","twitter_misc":{"Escrito por":"Ana Luiza Bonatto","Est. tempo de leitura":"3 minutos"},"schema":{"@context":"https:\/\/schema.org","@graph":[{"@type":"Article","@id":"https:\/\/jornalboasnoticias.com.br\/home\/incendio-na-chapada-dos-veadeiros-ainda-nao-foi-controlado\/#article","isPartOf":{"@id":"https:\/\/jornalboasnoticias.com.br\/home\/incendio-na-chapada-dos-veadeiros-ainda-nao-foi-controlado\/"},"author":{"name":"Ana Luiza Bonatto","@id":"https:\/\/jornalboasnoticias.com.br\/home\/#\/schema\/person\/d641193e0afc6405b390164dac847971"},"headline":"Inc\u00eandio na Chapada dos Veadeiros ainda n\u00e3o foi controlado","datePublished":"2024-09-27T16:49:11+00:00","mainEntityOfPage":{"@id":"https:\/\/jornalboasnoticias.com.br\/home\/incendio-na-chapada-dos-veadeiros-ainda-nao-foi-controlado\/"},"wordCount":436,"commentCount":0,"publisher":{"@id":"https:\/\/jornalboasnoticias.com.br\/home\/#organization"},"image":{"@id":"https:\/\/jornalboasnoticias.com.br\/home\/incendio-na-chapada-dos-veadeiros-ainda-nao-foi-controlado\/#primaryimage"},"thumbnailUrl":"https:\/\/jornalboasnoticias.com.br\/home\/wp-content\/uploads\/2024\/09\/whatsapp_image_2020-10-04_at_15.25.00.webp","articleSection":["BRASIL","DESTAQUE"],"inLanguage":"pt-BR","potentialAction":[{"@type":"CommentAction","name":"Comment","target":["https:\/\/jornalboasnoticias.com.br\/home\/incendio-na-chapada-dos-veadeiros-ainda-nao-foi-controlado\/#respond"]}]},{"@type":"WebPage","@id":"https:\/\/jornalboasnoticias.com.br\/home\/incendio-na-chapada-dos-veadeiros-ainda-nao-foi-controlado\/","url":"https:\/\/jornalboasnoticias.com.br\/home\/incendio-na-chapada-dos-veadeiros-ainda-nao-foi-controlado\/","name":"Inc\u00eandio na Chapada dos Veadeiros ainda n\u00e3o foi controlado - Jornal","isPartOf":{"@id":"https:\/\/jornalboasnoticias.com.br\/home\/#website"},"primaryImageOfPage":{"@id":"https:\/\/jornalboasnoticias.com.br\/home\/incendio-na-chapada-dos-veadeiros-ainda-nao-foi-controlado\/#primaryimage"},"image":{"@id":"https:\/\/jornalboasnoticias.com.br\/home\/incendio-na-chapada-dos-veadeiros-ainda-nao-foi-controlado\/#primaryimage"},"thumbnailUrl":"https:\/\/jornalboasnoticias.com.br\/home\/wp-content\/uploads\/2024\/09\/whatsapp_image_2020-10-04_at_15.25.00.webp","datePublished":"2024-09-27T16:49:11+00:00","description":"Inc\u00eandio na Chapada dos Veadeiros ainda n\u00e3o foi controlado","breadcrumb":{"@id":"https:\/\/jornalboasnoticias.com.br\/home\/incendio-na-chapada-dos-veadeiros-ainda-nao-foi-controlado\/#breadcrumb"},"inLanguage":"pt-BR","potentialAction":[{"@type":"ReadAction","target":["https:\/\/jornalboasnoticias.com.br\/home\/incendio-na-chapada-dos-veadeiros-ainda-nao-foi-controlado\/"]}]},{"@type":"ImageObject","inLanguage":"pt-BR","@id":"https:\/\/jornalboasnoticias.com.br\/home\/incendio-na-chapada-dos-veadeiros-ainda-nao-foi-controlado\/#primaryimage","url":"https:\/\/jornalboasnoticias.com.br\/home\/wp-content\/uploads\/2024\/09\/whatsapp_image_2020-10-04_at_15.25.00.webp","contentUrl":"https:\/\/jornalboasnoticias.com.br\/home\/wp-content\/uploads\/2024\/09\/whatsapp_image_2020-10-04_at_15.25.00.webp","width":1170,"height":700,"caption":"\u00a9 Arquivo\/Corpo de Bombeiros de Goi\u00e1s"},{"@type":"BreadcrumbList","@id":"https:\/\/jornalboasnoticias.com.br\/home\/incendio-na-chapada-dos-veadeiros-ainda-nao-foi-controlado\/#breadcrumb","itemListElement":[{"@type":"ListItem","position":1,"name":"In\u00edcio","item":"https:\/\/jornalboasnoticias.com.br\/home\/"},{"@type":"ListItem","position":2,"name":"Inc\u00eandio na Chapada dos Veadeiros ainda n\u00e3o foi controlado"}]},{"@type":"WebSite","@id":"https:\/\/jornalboasnoticias.com.br\/home\/#website","url":"https:\/\/jornalboasnoticias.com.br\/home\/","name":"Jornal Boas Not\u00edcias","description":"Boas not\u00edcias","publisher":{"@id":"https:\/\/jornalboasnoticias.com.br\/home\/#organization"},"potentialAction":[{"@type":"SearchAction","target":{"@type":"EntryPoint","urlTemplate":"https:\/\/jornalboasnoticias.com.br\/home\/?s={search_term_string}"},"query-input":{"@type":"PropertyValueSpecification","valueRequired":true,"valueName":"search_term_string"}}],"inLanguage":"pt-BR"},{"@type":"Organization","@id":"https:\/\/jornalboasnoticias.com.br\/home\/#organization","name":"Coq Editora Ltda","alternateName":"Jornal Boas Noticias","url":"https:\/\/jornalboasnoticias.com.br\/home\/","logo":{"@type":"ImageObject","inLanguage":"pt-BR","@id":"https:\/\/jornalboasnoticias.com.br\/home\/#\/schema\/logo\/image\/","url":"https:\/\/jornalboasnoticias.com.br\/home\/wp-content\/uploads\/2024\/07\/cropped-logo.jpg","contentUrl":"https:\/\/jornalboasnoticias.com.br\/home\/wp-content\/uploads\/2024\/07\/cropped-logo.jpg","width":290,"height":142,"caption":"Coq Editora Ltda"},"image":{"@id":"https:\/\/jornalboasnoticias.com.br\/home\/#\/schema\/logo\/image\/"},"sameAs":["https:\/\/www.facebook.com\/boasnoticiasjornal"]},{"@type":"Person","@id":"https:\/\/jornalboasnoticias.com.br\/home\/#\/schema\/person\/d641193e0afc6405b390164dac847971","name":"Ana Luiza Bonatto","image":{"@type":"ImageObject","inLanguage":"pt-BR","@id":"https:\/\/secure.gravatar.com\/avatar\/8a055ebe6373371f67ac6fcf313c0ac0b0a91157fdcdb9514fa62927373348f0?s=96&d=mm&r=g","url":"https:\/\/secure.gravatar.com\/avatar\/8a055ebe6373371f67ac6fcf313c0ac0b0a91157fdcdb9514fa62927373348f0?s=96&d=mm&r=g","contentUrl":"https:\/\/secure.gravatar.com\/avatar\/8a055ebe6373371f67ac6fcf313c0ac0b0a91157fdcdb9514fa62927373348f0?s=96&d=mm&r=g","caption":"Ana Luiza Bonatto"},"url":"https:\/\/jornalboasnoticias.com.br\/home\/author\/ana-luiza\/"}]}},"_links":{"self":[{"href":"https:\/\/jornalboasnoticias.com.br\/home\/wp-json\/wp\/v2\/posts\/44002","targetHints":{"allow":["GET"]}}],"collection":[{"href":"https:\/\/jornalboasnoticias.com.br\/home\/wp-json\/wp\/v2\/posts"}],"about":[{"href":"https:\/\/jornalboasnoticias.com.br\/home\/wp-json\/wp\/v2\/types\/post"}],"author":[{"embeddable":true,"href":"https:\/\/jornalboasnoticias.com.br\/home\/wp-json\/wp\/v2\/users\/4"}],"replies":[{"embeddable":true,"href":"https:\/\/jornalboasnoticias.com.br\/home\/wp-json\/wp\/v2\/comments?post=44002"}],"version-history":[{"count":1,"href":"https:\/\/jornalboasnoticias.com.br\/home\/wp-json\/wp\/v2\/posts\/44002\/revisions"}],"predecessor-version":[{"id":44004,"href":"https:\/\/jornalboasnoticias.com.br\/home\/wp-json\/wp\/v2\/posts\/44002\/revisions\/44004"}],"wp:featuredmedia":[{"embeddable":true,"href":"https:\/\/jornalboasnoticias.com.br\/home\/wp-json\/wp\/v2\/media\/44003"}],"wp:attachment":[{"href":"https:\/\/jornalboasnoticias.com.br\/home\/wp-json\/wp\/v2\/media?parent=44002"}],"wp:term":[{"taxonomy":"category","embeddable":true,"href":"https:\/\/jornalboasnoticias.com.br\/home\/wp-json\/wp\/v2\/categories?post=44002"},{"taxonomy":"post_tag","embeddable":true,"href":"https:\/\/jornalboasnoticias.com.br\/home\/wp-json\/wp\/v2\/tags?post=44002"}],"curies":[{"name":"wp","href":"https:\/\/api.w.org\/{rel}","templated":true}]}}