{"id":43870,"date":"2024-09-24T13:23:57","date_gmt":"2024-09-24T13:23:57","guid":{"rendered":"https:\/\/jornalboasnoticias.com.br\/home\/?p=43870"},"modified":"2024-09-24T13:23:57","modified_gmt":"2024-09-24T13:23:57","slug":"itamaraty-prepara-plano-para-tirar-brasileiros-do-libano-decisao-e-de-lula","status":"publish","type":"post","link":"https:\/\/jornalboasnoticias.com.br\/home\/itamaraty-prepara-plano-para-tirar-brasileiros-do-libano-decisao-e-de-lula\/","title":{"rendered":"Itamaraty prepara plano para tirar brasileiros do L\u00edbano; decis\u00e3o \u00e9 de Lula"},"content":{"rendered":"<figure id=\"attachment_43871\" aria-describedby=\"caption-attachment-43871\" style=\"width: 700px\" class=\"wp-caption alignnone\"><img loading=\"lazy\" decoding=\"async\" class=\"wp-image-43871 size-full\" src=\"https:\/\/jornalboasnoticias.com.br\/home\/wp-content\/uploads\/2024\/09\/bfbb3f367a47a73cf21cdd42d3390f74.jpg\" alt=\"\" width=\"700\" height=\"467\" srcset=\"https:\/\/jornalboasnoticias.com.br\/home\/wp-content\/uploads\/2024\/09\/bfbb3f367a47a73cf21cdd42d3390f74.jpg 700w, https:\/\/jornalboasnoticias.com.br\/home\/wp-content\/uploads\/2024\/09\/bfbb3f367a47a73cf21cdd42d3390f74-300x200.jpg 300w\" sizes=\"auto, (max-width: 700px) 100vw, 700px\" \/><figcaption id=\"caption-attachment-43871\" class=\"wp-caption-text\">Foto: Rafaela Felicciano<\/figcaption><\/figure>\n<p>O Minist\u00e9rio das Rela\u00e7\u00f5es Exteriores do Brasil j\u00e1 est\u00e1 preparado para uma poss\u00edvel miss\u00e3o de repatria\u00e7\u00e3o de brasileiros no L\u00edbano, pa\u00eds que vem sendo duramente bombardeado por Israel em ataques contra o grupo xiita Hezbollah. Entretanto, as baixas civis continuam a aumentar. Na \u00faltima atualiza\u00e7\u00e3o, nesta ter\u00e7a-feira (24\/9), o Minist\u00e9rio da Sa\u00fade liban\u00eas informou que o n\u00famero de mortos subiu para 558, incluindo 35 crian\u00e7as, e cerca de 1.700 feridos.<\/p>\n<p>Uma fonte do Itamaraty confirmou ao <strong>Metr\u00f3poles<\/strong> que h\u00e1 estudos, planejamentos e at\u00e9 mesmo uma estrat\u00e9gia pronta para evacuar cidad\u00e3os brasileiros da regi\u00e3o do conflito. Tanto em Bras\u00edlia quanto na embaixada brasileira no L\u00edbano, os preparativos j\u00e1 est\u00e3o em andamento, mas a decis\u00e3o final sobre a execu\u00e7\u00e3o da opera\u00e7\u00e3o ser\u00e1 tomada pelo presidente Luiz In\u00e1cio Lula da Silva (PT).<\/p>\n<p>Embora Lula ainda n\u00e3o tenha se manifestado verbalmente sobre o conflito, o governo emitiu uma nota condenando &#8220;nos mais fortes termos&#8221; os ataques israelenses em \u00e1reas civis no L\u00edbano e expressando preocupa\u00e7\u00e3o com o aumento da viol\u00eancia. Al\u00e9m disso, o governo brasileiro pediu que as partes envolvidas cessem as ofensivas. Atualmente, cerca de 20 mil brasileiros vivem no L\u00edbano, e as autoridades diplom\u00e1ticas j\u00e1 iniciaram o contato com essas pessoas para verificar quem deseja deixar o pa\u00eds.<\/p>\n<p>O posicionamento do Itamaraty est\u00e1 alinhado com as declara\u00e7\u00f5es de Celso Amorim, assessor especial da Presid\u00eancia da Rep\u00fablica. Amorim, que foi chanceler em 2006 durante um conflito anterior entre Israel e o Hezbollah, relembrou a dificuldade de organizar a evacua\u00e7\u00e3o de brasileiros naquela ocasi\u00e3o e destacou que o governo j\u00e1 est\u00e1 em fase de planejamento para uma nova retirada.<\/p>\n<p><strong>Hist\u00f3rico de repatria\u00e7\u00f5es<\/strong><\/p>\n<p>Se realizada, a retirada dos brasileiros do L\u00edbano seguiria os moldes da opera\u00e7\u00e3o de 2006, quando 2.676 brasileiros foram repatriados do L\u00edbano durante bombardeios israelenses. Na \u00e9poca, a opera\u00e7\u00e3o envolveu a colabora\u00e7\u00e3o entre cinco embaixadas brasileiras (L\u00edbano, Israel, S\u00edria, Jord\u00e2nia e Turquia), a For\u00e7a A\u00e9rea Brasileira (FAB) e a comunidade libanesa no Brasil.<\/p>\n<p>Mais recentemente, em 2023, o governo brasileiro conduziu a Opera\u00e7\u00e3o Voltando em Paz, que resgatou brasileiros e seus parentes da Faixa de Gaza, Israel e Cisjord\u00e2nia, ap\u00f3s o in\u00edcio da guerra entre israelenses e o Hamas. No total, 1.555 brasileiros e parentes foram repatriados, al\u00e9m de 53 animais de estima\u00e7\u00e3o. Os repatriados, ao chegarem ao Brasil, receberam atendimento m\u00e9dico e psicol\u00f3gico, vacina\u00e7\u00e3o e assist\u00eancia social.<\/p>\n<p>A estrat\u00e9gia de repatria\u00e7\u00e3o agora no L\u00edbano visa garantir a seguran\u00e7a dos brasileiros diante da escalada do conflito na regi\u00e3o, repetindo as opera\u00e7\u00f5es bem-sucedidas realizadas em anos anteriores.<\/p>\n","protected":false},"excerpt":{"rendered":"<p>O Minist\u00e9rio das Rela\u00e7\u00f5es Exteriores do Brasil j\u00e1 est\u00e1 preparado para uma poss\u00edvel miss\u00e3o de<\/p>\n","protected":false},"author":4,"featured_media":43871,"comment_status":"open","ping_status":"open","sticky":false,"template":"","format":"standard","meta":{"footnotes":""},"categories":[3,9],"tags":[],"class_list":["post-43870","post","type-post","status-publish","format-standard","has-post-thumbnail","hentry","category-destaques","category-internacional"],"yoast_head":"<!-- This site is optimized with the Yoast SEO plugin v27.5 - https:\/\/yoast.com\/product\/yoast-seo-wordpress\/ -->\n<title>Itamaraty prepara plano para tirar brasileiros do L\u00edbano; decis\u00e3o \u00e9 de Lula - Jornal<\/title>\n<meta name=\"description\" content=\"Itamaraty prepara plano para tirar brasileiros do L\u00edbano; decis\u00e3o \u00e9 de Lula\" \/>\n<meta name=\"robots\" content=\"index, follow, max-snippet:-1, max-image-preview:large, max-video-preview:-1\" \/>\n<link rel=\"canonical\" href=\"https:\/\/jornalboasnoticias.com.br\/home\/itamaraty-prepara-plano-para-tirar-brasileiros-do-libano-decisao-e-de-lula\/\" \/>\n<meta property=\"og:locale\" content=\"pt_BR\" \/>\n<meta property=\"og:type\" content=\"article\" \/>\n<meta property=\"og:title\" content=\"Itamaraty prepara plano para tirar brasileiros do L\u00edbano; decis\u00e3o \u00e9 de Lula - Jornal\" \/>\n<meta property=\"og:description\" content=\"Itamaraty prepara plano para tirar brasileiros do L\u00edbano; decis\u00e3o \u00e9 de Lula\" \/>\n<meta property=\"og:url\" content=\"https:\/\/jornalboasnoticias.com.br\/home\/itamaraty-prepara-plano-para-tirar-brasileiros-do-libano-decisao-e-de-lula\/\" \/>\n<meta property=\"og:site_name\" content=\"Jornal\" \/>\n<meta property=\"article:publisher\" content=\"https:\/\/www.facebook.com\/boasnoticiasjornal\" \/>\n<meta property=\"article:published_time\" content=\"2024-09-24T13:23:57+00:00\" \/>\n<meta property=\"og:image\" content=\"https:\/\/jornalboasnoticias.com.br\/home\/wp-content\/uploads\/2024\/09\/bfbb3f367a47a73cf21cdd42d3390f74.jpg\" \/>\n\t<meta property=\"og:image:width\" content=\"700\" \/>\n\t<meta property=\"og:image:height\" content=\"467\" \/>\n\t<meta property=\"og:image:type\" content=\"image\/jpeg\" \/>\n<meta name=\"author\" content=\"Ana Luiza Bonatto\" \/>\n<meta name=\"twitter:card\" content=\"summary_large_image\" \/>\n<meta name=\"twitter:label1\" content=\"Escrito por\" \/>\n\t<meta name=\"twitter:data1\" content=\"Ana Luiza Bonatto\" \/>\n\t<meta name=\"twitter:label2\" content=\"Est. tempo de leitura\" \/>\n\t<meta name=\"twitter:data2\" content=\"3 minutos\" \/>\n<script type=\"application\/ld+json\" class=\"yoast-schema-graph\">{\"@context\":\"https:\\\/\\\/schema.org\",\"@graph\":[{\"@type\":\"Article\",\"@id\":\"https:\\\/\\\/jornalboasnoticias.com.br\\\/home\\\/itamaraty-prepara-plano-para-tirar-brasileiros-do-libano-decisao-e-de-lula\\\/#article\",\"isPartOf\":{\"@id\":\"https:\\\/\\\/jornalboasnoticias.com.br\\\/home\\\/itamaraty-prepara-plano-para-tirar-brasileiros-do-libano-decisao-e-de-lula\\\/\"},\"author\":{\"name\":\"Ana Luiza Bonatto\",\"@id\":\"https:\\\/\\\/jornalboasnoticias.com.br\\\/home\\\/#\\\/schema\\\/person\\\/d641193e0afc6405b390164dac847971\"},\"headline\":\"Itamaraty prepara plano para tirar brasileiros do L\u00edbano; decis\u00e3o \u00e9 de Lula\",\"datePublished\":\"2024-09-24T13:23:57+00:00\",\"mainEntityOfPage\":{\"@id\":\"https:\\\/\\\/jornalboasnoticias.com.br\\\/home\\\/itamaraty-prepara-plano-para-tirar-brasileiros-do-libano-decisao-e-de-lula\\\/\"},\"wordCount\":492,\"commentCount\":0,\"publisher\":{\"@id\":\"https:\\\/\\\/jornalboasnoticias.com.br\\\/home\\\/#organization\"},\"image\":{\"@id\":\"https:\\\/\\\/jornalboasnoticias.com.br\\\/home\\\/itamaraty-prepara-plano-para-tirar-brasileiros-do-libano-decisao-e-de-lula\\\/#primaryimage\"},\"thumbnailUrl\":\"https:\\\/\\\/jornalboasnoticias.com.br\\\/home\\\/wp-content\\\/uploads\\\/2024\\\/09\\\/bfbb3f367a47a73cf21cdd42d3390f74.jpg\",\"articleSection\":[\"DESTAQUE\",\"INTERNACIONAL\"],\"inLanguage\":\"pt-BR\",\"potentialAction\":[{\"@type\":\"CommentAction\",\"name\":\"Comment\",\"target\":[\"https:\\\/\\\/jornalboasnoticias.com.br\\\/home\\\/itamaraty-prepara-plano-para-tirar-brasileiros-do-libano-decisao-e-de-lula\\\/#respond\"]}]},{\"@type\":\"WebPage\",\"@id\":\"https:\\\/\\\/jornalboasnoticias.com.br\\\/home\\\/itamaraty-prepara-plano-para-tirar-brasileiros-do-libano-decisao-e-de-lula\\\/\",\"url\":\"https:\\\/\\\/jornalboasnoticias.com.br\\\/home\\\/itamaraty-prepara-plano-para-tirar-brasileiros-do-libano-decisao-e-de-lula\\\/\",\"name\":\"Itamaraty prepara plano para tirar brasileiros do L\u00edbano; decis\u00e3o \u00e9 de Lula - Jornal\",\"isPartOf\":{\"@id\":\"https:\\\/\\\/jornalboasnoticias.com.br\\\/home\\\/#website\"},\"primaryImageOfPage\":{\"@id\":\"https:\\\/\\\/jornalboasnoticias.com.br\\\/home\\\/itamaraty-prepara-plano-para-tirar-brasileiros-do-libano-decisao-e-de-lula\\\/#primaryimage\"},\"image\":{\"@id\":\"https:\\\/\\\/jornalboasnoticias.com.br\\\/home\\\/itamaraty-prepara-plano-para-tirar-brasileiros-do-libano-decisao-e-de-lula\\\/#primaryimage\"},\"thumbnailUrl\":\"https:\\\/\\\/jornalboasnoticias.com.br\\\/home\\\/wp-content\\\/uploads\\\/2024\\\/09\\\/bfbb3f367a47a73cf21cdd42d3390f74.jpg\",\"datePublished\":\"2024-09-24T13:23:57+00:00\",\"description\":\"Itamaraty prepara plano para tirar brasileiros do L\u00edbano; decis\u00e3o \u00e9 de Lula\",\"breadcrumb\":{\"@id\":\"https:\\\/\\\/jornalboasnoticias.com.br\\\/home\\\/itamaraty-prepara-plano-para-tirar-brasileiros-do-libano-decisao-e-de-lula\\\/#breadcrumb\"},\"inLanguage\":\"pt-BR\",\"potentialAction\":[{\"@type\":\"ReadAction\",\"target\":[\"https:\\\/\\\/jornalboasnoticias.com.br\\\/home\\\/itamaraty-prepara-plano-para-tirar-brasileiros-do-libano-decisao-e-de-lula\\\/\"]}]},{\"@type\":\"ImageObject\",\"inLanguage\":\"pt-BR\",\"@id\":\"https:\\\/\\\/jornalboasnoticias.com.br\\\/home\\\/itamaraty-prepara-plano-para-tirar-brasileiros-do-libano-decisao-e-de-lula\\\/#primaryimage\",\"url\":\"https:\\\/\\\/jornalboasnoticias.com.br\\\/home\\\/wp-content\\\/uploads\\\/2024\\\/09\\\/bfbb3f367a47a73cf21cdd42d3390f74.jpg\",\"contentUrl\":\"https:\\\/\\\/jornalboasnoticias.com.br\\\/home\\\/wp-content\\\/uploads\\\/2024\\\/09\\\/bfbb3f367a47a73cf21cdd42d3390f74.jpg\",\"width\":700,\"height\":467,\"caption\":\"Foto: Rafaela Felicciano\"},{\"@type\":\"BreadcrumbList\",\"@id\":\"https:\\\/\\\/jornalboasnoticias.com.br\\\/home\\\/itamaraty-prepara-plano-para-tirar-brasileiros-do-libano-decisao-e-de-lula\\\/#breadcrumb\",\"itemListElement\":[{\"@type\":\"ListItem\",\"position\":1,\"name\":\"In\u00edcio\",\"item\":\"https:\\\/\\\/jornalboasnoticias.com.br\\\/home\\\/\"},{\"@type\":\"ListItem\",\"position\":2,\"name\":\"Itamaraty prepara plano para tirar brasileiros do L\u00edbano; decis\u00e3o \u00e9 de Lula\"}]},{\"@type\":\"WebSite\",\"@id\":\"https:\\\/\\\/jornalboasnoticias.com.br\\\/home\\\/#website\",\"url\":\"https:\\\/\\\/jornalboasnoticias.com.br\\\/home\\\/\",\"name\":\"Jornal Boas Not\u00edcias\",\"description\":\"Boas not\u00edcias\",\"publisher\":{\"@id\":\"https:\\\/\\\/jornalboasnoticias.com.br\\\/home\\\/#organization\"},\"potentialAction\":[{\"@type\":\"SearchAction\",\"target\":{\"@type\":\"EntryPoint\",\"urlTemplate\":\"https:\\\/\\\/jornalboasnoticias.com.br\\\/home\\\/?s={search_term_string}\"},\"query-input\":{\"@type\":\"PropertyValueSpecification\",\"valueRequired\":true,\"valueName\":\"search_term_string\"}}],\"inLanguage\":\"pt-BR\"},{\"@type\":\"Organization\",\"@id\":\"https:\\\/\\\/jornalboasnoticias.com.br\\\/home\\\/#organization\",\"name\":\"Coq Editora Ltda\",\"alternateName\":\"Jornal Boas Noticias\",\"url\":\"https:\\\/\\\/jornalboasnoticias.com.br\\\/home\\\/\",\"logo\":{\"@type\":\"ImageObject\",\"inLanguage\":\"pt-BR\",\"@id\":\"https:\\\/\\\/jornalboasnoticias.com.br\\\/home\\\/#\\\/schema\\\/logo\\\/image\\\/\",\"url\":\"https:\\\/\\\/jornalboasnoticias.com.br\\\/home\\\/wp-content\\\/uploads\\\/2024\\\/07\\\/cropped-logo.jpg\",\"contentUrl\":\"https:\\\/\\\/jornalboasnoticias.com.br\\\/home\\\/wp-content\\\/uploads\\\/2024\\\/07\\\/cropped-logo.jpg\",\"width\":290,\"height\":142,\"caption\":\"Coq Editora Ltda\"},\"image\":{\"@id\":\"https:\\\/\\\/jornalboasnoticias.com.br\\\/home\\\/#\\\/schema\\\/logo\\\/image\\\/\"},\"sameAs\":[\"https:\\\/\\\/www.facebook.com\\\/boasnoticiasjornal\"]},{\"@type\":\"Person\",\"@id\":\"https:\\\/\\\/jornalboasnoticias.com.br\\\/home\\\/#\\\/schema\\\/person\\\/d641193e0afc6405b390164dac847971\",\"name\":\"Ana Luiza Bonatto\",\"image\":{\"@type\":\"ImageObject\",\"inLanguage\":\"pt-BR\",\"@id\":\"https:\\\/\\\/secure.gravatar.com\\\/avatar\\\/8a055ebe6373371f67ac6fcf313c0ac0b0a91157fdcdb9514fa62927373348f0?s=96&d=mm&r=g\",\"url\":\"https:\\\/\\\/secure.gravatar.com\\\/avatar\\\/8a055ebe6373371f67ac6fcf313c0ac0b0a91157fdcdb9514fa62927373348f0?s=96&d=mm&r=g\",\"contentUrl\":\"https:\\\/\\\/secure.gravatar.com\\\/avatar\\\/8a055ebe6373371f67ac6fcf313c0ac0b0a91157fdcdb9514fa62927373348f0?s=96&d=mm&r=g\",\"caption\":\"Ana Luiza Bonatto\"},\"url\":\"https:\\\/\\\/jornalboasnoticias.com.br\\\/home\\\/author\\\/ana-luiza\\\/\"}]}<\/script>\n<!-- \/ Yoast SEO plugin. -->","yoast_head_json":{"title":"Itamaraty prepara plano para tirar brasileiros do L\u00edbano; decis\u00e3o \u00e9 de Lula - Jornal","description":"Itamaraty prepara plano para tirar brasileiros do L\u00edbano; decis\u00e3o \u00e9 de Lula","robots":{"index":"index","follow":"follow","max-snippet":"max-snippet:-1","max-image-preview":"max-image-preview:large","max-video-preview":"max-video-preview:-1"},"canonical":"https:\/\/jornalboasnoticias.com.br\/home\/itamaraty-prepara-plano-para-tirar-brasileiros-do-libano-decisao-e-de-lula\/","og_locale":"pt_BR","og_type":"article","og_title":"Itamaraty prepara plano para tirar brasileiros do L\u00edbano; decis\u00e3o \u00e9 de Lula - Jornal","og_description":"Itamaraty prepara plano para tirar brasileiros do L\u00edbano; decis\u00e3o \u00e9 de Lula","og_url":"https:\/\/jornalboasnoticias.com.br\/home\/itamaraty-prepara-plano-para-tirar-brasileiros-do-libano-decisao-e-de-lula\/","og_site_name":"Jornal","article_publisher":"https:\/\/www.facebook.com\/boasnoticiasjornal","article_published_time":"2024-09-24T13:23:57+00:00","og_image":[{"width":700,"height":467,"url":"https:\/\/jornalboasnoticias.com.br\/home\/wp-content\/uploads\/2024\/09\/bfbb3f367a47a73cf21cdd42d3390f74.jpg","type":"image\/jpeg"}],"author":"Ana Luiza Bonatto","twitter_card":"summary_large_image","twitter_misc":{"Escrito por":"Ana Luiza Bonatto","Est. tempo de leitura":"3 minutos"},"schema":{"@context":"https:\/\/schema.org","@graph":[{"@type":"Article","@id":"https:\/\/jornalboasnoticias.com.br\/home\/itamaraty-prepara-plano-para-tirar-brasileiros-do-libano-decisao-e-de-lula\/#article","isPartOf":{"@id":"https:\/\/jornalboasnoticias.com.br\/home\/itamaraty-prepara-plano-para-tirar-brasileiros-do-libano-decisao-e-de-lula\/"},"author":{"name":"Ana Luiza Bonatto","@id":"https:\/\/jornalboasnoticias.com.br\/home\/#\/schema\/person\/d641193e0afc6405b390164dac847971"},"headline":"Itamaraty prepara plano para tirar brasileiros do L\u00edbano; decis\u00e3o \u00e9 de Lula","datePublished":"2024-09-24T13:23:57+00:00","mainEntityOfPage":{"@id":"https:\/\/jornalboasnoticias.com.br\/home\/itamaraty-prepara-plano-para-tirar-brasileiros-do-libano-decisao-e-de-lula\/"},"wordCount":492,"commentCount":0,"publisher":{"@id":"https:\/\/jornalboasnoticias.com.br\/home\/#organization"},"image":{"@id":"https:\/\/jornalboasnoticias.com.br\/home\/itamaraty-prepara-plano-para-tirar-brasileiros-do-libano-decisao-e-de-lula\/#primaryimage"},"thumbnailUrl":"https:\/\/jornalboasnoticias.com.br\/home\/wp-content\/uploads\/2024\/09\/bfbb3f367a47a73cf21cdd42d3390f74.jpg","articleSection":["DESTAQUE","INTERNACIONAL"],"inLanguage":"pt-BR","potentialAction":[{"@type":"CommentAction","name":"Comment","target":["https:\/\/jornalboasnoticias.com.br\/home\/itamaraty-prepara-plano-para-tirar-brasileiros-do-libano-decisao-e-de-lula\/#respond"]}]},{"@type":"WebPage","@id":"https:\/\/jornalboasnoticias.com.br\/home\/itamaraty-prepara-plano-para-tirar-brasileiros-do-libano-decisao-e-de-lula\/","url":"https:\/\/jornalboasnoticias.com.br\/home\/itamaraty-prepara-plano-para-tirar-brasileiros-do-libano-decisao-e-de-lula\/","name":"Itamaraty prepara plano para tirar brasileiros do L\u00edbano; decis\u00e3o \u00e9 de Lula - Jornal","isPartOf":{"@id":"https:\/\/jornalboasnoticias.com.br\/home\/#website"},"primaryImageOfPage":{"@id":"https:\/\/jornalboasnoticias.com.br\/home\/itamaraty-prepara-plano-para-tirar-brasileiros-do-libano-decisao-e-de-lula\/#primaryimage"},"image":{"@id":"https:\/\/jornalboasnoticias.com.br\/home\/itamaraty-prepara-plano-para-tirar-brasileiros-do-libano-decisao-e-de-lula\/#primaryimage"},"thumbnailUrl":"https:\/\/jornalboasnoticias.com.br\/home\/wp-content\/uploads\/2024\/09\/bfbb3f367a47a73cf21cdd42d3390f74.jpg","datePublished":"2024-09-24T13:23:57+00:00","description":"Itamaraty prepara plano para tirar brasileiros do L\u00edbano; decis\u00e3o \u00e9 de Lula","breadcrumb":{"@id":"https:\/\/jornalboasnoticias.com.br\/home\/itamaraty-prepara-plano-para-tirar-brasileiros-do-libano-decisao-e-de-lula\/#breadcrumb"},"inLanguage":"pt-BR","potentialAction":[{"@type":"ReadAction","target":["https:\/\/jornalboasnoticias.com.br\/home\/itamaraty-prepara-plano-para-tirar-brasileiros-do-libano-decisao-e-de-lula\/"]}]},{"@type":"ImageObject","inLanguage":"pt-BR","@id":"https:\/\/jornalboasnoticias.com.br\/home\/itamaraty-prepara-plano-para-tirar-brasileiros-do-libano-decisao-e-de-lula\/#primaryimage","url":"https:\/\/jornalboasnoticias.com.br\/home\/wp-content\/uploads\/2024\/09\/bfbb3f367a47a73cf21cdd42d3390f74.jpg","contentUrl":"https:\/\/jornalboasnoticias.com.br\/home\/wp-content\/uploads\/2024\/09\/bfbb3f367a47a73cf21cdd42d3390f74.jpg","width":700,"height":467,"caption":"Foto: Rafaela Felicciano"},{"@type":"BreadcrumbList","@id":"https:\/\/jornalboasnoticias.com.br\/home\/itamaraty-prepara-plano-para-tirar-brasileiros-do-libano-decisao-e-de-lula\/#breadcrumb","itemListElement":[{"@type":"ListItem","position":1,"name":"In\u00edcio","item":"https:\/\/jornalboasnoticias.com.br\/home\/"},{"@type":"ListItem","position":2,"name":"Itamaraty prepara plano para tirar brasileiros do L\u00edbano; decis\u00e3o \u00e9 de Lula"}]},{"@type":"WebSite","@id":"https:\/\/jornalboasnoticias.com.br\/home\/#website","url":"https:\/\/jornalboasnoticias.com.br\/home\/","name":"Jornal Boas Not\u00edcias","description":"Boas not\u00edcias","publisher":{"@id":"https:\/\/jornalboasnoticias.com.br\/home\/#organization"},"potentialAction":[{"@type":"SearchAction","target":{"@type":"EntryPoint","urlTemplate":"https:\/\/jornalboasnoticias.com.br\/home\/?s={search_term_string}"},"query-input":{"@type":"PropertyValueSpecification","valueRequired":true,"valueName":"search_term_string"}}],"inLanguage":"pt-BR"},{"@type":"Organization","@id":"https:\/\/jornalboasnoticias.com.br\/home\/#organization","name":"Coq Editora Ltda","alternateName":"Jornal Boas Noticias","url":"https:\/\/jornalboasnoticias.com.br\/home\/","logo":{"@type":"ImageObject","inLanguage":"pt-BR","@id":"https:\/\/jornalboasnoticias.com.br\/home\/#\/schema\/logo\/image\/","url":"https:\/\/jornalboasnoticias.com.br\/home\/wp-content\/uploads\/2024\/07\/cropped-logo.jpg","contentUrl":"https:\/\/jornalboasnoticias.com.br\/home\/wp-content\/uploads\/2024\/07\/cropped-logo.jpg","width":290,"height":142,"caption":"Coq Editora Ltda"},"image":{"@id":"https:\/\/jornalboasnoticias.com.br\/home\/#\/schema\/logo\/image\/"},"sameAs":["https:\/\/www.facebook.com\/boasnoticiasjornal"]},{"@type":"Person","@id":"https:\/\/jornalboasnoticias.com.br\/home\/#\/schema\/person\/d641193e0afc6405b390164dac847971","name":"Ana Luiza Bonatto","image":{"@type":"ImageObject","inLanguage":"pt-BR","@id":"https:\/\/secure.gravatar.com\/avatar\/8a055ebe6373371f67ac6fcf313c0ac0b0a91157fdcdb9514fa62927373348f0?s=96&d=mm&r=g","url":"https:\/\/secure.gravatar.com\/avatar\/8a055ebe6373371f67ac6fcf313c0ac0b0a91157fdcdb9514fa62927373348f0?s=96&d=mm&r=g","contentUrl":"https:\/\/secure.gravatar.com\/avatar\/8a055ebe6373371f67ac6fcf313c0ac0b0a91157fdcdb9514fa62927373348f0?s=96&d=mm&r=g","caption":"Ana Luiza Bonatto"},"url":"https:\/\/jornalboasnoticias.com.br\/home\/author\/ana-luiza\/"}]}},"_links":{"self":[{"href":"https:\/\/jornalboasnoticias.com.br\/home\/wp-json\/wp\/v2\/posts\/43870","targetHints":{"allow":["GET"]}}],"collection":[{"href":"https:\/\/jornalboasnoticias.com.br\/home\/wp-json\/wp\/v2\/posts"}],"about":[{"href":"https:\/\/jornalboasnoticias.com.br\/home\/wp-json\/wp\/v2\/types\/post"}],"author":[{"embeddable":true,"href":"https:\/\/jornalboasnoticias.com.br\/home\/wp-json\/wp\/v2\/users\/4"}],"replies":[{"embeddable":true,"href":"https:\/\/jornalboasnoticias.com.br\/home\/wp-json\/wp\/v2\/comments?post=43870"}],"version-history":[{"count":1,"href":"https:\/\/jornalboasnoticias.com.br\/home\/wp-json\/wp\/v2\/posts\/43870\/revisions"}],"predecessor-version":[{"id":43872,"href":"https:\/\/jornalboasnoticias.com.br\/home\/wp-json\/wp\/v2\/posts\/43870\/revisions\/43872"}],"wp:featuredmedia":[{"embeddable":true,"href":"https:\/\/jornalboasnoticias.com.br\/home\/wp-json\/wp\/v2\/media\/43871"}],"wp:attachment":[{"href":"https:\/\/jornalboasnoticias.com.br\/home\/wp-json\/wp\/v2\/media?parent=43870"}],"wp:term":[{"taxonomy":"category","embeddable":true,"href":"https:\/\/jornalboasnoticias.com.br\/home\/wp-json\/wp\/v2\/categories?post=43870"},{"taxonomy":"post_tag","embeddable":true,"href":"https:\/\/jornalboasnoticias.com.br\/home\/wp-json\/wp\/v2\/tags?post=43870"}],"curies":[{"name":"wp","href":"https:\/\/api.w.org\/{rel}","templated":true}]}}