{"id":43863,"date":"2024-09-24T13:08:58","date_gmt":"2024-09-24T13:08:58","guid":{"rendered":"https:\/\/jornalboasnoticias.com.br\/home\/?p=43863"},"modified":"2024-09-24T13:08:58","modified_gmt":"2024-09-24T13:08:58","slug":"cascavel-amplia-rede-municipal-de-educacao-com-novo-cmei","status":"publish","type":"post","link":"https:\/\/jornalboasnoticias.com.br\/home\/cascavel-amplia-rede-municipal-de-educacao-com-novo-cmei\/","title":{"rendered":"Cascavel amplia rede municipal de educa\u00e7\u00e3o com novo CMEI"},"content":{"rendered":"<figure id=\"attachment_43864\" aria-describedby=\"caption-attachment-43864\" style=\"width: 1600px\" class=\"wp-caption alignnone\"><img loading=\"lazy\" decoding=\"async\" class=\"wp-image-43864 size-full\" src=\"https:\/\/jornalboasnoticias.com.br\/home\/wp-content\/uploads\/2024\/09\/WhatsApp-Image-2024-09-24-at-08.41.45.jpeg\" alt=\"\" width=\"1600\" height=\"1066\" srcset=\"https:\/\/jornalboasnoticias.com.br\/home\/wp-content\/uploads\/2024\/09\/WhatsApp-Image-2024-09-24-at-08.41.45.jpeg 1600w, https:\/\/jornalboasnoticias.com.br\/home\/wp-content\/uploads\/2024\/09\/WhatsApp-Image-2024-09-24-at-08.41.45-300x200.jpeg 300w, https:\/\/jornalboasnoticias.com.br\/home\/wp-content\/uploads\/2024\/09\/WhatsApp-Image-2024-09-24-at-08.41.45-1024x682.jpeg 1024w, https:\/\/jornalboasnoticias.com.br\/home\/wp-content\/uploads\/2024\/09\/WhatsApp-Image-2024-09-24-at-08.41.45-768x512.jpeg 768w, https:\/\/jornalboasnoticias.com.br\/home\/wp-content\/uploads\/2024\/09\/WhatsApp-Image-2024-09-24-at-08.41.45-1536x1023.jpeg 1536w, https:\/\/jornalboasnoticias.com.br\/home\/wp-content\/uploads\/2024\/09\/WhatsApp-Image-2024-09-24-at-08.41.45-900x600.jpeg 900w\" sizes=\"auto, (max-width: 1600px) 100vw, 1600px\" \/><figcaption id=\"caption-attachment-43864\" class=\"wp-caption-text\">Foto: Secom Cascavel<\/figcaption><\/figure>\n<p>Nesta quarta-feira (25), \u00e0s 8h30, ser\u00e1 oficialmente inaugurado o Centro Municipal de Educa\u00e7\u00e3o Infantil (CMEI) Professor Bertolino Tenfen, popularmente conhecido como CMEI do Siena. A unidade est\u00e1 localizada na Rua Jade, n\u00ba 838, e faz parte de um importante avan\u00e7o na estrutura educacional da cidade.<\/p>\n<p>O evento de inaugura\u00e7\u00e3o contar\u00e1 com a presen\u00e7a do prefeito Leonaldo Paranhos, da secret\u00e1ria de Educa\u00e7\u00e3o Marcia Baldini, e da diretora do CMEI, Mel\u00e2nia Frana.<\/p>\n<p>Com um investimento superior a R$ 4,6 milh\u00f5es, o novo CMEI tem capacidade para atender at\u00e9 240 crian\u00e7as em turmas parciais e integrais. A estrutura moderna inclui 10 salas de aula e uma \u00e1rea administrativa completa, com espa\u00e7os para secretaria, dire\u00e7\u00e3o, sala de professores, dep\u00f3sito de materiais pedag\u00f3gicos e instala\u00e7\u00f5es sanit\u00e1rias acess\u00edveis.<\/p>\n<p>Na \u00e1rea de servi\u00e7os, o CMEI conta com cozinha, despensa, lavanderia, dep\u00f3sito de materiais de limpeza e vesti\u00e1rio para os servidores, garantindo um ambiente funcional e adequado para a opera\u00e7\u00e3o da unidade.<\/p>\n<p>A \u00e1rea de viv\u00eancia foi projetada para proporcionar conforto e lazer, incluindo um p\u00e1tio coberto, refeit\u00f3rio e p\u00e1tio descoberto pavimentado, com toda a estrutura seguindo rigorosamente as normas de acessibilidade, promovendo inclus\u00e3o para todas as crian\u00e7as.<\/p>\n<p>As atividades j\u00e1 foram iniciadas para uma parcela dos alunos, e gradualmente todas as crian\u00e7as ser\u00e3o integradas \u00e0s atividades regulares.<\/p>\n<p><strong>Servi\u00e7o:<\/strong><\/p>\n<ul>\n<li><strong>Inaugura\u00e7\u00e3o:<\/strong> Quarta-feira (25)<\/li>\n<li><strong>Hor\u00e1rio:<\/strong> 8h30<\/li>\n<li><strong>Local:<\/strong> CMEI Professor Bertolino Tenfen, Rua Jade, n\u00ba 838.<\/li>\n<\/ul>\n","protected":false},"excerpt":{"rendered":"<p>Nesta quarta-feira (25), \u00e0s 8h30, ser\u00e1 oficialmente inaugurado o Centro Municipal de Educa\u00e7\u00e3o Infantil (CMEI)<\/p>\n","protected":false},"author":4,"featured_media":43864,"comment_status":"open","ping_status":"open","sticky":false,"template":"","format":"standard","meta":{"footnotes":""},"categories":[2,3],"tags":[],"class_list":["post-43863","post","type-post","status-publish","format-standard","has-post-thumbnail","hentry","category-cascavel","category-destaques"],"yoast_head":"<!-- This site is optimized with the Yoast SEO plugin v27.5 - https:\/\/yoast.com\/product\/yoast-seo-wordpress\/ -->\n<title>Cascavel amplia rede municipal de educa\u00e7\u00e3o com novo CMEI - Jornal<\/title>\n<meta name=\"description\" content=\"Cascavel amplia rede municipal de educa\u00e7\u00e3o com novo CMEI\" \/>\n<meta name=\"robots\" content=\"index, follow, max-snippet:-1, max-image-preview:large, max-video-preview:-1\" \/>\n<link rel=\"canonical\" href=\"https:\/\/jornalboasnoticias.com.br\/home\/cascavel-amplia-rede-municipal-de-educacao-com-novo-cmei\/\" \/>\n<meta property=\"og:locale\" content=\"pt_BR\" \/>\n<meta property=\"og:type\" content=\"article\" \/>\n<meta property=\"og:title\" content=\"Cascavel amplia rede municipal de educa\u00e7\u00e3o com novo CMEI - Jornal\" \/>\n<meta property=\"og:description\" content=\"Cascavel amplia rede municipal de educa\u00e7\u00e3o com novo CMEI\" \/>\n<meta property=\"og:url\" content=\"https:\/\/jornalboasnoticias.com.br\/home\/cascavel-amplia-rede-municipal-de-educacao-com-novo-cmei\/\" \/>\n<meta property=\"og:site_name\" content=\"Jornal\" \/>\n<meta property=\"article:publisher\" content=\"https:\/\/www.facebook.com\/boasnoticiasjornal\" \/>\n<meta property=\"article:published_time\" content=\"2024-09-24T13:08:58+00:00\" \/>\n<meta property=\"og:image\" content=\"https:\/\/jornalboasnoticias.com.br\/home\/wp-content\/uploads\/2024\/09\/WhatsApp-Image-2024-09-24-at-08.41.45.jpeg\" \/>\n\t<meta property=\"og:image:width\" content=\"1600\" \/>\n\t<meta property=\"og:image:height\" content=\"1066\" \/>\n\t<meta property=\"og:image:type\" content=\"image\/jpeg\" \/>\n<meta name=\"author\" content=\"Ana Luiza Bonatto\" \/>\n<meta name=\"twitter:card\" content=\"summary_large_image\" \/>\n<meta name=\"twitter:label1\" content=\"Escrito por\" \/>\n\t<meta name=\"twitter:data1\" content=\"Ana Luiza Bonatto\" \/>\n\t<meta name=\"twitter:label2\" content=\"Est. tempo de leitura\" \/>\n\t<meta name=\"twitter:data2\" content=\"2 minutos\" \/>\n<script type=\"application\/ld+json\" class=\"yoast-schema-graph\">{\"@context\":\"https:\\\/\\\/schema.org\",\"@graph\":[{\"@type\":\"Article\",\"@id\":\"https:\\\/\\\/jornalboasnoticias.com.br\\\/home\\\/cascavel-amplia-rede-municipal-de-educacao-com-novo-cmei\\\/#article\",\"isPartOf\":{\"@id\":\"https:\\\/\\\/jornalboasnoticias.com.br\\\/home\\\/cascavel-amplia-rede-municipal-de-educacao-com-novo-cmei\\\/\"},\"author\":{\"name\":\"Ana Luiza Bonatto\",\"@id\":\"https:\\\/\\\/jornalboasnoticias.com.br\\\/home\\\/#\\\/schema\\\/person\\\/d641193e0afc6405b390164dac847971\"},\"headline\":\"Cascavel amplia rede municipal de educa\u00e7\u00e3o com novo CMEI\",\"datePublished\":\"2024-09-24T13:08:58+00:00\",\"mainEntityOfPage\":{\"@id\":\"https:\\\/\\\/jornalboasnoticias.com.br\\\/home\\\/cascavel-amplia-rede-municipal-de-educacao-com-novo-cmei\\\/\"},\"wordCount\":269,\"commentCount\":0,\"publisher\":{\"@id\":\"https:\\\/\\\/jornalboasnoticias.com.br\\\/home\\\/#organization\"},\"image\":{\"@id\":\"https:\\\/\\\/jornalboasnoticias.com.br\\\/home\\\/cascavel-amplia-rede-municipal-de-educacao-com-novo-cmei\\\/#primaryimage\"},\"thumbnailUrl\":\"https:\\\/\\\/jornalboasnoticias.com.br\\\/home\\\/wp-content\\\/uploads\\\/2024\\\/09\\\/WhatsApp-Image-2024-09-24-at-08.41.45.jpeg\",\"articleSection\":[\"CASCAVEL\",\"DESTAQUE\"],\"inLanguage\":\"pt-BR\",\"potentialAction\":[{\"@type\":\"CommentAction\",\"name\":\"Comment\",\"target\":[\"https:\\\/\\\/jornalboasnoticias.com.br\\\/home\\\/cascavel-amplia-rede-municipal-de-educacao-com-novo-cmei\\\/#respond\"]}]},{\"@type\":\"WebPage\",\"@id\":\"https:\\\/\\\/jornalboasnoticias.com.br\\\/home\\\/cascavel-amplia-rede-municipal-de-educacao-com-novo-cmei\\\/\",\"url\":\"https:\\\/\\\/jornalboasnoticias.com.br\\\/home\\\/cascavel-amplia-rede-municipal-de-educacao-com-novo-cmei\\\/\",\"name\":\"Cascavel amplia rede municipal de educa\u00e7\u00e3o com novo CMEI - Jornal\",\"isPartOf\":{\"@id\":\"https:\\\/\\\/jornalboasnoticias.com.br\\\/home\\\/#website\"},\"primaryImageOfPage\":{\"@id\":\"https:\\\/\\\/jornalboasnoticias.com.br\\\/home\\\/cascavel-amplia-rede-municipal-de-educacao-com-novo-cmei\\\/#primaryimage\"},\"image\":{\"@id\":\"https:\\\/\\\/jornalboasnoticias.com.br\\\/home\\\/cascavel-amplia-rede-municipal-de-educacao-com-novo-cmei\\\/#primaryimage\"},\"thumbnailUrl\":\"https:\\\/\\\/jornalboasnoticias.com.br\\\/home\\\/wp-content\\\/uploads\\\/2024\\\/09\\\/WhatsApp-Image-2024-09-24-at-08.41.45.jpeg\",\"datePublished\":\"2024-09-24T13:08:58+00:00\",\"description\":\"Cascavel amplia rede municipal de educa\u00e7\u00e3o com novo CMEI\",\"breadcrumb\":{\"@id\":\"https:\\\/\\\/jornalboasnoticias.com.br\\\/home\\\/cascavel-amplia-rede-municipal-de-educacao-com-novo-cmei\\\/#breadcrumb\"},\"inLanguage\":\"pt-BR\",\"potentialAction\":[{\"@type\":\"ReadAction\",\"target\":[\"https:\\\/\\\/jornalboasnoticias.com.br\\\/home\\\/cascavel-amplia-rede-municipal-de-educacao-com-novo-cmei\\\/\"]}]},{\"@type\":\"ImageObject\",\"inLanguage\":\"pt-BR\",\"@id\":\"https:\\\/\\\/jornalboasnoticias.com.br\\\/home\\\/cascavel-amplia-rede-municipal-de-educacao-com-novo-cmei\\\/#primaryimage\",\"url\":\"https:\\\/\\\/jornalboasnoticias.com.br\\\/home\\\/wp-content\\\/uploads\\\/2024\\\/09\\\/WhatsApp-Image-2024-09-24-at-08.41.45.jpeg\",\"contentUrl\":\"https:\\\/\\\/jornalboasnoticias.com.br\\\/home\\\/wp-content\\\/uploads\\\/2024\\\/09\\\/WhatsApp-Image-2024-09-24-at-08.41.45.jpeg\",\"width\":1600,\"height\":1066},{\"@type\":\"BreadcrumbList\",\"@id\":\"https:\\\/\\\/jornalboasnoticias.com.br\\\/home\\\/cascavel-amplia-rede-municipal-de-educacao-com-novo-cmei\\\/#breadcrumb\",\"itemListElement\":[{\"@type\":\"ListItem\",\"position\":1,\"name\":\"In\u00edcio\",\"item\":\"https:\\\/\\\/jornalboasnoticias.com.br\\\/home\\\/\"},{\"@type\":\"ListItem\",\"position\":2,\"name\":\"Cascavel amplia rede municipal de educa\u00e7\u00e3o com novo CMEI\"}]},{\"@type\":\"WebSite\",\"@id\":\"https:\\\/\\\/jornalboasnoticias.com.br\\\/home\\\/#website\",\"url\":\"https:\\\/\\\/jornalboasnoticias.com.br\\\/home\\\/\",\"name\":\"Jornal Boas Not\u00edcias\",\"description\":\"Boas not\u00edcias\",\"publisher\":{\"@id\":\"https:\\\/\\\/jornalboasnoticias.com.br\\\/home\\\/#organization\"},\"potentialAction\":[{\"@type\":\"SearchAction\",\"target\":{\"@type\":\"EntryPoint\",\"urlTemplate\":\"https:\\\/\\\/jornalboasnoticias.com.br\\\/home\\\/?s={search_term_string}\"},\"query-input\":{\"@type\":\"PropertyValueSpecification\",\"valueRequired\":true,\"valueName\":\"search_term_string\"}}],\"inLanguage\":\"pt-BR\"},{\"@type\":\"Organization\",\"@id\":\"https:\\\/\\\/jornalboasnoticias.com.br\\\/home\\\/#organization\",\"name\":\"Coq Editora Ltda\",\"alternateName\":\"Jornal Boas Noticias\",\"url\":\"https:\\\/\\\/jornalboasnoticias.com.br\\\/home\\\/\",\"logo\":{\"@type\":\"ImageObject\",\"inLanguage\":\"pt-BR\",\"@id\":\"https:\\\/\\\/jornalboasnoticias.com.br\\\/home\\\/#\\\/schema\\\/logo\\\/image\\\/\",\"url\":\"https:\\\/\\\/jornalboasnoticias.com.br\\\/home\\\/wp-content\\\/uploads\\\/2024\\\/07\\\/cropped-logo.jpg\",\"contentUrl\":\"https:\\\/\\\/jornalboasnoticias.com.br\\\/home\\\/wp-content\\\/uploads\\\/2024\\\/07\\\/cropped-logo.jpg\",\"width\":290,\"height\":142,\"caption\":\"Coq Editora Ltda\"},\"image\":{\"@id\":\"https:\\\/\\\/jornalboasnoticias.com.br\\\/home\\\/#\\\/schema\\\/logo\\\/image\\\/\"},\"sameAs\":[\"https:\\\/\\\/www.facebook.com\\\/boasnoticiasjornal\"]},{\"@type\":\"Person\",\"@id\":\"https:\\\/\\\/jornalboasnoticias.com.br\\\/home\\\/#\\\/schema\\\/person\\\/d641193e0afc6405b390164dac847971\",\"name\":\"Ana Luiza Bonatto\",\"image\":{\"@type\":\"ImageObject\",\"inLanguage\":\"pt-BR\",\"@id\":\"https:\\\/\\\/secure.gravatar.com\\\/avatar\\\/8a055ebe6373371f67ac6fcf313c0ac0b0a91157fdcdb9514fa62927373348f0?s=96&d=mm&r=g\",\"url\":\"https:\\\/\\\/secure.gravatar.com\\\/avatar\\\/8a055ebe6373371f67ac6fcf313c0ac0b0a91157fdcdb9514fa62927373348f0?s=96&d=mm&r=g\",\"contentUrl\":\"https:\\\/\\\/secure.gravatar.com\\\/avatar\\\/8a055ebe6373371f67ac6fcf313c0ac0b0a91157fdcdb9514fa62927373348f0?s=96&d=mm&r=g\",\"caption\":\"Ana Luiza Bonatto\"},\"url\":\"https:\\\/\\\/jornalboasnoticias.com.br\\\/home\\\/author\\\/ana-luiza\\\/\"}]}<\/script>\n<!-- \/ Yoast SEO plugin. -->","yoast_head_json":{"title":"Cascavel amplia rede municipal de educa\u00e7\u00e3o com novo CMEI - Jornal","description":"Cascavel amplia rede municipal de educa\u00e7\u00e3o com novo CMEI","robots":{"index":"index","follow":"follow","max-snippet":"max-snippet:-1","max-image-preview":"max-image-preview:large","max-video-preview":"max-video-preview:-1"},"canonical":"https:\/\/jornalboasnoticias.com.br\/home\/cascavel-amplia-rede-municipal-de-educacao-com-novo-cmei\/","og_locale":"pt_BR","og_type":"article","og_title":"Cascavel amplia rede municipal de educa\u00e7\u00e3o com novo CMEI - Jornal","og_description":"Cascavel amplia rede municipal de educa\u00e7\u00e3o com novo CMEI","og_url":"https:\/\/jornalboasnoticias.com.br\/home\/cascavel-amplia-rede-municipal-de-educacao-com-novo-cmei\/","og_site_name":"Jornal","article_publisher":"https:\/\/www.facebook.com\/boasnoticiasjornal","article_published_time":"2024-09-24T13:08:58+00:00","og_image":[{"width":1600,"height":1066,"url":"https:\/\/jornalboasnoticias.com.br\/home\/wp-content\/uploads\/2024\/09\/WhatsApp-Image-2024-09-24-at-08.41.45.jpeg","type":"image\/jpeg"}],"author":"Ana Luiza Bonatto","twitter_card":"summary_large_image","twitter_misc":{"Escrito por":"Ana Luiza Bonatto","Est. tempo de leitura":"2 minutos"},"schema":{"@context":"https:\/\/schema.org","@graph":[{"@type":"Article","@id":"https:\/\/jornalboasnoticias.com.br\/home\/cascavel-amplia-rede-municipal-de-educacao-com-novo-cmei\/#article","isPartOf":{"@id":"https:\/\/jornalboasnoticias.com.br\/home\/cascavel-amplia-rede-municipal-de-educacao-com-novo-cmei\/"},"author":{"name":"Ana Luiza Bonatto","@id":"https:\/\/jornalboasnoticias.com.br\/home\/#\/schema\/person\/d641193e0afc6405b390164dac847971"},"headline":"Cascavel amplia rede municipal de educa\u00e7\u00e3o com novo CMEI","datePublished":"2024-09-24T13:08:58+00:00","mainEntityOfPage":{"@id":"https:\/\/jornalboasnoticias.com.br\/home\/cascavel-amplia-rede-municipal-de-educacao-com-novo-cmei\/"},"wordCount":269,"commentCount":0,"publisher":{"@id":"https:\/\/jornalboasnoticias.com.br\/home\/#organization"},"image":{"@id":"https:\/\/jornalboasnoticias.com.br\/home\/cascavel-amplia-rede-municipal-de-educacao-com-novo-cmei\/#primaryimage"},"thumbnailUrl":"https:\/\/jornalboasnoticias.com.br\/home\/wp-content\/uploads\/2024\/09\/WhatsApp-Image-2024-09-24-at-08.41.45.jpeg","articleSection":["CASCAVEL","DESTAQUE"],"inLanguage":"pt-BR","potentialAction":[{"@type":"CommentAction","name":"Comment","target":["https:\/\/jornalboasnoticias.com.br\/home\/cascavel-amplia-rede-municipal-de-educacao-com-novo-cmei\/#respond"]}]},{"@type":"WebPage","@id":"https:\/\/jornalboasnoticias.com.br\/home\/cascavel-amplia-rede-municipal-de-educacao-com-novo-cmei\/","url":"https:\/\/jornalboasnoticias.com.br\/home\/cascavel-amplia-rede-municipal-de-educacao-com-novo-cmei\/","name":"Cascavel amplia rede municipal de educa\u00e7\u00e3o com novo CMEI - Jornal","isPartOf":{"@id":"https:\/\/jornalboasnoticias.com.br\/home\/#website"},"primaryImageOfPage":{"@id":"https:\/\/jornalboasnoticias.com.br\/home\/cascavel-amplia-rede-municipal-de-educacao-com-novo-cmei\/#primaryimage"},"image":{"@id":"https:\/\/jornalboasnoticias.com.br\/home\/cascavel-amplia-rede-municipal-de-educacao-com-novo-cmei\/#primaryimage"},"thumbnailUrl":"https:\/\/jornalboasnoticias.com.br\/home\/wp-content\/uploads\/2024\/09\/WhatsApp-Image-2024-09-24-at-08.41.45.jpeg","datePublished":"2024-09-24T13:08:58+00:00","description":"Cascavel amplia rede municipal de educa\u00e7\u00e3o com novo CMEI","breadcrumb":{"@id":"https:\/\/jornalboasnoticias.com.br\/home\/cascavel-amplia-rede-municipal-de-educacao-com-novo-cmei\/#breadcrumb"},"inLanguage":"pt-BR","potentialAction":[{"@type":"ReadAction","target":["https:\/\/jornalboasnoticias.com.br\/home\/cascavel-amplia-rede-municipal-de-educacao-com-novo-cmei\/"]}]},{"@type":"ImageObject","inLanguage":"pt-BR","@id":"https:\/\/jornalboasnoticias.com.br\/home\/cascavel-amplia-rede-municipal-de-educacao-com-novo-cmei\/#primaryimage","url":"https:\/\/jornalboasnoticias.com.br\/home\/wp-content\/uploads\/2024\/09\/WhatsApp-Image-2024-09-24-at-08.41.45.jpeg","contentUrl":"https:\/\/jornalboasnoticias.com.br\/home\/wp-content\/uploads\/2024\/09\/WhatsApp-Image-2024-09-24-at-08.41.45.jpeg","width":1600,"height":1066},{"@type":"BreadcrumbList","@id":"https:\/\/jornalboasnoticias.com.br\/home\/cascavel-amplia-rede-municipal-de-educacao-com-novo-cmei\/#breadcrumb","itemListElement":[{"@type":"ListItem","position":1,"name":"In\u00edcio","item":"https:\/\/jornalboasnoticias.com.br\/home\/"},{"@type":"ListItem","position":2,"name":"Cascavel amplia rede municipal de educa\u00e7\u00e3o com novo CMEI"}]},{"@type":"WebSite","@id":"https:\/\/jornalboasnoticias.com.br\/home\/#website","url":"https:\/\/jornalboasnoticias.com.br\/home\/","name":"Jornal Boas Not\u00edcias","description":"Boas not\u00edcias","publisher":{"@id":"https:\/\/jornalboasnoticias.com.br\/home\/#organization"},"potentialAction":[{"@type":"SearchAction","target":{"@type":"EntryPoint","urlTemplate":"https:\/\/jornalboasnoticias.com.br\/home\/?s={search_term_string}"},"query-input":{"@type":"PropertyValueSpecification","valueRequired":true,"valueName":"search_term_string"}}],"inLanguage":"pt-BR"},{"@type":"Organization","@id":"https:\/\/jornalboasnoticias.com.br\/home\/#organization","name":"Coq Editora Ltda","alternateName":"Jornal Boas Noticias","url":"https:\/\/jornalboasnoticias.com.br\/home\/","logo":{"@type":"ImageObject","inLanguage":"pt-BR","@id":"https:\/\/jornalboasnoticias.com.br\/home\/#\/schema\/logo\/image\/","url":"https:\/\/jornalboasnoticias.com.br\/home\/wp-content\/uploads\/2024\/07\/cropped-logo.jpg","contentUrl":"https:\/\/jornalboasnoticias.com.br\/home\/wp-content\/uploads\/2024\/07\/cropped-logo.jpg","width":290,"height":142,"caption":"Coq Editora Ltda"},"image":{"@id":"https:\/\/jornalboasnoticias.com.br\/home\/#\/schema\/logo\/image\/"},"sameAs":["https:\/\/www.facebook.com\/boasnoticiasjornal"]},{"@type":"Person","@id":"https:\/\/jornalboasnoticias.com.br\/home\/#\/schema\/person\/d641193e0afc6405b390164dac847971","name":"Ana Luiza Bonatto","image":{"@type":"ImageObject","inLanguage":"pt-BR","@id":"https:\/\/secure.gravatar.com\/avatar\/8a055ebe6373371f67ac6fcf313c0ac0b0a91157fdcdb9514fa62927373348f0?s=96&d=mm&r=g","url":"https:\/\/secure.gravatar.com\/avatar\/8a055ebe6373371f67ac6fcf313c0ac0b0a91157fdcdb9514fa62927373348f0?s=96&d=mm&r=g","contentUrl":"https:\/\/secure.gravatar.com\/avatar\/8a055ebe6373371f67ac6fcf313c0ac0b0a91157fdcdb9514fa62927373348f0?s=96&d=mm&r=g","caption":"Ana Luiza Bonatto"},"url":"https:\/\/jornalboasnoticias.com.br\/home\/author\/ana-luiza\/"}]}},"_links":{"self":[{"href":"https:\/\/jornalboasnoticias.com.br\/home\/wp-json\/wp\/v2\/posts\/43863","targetHints":{"allow":["GET"]}}],"collection":[{"href":"https:\/\/jornalboasnoticias.com.br\/home\/wp-json\/wp\/v2\/posts"}],"about":[{"href":"https:\/\/jornalboasnoticias.com.br\/home\/wp-json\/wp\/v2\/types\/post"}],"author":[{"embeddable":true,"href":"https:\/\/jornalboasnoticias.com.br\/home\/wp-json\/wp\/v2\/users\/4"}],"replies":[{"embeddable":true,"href":"https:\/\/jornalboasnoticias.com.br\/home\/wp-json\/wp\/v2\/comments?post=43863"}],"version-history":[{"count":1,"href":"https:\/\/jornalboasnoticias.com.br\/home\/wp-json\/wp\/v2\/posts\/43863\/revisions"}],"predecessor-version":[{"id":43865,"href":"https:\/\/jornalboasnoticias.com.br\/home\/wp-json\/wp\/v2\/posts\/43863\/revisions\/43865"}],"wp:featuredmedia":[{"embeddable":true,"href":"https:\/\/jornalboasnoticias.com.br\/home\/wp-json\/wp\/v2\/media\/43864"}],"wp:attachment":[{"href":"https:\/\/jornalboasnoticias.com.br\/home\/wp-json\/wp\/v2\/media?parent=43863"}],"wp:term":[{"taxonomy":"category","embeddable":true,"href":"https:\/\/jornalboasnoticias.com.br\/home\/wp-json\/wp\/v2\/categories?post=43863"},{"taxonomy":"post_tag","embeddable":true,"href":"https:\/\/jornalboasnoticias.com.br\/home\/wp-json\/wp\/v2\/tags?post=43863"}],"curies":[{"name":"wp","href":"https:\/\/api.w.org\/{rel}","templated":true}]}}