{"id":43725,"date":"2024-09-18T12:11:23","date_gmt":"2024-09-18T12:11:23","guid":{"rendered":"https:\/\/jornalboasnoticias.com.br\/home\/?p=43725"},"modified":"2024-09-18T12:11:23","modified_gmt":"2024-09-18T12:11:23","slug":"explosao-de-pagers-no-libano-hezbollah-acusa-israel-e-promete-retaliacao","status":"publish","type":"post","link":"https:\/\/jornalboasnoticias.com.br\/home\/explosao-de-pagers-no-libano-hezbollah-acusa-israel-e-promete-retaliacao\/","title":{"rendered":"Explos\u00e3o de pagers no L\u00edbano: Hezbollah acusa Israel e promete retalia\u00e7\u00e3o"},"content":{"rendered":"<figure id=\"attachment_43726\" aria-describedby=\"caption-attachment-43726\" style=\"width: 700px\" class=\"wp-caption alignnone\"><img loading=\"lazy\" decoding=\"async\" class=\"wp-image-43726 size-full\" src=\"https:\/\/jornalboasnoticias.com.br\/home\/wp-content\/uploads\/2024\/09\/f3ea78525deb2d66bf3b82a060c3d0de.jpg\" alt=\"\" width=\"700\" height=\"467\" srcset=\"https:\/\/jornalboasnoticias.com.br\/home\/wp-content\/uploads\/2024\/09\/f3ea78525deb2d66bf3b82a060c3d0de.jpg 700w, https:\/\/jornalboasnoticias.com.br\/home\/wp-content\/uploads\/2024\/09\/f3ea78525deb2d66bf3b82a060c3d0de-300x200.jpg 300w\" sizes=\"auto, (max-width: 700px) 100vw, 700px\" \/><figcaption id=\"caption-attachment-43726\" class=\"wp-caption-text\">Marwan Naamani\/picture alliance via Getty Images<\/figcaption><\/figure>\n<p>O clima de medo e tens\u00e3o tomou conta do L\u00edbano e de todo o Oriente M\u00e9dio nesta ter\u00e7a-feira (17), ap\u00f3s um aparente ataque cibern\u00e9tico deixar pelo menos onze mortos e cerca de 4 mil pessoas feridas. A a\u00e7\u00e3o, que envolveu a explos\u00e3o simult\u00e2nea de pagers em v\u00e1rias partes do pa\u00eds e tamb\u00e9m em regi\u00f5es da S\u00edria, gerou p\u00e2nico e novas preocupa\u00e7\u00f5es em meio a um cen\u00e1rio j\u00e1 inst\u00e1vel.<\/p>\n<p>Segundo o grupo xiita Hezbollah, dispositivos eletr\u00f4nicos utilizados por seus membros explodiram por volta das 15h30 (hor\u00e1rio local). O Hezbollah acusa Israel de ser o respons\u00e1vel pela a\u00e7\u00e3o, embora o governo israelense n\u00e3o tenha reivindicado o ataque at\u00e9 o momento. Em resposta, o Hezbollah prometeu retalia\u00e7\u00e3o em &#8220;grande escala&#8221;, mas sem fornecer detalhes sobre a natureza ou o local de uma poss\u00edvel ofensiva.<\/p>\n<p>O ataque resultou em uma quantidade significativa de v\u00edtimas, com o Minist\u00e9rio da Sa\u00fade do L\u00edbano confirmando que mais de 2 mil feridos est\u00e3o recebendo tratamento. Destes, aproximadamente 200 est\u00e3o em estado cr\u00edtico devido aos graves ferimentos causados pelas explos\u00f5es. O ministro da Sa\u00fade, Firas al-Abyad, afirmou que a maioria dos feridos apresenta les\u00f5es no rosto, m\u00e3os, bra\u00e7os e abd\u00f4men.<\/p>\n<p>Entre os feridos est\u00e1 Mojtaba Amani, embaixador do Ir\u00e3 no L\u00edbano. Embora o diplomata tenha sofrido apenas ferimentos leves, sua participa\u00e7\u00e3o entre as v\u00edtimas eleva ainda mais a complexidade diplom\u00e1tica do incidente.<\/p>\n<p>As explos\u00f5es ocorreram em um momento j\u00e1 delicado para o L\u00edbano, um dia ap\u00f3s o primeiro-ministro de Israel, Benjamin Netanyahu, sugerir uma escalada nas opera\u00e7\u00f5es contra o Hezbollah na fronteira libanesa. Netanyahu defendeu uma &#8220;mudan\u00e7a fundamental&#8221; na abordagem israelense, buscando garantir a seguran\u00e7a dos moradores do norte de Israel, que foram deslocados devido ao aumento das hostilidades entre as duas partes.<\/p>\n<p>Desde o in\u00edcio do conflito na Faixa de Gaza, o Hezbollah, apoiado pelo Ir\u00e3, tem intensificado suas ofensivas contra posi\u00e7\u00f5es israelenses na fronteira. A situa\u00e7\u00e3o se agravou, com ambos os lados realizando bombardeios e ataques m\u00fatuos, levando a temores crescentes de uma nova guerra em larga escala no Oriente M\u00e9dio.<\/p>\n<p>Em uma declara\u00e7\u00e3o oficial, as For\u00e7as de Defesa de Israel (IDF) afirmaram que, at\u00e9 o momento, n\u00e3o houve mudan\u00e7as em suas diretrizes para os civis, embora tenham solicitado \u00e0 popula\u00e7\u00e3o que permane\u00e7a vigilante. &#8220;N\u00e3o h\u00e1 mudan\u00e7a nas diretrizes defensivas do Comando da Frente Interna. O p\u00fablico deve se manter alerta e qualquer atualiza\u00e7\u00e3o ser\u00e1 comunicada imediatamente&#8221;, informou o porta-voz das IDF.<\/p>\n<p>A escalada de tens\u00f5es deixa a regi\u00e3o em um estado de alerta constante, com incertezas sobre os pr\u00f3ximos passos, tanto do Hezbollah quanto de Israel. A possibilidade de uma retalia\u00e7\u00e3o do grupo xiita coloca a comunidade internacional em alerta, enquanto os civis no L\u00edbano, Israel e outras \u00e1reas do Oriente M\u00e9dio enfrentam a crescente amea\u00e7a de uma nova conflagra\u00e7\u00e3o.<\/p>\n","protected":false},"excerpt":{"rendered":"<p>O clima de medo e tens\u00e3o tomou conta do L\u00edbano e de todo o Oriente<\/p>\n","protected":false},"author":4,"featured_media":43726,"comment_status":"open","ping_status":"open","sticky":false,"template":"","format":"standard","meta":{"footnotes":""},"categories":[3,9],"tags":[],"class_list":["post-43725","post","type-post","status-publish","format-standard","has-post-thumbnail","hentry","category-destaques","category-internacional"],"yoast_head":"<!-- This site is optimized with the Yoast SEO plugin v27.5 - https:\/\/yoast.com\/product\/yoast-seo-wordpress\/ -->\n<title>Explos\u00e3o de pagers no L\u00edbano: Hezbollah acusa Israel e promete retalia\u00e7\u00e3o - Jornal<\/title>\n<meta name=\"description\" content=\"Explos\u00e3o de pagers no L\u00edbano: Hezbollah acusa Israel e promete retalia\u00e7\u00e3o\" \/>\n<meta name=\"robots\" content=\"index, follow, max-snippet:-1, max-image-preview:large, max-video-preview:-1\" \/>\n<link rel=\"canonical\" href=\"https:\/\/jornalboasnoticias.com.br\/home\/explosao-de-pagers-no-libano-hezbollah-acusa-israel-e-promete-retaliacao\/\" \/>\n<meta property=\"og:locale\" content=\"pt_BR\" \/>\n<meta property=\"og:type\" content=\"article\" \/>\n<meta property=\"og:title\" content=\"Explos\u00e3o de pagers no L\u00edbano: Hezbollah acusa Israel e promete retalia\u00e7\u00e3o - Jornal\" \/>\n<meta property=\"og:description\" content=\"Explos\u00e3o de pagers no L\u00edbano: Hezbollah acusa Israel e promete retalia\u00e7\u00e3o\" \/>\n<meta property=\"og:url\" content=\"https:\/\/jornalboasnoticias.com.br\/home\/explosao-de-pagers-no-libano-hezbollah-acusa-israel-e-promete-retaliacao\/\" \/>\n<meta property=\"og:site_name\" content=\"Jornal\" \/>\n<meta property=\"article:publisher\" content=\"https:\/\/www.facebook.com\/boasnoticiasjornal\" \/>\n<meta property=\"article:published_time\" content=\"2024-09-18T12:11:23+00:00\" \/>\n<meta property=\"og:image\" content=\"https:\/\/jornalboasnoticias.com.br\/home\/wp-content\/uploads\/2024\/09\/f3ea78525deb2d66bf3b82a060c3d0de.jpg\" \/>\n\t<meta property=\"og:image:width\" content=\"700\" \/>\n\t<meta property=\"og:image:height\" content=\"467\" \/>\n\t<meta property=\"og:image:type\" content=\"image\/jpeg\" \/>\n<meta name=\"author\" content=\"Ana Luiza Bonatto\" \/>\n<meta name=\"twitter:card\" content=\"summary_large_image\" \/>\n<meta name=\"twitter:label1\" content=\"Escrito por\" \/>\n\t<meta name=\"twitter:data1\" content=\"Ana Luiza Bonatto\" \/>\n\t<meta name=\"twitter:label2\" content=\"Est. tempo de leitura\" \/>\n\t<meta name=\"twitter:data2\" content=\"3 minutos\" \/>\n<script type=\"application\/ld+json\" class=\"yoast-schema-graph\">{\"@context\":\"https:\\\/\\\/schema.org\",\"@graph\":[{\"@type\":\"Article\",\"@id\":\"https:\\\/\\\/jornalboasnoticias.com.br\\\/home\\\/explosao-de-pagers-no-libano-hezbollah-acusa-israel-e-promete-retaliacao\\\/#article\",\"isPartOf\":{\"@id\":\"https:\\\/\\\/jornalboasnoticias.com.br\\\/home\\\/explosao-de-pagers-no-libano-hezbollah-acusa-israel-e-promete-retaliacao\\\/\"},\"author\":{\"name\":\"Ana Luiza Bonatto\",\"@id\":\"https:\\\/\\\/jornalboasnoticias.com.br\\\/home\\\/#\\\/schema\\\/person\\\/d641193e0afc6405b390164dac847971\"},\"headline\":\"Explos\u00e3o de pagers no L\u00edbano: Hezbollah acusa Israel e promete retalia\u00e7\u00e3o\",\"datePublished\":\"2024-09-18T12:11:23+00:00\",\"mainEntityOfPage\":{\"@id\":\"https:\\\/\\\/jornalboasnoticias.com.br\\\/home\\\/explosao-de-pagers-no-libano-hezbollah-acusa-israel-e-promete-retaliacao\\\/\"},\"wordCount\":548,\"commentCount\":0,\"publisher\":{\"@id\":\"https:\\\/\\\/jornalboasnoticias.com.br\\\/home\\\/#organization\"},\"image\":{\"@id\":\"https:\\\/\\\/jornalboasnoticias.com.br\\\/home\\\/explosao-de-pagers-no-libano-hezbollah-acusa-israel-e-promete-retaliacao\\\/#primaryimage\"},\"thumbnailUrl\":\"https:\\\/\\\/jornalboasnoticias.com.br\\\/home\\\/wp-content\\\/uploads\\\/2024\\\/09\\\/f3ea78525deb2d66bf3b82a060c3d0de.jpg\",\"articleSection\":[\"DESTAQUE\",\"INTERNACIONAL\"],\"inLanguage\":\"pt-BR\",\"potentialAction\":[{\"@type\":\"CommentAction\",\"name\":\"Comment\",\"target\":[\"https:\\\/\\\/jornalboasnoticias.com.br\\\/home\\\/explosao-de-pagers-no-libano-hezbollah-acusa-israel-e-promete-retaliacao\\\/#respond\"]}]},{\"@type\":\"WebPage\",\"@id\":\"https:\\\/\\\/jornalboasnoticias.com.br\\\/home\\\/explosao-de-pagers-no-libano-hezbollah-acusa-israel-e-promete-retaliacao\\\/\",\"url\":\"https:\\\/\\\/jornalboasnoticias.com.br\\\/home\\\/explosao-de-pagers-no-libano-hezbollah-acusa-israel-e-promete-retaliacao\\\/\",\"name\":\"Explos\u00e3o de pagers no L\u00edbano: Hezbollah acusa Israel e promete retalia\u00e7\u00e3o - Jornal\",\"isPartOf\":{\"@id\":\"https:\\\/\\\/jornalboasnoticias.com.br\\\/home\\\/#website\"},\"primaryImageOfPage\":{\"@id\":\"https:\\\/\\\/jornalboasnoticias.com.br\\\/home\\\/explosao-de-pagers-no-libano-hezbollah-acusa-israel-e-promete-retaliacao\\\/#primaryimage\"},\"image\":{\"@id\":\"https:\\\/\\\/jornalboasnoticias.com.br\\\/home\\\/explosao-de-pagers-no-libano-hezbollah-acusa-israel-e-promete-retaliacao\\\/#primaryimage\"},\"thumbnailUrl\":\"https:\\\/\\\/jornalboasnoticias.com.br\\\/home\\\/wp-content\\\/uploads\\\/2024\\\/09\\\/f3ea78525deb2d66bf3b82a060c3d0de.jpg\",\"datePublished\":\"2024-09-18T12:11:23+00:00\",\"description\":\"Explos\u00e3o de pagers no L\u00edbano: Hezbollah acusa Israel e promete retalia\u00e7\u00e3o\",\"breadcrumb\":{\"@id\":\"https:\\\/\\\/jornalboasnoticias.com.br\\\/home\\\/explosao-de-pagers-no-libano-hezbollah-acusa-israel-e-promete-retaliacao\\\/#breadcrumb\"},\"inLanguage\":\"pt-BR\",\"potentialAction\":[{\"@type\":\"ReadAction\",\"target\":[\"https:\\\/\\\/jornalboasnoticias.com.br\\\/home\\\/explosao-de-pagers-no-libano-hezbollah-acusa-israel-e-promete-retaliacao\\\/\"]}]},{\"@type\":\"ImageObject\",\"inLanguage\":\"pt-BR\",\"@id\":\"https:\\\/\\\/jornalboasnoticias.com.br\\\/home\\\/explosao-de-pagers-no-libano-hezbollah-acusa-israel-e-promete-retaliacao\\\/#primaryimage\",\"url\":\"https:\\\/\\\/jornalboasnoticias.com.br\\\/home\\\/wp-content\\\/uploads\\\/2024\\\/09\\\/f3ea78525deb2d66bf3b82a060c3d0de.jpg\",\"contentUrl\":\"https:\\\/\\\/jornalboasnoticias.com.br\\\/home\\\/wp-content\\\/uploads\\\/2024\\\/09\\\/f3ea78525deb2d66bf3b82a060c3d0de.jpg\",\"width\":700,\"height\":467},{\"@type\":\"BreadcrumbList\",\"@id\":\"https:\\\/\\\/jornalboasnoticias.com.br\\\/home\\\/explosao-de-pagers-no-libano-hezbollah-acusa-israel-e-promete-retaliacao\\\/#breadcrumb\",\"itemListElement\":[{\"@type\":\"ListItem\",\"position\":1,\"name\":\"In\u00edcio\",\"item\":\"https:\\\/\\\/jornalboasnoticias.com.br\\\/home\\\/\"},{\"@type\":\"ListItem\",\"position\":2,\"name\":\"Explos\u00e3o de pagers no L\u00edbano: Hezbollah acusa Israel e promete retalia\u00e7\u00e3o\"}]},{\"@type\":\"WebSite\",\"@id\":\"https:\\\/\\\/jornalboasnoticias.com.br\\\/home\\\/#website\",\"url\":\"https:\\\/\\\/jornalboasnoticias.com.br\\\/home\\\/\",\"name\":\"Jornal Boas Not\u00edcias\",\"description\":\"Boas not\u00edcias\",\"publisher\":{\"@id\":\"https:\\\/\\\/jornalboasnoticias.com.br\\\/home\\\/#organization\"},\"potentialAction\":[{\"@type\":\"SearchAction\",\"target\":{\"@type\":\"EntryPoint\",\"urlTemplate\":\"https:\\\/\\\/jornalboasnoticias.com.br\\\/home\\\/?s={search_term_string}\"},\"query-input\":{\"@type\":\"PropertyValueSpecification\",\"valueRequired\":true,\"valueName\":\"search_term_string\"}}],\"inLanguage\":\"pt-BR\"},{\"@type\":\"Organization\",\"@id\":\"https:\\\/\\\/jornalboasnoticias.com.br\\\/home\\\/#organization\",\"name\":\"Coq Editora Ltda\",\"alternateName\":\"Jornal Boas Noticias\",\"url\":\"https:\\\/\\\/jornalboasnoticias.com.br\\\/home\\\/\",\"logo\":{\"@type\":\"ImageObject\",\"inLanguage\":\"pt-BR\",\"@id\":\"https:\\\/\\\/jornalboasnoticias.com.br\\\/home\\\/#\\\/schema\\\/logo\\\/image\\\/\",\"url\":\"https:\\\/\\\/jornalboasnoticias.com.br\\\/home\\\/wp-content\\\/uploads\\\/2024\\\/07\\\/cropped-logo.jpg\",\"contentUrl\":\"https:\\\/\\\/jornalboasnoticias.com.br\\\/home\\\/wp-content\\\/uploads\\\/2024\\\/07\\\/cropped-logo.jpg\",\"width\":290,\"height\":142,\"caption\":\"Coq Editora Ltda\"},\"image\":{\"@id\":\"https:\\\/\\\/jornalboasnoticias.com.br\\\/home\\\/#\\\/schema\\\/logo\\\/image\\\/\"},\"sameAs\":[\"https:\\\/\\\/www.facebook.com\\\/boasnoticiasjornal\"]},{\"@type\":\"Person\",\"@id\":\"https:\\\/\\\/jornalboasnoticias.com.br\\\/home\\\/#\\\/schema\\\/person\\\/d641193e0afc6405b390164dac847971\",\"name\":\"Ana Luiza Bonatto\",\"image\":{\"@type\":\"ImageObject\",\"inLanguage\":\"pt-BR\",\"@id\":\"https:\\\/\\\/secure.gravatar.com\\\/avatar\\\/8a055ebe6373371f67ac6fcf313c0ac0b0a91157fdcdb9514fa62927373348f0?s=96&d=mm&r=g\",\"url\":\"https:\\\/\\\/secure.gravatar.com\\\/avatar\\\/8a055ebe6373371f67ac6fcf313c0ac0b0a91157fdcdb9514fa62927373348f0?s=96&d=mm&r=g\",\"contentUrl\":\"https:\\\/\\\/secure.gravatar.com\\\/avatar\\\/8a055ebe6373371f67ac6fcf313c0ac0b0a91157fdcdb9514fa62927373348f0?s=96&d=mm&r=g\",\"caption\":\"Ana Luiza Bonatto\"},\"url\":\"https:\\\/\\\/jornalboasnoticias.com.br\\\/home\\\/author\\\/ana-luiza\\\/\"}]}<\/script>\n<!-- \/ Yoast SEO plugin. -->","yoast_head_json":{"title":"Explos\u00e3o de pagers no L\u00edbano: Hezbollah acusa Israel e promete retalia\u00e7\u00e3o - Jornal","description":"Explos\u00e3o de pagers no L\u00edbano: Hezbollah acusa Israel e promete retalia\u00e7\u00e3o","robots":{"index":"index","follow":"follow","max-snippet":"max-snippet:-1","max-image-preview":"max-image-preview:large","max-video-preview":"max-video-preview:-1"},"canonical":"https:\/\/jornalboasnoticias.com.br\/home\/explosao-de-pagers-no-libano-hezbollah-acusa-israel-e-promete-retaliacao\/","og_locale":"pt_BR","og_type":"article","og_title":"Explos\u00e3o de pagers no L\u00edbano: Hezbollah acusa Israel e promete retalia\u00e7\u00e3o - Jornal","og_description":"Explos\u00e3o de pagers no L\u00edbano: Hezbollah acusa Israel e promete retalia\u00e7\u00e3o","og_url":"https:\/\/jornalboasnoticias.com.br\/home\/explosao-de-pagers-no-libano-hezbollah-acusa-israel-e-promete-retaliacao\/","og_site_name":"Jornal","article_publisher":"https:\/\/www.facebook.com\/boasnoticiasjornal","article_published_time":"2024-09-18T12:11:23+00:00","og_image":[{"width":700,"height":467,"url":"https:\/\/jornalboasnoticias.com.br\/home\/wp-content\/uploads\/2024\/09\/f3ea78525deb2d66bf3b82a060c3d0de.jpg","type":"image\/jpeg"}],"author":"Ana Luiza Bonatto","twitter_card":"summary_large_image","twitter_misc":{"Escrito por":"Ana Luiza Bonatto","Est. tempo de leitura":"3 minutos"},"schema":{"@context":"https:\/\/schema.org","@graph":[{"@type":"Article","@id":"https:\/\/jornalboasnoticias.com.br\/home\/explosao-de-pagers-no-libano-hezbollah-acusa-israel-e-promete-retaliacao\/#article","isPartOf":{"@id":"https:\/\/jornalboasnoticias.com.br\/home\/explosao-de-pagers-no-libano-hezbollah-acusa-israel-e-promete-retaliacao\/"},"author":{"name":"Ana Luiza Bonatto","@id":"https:\/\/jornalboasnoticias.com.br\/home\/#\/schema\/person\/d641193e0afc6405b390164dac847971"},"headline":"Explos\u00e3o de pagers no L\u00edbano: Hezbollah acusa Israel e promete retalia\u00e7\u00e3o","datePublished":"2024-09-18T12:11:23+00:00","mainEntityOfPage":{"@id":"https:\/\/jornalboasnoticias.com.br\/home\/explosao-de-pagers-no-libano-hezbollah-acusa-israel-e-promete-retaliacao\/"},"wordCount":548,"commentCount":0,"publisher":{"@id":"https:\/\/jornalboasnoticias.com.br\/home\/#organization"},"image":{"@id":"https:\/\/jornalboasnoticias.com.br\/home\/explosao-de-pagers-no-libano-hezbollah-acusa-israel-e-promete-retaliacao\/#primaryimage"},"thumbnailUrl":"https:\/\/jornalboasnoticias.com.br\/home\/wp-content\/uploads\/2024\/09\/f3ea78525deb2d66bf3b82a060c3d0de.jpg","articleSection":["DESTAQUE","INTERNACIONAL"],"inLanguage":"pt-BR","potentialAction":[{"@type":"CommentAction","name":"Comment","target":["https:\/\/jornalboasnoticias.com.br\/home\/explosao-de-pagers-no-libano-hezbollah-acusa-israel-e-promete-retaliacao\/#respond"]}]},{"@type":"WebPage","@id":"https:\/\/jornalboasnoticias.com.br\/home\/explosao-de-pagers-no-libano-hezbollah-acusa-israel-e-promete-retaliacao\/","url":"https:\/\/jornalboasnoticias.com.br\/home\/explosao-de-pagers-no-libano-hezbollah-acusa-israel-e-promete-retaliacao\/","name":"Explos\u00e3o de pagers no L\u00edbano: Hezbollah acusa Israel e promete retalia\u00e7\u00e3o - Jornal","isPartOf":{"@id":"https:\/\/jornalboasnoticias.com.br\/home\/#website"},"primaryImageOfPage":{"@id":"https:\/\/jornalboasnoticias.com.br\/home\/explosao-de-pagers-no-libano-hezbollah-acusa-israel-e-promete-retaliacao\/#primaryimage"},"image":{"@id":"https:\/\/jornalboasnoticias.com.br\/home\/explosao-de-pagers-no-libano-hezbollah-acusa-israel-e-promete-retaliacao\/#primaryimage"},"thumbnailUrl":"https:\/\/jornalboasnoticias.com.br\/home\/wp-content\/uploads\/2024\/09\/f3ea78525deb2d66bf3b82a060c3d0de.jpg","datePublished":"2024-09-18T12:11:23+00:00","description":"Explos\u00e3o de pagers no L\u00edbano: Hezbollah acusa Israel e promete retalia\u00e7\u00e3o","breadcrumb":{"@id":"https:\/\/jornalboasnoticias.com.br\/home\/explosao-de-pagers-no-libano-hezbollah-acusa-israel-e-promete-retaliacao\/#breadcrumb"},"inLanguage":"pt-BR","potentialAction":[{"@type":"ReadAction","target":["https:\/\/jornalboasnoticias.com.br\/home\/explosao-de-pagers-no-libano-hezbollah-acusa-israel-e-promete-retaliacao\/"]}]},{"@type":"ImageObject","inLanguage":"pt-BR","@id":"https:\/\/jornalboasnoticias.com.br\/home\/explosao-de-pagers-no-libano-hezbollah-acusa-israel-e-promete-retaliacao\/#primaryimage","url":"https:\/\/jornalboasnoticias.com.br\/home\/wp-content\/uploads\/2024\/09\/f3ea78525deb2d66bf3b82a060c3d0de.jpg","contentUrl":"https:\/\/jornalboasnoticias.com.br\/home\/wp-content\/uploads\/2024\/09\/f3ea78525deb2d66bf3b82a060c3d0de.jpg","width":700,"height":467},{"@type":"BreadcrumbList","@id":"https:\/\/jornalboasnoticias.com.br\/home\/explosao-de-pagers-no-libano-hezbollah-acusa-israel-e-promete-retaliacao\/#breadcrumb","itemListElement":[{"@type":"ListItem","position":1,"name":"In\u00edcio","item":"https:\/\/jornalboasnoticias.com.br\/home\/"},{"@type":"ListItem","position":2,"name":"Explos\u00e3o de pagers no L\u00edbano: Hezbollah acusa Israel e promete retalia\u00e7\u00e3o"}]},{"@type":"WebSite","@id":"https:\/\/jornalboasnoticias.com.br\/home\/#website","url":"https:\/\/jornalboasnoticias.com.br\/home\/","name":"Jornal Boas Not\u00edcias","description":"Boas not\u00edcias","publisher":{"@id":"https:\/\/jornalboasnoticias.com.br\/home\/#organization"},"potentialAction":[{"@type":"SearchAction","target":{"@type":"EntryPoint","urlTemplate":"https:\/\/jornalboasnoticias.com.br\/home\/?s={search_term_string}"},"query-input":{"@type":"PropertyValueSpecification","valueRequired":true,"valueName":"search_term_string"}}],"inLanguage":"pt-BR"},{"@type":"Organization","@id":"https:\/\/jornalboasnoticias.com.br\/home\/#organization","name":"Coq Editora Ltda","alternateName":"Jornal Boas Noticias","url":"https:\/\/jornalboasnoticias.com.br\/home\/","logo":{"@type":"ImageObject","inLanguage":"pt-BR","@id":"https:\/\/jornalboasnoticias.com.br\/home\/#\/schema\/logo\/image\/","url":"https:\/\/jornalboasnoticias.com.br\/home\/wp-content\/uploads\/2024\/07\/cropped-logo.jpg","contentUrl":"https:\/\/jornalboasnoticias.com.br\/home\/wp-content\/uploads\/2024\/07\/cropped-logo.jpg","width":290,"height":142,"caption":"Coq Editora Ltda"},"image":{"@id":"https:\/\/jornalboasnoticias.com.br\/home\/#\/schema\/logo\/image\/"},"sameAs":["https:\/\/www.facebook.com\/boasnoticiasjornal"]},{"@type":"Person","@id":"https:\/\/jornalboasnoticias.com.br\/home\/#\/schema\/person\/d641193e0afc6405b390164dac847971","name":"Ana Luiza Bonatto","image":{"@type":"ImageObject","inLanguage":"pt-BR","@id":"https:\/\/secure.gravatar.com\/avatar\/8a055ebe6373371f67ac6fcf313c0ac0b0a91157fdcdb9514fa62927373348f0?s=96&d=mm&r=g","url":"https:\/\/secure.gravatar.com\/avatar\/8a055ebe6373371f67ac6fcf313c0ac0b0a91157fdcdb9514fa62927373348f0?s=96&d=mm&r=g","contentUrl":"https:\/\/secure.gravatar.com\/avatar\/8a055ebe6373371f67ac6fcf313c0ac0b0a91157fdcdb9514fa62927373348f0?s=96&d=mm&r=g","caption":"Ana Luiza Bonatto"},"url":"https:\/\/jornalboasnoticias.com.br\/home\/author\/ana-luiza\/"}]}},"_links":{"self":[{"href":"https:\/\/jornalboasnoticias.com.br\/home\/wp-json\/wp\/v2\/posts\/43725","targetHints":{"allow":["GET"]}}],"collection":[{"href":"https:\/\/jornalboasnoticias.com.br\/home\/wp-json\/wp\/v2\/posts"}],"about":[{"href":"https:\/\/jornalboasnoticias.com.br\/home\/wp-json\/wp\/v2\/types\/post"}],"author":[{"embeddable":true,"href":"https:\/\/jornalboasnoticias.com.br\/home\/wp-json\/wp\/v2\/users\/4"}],"replies":[{"embeddable":true,"href":"https:\/\/jornalboasnoticias.com.br\/home\/wp-json\/wp\/v2\/comments?post=43725"}],"version-history":[{"count":1,"href":"https:\/\/jornalboasnoticias.com.br\/home\/wp-json\/wp\/v2\/posts\/43725\/revisions"}],"predecessor-version":[{"id":43727,"href":"https:\/\/jornalboasnoticias.com.br\/home\/wp-json\/wp\/v2\/posts\/43725\/revisions\/43727"}],"wp:featuredmedia":[{"embeddable":true,"href":"https:\/\/jornalboasnoticias.com.br\/home\/wp-json\/wp\/v2\/media\/43726"}],"wp:attachment":[{"href":"https:\/\/jornalboasnoticias.com.br\/home\/wp-json\/wp\/v2\/media?parent=43725"}],"wp:term":[{"taxonomy":"category","embeddable":true,"href":"https:\/\/jornalboasnoticias.com.br\/home\/wp-json\/wp\/v2\/categories?post=43725"},{"taxonomy":"post_tag","embeddable":true,"href":"https:\/\/jornalboasnoticias.com.br\/home\/wp-json\/wp\/v2\/tags?post=43725"}],"curies":[{"name":"wp","href":"https:\/\/api.w.org\/{rel}","templated":true}]}}