{"id":43666,"date":"2024-09-06T12:58:37","date_gmt":"2024-09-06T12:58:37","guid":{"rendered":"https:\/\/jornalboasnoticias.com.br\/home\/?p=43666"},"modified":"2024-09-06T12:58:37","modified_gmt":"2024-09-06T12:58:37","slug":"agencia-dos-eua-critica-suspensao-do-x-e-pede-reuniao-com-anatel","status":"publish","type":"post","link":"https:\/\/jornalboasnoticias.com.br\/home\/agencia-dos-eua-critica-suspensao-do-x-e-pede-reuniao-com-anatel\/","title":{"rendered":"Ag\u00eancia dos EUA critica suspens\u00e3o do X e pede reuni\u00e3o com Anatel"},"content":{"rendered":"<figure id=\"attachment_43667\" aria-describedby=\"caption-attachment-43667\" style=\"width: 700px\" class=\"wp-caption alignnone\"><img loading=\"lazy\" decoding=\"async\" class=\"wp-image-43667 size-full\" src=\"https:\/\/jornalboasnoticias.com.br\/home\/wp-content\/uploads\/2024\/09\/360bb67aa0ef3ac3d830f815968136ec.jpg\" alt=\"\" width=\"700\" height=\"467\" srcset=\"https:\/\/jornalboasnoticias.com.br\/home\/wp-content\/uploads\/2024\/09\/360bb67aa0ef3ac3d830f815968136ec.jpg 700w, https:\/\/jornalboasnoticias.com.br\/home\/wp-content\/uploads\/2024\/09\/360bb67aa0ef3ac3d830f815968136ec-300x200.jpg 300w\" sizes=\"auto, (max-width: 700px) 100vw, 700px\" \/><figcaption id=\"caption-attachment-43667\" class=\"wp-caption-text\">Foto: Raimundo Sampaio<\/figcaption><\/figure>\n<p>Em uma carta endere\u00e7ada ao presidente da Ag\u00eancia Nacional de Telecomunica\u00e7\u00f5es (Anatel), Carlos Manuel Baigorri, o comiss\u00e1rio da Comiss\u00e3o Federal de Comunica\u00e7\u00f5es (FCC) dos Estados Unidos, Brendan Carr, fez duras cr\u00edticas \u00e0 decis\u00e3o do ministro Alexandre de Moraes, do Supremo Tribunal Federal (STF), que resultou na suspens\u00e3o da rede social X no Brasil. A rede social, anteriormente conhecida como Twitter, foi bloqueada no pa\u00eds no dia 31 de agosto, como parte de uma a\u00e7\u00e3o judicial.<\/p>\n<p>No documento enviado nesta quinta-feira (5\/9), Carr expressou preocupa\u00e7\u00e3o com o que considera \u201ca\u00e7\u00f5es pol\u00edticas aparentemente ilegais e partid\u00e1rias\u201d por parte da Anatel, citando tanto a suspens\u00e3o da rede social quanto o bloqueio de contas da Starlink, uma empresa americana de internet via sat\u00e9lite. Ele acusou as medidas de abalarem a confian\u00e7a de investidores americanos no Brasil e questionou a viabilidade de continuar operando em um mercado que, segundo ele, est\u00e1 perdendo estabilidade e previsibilidade.<\/p>\n<p>Carr tamb\u00e9m criticou diretamente a atua\u00e7\u00e3o do ministro Alexandre de Moraes, afirmando que o magistrado n\u00e3o respeitou os princ\u00edpios de \u201ctranspar\u00eancia, aviso justo e devido processo legal\u201d ao ordenar a suspens\u00e3o do X e o congelamento de ativos da Starlink. Ele mencionou ainda que o ministro teria emitido ordens secretas para plataformas de m\u00eddia social com o objetivo de censurar postagens de parlamentares brasileiros, o que, de acordo com o comiss\u00e1rio, fere a liberdade de express\u00e3o.<\/p>\n<p>O comiss\u00e1rio destacou a rela\u00e7\u00e3o de longo prazo entre a FCC e a Anatel, constru\u00edda com base na reciprocidade e no respeito ao Estado de Direito, e sugeriu que as recentes a\u00e7\u00f5es da ag\u00eancia brasileira violam esses princ\u00edpios. Al\u00e9m disso, ele solicitou uma reuni\u00e3o com Baigorri para discutir a situa\u00e7\u00e3o e tentar resolver as quest\u00f5es que, na vis\u00e3o de Carr, n\u00e3o s\u00e3o compat\u00edveis com o ordenamento jur\u00eddico brasileiro ou com as normas de liberdade de express\u00e3o internacionais.<\/p>\n<p><strong>Impactos Econ\u00f4micos e Pol\u00edticos<\/strong><\/p>\n<p>Carr alertou para as repercuss\u00f5es econ\u00f4micas das decis\u00f5es do governo brasileiro, afirmando que empresas americanas come\u00e7am a considerar o Brasil um mercado arriscado para investimentos. Ele citou o apoio p\u00fablico do governo de Luiz In\u00e1cio Lula da Silva \u00e0s a\u00e7\u00f5es punitivas como um fator que agrava a percep\u00e7\u00e3o negativa sobre o ambiente regulat\u00f3rio brasileiro.<\/p>\n<p>Segundo o comiss\u00e1rio, a suspens\u00e3o da rede social X e o bloqueio das opera\u00e7\u00f5es da Starlink no Brasil s\u00e3o medidas desproporcionais que podem afetar n\u00e3o apenas as empresas envolvidas, mas tamb\u00e9m a confian\u00e7a de outros investidores estrangeiros que atuam no pa\u00eds. A Starlink, que pertence ao bilion\u00e1rio Elon Musk, \u00e9 uma das principais fornecedoras de internet via sat\u00e9lite no Brasil, com opera\u00e7\u00f5es voltadas especialmente para \u00e1reas remotas.<\/p>\n<p><strong>Conclus\u00e3o da Carta<\/strong><\/p>\n<p>Brendan Carr encerrou a carta pedindo uma reuni\u00e3o com o presidente da Anatel, sugerindo at\u00e9 a possibilidade de viajar ao Brasil para discutir o que chamou de \u201ca\u00e7\u00f5es aparentemente ilegais\u201d contra o X e a Starlink. O comiss\u00e1rio reiterou sua preocupa\u00e7\u00e3o com a liberdade de express\u00e3o e alertou para as implica\u00e7\u00f5es de longo prazo que essas decis\u00f5es podem ter nas rela\u00e7\u00f5es entre Brasil e Estados Unidos.<\/p>\n<p>O comiss\u00e1rio da FCC deixou claro que a inten\u00e7\u00e3o n\u00e3o \u00e9 interferir nas leis soberanas do Brasil, mas questionou a constitucionalidade das decis\u00f5es recentes sob a \u00f3tica de autoridades legais brasileiras, que apontam viola\u00e7\u00f5es aos princ\u00edpios de liberdade de express\u00e3o garantidos pela Constitui\u00e7\u00e3o do pa\u00eds.<\/p>\n<p>A situa\u00e7\u00e3o entre a FCC e a Anatel promete continuar gerando debates sobre os limites da regula\u00e7\u00e3o de plataformas digitais e o impacto de decis\u00f5es judiciais no ambiente econ\u00f4mico e de investimentos no Brasil.<\/p>\n","protected":false},"excerpt":{"rendered":"<p>Em uma carta endere\u00e7ada ao presidente da Ag\u00eancia Nacional de Telecomunica\u00e7\u00f5es (Anatel), Carlos Manuel Baigorri,<\/p>\n","protected":false},"author":4,"featured_media":43667,"comment_status":"open","ping_status":"open","sticky":false,"template":"","format":"standard","meta":{"footnotes":""},"categories":[3,9],"tags":[],"class_list":["post-43666","post","type-post","status-publish","format-standard","has-post-thumbnail","hentry","category-destaques","category-internacional"],"yoast_head":"<!-- This site is optimized with the Yoast SEO plugin v27.5 - https:\/\/yoast.com\/product\/yoast-seo-wordpress\/ -->\n<title>Ag\u00eancia dos EUA critica suspens\u00e3o do X e pede reuni\u00e3o com Anatel - Jornal<\/title>\n<meta name=\"description\" content=\"Ag\u00eancia dos EUA critica suspens\u00e3o do X e pede reuni\u00e3o com Anatel\" \/>\n<meta name=\"robots\" content=\"index, follow, max-snippet:-1, max-image-preview:large, max-video-preview:-1\" \/>\n<link rel=\"canonical\" href=\"https:\/\/jornalboasnoticias.com.br\/home\/agencia-dos-eua-critica-suspensao-do-x-e-pede-reuniao-com-anatel\/\" \/>\n<meta property=\"og:locale\" content=\"pt_BR\" \/>\n<meta property=\"og:type\" content=\"article\" \/>\n<meta property=\"og:title\" content=\"Ag\u00eancia dos EUA critica suspens\u00e3o do X e pede reuni\u00e3o com Anatel - Jornal\" \/>\n<meta property=\"og:description\" content=\"Ag\u00eancia dos EUA critica suspens\u00e3o do X e pede reuni\u00e3o com Anatel\" \/>\n<meta property=\"og:url\" content=\"https:\/\/jornalboasnoticias.com.br\/home\/agencia-dos-eua-critica-suspensao-do-x-e-pede-reuniao-com-anatel\/\" \/>\n<meta property=\"og:site_name\" content=\"Jornal\" \/>\n<meta property=\"article:publisher\" content=\"https:\/\/www.facebook.com\/boasnoticiasjornal\" \/>\n<meta property=\"article:published_time\" content=\"2024-09-06T12:58:37+00:00\" \/>\n<meta property=\"og:image\" content=\"https:\/\/jornalboasnoticias.com.br\/home\/wp-content\/uploads\/2024\/09\/360bb67aa0ef3ac3d830f815968136ec.jpg\" \/>\n\t<meta property=\"og:image:width\" content=\"700\" \/>\n\t<meta property=\"og:image:height\" content=\"467\" \/>\n\t<meta property=\"og:image:type\" content=\"image\/jpeg\" \/>\n<meta name=\"author\" content=\"Ana Luiza Bonatto\" \/>\n<meta name=\"twitter:card\" content=\"summary_large_image\" \/>\n<meta name=\"twitter:label1\" content=\"Escrito por\" \/>\n\t<meta name=\"twitter:data1\" content=\"Ana Luiza Bonatto\" \/>\n\t<meta name=\"twitter:label2\" content=\"Est. tempo de leitura\" \/>\n\t<meta name=\"twitter:data2\" content=\"4 minutos\" \/>\n<script type=\"application\/ld+json\" class=\"yoast-schema-graph\">{\"@context\":\"https:\\\/\\\/schema.org\",\"@graph\":[{\"@type\":\"Article\",\"@id\":\"https:\\\/\\\/jornalboasnoticias.com.br\\\/home\\\/agencia-dos-eua-critica-suspensao-do-x-e-pede-reuniao-com-anatel\\\/#article\",\"isPartOf\":{\"@id\":\"https:\\\/\\\/jornalboasnoticias.com.br\\\/home\\\/agencia-dos-eua-critica-suspensao-do-x-e-pede-reuniao-com-anatel\\\/\"},\"author\":{\"name\":\"Ana Luiza Bonatto\",\"@id\":\"https:\\\/\\\/jornalboasnoticias.com.br\\\/home\\\/#\\\/schema\\\/person\\\/d641193e0afc6405b390164dac847971\"},\"headline\":\"Ag\u00eancia dos EUA critica suspens\u00e3o do X e pede reuni\u00e3o com Anatel\",\"datePublished\":\"2024-09-06T12:58:37+00:00\",\"mainEntityOfPage\":{\"@id\":\"https:\\\/\\\/jornalboasnoticias.com.br\\\/home\\\/agencia-dos-eua-critica-suspensao-do-x-e-pede-reuniao-com-anatel\\\/\"},\"wordCount\":683,\"commentCount\":0,\"publisher\":{\"@id\":\"https:\\\/\\\/jornalboasnoticias.com.br\\\/home\\\/#organization\"},\"image\":{\"@id\":\"https:\\\/\\\/jornalboasnoticias.com.br\\\/home\\\/agencia-dos-eua-critica-suspensao-do-x-e-pede-reuniao-com-anatel\\\/#primaryimage\"},\"thumbnailUrl\":\"https:\\\/\\\/jornalboasnoticias.com.br\\\/home\\\/wp-content\\\/uploads\\\/2024\\\/09\\\/360bb67aa0ef3ac3d830f815968136ec.jpg\",\"articleSection\":[\"DESTAQUE\",\"INTERNACIONAL\"],\"inLanguage\":\"pt-BR\",\"potentialAction\":[{\"@type\":\"CommentAction\",\"name\":\"Comment\",\"target\":[\"https:\\\/\\\/jornalboasnoticias.com.br\\\/home\\\/agencia-dos-eua-critica-suspensao-do-x-e-pede-reuniao-com-anatel\\\/#respond\"]}]},{\"@type\":\"WebPage\",\"@id\":\"https:\\\/\\\/jornalboasnoticias.com.br\\\/home\\\/agencia-dos-eua-critica-suspensao-do-x-e-pede-reuniao-com-anatel\\\/\",\"url\":\"https:\\\/\\\/jornalboasnoticias.com.br\\\/home\\\/agencia-dos-eua-critica-suspensao-do-x-e-pede-reuniao-com-anatel\\\/\",\"name\":\"Ag\u00eancia dos EUA critica suspens\u00e3o do X e pede reuni\u00e3o com Anatel - Jornal\",\"isPartOf\":{\"@id\":\"https:\\\/\\\/jornalboasnoticias.com.br\\\/home\\\/#website\"},\"primaryImageOfPage\":{\"@id\":\"https:\\\/\\\/jornalboasnoticias.com.br\\\/home\\\/agencia-dos-eua-critica-suspensao-do-x-e-pede-reuniao-com-anatel\\\/#primaryimage\"},\"image\":{\"@id\":\"https:\\\/\\\/jornalboasnoticias.com.br\\\/home\\\/agencia-dos-eua-critica-suspensao-do-x-e-pede-reuniao-com-anatel\\\/#primaryimage\"},\"thumbnailUrl\":\"https:\\\/\\\/jornalboasnoticias.com.br\\\/home\\\/wp-content\\\/uploads\\\/2024\\\/09\\\/360bb67aa0ef3ac3d830f815968136ec.jpg\",\"datePublished\":\"2024-09-06T12:58:37+00:00\",\"description\":\"Ag\u00eancia dos EUA critica suspens\u00e3o do X e pede reuni\u00e3o com Anatel\",\"breadcrumb\":{\"@id\":\"https:\\\/\\\/jornalboasnoticias.com.br\\\/home\\\/agencia-dos-eua-critica-suspensao-do-x-e-pede-reuniao-com-anatel\\\/#breadcrumb\"},\"inLanguage\":\"pt-BR\",\"potentialAction\":[{\"@type\":\"ReadAction\",\"target\":[\"https:\\\/\\\/jornalboasnoticias.com.br\\\/home\\\/agencia-dos-eua-critica-suspensao-do-x-e-pede-reuniao-com-anatel\\\/\"]}]},{\"@type\":\"ImageObject\",\"inLanguage\":\"pt-BR\",\"@id\":\"https:\\\/\\\/jornalboasnoticias.com.br\\\/home\\\/agencia-dos-eua-critica-suspensao-do-x-e-pede-reuniao-com-anatel\\\/#primaryimage\",\"url\":\"https:\\\/\\\/jornalboasnoticias.com.br\\\/home\\\/wp-content\\\/uploads\\\/2024\\\/09\\\/360bb67aa0ef3ac3d830f815968136ec.jpg\",\"contentUrl\":\"https:\\\/\\\/jornalboasnoticias.com.br\\\/home\\\/wp-content\\\/uploads\\\/2024\\\/09\\\/360bb67aa0ef3ac3d830f815968136ec.jpg\",\"width\":700,\"height\":467},{\"@type\":\"BreadcrumbList\",\"@id\":\"https:\\\/\\\/jornalboasnoticias.com.br\\\/home\\\/agencia-dos-eua-critica-suspensao-do-x-e-pede-reuniao-com-anatel\\\/#breadcrumb\",\"itemListElement\":[{\"@type\":\"ListItem\",\"position\":1,\"name\":\"In\u00edcio\",\"item\":\"https:\\\/\\\/jornalboasnoticias.com.br\\\/home\\\/\"},{\"@type\":\"ListItem\",\"position\":2,\"name\":\"Ag\u00eancia dos EUA critica suspens\u00e3o do X e pede reuni\u00e3o com Anatel\"}]},{\"@type\":\"WebSite\",\"@id\":\"https:\\\/\\\/jornalboasnoticias.com.br\\\/home\\\/#website\",\"url\":\"https:\\\/\\\/jornalboasnoticias.com.br\\\/home\\\/\",\"name\":\"Jornal Boas Not\u00edcias\",\"description\":\"Boas not\u00edcias\",\"publisher\":{\"@id\":\"https:\\\/\\\/jornalboasnoticias.com.br\\\/home\\\/#organization\"},\"potentialAction\":[{\"@type\":\"SearchAction\",\"target\":{\"@type\":\"EntryPoint\",\"urlTemplate\":\"https:\\\/\\\/jornalboasnoticias.com.br\\\/home\\\/?s={search_term_string}\"},\"query-input\":{\"@type\":\"PropertyValueSpecification\",\"valueRequired\":true,\"valueName\":\"search_term_string\"}}],\"inLanguage\":\"pt-BR\"},{\"@type\":\"Organization\",\"@id\":\"https:\\\/\\\/jornalboasnoticias.com.br\\\/home\\\/#organization\",\"name\":\"Coq Editora Ltda\",\"alternateName\":\"Jornal Boas Noticias\",\"url\":\"https:\\\/\\\/jornalboasnoticias.com.br\\\/home\\\/\",\"logo\":{\"@type\":\"ImageObject\",\"inLanguage\":\"pt-BR\",\"@id\":\"https:\\\/\\\/jornalboasnoticias.com.br\\\/home\\\/#\\\/schema\\\/logo\\\/image\\\/\",\"url\":\"https:\\\/\\\/jornalboasnoticias.com.br\\\/home\\\/wp-content\\\/uploads\\\/2024\\\/07\\\/cropped-logo.jpg\",\"contentUrl\":\"https:\\\/\\\/jornalboasnoticias.com.br\\\/home\\\/wp-content\\\/uploads\\\/2024\\\/07\\\/cropped-logo.jpg\",\"width\":290,\"height\":142,\"caption\":\"Coq Editora Ltda\"},\"image\":{\"@id\":\"https:\\\/\\\/jornalboasnoticias.com.br\\\/home\\\/#\\\/schema\\\/logo\\\/image\\\/\"},\"sameAs\":[\"https:\\\/\\\/www.facebook.com\\\/boasnoticiasjornal\"]},{\"@type\":\"Person\",\"@id\":\"https:\\\/\\\/jornalboasnoticias.com.br\\\/home\\\/#\\\/schema\\\/person\\\/d641193e0afc6405b390164dac847971\",\"name\":\"Ana Luiza Bonatto\",\"image\":{\"@type\":\"ImageObject\",\"inLanguage\":\"pt-BR\",\"@id\":\"https:\\\/\\\/secure.gravatar.com\\\/avatar\\\/8a055ebe6373371f67ac6fcf313c0ac0b0a91157fdcdb9514fa62927373348f0?s=96&d=mm&r=g\",\"url\":\"https:\\\/\\\/secure.gravatar.com\\\/avatar\\\/8a055ebe6373371f67ac6fcf313c0ac0b0a91157fdcdb9514fa62927373348f0?s=96&d=mm&r=g\",\"contentUrl\":\"https:\\\/\\\/secure.gravatar.com\\\/avatar\\\/8a055ebe6373371f67ac6fcf313c0ac0b0a91157fdcdb9514fa62927373348f0?s=96&d=mm&r=g\",\"caption\":\"Ana Luiza Bonatto\"},\"url\":\"https:\\\/\\\/jornalboasnoticias.com.br\\\/home\\\/author\\\/ana-luiza\\\/\"}]}<\/script>\n<!-- \/ Yoast SEO plugin. -->","yoast_head_json":{"title":"Ag\u00eancia dos EUA critica suspens\u00e3o do X e pede reuni\u00e3o com Anatel - Jornal","description":"Ag\u00eancia dos EUA critica suspens\u00e3o do X e pede reuni\u00e3o com Anatel","robots":{"index":"index","follow":"follow","max-snippet":"max-snippet:-1","max-image-preview":"max-image-preview:large","max-video-preview":"max-video-preview:-1"},"canonical":"https:\/\/jornalboasnoticias.com.br\/home\/agencia-dos-eua-critica-suspensao-do-x-e-pede-reuniao-com-anatel\/","og_locale":"pt_BR","og_type":"article","og_title":"Ag\u00eancia dos EUA critica suspens\u00e3o do X e pede reuni\u00e3o com Anatel - Jornal","og_description":"Ag\u00eancia dos EUA critica suspens\u00e3o do X e pede reuni\u00e3o com Anatel","og_url":"https:\/\/jornalboasnoticias.com.br\/home\/agencia-dos-eua-critica-suspensao-do-x-e-pede-reuniao-com-anatel\/","og_site_name":"Jornal","article_publisher":"https:\/\/www.facebook.com\/boasnoticiasjornal","article_published_time":"2024-09-06T12:58:37+00:00","og_image":[{"width":700,"height":467,"url":"https:\/\/jornalboasnoticias.com.br\/home\/wp-content\/uploads\/2024\/09\/360bb67aa0ef3ac3d830f815968136ec.jpg","type":"image\/jpeg"}],"author":"Ana Luiza Bonatto","twitter_card":"summary_large_image","twitter_misc":{"Escrito por":"Ana Luiza Bonatto","Est. tempo de leitura":"4 minutos"},"schema":{"@context":"https:\/\/schema.org","@graph":[{"@type":"Article","@id":"https:\/\/jornalboasnoticias.com.br\/home\/agencia-dos-eua-critica-suspensao-do-x-e-pede-reuniao-com-anatel\/#article","isPartOf":{"@id":"https:\/\/jornalboasnoticias.com.br\/home\/agencia-dos-eua-critica-suspensao-do-x-e-pede-reuniao-com-anatel\/"},"author":{"name":"Ana Luiza Bonatto","@id":"https:\/\/jornalboasnoticias.com.br\/home\/#\/schema\/person\/d641193e0afc6405b390164dac847971"},"headline":"Ag\u00eancia dos EUA critica suspens\u00e3o do X e pede reuni\u00e3o com Anatel","datePublished":"2024-09-06T12:58:37+00:00","mainEntityOfPage":{"@id":"https:\/\/jornalboasnoticias.com.br\/home\/agencia-dos-eua-critica-suspensao-do-x-e-pede-reuniao-com-anatel\/"},"wordCount":683,"commentCount":0,"publisher":{"@id":"https:\/\/jornalboasnoticias.com.br\/home\/#organization"},"image":{"@id":"https:\/\/jornalboasnoticias.com.br\/home\/agencia-dos-eua-critica-suspensao-do-x-e-pede-reuniao-com-anatel\/#primaryimage"},"thumbnailUrl":"https:\/\/jornalboasnoticias.com.br\/home\/wp-content\/uploads\/2024\/09\/360bb67aa0ef3ac3d830f815968136ec.jpg","articleSection":["DESTAQUE","INTERNACIONAL"],"inLanguage":"pt-BR","potentialAction":[{"@type":"CommentAction","name":"Comment","target":["https:\/\/jornalboasnoticias.com.br\/home\/agencia-dos-eua-critica-suspensao-do-x-e-pede-reuniao-com-anatel\/#respond"]}]},{"@type":"WebPage","@id":"https:\/\/jornalboasnoticias.com.br\/home\/agencia-dos-eua-critica-suspensao-do-x-e-pede-reuniao-com-anatel\/","url":"https:\/\/jornalboasnoticias.com.br\/home\/agencia-dos-eua-critica-suspensao-do-x-e-pede-reuniao-com-anatel\/","name":"Ag\u00eancia dos EUA critica suspens\u00e3o do X e pede reuni\u00e3o com Anatel - Jornal","isPartOf":{"@id":"https:\/\/jornalboasnoticias.com.br\/home\/#website"},"primaryImageOfPage":{"@id":"https:\/\/jornalboasnoticias.com.br\/home\/agencia-dos-eua-critica-suspensao-do-x-e-pede-reuniao-com-anatel\/#primaryimage"},"image":{"@id":"https:\/\/jornalboasnoticias.com.br\/home\/agencia-dos-eua-critica-suspensao-do-x-e-pede-reuniao-com-anatel\/#primaryimage"},"thumbnailUrl":"https:\/\/jornalboasnoticias.com.br\/home\/wp-content\/uploads\/2024\/09\/360bb67aa0ef3ac3d830f815968136ec.jpg","datePublished":"2024-09-06T12:58:37+00:00","description":"Ag\u00eancia dos EUA critica suspens\u00e3o do X e pede reuni\u00e3o com Anatel","breadcrumb":{"@id":"https:\/\/jornalboasnoticias.com.br\/home\/agencia-dos-eua-critica-suspensao-do-x-e-pede-reuniao-com-anatel\/#breadcrumb"},"inLanguage":"pt-BR","potentialAction":[{"@type":"ReadAction","target":["https:\/\/jornalboasnoticias.com.br\/home\/agencia-dos-eua-critica-suspensao-do-x-e-pede-reuniao-com-anatel\/"]}]},{"@type":"ImageObject","inLanguage":"pt-BR","@id":"https:\/\/jornalboasnoticias.com.br\/home\/agencia-dos-eua-critica-suspensao-do-x-e-pede-reuniao-com-anatel\/#primaryimage","url":"https:\/\/jornalboasnoticias.com.br\/home\/wp-content\/uploads\/2024\/09\/360bb67aa0ef3ac3d830f815968136ec.jpg","contentUrl":"https:\/\/jornalboasnoticias.com.br\/home\/wp-content\/uploads\/2024\/09\/360bb67aa0ef3ac3d830f815968136ec.jpg","width":700,"height":467},{"@type":"BreadcrumbList","@id":"https:\/\/jornalboasnoticias.com.br\/home\/agencia-dos-eua-critica-suspensao-do-x-e-pede-reuniao-com-anatel\/#breadcrumb","itemListElement":[{"@type":"ListItem","position":1,"name":"In\u00edcio","item":"https:\/\/jornalboasnoticias.com.br\/home\/"},{"@type":"ListItem","position":2,"name":"Ag\u00eancia dos EUA critica suspens\u00e3o do X e pede reuni\u00e3o com Anatel"}]},{"@type":"WebSite","@id":"https:\/\/jornalboasnoticias.com.br\/home\/#website","url":"https:\/\/jornalboasnoticias.com.br\/home\/","name":"Jornal Boas Not\u00edcias","description":"Boas not\u00edcias","publisher":{"@id":"https:\/\/jornalboasnoticias.com.br\/home\/#organization"},"potentialAction":[{"@type":"SearchAction","target":{"@type":"EntryPoint","urlTemplate":"https:\/\/jornalboasnoticias.com.br\/home\/?s={search_term_string}"},"query-input":{"@type":"PropertyValueSpecification","valueRequired":true,"valueName":"search_term_string"}}],"inLanguage":"pt-BR"},{"@type":"Organization","@id":"https:\/\/jornalboasnoticias.com.br\/home\/#organization","name":"Coq Editora Ltda","alternateName":"Jornal Boas Noticias","url":"https:\/\/jornalboasnoticias.com.br\/home\/","logo":{"@type":"ImageObject","inLanguage":"pt-BR","@id":"https:\/\/jornalboasnoticias.com.br\/home\/#\/schema\/logo\/image\/","url":"https:\/\/jornalboasnoticias.com.br\/home\/wp-content\/uploads\/2024\/07\/cropped-logo.jpg","contentUrl":"https:\/\/jornalboasnoticias.com.br\/home\/wp-content\/uploads\/2024\/07\/cropped-logo.jpg","width":290,"height":142,"caption":"Coq Editora Ltda"},"image":{"@id":"https:\/\/jornalboasnoticias.com.br\/home\/#\/schema\/logo\/image\/"},"sameAs":["https:\/\/www.facebook.com\/boasnoticiasjornal"]},{"@type":"Person","@id":"https:\/\/jornalboasnoticias.com.br\/home\/#\/schema\/person\/d641193e0afc6405b390164dac847971","name":"Ana Luiza Bonatto","image":{"@type":"ImageObject","inLanguage":"pt-BR","@id":"https:\/\/secure.gravatar.com\/avatar\/8a055ebe6373371f67ac6fcf313c0ac0b0a91157fdcdb9514fa62927373348f0?s=96&d=mm&r=g","url":"https:\/\/secure.gravatar.com\/avatar\/8a055ebe6373371f67ac6fcf313c0ac0b0a91157fdcdb9514fa62927373348f0?s=96&d=mm&r=g","contentUrl":"https:\/\/secure.gravatar.com\/avatar\/8a055ebe6373371f67ac6fcf313c0ac0b0a91157fdcdb9514fa62927373348f0?s=96&d=mm&r=g","caption":"Ana Luiza Bonatto"},"url":"https:\/\/jornalboasnoticias.com.br\/home\/author\/ana-luiza\/"}]}},"_links":{"self":[{"href":"https:\/\/jornalboasnoticias.com.br\/home\/wp-json\/wp\/v2\/posts\/43666","targetHints":{"allow":["GET"]}}],"collection":[{"href":"https:\/\/jornalboasnoticias.com.br\/home\/wp-json\/wp\/v2\/posts"}],"about":[{"href":"https:\/\/jornalboasnoticias.com.br\/home\/wp-json\/wp\/v2\/types\/post"}],"author":[{"embeddable":true,"href":"https:\/\/jornalboasnoticias.com.br\/home\/wp-json\/wp\/v2\/users\/4"}],"replies":[{"embeddable":true,"href":"https:\/\/jornalboasnoticias.com.br\/home\/wp-json\/wp\/v2\/comments?post=43666"}],"version-history":[{"count":1,"href":"https:\/\/jornalboasnoticias.com.br\/home\/wp-json\/wp\/v2\/posts\/43666\/revisions"}],"predecessor-version":[{"id":43669,"href":"https:\/\/jornalboasnoticias.com.br\/home\/wp-json\/wp\/v2\/posts\/43666\/revisions\/43669"}],"wp:featuredmedia":[{"embeddable":true,"href":"https:\/\/jornalboasnoticias.com.br\/home\/wp-json\/wp\/v2\/media\/43667"}],"wp:attachment":[{"href":"https:\/\/jornalboasnoticias.com.br\/home\/wp-json\/wp\/v2\/media?parent=43666"}],"wp:term":[{"taxonomy":"category","embeddable":true,"href":"https:\/\/jornalboasnoticias.com.br\/home\/wp-json\/wp\/v2\/categories?post=43666"},{"taxonomy":"post_tag","embeddable":true,"href":"https:\/\/jornalboasnoticias.com.br\/home\/wp-json\/wp\/v2\/tags?post=43666"}],"curies":[{"name":"wp","href":"https:\/\/api.w.org\/{rel}","templated":true}]}}