{"id":43661,"date":"2024-09-06T12:39:06","date_gmt":"2024-09-06T12:39:06","guid":{"rendered":"https:\/\/jornalboasnoticias.com.br\/home\/?p=43661"},"modified":"2024-09-06T12:39:06","modified_gmt":"2024-09-06T12:39:06","slug":"criminoso-condenado-e-autorizado-a-oarticipar-de-corrida-eleitoral-no-alasca","status":"publish","type":"post","link":"https:\/\/jornalboasnoticias.com.br\/home\/criminoso-condenado-e-autorizado-a-oarticipar-de-corrida-eleitoral-no-alasca\/","title":{"rendered":"Criminoso condenado \u00e9 autorizado a oarticipar de corrida eleitoral no Alasca"},"content":{"rendered":"<figure id=\"attachment_43662\" aria-describedby=\"caption-attachment-43662\" style=\"width: 700px\" class=\"wp-caption alignnone\"><img loading=\"lazy\" decoding=\"async\" class=\"wp-image-43662 size-full\" src=\"https:\/\/jornalboasnoticias.com.br\/home\/wp-content\/uploads\/2024\/09\/d04a08b60b52678cd81de26afa2aeb56.jpg\" alt=\"\" width=\"700\" height=\"467\" srcset=\"https:\/\/jornalboasnoticias.com.br\/home\/wp-content\/uploads\/2024\/09\/d04a08b60b52678cd81de26afa2aeb56.jpg 700w, https:\/\/jornalboasnoticias.com.br\/home\/wp-content\/uploads\/2024\/09\/d04a08b60b52678cd81de26afa2aeb56-300x200.jpg 300w\" sizes=\"auto, (max-width: 700px) 100vw, 700px\" \/><figcaption id=\"caption-attachment-43662\" class=\"wp-caption-text\">Foto: Reprodu\u00e7\u00e3o<\/figcaption><\/figure>\n<p>Eric Hafner, condenado em 2022 a 20 anos de pris\u00e3o federal por amea\u00e7ar ju\u00edzes e policiais em Nova Jersey, surpreendeu o cen\u00e1rio pol\u00edtico nesta segunda-feira (1) ao ser autorizado a disputar uma vaga na C\u00e2mara dos Representantes pelo Alasca, nos Estados Unidos.<\/p>\n<p>Hafner, atualmente preso na penitenci\u00e1ria de Otisville, Nova York, concorreu \u00e0s prim\u00e1rias do estado, mas terminou em sexto lugar, com apenas 0,43% dos votos. No entanto, com a desist\u00eancia da republicana Nancy Dahlstrom em agosto e a sa\u00edda do tamb\u00e9m republicano Matthew Salisbury no in\u00edcio desta semana, Hafner garantiu um lugar na c\u00e9dula da elei\u00e7\u00e3o geral de novembro.<\/p>\n<p>Ele agora enfrenta tr\u00eas advers\u00e1rios de peso: a deputada democrata Mary Peltola, o republicano Nick Begich e o l\u00edder do Partido da Independ\u00eancia do Alasca, John Wayne Howe. Peltola \u00e9 considerada a favorita, tendo recebido a maioria dos votos nas prim\u00e1rias de 20 de agosto, seguida por Begich e Dahlstrom, antes de sua retirada.<\/p>\n<p>A candidatura de Hafner levanta quest\u00f5es legais e \u00e9ticas, j\u00e1 que ele n\u00e3o possui la\u00e7os aparentes com o Alasca e cumpre pena at\u00e9 2036. A Constitui\u00e7\u00e3o dos EUA permite que condenados concorram a cargos p\u00fablicos, desde que atendam aos requisitos de nacionalidade, idade e resid\u00eancia, mas a lei estadual do Alasca exige que o representante eleito resida no estado \u2013 um crit\u00e9rio que Hafner provavelmente n\u00e3o conseguir\u00e1 cumprir.<\/p>\n<p>Apesar de estar preso, Hafner j\u00e1 tentou se eleger em diversos estados, incluindo Hava\u00ed, Oregon, Novo M\u00e9xico, Nevada e Vermont, sem sucesso. A corrida eleitoral no Alasca promete ser uma das mais incomuns da hist\u00f3ria recente dos Estados Unidos.<\/p>\n","protected":false},"excerpt":{"rendered":"<p>Eric Hafner, condenado em 2022 a 20 anos de pris\u00e3o federal por amea\u00e7ar ju\u00edzes e<\/p>\n","protected":false},"author":4,"featured_media":43662,"comment_status":"open","ping_status":"open","sticky":false,"template":"","format":"standard","meta":{"footnotes":""},"categories":[3,9],"tags":[],"class_list":["post-43661","post","type-post","status-publish","format-standard","has-post-thumbnail","hentry","category-destaques","category-internacional"],"yoast_head":"<!-- This site is optimized with the Yoast SEO plugin v27.5 - https:\/\/yoast.com\/product\/yoast-seo-wordpress\/ -->\n<title>Criminoso condenado \u00e9 autorizado a oarticipar de corrida eleitoral no Alasca - Jornal<\/title>\n<meta name=\"description\" content=\"Criminoso condenado \u00e9 autorizado a oarticipar de corrida eleitoral no Alasca\" \/>\n<meta name=\"robots\" content=\"index, follow, max-snippet:-1, max-image-preview:large, max-video-preview:-1\" \/>\n<link rel=\"canonical\" href=\"https:\/\/jornalboasnoticias.com.br\/home\/criminoso-condenado-e-autorizado-a-oarticipar-de-corrida-eleitoral-no-alasca\/\" \/>\n<meta property=\"og:locale\" content=\"pt_BR\" \/>\n<meta property=\"og:type\" content=\"article\" \/>\n<meta property=\"og:title\" content=\"Criminoso condenado \u00e9 autorizado a oarticipar de corrida eleitoral no Alasca - Jornal\" \/>\n<meta property=\"og:description\" content=\"Criminoso condenado \u00e9 autorizado a oarticipar de corrida eleitoral no Alasca\" \/>\n<meta property=\"og:url\" content=\"https:\/\/jornalboasnoticias.com.br\/home\/criminoso-condenado-e-autorizado-a-oarticipar-de-corrida-eleitoral-no-alasca\/\" \/>\n<meta property=\"og:site_name\" content=\"Jornal\" \/>\n<meta property=\"article:publisher\" content=\"https:\/\/www.facebook.com\/boasnoticiasjornal\" \/>\n<meta property=\"article:published_time\" content=\"2024-09-06T12:39:06+00:00\" \/>\n<meta property=\"og:image\" content=\"https:\/\/jornalboasnoticias.com.br\/home\/wp-content\/uploads\/2024\/09\/d04a08b60b52678cd81de26afa2aeb56.jpg\" \/>\n\t<meta property=\"og:image:width\" content=\"700\" \/>\n\t<meta property=\"og:image:height\" content=\"467\" \/>\n\t<meta property=\"og:image:type\" content=\"image\/jpeg\" \/>\n<meta name=\"author\" content=\"Ana Luiza Bonatto\" \/>\n<meta name=\"twitter:card\" content=\"summary_large_image\" \/>\n<meta name=\"twitter:label1\" content=\"Escrito por\" \/>\n\t<meta name=\"twitter:data1\" content=\"Ana Luiza Bonatto\" \/>\n\t<meta name=\"twitter:label2\" content=\"Est. tempo de leitura\" \/>\n\t<meta name=\"twitter:data2\" content=\"2 minutos\" \/>\n<script type=\"application\/ld+json\" class=\"yoast-schema-graph\">{\"@context\":\"https:\\\/\\\/schema.org\",\"@graph\":[{\"@type\":\"Article\",\"@id\":\"https:\\\/\\\/jornalboasnoticias.com.br\\\/home\\\/criminoso-condenado-e-autorizado-a-oarticipar-de-corrida-eleitoral-no-alasca\\\/#article\",\"isPartOf\":{\"@id\":\"https:\\\/\\\/jornalboasnoticias.com.br\\\/home\\\/criminoso-condenado-e-autorizado-a-oarticipar-de-corrida-eleitoral-no-alasca\\\/\"},\"author\":{\"name\":\"Ana Luiza Bonatto\",\"@id\":\"https:\\\/\\\/jornalboasnoticias.com.br\\\/home\\\/#\\\/schema\\\/person\\\/d641193e0afc6405b390164dac847971\"},\"headline\":\"Criminoso condenado \u00e9 autorizado a oarticipar de corrida eleitoral no Alasca\",\"datePublished\":\"2024-09-06T12:39:06+00:00\",\"mainEntityOfPage\":{\"@id\":\"https:\\\/\\\/jornalboasnoticias.com.br\\\/home\\\/criminoso-condenado-e-autorizado-a-oarticipar-de-corrida-eleitoral-no-alasca\\\/\"},\"wordCount\":302,\"commentCount\":0,\"publisher\":{\"@id\":\"https:\\\/\\\/jornalboasnoticias.com.br\\\/home\\\/#organization\"},\"image\":{\"@id\":\"https:\\\/\\\/jornalboasnoticias.com.br\\\/home\\\/criminoso-condenado-e-autorizado-a-oarticipar-de-corrida-eleitoral-no-alasca\\\/#primaryimage\"},\"thumbnailUrl\":\"https:\\\/\\\/jornalboasnoticias.com.br\\\/home\\\/wp-content\\\/uploads\\\/2024\\\/09\\\/d04a08b60b52678cd81de26afa2aeb56.jpg\",\"articleSection\":[\"DESTAQUE\",\"INTERNACIONAL\"],\"inLanguage\":\"pt-BR\",\"potentialAction\":[{\"@type\":\"CommentAction\",\"name\":\"Comment\",\"target\":[\"https:\\\/\\\/jornalboasnoticias.com.br\\\/home\\\/criminoso-condenado-e-autorizado-a-oarticipar-de-corrida-eleitoral-no-alasca\\\/#respond\"]}]},{\"@type\":\"WebPage\",\"@id\":\"https:\\\/\\\/jornalboasnoticias.com.br\\\/home\\\/criminoso-condenado-e-autorizado-a-oarticipar-de-corrida-eleitoral-no-alasca\\\/\",\"url\":\"https:\\\/\\\/jornalboasnoticias.com.br\\\/home\\\/criminoso-condenado-e-autorizado-a-oarticipar-de-corrida-eleitoral-no-alasca\\\/\",\"name\":\"Criminoso condenado \u00e9 autorizado a oarticipar de corrida eleitoral no Alasca - Jornal\",\"isPartOf\":{\"@id\":\"https:\\\/\\\/jornalboasnoticias.com.br\\\/home\\\/#website\"},\"primaryImageOfPage\":{\"@id\":\"https:\\\/\\\/jornalboasnoticias.com.br\\\/home\\\/criminoso-condenado-e-autorizado-a-oarticipar-de-corrida-eleitoral-no-alasca\\\/#primaryimage\"},\"image\":{\"@id\":\"https:\\\/\\\/jornalboasnoticias.com.br\\\/home\\\/criminoso-condenado-e-autorizado-a-oarticipar-de-corrida-eleitoral-no-alasca\\\/#primaryimage\"},\"thumbnailUrl\":\"https:\\\/\\\/jornalboasnoticias.com.br\\\/home\\\/wp-content\\\/uploads\\\/2024\\\/09\\\/d04a08b60b52678cd81de26afa2aeb56.jpg\",\"datePublished\":\"2024-09-06T12:39:06+00:00\",\"description\":\"Criminoso condenado \u00e9 autorizado a oarticipar de corrida eleitoral no Alasca\",\"breadcrumb\":{\"@id\":\"https:\\\/\\\/jornalboasnoticias.com.br\\\/home\\\/criminoso-condenado-e-autorizado-a-oarticipar-de-corrida-eleitoral-no-alasca\\\/#breadcrumb\"},\"inLanguage\":\"pt-BR\",\"potentialAction\":[{\"@type\":\"ReadAction\",\"target\":[\"https:\\\/\\\/jornalboasnoticias.com.br\\\/home\\\/criminoso-condenado-e-autorizado-a-oarticipar-de-corrida-eleitoral-no-alasca\\\/\"]}]},{\"@type\":\"ImageObject\",\"inLanguage\":\"pt-BR\",\"@id\":\"https:\\\/\\\/jornalboasnoticias.com.br\\\/home\\\/criminoso-condenado-e-autorizado-a-oarticipar-de-corrida-eleitoral-no-alasca\\\/#primaryimage\",\"url\":\"https:\\\/\\\/jornalboasnoticias.com.br\\\/home\\\/wp-content\\\/uploads\\\/2024\\\/09\\\/d04a08b60b52678cd81de26afa2aeb56.jpg\",\"contentUrl\":\"https:\\\/\\\/jornalboasnoticias.com.br\\\/home\\\/wp-content\\\/uploads\\\/2024\\\/09\\\/d04a08b60b52678cd81de26afa2aeb56.jpg\",\"width\":700,\"height\":467,\"caption\":\"Foto: Reprodu\u00e7\u00e3o\"},{\"@type\":\"BreadcrumbList\",\"@id\":\"https:\\\/\\\/jornalboasnoticias.com.br\\\/home\\\/criminoso-condenado-e-autorizado-a-oarticipar-de-corrida-eleitoral-no-alasca\\\/#breadcrumb\",\"itemListElement\":[{\"@type\":\"ListItem\",\"position\":1,\"name\":\"In\u00edcio\",\"item\":\"https:\\\/\\\/jornalboasnoticias.com.br\\\/home\\\/\"},{\"@type\":\"ListItem\",\"position\":2,\"name\":\"Criminoso condenado \u00e9 autorizado a oarticipar de corrida eleitoral no Alasca\"}]},{\"@type\":\"WebSite\",\"@id\":\"https:\\\/\\\/jornalboasnoticias.com.br\\\/home\\\/#website\",\"url\":\"https:\\\/\\\/jornalboasnoticias.com.br\\\/home\\\/\",\"name\":\"Jornal Boas Not\u00edcias\",\"description\":\"Boas not\u00edcias\",\"publisher\":{\"@id\":\"https:\\\/\\\/jornalboasnoticias.com.br\\\/home\\\/#organization\"},\"potentialAction\":[{\"@type\":\"SearchAction\",\"target\":{\"@type\":\"EntryPoint\",\"urlTemplate\":\"https:\\\/\\\/jornalboasnoticias.com.br\\\/home\\\/?s={search_term_string}\"},\"query-input\":{\"@type\":\"PropertyValueSpecification\",\"valueRequired\":true,\"valueName\":\"search_term_string\"}}],\"inLanguage\":\"pt-BR\"},{\"@type\":\"Organization\",\"@id\":\"https:\\\/\\\/jornalboasnoticias.com.br\\\/home\\\/#organization\",\"name\":\"Coq Editora Ltda\",\"alternateName\":\"Jornal Boas Noticias\",\"url\":\"https:\\\/\\\/jornalboasnoticias.com.br\\\/home\\\/\",\"logo\":{\"@type\":\"ImageObject\",\"inLanguage\":\"pt-BR\",\"@id\":\"https:\\\/\\\/jornalboasnoticias.com.br\\\/home\\\/#\\\/schema\\\/logo\\\/image\\\/\",\"url\":\"https:\\\/\\\/jornalboasnoticias.com.br\\\/home\\\/wp-content\\\/uploads\\\/2024\\\/07\\\/cropped-logo.jpg\",\"contentUrl\":\"https:\\\/\\\/jornalboasnoticias.com.br\\\/home\\\/wp-content\\\/uploads\\\/2024\\\/07\\\/cropped-logo.jpg\",\"width\":290,\"height\":142,\"caption\":\"Coq Editora Ltda\"},\"image\":{\"@id\":\"https:\\\/\\\/jornalboasnoticias.com.br\\\/home\\\/#\\\/schema\\\/logo\\\/image\\\/\"},\"sameAs\":[\"https:\\\/\\\/www.facebook.com\\\/boasnoticiasjornal\"]},{\"@type\":\"Person\",\"@id\":\"https:\\\/\\\/jornalboasnoticias.com.br\\\/home\\\/#\\\/schema\\\/person\\\/d641193e0afc6405b390164dac847971\",\"name\":\"Ana Luiza Bonatto\",\"image\":{\"@type\":\"ImageObject\",\"inLanguage\":\"pt-BR\",\"@id\":\"https:\\\/\\\/secure.gravatar.com\\\/avatar\\\/8a055ebe6373371f67ac6fcf313c0ac0b0a91157fdcdb9514fa62927373348f0?s=96&d=mm&r=g\",\"url\":\"https:\\\/\\\/secure.gravatar.com\\\/avatar\\\/8a055ebe6373371f67ac6fcf313c0ac0b0a91157fdcdb9514fa62927373348f0?s=96&d=mm&r=g\",\"contentUrl\":\"https:\\\/\\\/secure.gravatar.com\\\/avatar\\\/8a055ebe6373371f67ac6fcf313c0ac0b0a91157fdcdb9514fa62927373348f0?s=96&d=mm&r=g\",\"caption\":\"Ana Luiza Bonatto\"},\"url\":\"https:\\\/\\\/jornalboasnoticias.com.br\\\/home\\\/author\\\/ana-luiza\\\/\"}]}<\/script>\n<!-- \/ Yoast SEO plugin. -->","yoast_head_json":{"title":"Criminoso condenado \u00e9 autorizado a oarticipar de corrida eleitoral no Alasca - Jornal","description":"Criminoso condenado \u00e9 autorizado a oarticipar de corrida eleitoral no Alasca","robots":{"index":"index","follow":"follow","max-snippet":"max-snippet:-1","max-image-preview":"max-image-preview:large","max-video-preview":"max-video-preview:-1"},"canonical":"https:\/\/jornalboasnoticias.com.br\/home\/criminoso-condenado-e-autorizado-a-oarticipar-de-corrida-eleitoral-no-alasca\/","og_locale":"pt_BR","og_type":"article","og_title":"Criminoso condenado \u00e9 autorizado a oarticipar de corrida eleitoral no Alasca - Jornal","og_description":"Criminoso condenado \u00e9 autorizado a oarticipar de corrida eleitoral no Alasca","og_url":"https:\/\/jornalboasnoticias.com.br\/home\/criminoso-condenado-e-autorizado-a-oarticipar-de-corrida-eleitoral-no-alasca\/","og_site_name":"Jornal","article_publisher":"https:\/\/www.facebook.com\/boasnoticiasjornal","article_published_time":"2024-09-06T12:39:06+00:00","og_image":[{"width":700,"height":467,"url":"https:\/\/jornalboasnoticias.com.br\/home\/wp-content\/uploads\/2024\/09\/d04a08b60b52678cd81de26afa2aeb56.jpg","type":"image\/jpeg"}],"author":"Ana Luiza Bonatto","twitter_card":"summary_large_image","twitter_misc":{"Escrito por":"Ana Luiza Bonatto","Est. tempo de leitura":"2 minutos"},"schema":{"@context":"https:\/\/schema.org","@graph":[{"@type":"Article","@id":"https:\/\/jornalboasnoticias.com.br\/home\/criminoso-condenado-e-autorizado-a-oarticipar-de-corrida-eleitoral-no-alasca\/#article","isPartOf":{"@id":"https:\/\/jornalboasnoticias.com.br\/home\/criminoso-condenado-e-autorizado-a-oarticipar-de-corrida-eleitoral-no-alasca\/"},"author":{"name":"Ana Luiza Bonatto","@id":"https:\/\/jornalboasnoticias.com.br\/home\/#\/schema\/person\/d641193e0afc6405b390164dac847971"},"headline":"Criminoso condenado \u00e9 autorizado a oarticipar de corrida eleitoral no Alasca","datePublished":"2024-09-06T12:39:06+00:00","mainEntityOfPage":{"@id":"https:\/\/jornalboasnoticias.com.br\/home\/criminoso-condenado-e-autorizado-a-oarticipar-de-corrida-eleitoral-no-alasca\/"},"wordCount":302,"commentCount":0,"publisher":{"@id":"https:\/\/jornalboasnoticias.com.br\/home\/#organization"},"image":{"@id":"https:\/\/jornalboasnoticias.com.br\/home\/criminoso-condenado-e-autorizado-a-oarticipar-de-corrida-eleitoral-no-alasca\/#primaryimage"},"thumbnailUrl":"https:\/\/jornalboasnoticias.com.br\/home\/wp-content\/uploads\/2024\/09\/d04a08b60b52678cd81de26afa2aeb56.jpg","articleSection":["DESTAQUE","INTERNACIONAL"],"inLanguage":"pt-BR","potentialAction":[{"@type":"CommentAction","name":"Comment","target":["https:\/\/jornalboasnoticias.com.br\/home\/criminoso-condenado-e-autorizado-a-oarticipar-de-corrida-eleitoral-no-alasca\/#respond"]}]},{"@type":"WebPage","@id":"https:\/\/jornalboasnoticias.com.br\/home\/criminoso-condenado-e-autorizado-a-oarticipar-de-corrida-eleitoral-no-alasca\/","url":"https:\/\/jornalboasnoticias.com.br\/home\/criminoso-condenado-e-autorizado-a-oarticipar-de-corrida-eleitoral-no-alasca\/","name":"Criminoso condenado \u00e9 autorizado a oarticipar de corrida eleitoral no Alasca - Jornal","isPartOf":{"@id":"https:\/\/jornalboasnoticias.com.br\/home\/#website"},"primaryImageOfPage":{"@id":"https:\/\/jornalboasnoticias.com.br\/home\/criminoso-condenado-e-autorizado-a-oarticipar-de-corrida-eleitoral-no-alasca\/#primaryimage"},"image":{"@id":"https:\/\/jornalboasnoticias.com.br\/home\/criminoso-condenado-e-autorizado-a-oarticipar-de-corrida-eleitoral-no-alasca\/#primaryimage"},"thumbnailUrl":"https:\/\/jornalboasnoticias.com.br\/home\/wp-content\/uploads\/2024\/09\/d04a08b60b52678cd81de26afa2aeb56.jpg","datePublished":"2024-09-06T12:39:06+00:00","description":"Criminoso condenado \u00e9 autorizado a oarticipar de corrida eleitoral no Alasca","breadcrumb":{"@id":"https:\/\/jornalboasnoticias.com.br\/home\/criminoso-condenado-e-autorizado-a-oarticipar-de-corrida-eleitoral-no-alasca\/#breadcrumb"},"inLanguage":"pt-BR","potentialAction":[{"@type":"ReadAction","target":["https:\/\/jornalboasnoticias.com.br\/home\/criminoso-condenado-e-autorizado-a-oarticipar-de-corrida-eleitoral-no-alasca\/"]}]},{"@type":"ImageObject","inLanguage":"pt-BR","@id":"https:\/\/jornalboasnoticias.com.br\/home\/criminoso-condenado-e-autorizado-a-oarticipar-de-corrida-eleitoral-no-alasca\/#primaryimage","url":"https:\/\/jornalboasnoticias.com.br\/home\/wp-content\/uploads\/2024\/09\/d04a08b60b52678cd81de26afa2aeb56.jpg","contentUrl":"https:\/\/jornalboasnoticias.com.br\/home\/wp-content\/uploads\/2024\/09\/d04a08b60b52678cd81de26afa2aeb56.jpg","width":700,"height":467,"caption":"Foto: Reprodu\u00e7\u00e3o"},{"@type":"BreadcrumbList","@id":"https:\/\/jornalboasnoticias.com.br\/home\/criminoso-condenado-e-autorizado-a-oarticipar-de-corrida-eleitoral-no-alasca\/#breadcrumb","itemListElement":[{"@type":"ListItem","position":1,"name":"In\u00edcio","item":"https:\/\/jornalboasnoticias.com.br\/home\/"},{"@type":"ListItem","position":2,"name":"Criminoso condenado \u00e9 autorizado a oarticipar de corrida eleitoral no Alasca"}]},{"@type":"WebSite","@id":"https:\/\/jornalboasnoticias.com.br\/home\/#website","url":"https:\/\/jornalboasnoticias.com.br\/home\/","name":"Jornal Boas Not\u00edcias","description":"Boas not\u00edcias","publisher":{"@id":"https:\/\/jornalboasnoticias.com.br\/home\/#organization"},"potentialAction":[{"@type":"SearchAction","target":{"@type":"EntryPoint","urlTemplate":"https:\/\/jornalboasnoticias.com.br\/home\/?s={search_term_string}"},"query-input":{"@type":"PropertyValueSpecification","valueRequired":true,"valueName":"search_term_string"}}],"inLanguage":"pt-BR"},{"@type":"Organization","@id":"https:\/\/jornalboasnoticias.com.br\/home\/#organization","name":"Coq Editora Ltda","alternateName":"Jornal Boas Noticias","url":"https:\/\/jornalboasnoticias.com.br\/home\/","logo":{"@type":"ImageObject","inLanguage":"pt-BR","@id":"https:\/\/jornalboasnoticias.com.br\/home\/#\/schema\/logo\/image\/","url":"https:\/\/jornalboasnoticias.com.br\/home\/wp-content\/uploads\/2024\/07\/cropped-logo.jpg","contentUrl":"https:\/\/jornalboasnoticias.com.br\/home\/wp-content\/uploads\/2024\/07\/cropped-logo.jpg","width":290,"height":142,"caption":"Coq Editora Ltda"},"image":{"@id":"https:\/\/jornalboasnoticias.com.br\/home\/#\/schema\/logo\/image\/"},"sameAs":["https:\/\/www.facebook.com\/boasnoticiasjornal"]},{"@type":"Person","@id":"https:\/\/jornalboasnoticias.com.br\/home\/#\/schema\/person\/d641193e0afc6405b390164dac847971","name":"Ana Luiza Bonatto","image":{"@type":"ImageObject","inLanguage":"pt-BR","@id":"https:\/\/secure.gravatar.com\/avatar\/8a055ebe6373371f67ac6fcf313c0ac0b0a91157fdcdb9514fa62927373348f0?s=96&d=mm&r=g","url":"https:\/\/secure.gravatar.com\/avatar\/8a055ebe6373371f67ac6fcf313c0ac0b0a91157fdcdb9514fa62927373348f0?s=96&d=mm&r=g","contentUrl":"https:\/\/secure.gravatar.com\/avatar\/8a055ebe6373371f67ac6fcf313c0ac0b0a91157fdcdb9514fa62927373348f0?s=96&d=mm&r=g","caption":"Ana Luiza Bonatto"},"url":"https:\/\/jornalboasnoticias.com.br\/home\/author\/ana-luiza\/"}]}},"_links":{"self":[{"href":"https:\/\/jornalboasnoticias.com.br\/home\/wp-json\/wp\/v2\/posts\/43661","targetHints":{"allow":["GET"]}}],"collection":[{"href":"https:\/\/jornalboasnoticias.com.br\/home\/wp-json\/wp\/v2\/posts"}],"about":[{"href":"https:\/\/jornalboasnoticias.com.br\/home\/wp-json\/wp\/v2\/types\/post"}],"author":[{"embeddable":true,"href":"https:\/\/jornalboasnoticias.com.br\/home\/wp-json\/wp\/v2\/users\/4"}],"replies":[{"embeddable":true,"href":"https:\/\/jornalboasnoticias.com.br\/home\/wp-json\/wp\/v2\/comments?post=43661"}],"version-history":[{"count":1,"href":"https:\/\/jornalboasnoticias.com.br\/home\/wp-json\/wp\/v2\/posts\/43661\/revisions"}],"predecessor-version":[{"id":43663,"href":"https:\/\/jornalboasnoticias.com.br\/home\/wp-json\/wp\/v2\/posts\/43661\/revisions\/43663"}],"wp:featuredmedia":[{"embeddable":true,"href":"https:\/\/jornalboasnoticias.com.br\/home\/wp-json\/wp\/v2\/media\/43662"}],"wp:attachment":[{"href":"https:\/\/jornalboasnoticias.com.br\/home\/wp-json\/wp\/v2\/media?parent=43661"}],"wp:term":[{"taxonomy":"category","embeddable":true,"href":"https:\/\/jornalboasnoticias.com.br\/home\/wp-json\/wp\/v2\/categories?post=43661"},{"taxonomy":"post_tag","embeddable":true,"href":"https:\/\/jornalboasnoticias.com.br\/home\/wp-json\/wp\/v2\/tags?post=43661"}],"curies":[{"name":"wp","href":"https:\/\/api.w.org\/{rel}","templated":true}]}}