{"id":43651,"date":"2024-09-04T14:26:08","date_gmt":"2024-09-04T14:26:08","guid":{"rendered":"https:\/\/jornalboasnoticias.com.br\/home\/?p=43651"},"modified":"2024-09-04T14:26:08","modified_gmt":"2024-09-04T14:26:08","slug":"operacao-da-pcpr-e-detran-mira-empresas-de-emplacamento-de-veiculos","status":"publish","type":"post","link":"https:\/\/jornalboasnoticias.com.br\/home\/operacao-da-pcpr-e-detran-mira-empresas-de-emplacamento-de-veiculos\/","title":{"rendered":"Opera\u00e7\u00e3o da PCPR e Detran mira empresas de emplacamento de ve\u00edculos"},"content":{"rendered":"<div class=\"not-escopo-destaque\">\n<div>\n<figure id=\"attachment_43652\" aria-describedby=\"caption-attachment-43652\" style=\"width: 1600px\" class=\"wp-caption alignnone\"><img loading=\"lazy\" decoding=\"async\" class=\"wp-image-43652 size-full\" src=\"https:\/\/jornalboasnoticias.com.br\/home\/wp-content\/uploads\/2024\/09\/whatsapp_image_2024-09-04_at_11.09.21.jpg\" alt=\"\" width=\"1600\" height=\"1066\" srcset=\"https:\/\/jornalboasnoticias.com.br\/home\/wp-content\/uploads\/2024\/09\/whatsapp_image_2024-09-04_at_11.09.21.jpg 1600w, https:\/\/jornalboasnoticias.com.br\/home\/wp-content\/uploads\/2024\/09\/whatsapp_image_2024-09-04_at_11.09.21-300x200.jpg 300w, https:\/\/jornalboasnoticias.com.br\/home\/wp-content\/uploads\/2024\/09\/whatsapp_image_2024-09-04_at_11.09.21-1024x682.jpg 1024w, https:\/\/jornalboasnoticias.com.br\/home\/wp-content\/uploads\/2024\/09\/whatsapp_image_2024-09-04_at_11.09.21-768x512.jpg 768w, https:\/\/jornalboasnoticias.com.br\/home\/wp-content\/uploads\/2024\/09\/whatsapp_image_2024-09-04_at_11.09.21-1536x1023.jpg 1536w, https:\/\/jornalboasnoticias.com.br\/home\/wp-content\/uploads\/2024\/09\/whatsapp_image_2024-09-04_at_11.09.21-900x600.jpg 900w\" sizes=\"auto, (max-width: 1600px) 100vw, 1600px\" \/><figcaption id=\"caption-attachment-43652\" class=\"wp-caption-text\">Foto: PCPR<\/figcaption><\/figure>\n<\/div>\n<\/div>\n<div class=\"not-escopo-destaque\">\n<blockquote>\n<div class=\"field field--name-field-escopo-destaque field--type-string-long field--label-hidden field--item\">Placas instaladas n\u00e3o eram registradas no Sistema Nacional de Registro de Ve\u00edculos Automotores, o que impede a transfer\u00eancia em caso de venda do ve\u00edculo. Apura\u00e7\u00e3o aponta que cerca de 9 mil propriet\u00e1rios de ve\u00edculos foram lesados.<\/div>\n<\/blockquote>\n<\/div>\n<div>\n<article class=\"node node--type-noticia node--promoted node--view-mode-full clearfix\" role=\"article\" data-history-node-id=\"68477\">\n<div class=\"node__content clearfix\">\n<div class=\"field field--name-field-texto field--type-text-long field--label-hidden field--item\">\n<p>A Pol\u00edcia Civil do Paran\u00e1 (PCPR), em conjunto com o Departamento de Tr\u00e2nsito do Paran\u00e1 (Detran-PR), realiza uma opera\u00e7\u00e3o nesta quarta-feira (4) para cumprir ordens judiciais e fiscalizar empresas de emplacamento de ve\u00edculos que lesaram mais de 9 mil consumidores. Equipes atuam em Paranagu\u00e1, no Litoral, e Cascavel, no Oeste, para cumprir dois mandados de busca e apreens\u00e3o. A a\u00e7\u00e3o visa dar prosseguimento a uma investiga\u00e7\u00e3o sobre crimes contra o consumidor supostamente praticados por empresas de emplacamento. Em Curitiba e S\u00e3o Jos\u00e9 dos Pinhais, na Regi\u00e3o Metropolitana, a PCPR apoia o Detran-PR nas fiscaliza\u00e7\u00f5es de empresas.<\/p>\n<p>Segundo o delegado da PCPR, C\u00e1ssio Concei\u00e7\u00e3o, as placas instaladas nos ve\u00edculos n\u00e3o estavam registradas no sistema. \u201cOs consumidores n\u00e3o t\u00eam conhecimento de que seus ve\u00edculos exibem placas de identifica\u00e7\u00e3o que n\u00e3o possuem registros devidamente cadastrados no Sistema Nacional de Registro de Ve\u00edculos Automotores, administrado pelo Servi\u00e7o Federal de Processamento de Dados (Serpro), empresa p\u00fablica federal de processamento de dados. Isso os impediria de transferir os ve\u00edculos em caso de venda ou mesmo de confirmar os dados do ve\u00edculo em abordagens policiais\u201d, afirma o delegado.<\/p>\n<p>Os consumidores, ao adquirirem as placas, s\u00e3o informados de que elas atendem aos requisitos dos \u00f3rg\u00e3os de tr\u00e2nsito, mas as irregularidades s\u00f3 s\u00e3o identificadas em casos de transfer\u00eancia ou abordagem policial. &#8220;Esta \u00e9 uma fraude muito s\u00e9ria cometida por essas empresas, j\u00e1 que essa conduta delituosa prejudica o sistema de registro de ve\u00edculos e configura sonega\u00e7\u00e3o tribut\u00e1ria. A pr\u00e1tica compromete a seguran\u00e7a do propriet\u00e1rio e do condutor, pois, ao consultar o QR Code da placa, o resultado aparecer\u00e1 em branco, ou seja, inexistente no Registro Nacional de Ve\u00edculos Automotores\u201d, comenta o chefe de gabinete do Detran-PR, Ismael de Oliveira.<\/p>\n<p><strong>APLICATIVO &#8211;\u00a0<\/strong>A PCPR e o Detran-PR orientam os cidad\u00e3os a utilizarem o aplicativo VIO, dispon\u00edvel gratuitamente para download em celulares. O VIO permite a leitura de placas de ve\u00edculos, ajudando a identificar se os dados est\u00e3o devidamente registrados no sistema. Caso a consulta pelo aplicativo n\u00e3o retorne informa\u00e7\u00f5es sobre a placa, recomenda-se que o propriet\u00e1rio do ve\u00edculo procure o Detran-PR para regularizar a situa\u00e7\u00e3o e evitar transtornos.<\/p>\n<\/div>\n<\/div>\n<\/article>\n<\/div>\n","protected":false},"excerpt":{"rendered":"<p>Placas instaladas n\u00e3o eram registradas no Sistema Nacional de Registro de Ve\u00edculos Automotores, o que<\/p>\n","protected":false},"author":4,"featured_media":43652,"comment_status":"open","ping_status":"open","sticky":false,"template":"","format":"standard","meta":{"footnotes":""},"categories":[3,4],"tags":[],"class_list":["post-43651","post","type-post","status-publish","format-standard","has-post-thumbnail","hentry","category-destaques","category-parana"],"yoast_head":"<!-- This site is optimized with the Yoast SEO plugin v27.5 - https:\/\/yoast.com\/product\/yoast-seo-wordpress\/ -->\n<title>Opera\u00e7\u00e3o da PCPR e Detran mira empresas de emplacamento de ve\u00edculos - Jornal<\/title>\n<meta name=\"description\" content=\"Opera\u00e7\u00e3o da PCPR e Detran mira empresas de emplacamento de ve\u00edculos\" \/>\n<meta name=\"robots\" content=\"index, follow, max-snippet:-1, max-image-preview:large, max-video-preview:-1\" \/>\n<link rel=\"canonical\" href=\"https:\/\/jornalboasnoticias.com.br\/home\/operacao-da-pcpr-e-detran-mira-empresas-de-emplacamento-de-veiculos\/\" \/>\n<meta property=\"og:locale\" content=\"pt_BR\" \/>\n<meta property=\"og:type\" content=\"article\" \/>\n<meta property=\"og:title\" content=\"Opera\u00e7\u00e3o da PCPR e Detran mira empresas de emplacamento de ve\u00edculos - Jornal\" \/>\n<meta property=\"og:description\" content=\"Opera\u00e7\u00e3o da PCPR e Detran mira empresas de emplacamento de ve\u00edculos\" \/>\n<meta property=\"og:url\" content=\"https:\/\/jornalboasnoticias.com.br\/home\/operacao-da-pcpr-e-detran-mira-empresas-de-emplacamento-de-veiculos\/\" \/>\n<meta property=\"og:site_name\" content=\"Jornal\" \/>\n<meta property=\"article:publisher\" content=\"https:\/\/www.facebook.com\/boasnoticiasjornal\" \/>\n<meta property=\"article:published_time\" content=\"2024-09-04T14:26:08+00:00\" \/>\n<meta property=\"og:image\" content=\"https:\/\/jornalboasnoticias.com.br\/home\/wp-content\/uploads\/2024\/09\/whatsapp_image_2024-09-04_at_11.09.21.jpg\" \/>\n\t<meta property=\"og:image:width\" content=\"1600\" \/>\n\t<meta property=\"og:image:height\" content=\"1066\" \/>\n\t<meta property=\"og:image:type\" content=\"image\/jpeg\" \/>\n<meta name=\"author\" content=\"Ana Luiza Bonatto\" \/>\n<meta name=\"twitter:card\" content=\"summary_large_image\" \/>\n<meta name=\"twitter:label1\" content=\"Escrito por\" \/>\n\t<meta name=\"twitter:data1\" content=\"Ana Luiza Bonatto\" \/>\n\t<meta name=\"twitter:label2\" content=\"Est. tempo de leitura\" \/>\n\t<meta name=\"twitter:data2\" content=\"3 minutos\" \/>\n<script type=\"application\/ld+json\" class=\"yoast-schema-graph\">{\"@context\":\"https:\\\/\\\/schema.org\",\"@graph\":[{\"@type\":\"Article\",\"@id\":\"https:\\\/\\\/jornalboasnoticias.com.br\\\/home\\\/operacao-da-pcpr-e-detran-mira-empresas-de-emplacamento-de-veiculos\\\/#article\",\"isPartOf\":{\"@id\":\"https:\\\/\\\/jornalboasnoticias.com.br\\\/home\\\/operacao-da-pcpr-e-detran-mira-empresas-de-emplacamento-de-veiculos\\\/\"},\"author\":{\"name\":\"Ana Luiza Bonatto\",\"@id\":\"https:\\\/\\\/jornalboasnoticias.com.br\\\/home\\\/#\\\/schema\\\/person\\\/d641193e0afc6405b390164dac847971\"},\"headline\":\"Opera\u00e7\u00e3o da PCPR e Detran mira empresas de emplacamento de ve\u00edculos\",\"datePublished\":\"2024-09-04T14:26:08+00:00\",\"mainEntityOfPage\":{\"@id\":\"https:\\\/\\\/jornalboasnoticias.com.br\\\/home\\\/operacao-da-pcpr-e-detran-mira-empresas-de-emplacamento-de-veiculos\\\/\"},\"wordCount\":455,\"commentCount\":0,\"publisher\":{\"@id\":\"https:\\\/\\\/jornalboasnoticias.com.br\\\/home\\\/#organization\"},\"image\":{\"@id\":\"https:\\\/\\\/jornalboasnoticias.com.br\\\/home\\\/operacao-da-pcpr-e-detran-mira-empresas-de-emplacamento-de-veiculos\\\/#primaryimage\"},\"thumbnailUrl\":\"https:\\\/\\\/jornalboasnoticias.com.br\\\/home\\\/wp-content\\\/uploads\\\/2024\\\/09\\\/whatsapp_image_2024-09-04_at_11.09.21.jpg\",\"articleSection\":[\"DESTAQUE\",\"PARAN\u00c1\"],\"inLanguage\":\"pt-BR\",\"potentialAction\":[{\"@type\":\"CommentAction\",\"name\":\"Comment\",\"target\":[\"https:\\\/\\\/jornalboasnoticias.com.br\\\/home\\\/operacao-da-pcpr-e-detran-mira-empresas-de-emplacamento-de-veiculos\\\/#respond\"]}]},{\"@type\":\"WebPage\",\"@id\":\"https:\\\/\\\/jornalboasnoticias.com.br\\\/home\\\/operacao-da-pcpr-e-detran-mira-empresas-de-emplacamento-de-veiculos\\\/\",\"url\":\"https:\\\/\\\/jornalboasnoticias.com.br\\\/home\\\/operacao-da-pcpr-e-detran-mira-empresas-de-emplacamento-de-veiculos\\\/\",\"name\":\"Opera\u00e7\u00e3o da PCPR e Detran mira empresas de emplacamento de ve\u00edculos - Jornal\",\"isPartOf\":{\"@id\":\"https:\\\/\\\/jornalboasnoticias.com.br\\\/home\\\/#website\"},\"primaryImageOfPage\":{\"@id\":\"https:\\\/\\\/jornalboasnoticias.com.br\\\/home\\\/operacao-da-pcpr-e-detran-mira-empresas-de-emplacamento-de-veiculos\\\/#primaryimage\"},\"image\":{\"@id\":\"https:\\\/\\\/jornalboasnoticias.com.br\\\/home\\\/operacao-da-pcpr-e-detran-mira-empresas-de-emplacamento-de-veiculos\\\/#primaryimage\"},\"thumbnailUrl\":\"https:\\\/\\\/jornalboasnoticias.com.br\\\/home\\\/wp-content\\\/uploads\\\/2024\\\/09\\\/whatsapp_image_2024-09-04_at_11.09.21.jpg\",\"datePublished\":\"2024-09-04T14:26:08+00:00\",\"description\":\"Opera\u00e7\u00e3o da PCPR e Detran mira empresas de emplacamento de ve\u00edculos\",\"breadcrumb\":{\"@id\":\"https:\\\/\\\/jornalboasnoticias.com.br\\\/home\\\/operacao-da-pcpr-e-detran-mira-empresas-de-emplacamento-de-veiculos\\\/#breadcrumb\"},\"inLanguage\":\"pt-BR\",\"potentialAction\":[{\"@type\":\"ReadAction\",\"target\":[\"https:\\\/\\\/jornalboasnoticias.com.br\\\/home\\\/operacao-da-pcpr-e-detran-mira-empresas-de-emplacamento-de-veiculos\\\/\"]}]},{\"@type\":\"ImageObject\",\"inLanguage\":\"pt-BR\",\"@id\":\"https:\\\/\\\/jornalboasnoticias.com.br\\\/home\\\/operacao-da-pcpr-e-detran-mira-empresas-de-emplacamento-de-veiculos\\\/#primaryimage\",\"url\":\"https:\\\/\\\/jornalboasnoticias.com.br\\\/home\\\/wp-content\\\/uploads\\\/2024\\\/09\\\/whatsapp_image_2024-09-04_at_11.09.21.jpg\",\"contentUrl\":\"https:\\\/\\\/jornalboasnoticias.com.br\\\/home\\\/wp-content\\\/uploads\\\/2024\\\/09\\\/whatsapp_image_2024-09-04_at_11.09.21.jpg\",\"width\":1600,\"height\":1066},{\"@type\":\"BreadcrumbList\",\"@id\":\"https:\\\/\\\/jornalboasnoticias.com.br\\\/home\\\/operacao-da-pcpr-e-detran-mira-empresas-de-emplacamento-de-veiculos\\\/#breadcrumb\",\"itemListElement\":[{\"@type\":\"ListItem\",\"position\":1,\"name\":\"In\u00edcio\",\"item\":\"https:\\\/\\\/jornalboasnoticias.com.br\\\/home\\\/\"},{\"@type\":\"ListItem\",\"position\":2,\"name\":\"Opera\u00e7\u00e3o da PCPR e Detran mira empresas de emplacamento de ve\u00edculos\"}]},{\"@type\":\"WebSite\",\"@id\":\"https:\\\/\\\/jornalboasnoticias.com.br\\\/home\\\/#website\",\"url\":\"https:\\\/\\\/jornalboasnoticias.com.br\\\/home\\\/\",\"name\":\"Jornal Boas Not\u00edcias\",\"description\":\"Boas not\u00edcias\",\"publisher\":{\"@id\":\"https:\\\/\\\/jornalboasnoticias.com.br\\\/home\\\/#organization\"},\"potentialAction\":[{\"@type\":\"SearchAction\",\"target\":{\"@type\":\"EntryPoint\",\"urlTemplate\":\"https:\\\/\\\/jornalboasnoticias.com.br\\\/home\\\/?s={search_term_string}\"},\"query-input\":{\"@type\":\"PropertyValueSpecification\",\"valueRequired\":true,\"valueName\":\"search_term_string\"}}],\"inLanguage\":\"pt-BR\"},{\"@type\":\"Organization\",\"@id\":\"https:\\\/\\\/jornalboasnoticias.com.br\\\/home\\\/#organization\",\"name\":\"Coq Editora Ltda\",\"alternateName\":\"Jornal Boas Noticias\",\"url\":\"https:\\\/\\\/jornalboasnoticias.com.br\\\/home\\\/\",\"logo\":{\"@type\":\"ImageObject\",\"inLanguage\":\"pt-BR\",\"@id\":\"https:\\\/\\\/jornalboasnoticias.com.br\\\/home\\\/#\\\/schema\\\/logo\\\/image\\\/\",\"url\":\"https:\\\/\\\/jornalboasnoticias.com.br\\\/home\\\/wp-content\\\/uploads\\\/2024\\\/07\\\/cropped-logo.jpg\",\"contentUrl\":\"https:\\\/\\\/jornalboasnoticias.com.br\\\/home\\\/wp-content\\\/uploads\\\/2024\\\/07\\\/cropped-logo.jpg\",\"width\":290,\"height\":142,\"caption\":\"Coq Editora Ltda\"},\"image\":{\"@id\":\"https:\\\/\\\/jornalboasnoticias.com.br\\\/home\\\/#\\\/schema\\\/logo\\\/image\\\/\"},\"sameAs\":[\"https:\\\/\\\/www.facebook.com\\\/boasnoticiasjornal\"]},{\"@type\":\"Person\",\"@id\":\"https:\\\/\\\/jornalboasnoticias.com.br\\\/home\\\/#\\\/schema\\\/person\\\/d641193e0afc6405b390164dac847971\",\"name\":\"Ana Luiza Bonatto\",\"image\":{\"@type\":\"ImageObject\",\"inLanguage\":\"pt-BR\",\"@id\":\"https:\\\/\\\/secure.gravatar.com\\\/avatar\\\/8a055ebe6373371f67ac6fcf313c0ac0b0a91157fdcdb9514fa62927373348f0?s=96&d=mm&r=g\",\"url\":\"https:\\\/\\\/secure.gravatar.com\\\/avatar\\\/8a055ebe6373371f67ac6fcf313c0ac0b0a91157fdcdb9514fa62927373348f0?s=96&d=mm&r=g\",\"contentUrl\":\"https:\\\/\\\/secure.gravatar.com\\\/avatar\\\/8a055ebe6373371f67ac6fcf313c0ac0b0a91157fdcdb9514fa62927373348f0?s=96&d=mm&r=g\",\"caption\":\"Ana Luiza Bonatto\"},\"url\":\"https:\\\/\\\/jornalboasnoticias.com.br\\\/home\\\/author\\\/ana-luiza\\\/\"}]}<\/script>\n<!-- \/ Yoast SEO plugin. -->","yoast_head_json":{"title":"Opera\u00e7\u00e3o da PCPR e Detran mira empresas de emplacamento de ve\u00edculos - Jornal","description":"Opera\u00e7\u00e3o da PCPR e Detran mira empresas de emplacamento de ve\u00edculos","robots":{"index":"index","follow":"follow","max-snippet":"max-snippet:-1","max-image-preview":"max-image-preview:large","max-video-preview":"max-video-preview:-1"},"canonical":"https:\/\/jornalboasnoticias.com.br\/home\/operacao-da-pcpr-e-detran-mira-empresas-de-emplacamento-de-veiculos\/","og_locale":"pt_BR","og_type":"article","og_title":"Opera\u00e7\u00e3o da PCPR e Detran mira empresas de emplacamento de ve\u00edculos - Jornal","og_description":"Opera\u00e7\u00e3o da PCPR e Detran mira empresas de emplacamento de ve\u00edculos","og_url":"https:\/\/jornalboasnoticias.com.br\/home\/operacao-da-pcpr-e-detran-mira-empresas-de-emplacamento-de-veiculos\/","og_site_name":"Jornal","article_publisher":"https:\/\/www.facebook.com\/boasnoticiasjornal","article_published_time":"2024-09-04T14:26:08+00:00","og_image":[{"width":1600,"height":1066,"url":"https:\/\/jornalboasnoticias.com.br\/home\/wp-content\/uploads\/2024\/09\/whatsapp_image_2024-09-04_at_11.09.21.jpg","type":"image\/jpeg"}],"author":"Ana Luiza Bonatto","twitter_card":"summary_large_image","twitter_misc":{"Escrito por":"Ana Luiza Bonatto","Est. tempo de leitura":"3 minutos"},"schema":{"@context":"https:\/\/schema.org","@graph":[{"@type":"Article","@id":"https:\/\/jornalboasnoticias.com.br\/home\/operacao-da-pcpr-e-detran-mira-empresas-de-emplacamento-de-veiculos\/#article","isPartOf":{"@id":"https:\/\/jornalboasnoticias.com.br\/home\/operacao-da-pcpr-e-detran-mira-empresas-de-emplacamento-de-veiculos\/"},"author":{"name":"Ana Luiza Bonatto","@id":"https:\/\/jornalboasnoticias.com.br\/home\/#\/schema\/person\/d641193e0afc6405b390164dac847971"},"headline":"Opera\u00e7\u00e3o da PCPR e Detran mira empresas de emplacamento de ve\u00edculos","datePublished":"2024-09-04T14:26:08+00:00","mainEntityOfPage":{"@id":"https:\/\/jornalboasnoticias.com.br\/home\/operacao-da-pcpr-e-detran-mira-empresas-de-emplacamento-de-veiculos\/"},"wordCount":455,"commentCount":0,"publisher":{"@id":"https:\/\/jornalboasnoticias.com.br\/home\/#organization"},"image":{"@id":"https:\/\/jornalboasnoticias.com.br\/home\/operacao-da-pcpr-e-detran-mira-empresas-de-emplacamento-de-veiculos\/#primaryimage"},"thumbnailUrl":"https:\/\/jornalboasnoticias.com.br\/home\/wp-content\/uploads\/2024\/09\/whatsapp_image_2024-09-04_at_11.09.21.jpg","articleSection":["DESTAQUE","PARAN\u00c1"],"inLanguage":"pt-BR","potentialAction":[{"@type":"CommentAction","name":"Comment","target":["https:\/\/jornalboasnoticias.com.br\/home\/operacao-da-pcpr-e-detran-mira-empresas-de-emplacamento-de-veiculos\/#respond"]}]},{"@type":"WebPage","@id":"https:\/\/jornalboasnoticias.com.br\/home\/operacao-da-pcpr-e-detran-mira-empresas-de-emplacamento-de-veiculos\/","url":"https:\/\/jornalboasnoticias.com.br\/home\/operacao-da-pcpr-e-detran-mira-empresas-de-emplacamento-de-veiculos\/","name":"Opera\u00e7\u00e3o da PCPR e Detran mira empresas de emplacamento de ve\u00edculos - Jornal","isPartOf":{"@id":"https:\/\/jornalboasnoticias.com.br\/home\/#website"},"primaryImageOfPage":{"@id":"https:\/\/jornalboasnoticias.com.br\/home\/operacao-da-pcpr-e-detran-mira-empresas-de-emplacamento-de-veiculos\/#primaryimage"},"image":{"@id":"https:\/\/jornalboasnoticias.com.br\/home\/operacao-da-pcpr-e-detran-mira-empresas-de-emplacamento-de-veiculos\/#primaryimage"},"thumbnailUrl":"https:\/\/jornalboasnoticias.com.br\/home\/wp-content\/uploads\/2024\/09\/whatsapp_image_2024-09-04_at_11.09.21.jpg","datePublished":"2024-09-04T14:26:08+00:00","description":"Opera\u00e7\u00e3o da PCPR e Detran mira empresas de emplacamento de ve\u00edculos","breadcrumb":{"@id":"https:\/\/jornalboasnoticias.com.br\/home\/operacao-da-pcpr-e-detran-mira-empresas-de-emplacamento-de-veiculos\/#breadcrumb"},"inLanguage":"pt-BR","potentialAction":[{"@type":"ReadAction","target":["https:\/\/jornalboasnoticias.com.br\/home\/operacao-da-pcpr-e-detran-mira-empresas-de-emplacamento-de-veiculos\/"]}]},{"@type":"ImageObject","inLanguage":"pt-BR","@id":"https:\/\/jornalboasnoticias.com.br\/home\/operacao-da-pcpr-e-detran-mira-empresas-de-emplacamento-de-veiculos\/#primaryimage","url":"https:\/\/jornalboasnoticias.com.br\/home\/wp-content\/uploads\/2024\/09\/whatsapp_image_2024-09-04_at_11.09.21.jpg","contentUrl":"https:\/\/jornalboasnoticias.com.br\/home\/wp-content\/uploads\/2024\/09\/whatsapp_image_2024-09-04_at_11.09.21.jpg","width":1600,"height":1066},{"@type":"BreadcrumbList","@id":"https:\/\/jornalboasnoticias.com.br\/home\/operacao-da-pcpr-e-detran-mira-empresas-de-emplacamento-de-veiculos\/#breadcrumb","itemListElement":[{"@type":"ListItem","position":1,"name":"In\u00edcio","item":"https:\/\/jornalboasnoticias.com.br\/home\/"},{"@type":"ListItem","position":2,"name":"Opera\u00e7\u00e3o da PCPR e Detran mira empresas de emplacamento de ve\u00edculos"}]},{"@type":"WebSite","@id":"https:\/\/jornalboasnoticias.com.br\/home\/#website","url":"https:\/\/jornalboasnoticias.com.br\/home\/","name":"Jornal Boas Not\u00edcias","description":"Boas not\u00edcias","publisher":{"@id":"https:\/\/jornalboasnoticias.com.br\/home\/#organization"},"potentialAction":[{"@type":"SearchAction","target":{"@type":"EntryPoint","urlTemplate":"https:\/\/jornalboasnoticias.com.br\/home\/?s={search_term_string}"},"query-input":{"@type":"PropertyValueSpecification","valueRequired":true,"valueName":"search_term_string"}}],"inLanguage":"pt-BR"},{"@type":"Organization","@id":"https:\/\/jornalboasnoticias.com.br\/home\/#organization","name":"Coq Editora Ltda","alternateName":"Jornal Boas Noticias","url":"https:\/\/jornalboasnoticias.com.br\/home\/","logo":{"@type":"ImageObject","inLanguage":"pt-BR","@id":"https:\/\/jornalboasnoticias.com.br\/home\/#\/schema\/logo\/image\/","url":"https:\/\/jornalboasnoticias.com.br\/home\/wp-content\/uploads\/2024\/07\/cropped-logo.jpg","contentUrl":"https:\/\/jornalboasnoticias.com.br\/home\/wp-content\/uploads\/2024\/07\/cropped-logo.jpg","width":290,"height":142,"caption":"Coq Editora Ltda"},"image":{"@id":"https:\/\/jornalboasnoticias.com.br\/home\/#\/schema\/logo\/image\/"},"sameAs":["https:\/\/www.facebook.com\/boasnoticiasjornal"]},{"@type":"Person","@id":"https:\/\/jornalboasnoticias.com.br\/home\/#\/schema\/person\/d641193e0afc6405b390164dac847971","name":"Ana Luiza Bonatto","image":{"@type":"ImageObject","inLanguage":"pt-BR","@id":"https:\/\/secure.gravatar.com\/avatar\/8a055ebe6373371f67ac6fcf313c0ac0b0a91157fdcdb9514fa62927373348f0?s=96&d=mm&r=g","url":"https:\/\/secure.gravatar.com\/avatar\/8a055ebe6373371f67ac6fcf313c0ac0b0a91157fdcdb9514fa62927373348f0?s=96&d=mm&r=g","contentUrl":"https:\/\/secure.gravatar.com\/avatar\/8a055ebe6373371f67ac6fcf313c0ac0b0a91157fdcdb9514fa62927373348f0?s=96&d=mm&r=g","caption":"Ana Luiza Bonatto"},"url":"https:\/\/jornalboasnoticias.com.br\/home\/author\/ana-luiza\/"}]}},"_links":{"self":[{"href":"https:\/\/jornalboasnoticias.com.br\/home\/wp-json\/wp\/v2\/posts\/43651","targetHints":{"allow":["GET"]}}],"collection":[{"href":"https:\/\/jornalboasnoticias.com.br\/home\/wp-json\/wp\/v2\/posts"}],"about":[{"href":"https:\/\/jornalboasnoticias.com.br\/home\/wp-json\/wp\/v2\/types\/post"}],"author":[{"embeddable":true,"href":"https:\/\/jornalboasnoticias.com.br\/home\/wp-json\/wp\/v2\/users\/4"}],"replies":[{"embeddable":true,"href":"https:\/\/jornalboasnoticias.com.br\/home\/wp-json\/wp\/v2\/comments?post=43651"}],"version-history":[{"count":1,"href":"https:\/\/jornalboasnoticias.com.br\/home\/wp-json\/wp\/v2\/posts\/43651\/revisions"}],"predecessor-version":[{"id":43653,"href":"https:\/\/jornalboasnoticias.com.br\/home\/wp-json\/wp\/v2\/posts\/43651\/revisions\/43653"}],"wp:featuredmedia":[{"embeddable":true,"href":"https:\/\/jornalboasnoticias.com.br\/home\/wp-json\/wp\/v2\/media\/43652"}],"wp:attachment":[{"href":"https:\/\/jornalboasnoticias.com.br\/home\/wp-json\/wp\/v2\/media?parent=43651"}],"wp:term":[{"taxonomy":"category","embeddable":true,"href":"https:\/\/jornalboasnoticias.com.br\/home\/wp-json\/wp\/v2\/categories?post=43651"},{"taxonomy":"post_tag","embeddable":true,"href":"https:\/\/jornalboasnoticias.com.br\/home\/wp-json\/wp\/v2\/tags?post=43651"}],"curies":[{"name":"wp","href":"https:\/\/api.w.org\/{rel}","templated":true}]}}