{"id":43648,"date":"2024-09-04T14:07:11","date_gmt":"2024-09-04T14:07:11","guid":{"rendered":"https:\/\/jornalboasnoticias.com.br\/home\/?p=43648"},"modified":"2024-09-04T14:07:11","modified_gmt":"2024-09-04T14:07:11","slug":"oab-se-pronuncia-sobre-prisao-da-advogada-e-influencer-deolane-bezerra","status":"publish","type":"post","link":"https:\/\/jornalboasnoticias.com.br\/home\/oab-se-pronuncia-sobre-prisao-da-advogada-e-influencer-deolane-bezerra\/","title":{"rendered":"OAB se pronuncia sobre pris\u00e3o da advogada e influencer Deolane Bezerra"},"content":{"rendered":"<figure id=\"attachment_43649\" aria-describedby=\"caption-attachment-43649\" style=\"width: 626px\" class=\"wp-caption alignnone\"><img loading=\"lazy\" decoding=\"async\" class=\"wp-image-43649 size-full\" src=\"https:\/\/jornalboasnoticias.com.br\/home\/wp-content\/uploads\/2024\/09\/43fd6bdcffd78af9216a79f318974747.jpg\" alt=\"\" width=\"626\" height=\"422\" srcset=\"https:\/\/jornalboasnoticias.com.br\/home\/wp-content\/uploads\/2024\/09\/43fd6bdcffd78af9216a79f318974747.jpg 626w, https:\/\/jornalboasnoticias.com.br\/home\/wp-content\/uploads\/2024\/09\/43fd6bdcffd78af9216a79f318974747-300x202.jpg 300w\" sizes=\"auto, (max-width: 626px) 100vw, 626px\" \/><figcaption id=\"caption-attachment-43649\" class=\"wp-caption-text\">Reprodu\u00e7\u00e3o\/ Instagram<\/figcaption><\/figure>\n<p>Na manh\u00e3 desta quarta-feira (4), a advogada e influenciadora digital Deolane Bezerra foi presa em Recife (PE) sob a acusa\u00e7\u00e3o de lavagem de dinheiro atrav\u00e9s de jogos ilegais. A a\u00e7\u00e3o faz parte da Opera\u00e7\u00e3o Integration, que investiga a utiliza\u00e7\u00e3o de recursos de jogos de azar para oculta\u00e7\u00e3o de dinheiro. A opera\u00e7\u00e3o, iniciada em abril de 2023, tamb\u00e9m incluiu a emiss\u00e3o de outros 18 mandados de pris\u00e3o e 24 mandados de busca e apreens\u00e3o nas cidades de Recife, Campina Grande (PB), Barueri (SP), Cascavel (PR), Curitiba e Goi\u00e2nia.<\/p>\n<h3>Posicionamento da OAB S\u00e3o Paulo<\/h3>\n<p>Em resposta \u00e0 pris\u00e3o de Deolane, o portal de not\u00edcias Metr\u00f3poles teve acesso ao posicionamento da seccional de S\u00e3o Paulo da Ordem dos Advogados do Brasil (OAB). Embora a OAB-SP n\u00e3o tenha mencionado diretamente o caso da advogada, destacou que toda e qualquer infra\u00e7\u00e3o que chega ao seu conhecimento \u00e9 investigada. Em nota oficial, a OAB-SP esclareceu:<\/p>\n<blockquote><p>\u201cA OAB SP apura toda e qualquer infra\u00e7\u00e3o que chegue a seu conhecimento por interm\u00e9dio de representa\u00e7\u00e3o ou diante de fato divulgado em canais de comunica\u00e7\u00e3o. Por for\u00e7a do Art. 72, par\u00e1grafo 2 da Lei Federal 8.906\/94, os processos s\u00e3o sigilosos e n\u00e3o permitem qualquer divulga\u00e7\u00e3o de provid\u00eancias eventualmente adotadas, nem mesmo acerca de sua instaura\u00e7\u00e3o, sendo que o sigilo vigora at\u00e9 que haja decis\u00e3o condenat\u00f3ria irrecorr\u00edvel que tenha penalizado o advogado(a) com suspens\u00e3o ou exclus\u00e3o dos quadros da OAB.\u201d<\/p><\/blockquote>\n<h3>Defesa de Deolane Bezerra<\/h3>\n<p>A defesa de Deolane Bezerra tamb\u00e9m se manifestou sobre a pris\u00e3o. A advogada Ad\u00e9lia Soares, que representa Deolane, declarou em nota que a opera\u00e7\u00e3o foi inesperada para todos os envolvidos e enfatizou que toda a investiga\u00e7\u00e3o \u00e9 sigilosa. Soares afirmou:<\/p>\n<blockquote><p>\u201cDe antem\u00e3o informamos que nossas clientes possuem condutas inquestion\u00e1veis e nunca se negaram a prestar qualquer tipo de esclarecimento, tal qual far\u00e3o agora.\u201d<\/p><\/blockquote>\n<h3>Quem \u00e9 Deolane Bezerra?<\/h3>\n<p>Deolane Bezerra, de 34 anos, \u00e9 uma advogada e influenciadora digital com mais de 20 milh\u00f5es de seguidores nas redes sociais. Conhecida por sua vida de luxo, Deolane frequentemente compartilha com seus seguidores momentos de viagens, festas, shows, e exibe joias e outros itens de alto valor. Ela ganhou notoriedade ap\u00f3s o falecimento de seu ex-marido, o funkeiro Mc Kevin, que morreu ao cair do 5\u00ba andar de um hotel na Barra da Tijuca, no Rio de Janeiro. Deolane \u00e9 m\u00e3e de tr\u00eas filhos de relacionamentos anteriores ao casamento com o m\u00fasico.<\/p>\n<p>Em 2022, a influencer participou do reality show &#8220;A Fazenda&#8221;, da TV Record, onde fez diversas acusa\u00e7\u00f5es de manipula\u00e7\u00e3o, maus-tratos e at\u00e9 afirmou que chegou a consumir alimentos vencidos durante o programa.<\/p>\n<h3>Detalhes da Opera\u00e7\u00e3o<\/h3>\n<p>A Opera\u00e7\u00e3o Integration, que culminou na pris\u00e3o de Deolane, investiga um esquema de lavagem de dinheiro proveniente de jogos ilegais. As investiga\u00e7\u00f5es apontam que recursos obtidos com jogos de azar eram utilizados para ocultar a origem il\u00edcita do dinheiro. A pris\u00e3o de Deolane Bezerra \u00e9 apenas uma das muitas a\u00e7\u00f5es realizadas pelas autoridades como parte de um esfor\u00e7o maior para combater o crime organizado no pa\u00eds.<\/p>\n<p>&nbsp;<\/p>\n","protected":false},"excerpt":{"rendered":"<p>Na manh\u00e3 desta quarta-feira (4), a advogada e influenciadora digital Deolane Bezerra foi presa em<\/p>\n","protected":false},"author":4,"featured_media":43649,"comment_status":"open","ping_status":"open","sticky":false,"template":"","format":"standard","meta":{"footnotes":""},"categories":[6,3],"tags":[],"class_list":["post-43648","post","type-post","status-publish","format-standard","has-post-thumbnail","hentry","category-brasil","category-destaques"],"yoast_head":"<!-- This site is optimized with the Yoast SEO plugin v27.5 - https:\/\/yoast.com\/product\/yoast-seo-wordpress\/ -->\n<title>OAB se pronuncia sobre pris\u00e3o da advogada e influencer Deolane Bezerra - Jornal<\/title>\n<meta name=\"description\" content=\"OAB se pronuncia sobre pris\u00e3o da advogada e influencer Deolane Bezerra\" \/>\n<meta name=\"robots\" content=\"index, follow, max-snippet:-1, max-image-preview:large, max-video-preview:-1\" \/>\n<link rel=\"canonical\" href=\"https:\/\/jornalboasnoticias.com.br\/home\/oab-se-pronuncia-sobre-prisao-da-advogada-e-influencer-deolane-bezerra\/\" \/>\n<meta property=\"og:locale\" content=\"pt_BR\" \/>\n<meta property=\"og:type\" content=\"article\" \/>\n<meta property=\"og:title\" content=\"OAB se pronuncia sobre pris\u00e3o da advogada e influencer Deolane Bezerra - Jornal\" \/>\n<meta property=\"og:description\" content=\"OAB se pronuncia sobre pris\u00e3o da advogada e influencer Deolane Bezerra\" \/>\n<meta property=\"og:url\" content=\"https:\/\/jornalboasnoticias.com.br\/home\/oab-se-pronuncia-sobre-prisao-da-advogada-e-influencer-deolane-bezerra\/\" \/>\n<meta property=\"og:site_name\" content=\"Jornal\" \/>\n<meta property=\"article:publisher\" content=\"https:\/\/www.facebook.com\/boasnoticiasjornal\" \/>\n<meta property=\"article:published_time\" content=\"2024-09-04T14:07:11+00:00\" \/>\n<meta property=\"og:image\" content=\"https:\/\/jornalboasnoticias.com.br\/home\/wp-content\/uploads\/2024\/09\/43fd6bdcffd78af9216a79f318974747.jpg\" \/>\n\t<meta property=\"og:image:width\" content=\"626\" \/>\n\t<meta property=\"og:image:height\" content=\"422\" \/>\n\t<meta property=\"og:image:type\" content=\"image\/jpeg\" \/>\n<meta name=\"author\" content=\"Ana Luiza Bonatto\" \/>\n<meta name=\"twitter:card\" content=\"summary_large_image\" \/>\n<meta name=\"twitter:label1\" content=\"Escrito por\" \/>\n\t<meta name=\"twitter:data1\" content=\"Ana Luiza Bonatto\" \/>\n\t<meta name=\"twitter:label2\" content=\"Est. tempo de leitura\" \/>\n\t<meta name=\"twitter:data2\" content=\"3 minutos\" \/>\n<script type=\"application\/ld+json\" class=\"yoast-schema-graph\">{\"@context\":\"https:\\\/\\\/schema.org\",\"@graph\":[{\"@type\":\"Article\",\"@id\":\"https:\\\/\\\/jornalboasnoticias.com.br\\\/home\\\/oab-se-pronuncia-sobre-prisao-da-advogada-e-influencer-deolane-bezerra\\\/#article\",\"isPartOf\":{\"@id\":\"https:\\\/\\\/jornalboasnoticias.com.br\\\/home\\\/oab-se-pronuncia-sobre-prisao-da-advogada-e-influencer-deolane-bezerra\\\/\"},\"author\":{\"name\":\"Ana Luiza Bonatto\",\"@id\":\"https:\\\/\\\/jornalboasnoticias.com.br\\\/home\\\/#\\\/schema\\\/person\\\/d641193e0afc6405b390164dac847971\"},\"headline\":\"OAB se pronuncia sobre pris\u00e3o da advogada e influencer Deolane Bezerra\",\"datePublished\":\"2024-09-04T14:07:11+00:00\",\"mainEntityOfPage\":{\"@id\":\"https:\\\/\\\/jornalboasnoticias.com.br\\\/home\\\/oab-se-pronuncia-sobre-prisao-da-advogada-e-influencer-deolane-bezerra\\\/\"},\"wordCount\":558,\"commentCount\":0,\"publisher\":{\"@id\":\"https:\\\/\\\/jornalboasnoticias.com.br\\\/home\\\/#organization\"},\"image\":{\"@id\":\"https:\\\/\\\/jornalboasnoticias.com.br\\\/home\\\/oab-se-pronuncia-sobre-prisao-da-advogada-e-influencer-deolane-bezerra\\\/#primaryimage\"},\"thumbnailUrl\":\"https:\\\/\\\/jornalboasnoticias.com.br\\\/home\\\/wp-content\\\/uploads\\\/2024\\\/09\\\/43fd6bdcffd78af9216a79f318974747.jpg\",\"articleSection\":[\"BRASIL\",\"DESTAQUE\"],\"inLanguage\":\"pt-BR\",\"potentialAction\":[{\"@type\":\"CommentAction\",\"name\":\"Comment\",\"target\":[\"https:\\\/\\\/jornalboasnoticias.com.br\\\/home\\\/oab-se-pronuncia-sobre-prisao-da-advogada-e-influencer-deolane-bezerra\\\/#respond\"]}]},{\"@type\":\"WebPage\",\"@id\":\"https:\\\/\\\/jornalboasnoticias.com.br\\\/home\\\/oab-se-pronuncia-sobre-prisao-da-advogada-e-influencer-deolane-bezerra\\\/\",\"url\":\"https:\\\/\\\/jornalboasnoticias.com.br\\\/home\\\/oab-se-pronuncia-sobre-prisao-da-advogada-e-influencer-deolane-bezerra\\\/\",\"name\":\"OAB se pronuncia sobre pris\u00e3o da advogada e influencer Deolane Bezerra - Jornal\",\"isPartOf\":{\"@id\":\"https:\\\/\\\/jornalboasnoticias.com.br\\\/home\\\/#website\"},\"primaryImageOfPage\":{\"@id\":\"https:\\\/\\\/jornalboasnoticias.com.br\\\/home\\\/oab-se-pronuncia-sobre-prisao-da-advogada-e-influencer-deolane-bezerra\\\/#primaryimage\"},\"image\":{\"@id\":\"https:\\\/\\\/jornalboasnoticias.com.br\\\/home\\\/oab-se-pronuncia-sobre-prisao-da-advogada-e-influencer-deolane-bezerra\\\/#primaryimage\"},\"thumbnailUrl\":\"https:\\\/\\\/jornalboasnoticias.com.br\\\/home\\\/wp-content\\\/uploads\\\/2024\\\/09\\\/43fd6bdcffd78af9216a79f318974747.jpg\",\"datePublished\":\"2024-09-04T14:07:11+00:00\",\"description\":\"OAB se pronuncia sobre pris\u00e3o da advogada e influencer Deolane Bezerra\",\"breadcrumb\":{\"@id\":\"https:\\\/\\\/jornalboasnoticias.com.br\\\/home\\\/oab-se-pronuncia-sobre-prisao-da-advogada-e-influencer-deolane-bezerra\\\/#breadcrumb\"},\"inLanguage\":\"pt-BR\",\"potentialAction\":[{\"@type\":\"ReadAction\",\"target\":[\"https:\\\/\\\/jornalboasnoticias.com.br\\\/home\\\/oab-se-pronuncia-sobre-prisao-da-advogada-e-influencer-deolane-bezerra\\\/\"]}]},{\"@type\":\"ImageObject\",\"inLanguage\":\"pt-BR\",\"@id\":\"https:\\\/\\\/jornalboasnoticias.com.br\\\/home\\\/oab-se-pronuncia-sobre-prisao-da-advogada-e-influencer-deolane-bezerra\\\/#primaryimage\",\"url\":\"https:\\\/\\\/jornalboasnoticias.com.br\\\/home\\\/wp-content\\\/uploads\\\/2024\\\/09\\\/43fd6bdcffd78af9216a79f318974747.jpg\",\"contentUrl\":\"https:\\\/\\\/jornalboasnoticias.com.br\\\/home\\\/wp-content\\\/uploads\\\/2024\\\/09\\\/43fd6bdcffd78af9216a79f318974747.jpg\",\"width\":626,\"height\":422},{\"@type\":\"BreadcrumbList\",\"@id\":\"https:\\\/\\\/jornalboasnoticias.com.br\\\/home\\\/oab-se-pronuncia-sobre-prisao-da-advogada-e-influencer-deolane-bezerra\\\/#breadcrumb\",\"itemListElement\":[{\"@type\":\"ListItem\",\"position\":1,\"name\":\"In\u00edcio\",\"item\":\"https:\\\/\\\/jornalboasnoticias.com.br\\\/home\\\/\"},{\"@type\":\"ListItem\",\"position\":2,\"name\":\"OAB se pronuncia sobre pris\u00e3o da advogada e influencer Deolane Bezerra\"}]},{\"@type\":\"WebSite\",\"@id\":\"https:\\\/\\\/jornalboasnoticias.com.br\\\/home\\\/#website\",\"url\":\"https:\\\/\\\/jornalboasnoticias.com.br\\\/home\\\/\",\"name\":\"Jornal Boas Not\u00edcias\",\"description\":\"Boas not\u00edcias\",\"publisher\":{\"@id\":\"https:\\\/\\\/jornalboasnoticias.com.br\\\/home\\\/#organization\"},\"potentialAction\":[{\"@type\":\"SearchAction\",\"target\":{\"@type\":\"EntryPoint\",\"urlTemplate\":\"https:\\\/\\\/jornalboasnoticias.com.br\\\/home\\\/?s={search_term_string}\"},\"query-input\":{\"@type\":\"PropertyValueSpecification\",\"valueRequired\":true,\"valueName\":\"search_term_string\"}}],\"inLanguage\":\"pt-BR\"},{\"@type\":\"Organization\",\"@id\":\"https:\\\/\\\/jornalboasnoticias.com.br\\\/home\\\/#organization\",\"name\":\"Coq Editora Ltda\",\"alternateName\":\"Jornal Boas Noticias\",\"url\":\"https:\\\/\\\/jornalboasnoticias.com.br\\\/home\\\/\",\"logo\":{\"@type\":\"ImageObject\",\"inLanguage\":\"pt-BR\",\"@id\":\"https:\\\/\\\/jornalboasnoticias.com.br\\\/home\\\/#\\\/schema\\\/logo\\\/image\\\/\",\"url\":\"https:\\\/\\\/jornalboasnoticias.com.br\\\/home\\\/wp-content\\\/uploads\\\/2024\\\/07\\\/cropped-logo.jpg\",\"contentUrl\":\"https:\\\/\\\/jornalboasnoticias.com.br\\\/home\\\/wp-content\\\/uploads\\\/2024\\\/07\\\/cropped-logo.jpg\",\"width\":290,\"height\":142,\"caption\":\"Coq Editora Ltda\"},\"image\":{\"@id\":\"https:\\\/\\\/jornalboasnoticias.com.br\\\/home\\\/#\\\/schema\\\/logo\\\/image\\\/\"},\"sameAs\":[\"https:\\\/\\\/www.facebook.com\\\/boasnoticiasjornal\"]},{\"@type\":\"Person\",\"@id\":\"https:\\\/\\\/jornalboasnoticias.com.br\\\/home\\\/#\\\/schema\\\/person\\\/d641193e0afc6405b390164dac847971\",\"name\":\"Ana Luiza Bonatto\",\"image\":{\"@type\":\"ImageObject\",\"inLanguage\":\"pt-BR\",\"@id\":\"https:\\\/\\\/secure.gravatar.com\\\/avatar\\\/8a055ebe6373371f67ac6fcf313c0ac0b0a91157fdcdb9514fa62927373348f0?s=96&d=mm&r=g\",\"url\":\"https:\\\/\\\/secure.gravatar.com\\\/avatar\\\/8a055ebe6373371f67ac6fcf313c0ac0b0a91157fdcdb9514fa62927373348f0?s=96&d=mm&r=g\",\"contentUrl\":\"https:\\\/\\\/secure.gravatar.com\\\/avatar\\\/8a055ebe6373371f67ac6fcf313c0ac0b0a91157fdcdb9514fa62927373348f0?s=96&d=mm&r=g\",\"caption\":\"Ana Luiza Bonatto\"},\"url\":\"https:\\\/\\\/jornalboasnoticias.com.br\\\/home\\\/author\\\/ana-luiza\\\/\"}]}<\/script>\n<!-- \/ Yoast SEO plugin. -->","yoast_head_json":{"title":"OAB se pronuncia sobre pris\u00e3o da advogada e influencer Deolane Bezerra - Jornal","description":"OAB se pronuncia sobre pris\u00e3o da advogada e influencer Deolane Bezerra","robots":{"index":"index","follow":"follow","max-snippet":"max-snippet:-1","max-image-preview":"max-image-preview:large","max-video-preview":"max-video-preview:-1"},"canonical":"https:\/\/jornalboasnoticias.com.br\/home\/oab-se-pronuncia-sobre-prisao-da-advogada-e-influencer-deolane-bezerra\/","og_locale":"pt_BR","og_type":"article","og_title":"OAB se pronuncia sobre pris\u00e3o da advogada e influencer Deolane Bezerra - Jornal","og_description":"OAB se pronuncia sobre pris\u00e3o da advogada e influencer Deolane Bezerra","og_url":"https:\/\/jornalboasnoticias.com.br\/home\/oab-se-pronuncia-sobre-prisao-da-advogada-e-influencer-deolane-bezerra\/","og_site_name":"Jornal","article_publisher":"https:\/\/www.facebook.com\/boasnoticiasjornal","article_published_time":"2024-09-04T14:07:11+00:00","og_image":[{"width":626,"height":422,"url":"https:\/\/jornalboasnoticias.com.br\/home\/wp-content\/uploads\/2024\/09\/43fd6bdcffd78af9216a79f318974747.jpg","type":"image\/jpeg"}],"author":"Ana Luiza Bonatto","twitter_card":"summary_large_image","twitter_misc":{"Escrito por":"Ana Luiza Bonatto","Est. tempo de leitura":"3 minutos"},"schema":{"@context":"https:\/\/schema.org","@graph":[{"@type":"Article","@id":"https:\/\/jornalboasnoticias.com.br\/home\/oab-se-pronuncia-sobre-prisao-da-advogada-e-influencer-deolane-bezerra\/#article","isPartOf":{"@id":"https:\/\/jornalboasnoticias.com.br\/home\/oab-se-pronuncia-sobre-prisao-da-advogada-e-influencer-deolane-bezerra\/"},"author":{"name":"Ana Luiza Bonatto","@id":"https:\/\/jornalboasnoticias.com.br\/home\/#\/schema\/person\/d641193e0afc6405b390164dac847971"},"headline":"OAB se pronuncia sobre pris\u00e3o da advogada e influencer Deolane Bezerra","datePublished":"2024-09-04T14:07:11+00:00","mainEntityOfPage":{"@id":"https:\/\/jornalboasnoticias.com.br\/home\/oab-se-pronuncia-sobre-prisao-da-advogada-e-influencer-deolane-bezerra\/"},"wordCount":558,"commentCount":0,"publisher":{"@id":"https:\/\/jornalboasnoticias.com.br\/home\/#organization"},"image":{"@id":"https:\/\/jornalboasnoticias.com.br\/home\/oab-se-pronuncia-sobre-prisao-da-advogada-e-influencer-deolane-bezerra\/#primaryimage"},"thumbnailUrl":"https:\/\/jornalboasnoticias.com.br\/home\/wp-content\/uploads\/2024\/09\/43fd6bdcffd78af9216a79f318974747.jpg","articleSection":["BRASIL","DESTAQUE"],"inLanguage":"pt-BR","potentialAction":[{"@type":"CommentAction","name":"Comment","target":["https:\/\/jornalboasnoticias.com.br\/home\/oab-se-pronuncia-sobre-prisao-da-advogada-e-influencer-deolane-bezerra\/#respond"]}]},{"@type":"WebPage","@id":"https:\/\/jornalboasnoticias.com.br\/home\/oab-se-pronuncia-sobre-prisao-da-advogada-e-influencer-deolane-bezerra\/","url":"https:\/\/jornalboasnoticias.com.br\/home\/oab-se-pronuncia-sobre-prisao-da-advogada-e-influencer-deolane-bezerra\/","name":"OAB se pronuncia sobre pris\u00e3o da advogada e influencer Deolane Bezerra - Jornal","isPartOf":{"@id":"https:\/\/jornalboasnoticias.com.br\/home\/#website"},"primaryImageOfPage":{"@id":"https:\/\/jornalboasnoticias.com.br\/home\/oab-se-pronuncia-sobre-prisao-da-advogada-e-influencer-deolane-bezerra\/#primaryimage"},"image":{"@id":"https:\/\/jornalboasnoticias.com.br\/home\/oab-se-pronuncia-sobre-prisao-da-advogada-e-influencer-deolane-bezerra\/#primaryimage"},"thumbnailUrl":"https:\/\/jornalboasnoticias.com.br\/home\/wp-content\/uploads\/2024\/09\/43fd6bdcffd78af9216a79f318974747.jpg","datePublished":"2024-09-04T14:07:11+00:00","description":"OAB se pronuncia sobre pris\u00e3o da advogada e influencer Deolane Bezerra","breadcrumb":{"@id":"https:\/\/jornalboasnoticias.com.br\/home\/oab-se-pronuncia-sobre-prisao-da-advogada-e-influencer-deolane-bezerra\/#breadcrumb"},"inLanguage":"pt-BR","potentialAction":[{"@type":"ReadAction","target":["https:\/\/jornalboasnoticias.com.br\/home\/oab-se-pronuncia-sobre-prisao-da-advogada-e-influencer-deolane-bezerra\/"]}]},{"@type":"ImageObject","inLanguage":"pt-BR","@id":"https:\/\/jornalboasnoticias.com.br\/home\/oab-se-pronuncia-sobre-prisao-da-advogada-e-influencer-deolane-bezerra\/#primaryimage","url":"https:\/\/jornalboasnoticias.com.br\/home\/wp-content\/uploads\/2024\/09\/43fd6bdcffd78af9216a79f318974747.jpg","contentUrl":"https:\/\/jornalboasnoticias.com.br\/home\/wp-content\/uploads\/2024\/09\/43fd6bdcffd78af9216a79f318974747.jpg","width":626,"height":422},{"@type":"BreadcrumbList","@id":"https:\/\/jornalboasnoticias.com.br\/home\/oab-se-pronuncia-sobre-prisao-da-advogada-e-influencer-deolane-bezerra\/#breadcrumb","itemListElement":[{"@type":"ListItem","position":1,"name":"In\u00edcio","item":"https:\/\/jornalboasnoticias.com.br\/home\/"},{"@type":"ListItem","position":2,"name":"OAB se pronuncia sobre pris\u00e3o da advogada e influencer Deolane Bezerra"}]},{"@type":"WebSite","@id":"https:\/\/jornalboasnoticias.com.br\/home\/#website","url":"https:\/\/jornalboasnoticias.com.br\/home\/","name":"Jornal Boas Not\u00edcias","description":"Boas not\u00edcias","publisher":{"@id":"https:\/\/jornalboasnoticias.com.br\/home\/#organization"},"potentialAction":[{"@type":"SearchAction","target":{"@type":"EntryPoint","urlTemplate":"https:\/\/jornalboasnoticias.com.br\/home\/?s={search_term_string}"},"query-input":{"@type":"PropertyValueSpecification","valueRequired":true,"valueName":"search_term_string"}}],"inLanguage":"pt-BR"},{"@type":"Organization","@id":"https:\/\/jornalboasnoticias.com.br\/home\/#organization","name":"Coq Editora Ltda","alternateName":"Jornal Boas Noticias","url":"https:\/\/jornalboasnoticias.com.br\/home\/","logo":{"@type":"ImageObject","inLanguage":"pt-BR","@id":"https:\/\/jornalboasnoticias.com.br\/home\/#\/schema\/logo\/image\/","url":"https:\/\/jornalboasnoticias.com.br\/home\/wp-content\/uploads\/2024\/07\/cropped-logo.jpg","contentUrl":"https:\/\/jornalboasnoticias.com.br\/home\/wp-content\/uploads\/2024\/07\/cropped-logo.jpg","width":290,"height":142,"caption":"Coq Editora Ltda"},"image":{"@id":"https:\/\/jornalboasnoticias.com.br\/home\/#\/schema\/logo\/image\/"},"sameAs":["https:\/\/www.facebook.com\/boasnoticiasjornal"]},{"@type":"Person","@id":"https:\/\/jornalboasnoticias.com.br\/home\/#\/schema\/person\/d641193e0afc6405b390164dac847971","name":"Ana Luiza Bonatto","image":{"@type":"ImageObject","inLanguage":"pt-BR","@id":"https:\/\/secure.gravatar.com\/avatar\/8a055ebe6373371f67ac6fcf313c0ac0b0a91157fdcdb9514fa62927373348f0?s=96&d=mm&r=g","url":"https:\/\/secure.gravatar.com\/avatar\/8a055ebe6373371f67ac6fcf313c0ac0b0a91157fdcdb9514fa62927373348f0?s=96&d=mm&r=g","contentUrl":"https:\/\/secure.gravatar.com\/avatar\/8a055ebe6373371f67ac6fcf313c0ac0b0a91157fdcdb9514fa62927373348f0?s=96&d=mm&r=g","caption":"Ana Luiza Bonatto"},"url":"https:\/\/jornalboasnoticias.com.br\/home\/author\/ana-luiza\/"}]}},"_links":{"self":[{"href":"https:\/\/jornalboasnoticias.com.br\/home\/wp-json\/wp\/v2\/posts\/43648","targetHints":{"allow":["GET"]}}],"collection":[{"href":"https:\/\/jornalboasnoticias.com.br\/home\/wp-json\/wp\/v2\/posts"}],"about":[{"href":"https:\/\/jornalboasnoticias.com.br\/home\/wp-json\/wp\/v2\/types\/post"}],"author":[{"embeddable":true,"href":"https:\/\/jornalboasnoticias.com.br\/home\/wp-json\/wp\/v2\/users\/4"}],"replies":[{"embeddable":true,"href":"https:\/\/jornalboasnoticias.com.br\/home\/wp-json\/wp\/v2\/comments?post=43648"}],"version-history":[{"count":1,"href":"https:\/\/jornalboasnoticias.com.br\/home\/wp-json\/wp\/v2\/posts\/43648\/revisions"}],"predecessor-version":[{"id":43650,"href":"https:\/\/jornalboasnoticias.com.br\/home\/wp-json\/wp\/v2\/posts\/43648\/revisions\/43650"}],"wp:featuredmedia":[{"embeddable":true,"href":"https:\/\/jornalboasnoticias.com.br\/home\/wp-json\/wp\/v2\/media\/43649"}],"wp:attachment":[{"href":"https:\/\/jornalboasnoticias.com.br\/home\/wp-json\/wp\/v2\/media?parent=43648"}],"wp:term":[{"taxonomy":"category","embeddable":true,"href":"https:\/\/jornalboasnoticias.com.br\/home\/wp-json\/wp\/v2\/categories?post=43648"},{"taxonomy":"post_tag","embeddable":true,"href":"https:\/\/jornalboasnoticias.com.br\/home\/wp-json\/wp\/v2\/tags?post=43648"}],"curies":[{"name":"wp","href":"https:\/\/api.w.org\/{rel}","templated":true}]}}