{"id":43645,"date":"2024-09-04T13:55:07","date_gmt":"2024-09-04T13:55:07","guid":{"rendered":"https:\/\/jornalboasnoticias.com.br\/home\/?p=43645"},"modified":"2024-09-04T13:55:07","modified_gmt":"2024-09-04T13:55:07","slug":"com-mais-de-160-mil-doses-aplicadas-vacinacao-nas-escolas-e-prorrogada","status":"publish","type":"post","link":"https:\/\/jornalboasnoticias.com.br\/home\/com-mais-de-160-mil-doses-aplicadas-vacinacao-nas-escolas-e-prorrogada\/","title":{"rendered":"Com mais de 160 mil doses aplicadas, vacina\u00e7\u00e3o nas escolas \u00e9 prorrogada"},"content":{"rendered":"<div class=\"not-escopo-destaque\">\n<div><\/div>\n<div><img loading=\"lazy\" decoding=\"async\" class=\"wp-image-43646 size-full\" src=\"https:\/\/jornalboasnoticias.com.br\/home\/wp-content\/uploads\/2024\/09\/img_8751-scaled.jpg\" alt=\"\" width=\"2560\" height=\"1920\" srcset=\"https:\/\/jornalboasnoticias.com.br\/home\/wp-content\/uploads\/2024\/09\/img_8751-scaled.jpg 2560w, https:\/\/jornalboasnoticias.com.br\/home\/wp-content\/uploads\/2024\/09\/img_8751-300x225.jpg 300w, https:\/\/jornalboasnoticias.com.br\/home\/wp-content\/uploads\/2024\/09\/img_8751-1024x768.jpg 1024w, https:\/\/jornalboasnoticias.com.br\/home\/wp-content\/uploads\/2024\/09\/img_8751-768x576.jpg 768w, https:\/\/jornalboasnoticias.com.br\/home\/wp-content\/uploads\/2024\/09\/img_8751-1536x1152.jpg 1536w, https:\/\/jornalboasnoticias.com.br\/home\/wp-content\/uploads\/2024\/09\/img_8751-2048x1536.jpg 2048w, https:\/\/jornalboasnoticias.com.br\/home\/wp-content\/uploads\/2024\/09\/img_8751-200x150.jpg 200w\" sizes=\"auto, (max-width: 2560px) 100vw, 2560px\" \/><\/div>\n<\/div>\n<div class=\"not-escopo-destaque\">\n<div class=\"field field--name-field-escopo-destaque field--type-string-long field--label-hidden field--item\">Foto: SESA-PR<\/div>\n<blockquote>\n<div class=\"not-escopo-destaque\">\n<div class=\"field field--name-field-escopo-destaque field--type-string-long field--label-hidden field--item\">A a\u00e7\u00e3o, que integra tamb\u00e9m a Secretaria da Educa\u00e7\u00e3o (Seed), deve se estender at\u00e9 o dia 16 de setembro ou at\u00e9 que a vacina\u00e7\u00e3o seja realizada em todas as escolas estaduais, garantindo que todos os alunos tenham a oportunidade de se imunizar.<\/div>\n<\/div>\n<\/blockquote>\n<div>\n<p>A Secretaria de Estado da Sa\u00fade (Sesa) confirmou nesta ter\u00e7a-feira (4) a prorroga\u00e7\u00e3o da campanha de vacina\u00e7\u00e3o nas escolas do Paran\u00e1. A a\u00e7\u00e3o, que integra tamb\u00e9m a Secretaria da Educa\u00e7\u00e3o (Seed), deve se estender at\u00e9 o dia 16 de setembro ou at\u00e9 que a vacina\u00e7\u00e3o seja realizada em todas as escolas estaduais, garantindo que todos os alunos tenham a oportunidade de se imunizar.<\/p>\n<p>Desde o in\u00edcio da campanha, no dia 5 de agosto, a iniciativa j\u00e1 aplicou 167.983 doses de vacinas e a avalia\u00e7\u00e3o de 414.817 carteirinhas de vacina\u00e7\u00e3o.<\/p>\n<p>Durante este per\u00edodo, a vacina\u00e7\u00e3o foi realizada em 1.611 escolas estaduais, o que representa 76,57% das unidades. Al\u00e9m disso, outras 262 escolas estaduais est\u00e3o com a vacina\u00e7\u00e3o agendada, totalizando 1.873 escolas atendidas, correspondendo a 89,02% do total de institui\u00e7\u00f5es deste tipo no Paran\u00e1.<\/p>\n<p>Nas escolas municipais, a imuniza\u00e7\u00e3o foi conclu\u00edda em 3.160 unidades, com outras 562 escolas j\u00e1 agendadas, atingindo um total de 3.722 escolas (71,98%).<\/p>\n<p>&#8220;O que temos notado \u00e9 uma aceita\u00e7\u00e3o importante da imuniza\u00e7\u00e3o, o que \u00e9 fundamental para o \u00eaxito dessa campanha\u201d, destacou o secret\u00e1rio de Estado da Sa\u00fade, C\u00e9sar Neves. \u201cSeguimos dialogando com os pais e refor\u00e7ando a import\u00e2ncia da vacina. Imunizar \u00e9 um ato seguro e, principalmente, uma a\u00e7\u00e3o de amor para com as nossas fam\u00edlias&#8221;.<\/p>\n<p><strong>CONSENTIMENTO\u00a0<\/strong>\u2013 A vacina\u00e7\u00e3o acontece a partir da autoriza\u00e7\u00e3o dos pais ou respons\u00e1veis, ap\u00f3s a assinatura de um termo de consentimento. Antes de cada aplica\u00e7\u00e3o, as equipes de sa\u00fade avaliam a carteirinha do estudante para determinar quais vacinas ele poder\u00e1 receber.<\/p>\n<p>O imunizante da Influenza est\u00e1 integralmente dispon\u00edvel em todas as institui\u00e7\u00f5es que participam da campanha. Os alunos tamb\u00e9m podem atualizar outras vacinas, como a pentavalente, pneumoc\u00f3cica 10, poliomielite, DTP e HPV. Elas previnem, entre outras doen\u00e7as, coqueluche, difteria, t\u00e9tano e hepatite B. \u00c9 v\u00e1lido notar que estes imunizantes poder\u00e3o variar de acordo com a estrat\u00e9gia de distribui\u00e7\u00e3o adotada pelos munic\u00edpios.<\/p>\n<\/div>\n","protected":false},"excerpt":{"rendered":"<p>Foto: SESA-PR A a\u00e7\u00e3o, que integra tamb\u00e9m a Secretaria da Educa\u00e7\u00e3o (Seed), deve se estender<\/p>\n","protected":false},"author":4,"featured_media":43646,"comment_status":"open","ping_status":"open","sticky":false,"template":"","format":"standard","meta":{"footnotes":""},"categories":[3,4],"tags":[],"class_list":["post-43645","post","type-post","status-publish","format-standard","has-post-thumbnail","hentry","category-destaques","category-parana"],"yoast_head":"<!-- This site is optimized with the Yoast SEO plugin v27.5 - https:\/\/yoast.com\/product\/yoast-seo-wordpress\/ -->\n<title>Com mais de 160 mil doses aplicadas, vacina\u00e7\u00e3o nas escolas \u00e9 prorrogada - Jornal<\/title>\n<meta name=\"description\" content=\"Com mais de 160 mil doses aplicadas, vacina\u00e7\u00e3o nas escolas \u00e9 prorrogada\" \/>\n<meta name=\"robots\" content=\"index, follow, max-snippet:-1, max-image-preview:large, max-video-preview:-1\" \/>\n<link rel=\"canonical\" href=\"https:\/\/jornalboasnoticias.com.br\/home\/com-mais-de-160-mil-doses-aplicadas-vacinacao-nas-escolas-e-prorrogada\/\" \/>\n<meta property=\"og:locale\" content=\"pt_BR\" \/>\n<meta property=\"og:type\" content=\"article\" \/>\n<meta property=\"og:title\" content=\"Com mais de 160 mil doses aplicadas, vacina\u00e7\u00e3o nas escolas \u00e9 prorrogada - Jornal\" \/>\n<meta property=\"og:description\" content=\"Com mais de 160 mil doses aplicadas, vacina\u00e7\u00e3o nas escolas \u00e9 prorrogada\" \/>\n<meta property=\"og:url\" content=\"https:\/\/jornalboasnoticias.com.br\/home\/com-mais-de-160-mil-doses-aplicadas-vacinacao-nas-escolas-e-prorrogada\/\" \/>\n<meta property=\"og:site_name\" content=\"Jornal\" \/>\n<meta property=\"article:publisher\" content=\"https:\/\/www.facebook.com\/boasnoticiasjornal\" \/>\n<meta property=\"article:published_time\" content=\"2024-09-04T13:55:07+00:00\" \/>\n<meta property=\"og:image\" content=\"https:\/\/jornalboasnoticias.com.br\/home\/wp-content\/uploads\/2024\/09\/img_8751-scaled.jpg\" \/>\n\t<meta property=\"og:image:width\" content=\"2560\" \/>\n\t<meta property=\"og:image:height\" content=\"1920\" \/>\n\t<meta property=\"og:image:type\" content=\"image\/jpeg\" \/>\n<meta name=\"author\" content=\"Ana Luiza Bonatto\" \/>\n<meta name=\"twitter:card\" content=\"summary_large_image\" \/>\n<meta name=\"twitter:label1\" content=\"Escrito por\" \/>\n\t<meta name=\"twitter:data1\" content=\"Ana Luiza Bonatto\" \/>\n\t<meta name=\"twitter:label2\" content=\"Est. tempo de leitura\" \/>\n\t<meta name=\"twitter:data2\" content=\"2 minutos\" \/>\n<script type=\"application\/ld+json\" class=\"yoast-schema-graph\">{\"@context\":\"https:\\\/\\\/schema.org\",\"@graph\":[{\"@type\":\"Article\",\"@id\":\"https:\\\/\\\/jornalboasnoticias.com.br\\\/home\\\/com-mais-de-160-mil-doses-aplicadas-vacinacao-nas-escolas-e-prorrogada\\\/#article\",\"isPartOf\":{\"@id\":\"https:\\\/\\\/jornalboasnoticias.com.br\\\/home\\\/com-mais-de-160-mil-doses-aplicadas-vacinacao-nas-escolas-e-prorrogada\\\/\"},\"author\":{\"name\":\"Ana Luiza Bonatto\",\"@id\":\"https:\\\/\\\/jornalboasnoticias.com.br\\\/home\\\/#\\\/schema\\\/person\\\/d641193e0afc6405b390164dac847971\"},\"headline\":\"Com mais de 160 mil doses aplicadas, vacina\u00e7\u00e3o nas escolas \u00e9 prorrogada\",\"datePublished\":\"2024-09-04T13:55:07+00:00\",\"mainEntityOfPage\":{\"@id\":\"https:\\\/\\\/jornalboasnoticias.com.br\\\/home\\\/com-mais-de-160-mil-doses-aplicadas-vacinacao-nas-escolas-e-prorrogada\\\/\"},\"wordCount\":394,\"commentCount\":0,\"publisher\":{\"@id\":\"https:\\\/\\\/jornalboasnoticias.com.br\\\/home\\\/#organization\"},\"image\":{\"@id\":\"https:\\\/\\\/jornalboasnoticias.com.br\\\/home\\\/com-mais-de-160-mil-doses-aplicadas-vacinacao-nas-escolas-e-prorrogada\\\/#primaryimage\"},\"thumbnailUrl\":\"https:\\\/\\\/jornalboasnoticias.com.br\\\/home\\\/wp-content\\\/uploads\\\/2024\\\/09\\\/img_8751-scaled.jpg\",\"articleSection\":[\"DESTAQUE\",\"PARAN\u00c1\"],\"inLanguage\":\"pt-BR\",\"potentialAction\":[{\"@type\":\"CommentAction\",\"name\":\"Comment\",\"target\":[\"https:\\\/\\\/jornalboasnoticias.com.br\\\/home\\\/com-mais-de-160-mil-doses-aplicadas-vacinacao-nas-escolas-e-prorrogada\\\/#respond\"]}]},{\"@type\":\"WebPage\",\"@id\":\"https:\\\/\\\/jornalboasnoticias.com.br\\\/home\\\/com-mais-de-160-mil-doses-aplicadas-vacinacao-nas-escolas-e-prorrogada\\\/\",\"url\":\"https:\\\/\\\/jornalboasnoticias.com.br\\\/home\\\/com-mais-de-160-mil-doses-aplicadas-vacinacao-nas-escolas-e-prorrogada\\\/\",\"name\":\"Com mais de 160 mil doses aplicadas, vacina\u00e7\u00e3o nas escolas \u00e9 prorrogada - Jornal\",\"isPartOf\":{\"@id\":\"https:\\\/\\\/jornalboasnoticias.com.br\\\/home\\\/#website\"},\"primaryImageOfPage\":{\"@id\":\"https:\\\/\\\/jornalboasnoticias.com.br\\\/home\\\/com-mais-de-160-mil-doses-aplicadas-vacinacao-nas-escolas-e-prorrogada\\\/#primaryimage\"},\"image\":{\"@id\":\"https:\\\/\\\/jornalboasnoticias.com.br\\\/home\\\/com-mais-de-160-mil-doses-aplicadas-vacinacao-nas-escolas-e-prorrogada\\\/#primaryimage\"},\"thumbnailUrl\":\"https:\\\/\\\/jornalboasnoticias.com.br\\\/home\\\/wp-content\\\/uploads\\\/2024\\\/09\\\/img_8751-scaled.jpg\",\"datePublished\":\"2024-09-04T13:55:07+00:00\",\"description\":\"Com mais de 160 mil doses aplicadas, vacina\u00e7\u00e3o nas escolas \u00e9 prorrogada\",\"breadcrumb\":{\"@id\":\"https:\\\/\\\/jornalboasnoticias.com.br\\\/home\\\/com-mais-de-160-mil-doses-aplicadas-vacinacao-nas-escolas-e-prorrogada\\\/#breadcrumb\"},\"inLanguage\":\"pt-BR\",\"potentialAction\":[{\"@type\":\"ReadAction\",\"target\":[\"https:\\\/\\\/jornalboasnoticias.com.br\\\/home\\\/com-mais-de-160-mil-doses-aplicadas-vacinacao-nas-escolas-e-prorrogada\\\/\"]}]},{\"@type\":\"ImageObject\",\"inLanguage\":\"pt-BR\",\"@id\":\"https:\\\/\\\/jornalboasnoticias.com.br\\\/home\\\/com-mais-de-160-mil-doses-aplicadas-vacinacao-nas-escolas-e-prorrogada\\\/#primaryimage\",\"url\":\"https:\\\/\\\/jornalboasnoticias.com.br\\\/home\\\/wp-content\\\/uploads\\\/2024\\\/09\\\/img_8751-scaled.jpg\",\"contentUrl\":\"https:\\\/\\\/jornalboasnoticias.com.br\\\/home\\\/wp-content\\\/uploads\\\/2024\\\/09\\\/img_8751-scaled.jpg\",\"width\":2560,\"height\":1920,\"caption\":\"Foto: SESA-PR\"},{\"@type\":\"BreadcrumbList\",\"@id\":\"https:\\\/\\\/jornalboasnoticias.com.br\\\/home\\\/com-mais-de-160-mil-doses-aplicadas-vacinacao-nas-escolas-e-prorrogada\\\/#breadcrumb\",\"itemListElement\":[{\"@type\":\"ListItem\",\"position\":1,\"name\":\"In\u00edcio\",\"item\":\"https:\\\/\\\/jornalboasnoticias.com.br\\\/home\\\/\"},{\"@type\":\"ListItem\",\"position\":2,\"name\":\"Com mais de 160 mil doses aplicadas, vacina\u00e7\u00e3o nas escolas \u00e9 prorrogada\"}]},{\"@type\":\"WebSite\",\"@id\":\"https:\\\/\\\/jornalboasnoticias.com.br\\\/home\\\/#website\",\"url\":\"https:\\\/\\\/jornalboasnoticias.com.br\\\/home\\\/\",\"name\":\"Jornal Boas Not\u00edcias\",\"description\":\"Boas not\u00edcias\",\"publisher\":{\"@id\":\"https:\\\/\\\/jornalboasnoticias.com.br\\\/home\\\/#organization\"},\"potentialAction\":[{\"@type\":\"SearchAction\",\"target\":{\"@type\":\"EntryPoint\",\"urlTemplate\":\"https:\\\/\\\/jornalboasnoticias.com.br\\\/home\\\/?s={search_term_string}\"},\"query-input\":{\"@type\":\"PropertyValueSpecification\",\"valueRequired\":true,\"valueName\":\"search_term_string\"}}],\"inLanguage\":\"pt-BR\"},{\"@type\":\"Organization\",\"@id\":\"https:\\\/\\\/jornalboasnoticias.com.br\\\/home\\\/#organization\",\"name\":\"Coq Editora Ltda\",\"alternateName\":\"Jornal Boas Noticias\",\"url\":\"https:\\\/\\\/jornalboasnoticias.com.br\\\/home\\\/\",\"logo\":{\"@type\":\"ImageObject\",\"inLanguage\":\"pt-BR\",\"@id\":\"https:\\\/\\\/jornalboasnoticias.com.br\\\/home\\\/#\\\/schema\\\/logo\\\/image\\\/\",\"url\":\"https:\\\/\\\/jornalboasnoticias.com.br\\\/home\\\/wp-content\\\/uploads\\\/2024\\\/07\\\/cropped-logo.jpg\",\"contentUrl\":\"https:\\\/\\\/jornalboasnoticias.com.br\\\/home\\\/wp-content\\\/uploads\\\/2024\\\/07\\\/cropped-logo.jpg\",\"width\":290,\"height\":142,\"caption\":\"Coq Editora Ltda\"},\"image\":{\"@id\":\"https:\\\/\\\/jornalboasnoticias.com.br\\\/home\\\/#\\\/schema\\\/logo\\\/image\\\/\"},\"sameAs\":[\"https:\\\/\\\/www.facebook.com\\\/boasnoticiasjornal\"]},{\"@type\":\"Person\",\"@id\":\"https:\\\/\\\/jornalboasnoticias.com.br\\\/home\\\/#\\\/schema\\\/person\\\/d641193e0afc6405b390164dac847971\",\"name\":\"Ana Luiza Bonatto\",\"image\":{\"@type\":\"ImageObject\",\"inLanguage\":\"pt-BR\",\"@id\":\"https:\\\/\\\/secure.gravatar.com\\\/avatar\\\/8a055ebe6373371f67ac6fcf313c0ac0b0a91157fdcdb9514fa62927373348f0?s=96&d=mm&r=g\",\"url\":\"https:\\\/\\\/secure.gravatar.com\\\/avatar\\\/8a055ebe6373371f67ac6fcf313c0ac0b0a91157fdcdb9514fa62927373348f0?s=96&d=mm&r=g\",\"contentUrl\":\"https:\\\/\\\/secure.gravatar.com\\\/avatar\\\/8a055ebe6373371f67ac6fcf313c0ac0b0a91157fdcdb9514fa62927373348f0?s=96&d=mm&r=g\",\"caption\":\"Ana Luiza Bonatto\"},\"url\":\"https:\\\/\\\/jornalboasnoticias.com.br\\\/home\\\/author\\\/ana-luiza\\\/\"}]}<\/script>\n<!-- \/ Yoast SEO plugin. -->","yoast_head_json":{"title":"Com mais de 160 mil doses aplicadas, vacina\u00e7\u00e3o nas escolas \u00e9 prorrogada - Jornal","description":"Com mais de 160 mil doses aplicadas, vacina\u00e7\u00e3o nas escolas \u00e9 prorrogada","robots":{"index":"index","follow":"follow","max-snippet":"max-snippet:-1","max-image-preview":"max-image-preview:large","max-video-preview":"max-video-preview:-1"},"canonical":"https:\/\/jornalboasnoticias.com.br\/home\/com-mais-de-160-mil-doses-aplicadas-vacinacao-nas-escolas-e-prorrogada\/","og_locale":"pt_BR","og_type":"article","og_title":"Com mais de 160 mil doses aplicadas, vacina\u00e7\u00e3o nas escolas \u00e9 prorrogada - Jornal","og_description":"Com mais de 160 mil doses aplicadas, vacina\u00e7\u00e3o nas escolas \u00e9 prorrogada","og_url":"https:\/\/jornalboasnoticias.com.br\/home\/com-mais-de-160-mil-doses-aplicadas-vacinacao-nas-escolas-e-prorrogada\/","og_site_name":"Jornal","article_publisher":"https:\/\/www.facebook.com\/boasnoticiasjornal","article_published_time":"2024-09-04T13:55:07+00:00","og_image":[{"width":2560,"height":1920,"url":"https:\/\/jornalboasnoticias.com.br\/home\/wp-content\/uploads\/2024\/09\/img_8751-scaled.jpg","type":"image\/jpeg"}],"author":"Ana Luiza Bonatto","twitter_card":"summary_large_image","twitter_misc":{"Escrito por":"Ana Luiza Bonatto","Est. tempo de leitura":"2 minutos"},"schema":{"@context":"https:\/\/schema.org","@graph":[{"@type":"Article","@id":"https:\/\/jornalboasnoticias.com.br\/home\/com-mais-de-160-mil-doses-aplicadas-vacinacao-nas-escolas-e-prorrogada\/#article","isPartOf":{"@id":"https:\/\/jornalboasnoticias.com.br\/home\/com-mais-de-160-mil-doses-aplicadas-vacinacao-nas-escolas-e-prorrogada\/"},"author":{"name":"Ana Luiza Bonatto","@id":"https:\/\/jornalboasnoticias.com.br\/home\/#\/schema\/person\/d641193e0afc6405b390164dac847971"},"headline":"Com mais de 160 mil doses aplicadas, vacina\u00e7\u00e3o nas escolas \u00e9 prorrogada","datePublished":"2024-09-04T13:55:07+00:00","mainEntityOfPage":{"@id":"https:\/\/jornalboasnoticias.com.br\/home\/com-mais-de-160-mil-doses-aplicadas-vacinacao-nas-escolas-e-prorrogada\/"},"wordCount":394,"commentCount":0,"publisher":{"@id":"https:\/\/jornalboasnoticias.com.br\/home\/#organization"},"image":{"@id":"https:\/\/jornalboasnoticias.com.br\/home\/com-mais-de-160-mil-doses-aplicadas-vacinacao-nas-escolas-e-prorrogada\/#primaryimage"},"thumbnailUrl":"https:\/\/jornalboasnoticias.com.br\/home\/wp-content\/uploads\/2024\/09\/img_8751-scaled.jpg","articleSection":["DESTAQUE","PARAN\u00c1"],"inLanguage":"pt-BR","potentialAction":[{"@type":"CommentAction","name":"Comment","target":["https:\/\/jornalboasnoticias.com.br\/home\/com-mais-de-160-mil-doses-aplicadas-vacinacao-nas-escolas-e-prorrogada\/#respond"]}]},{"@type":"WebPage","@id":"https:\/\/jornalboasnoticias.com.br\/home\/com-mais-de-160-mil-doses-aplicadas-vacinacao-nas-escolas-e-prorrogada\/","url":"https:\/\/jornalboasnoticias.com.br\/home\/com-mais-de-160-mil-doses-aplicadas-vacinacao-nas-escolas-e-prorrogada\/","name":"Com mais de 160 mil doses aplicadas, vacina\u00e7\u00e3o nas escolas \u00e9 prorrogada - Jornal","isPartOf":{"@id":"https:\/\/jornalboasnoticias.com.br\/home\/#website"},"primaryImageOfPage":{"@id":"https:\/\/jornalboasnoticias.com.br\/home\/com-mais-de-160-mil-doses-aplicadas-vacinacao-nas-escolas-e-prorrogada\/#primaryimage"},"image":{"@id":"https:\/\/jornalboasnoticias.com.br\/home\/com-mais-de-160-mil-doses-aplicadas-vacinacao-nas-escolas-e-prorrogada\/#primaryimage"},"thumbnailUrl":"https:\/\/jornalboasnoticias.com.br\/home\/wp-content\/uploads\/2024\/09\/img_8751-scaled.jpg","datePublished":"2024-09-04T13:55:07+00:00","description":"Com mais de 160 mil doses aplicadas, vacina\u00e7\u00e3o nas escolas \u00e9 prorrogada","breadcrumb":{"@id":"https:\/\/jornalboasnoticias.com.br\/home\/com-mais-de-160-mil-doses-aplicadas-vacinacao-nas-escolas-e-prorrogada\/#breadcrumb"},"inLanguage":"pt-BR","potentialAction":[{"@type":"ReadAction","target":["https:\/\/jornalboasnoticias.com.br\/home\/com-mais-de-160-mil-doses-aplicadas-vacinacao-nas-escolas-e-prorrogada\/"]}]},{"@type":"ImageObject","inLanguage":"pt-BR","@id":"https:\/\/jornalboasnoticias.com.br\/home\/com-mais-de-160-mil-doses-aplicadas-vacinacao-nas-escolas-e-prorrogada\/#primaryimage","url":"https:\/\/jornalboasnoticias.com.br\/home\/wp-content\/uploads\/2024\/09\/img_8751-scaled.jpg","contentUrl":"https:\/\/jornalboasnoticias.com.br\/home\/wp-content\/uploads\/2024\/09\/img_8751-scaled.jpg","width":2560,"height":1920,"caption":"Foto: SESA-PR"},{"@type":"BreadcrumbList","@id":"https:\/\/jornalboasnoticias.com.br\/home\/com-mais-de-160-mil-doses-aplicadas-vacinacao-nas-escolas-e-prorrogada\/#breadcrumb","itemListElement":[{"@type":"ListItem","position":1,"name":"In\u00edcio","item":"https:\/\/jornalboasnoticias.com.br\/home\/"},{"@type":"ListItem","position":2,"name":"Com mais de 160 mil doses aplicadas, vacina\u00e7\u00e3o nas escolas \u00e9 prorrogada"}]},{"@type":"WebSite","@id":"https:\/\/jornalboasnoticias.com.br\/home\/#website","url":"https:\/\/jornalboasnoticias.com.br\/home\/","name":"Jornal Boas Not\u00edcias","description":"Boas not\u00edcias","publisher":{"@id":"https:\/\/jornalboasnoticias.com.br\/home\/#organization"},"potentialAction":[{"@type":"SearchAction","target":{"@type":"EntryPoint","urlTemplate":"https:\/\/jornalboasnoticias.com.br\/home\/?s={search_term_string}"},"query-input":{"@type":"PropertyValueSpecification","valueRequired":true,"valueName":"search_term_string"}}],"inLanguage":"pt-BR"},{"@type":"Organization","@id":"https:\/\/jornalboasnoticias.com.br\/home\/#organization","name":"Coq Editora Ltda","alternateName":"Jornal Boas Noticias","url":"https:\/\/jornalboasnoticias.com.br\/home\/","logo":{"@type":"ImageObject","inLanguage":"pt-BR","@id":"https:\/\/jornalboasnoticias.com.br\/home\/#\/schema\/logo\/image\/","url":"https:\/\/jornalboasnoticias.com.br\/home\/wp-content\/uploads\/2024\/07\/cropped-logo.jpg","contentUrl":"https:\/\/jornalboasnoticias.com.br\/home\/wp-content\/uploads\/2024\/07\/cropped-logo.jpg","width":290,"height":142,"caption":"Coq Editora Ltda"},"image":{"@id":"https:\/\/jornalboasnoticias.com.br\/home\/#\/schema\/logo\/image\/"},"sameAs":["https:\/\/www.facebook.com\/boasnoticiasjornal"]},{"@type":"Person","@id":"https:\/\/jornalboasnoticias.com.br\/home\/#\/schema\/person\/d641193e0afc6405b390164dac847971","name":"Ana Luiza Bonatto","image":{"@type":"ImageObject","inLanguage":"pt-BR","@id":"https:\/\/secure.gravatar.com\/avatar\/8a055ebe6373371f67ac6fcf313c0ac0b0a91157fdcdb9514fa62927373348f0?s=96&d=mm&r=g","url":"https:\/\/secure.gravatar.com\/avatar\/8a055ebe6373371f67ac6fcf313c0ac0b0a91157fdcdb9514fa62927373348f0?s=96&d=mm&r=g","contentUrl":"https:\/\/secure.gravatar.com\/avatar\/8a055ebe6373371f67ac6fcf313c0ac0b0a91157fdcdb9514fa62927373348f0?s=96&d=mm&r=g","caption":"Ana Luiza Bonatto"},"url":"https:\/\/jornalboasnoticias.com.br\/home\/author\/ana-luiza\/"}]}},"_links":{"self":[{"href":"https:\/\/jornalboasnoticias.com.br\/home\/wp-json\/wp\/v2\/posts\/43645","targetHints":{"allow":["GET"]}}],"collection":[{"href":"https:\/\/jornalboasnoticias.com.br\/home\/wp-json\/wp\/v2\/posts"}],"about":[{"href":"https:\/\/jornalboasnoticias.com.br\/home\/wp-json\/wp\/v2\/types\/post"}],"author":[{"embeddable":true,"href":"https:\/\/jornalboasnoticias.com.br\/home\/wp-json\/wp\/v2\/users\/4"}],"replies":[{"embeddable":true,"href":"https:\/\/jornalboasnoticias.com.br\/home\/wp-json\/wp\/v2\/comments?post=43645"}],"version-history":[{"count":1,"href":"https:\/\/jornalboasnoticias.com.br\/home\/wp-json\/wp\/v2\/posts\/43645\/revisions"}],"predecessor-version":[{"id":43647,"href":"https:\/\/jornalboasnoticias.com.br\/home\/wp-json\/wp\/v2\/posts\/43645\/revisions\/43647"}],"wp:featuredmedia":[{"embeddable":true,"href":"https:\/\/jornalboasnoticias.com.br\/home\/wp-json\/wp\/v2\/media\/43646"}],"wp:attachment":[{"href":"https:\/\/jornalboasnoticias.com.br\/home\/wp-json\/wp\/v2\/media?parent=43645"}],"wp:term":[{"taxonomy":"category","embeddable":true,"href":"https:\/\/jornalboasnoticias.com.br\/home\/wp-json\/wp\/v2\/categories?post=43645"},{"taxonomy":"post_tag","embeddable":true,"href":"https:\/\/jornalboasnoticias.com.br\/home\/wp-json\/wp\/v2\/tags?post=43645"}],"curies":[{"name":"wp","href":"https:\/\/api.w.org\/{rel}","templated":true}]}}