{"id":43629,"date":"2024-09-04T12:41:13","date_gmt":"2024-09-04T12:41:13","guid":{"rendered":"https:\/\/jornalboasnoticias.com.br\/home\/?p=43629"},"modified":"2024-09-04T12:41:13","modified_gmt":"2024-09-04T12:41:13","slug":"silveira-pede-plano-de-contingencia-ao-operador-do-sistema-eletrico","status":"publish","type":"post","link":"https:\/\/jornalboasnoticias.com.br\/home\/silveira-pede-plano-de-contingencia-ao-operador-do-sistema-eletrico\/","title":{"rendered":"Silveira pede plano de conting\u00eancia ao Operador do Sistema El\u00e9trico"},"content":{"rendered":"<div class=\"row\">\n<figure id=\"attachment_43630\" aria-describedby=\"caption-attachment-43630\" style=\"width: 1170px\" class=\"wp-caption alignnone\"><img loading=\"lazy\" decoding=\"async\" class=\"wp-image-43630 size-full\" src=\"https:\/\/jornalboasnoticias.com.br\/home\/wp-content\/uploads\/2024\/09\/pzzb2641.webp\" alt=\"\" width=\"1170\" height=\"700\" srcset=\"https:\/\/jornalboasnoticias.com.br\/home\/wp-content\/uploads\/2024\/09\/pzzb2641.webp 1170w, https:\/\/jornalboasnoticias.com.br\/home\/wp-content\/uploads\/2024\/09\/pzzb2641-300x179.webp 300w, https:\/\/jornalboasnoticias.com.br\/home\/wp-content\/uploads\/2024\/09\/pzzb2641-1024x613.webp 1024w, https:\/\/jornalboasnoticias.com.br\/home\/wp-content\/uploads\/2024\/09\/pzzb2641-768x459.webp 768w\" sizes=\"auto, (max-width: 1170px) 100vw, 1170px\" \/><figcaption id=\"caption-attachment-43630\" class=\"wp-caption-text\">Foto: \u00a9 Ag\u00eancia Brasil<\/figcaption><\/figure>\n<\/div>\n<blockquote>\n<div class=\"row\">\n<p>&nbsp;<\/p>\n<p class=\"col-10 offset-1 animated fadeInDown dealy-900 display-8 display-md-8 alt-font font-italic my-1 text-center\">Objetivo \u00e9 garantir seguran\u00e7a energ\u00e9tica do pa\u00eds at\u00e9 2026<\/p>\n<\/div>\n<\/blockquote>\n<p>O ministro de Minas e Energia, Alexandre Silveira, solicitou nesta ter\u00e7a-feira (3) que o Operador Nacional do Sistema El\u00e9trico (ONS) elabore um plano de conting\u00eancia capaz de garantir a seguran\u00e7a energ\u00e9tica no pa\u00eds at\u00e9 2026.<img decoding=\"async\" src=\"https:\/\/agenciabrasil.ebc.com.br\/ebc.png?id=1610531&amp;o=node\" \/><img decoding=\"async\" src=\"https:\/\/agenciabrasil.ebc.com.br\/ebc.gif?id=1610531&amp;o=node\" \/><\/p>\n<p>O pedido ocorreu durante encontro preparat\u00f3rio da 295\u00aa reuni\u00e3o do Comit\u00ea de Monitoramento do Setor El\u00e9trico (CMSE). No encontro, Silveira refor\u00e7ou a necessidade de acionar as termel\u00e9tricas devido ao per\u00edodo de seca verificado nos \u00faltimos meses.<\/p>\n<blockquote><p>&#8220;A seca acima da m\u00e9dia que vem castigando diversas regi\u00f5es do pa\u00eds tem exigido de n\u00f3s, gestores do setor el\u00e9trico, que tomemos medidas urgentes. A seguran\u00e7a energ\u00e9tica do Brasil \u00e9 uma prioridade do governo Lula&#8221;, disse o ministro aos diretores do ONS.<\/p><\/blockquote>\n<p>Os meses de junho, julho e agosto deste ano registraram o menor volume de chuvas nas regi\u00f5es Sudeste e Centro-Oeste nos \u00faltimos 94 anos. Com a piora nos reservat\u00f3rios devido \u00e0 seca, a expectativa \u00e9 um acionamento de 70% a 80% das termel\u00e9tricas, para garantir a oferta de energia.<\/p>\n<p>O Comit\u00ea de Monitoramento do Setor El\u00e9trico foi criado pela lei 10.848 de 2024, tendo por miss\u00e3o acompanhar e avaliar, permanentemente, a continuidade e a seguran\u00e7a do suprimento de energia em todo o territ\u00f3rio nacional.<\/p>\n<p>O comit\u00ea \u00e9 formado por quatro representantes do Minist\u00e9rio de Minas e Energia, e por titulares dos \u00f3rg\u00e3os como a Ag\u00eancia Nacional de Energia El\u00e9trica (Aneel), Ag\u00eancia Nacional do Petr\u00f3leo (ANP), C\u00e2mara de Comercializa\u00e7\u00e3o de Energia El\u00e9trica (CCEE), Empresa de Pesquisa Energ\u00e9tica (EPE) e Operador Nacional do Sistema El\u00e9trico (ONS).<\/p>\n<p>&nbsp;<\/p>\n","protected":false},"excerpt":{"rendered":"<p>&nbsp; Objetivo \u00e9 garantir seguran\u00e7a energ\u00e9tica do pa\u00eds at\u00e9 2026 O ministro de Minas e<\/p>\n","protected":false},"author":4,"featured_media":43630,"comment_status":"open","ping_status":"open","sticky":false,"template":"","format":"standard","meta":{"footnotes":""},"categories":[3,5],"tags":[],"class_list":["post-43629","post","type-post","status-publish","format-standard","has-post-thumbnail","hentry","category-destaques","category-economia"],"yoast_head":"<!-- This site is optimized with the Yoast SEO plugin v27.5 - https:\/\/yoast.com\/product\/yoast-seo-wordpress\/ -->\n<title>Silveira pede plano de conting\u00eancia ao Operador do Sistema El\u00e9trico - Jornal<\/title>\n<meta name=\"description\" content=\"Silveira pede plano de conting\u00eancia ao Operador do Sistema El\u00e9trico\" \/>\n<meta name=\"robots\" content=\"index, follow, max-snippet:-1, max-image-preview:large, max-video-preview:-1\" \/>\n<link rel=\"canonical\" href=\"https:\/\/jornalboasnoticias.com.br\/home\/silveira-pede-plano-de-contingencia-ao-operador-do-sistema-eletrico\/\" \/>\n<meta property=\"og:locale\" content=\"pt_BR\" \/>\n<meta property=\"og:type\" content=\"article\" \/>\n<meta property=\"og:title\" content=\"Silveira pede plano de conting\u00eancia ao Operador do Sistema El\u00e9trico - Jornal\" \/>\n<meta property=\"og:description\" content=\"Silveira pede plano de conting\u00eancia ao Operador do Sistema El\u00e9trico\" \/>\n<meta property=\"og:url\" content=\"https:\/\/jornalboasnoticias.com.br\/home\/silveira-pede-plano-de-contingencia-ao-operador-do-sistema-eletrico\/\" \/>\n<meta property=\"og:site_name\" content=\"Jornal\" \/>\n<meta property=\"article:publisher\" content=\"https:\/\/www.facebook.com\/boasnoticiasjornal\" \/>\n<meta property=\"article:published_time\" content=\"2024-09-04T12:41:13+00:00\" \/>\n<meta property=\"og:image\" content=\"https:\/\/jornalboasnoticias.com.br\/home\/wp-content\/uploads\/2024\/09\/pzzb2641.webp\" \/>\n\t<meta property=\"og:image:width\" content=\"1170\" \/>\n\t<meta property=\"og:image:height\" content=\"700\" \/>\n\t<meta property=\"og:image:type\" content=\"image\/webp\" \/>\n<meta name=\"author\" content=\"Ana Luiza Bonatto\" \/>\n<meta name=\"twitter:card\" content=\"summary_large_image\" \/>\n<meta name=\"twitter:label1\" content=\"Escrito por\" \/>\n\t<meta name=\"twitter:data1\" content=\"Ana Luiza Bonatto\" \/>\n\t<meta name=\"twitter:label2\" content=\"Est. tempo de leitura\" \/>\n\t<meta name=\"twitter:data2\" content=\"2 minutos\" \/>\n<script type=\"application\/ld+json\" class=\"yoast-schema-graph\">{\"@context\":\"https:\\\/\\\/schema.org\",\"@graph\":[{\"@type\":\"Article\",\"@id\":\"https:\\\/\\\/jornalboasnoticias.com.br\\\/home\\\/silveira-pede-plano-de-contingencia-ao-operador-do-sistema-eletrico\\\/#article\",\"isPartOf\":{\"@id\":\"https:\\\/\\\/jornalboasnoticias.com.br\\\/home\\\/silveira-pede-plano-de-contingencia-ao-operador-do-sistema-eletrico\\\/\"},\"author\":{\"name\":\"Ana Luiza Bonatto\",\"@id\":\"https:\\\/\\\/jornalboasnoticias.com.br\\\/home\\\/#\\\/schema\\\/person\\\/d641193e0afc6405b390164dac847971\"},\"headline\":\"Silveira pede plano de conting\u00eancia ao Operador do Sistema El\u00e9trico\",\"datePublished\":\"2024-09-04T12:41:13+00:00\",\"mainEntityOfPage\":{\"@id\":\"https:\\\/\\\/jornalboasnoticias.com.br\\\/home\\\/silveira-pede-plano-de-contingencia-ao-operador-do-sistema-eletrico\\\/\"},\"wordCount\":307,\"commentCount\":0,\"publisher\":{\"@id\":\"https:\\\/\\\/jornalboasnoticias.com.br\\\/home\\\/#organization\"},\"image\":{\"@id\":\"https:\\\/\\\/jornalboasnoticias.com.br\\\/home\\\/silveira-pede-plano-de-contingencia-ao-operador-do-sistema-eletrico\\\/#primaryimage\"},\"thumbnailUrl\":\"https:\\\/\\\/jornalboasnoticias.com.br\\\/home\\\/wp-content\\\/uploads\\\/2024\\\/09\\\/pzzb2641.webp\",\"articleSection\":[\"DESTAQUE\",\"ECONOMIA\"],\"inLanguage\":\"pt-BR\",\"potentialAction\":[{\"@type\":\"CommentAction\",\"name\":\"Comment\",\"target\":[\"https:\\\/\\\/jornalboasnoticias.com.br\\\/home\\\/silveira-pede-plano-de-contingencia-ao-operador-do-sistema-eletrico\\\/#respond\"]}]},{\"@type\":\"WebPage\",\"@id\":\"https:\\\/\\\/jornalboasnoticias.com.br\\\/home\\\/silveira-pede-plano-de-contingencia-ao-operador-do-sistema-eletrico\\\/\",\"url\":\"https:\\\/\\\/jornalboasnoticias.com.br\\\/home\\\/silveira-pede-plano-de-contingencia-ao-operador-do-sistema-eletrico\\\/\",\"name\":\"Silveira pede plano de conting\u00eancia ao Operador do Sistema El\u00e9trico - Jornal\",\"isPartOf\":{\"@id\":\"https:\\\/\\\/jornalboasnoticias.com.br\\\/home\\\/#website\"},\"primaryImageOfPage\":{\"@id\":\"https:\\\/\\\/jornalboasnoticias.com.br\\\/home\\\/silveira-pede-plano-de-contingencia-ao-operador-do-sistema-eletrico\\\/#primaryimage\"},\"image\":{\"@id\":\"https:\\\/\\\/jornalboasnoticias.com.br\\\/home\\\/silveira-pede-plano-de-contingencia-ao-operador-do-sistema-eletrico\\\/#primaryimage\"},\"thumbnailUrl\":\"https:\\\/\\\/jornalboasnoticias.com.br\\\/home\\\/wp-content\\\/uploads\\\/2024\\\/09\\\/pzzb2641.webp\",\"datePublished\":\"2024-09-04T12:41:13+00:00\",\"description\":\"Silveira pede plano de conting\u00eancia ao Operador do Sistema El\u00e9trico\",\"breadcrumb\":{\"@id\":\"https:\\\/\\\/jornalboasnoticias.com.br\\\/home\\\/silveira-pede-plano-de-contingencia-ao-operador-do-sistema-eletrico\\\/#breadcrumb\"},\"inLanguage\":\"pt-BR\",\"potentialAction\":[{\"@type\":\"ReadAction\",\"target\":[\"https:\\\/\\\/jornalboasnoticias.com.br\\\/home\\\/silveira-pede-plano-de-contingencia-ao-operador-do-sistema-eletrico\\\/\"]}]},{\"@type\":\"ImageObject\",\"inLanguage\":\"pt-BR\",\"@id\":\"https:\\\/\\\/jornalboasnoticias.com.br\\\/home\\\/silveira-pede-plano-de-contingencia-ao-operador-do-sistema-eletrico\\\/#primaryimage\",\"url\":\"https:\\\/\\\/jornalboasnoticias.com.br\\\/home\\\/wp-content\\\/uploads\\\/2024\\\/09\\\/pzzb2641.webp\",\"contentUrl\":\"https:\\\/\\\/jornalboasnoticias.com.br\\\/home\\\/wp-content\\\/uploads\\\/2024\\\/09\\\/pzzb2641.webp\",\"width\":1170,\"height\":700,\"caption\":\"Foto: \u00a9 Ag\u00eancia Brasil\"},{\"@type\":\"BreadcrumbList\",\"@id\":\"https:\\\/\\\/jornalboasnoticias.com.br\\\/home\\\/silveira-pede-plano-de-contingencia-ao-operador-do-sistema-eletrico\\\/#breadcrumb\",\"itemListElement\":[{\"@type\":\"ListItem\",\"position\":1,\"name\":\"In\u00edcio\",\"item\":\"https:\\\/\\\/jornalboasnoticias.com.br\\\/home\\\/\"},{\"@type\":\"ListItem\",\"position\":2,\"name\":\"Silveira pede plano de conting\u00eancia ao Operador do Sistema El\u00e9trico\"}]},{\"@type\":\"WebSite\",\"@id\":\"https:\\\/\\\/jornalboasnoticias.com.br\\\/home\\\/#website\",\"url\":\"https:\\\/\\\/jornalboasnoticias.com.br\\\/home\\\/\",\"name\":\"Jornal Boas Not\u00edcias\",\"description\":\"Boas not\u00edcias\",\"publisher\":{\"@id\":\"https:\\\/\\\/jornalboasnoticias.com.br\\\/home\\\/#organization\"},\"potentialAction\":[{\"@type\":\"SearchAction\",\"target\":{\"@type\":\"EntryPoint\",\"urlTemplate\":\"https:\\\/\\\/jornalboasnoticias.com.br\\\/home\\\/?s={search_term_string}\"},\"query-input\":{\"@type\":\"PropertyValueSpecification\",\"valueRequired\":true,\"valueName\":\"search_term_string\"}}],\"inLanguage\":\"pt-BR\"},{\"@type\":\"Organization\",\"@id\":\"https:\\\/\\\/jornalboasnoticias.com.br\\\/home\\\/#organization\",\"name\":\"Coq Editora Ltda\",\"alternateName\":\"Jornal Boas Noticias\",\"url\":\"https:\\\/\\\/jornalboasnoticias.com.br\\\/home\\\/\",\"logo\":{\"@type\":\"ImageObject\",\"inLanguage\":\"pt-BR\",\"@id\":\"https:\\\/\\\/jornalboasnoticias.com.br\\\/home\\\/#\\\/schema\\\/logo\\\/image\\\/\",\"url\":\"https:\\\/\\\/jornalboasnoticias.com.br\\\/home\\\/wp-content\\\/uploads\\\/2024\\\/07\\\/cropped-logo.jpg\",\"contentUrl\":\"https:\\\/\\\/jornalboasnoticias.com.br\\\/home\\\/wp-content\\\/uploads\\\/2024\\\/07\\\/cropped-logo.jpg\",\"width\":290,\"height\":142,\"caption\":\"Coq Editora Ltda\"},\"image\":{\"@id\":\"https:\\\/\\\/jornalboasnoticias.com.br\\\/home\\\/#\\\/schema\\\/logo\\\/image\\\/\"},\"sameAs\":[\"https:\\\/\\\/www.facebook.com\\\/boasnoticiasjornal\"]},{\"@type\":\"Person\",\"@id\":\"https:\\\/\\\/jornalboasnoticias.com.br\\\/home\\\/#\\\/schema\\\/person\\\/d641193e0afc6405b390164dac847971\",\"name\":\"Ana Luiza Bonatto\",\"image\":{\"@type\":\"ImageObject\",\"inLanguage\":\"pt-BR\",\"@id\":\"https:\\\/\\\/secure.gravatar.com\\\/avatar\\\/8a055ebe6373371f67ac6fcf313c0ac0b0a91157fdcdb9514fa62927373348f0?s=96&d=mm&r=g\",\"url\":\"https:\\\/\\\/secure.gravatar.com\\\/avatar\\\/8a055ebe6373371f67ac6fcf313c0ac0b0a91157fdcdb9514fa62927373348f0?s=96&d=mm&r=g\",\"contentUrl\":\"https:\\\/\\\/secure.gravatar.com\\\/avatar\\\/8a055ebe6373371f67ac6fcf313c0ac0b0a91157fdcdb9514fa62927373348f0?s=96&d=mm&r=g\",\"caption\":\"Ana Luiza Bonatto\"},\"url\":\"https:\\\/\\\/jornalboasnoticias.com.br\\\/home\\\/author\\\/ana-luiza\\\/\"}]}<\/script>\n<!-- \/ Yoast SEO plugin. -->","yoast_head_json":{"title":"Silveira pede plano de conting\u00eancia ao Operador do Sistema El\u00e9trico - Jornal","description":"Silveira pede plano de conting\u00eancia ao Operador do Sistema El\u00e9trico","robots":{"index":"index","follow":"follow","max-snippet":"max-snippet:-1","max-image-preview":"max-image-preview:large","max-video-preview":"max-video-preview:-1"},"canonical":"https:\/\/jornalboasnoticias.com.br\/home\/silveira-pede-plano-de-contingencia-ao-operador-do-sistema-eletrico\/","og_locale":"pt_BR","og_type":"article","og_title":"Silveira pede plano de conting\u00eancia ao Operador do Sistema El\u00e9trico - Jornal","og_description":"Silveira pede plano de conting\u00eancia ao Operador do Sistema El\u00e9trico","og_url":"https:\/\/jornalboasnoticias.com.br\/home\/silveira-pede-plano-de-contingencia-ao-operador-do-sistema-eletrico\/","og_site_name":"Jornal","article_publisher":"https:\/\/www.facebook.com\/boasnoticiasjornal","article_published_time":"2024-09-04T12:41:13+00:00","og_image":[{"width":1170,"height":700,"url":"https:\/\/jornalboasnoticias.com.br\/home\/wp-content\/uploads\/2024\/09\/pzzb2641.webp","type":"image\/webp"}],"author":"Ana Luiza Bonatto","twitter_card":"summary_large_image","twitter_misc":{"Escrito por":"Ana Luiza Bonatto","Est. tempo de leitura":"2 minutos"},"schema":{"@context":"https:\/\/schema.org","@graph":[{"@type":"Article","@id":"https:\/\/jornalboasnoticias.com.br\/home\/silveira-pede-plano-de-contingencia-ao-operador-do-sistema-eletrico\/#article","isPartOf":{"@id":"https:\/\/jornalboasnoticias.com.br\/home\/silveira-pede-plano-de-contingencia-ao-operador-do-sistema-eletrico\/"},"author":{"name":"Ana Luiza Bonatto","@id":"https:\/\/jornalboasnoticias.com.br\/home\/#\/schema\/person\/d641193e0afc6405b390164dac847971"},"headline":"Silveira pede plano de conting\u00eancia ao Operador do Sistema El\u00e9trico","datePublished":"2024-09-04T12:41:13+00:00","mainEntityOfPage":{"@id":"https:\/\/jornalboasnoticias.com.br\/home\/silveira-pede-plano-de-contingencia-ao-operador-do-sistema-eletrico\/"},"wordCount":307,"commentCount":0,"publisher":{"@id":"https:\/\/jornalboasnoticias.com.br\/home\/#organization"},"image":{"@id":"https:\/\/jornalboasnoticias.com.br\/home\/silveira-pede-plano-de-contingencia-ao-operador-do-sistema-eletrico\/#primaryimage"},"thumbnailUrl":"https:\/\/jornalboasnoticias.com.br\/home\/wp-content\/uploads\/2024\/09\/pzzb2641.webp","articleSection":["DESTAQUE","ECONOMIA"],"inLanguage":"pt-BR","potentialAction":[{"@type":"CommentAction","name":"Comment","target":["https:\/\/jornalboasnoticias.com.br\/home\/silveira-pede-plano-de-contingencia-ao-operador-do-sistema-eletrico\/#respond"]}]},{"@type":"WebPage","@id":"https:\/\/jornalboasnoticias.com.br\/home\/silveira-pede-plano-de-contingencia-ao-operador-do-sistema-eletrico\/","url":"https:\/\/jornalboasnoticias.com.br\/home\/silveira-pede-plano-de-contingencia-ao-operador-do-sistema-eletrico\/","name":"Silveira pede plano de conting\u00eancia ao Operador do Sistema El\u00e9trico - Jornal","isPartOf":{"@id":"https:\/\/jornalboasnoticias.com.br\/home\/#website"},"primaryImageOfPage":{"@id":"https:\/\/jornalboasnoticias.com.br\/home\/silveira-pede-plano-de-contingencia-ao-operador-do-sistema-eletrico\/#primaryimage"},"image":{"@id":"https:\/\/jornalboasnoticias.com.br\/home\/silveira-pede-plano-de-contingencia-ao-operador-do-sistema-eletrico\/#primaryimage"},"thumbnailUrl":"https:\/\/jornalboasnoticias.com.br\/home\/wp-content\/uploads\/2024\/09\/pzzb2641.webp","datePublished":"2024-09-04T12:41:13+00:00","description":"Silveira pede plano de conting\u00eancia ao Operador do Sistema El\u00e9trico","breadcrumb":{"@id":"https:\/\/jornalboasnoticias.com.br\/home\/silveira-pede-plano-de-contingencia-ao-operador-do-sistema-eletrico\/#breadcrumb"},"inLanguage":"pt-BR","potentialAction":[{"@type":"ReadAction","target":["https:\/\/jornalboasnoticias.com.br\/home\/silveira-pede-plano-de-contingencia-ao-operador-do-sistema-eletrico\/"]}]},{"@type":"ImageObject","inLanguage":"pt-BR","@id":"https:\/\/jornalboasnoticias.com.br\/home\/silveira-pede-plano-de-contingencia-ao-operador-do-sistema-eletrico\/#primaryimage","url":"https:\/\/jornalboasnoticias.com.br\/home\/wp-content\/uploads\/2024\/09\/pzzb2641.webp","contentUrl":"https:\/\/jornalboasnoticias.com.br\/home\/wp-content\/uploads\/2024\/09\/pzzb2641.webp","width":1170,"height":700,"caption":"Foto: \u00a9 Ag\u00eancia Brasil"},{"@type":"BreadcrumbList","@id":"https:\/\/jornalboasnoticias.com.br\/home\/silveira-pede-plano-de-contingencia-ao-operador-do-sistema-eletrico\/#breadcrumb","itemListElement":[{"@type":"ListItem","position":1,"name":"In\u00edcio","item":"https:\/\/jornalboasnoticias.com.br\/home\/"},{"@type":"ListItem","position":2,"name":"Silveira pede plano de conting\u00eancia ao Operador do Sistema El\u00e9trico"}]},{"@type":"WebSite","@id":"https:\/\/jornalboasnoticias.com.br\/home\/#website","url":"https:\/\/jornalboasnoticias.com.br\/home\/","name":"Jornal Boas Not\u00edcias","description":"Boas not\u00edcias","publisher":{"@id":"https:\/\/jornalboasnoticias.com.br\/home\/#organization"},"potentialAction":[{"@type":"SearchAction","target":{"@type":"EntryPoint","urlTemplate":"https:\/\/jornalboasnoticias.com.br\/home\/?s={search_term_string}"},"query-input":{"@type":"PropertyValueSpecification","valueRequired":true,"valueName":"search_term_string"}}],"inLanguage":"pt-BR"},{"@type":"Organization","@id":"https:\/\/jornalboasnoticias.com.br\/home\/#organization","name":"Coq Editora Ltda","alternateName":"Jornal Boas Noticias","url":"https:\/\/jornalboasnoticias.com.br\/home\/","logo":{"@type":"ImageObject","inLanguage":"pt-BR","@id":"https:\/\/jornalboasnoticias.com.br\/home\/#\/schema\/logo\/image\/","url":"https:\/\/jornalboasnoticias.com.br\/home\/wp-content\/uploads\/2024\/07\/cropped-logo.jpg","contentUrl":"https:\/\/jornalboasnoticias.com.br\/home\/wp-content\/uploads\/2024\/07\/cropped-logo.jpg","width":290,"height":142,"caption":"Coq Editora Ltda"},"image":{"@id":"https:\/\/jornalboasnoticias.com.br\/home\/#\/schema\/logo\/image\/"},"sameAs":["https:\/\/www.facebook.com\/boasnoticiasjornal"]},{"@type":"Person","@id":"https:\/\/jornalboasnoticias.com.br\/home\/#\/schema\/person\/d641193e0afc6405b390164dac847971","name":"Ana Luiza Bonatto","image":{"@type":"ImageObject","inLanguage":"pt-BR","@id":"https:\/\/secure.gravatar.com\/avatar\/8a055ebe6373371f67ac6fcf313c0ac0b0a91157fdcdb9514fa62927373348f0?s=96&d=mm&r=g","url":"https:\/\/secure.gravatar.com\/avatar\/8a055ebe6373371f67ac6fcf313c0ac0b0a91157fdcdb9514fa62927373348f0?s=96&d=mm&r=g","contentUrl":"https:\/\/secure.gravatar.com\/avatar\/8a055ebe6373371f67ac6fcf313c0ac0b0a91157fdcdb9514fa62927373348f0?s=96&d=mm&r=g","caption":"Ana Luiza Bonatto"},"url":"https:\/\/jornalboasnoticias.com.br\/home\/author\/ana-luiza\/"}]}},"_links":{"self":[{"href":"https:\/\/jornalboasnoticias.com.br\/home\/wp-json\/wp\/v2\/posts\/43629","targetHints":{"allow":["GET"]}}],"collection":[{"href":"https:\/\/jornalboasnoticias.com.br\/home\/wp-json\/wp\/v2\/posts"}],"about":[{"href":"https:\/\/jornalboasnoticias.com.br\/home\/wp-json\/wp\/v2\/types\/post"}],"author":[{"embeddable":true,"href":"https:\/\/jornalboasnoticias.com.br\/home\/wp-json\/wp\/v2\/users\/4"}],"replies":[{"embeddable":true,"href":"https:\/\/jornalboasnoticias.com.br\/home\/wp-json\/wp\/v2\/comments?post=43629"}],"version-history":[{"count":1,"href":"https:\/\/jornalboasnoticias.com.br\/home\/wp-json\/wp\/v2\/posts\/43629\/revisions"}],"predecessor-version":[{"id":43631,"href":"https:\/\/jornalboasnoticias.com.br\/home\/wp-json\/wp\/v2\/posts\/43629\/revisions\/43631"}],"wp:featuredmedia":[{"embeddable":true,"href":"https:\/\/jornalboasnoticias.com.br\/home\/wp-json\/wp\/v2\/media\/43630"}],"wp:attachment":[{"href":"https:\/\/jornalboasnoticias.com.br\/home\/wp-json\/wp\/v2\/media?parent=43629"}],"wp:term":[{"taxonomy":"category","embeddable":true,"href":"https:\/\/jornalboasnoticias.com.br\/home\/wp-json\/wp\/v2\/categories?post=43629"},{"taxonomy":"post_tag","embeddable":true,"href":"https:\/\/jornalboasnoticias.com.br\/home\/wp-json\/wp\/v2\/tags?post=43629"}],"curies":[{"name":"wp","href":"https:\/\/api.w.org\/{rel}","templated":true}]}}