{"id":43623,"date":"2024-09-04T12:37:37","date_gmt":"2024-09-04T12:37:37","guid":{"rendered":"https:\/\/jornalboasnoticias.com.br\/home\/?p=43623"},"modified":"2024-09-04T12:37:37","modified_gmt":"2024-09-04T12:37:37","slug":"brasil-fala-em-preocupacao-com-ordem-de-prisao-de-opositor-de-maduro","status":"publish","type":"post","link":"https:\/\/jornalboasnoticias.com.br\/home\/brasil-fala-em-preocupacao-com-ordem-de-prisao-de-opositor-de-maduro\/","title":{"rendered":"Brasil fala em \u201cpreocupa\u00e7\u00e3o\u201d com ordem de pris\u00e3o de opositor de Maduro"},"content":{"rendered":"<div class=\"row\">\n<figure id=\"attachment_43624\" aria-describedby=\"caption-attachment-43624\" style=\"width: 800px\" class=\"wp-caption alignnone\"><img loading=\"lazy\" decoding=\"async\" class=\"wp-image-43624 size-full\" src=\"https:\/\/jornalboasnoticias.com.br\/home\/wp-content\/uploads\/2024\/09\/xYAYn4dX5RrLQ8xzwM7fzCBlBH3OOAwVrJ5HVSfV.webp\" alt=\"\" width=\"800\" height=\"533\" srcset=\"https:\/\/jornalboasnoticias.com.br\/home\/wp-content\/uploads\/2024\/09\/xYAYn4dX5RrLQ8xzwM7fzCBlBH3OOAwVrJ5HVSfV.webp 800w, https:\/\/jornalboasnoticias.com.br\/home\/wp-content\/uploads\/2024\/09\/xYAYn4dX5RrLQ8xzwM7fzCBlBH3OOAwVrJ5HVSfV-300x200.webp 300w, https:\/\/jornalboasnoticias.com.br\/home\/wp-content\/uploads\/2024\/09\/xYAYn4dX5RrLQ8xzwM7fzCBlBH3OOAwVrJ5HVSfV-768x512.webp 768w\" sizes=\"auto, (max-width: 800px) 100vw, 800px\" \/><figcaption id=\"caption-attachment-43624\" class=\"wp-caption-text\">Foto: Gabriela Oraa\/AFP<\/figcaption><\/figure>\n<\/div>\n<blockquote>\n<div class=\"row\">\n<p class=\"col-10 offset-1 animated fadeInDown dealy-900 display-8 display-md-8 alt-font font-italic my-1 text-center\">Itamaraty lembrou dos compromissos assumidos nos Acordos de Barbados<\/p>\n<\/div>\n<\/blockquote>\n<p>O governo brasileiro manifestou \u201cprofunda preocupa\u00e7\u00e3o\u201d com a decis\u00e3o da Procuradoria-Geral da Venezuela de\u00a0pedir a pris\u00e3o de Edmundo Gonz\u00e1lez, um dos l\u00edderes da oposi\u00e7\u00e3o ao governo de Nicol\u00e1s Maduro. A nota conjunta com o governo da Col\u00f4mbia foi divulgada na noite dessa ter\u00e7a-feira (3).<img decoding=\"async\" src=\"https:\/\/agenciabrasil.ebc.com.br\/ebc.png?id=1610533&amp;o=node\" \/><img decoding=\"async\" src=\"https:\/\/agenciabrasil.ebc.com.br\/ebc.gif?id=1610533&amp;o=node\" \/><\/p>\n<p>Segundo a nota, o pedido de pris\u00e3o de Gonz\u00e1lez afeta os compromissos assumidos nos Acordos de Barbados, quando governo e oposi\u00e7\u00e3o, mediados pela Noruega, firmaram compromissos envolvendo um processo eleitoral democr\u00e1tico no pa\u00eds sul-americano.<\/p>\n<p>\u201cOs governos de Brasil e Col\u00f4mbia manifestam profunda preocupa\u00e7\u00e3o com a ordem de apreens\u00e3o emitida pela Justi\u00e7a venezuelana contra o candidato presidencial Edmundo Gonz\u00e1lez Urrutia, no dia de ontem, 2 de setembro. Esta medida judicial afeta gravemente os compromissos assumidos pelo Governo venezuelano no \u00e2mbito dos Acordos de Barbados, em que governo e oposi\u00e7\u00e3o reafirmaram seu compromisso com o fortalecimento da democracia e a promo\u00e7\u00e3o de uma cultura de toler\u00e2ncia e conviv\u00eancia. Dificulta, ademais, a busca por solu\u00e7\u00e3o pac\u00edfica, com base no di\u00e1logo entre as principais for\u00e7as pol\u00edticas venezuelanas\u201d, afirmaram os governos do Brasil e da Col\u00f4mbia.<\/p>\n<p>O pedido de pris\u00e3o contra Edmundo Gonz\u00e1lez foi emitido ap\u00f3s ele n\u00e3o comparecer pela terceira vez \u00e0 sede do Minist\u00e9rio P\u00fablico para explicar a publica\u00e7\u00e3o de supostas atas eleitorais que dariam vit\u00f3ria a ele nas elei\u00e7\u00f5es ocorridas em 28 de julho. A oposi\u00e7\u00e3o diz ter publicado mais de 80% das atas na internet que comprovariam a vit\u00f3ria de Gonz\u00e1lez. O governo, no entanto, acusa a oposi\u00e7\u00e3o de falsificar mais de 9 mil atas publicadas na rede.<\/p>\n<p>O Conselho Nacional Eleitoral (CNE), \u00f3rg\u00e3o respons\u00e1vel pela divulga\u00e7\u00e3o do resultado das elei\u00e7\u00f5es, afirmou que Maduro venceu o pleito, mas n\u00e3o divulgou as atas eleitorais das mais de 30 mil mesas de vota\u00e7\u00e3o. Os documentos\u00a0foram entregues \u00e0 Justi\u00e7a no in\u00edcio de agosto.<\/p>\n<p>&nbsp;<\/p>\n","protected":false},"excerpt":{"rendered":"<p>Itamaraty lembrou dos compromissos assumidos nos Acordos de Barbados O governo brasileiro manifestou \u201cprofunda preocupa\u00e7\u00e3o\u201d<\/p>\n","protected":false},"author":4,"featured_media":43624,"comment_status":"open","ping_status":"open","sticky":false,"template":"","format":"standard","meta":{"footnotes":""},"categories":[3,9],"tags":[],"class_list":["post-43623","post","type-post","status-publish","format-standard","has-post-thumbnail","hentry","category-destaques","category-internacional"],"yoast_head":"<!-- This site is optimized with the Yoast SEO plugin v27.5 - https:\/\/yoast.com\/product\/yoast-seo-wordpress\/ -->\n<title>Brasil fala em \u201cpreocupa\u00e7\u00e3o\u201d com ordem de pris\u00e3o de opositor de Maduro - Jornal<\/title>\n<meta name=\"description\" content=\"Brasil fala em \u201cpreocupa\u00e7\u00e3o\u201d com ordem de pris\u00e3o de opositor de Maduro\" \/>\n<meta name=\"robots\" content=\"index, follow, max-snippet:-1, max-image-preview:large, max-video-preview:-1\" \/>\n<link rel=\"canonical\" href=\"https:\/\/jornalboasnoticias.com.br\/home\/brasil-fala-em-preocupacao-com-ordem-de-prisao-de-opositor-de-maduro\/\" \/>\n<meta property=\"og:locale\" content=\"pt_BR\" \/>\n<meta property=\"og:type\" content=\"article\" \/>\n<meta property=\"og:title\" content=\"Brasil fala em \u201cpreocupa\u00e7\u00e3o\u201d com ordem de pris\u00e3o de opositor de Maduro - Jornal\" \/>\n<meta property=\"og:description\" content=\"Brasil fala em \u201cpreocupa\u00e7\u00e3o\u201d com ordem de pris\u00e3o de opositor de Maduro\" \/>\n<meta property=\"og:url\" content=\"https:\/\/jornalboasnoticias.com.br\/home\/brasil-fala-em-preocupacao-com-ordem-de-prisao-de-opositor-de-maduro\/\" \/>\n<meta property=\"og:site_name\" content=\"Jornal\" \/>\n<meta property=\"article:publisher\" content=\"https:\/\/www.facebook.com\/boasnoticiasjornal\" \/>\n<meta property=\"article:published_time\" content=\"2024-09-04T12:37:37+00:00\" \/>\n<meta property=\"og:image\" content=\"https:\/\/jornalboasnoticias.com.br\/home\/wp-content\/uploads\/2024\/09\/xYAYn4dX5RrLQ8xzwM7fzCBlBH3OOAwVrJ5HVSfV.webp\" \/>\n\t<meta property=\"og:image:width\" content=\"800\" \/>\n\t<meta property=\"og:image:height\" content=\"533\" \/>\n\t<meta property=\"og:image:type\" content=\"image\/webp\" \/>\n<meta name=\"author\" content=\"Ana Luiza Bonatto\" \/>\n<meta name=\"twitter:card\" content=\"summary_large_image\" \/>\n<meta name=\"twitter:label1\" content=\"Escrito por\" \/>\n\t<meta name=\"twitter:data1\" content=\"Ana Luiza Bonatto\" \/>\n\t<meta name=\"twitter:label2\" content=\"Est. tempo de leitura\" \/>\n\t<meta name=\"twitter:data2\" content=\"3 minutos\" \/>\n<script type=\"application\/ld+json\" class=\"yoast-schema-graph\">{\"@context\":\"https:\\\/\\\/schema.org\",\"@graph\":[{\"@type\":\"Article\",\"@id\":\"https:\\\/\\\/jornalboasnoticias.com.br\\\/home\\\/brasil-fala-em-preocupacao-com-ordem-de-prisao-de-opositor-de-maduro\\\/#article\",\"isPartOf\":{\"@id\":\"https:\\\/\\\/jornalboasnoticias.com.br\\\/home\\\/brasil-fala-em-preocupacao-com-ordem-de-prisao-de-opositor-de-maduro\\\/\"},\"author\":{\"name\":\"Ana Luiza Bonatto\",\"@id\":\"https:\\\/\\\/jornalboasnoticias.com.br\\\/home\\\/#\\\/schema\\\/person\\\/d641193e0afc6405b390164dac847971\"},\"headline\":\"Brasil fala em \u201cpreocupa\u00e7\u00e3o\u201d com ordem de pris\u00e3o de opositor de Maduro\",\"datePublished\":\"2024-09-04T12:37:37+00:00\",\"mainEntityOfPage\":{\"@id\":\"https:\\\/\\\/jornalboasnoticias.com.br\\\/home\\\/brasil-fala-em-preocupacao-com-ordem-de-prisao-de-opositor-de-maduro\\\/\"},\"wordCount\":372,\"commentCount\":0,\"publisher\":{\"@id\":\"https:\\\/\\\/jornalboasnoticias.com.br\\\/home\\\/#organization\"},\"image\":{\"@id\":\"https:\\\/\\\/jornalboasnoticias.com.br\\\/home\\\/brasil-fala-em-preocupacao-com-ordem-de-prisao-de-opositor-de-maduro\\\/#primaryimage\"},\"thumbnailUrl\":\"https:\\\/\\\/jornalboasnoticias.com.br\\\/home\\\/wp-content\\\/uploads\\\/2024\\\/09\\\/xYAYn4dX5RrLQ8xzwM7fzCBlBH3OOAwVrJ5HVSfV.webp\",\"articleSection\":[\"DESTAQUE\",\"INTERNACIONAL\"],\"inLanguage\":\"pt-BR\",\"potentialAction\":[{\"@type\":\"CommentAction\",\"name\":\"Comment\",\"target\":[\"https:\\\/\\\/jornalboasnoticias.com.br\\\/home\\\/brasil-fala-em-preocupacao-com-ordem-de-prisao-de-opositor-de-maduro\\\/#respond\"]}]},{\"@type\":\"WebPage\",\"@id\":\"https:\\\/\\\/jornalboasnoticias.com.br\\\/home\\\/brasil-fala-em-preocupacao-com-ordem-de-prisao-de-opositor-de-maduro\\\/\",\"url\":\"https:\\\/\\\/jornalboasnoticias.com.br\\\/home\\\/brasil-fala-em-preocupacao-com-ordem-de-prisao-de-opositor-de-maduro\\\/\",\"name\":\"Brasil fala em \u201cpreocupa\u00e7\u00e3o\u201d com ordem de pris\u00e3o de opositor de Maduro - Jornal\",\"isPartOf\":{\"@id\":\"https:\\\/\\\/jornalboasnoticias.com.br\\\/home\\\/#website\"},\"primaryImageOfPage\":{\"@id\":\"https:\\\/\\\/jornalboasnoticias.com.br\\\/home\\\/brasil-fala-em-preocupacao-com-ordem-de-prisao-de-opositor-de-maduro\\\/#primaryimage\"},\"image\":{\"@id\":\"https:\\\/\\\/jornalboasnoticias.com.br\\\/home\\\/brasil-fala-em-preocupacao-com-ordem-de-prisao-de-opositor-de-maduro\\\/#primaryimage\"},\"thumbnailUrl\":\"https:\\\/\\\/jornalboasnoticias.com.br\\\/home\\\/wp-content\\\/uploads\\\/2024\\\/09\\\/xYAYn4dX5RrLQ8xzwM7fzCBlBH3OOAwVrJ5HVSfV.webp\",\"datePublished\":\"2024-09-04T12:37:37+00:00\",\"description\":\"Brasil fala em \u201cpreocupa\u00e7\u00e3o\u201d com ordem de pris\u00e3o de opositor de Maduro\",\"breadcrumb\":{\"@id\":\"https:\\\/\\\/jornalboasnoticias.com.br\\\/home\\\/brasil-fala-em-preocupacao-com-ordem-de-prisao-de-opositor-de-maduro\\\/#breadcrumb\"},\"inLanguage\":\"pt-BR\",\"potentialAction\":[{\"@type\":\"ReadAction\",\"target\":[\"https:\\\/\\\/jornalboasnoticias.com.br\\\/home\\\/brasil-fala-em-preocupacao-com-ordem-de-prisao-de-opositor-de-maduro\\\/\"]}]},{\"@type\":\"ImageObject\",\"inLanguage\":\"pt-BR\",\"@id\":\"https:\\\/\\\/jornalboasnoticias.com.br\\\/home\\\/brasil-fala-em-preocupacao-com-ordem-de-prisao-de-opositor-de-maduro\\\/#primaryimage\",\"url\":\"https:\\\/\\\/jornalboasnoticias.com.br\\\/home\\\/wp-content\\\/uploads\\\/2024\\\/09\\\/xYAYn4dX5RrLQ8xzwM7fzCBlBH3OOAwVrJ5HVSfV.webp\",\"contentUrl\":\"https:\\\/\\\/jornalboasnoticias.com.br\\\/home\\\/wp-content\\\/uploads\\\/2024\\\/09\\\/xYAYn4dX5RrLQ8xzwM7fzCBlBH3OOAwVrJ5HVSfV.webp\",\"width\":800,\"height\":533,\"caption\":\"Foto: Gabriela Oraa\\\/AFP\"},{\"@type\":\"BreadcrumbList\",\"@id\":\"https:\\\/\\\/jornalboasnoticias.com.br\\\/home\\\/brasil-fala-em-preocupacao-com-ordem-de-prisao-de-opositor-de-maduro\\\/#breadcrumb\",\"itemListElement\":[{\"@type\":\"ListItem\",\"position\":1,\"name\":\"In\u00edcio\",\"item\":\"https:\\\/\\\/jornalboasnoticias.com.br\\\/home\\\/\"},{\"@type\":\"ListItem\",\"position\":2,\"name\":\"Brasil fala em \u201cpreocupa\u00e7\u00e3o\u201d com ordem de pris\u00e3o de opositor de Maduro\"}]},{\"@type\":\"WebSite\",\"@id\":\"https:\\\/\\\/jornalboasnoticias.com.br\\\/home\\\/#website\",\"url\":\"https:\\\/\\\/jornalboasnoticias.com.br\\\/home\\\/\",\"name\":\"Jornal Boas Not\u00edcias\",\"description\":\"Boas not\u00edcias\",\"publisher\":{\"@id\":\"https:\\\/\\\/jornalboasnoticias.com.br\\\/home\\\/#organization\"},\"potentialAction\":[{\"@type\":\"SearchAction\",\"target\":{\"@type\":\"EntryPoint\",\"urlTemplate\":\"https:\\\/\\\/jornalboasnoticias.com.br\\\/home\\\/?s={search_term_string}\"},\"query-input\":{\"@type\":\"PropertyValueSpecification\",\"valueRequired\":true,\"valueName\":\"search_term_string\"}}],\"inLanguage\":\"pt-BR\"},{\"@type\":\"Organization\",\"@id\":\"https:\\\/\\\/jornalboasnoticias.com.br\\\/home\\\/#organization\",\"name\":\"Coq Editora Ltda\",\"alternateName\":\"Jornal Boas Noticias\",\"url\":\"https:\\\/\\\/jornalboasnoticias.com.br\\\/home\\\/\",\"logo\":{\"@type\":\"ImageObject\",\"inLanguage\":\"pt-BR\",\"@id\":\"https:\\\/\\\/jornalboasnoticias.com.br\\\/home\\\/#\\\/schema\\\/logo\\\/image\\\/\",\"url\":\"https:\\\/\\\/jornalboasnoticias.com.br\\\/home\\\/wp-content\\\/uploads\\\/2024\\\/07\\\/cropped-logo.jpg\",\"contentUrl\":\"https:\\\/\\\/jornalboasnoticias.com.br\\\/home\\\/wp-content\\\/uploads\\\/2024\\\/07\\\/cropped-logo.jpg\",\"width\":290,\"height\":142,\"caption\":\"Coq Editora Ltda\"},\"image\":{\"@id\":\"https:\\\/\\\/jornalboasnoticias.com.br\\\/home\\\/#\\\/schema\\\/logo\\\/image\\\/\"},\"sameAs\":[\"https:\\\/\\\/www.facebook.com\\\/boasnoticiasjornal\"]},{\"@type\":\"Person\",\"@id\":\"https:\\\/\\\/jornalboasnoticias.com.br\\\/home\\\/#\\\/schema\\\/person\\\/d641193e0afc6405b390164dac847971\",\"name\":\"Ana Luiza Bonatto\",\"image\":{\"@type\":\"ImageObject\",\"inLanguage\":\"pt-BR\",\"@id\":\"https:\\\/\\\/secure.gravatar.com\\\/avatar\\\/8a055ebe6373371f67ac6fcf313c0ac0b0a91157fdcdb9514fa62927373348f0?s=96&d=mm&r=g\",\"url\":\"https:\\\/\\\/secure.gravatar.com\\\/avatar\\\/8a055ebe6373371f67ac6fcf313c0ac0b0a91157fdcdb9514fa62927373348f0?s=96&d=mm&r=g\",\"contentUrl\":\"https:\\\/\\\/secure.gravatar.com\\\/avatar\\\/8a055ebe6373371f67ac6fcf313c0ac0b0a91157fdcdb9514fa62927373348f0?s=96&d=mm&r=g\",\"caption\":\"Ana Luiza Bonatto\"},\"url\":\"https:\\\/\\\/jornalboasnoticias.com.br\\\/home\\\/author\\\/ana-luiza\\\/\"}]}<\/script>\n<!-- \/ Yoast SEO plugin. -->","yoast_head_json":{"title":"Brasil fala em \u201cpreocupa\u00e7\u00e3o\u201d com ordem de pris\u00e3o de opositor de Maduro - Jornal","description":"Brasil fala em \u201cpreocupa\u00e7\u00e3o\u201d com ordem de pris\u00e3o de opositor de Maduro","robots":{"index":"index","follow":"follow","max-snippet":"max-snippet:-1","max-image-preview":"max-image-preview:large","max-video-preview":"max-video-preview:-1"},"canonical":"https:\/\/jornalboasnoticias.com.br\/home\/brasil-fala-em-preocupacao-com-ordem-de-prisao-de-opositor-de-maduro\/","og_locale":"pt_BR","og_type":"article","og_title":"Brasil fala em \u201cpreocupa\u00e7\u00e3o\u201d com ordem de pris\u00e3o de opositor de Maduro - Jornal","og_description":"Brasil fala em \u201cpreocupa\u00e7\u00e3o\u201d com ordem de pris\u00e3o de opositor de Maduro","og_url":"https:\/\/jornalboasnoticias.com.br\/home\/brasil-fala-em-preocupacao-com-ordem-de-prisao-de-opositor-de-maduro\/","og_site_name":"Jornal","article_publisher":"https:\/\/www.facebook.com\/boasnoticiasjornal","article_published_time":"2024-09-04T12:37:37+00:00","og_image":[{"width":800,"height":533,"url":"https:\/\/jornalboasnoticias.com.br\/home\/wp-content\/uploads\/2024\/09\/xYAYn4dX5RrLQ8xzwM7fzCBlBH3OOAwVrJ5HVSfV.webp","type":"image\/webp"}],"author":"Ana Luiza Bonatto","twitter_card":"summary_large_image","twitter_misc":{"Escrito por":"Ana Luiza Bonatto","Est. tempo de leitura":"3 minutos"},"schema":{"@context":"https:\/\/schema.org","@graph":[{"@type":"Article","@id":"https:\/\/jornalboasnoticias.com.br\/home\/brasil-fala-em-preocupacao-com-ordem-de-prisao-de-opositor-de-maduro\/#article","isPartOf":{"@id":"https:\/\/jornalboasnoticias.com.br\/home\/brasil-fala-em-preocupacao-com-ordem-de-prisao-de-opositor-de-maduro\/"},"author":{"name":"Ana Luiza Bonatto","@id":"https:\/\/jornalboasnoticias.com.br\/home\/#\/schema\/person\/d641193e0afc6405b390164dac847971"},"headline":"Brasil fala em \u201cpreocupa\u00e7\u00e3o\u201d com ordem de pris\u00e3o de opositor de Maduro","datePublished":"2024-09-04T12:37:37+00:00","mainEntityOfPage":{"@id":"https:\/\/jornalboasnoticias.com.br\/home\/brasil-fala-em-preocupacao-com-ordem-de-prisao-de-opositor-de-maduro\/"},"wordCount":372,"commentCount":0,"publisher":{"@id":"https:\/\/jornalboasnoticias.com.br\/home\/#organization"},"image":{"@id":"https:\/\/jornalboasnoticias.com.br\/home\/brasil-fala-em-preocupacao-com-ordem-de-prisao-de-opositor-de-maduro\/#primaryimage"},"thumbnailUrl":"https:\/\/jornalboasnoticias.com.br\/home\/wp-content\/uploads\/2024\/09\/xYAYn4dX5RrLQ8xzwM7fzCBlBH3OOAwVrJ5HVSfV.webp","articleSection":["DESTAQUE","INTERNACIONAL"],"inLanguage":"pt-BR","potentialAction":[{"@type":"CommentAction","name":"Comment","target":["https:\/\/jornalboasnoticias.com.br\/home\/brasil-fala-em-preocupacao-com-ordem-de-prisao-de-opositor-de-maduro\/#respond"]}]},{"@type":"WebPage","@id":"https:\/\/jornalboasnoticias.com.br\/home\/brasil-fala-em-preocupacao-com-ordem-de-prisao-de-opositor-de-maduro\/","url":"https:\/\/jornalboasnoticias.com.br\/home\/brasil-fala-em-preocupacao-com-ordem-de-prisao-de-opositor-de-maduro\/","name":"Brasil fala em \u201cpreocupa\u00e7\u00e3o\u201d com ordem de pris\u00e3o de opositor de Maduro - Jornal","isPartOf":{"@id":"https:\/\/jornalboasnoticias.com.br\/home\/#website"},"primaryImageOfPage":{"@id":"https:\/\/jornalboasnoticias.com.br\/home\/brasil-fala-em-preocupacao-com-ordem-de-prisao-de-opositor-de-maduro\/#primaryimage"},"image":{"@id":"https:\/\/jornalboasnoticias.com.br\/home\/brasil-fala-em-preocupacao-com-ordem-de-prisao-de-opositor-de-maduro\/#primaryimage"},"thumbnailUrl":"https:\/\/jornalboasnoticias.com.br\/home\/wp-content\/uploads\/2024\/09\/xYAYn4dX5RrLQ8xzwM7fzCBlBH3OOAwVrJ5HVSfV.webp","datePublished":"2024-09-04T12:37:37+00:00","description":"Brasil fala em \u201cpreocupa\u00e7\u00e3o\u201d com ordem de pris\u00e3o de opositor de Maduro","breadcrumb":{"@id":"https:\/\/jornalboasnoticias.com.br\/home\/brasil-fala-em-preocupacao-com-ordem-de-prisao-de-opositor-de-maduro\/#breadcrumb"},"inLanguage":"pt-BR","potentialAction":[{"@type":"ReadAction","target":["https:\/\/jornalboasnoticias.com.br\/home\/brasil-fala-em-preocupacao-com-ordem-de-prisao-de-opositor-de-maduro\/"]}]},{"@type":"ImageObject","inLanguage":"pt-BR","@id":"https:\/\/jornalboasnoticias.com.br\/home\/brasil-fala-em-preocupacao-com-ordem-de-prisao-de-opositor-de-maduro\/#primaryimage","url":"https:\/\/jornalboasnoticias.com.br\/home\/wp-content\/uploads\/2024\/09\/xYAYn4dX5RrLQ8xzwM7fzCBlBH3OOAwVrJ5HVSfV.webp","contentUrl":"https:\/\/jornalboasnoticias.com.br\/home\/wp-content\/uploads\/2024\/09\/xYAYn4dX5RrLQ8xzwM7fzCBlBH3OOAwVrJ5HVSfV.webp","width":800,"height":533,"caption":"Foto: Gabriela Oraa\/AFP"},{"@type":"BreadcrumbList","@id":"https:\/\/jornalboasnoticias.com.br\/home\/brasil-fala-em-preocupacao-com-ordem-de-prisao-de-opositor-de-maduro\/#breadcrumb","itemListElement":[{"@type":"ListItem","position":1,"name":"In\u00edcio","item":"https:\/\/jornalboasnoticias.com.br\/home\/"},{"@type":"ListItem","position":2,"name":"Brasil fala em \u201cpreocupa\u00e7\u00e3o\u201d com ordem de pris\u00e3o de opositor de Maduro"}]},{"@type":"WebSite","@id":"https:\/\/jornalboasnoticias.com.br\/home\/#website","url":"https:\/\/jornalboasnoticias.com.br\/home\/","name":"Jornal Boas Not\u00edcias","description":"Boas not\u00edcias","publisher":{"@id":"https:\/\/jornalboasnoticias.com.br\/home\/#organization"},"potentialAction":[{"@type":"SearchAction","target":{"@type":"EntryPoint","urlTemplate":"https:\/\/jornalboasnoticias.com.br\/home\/?s={search_term_string}"},"query-input":{"@type":"PropertyValueSpecification","valueRequired":true,"valueName":"search_term_string"}}],"inLanguage":"pt-BR"},{"@type":"Organization","@id":"https:\/\/jornalboasnoticias.com.br\/home\/#organization","name":"Coq Editora Ltda","alternateName":"Jornal Boas Noticias","url":"https:\/\/jornalboasnoticias.com.br\/home\/","logo":{"@type":"ImageObject","inLanguage":"pt-BR","@id":"https:\/\/jornalboasnoticias.com.br\/home\/#\/schema\/logo\/image\/","url":"https:\/\/jornalboasnoticias.com.br\/home\/wp-content\/uploads\/2024\/07\/cropped-logo.jpg","contentUrl":"https:\/\/jornalboasnoticias.com.br\/home\/wp-content\/uploads\/2024\/07\/cropped-logo.jpg","width":290,"height":142,"caption":"Coq Editora Ltda"},"image":{"@id":"https:\/\/jornalboasnoticias.com.br\/home\/#\/schema\/logo\/image\/"},"sameAs":["https:\/\/www.facebook.com\/boasnoticiasjornal"]},{"@type":"Person","@id":"https:\/\/jornalboasnoticias.com.br\/home\/#\/schema\/person\/d641193e0afc6405b390164dac847971","name":"Ana Luiza Bonatto","image":{"@type":"ImageObject","inLanguage":"pt-BR","@id":"https:\/\/secure.gravatar.com\/avatar\/8a055ebe6373371f67ac6fcf313c0ac0b0a91157fdcdb9514fa62927373348f0?s=96&d=mm&r=g","url":"https:\/\/secure.gravatar.com\/avatar\/8a055ebe6373371f67ac6fcf313c0ac0b0a91157fdcdb9514fa62927373348f0?s=96&d=mm&r=g","contentUrl":"https:\/\/secure.gravatar.com\/avatar\/8a055ebe6373371f67ac6fcf313c0ac0b0a91157fdcdb9514fa62927373348f0?s=96&d=mm&r=g","caption":"Ana Luiza Bonatto"},"url":"https:\/\/jornalboasnoticias.com.br\/home\/author\/ana-luiza\/"}]}},"_links":{"self":[{"href":"https:\/\/jornalboasnoticias.com.br\/home\/wp-json\/wp\/v2\/posts\/43623","targetHints":{"allow":["GET"]}}],"collection":[{"href":"https:\/\/jornalboasnoticias.com.br\/home\/wp-json\/wp\/v2\/posts"}],"about":[{"href":"https:\/\/jornalboasnoticias.com.br\/home\/wp-json\/wp\/v2\/types\/post"}],"author":[{"embeddable":true,"href":"https:\/\/jornalboasnoticias.com.br\/home\/wp-json\/wp\/v2\/users\/4"}],"replies":[{"embeddable":true,"href":"https:\/\/jornalboasnoticias.com.br\/home\/wp-json\/wp\/v2\/comments?post=43623"}],"version-history":[{"count":1,"href":"https:\/\/jornalboasnoticias.com.br\/home\/wp-json\/wp\/v2\/posts\/43623\/revisions"}],"predecessor-version":[{"id":43625,"href":"https:\/\/jornalboasnoticias.com.br\/home\/wp-json\/wp\/v2\/posts\/43623\/revisions\/43625"}],"wp:featuredmedia":[{"embeddable":true,"href":"https:\/\/jornalboasnoticias.com.br\/home\/wp-json\/wp\/v2\/media\/43624"}],"wp:attachment":[{"href":"https:\/\/jornalboasnoticias.com.br\/home\/wp-json\/wp\/v2\/media?parent=43623"}],"wp:term":[{"taxonomy":"category","embeddable":true,"href":"https:\/\/jornalboasnoticias.com.br\/home\/wp-json\/wp\/v2\/categories?post=43623"},{"taxonomy":"post_tag","embeddable":true,"href":"https:\/\/jornalboasnoticias.com.br\/home\/wp-json\/wp\/v2\/tags?post=43623"}],"curies":[{"name":"wp","href":"https:\/\/api.w.org\/{rel}","templated":true}]}}