{"id":43606,"date":"2024-09-03T20:39:28","date_gmt":"2024-09-03T20:39:28","guid":{"rendered":"https:\/\/jornalboasnoticias.com.br\/home\/?p=43606"},"modified":"2024-09-03T20:39:28","modified_gmt":"2024-09-03T20:39:28","slug":"fornecer-dados-biometricos-preocupa-60-dos-brasileiros-diz-pesquisa","status":"publish","type":"post","link":"https:\/\/jornalboasnoticias.com.br\/home\/fornecer-dados-biometricos-preocupa-60-dos-brasileiros-diz-pesquisa\/","title":{"rendered":"Fornecer dados biom\u00e9tricos preocupa 60% dos brasileiros, diz pesquisa"},"content":{"rendered":"<div class=\"row\">\n<figure id=\"attachment_43607\" aria-describedby=\"caption-attachment-43607\" style=\"width: 1170px\" class=\"wp-caption alignnone\"><img loading=\"lazy\" decoding=\"async\" class=\"wp-image-43607 size-full\" src=\"https:\/\/jornalboasnoticias.com.br\/home\/wp-content\/uploads\/2024\/09\/biometria_facia.webp\" alt=\"\" width=\"1170\" height=\"700\" srcset=\"https:\/\/jornalboasnoticias.com.br\/home\/wp-content\/uploads\/2024\/09\/biometria_facia.webp 1170w, https:\/\/jornalboasnoticias.com.br\/home\/wp-content\/uploads\/2024\/09\/biometria_facia-300x179.webp 300w, https:\/\/jornalboasnoticias.com.br\/home\/wp-content\/uploads\/2024\/09\/biometria_facia-1024x613.webp 1024w, https:\/\/jornalboasnoticias.com.br\/home\/wp-content\/uploads\/2024\/09\/biometria_facia-768x459.webp 768w\" sizes=\"auto, (max-width: 1170px) 100vw, 1170px\" \/><figcaption id=\"caption-attachment-43607\" class=\"wp-caption-text\">Foto: \u00a9 Pixabay<\/figcaption><\/figure>\n<\/div>\n<blockquote>\n<div class=\"row\">\n<p class=\"col-10 offset-1 animated fadeInDown dealy-900 display-8 display-md-8 alt-font font-italic my-1 text-center\">Subiu para 30% n\u00famero de empresas que usam biometria<\/p>\n<\/div>\n<\/blockquote>\n<p>Pesquisa do Comit\u00ea Gestor da Internet no Brasil (cgi.br) mostra que subiu a propor\u00e7\u00e3o de empresas brasileiras que mant\u00eam armazenados dados biom\u00e9tricos de seus funcion\u00e1rios ou clientes, como impress\u00f5es digitais e reconhecimento facial. A propor\u00e7\u00e3o aumentou de 24%, em 2021, para 30%, em 2023. Segundo o levantamento, cresceu tamb\u00e9m a quantidade de empresas que mant\u00eam dados de sa\u00fade de funcion\u00e1rios ou clientes, 24% para 26%, no per\u00edodo de 2021 a 2023. A mesma pesquisa aponta que 60% dos brasileiros ficam preocupados em fornecer dados biom\u00e9tricos.\u00a0\u00a0<img decoding=\"async\" src=\"https:\/\/agenciabrasil.ebc.com.br\/ebc.png?id=1610419&amp;o=node\" \/><img decoding=\"async\" src=\"https:\/\/agenciabrasil.ebc.com.br\/ebc.gif?id=1610419&amp;o=node\" \/><\/p>\n<p>Os resultados, lan\u00e7ados nesta segunda-feira (2) pelo CGI, est\u00e3o na 2\u00aa edi\u00e7\u00e3o da\u00a0<a href=\"https:\/\/cetic.br\/pt\/publicacao\/privacidade-e-protecao-de-dados-2023\/\" target=\"_blank\" rel=\"noopener\">pesquisa Privacidade e Prote\u00e7\u00e3o de Dados Pessoais<\/a>, produzido pelo Centro Regional de Estudos para o Desenvolvimento da Sociedade da Informa\u00e7\u00e3o (Cetic.br), que entrevistou, em 2023, indiv\u00edduos, empresas e organiza\u00e7\u00f5es p\u00fablicas.<\/p>\n<p>O levantamento identificou tamb\u00e9m o avan\u00e7o na propor\u00e7\u00e3o de organiza\u00e7\u00f5es que realizaram altera\u00e7\u00f5es em contratos vigentes para adequa\u00e7\u00e3o \u00e0 Lei Geral de Prote\u00e7\u00e3o de Dados Pessoais (LGPD): entre 2021 e 2023, houve crescimento de 24% para 31%, nas pequenas empresas, e de 61% para 67%, nas de grande porte.<\/p>\n<p>Os setores econ\u00f4micos que, no mesmo per\u00edodo, mais implementaram mudan\u00e7as nos contratos em fun\u00e7\u00e3o da LGPD foram os de constru\u00e7\u00e3o (22% para 35%), transportes (38% para 42%), alojamento e alimenta\u00e7\u00e3o (23% para 31%), informa\u00e7\u00e3o e comunica\u00e7\u00e3o (57% para 66%), atividades profissionais (38% para 59%) e servi\u00e7os (26% para 46%).<\/p>\n<p>\u201cA pesquisa mostra que houve avan\u00e7os na conformidade com a LGPD entre as m\u00e9dias e grandes empresas, inclusive em diferentes setores econ\u00f4micos, mas h\u00e1 espa\u00e7o para uma maior presen\u00e7a de boas pr\u00e1ticas de prote\u00e7\u00e3o de dados pessoais, principalmente entre os neg\u00f3cios de menor porte\u201d, destacou o gerente do Cetic.br, Alexandre Barbosa.<\/p>\n<h2>Preocupa\u00e7\u00e3o<\/h2>\n<p>Segundo o levantamento, o fornecimento de dados biom\u00e9tricos \u00e9 a maior preocupa\u00e7\u00e3o dos usu\u00e1rios de internet brasileiros. De acordo com a pesquisa, 32% dos usu\u00e1rios com 16 anos ou mais relataram ficar \u201cmuito preocupados\u201d e outros 28% \u201cpreocupados\u201d diante da necessidade de fornecer esse tipo de dado \u2013 juntas, as propor\u00e7\u00f5es alcan\u00e7am 60%.<\/p>\n<p>O estudo mostra que os usu\u00e1rios ficam mais apreensivos em fornecer dados biom\u00e9tricos para institui\u00e7\u00f5es financeiras (37% \u201cmuito preocupados\u201d e 36% \u201cpreocupados\u201d), \u00f3rg\u00e3os de governo (35% e 38%) e transporte p\u00fablico (34% e 37%).<\/p>\n<blockquote><p>\u201cCom a amplia\u00e7\u00e3o do uso de sistemas baseados em reconhecimento facial e impress\u00e3o digital, \u00e9 compreens\u00edvel que as pessoas estejam mais preocupadas em fornecer seus dados biom\u00e9tricos. Nesse contexto, \u00e9 fundamental que empresas e o governo busquem aprimorar suas estrat\u00e9gias de prote\u00e7\u00e3o de dados pessoais e seguran\u00e7a da informa\u00e7\u00e3o ao adotar este tipo de tecnologia\u201d, ressaltou Barbosa.<\/p><\/blockquote>\n<p>O estudo utilizou indicadores in\u00e9ditos extra\u00eddos de pesquisas realizadas pelo Centro Regional de Estudos para o Desenvolvimento da Sociedade da Informa\u00e7\u00e3o, que entrevistou, em dezembro de 2023, 2.618 pessoas de 16 anos ou mais; 2.075 empresas com dez pessoas ocupadas ou mais, entre mar\u00e7o e dezembro de 2023;\u00a0 677 \u00f3rg\u00e3os federais e estaduais e 4.265 prefeituras, entre julho de 2023 e fevereiro de 2024; 4.117 gestores de estabelecimentos de sa\u00fade brasileiros entre fevereiro e julho de 2023; 3.004 gestores escolares de agosto de 2023 e abril de 2024.<\/p>\n","protected":false},"excerpt":{"rendered":"<p>Subiu para 30% n\u00famero de empresas que usam biometria Pesquisa do Comit\u00ea Gestor da Internet<\/p>\n","protected":false},"author":4,"featured_media":43607,"comment_status":"open","ping_status":"open","sticky":false,"template":"","format":"standard","meta":{"footnotes":""},"categories":[6,3],"tags":[],"class_list":["post-43606","post","type-post","status-publish","format-standard","has-post-thumbnail","hentry","category-brasil","category-destaques"],"yoast_head":"<!-- This site is optimized with the Yoast SEO plugin v27.5 - https:\/\/yoast.com\/product\/yoast-seo-wordpress\/ -->\n<title>Fornecer dados biom\u00e9tricos preocupa 60% dos brasileiros, diz pesquisa - Jornal<\/title>\n<meta name=\"description\" content=\"Fornecer dados biom\u00e9tricos preocupa 60% dos brasileiros, diz pesquisa\" \/>\n<meta name=\"robots\" content=\"index, follow, max-snippet:-1, max-image-preview:large, max-video-preview:-1\" \/>\n<link rel=\"canonical\" href=\"https:\/\/jornalboasnoticias.com.br\/home\/fornecer-dados-biometricos-preocupa-60-dos-brasileiros-diz-pesquisa\/\" \/>\n<meta property=\"og:locale\" content=\"pt_BR\" \/>\n<meta property=\"og:type\" content=\"article\" \/>\n<meta property=\"og:title\" content=\"Fornecer dados biom\u00e9tricos preocupa 60% dos brasileiros, diz pesquisa - Jornal\" \/>\n<meta property=\"og:description\" content=\"Fornecer dados biom\u00e9tricos preocupa 60% dos brasileiros, diz pesquisa\" \/>\n<meta property=\"og:url\" content=\"https:\/\/jornalboasnoticias.com.br\/home\/fornecer-dados-biometricos-preocupa-60-dos-brasileiros-diz-pesquisa\/\" \/>\n<meta property=\"og:site_name\" content=\"Jornal\" \/>\n<meta property=\"article:publisher\" content=\"https:\/\/www.facebook.com\/boasnoticiasjornal\" \/>\n<meta property=\"article:published_time\" content=\"2024-09-03T20:39:28+00:00\" \/>\n<meta property=\"og:image\" content=\"https:\/\/jornalboasnoticias.com.br\/home\/wp-content\/uploads\/2024\/09\/biometria_facia.webp\" \/>\n\t<meta property=\"og:image:width\" content=\"1170\" \/>\n\t<meta property=\"og:image:height\" content=\"700\" \/>\n\t<meta property=\"og:image:type\" content=\"image\/webp\" \/>\n<meta name=\"author\" content=\"Ana Luiza Bonatto\" \/>\n<meta name=\"twitter:card\" content=\"summary_large_image\" \/>\n<meta name=\"twitter:label1\" content=\"Escrito por\" \/>\n\t<meta name=\"twitter:data1\" content=\"Ana Luiza Bonatto\" \/>\n\t<meta name=\"twitter:label2\" content=\"Est. tempo de leitura\" \/>\n\t<meta name=\"twitter:data2\" content=\"4 minutos\" \/>\n<script type=\"application\/ld+json\" class=\"yoast-schema-graph\">{\"@context\":\"https:\\\/\\\/schema.org\",\"@graph\":[{\"@type\":\"Article\",\"@id\":\"https:\\\/\\\/jornalboasnoticias.com.br\\\/home\\\/fornecer-dados-biometricos-preocupa-60-dos-brasileiros-diz-pesquisa\\\/#article\",\"isPartOf\":{\"@id\":\"https:\\\/\\\/jornalboasnoticias.com.br\\\/home\\\/fornecer-dados-biometricos-preocupa-60-dos-brasileiros-diz-pesquisa\\\/\"},\"author\":{\"name\":\"Ana Luiza Bonatto\",\"@id\":\"https:\\\/\\\/jornalboasnoticias.com.br\\\/home\\\/#\\\/schema\\\/person\\\/d641193e0afc6405b390164dac847971\"},\"headline\":\"Fornecer dados biom\u00e9tricos preocupa 60% dos brasileiros, diz pesquisa\",\"datePublished\":\"2024-09-03T20:39:28+00:00\",\"mainEntityOfPage\":{\"@id\":\"https:\\\/\\\/jornalboasnoticias.com.br\\\/home\\\/fornecer-dados-biometricos-preocupa-60-dos-brasileiros-diz-pesquisa\\\/\"},\"wordCount\":551,\"commentCount\":0,\"publisher\":{\"@id\":\"https:\\\/\\\/jornalboasnoticias.com.br\\\/home\\\/#organization\"},\"image\":{\"@id\":\"https:\\\/\\\/jornalboasnoticias.com.br\\\/home\\\/fornecer-dados-biometricos-preocupa-60-dos-brasileiros-diz-pesquisa\\\/#primaryimage\"},\"thumbnailUrl\":\"https:\\\/\\\/jornalboasnoticias.com.br\\\/home\\\/wp-content\\\/uploads\\\/2024\\\/09\\\/biometria_facia.webp\",\"articleSection\":[\"BRASIL\",\"DESTAQUE\"],\"inLanguage\":\"pt-BR\",\"potentialAction\":[{\"@type\":\"CommentAction\",\"name\":\"Comment\",\"target\":[\"https:\\\/\\\/jornalboasnoticias.com.br\\\/home\\\/fornecer-dados-biometricos-preocupa-60-dos-brasileiros-diz-pesquisa\\\/#respond\"]}]},{\"@type\":\"WebPage\",\"@id\":\"https:\\\/\\\/jornalboasnoticias.com.br\\\/home\\\/fornecer-dados-biometricos-preocupa-60-dos-brasileiros-diz-pesquisa\\\/\",\"url\":\"https:\\\/\\\/jornalboasnoticias.com.br\\\/home\\\/fornecer-dados-biometricos-preocupa-60-dos-brasileiros-diz-pesquisa\\\/\",\"name\":\"Fornecer dados biom\u00e9tricos preocupa 60% dos brasileiros, diz pesquisa - Jornal\",\"isPartOf\":{\"@id\":\"https:\\\/\\\/jornalboasnoticias.com.br\\\/home\\\/#website\"},\"primaryImageOfPage\":{\"@id\":\"https:\\\/\\\/jornalboasnoticias.com.br\\\/home\\\/fornecer-dados-biometricos-preocupa-60-dos-brasileiros-diz-pesquisa\\\/#primaryimage\"},\"image\":{\"@id\":\"https:\\\/\\\/jornalboasnoticias.com.br\\\/home\\\/fornecer-dados-biometricos-preocupa-60-dos-brasileiros-diz-pesquisa\\\/#primaryimage\"},\"thumbnailUrl\":\"https:\\\/\\\/jornalboasnoticias.com.br\\\/home\\\/wp-content\\\/uploads\\\/2024\\\/09\\\/biometria_facia.webp\",\"datePublished\":\"2024-09-03T20:39:28+00:00\",\"description\":\"Fornecer dados biom\u00e9tricos preocupa 60% dos brasileiros, diz pesquisa\",\"breadcrumb\":{\"@id\":\"https:\\\/\\\/jornalboasnoticias.com.br\\\/home\\\/fornecer-dados-biometricos-preocupa-60-dos-brasileiros-diz-pesquisa\\\/#breadcrumb\"},\"inLanguage\":\"pt-BR\",\"potentialAction\":[{\"@type\":\"ReadAction\",\"target\":[\"https:\\\/\\\/jornalboasnoticias.com.br\\\/home\\\/fornecer-dados-biometricos-preocupa-60-dos-brasileiros-diz-pesquisa\\\/\"]}]},{\"@type\":\"ImageObject\",\"inLanguage\":\"pt-BR\",\"@id\":\"https:\\\/\\\/jornalboasnoticias.com.br\\\/home\\\/fornecer-dados-biometricos-preocupa-60-dos-brasileiros-diz-pesquisa\\\/#primaryimage\",\"url\":\"https:\\\/\\\/jornalboasnoticias.com.br\\\/home\\\/wp-content\\\/uploads\\\/2024\\\/09\\\/biometria_facia.webp\",\"contentUrl\":\"https:\\\/\\\/jornalboasnoticias.com.br\\\/home\\\/wp-content\\\/uploads\\\/2024\\\/09\\\/biometria_facia.webp\",\"width\":1170,\"height\":700,\"caption\":\"Foto: \u00a9 Pixabay\"},{\"@type\":\"BreadcrumbList\",\"@id\":\"https:\\\/\\\/jornalboasnoticias.com.br\\\/home\\\/fornecer-dados-biometricos-preocupa-60-dos-brasileiros-diz-pesquisa\\\/#breadcrumb\",\"itemListElement\":[{\"@type\":\"ListItem\",\"position\":1,\"name\":\"In\u00edcio\",\"item\":\"https:\\\/\\\/jornalboasnoticias.com.br\\\/home\\\/\"},{\"@type\":\"ListItem\",\"position\":2,\"name\":\"Fornecer dados biom\u00e9tricos preocupa 60% dos brasileiros, diz pesquisa\"}]},{\"@type\":\"WebSite\",\"@id\":\"https:\\\/\\\/jornalboasnoticias.com.br\\\/home\\\/#website\",\"url\":\"https:\\\/\\\/jornalboasnoticias.com.br\\\/home\\\/\",\"name\":\"Jornal Boas Not\u00edcias\",\"description\":\"Boas not\u00edcias\",\"publisher\":{\"@id\":\"https:\\\/\\\/jornalboasnoticias.com.br\\\/home\\\/#organization\"},\"potentialAction\":[{\"@type\":\"SearchAction\",\"target\":{\"@type\":\"EntryPoint\",\"urlTemplate\":\"https:\\\/\\\/jornalboasnoticias.com.br\\\/home\\\/?s={search_term_string}\"},\"query-input\":{\"@type\":\"PropertyValueSpecification\",\"valueRequired\":true,\"valueName\":\"search_term_string\"}}],\"inLanguage\":\"pt-BR\"},{\"@type\":\"Organization\",\"@id\":\"https:\\\/\\\/jornalboasnoticias.com.br\\\/home\\\/#organization\",\"name\":\"Coq Editora Ltda\",\"alternateName\":\"Jornal Boas Noticias\",\"url\":\"https:\\\/\\\/jornalboasnoticias.com.br\\\/home\\\/\",\"logo\":{\"@type\":\"ImageObject\",\"inLanguage\":\"pt-BR\",\"@id\":\"https:\\\/\\\/jornalboasnoticias.com.br\\\/home\\\/#\\\/schema\\\/logo\\\/image\\\/\",\"url\":\"https:\\\/\\\/jornalboasnoticias.com.br\\\/home\\\/wp-content\\\/uploads\\\/2024\\\/07\\\/cropped-logo.jpg\",\"contentUrl\":\"https:\\\/\\\/jornalboasnoticias.com.br\\\/home\\\/wp-content\\\/uploads\\\/2024\\\/07\\\/cropped-logo.jpg\",\"width\":290,\"height\":142,\"caption\":\"Coq Editora Ltda\"},\"image\":{\"@id\":\"https:\\\/\\\/jornalboasnoticias.com.br\\\/home\\\/#\\\/schema\\\/logo\\\/image\\\/\"},\"sameAs\":[\"https:\\\/\\\/www.facebook.com\\\/boasnoticiasjornal\"]},{\"@type\":\"Person\",\"@id\":\"https:\\\/\\\/jornalboasnoticias.com.br\\\/home\\\/#\\\/schema\\\/person\\\/d641193e0afc6405b390164dac847971\",\"name\":\"Ana Luiza Bonatto\",\"image\":{\"@type\":\"ImageObject\",\"inLanguage\":\"pt-BR\",\"@id\":\"https:\\\/\\\/secure.gravatar.com\\\/avatar\\\/8a055ebe6373371f67ac6fcf313c0ac0b0a91157fdcdb9514fa62927373348f0?s=96&d=mm&r=g\",\"url\":\"https:\\\/\\\/secure.gravatar.com\\\/avatar\\\/8a055ebe6373371f67ac6fcf313c0ac0b0a91157fdcdb9514fa62927373348f0?s=96&d=mm&r=g\",\"contentUrl\":\"https:\\\/\\\/secure.gravatar.com\\\/avatar\\\/8a055ebe6373371f67ac6fcf313c0ac0b0a91157fdcdb9514fa62927373348f0?s=96&d=mm&r=g\",\"caption\":\"Ana Luiza Bonatto\"},\"url\":\"https:\\\/\\\/jornalboasnoticias.com.br\\\/home\\\/author\\\/ana-luiza\\\/\"}]}<\/script>\n<!-- \/ Yoast SEO plugin. -->","yoast_head_json":{"title":"Fornecer dados biom\u00e9tricos preocupa 60% dos brasileiros, diz pesquisa - Jornal","description":"Fornecer dados biom\u00e9tricos preocupa 60% dos brasileiros, diz pesquisa","robots":{"index":"index","follow":"follow","max-snippet":"max-snippet:-1","max-image-preview":"max-image-preview:large","max-video-preview":"max-video-preview:-1"},"canonical":"https:\/\/jornalboasnoticias.com.br\/home\/fornecer-dados-biometricos-preocupa-60-dos-brasileiros-diz-pesquisa\/","og_locale":"pt_BR","og_type":"article","og_title":"Fornecer dados biom\u00e9tricos preocupa 60% dos brasileiros, diz pesquisa - Jornal","og_description":"Fornecer dados biom\u00e9tricos preocupa 60% dos brasileiros, diz pesquisa","og_url":"https:\/\/jornalboasnoticias.com.br\/home\/fornecer-dados-biometricos-preocupa-60-dos-brasileiros-diz-pesquisa\/","og_site_name":"Jornal","article_publisher":"https:\/\/www.facebook.com\/boasnoticiasjornal","article_published_time":"2024-09-03T20:39:28+00:00","og_image":[{"width":1170,"height":700,"url":"https:\/\/jornalboasnoticias.com.br\/home\/wp-content\/uploads\/2024\/09\/biometria_facia.webp","type":"image\/webp"}],"author":"Ana Luiza Bonatto","twitter_card":"summary_large_image","twitter_misc":{"Escrito por":"Ana Luiza Bonatto","Est. tempo de leitura":"4 minutos"},"schema":{"@context":"https:\/\/schema.org","@graph":[{"@type":"Article","@id":"https:\/\/jornalboasnoticias.com.br\/home\/fornecer-dados-biometricos-preocupa-60-dos-brasileiros-diz-pesquisa\/#article","isPartOf":{"@id":"https:\/\/jornalboasnoticias.com.br\/home\/fornecer-dados-biometricos-preocupa-60-dos-brasileiros-diz-pesquisa\/"},"author":{"name":"Ana Luiza Bonatto","@id":"https:\/\/jornalboasnoticias.com.br\/home\/#\/schema\/person\/d641193e0afc6405b390164dac847971"},"headline":"Fornecer dados biom\u00e9tricos preocupa 60% dos brasileiros, diz pesquisa","datePublished":"2024-09-03T20:39:28+00:00","mainEntityOfPage":{"@id":"https:\/\/jornalboasnoticias.com.br\/home\/fornecer-dados-biometricos-preocupa-60-dos-brasileiros-diz-pesquisa\/"},"wordCount":551,"commentCount":0,"publisher":{"@id":"https:\/\/jornalboasnoticias.com.br\/home\/#organization"},"image":{"@id":"https:\/\/jornalboasnoticias.com.br\/home\/fornecer-dados-biometricos-preocupa-60-dos-brasileiros-diz-pesquisa\/#primaryimage"},"thumbnailUrl":"https:\/\/jornalboasnoticias.com.br\/home\/wp-content\/uploads\/2024\/09\/biometria_facia.webp","articleSection":["BRASIL","DESTAQUE"],"inLanguage":"pt-BR","potentialAction":[{"@type":"CommentAction","name":"Comment","target":["https:\/\/jornalboasnoticias.com.br\/home\/fornecer-dados-biometricos-preocupa-60-dos-brasileiros-diz-pesquisa\/#respond"]}]},{"@type":"WebPage","@id":"https:\/\/jornalboasnoticias.com.br\/home\/fornecer-dados-biometricos-preocupa-60-dos-brasileiros-diz-pesquisa\/","url":"https:\/\/jornalboasnoticias.com.br\/home\/fornecer-dados-biometricos-preocupa-60-dos-brasileiros-diz-pesquisa\/","name":"Fornecer dados biom\u00e9tricos preocupa 60% dos brasileiros, diz pesquisa - Jornal","isPartOf":{"@id":"https:\/\/jornalboasnoticias.com.br\/home\/#website"},"primaryImageOfPage":{"@id":"https:\/\/jornalboasnoticias.com.br\/home\/fornecer-dados-biometricos-preocupa-60-dos-brasileiros-diz-pesquisa\/#primaryimage"},"image":{"@id":"https:\/\/jornalboasnoticias.com.br\/home\/fornecer-dados-biometricos-preocupa-60-dos-brasileiros-diz-pesquisa\/#primaryimage"},"thumbnailUrl":"https:\/\/jornalboasnoticias.com.br\/home\/wp-content\/uploads\/2024\/09\/biometria_facia.webp","datePublished":"2024-09-03T20:39:28+00:00","description":"Fornecer dados biom\u00e9tricos preocupa 60% dos brasileiros, diz pesquisa","breadcrumb":{"@id":"https:\/\/jornalboasnoticias.com.br\/home\/fornecer-dados-biometricos-preocupa-60-dos-brasileiros-diz-pesquisa\/#breadcrumb"},"inLanguage":"pt-BR","potentialAction":[{"@type":"ReadAction","target":["https:\/\/jornalboasnoticias.com.br\/home\/fornecer-dados-biometricos-preocupa-60-dos-brasileiros-diz-pesquisa\/"]}]},{"@type":"ImageObject","inLanguage":"pt-BR","@id":"https:\/\/jornalboasnoticias.com.br\/home\/fornecer-dados-biometricos-preocupa-60-dos-brasileiros-diz-pesquisa\/#primaryimage","url":"https:\/\/jornalboasnoticias.com.br\/home\/wp-content\/uploads\/2024\/09\/biometria_facia.webp","contentUrl":"https:\/\/jornalboasnoticias.com.br\/home\/wp-content\/uploads\/2024\/09\/biometria_facia.webp","width":1170,"height":700,"caption":"Foto: \u00a9 Pixabay"},{"@type":"BreadcrumbList","@id":"https:\/\/jornalboasnoticias.com.br\/home\/fornecer-dados-biometricos-preocupa-60-dos-brasileiros-diz-pesquisa\/#breadcrumb","itemListElement":[{"@type":"ListItem","position":1,"name":"In\u00edcio","item":"https:\/\/jornalboasnoticias.com.br\/home\/"},{"@type":"ListItem","position":2,"name":"Fornecer dados biom\u00e9tricos preocupa 60% dos brasileiros, diz pesquisa"}]},{"@type":"WebSite","@id":"https:\/\/jornalboasnoticias.com.br\/home\/#website","url":"https:\/\/jornalboasnoticias.com.br\/home\/","name":"Jornal Boas Not\u00edcias","description":"Boas not\u00edcias","publisher":{"@id":"https:\/\/jornalboasnoticias.com.br\/home\/#organization"},"potentialAction":[{"@type":"SearchAction","target":{"@type":"EntryPoint","urlTemplate":"https:\/\/jornalboasnoticias.com.br\/home\/?s={search_term_string}"},"query-input":{"@type":"PropertyValueSpecification","valueRequired":true,"valueName":"search_term_string"}}],"inLanguage":"pt-BR"},{"@type":"Organization","@id":"https:\/\/jornalboasnoticias.com.br\/home\/#organization","name":"Coq Editora Ltda","alternateName":"Jornal Boas Noticias","url":"https:\/\/jornalboasnoticias.com.br\/home\/","logo":{"@type":"ImageObject","inLanguage":"pt-BR","@id":"https:\/\/jornalboasnoticias.com.br\/home\/#\/schema\/logo\/image\/","url":"https:\/\/jornalboasnoticias.com.br\/home\/wp-content\/uploads\/2024\/07\/cropped-logo.jpg","contentUrl":"https:\/\/jornalboasnoticias.com.br\/home\/wp-content\/uploads\/2024\/07\/cropped-logo.jpg","width":290,"height":142,"caption":"Coq Editora Ltda"},"image":{"@id":"https:\/\/jornalboasnoticias.com.br\/home\/#\/schema\/logo\/image\/"},"sameAs":["https:\/\/www.facebook.com\/boasnoticiasjornal"]},{"@type":"Person","@id":"https:\/\/jornalboasnoticias.com.br\/home\/#\/schema\/person\/d641193e0afc6405b390164dac847971","name":"Ana Luiza Bonatto","image":{"@type":"ImageObject","inLanguage":"pt-BR","@id":"https:\/\/secure.gravatar.com\/avatar\/8a055ebe6373371f67ac6fcf313c0ac0b0a91157fdcdb9514fa62927373348f0?s=96&d=mm&r=g","url":"https:\/\/secure.gravatar.com\/avatar\/8a055ebe6373371f67ac6fcf313c0ac0b0a91157fdcdb9514fa62927373348f0?s=96&d=mm&r=g","contentUrl":"https:\/\/secure.gravatar.com\/avatar\/8a055ebe6373371f67ac6fcf313c0ac0b0a91157fdcdb9514fa62927373348f0?s=96&d=mm&r=g","caption":"Ana Luiza Bonatto"},"url":"https:\/\/jornalboasnoticias.com.br\/home\/author\/ana-luiza\/"}]}},"_links":{"self":[{"href":"https:\/\/jornalboasnoticias.com.br\/home\/wp-json\/wp\/v2\/posts\/43606","targetHints":{"allow":["GET"]}}],"collection":[{"href":"https:\/\/jornalboasnoticias.com.br\/home\/wp-json\/wp\/v2\/posts"}],"about":[{"href":"https:\/\/jornalboasnoticias.com.br\/home\/wp-json\/wp\/v2\/types\/post"}],"author":[{"embeddable":true,"href":"https:\/\/jornalboasnoticias.com.br\/home\/wp-json\/wp\/v2\/users\/4"}],"replies":[{"embeddable":true,"href":"https:\/\/jornalboasnoticias.com.br\/home\/wp-json\/wp\/v2\/comments?post=43606"}],"version-history":[{"count":2,"href":"https:\/\/jornalboasnoticias.com.br\/home\/wp-json\/wp\/v2\/posts\/43606\/revisions"}],"predecessor-version":[{"id":43609,"href":"https:\/\/jornalboasnoticias.com.br\/home\/wp-json\/wp\/v2\/posts\/43606\/revisions\/43609"}],"wp:featuredmedia":[{"embeddable":true,"href":"https:\/\/jornalboasnoticias.com.br\/home\/wp-json\/wp\/v2\/media\/43607"}],"wp:attachment":[{"href":"https:\/\/jornalboasnoticias.com.br\/home\/wp-json\/wp\/v2\/media?parent=43606"}],"wp:term":[{"taxonomy":"category","embeddable":true,"href":"https:\/\/jornalboasnoticias.com.br\/home\/wp-json\/wp\/v2\/categories?post=43606"},{"taxonomy":"post_tag","embeddable":true,"href":"https:\/\/jornalboasnoticias.com.br\/home\/wp-json\/wp\/v2\/tags?post=43606"}],"curies":[{"name":"wp","href":"https:\/\/api.w.org\/{rel}","templated":true}]}}