{"id":43603,"date":"2024-09-03T20:38:09","date_gmt":"2024-09-03T20:38:09","guid":{"rendered":"https:\/\/jornalboasnoticias.com.br\/home\/?p=43603"},"modified":"2024-09-03T20:38:09","modified_gmt":"2024-09-03T20:38:09","slug":"ministerio-publico-da-venezuela-pede-prisao-de-lider-da-oposicao","status":"publish","type":"post","link":"https:\/\/jornalboasnoticias.com.br\/home\/ministerio-publico-da-venezuela-pede-prisao-de-lider-da-oposicao\/","title":{"rendered":"Minist\u00e9rio P\u00fablico da Venezuela pede pris\u00e3o de l\u00edder da oposi\u00e7\u00e3o"},"content":{"rendered":"<figure id=\"attachment_43604\" aria-describedby=\"caption-attachment-43604\" style=\"width: 880px\" class=\"wp-caption alignnone\"><img loading=\"lazy\" decoding=\"async\" class=\"wp-image-43604 size-full\" src=\"https:\/\/jornalboasnoticias.com.br\/home\/wp-content\/uploads\/2024\/09\/Edmundo-Gonzalez-880x579-1.png\" alt=\"\" width=\"880\" height=\"579\" srcset=\"https:\/\/jornalboasnoticias.com.br\/home\/wp-content\/uploads\/2024\/09\/Edmundo-Gonzalez-880x579-1.png 880w, https:\/\/jornalboasnoticias.com.br\/home\/wp-content\/uploads\/2024\/09\/Edmundo-Gonzalez-880x579-1-300x197.png 300w, https:\/\/jornalboasnoticias.com.br\/home\/wp-content\/uploads\/2024\/09\/Edmundo-Gonzalez-880x579-1-768x505.png 768w\" sizes=\"auto, (max-width: 880px) 100vw, 880px\" \/><figcaption id=\"caption-attachment-43604\" class=\"wp-caption-text\">Foto: Jesus Vargas \/ Getty Images<\/figcaption><\/figure>\n<blockquote>\n<div class=\"row\">\n<p class=\"col-10 offset-1 animated fadeInDown dealy-900 display-8 display-md-8 alt-font font-italic my-1 text-center\">Gonz\u00e1lez \u00e9 acusado de falsifica\u00e7\u00e3o de documentos e conspira\u00e7\u00e3o<\/p>\n<\/div>\n<\/blockquote>\n<p>O gabinete do procurador-geral da Venezuela disse nessa segunda-feira (02) que um tribunal emitiu um mandado de pris\u00e3o para o l\u00edder da oposi\u00e7\u00e3o Edmundo Gonz\u00e1lez, acusando-o de incita\u00e7\u00e3o e outros crimes em meio a uma disputa sobre se ele ou o presidente Nicolas Maduro venceram a elei\u00e7\u00e3o de julho.<img decoding=\"async\" src=\"https:\/\/agenciabrasil.ebc.com.br\/ebc.png?id=1610420&amp;o=node\" \/><img decoding=\"async\" src=\"https:\/\/agenciabrasil.ebc.com.br\/ebc.gif?id=1610420&amp;o=node\" \/><\/p>\n<p>O procurador-geral Tarek Saab compartilhou uma foto do mandado com a Reuters por meio de uma mensagem no aplicativo Telegram.<\/p>\n<p>O Conselho Eleitoral Nacional\u00a0da Venezuela e seu tribunal superior declaram que Maduro foi o vencedor da elei\u00e7\u00e3o com pouco mais da metade dos votos, mas contagens publicadas pela oposi\u00e7\u00e3o mostram uma vit\u00f3ria retumbante de Gonz\u00e1lez.<\/p>\n<p>A oposi\u00e7\u00e3o, alguns pa\u00edses ocidentais e \u00f3rg\u00e3os internacionais, como um painel de especialistas das Na\u00e7\u00f5es Unidas, afirmaram que a vota\u00e7\u00e3o n\u00e3o foi transparente e exigiram a publica\u00e7\u00e3o das apura\u00e7\u00f5es completas.<\/p>\n<p>A oposi\u00e7\u00e3o publicou o que diz serem c\u00f3pias de mais de 80% dos resultados das urnas em um site p\u00fablico, enquanto o conselho eleitoral diz que um ataque cibern\u00e9tico na noite da elei\u00e7\u00e3o impediu a publica\u00e7\u00e3o dos resultados completos.<\/p>\n<p>O procurador-geral Tarek Saab tamb\u00e9m iniciou investiga\u00e7\u00f5es criminais contra a l\u00edder da oposi\u00e7\u00e3o Mar\u00eda Corina Machado e contra o site de contagem de votos da oposi\u00e7\u00e3o, enquanto deten\u00e7\u00f5es de figuras da oposi\u00e7\u00e3o e de manifestantes continuaram nas semanas que se seguiram \u00e0 vota\u00e7\u00e3o.<\/p>\n<p>Os protestos resultaram em pelo menos 27 mortes e cerca de 2.400 pris\u00f5es.<\/p>\n<h2>Acusa\u00e7\u00f5es<\/h2>\n<p>O promotor Luis Ernesto Duenez solicitou a emiss\u00e3o de um mandado para Gonz\u00e1lez por usurpa\u00e7\u00e3o de fun\u00e7\u00f5es, falsifica\u00e7\u00e3o de documentos p\u00fablicos, instiga\u00e7\u00e3o \u00e0 desobedi\u00eancia da lei, conspira\u00e7\u00e3o e associa\u00e7\u00e3o, todos supostamente cometidos contra o Estado venezuelano.<\/p>\n<p>Um porta-voz de Gonz\u00e1lez disse que eles estavam aguardando qualquer notifica\u00e7\u00e3o de um mandado, mas n\u00e3o fez coment\u00e1rios adicionais. A oposi\u00e7\u00e3o sempre negou ter cometido qualquer irregularidade.<\/p>\n<p>Gonz\u00e1lez ignorou tr\u00eas convoca\u00e7\u00f5es para prestar depoimento sobre o site, potencialmente permitindo que um mandado fosse emitido para ele nesse caso.<\/p>\n<p>Advogados consultados pela Reuters disseram que a lei venezuelana n\u00e3o permite que pessoas com mais de 70 anos cumpram penas em pris\u00f5es, exigindo pris\u00e3o domiciliar. Gonzalez completou 75 anos na semana passada.<\/p>\n<p>&nbsp;<\/p>\n","protected":false},"excerpt":{"rendered":"<p>Gonz\u00e1lez \u00e9 acusado de falsifica\u00e7\u00e3o de documentos e conspira\u00e7\u00e3o O gabinete do procurador-geral da Venezuela<\/p>\n","protected":false},"author":4,"featured_media":43604,"comment_status":"open","ping_status":"open","sticky":false,"template":"","format":"standard","meta":{"footnotes":""},"categories":[3,9],"tags":[],"class_list":["post-43603","post","type-post","status-publish","format-standard","has-post-thumbnail","hentry","category-destaques","category-internacional"],"yoast_head":"<!-- This site is optimized with the Yoast SEO plugin v27.5 - https:\/\/yoast.com\/product\/yoast-seo-wordpress\/ -->\n<title>Minist\u00e9rio P\u00fablico da Venezuela pede pris\u00e3o de l\u00edder da oposi\u00e7\u00e3o - Jornal<\/title>\n<meta name=\"description\" content=\"Minist\u00e9rio P\u00fablico da Venezuela pede pris\u00e3o de l\u00edder da oposi\u00e7\u00e3o\" \/>\n<meta name=\"robots\" content=\"index, follow, max-snippet:-1, max-image-preview:large, max-video-preview:-1\" \/>\n<link rel=\"canonical\" href=\"https:\/\/jornalboasnoticias.com.br\/home\/ministerio-publico-da-venezuela-pede-prisao-de-lider-da-oposicao\/\" \/>\n<meta property=\"og:locale\" content=\"pt_BR\" \/>\n<meta property=\"og:type\" content=\"article\" \/>\n<meta property=\"og:title\" content=\"Minist\u00e9rio P\u00fablico da Venezuela pede pris\u00e3o de l\u00edder da oposi\u00e7\u00e3o - Jornal\" \/>\n<meta property=\"og:description\" content=\"Minist\u00e9rio P\u00fablico da Venezuela pede pris\u00e3o de l\u00edder da oposi\u00e7\u00e3o\" \/>\n<meta property=\"og:url\" content=\"https:\/\/jornalboasnoticias.com.br\/home\/ministerio-publico-da-venezuela-pede-prisao-de-lider-da-oposicao\/\" \/>\n<meta property=\"og:site_name\" content=\"Jornal\" \/>\n<meta property=\"article:publisher\" content=\"https:\/\/www.facebook.com\/boasnoticiasjornal\" \/>\n<meta property=\"article:published_time\" content=\"2024-09-03T20:38:09+00:00\" \/>\n<meta property=\"og:image\" content=\"https:\/\/jornalboasnoticias.com.br\/home\/wp-content\/uploads\/2024\/09\/Edmundo-Gonzalez-880x579-1.png\" \/>\n\t<meta property=\"og:image:width\" content=\"880\" \/>\n\t<meta property=\"og:image:height\" content=\"579\" \/>\n\t<meta property=\"og:image:type\" content=\"image\/png\" \/>\n<meta name=\"author\" content=\"Ana Luiza Bonatto\" \/>\n<meta name=\"twitter:card\" content=\"summary_large_image\" \/>\n<meta name=\"twitter:label1\" content=\"Escrito por\" \/>\n\t<meta name=\"twitter:data1\" content=\"Ana Luiza Bonatto\" \/>\n\t<meta name=\"twitter:label2\" content=\"Est. tempo de leitura\" \/>\n\t<meta name=\"twitter:data2\" content=\"3 minutos\" \/>\n<script type=\"application\/ld+json\" class=\"yoast-schema-graph\">{\"@context\":\"https:\\\/\\\/schema.org\",\"@graph\":[{\"@type\":\"Article\",\"@id\":\"https:\\\/\\\/jornalboasnoticias.com.br\\\/home\\\/ministerio-publico-da-venezuela-pede-prisao-de-lider-da-oposicao\\\/#article\",\"isPartOf\":{\"@id\":\"https:\\\/\\\/jornalboasnoticias.com.br\\\/home\\\/ministerio-publico-da-venezuela-pede-prisao-de-lider-da-oposicao\\\/\"},\"author\":{\"name\":\"Ana Luiza Bonatto\",\"@id\":\"https:\\\/\\\/jornalboasnoticias.com.br\\\/home\\\/#\\\/schema\\\/person\\\/d641193e0afc6405b390164dac847971\"},\"headline\":\"Minist\u00e9rio P\u00fablico da Venezuela pede pris\u00e3o de l\u00edder da oposi\u00e7\u00e3o\",\"datePublished\":\"2024-09-03T20:38:09+00:00\",\"mainEntityOfPage\":{\"@id\":\"https:\\\/\\\/jornalboasnoticias.com.br\\\/home\\\/ministerio-publico-da-venezuela-pede-prisao-de-lider-da-oposicao\\\/\"},\"wordCount\":434,\"commentCount\":0,\"publisher\":{\"@id\":\"https:\\\/\\\/jornalboasnoticias.com.br\\\/home\\\/#organization\"},\"image\":{\"@id\":\"https:\\\/\\\/jornalboasnoticias.com.br\\\/home\\\/ministerio-publico-da-venezuela-pede-prisao-de-lider-da-oposicao\\\/#primaryimage\"},\"thumbnailUrl\":\"https:\\\/\\\/jornalboasnoticias.com.br\\\/home\\\/wp-content\\\/uploads\\\/2024\\\/09\\\/Edmundo-Gonzalez-880x579-1.png\",\"articleSection\":[\"DESTAQUE\",\"INTERNACIONAL\"],\"inLanguage\":\"pt-BR\",\"potentialAction\":[{\"@type\":\"CommentAction\",\"name\":\"Comment\",\"target\":[\"https:\\\/\\\/jornalboasnoticias.com.br\\\/home\\\/ministerio-publico-da-venezuela-pede-prisao-de-lider-da-oposicao\\\/#respond\"]}]},{\"@type\":\"WebPage\",\"@id\":\"https:\\\/\\\/jornalboasnoticias.com.br\\\/home\\\/ministerio-publico-da-venezuela-pede-prisao-de-lider-da-oposicao\\\/\",\"url\":\"https:\\\/\\\/jornalboasnoticias.com.br\\\/home\\\/ministerio-publico-da-venezuela-pede-prisao-de-lider-da-oposicao\\\/\",\"name\":\"Minist\u00e9rio P\u00fablico da Venezuela pede pris\u00e3o de l\u00edder da oposi\u00e7\u00e3o - Jornal\",\"isPartOf\":{\"@id\":\"https:\\\/\\\/jornalboasnoticias.com.br\\\/home\\\/#website\"},\"primaryImageOfPage\":{\"@id\":\"https:\\\/\\\/jornalboasnoticias.com.br\\\/home\\\/ministerio-publico-da-venezuela-pede-prisao-de-lider-da-oposicao\\\/#primaryimage\"},\"image\":{\"@id\":\"https:\\\/\\\/jornalboasnoticias.com.br\\\/home\\\/ministerio-publico-da-venezuela-pede-prisao-de-lider-da-oposicao\\\/#primaryimage\"},\"thumbnailUrl\":\"https:\\\/\\\/jornalboasnoticias.com.br\\\/home\\\/wp-content\\\/uploads\\\/2024\\\/09\\\/Edmundo-Gonzalez-880x579-1.png\",\"datePublished\":\"2024-09-03T20:38:09+00:00\",\"description\":\"Minist\u00e9rio P\u00fablico da Venezuela pede pris\u00e3o de l\u00edder da oposi\u00e7\u00e3o\",\"breadcrumb\":{\"@id\":\"https:\\\/\\\/jornalboasnoticias.com.br\\\/home\\\/ministerio-publico-da-venezuela-pede-prisao-de-lider-da-oposicao\\\/#breadcrumb\"},\"inLanguage\":\"pt-BR\",\"potentialAction\":[{\"@type\":\"ReadAction\",\"target\":[\"https:\\\/\\\/jornalboasnoticias.com.br\\\/home\\\/ministerio-publico-da-venezuela-pede-prisao-de-lider-da-oposicao\\\/\"]}]},{\"@type\":\"ImageObject\",\"inLanguage\":\"pt-BR\",\"@id\":\"https:\\\/\\\/jornalboasnoticias.com.br\\\/home\\\/ministerio-publico-da-venezuela-pede-prisao-de-lider-da-oposicao\\\/#primaryimage\",\"url\":\"https:\\\/\\\/jornalboasnoticias.com.br\\\/home\\\/wp-content\\\/uploads\\\/2024\\\/09\\\/Edmundo-Gonzalez-880x579-1.png\",\"contentUrl\":\"https:\\\/\\\/jornalboasnoticias.com.br\\\/home\\\/wp-content\\\/uploads\\\/2024\\\/09\\\/Edmundo-Gonzalez-880x579-1.png\",\"width\":880,\"height\":579,\"caption\":\"Foto: Jesus Vargas \\\/ Getty Images\"},{\"@type\":\"BreadcrumbList\",\"@id\":\"https:\\\/\\\/jornalboasnoticias.com.br\\\/home\\\/ministerio-publico-da-venezuela-pede-prisao-de-lider-da-oposicao\\\/#breadcrumb\",\"itemListElement\":[{\"@type\":\"ListItem\",\"position\":1,\"name\":\"In\u00edcio\",\"item\":\"https:\\\/\\\/jornalboasnoticias.com.br\\\/home\\\/\"},{\"@type\":\"ListItem\",\"position\":2,\"name\":\"Minist\u00e9rio P\u00fablico da Venezuela pede pris\u00e3o de l\u00edder da oposi\u00e7\u00e3o\"}]},{\"@type\":\"WebSite\",\"@id\":\"https:\\\/\\\/jornalboasnoticias.com.br\\\/home\\\/#website\",\"url\":\"https:\\\/\\\/jornalboasnoticias.com.br\\\/home\\\/\",\"name\":\"Jornal Boas Not\u00edcias\",\"description\":\"Boas not\u00edcias\",\"publisher\":{\"@id\":\"https:\\\/\\\/jornalboasnoticias.com.br\\\/home\\\/#organization\"},\"potentialAction\":[{\"@type\":\"SearchAction\",\"target\":{\"@type\":\"EntryPoint\",\"urlTemplate\":\"https:\\\/\\\/jornalboasnoticias.com.br\\\/home\\\/?s={search_term_string}\"},\"query-input\":{\"@type\":\"PropertyValueSpecification\",\"valueRequired\":true,\"valueName\":\"search_term_string\"}}],\"inLanguage\":\"pt-BR\"},{\"@type\":\"Organization\",\"@id\":\"https:\\\/\\\/jornalboasnoticias.com.br\\\/home\\\/#organization\",\"name\":\"Coq Editora Ltda\",\"alternateName\":\"Jornal Boas Noticias\",\"url\":\"https:\\\/\\\/jornalboasnoticias.com.br\\\/home\\\/\",\"logo\":{\"@type\":\"ImageObject\",\"inLanguage\":\"pt-BR\",\"@id\":\"https:\\\/\\\/jornalboasnoticias.com.br\\\/home\\\/#\\\/schema\\\/logo\\\/image\\\/\",\"url\":\"https:\\\/\\\/jornalboasnoticias.com.br\\\/home\\\/wp-content\\\/uploads\\\/2024\\\/07\\\/cropped-logo.jpg\",\"contentUrl\":\"https:\\\/\\\/jornalboasnoticias.com.br\\\/home\\\/wp-content\\\/uploads\\\/2024\\\/07\\\/cropped-logo.jpg\",\"width\":290,\"height\":142,\"caption\":\"Coq Editora Ltda\"},\"image\":{\"@id\":\"https:\\\/\\\/jornalboasnoticias.com.br\\\/home\\\/#\\\/schema\\\/logo\\\/image\\\/\"},\"sameAs\":[\"https:\\\/\\\/www.facebook.com\\\/boasnoticiasjornal\"]},{\"@type\":\"Person\",\"@id\":\"https:\\\/\\\/jornalboasnoticias.com.br\\\/home\\\/#\\\/schema\\\/person\\\/d641193e0afc6405b390164dac847971\",\"name\":\"Ana Luiza Bonatto\",\"image\":{\"@type\":\"ImageObject\",\"inLanguage\":\"pt-BR\",\"@id\":\"https:\\\/\\\/secure.gravatar.com\\\/avatar\\\/8a055ebe6373371f67ac6fcf313c0ac0b0a91157fdcdb9514fa62927373348f0?s=96&d=mm&r=g\",\"url\":\"https:\\\/\\\/secure.gravatar.com\\\/avatar\\\/8a055ebe6373371f67ac6fcf313c0ac0b0a91157fdcdb9514fa62927373348f0?s=96&d=mm&r=g\",\"contentUrl\":\"https:\\\/\\\/secure.gravatar.com\\\/avatar\\\/8a055ebe6373371f67ac6fcf313c0ac0b0a91157fdcdb9514fa62927373348f0?s=96&d=mm&r=g\",\"caption\":\"Ana Luiza Bonatto\"},\"url\":\"https:\\\/\\\/jornalboasnoticias.com.br\\\/home\\\/author\\\/ana-luiza\\\/\"}]}<\/script>\n<!-- \/ Yoast SEO plugin. -->","yoast_head_json":{"title":"Minist\u00e9rio P\u00fablico da Venezuela pede pris\u00e3o de l\u00edder da oposi\u00e7\u00e3o - Jornal","description":"Minist\u00e9rio P\u00fablico da Venezuela pede pris\u00e3o de l\u00edder da oposi\u00e7\u00e3o","robots":{"index":"index","follow":"follow","max-snippet":"max-snippet:-1","max-image-preview":"max-image-preview:large","max-video-preview":"max-video-preview:-1"},"canonical":"https:\/\/jornalboasnoticias.com.br\/home\/ministerio-publico-da-venezuela-pede-prisao-de-lider-da-oposicao\/","og_locale":"pt_BR","og_type":"article","og_title":"Minist\u00e9rio P\u00fablico da Venezuela pede pris\u00e3o de l\u00edder da oposi\u00e7\u00e3o - Jornal","og_description":"Minist\u00e9rio P\u00fablico da Venezuela pede pris\u00e3o de l\u00edder da oposi\u00e7\u00e3o","og_url":"https:\/\/jornalboasnoticias.com.br\/home\/ministerio-publico-da-venezuela-pede-prisao-de-lider-da-oposicao\/","og_site_name":"Jornal","article_publisher":"https:\/\/www.facebook.com\/boasnoticiasjornal","article_published_time":"2024-09-03T20:38:09+00:00","og_image":[{"width":880,"height":579,"url":"https:\/\/jornalboasnoticias.com.br\/home\/wp-content\/uploads\/2024\/09\/Edmundo-Gonzalez-880x579-1.png","type":"image\/png"}],"author":"Ana Luiza Bonatto","twitter_card":"summary_large_image","twitter_misc":{"Escrito por":"Ana Luiza Bonatto","Est. tempo de leitura":"3 minutos"},"schema":{"@context":"https:\/\/schema.org","@graph":[{"@type":"Article","@id":"https:\/\/jornalboasnoticias.com.br\/home\/ministerio-publico-da-venezuela-pede-prisao-de-lider-da-oposicao\/#article","isPartOf":{"@id":"https:\/\/jornalboasnoticias.com.br\/home\/ministerio-publico-da-venezuela-pede-prisao-de-lider-da-oposicao\/"},"author":{"name":"Ana Luiza Bonatto","@id":"https:\/\/jornalboasnoticias.com.br\/home\/#\/schema\/person\/d641193e0afc6405b390164dac847971"},"headline":"Minist\u00e9rio P\u00fablico da Venezuela pede pris\u00e3o de l\u00edder da oposi\u00e7\u00e3o","datePublished":"2024-09-03T20:38:09+00:00","mainEntityOfPage":{"@id":"https:\/\/jornalboasnoticias.com.br\/home\/ministerio-publico-da-venezuela-pede-prisao-de-lider-da-oposicao\/"},"wordCount":434,"commentCount":0,"publisher":{"@id":"https:\/\/jornalboasnoticias.com.br\/home\/#organization"},"image":{"@id":"https:\/\/jornalboasnoticias.com.br\/home\/ministerio-publico-da-venezuela-pede-prisao-de-lider-da-oposicao\/#primaryimage"},"thumbnailUrl":"https:\/\/jornalboasnoticias.com.br\/home\/wp-content\/uploads\/2024\/09\/Edmundo-Gonzalez-880x579-1.png","articleSection":["DESTAQUE","INTERNACIONAL"],"inLanguage":"pt-BR","potentialAction":[{"@type":"CommentAction","name":"Comment","target":["https:\/\/jornalboasnoticias.com.br\/home\/ministerio-publico-da-venezuela-pede-prisao-de-lider-da-oposicao\/#respond"]}]},{"@type":"WebPage","@id":"https:\/\/jornalboasnoticias.com.br\/home\/ministerio-publico-da-venezuela-pede-prisao-de-lider-da-oposicao\/","url":"https:\/\/jornalboasnoticias.com.br\/home\/ministerio-publico-da-venezuela-pede-prisao-de-lider-da-oposicao\/","name":"Minist\u00e9rio P\u00fablico da Venezuela pede pris\u00e3o de l\u00edder da oposi\u00e7\u00e3o - Jornal","isPartOf":{"@id":"https:\/\/jornalboasnoticias.com.br\/home\/#website"},"primaryImageOfPage":{"@id":"https:\/\/jornalboasnoticias.com.br\/home\/ministerio-publico-da-venezuela-pede-prisao-de-lider-da-oposicao\/#primaryimage"},"image":{"@id":"https:\/\/jornalboasnoticias.com.br\/home\/ministerio-publico-da-venezuela-pede-prisao-de-lider-da-oposicao\/#primaryimage"},"thumbnailUrl":"https:\/\/jornalboasnoticias.com.br\/home\/wp-content\/uploads\/2024\/09\/Edmundo-Gonzalez-880x579-1.png","datePublished":"2024-09-03T20:38:09+00:00","description":"Minist\u00e9rio P\u00fablico da Venezuela pede pris\u00e3o de l\u00edder da oposi\u00e7\u00e3o","breadcrumb":{"@id":"https:\/\/jornalboasnoticias.com.br\/home\/ministerio-publico-da-venezuela-pede-prisao-de-lider-da-oposicao\/#breadcrumb"},"inLanguage":"pt-BR","potentialAction":[{"@type":"ReadAction","target":["https:\/\/jornalboasnoticias.com.br\/home\/ministerio-publico-da-venezuela-pede-prisao-de-lider-da-oposicao\/"]}]},{"@type":"ImageObject","inLanguage":"pt-BR","@id":"https:\/\/jornalboasnoticias.com.br\/home\/ministerio-publico-da-venezuela-pede-prisao-de-lider-da-oposicao\/#primaryimage","url":"https:\/\/jornalboasnoticias.com.br\/home\/wp-content\/uploads\/2024\/09\/Edmundo-Gonzalez-880x579-1.png","contentUrl":"https:\/\/jornalboasnoticias.com.br\/home\/wp-content\/uploads\/2024\/09\/Edmundo-Gonzalez-880x579-1.png","width":880,"height":579,"caption":"Foto: Jesus Vargas \/ Getty Images"},{"@type":"BreadcrumbList","@id":"https:\/\/jornalboasnoticias.com.br\/home\/ministerio-publico-da-venezuela-pede-prisao-de-lider-da-oposicao\/#breadcrumb","itemListElement":[{"@type":"ListItem","position":1,"name":"In\u00edcio","item":"https:\/\/jornalboasnoticias.com.br\/home\/"},{"@type":"ListItem","position":2,"name":"Minist\u00e9rio P\u00fablico da Venezuela pede pris\u00e3o de l\u00edder da oposi\u00e7\u00e3o"}]},{"@type":"WebSite","@id":"https:\/\/jornalboasnoticias.com.br\/home\/#website","url":"https:\/\/jornalboasnoticias.com.br\/home\/","name":"Jornal Boas Not\u00edcias","description":"Boas not\u00edcias","publisher":{"@id":"https:\/\/jornalboasnoticias.com.br\/home\/#organization"},"potentialAction":[{"@type":"SearchAction","target":{"@type":"EntryPoint","urlTemplate":"https:\/\/jornalboasnoticias.com.br\/home\/?s={search_term_string}"},"query-input":{"@type":"PropertyValueSpecification","valueRequired":true,"valueName":"search_term_string"}}],"inLanguage":"pt-BR"},{"@type":"Organization","@id":"https:\/\/jornalboasnoticias.com.br\/home\/#organization","name":"Coq Editora Ltda","alternateName":"Jornal Boas Noticias","url":"https:\/\/jornalboasnoticias.com.br\/home\/","logo":{"@type":"ImageObject","inLanguage":"pt-BR","@id":"https:\/\/jornalboasnoticias.com.br\/home\/#\/schema\/logo\/image\/","url":"https:\/\/jornalboasnoticias.com.br\/home\/wp-content\/uploads\/2024\/07\/cropped-logo.jpg","contentUrl":"https:\/\/jornalboasnoticias.com.br\/home\/wp-content\/uploads\/2024\/07\/cropped-logo.jpg","width":290,"height":142,"caption":"Coq Editora Ltda"},"image":{"@id":"https:\/\/jornalboasnoticias.com.br\/home\/#\/schema\/logo\/image\/"},"sameAs":["https:\/\/www.facebook.com\/boasnoticiasjornal"]},{"@type":"Person","@id":"https:\/\/jornalboasnoticias.com.br\/home\/#\/schema\/person\/d641193e0afc6405b390164dac847971","name":"Ana Luiza Bonatto","image":{"@type":"ImageObject","inLanguage":"pt-BR","@id":"https:\/\/secure.gravatar.com\/avatar\/8a055ebe6373371f67ac6fcf313c0ac0b0a91157fdcdb9514fa62927373348f0?s=96&d=mm&r=g","url":"https:\/\/secure.gravatar.com\/avatar\/8a055ebe6373371f67ac6fcf313c0ac0b0a91157fdcdb9514fa62927373348f0?s=96&d=mm&r=g","contentUrl":"https:\/\/secure.gravatar.com\/avatar\/8a055ebe6373371f67ac6fcf313c0ac0b0a91157fdcdb9514fa62927373348f0?s=96&d=mm&r=g","caption":"Ana Luiza Bonatto"},"url":"https:\/\/jornalboasnoticias.com.br\/home\/author\/ana-luiza\/"}]}},"_links":{"self":[{"href":"https:\/\/jornalboasnoticias.com.br\/home\/wp-json\/wp\/v2\/posts\/43603","targetHints":{"allow":["GET"]}}],"collection":[{"href":"https:\/\/jornalboasnoticias.com.br\/home\/wp-json\/wp\/v2\/posts"}],"about":[{"href":"https:\/\/jornalboasnoticias.com.br\/home\/wp-json\/wp\/v2\/types\/post"}],"author":[{"embeddable":true,"href":"https:\/\/jornalboasnoticias.com.br\/home\/wp-json\/wp\/v2\/users\/4"}],"replies":[{"embeddable":true,"href":"https:\/\/jornalboasnoticias.com.br\/home\/wp-json\/wp\/v2\/comments?post=43603"}],"version-history":[{"count":1,"href":"https:\/\/jornalboasnoticias.com.br\/home\/wp-json\/wp\/v2\/posts\/43603\/revisions"}],"predecessor-version":[{"id":43605,"href":"https:\/\/jornalboasnoticias.com.br\/home\/wp-json\/wp\/v2\/posts\/43603\/revisions\/43605"}],"wp:featuredmedia":[{"embeddable":true,"href":"https:\/\/jornalboasnoticias.com.br\/home\/wp-json\/wp\/v2\/media\/43604"}],"wp:attachment":[{"href":"https:\/\/jornalboasnoticias.com.br\/home\/wp-json\/wp\/v2\/media?parent=43603"}],"wp:term":[{"taxonomy":"category","embeddable":true,"href":"https:\/\/jornalboasnoticias.com.br\/home\/wp-json\/wp\/v2\/categories?post=43603"},{"taxonomy":"post_tag","embeddable":true,"href":"https:\/\/jornalboasnoticias.com.br\/home\/wp-json\/wp\/v2\/tags?post=43603"}],"curies":[{"name":"wp","href":"https:\/\/api.w.org\/{rel}","templated":true}]}}