{"id":43600,"date":"2024-09-03T20:33:56","date_gmt":"2024-09-03T20:33:56","guid":{"rendered":"https:\/\/jornalboasnoticias.com.br\/home\/?p=43600"},"modified":"2024-09-03T20:33:56","modified_gmt":"2024-09-03T20:33:56","slug":"justica-do-rs-nega-habeas-corpus-a-um-dos-condenados-da-boate-kiss","status":"publish","type":"post","link":"https:\/\/jornalboasnoticias.com.br\/home\/justica-do-rs-nega-habeas-corpus-a-um-dos-condenados-da-boate-kiss\/","title":{"rendered":"Justi\u00e7a do RS nega habeas corpus a um dos condenados da Boate Kiss"},"content":{"rendered":"<div class=\"row\">\n<figure id=\"attachment_43601\" aria-describedby=\"caption-attachment-43601\" style=\"width: 1170px\" class=\"wp-caption alignnone\"><img loading=\"lazy\" decoding=\"async\" class=\"wp-image-43601 size-full\" src=\"https:\/\/jornalboasnoticias.com.br\/home\/wp-content\/uploads\/2024\/09\/dsc7744-1.webp\" alt=\"\" width=\"1170\" height=\"700\" srcset=\"https:\/\/jornalboasnoticias.com.br\/home\/wp-content\/uploads\/2024\/09\/dsc7744-1.webp 1170w, https:\/\/jornalboasnoticias.com.br\/home\/wp-content\/uploads\/2024\/09\/dsc7744-1-300x179.webp 300w, https:\/\/jornalboasnoticias.com.br\/home\/wp-content\/uploads\/2024\/09\/dsc7744-1-1024x613.webp 1024w, https:\/\/jornalboasnoticias.com.br\/home\/wp-content\/uploads\/2024\/09\/dsc7744-1-768x459.webp 768w\" sizes=\"auto, (max-width: 1170px) 100vw, 1170px\" \/><figcaption id=\"caption-attachment-43601\" class=\"wp-caption-text\">Foto: \u00a9 Tomaz Silva\/Ag\u00eancia Brasil<\/figcaption><\/figure>\n<\/div>\n<blockquote>\n<div class=\"row\">\n<p class=\"col-10 offset-1 animated fadeInDown dealy-900 display-8 display-md-8 alt-font font-italic my-1 text-center\">Mauro Londero Hoffmann foi condenado a 19 anos e seis meses de pris\u00e3o<\/p>\n<\/div>\n<\/blockquote>\n<p>O Tribunal de Justi\u00e7a do Rio Grande do Sul (TJRS) negou o pedido de habeas corpus Mauro Londero Hoffmann, um dos quatro r\u00e9us acusados de 242 homic\u00eddios na trag\u00e9dia da boate Kiss. A decis\u00e3o foi do desembargador Jos\u00e9 Luiz John dos Santos, da 3\u00aa C\u00e2mara Criminal do TJRS.<img decoding=\"async\" src=\"https:\/\/agenciabrasil.ebc.com.br\/ebc.png?id=1610433&amp;o=node\" \/><img decoding=\"async\" src=\"https:\/\/agenciabrasil.ebc.com.br\/ebc.gif?id=1610433&amp;o=node\" \/><\/p>\n<p>O ministro Dias Toffoli, do Supremo Tribunal Federal (STF), havia determinado nessa segunda-feira (2)\u00a0a pris\u00e3o de quatro condenados\u00a0pelo inc\u00eandio na Boate Kiss, ocorrido em 2013, em Santa Maria, no Rio Grande do Sul. O epis\u00f3dio foi marcado pela morte de 242 pessoas, al\u00e9m de mais de 600 feridas.<\/p>\n<p>A determina\u00e7\u00e3o de Toffoli \u00e9 o resultado da anula\u00e7\u00e3o da suspens\u00e3o das condena\u00e7\u00f5es. Nas inst\u00e2ncias inferiores, as defesas dos acusados conseguiram anular as senten\u00e7as ao alegarem que as condena\u00e7\u00f5es pelo Tribunal do J\u00fari foram repletas de nulidades. Mas o Minist\u00e9rio P\u00fablico\u00a0apresentou recurso ao caso.<\/p>\n<p>O desembargador do TJRS entendeu que com a decis\u00e3o do ministro do STF pela pris\u00e3o imediata dos r\u00e9us, o pedido da defesa de Hoffmann \u201csequer mereceria ser conhecido no \u00e2mbito desta Corte Estadual\u201d.<\/p>\n<p>\u201cPortanto, ao menos por ora, n\u00e3o se verifica a exist\u00eancia de ilegalidade manifesta na decis\u00e3o que determinou a execu\u00e7\u00e3o provis\u00f3ria da pena, mormente porque, na via estreita do habeas corpus, o constrangimento ilegal suportado deve ser comprovado de plano, devendo o interessado demonstr\u00e1-lo de maneira inequ\u00edvoca\u201d, decidiu Jos\u00e9 Luiz John dos Santos.<\/p>\n<p>A partir de agora, o m\u00e9rito ser\u00e1 analisado pela Desembargadora relatora, Rosane Wanner da Silva Bordasch.<\/p>\n<h2>R\u00e9us<\/h2>\n<p>Condenado a 19 anos e seis meses de pris\u00e3o, Hoffman \u00e9 um dos ex-s\u00f3cios da boate. Al\u00e9m dele, Toffoli determinou a pris\u00e3o do outro s\u00f3cio, Elissandro Callegaro; do vocalista da banda Gurizada Fandangueira, Marcelo de Jesus dos Santos; e o produtor musical Luciano Bonilha.<\/p>\n<p>Elissandro Callegaro foi condenado a 22 anos e seis meses de pris\u00e3o. Marcelo de Jesus dos Santos e Luciano Bonilha foram condenados a 18 anos cada.<\/p>\n<p>&nbsp;<\/p>\n","protected":false},"excerpt":{"rendered":"<p>Mauro Londero Hoffmann foi condenado a 19 anos e seis meses de pris\u00e3o O Tribunal<\/p>\n","protected":false},"author":4,"featured_media":43601,"comment_status":"open","ping_status":"open","sticky":false,"template":"","format":"standard","meta":{"footnotes":""},"categories":[3,22],"tags":[],"class_list":["post-43600","post","type-post","status-publish","format-standard","has-post-thumbnail","hentry","category-destaques","category-justica"],"yoast_head":"<!-- This site is optimized with the Yoast SEO plugin v27.5 - https:\/\/yoast.com\/product\/yoast-seo-wordpress\/ -->\n<title>Justi\u00e7a do RS nega habeas corpus a um dos condenados da Boate Kiss - Jornal<\/title>\n<meta name=\"description\" content=\"Justi\u00e7a do RS nega habeas corpus a um dos condenados da Boate Kiss\" \/>\n<meta name=\"robots\" content=\"index, follow, max-snippet:-1, max-image-preview:large, max-video-preview:-1\" \/>\n<link rel=\"canonical\" href=\"https:\/\/jornalboasnoticias.com.br\/home\/justica-do-rs-nega-habeas-corpus-a-um-dos-condenados-da-boate-kiss\/\" \/>\n<meta property=\"og:locale\" content=\"pt_BR\" \/>\n<meta property=\"og:type\" content=\"article\" \/>\n<meta property=\"og:title\" content=\"Justi\u00e7a do RS nega habeas corpus a um dos condenados da Boate Kiss - Jornal\" \/>\n<meta property=\"og:description\" content=\"Justi\u00e7a do RS nega habeas corpus a um dos condenados da Boate Kiss\" \/>\n<meta property=\"og:url\" content=\"https:\/\/jornalboasnoticias.com.br\/home\/justica-do-rs-nega-habeas-corpus-a-um-dos-condenados-da-boate-kiss\/\" \/>\n<meta property=\"og:site_name\" content=\"Jornal\" \/>\n<meta property=\"article:publisher\" content=\"https:\/\/www.facebook.com\/boasnoticiasjornal\" \/>\n<meta property=\"article:published_time\" content=\"2024-09-03T20:33:56+00:00\" \/>\n<meta property=\"og:image\" content=\"https:\/\/jornalboasnoticias.com.br\/home\/wp-content\/uploads\/2024\/09\/dsc7744-1.webp\" \/>\n\t<meta property=\"og:image:width\" content=\"1170\" \/>\n\t<meta property=\"og:image:height\" content=\"700\" \/>\n\t<meta property=\"og:image:type\" content=\"image\/webp\" \/>\n<meta name=\"author\" content=\"Ana Luiza Bonatto\" \/>\n<meta name=\"twitter:card\" content=\"summary_large_image\" \/>\n<meta name=\"twitter:label1\" content=\"Escrito por\" \/>\n\t<meta name=\"twitter:data1\" content=\"Ana Luiza Bonatto\" \/>\n\t<meta name=\"twitter:label2\" content=\"Est. tempo de leitura\" \/>\n\t<meta name=\"twitter:data2\" content=\"3 minutos\" \/>\n<script type=\"application\/ld+json\" class=\"yoast-schema-graph\">{\"@context\":\"https:\\\/\\\/schema.org\",\"@graph\":[{\"@type\":\"Article\",\"@id\":\"https:\\\/\\\/jornalboasnoticias.com.br\\\/home\\\/justica-do-rs-nega-habeas-corpus-a-um-dos-condenados-da-boate-kiss\\\/#article\",\"isPartOf\":{\"@id\":\"https:\\\/\\\/jornalboasnoticias.com.br\\\/home\\\/justica-do-rs-nega-habeas-corpus-a-um-dos-condenados-da-boate-kiss\\\/\"},\"author\":{\"name\":\"Ana Luiza Bonatto\",\"@id\":\"https:\\\/\\\/jornalboasnoticias.com.br\\\/home\\\/#\\\/schema\\\/person\\\/d641193e0afc6405b390164dac847971\"},\"headline\":\"Justi\u00e7a do RS nega habeas corpus a um dos condenados da Boate Kiss\",\"datePublished\":\"2024-09-03T20:33:56+00:00\",\"mainEntityOfPage\":{\"@id\":\"https:\\\/\\\/jornalboasnoticias.com.br\\\/home\\\/justica-do-rs-nega-habeas-corpus-a-um-dos-condenados-da-boate-kiss\\\/\"},\"wordCount\":383,\"commentCount\":0,\"publisher\":{\"@id\":\"https:\\\/\\\/jornalboasnoticias.com.br\\\/home\\\/#organization\"},\"image\":{\"@id\":\"https:\\\/\\\/jornalboasnoticias.com.br\\\/home\\\/justica-do-rs-nega-habeas-corpus-a-um-dos-condenados-da-boate-kiss\\\/#primaryimage\"},\"thumbnailUrl\":\"https:\\\/\\\/jornalboasnoticias.com.br\\\/home\\\/wp-content\\\/uploads\\\/2024\\\/09\\\/dsc7744-1.webp\",\"articleSection\":[\"DESTAQUE\",\"JUSTI\u00c7A\"],\"inLanguage\":\"pt-BR\",\"potentialAction\":[{\"@type\":\"CommentAction\",\"name\":\"Comment\",\"target\":[\"https:\\\/\\\/jornalboasnoticias.com.br\\\/home\\\/justica-do-rs-nega-habeas-corpus-a-um-dos-condenados-da-boate-kiss\\\/#respond\"]}]},{\"@type\":\"WebPage\",\"@id\":\"https:\\\/\\\/jornalboasnoticias.com.br\\\/home\\\/justica-do-rs-nega-habeas-corpus-a-um-dos-condenados-da-boate-kiss\\\/\",\"url\":\"https:\\\/\\\/jornalboasnoticias.com.br\\\/home\\\/justica-do-rs-nega-habeas-corpus-a-um-dos-condenados-da-boate-kiss\\\/\",\"name\":\"Justi\u00e7a do RS nega habeas corpus a um dos condenados da Boate Kiss - Jornal\",\"isPartOf\":{\"@id\":\"https:\\\/\\\/jornalboasnoticias.com.br\\\/home\\\/#website\"},\"primaryImageOfPage\":{\"@id\":\"https:\\\/\\\/jornalboasnoticias.com.br\\\/home\\\/justica-do-rs-nega-habeas-corpus-a-um-dos-condenados-da-boate-kiss\\\/#primaryimage\"},\"image\":{\"@id\":\"https:\\\/\\\/jornalboasnoticias.com.br\\\/home\\\/justica-do-rs-nega-habeas-corpus-a-um-dos-condenados-da-boate-kiss\\\/#primaryimage\"},\"thumbnailUrl\":\"https:\\\/\\\/jornalboasnoticias.com.br\\\/home\\\/wp-content\\\/uploads\\\/2024\\\/09\\\/dsc7744-1.webp\",\"datePublished\":\"2024-09-03T20:33:56+00:00\",\"description\":\"Justi\u00e7a do RS nega habeas corpus a um dos condenados da Boate Kiss\",\"breadcrumb\":{\"@id\":\"https:\\\/\\\/jornalboasnoticias.com.br\\\/home\\\/justica-do-rs-nega-habeas-corpus-a-um-dos-condenados-da-boate-kiss\\\/#breadcrumb\"},\"inLanguage\":\"pt-BR\",\"potentialAction\":[{\"@type\":\"ReadAction\",\"target\":[\"https:\\\/\\\/jornalboasnoticias.com.br\\\/home\\\/justica-do-rs-nega-habeas-corpus-a-um-dos-condenados-da-boate-kiss\\\/\"]}]},{\"@type\":\"ImageObject\",\"inLanguage\":\"pt-BR\",\"@id\":\"https:\\\/\\\/jornalboasnoticias.com.br\\\/home\\\/justica-do-rs-nega-habeas-corpus-a-um-dos-condenados-da-boate-kiss\\\/#primaryimage\",\"url\":\"https:\\\/\\\/jornalboasnoticias.com.br\\\/home\\\/wp-content\\\/uploads\\\/2024\\\/09\\\/dsc7744-1.webp\",\"contentUrl\":\"https:\\\/\\\/jornalboasnoticias.com.br\\\/home\\\/wp-content\\\/uploads\\\/2024\\\/09\\\/dsc7744-1.webp\",\"width\":1170,\"height\":700,\"caption\":\"Foto: \u00a9 Tomaz Silva\\\/Ag\u00eancia Brasil\"},{\"@type\":\"BreadcrumbList\",\"@id\":\"https:\\\/\\\/jornalboasnoticias.com.br\\\/home\\\/justica-do-rs-nega-habeas-corpus-a-um-dos-condenados-da-boate-kiss\\\/#breadcrumb\",\"itemListElement\":[{\"@type\":\"ListItem\",\"position\":1,\"name\":\"In\u00edcio\",\"item\":\"https:\\\/\\\/jornalboasnoticias.com.br\\\/home\\\/\"},{\"@type\":\"ListItem\",\"position\":2,\"name\":\"Justi\u00e7a do RS nega habeas corpus a um dos condenados da Boate Kiss\"}]},{\"@type\":\"WebSite\",\"@id\":\"https:\\\/\\\/jornalboasnoticias.com.br\\\/home\\\/#website\",\"url\":\"https:\\\/\\\/jornalboasnoticias.com.br\\\/home\\\/\",\"name\":\"Jornal Boas Not\u00edcias\",\"description\":\"Boas not\u00edcias\",\"publisher\":{\"@id\":\"https:\\\/\\\/jornalboasnoticias.com.br\\\/home\\\/#organization\"},\"potentialAction\":[{\"@type\":\"SearchAction\",\"target\":{\"@type\":\"EntryPoint\",\"urlTemplate\":\"https:\\\/\\\/jornalboasnoticias.com.br\\\/home\\\/?s={search_term_string}\"},\"query-input\":{\"@type\":\"PropertyValueSpecification\",\"valueRequired\":true,\"valueName\":\"search_term_string\"}}],\"inLanguage\":\"pt-BR\"},{\"@type\":\"Organization\",\"@id\":\"https:\\\/\\\/jornalboasnoticias.com.br\\\/home\\\/#organization\",\"name\":\"Coq Editora Ltda\",\"alternateName\":\"Jornal Boas Noticias\",\"url\":\"https:\\\/\\\/jornalboasnoticias.com.br\\\/home\\\/\",\"logo\":{\"@type\":\"ImageObject\",\"inLanguage\":\"pt-BR\",\"@id\":\"https:\\\/\\\/jornalboasnoticias.com.br\\\/home\\\/#\\\/schema\\\/logo\\\/image\\\/\",\"url\":\"https:\\\/\\\/jornalboasnoticias.com.br\\\/home\\\/wp-content\\\/uploads\\\/2024\\\/07\\\/cropped-logo.jpg\",\"contentUrl\":\"https:\\\/\\\/jornalboasnoticias.com.br\\\/home\\\/wp-content\\\/uploads\\\/2024\\\/07\\\/cropped-logo.jpg\",\"width\":290,\"height\":142,\"caption\":\"Coq Editora Ltda\"},\"image\":{\"@id\":\"https:\\\/\\\/jornalboasnoticias.com.br\\\/home\\\/#\\\/schema\\\/logo\\\/image\\\/\"},\"sameAs\":[\"https:\\\/\\\/www.facebook.com\\\/boasnoticiasjornal\"]},{\"@type\":\"Person\",\"@id\":\"https:\\\/\\\/jornalboasnoticias.com.br\\\/home\\\/#\\\/schema\\\/person\\\/d641193e0afc6405b390164dac847971\",\"name\":\"Ana Luiza Bonatto\",\"image\":{\"@type\":\"ImageObject\",\"inLanguage\":\"pt-BR\",\"@id\":\"https:\\\/\\\/secure.gravatar.com\\\/avatar\\\/8a055ebe6373371f67ac6fcf313c0ac0b0a91157fdcdb9514fa62927373348f0?s=96&d=mm&r=g\",\"url\":\"https:\\\/\\\/secure.gravatar.com\\\/avatar\\\/8a055ebe6373371f67ac6fcf313c0ac0b0a91157fdcdb9514fa62927373348f0?s=96&d=mm&r=g\",\"contentUrl\":\"https:\\\/\\\/secure.gravatar.com\\\/avatar\\\/8a055ebe6373371f67ac6fcf313c0ac0b0a91157fdcdb9514fa62927373348f0?s=96&d=mm&r=g\",\"caption\":\"Ana Luiza Bonatto\"},\"url\":\"https:\\\/\\\/jornalboasnoticias.com.br\\\/home\\\/author\\\/ana-luiza\\\/\"}]}<\/script>\n<!-- \/ Yoast SEO plugin. -->","yoast_head_json":{"title":"Justi\u00e7a do RS nega habeas corpus a um dos condenados da Boate Kiss - Jornal","description":"Justi\u00e7a do RS nega habeas corpus a um dos condenados da Boate Kiss","robots":{"index":"index","follow":"follow","max-snippet":"max-snippet:-1","max-image-preview":"max-image-preview:large","max-video-preview":"max-video-preview:-1"},"canonical":"https:\/\/jornalboasnoticias.com.br\/home\/justica-do-rs-nega-habeas-corpus-a-um-dos-condenados-da-boate-kiss\/","og_locale":"pt_BR","og_type":"article","og_title":"Justi\u00e7a do RS nega habeas corpus a um dos condenados da Boate Kiss - Jornal","og_description":"Justi\u00e7a do RS nega habeas corpus a um dos condenados da Boate Kiss","og_url":"https:\/\/jornalboasnoticias.com.br\/home\/justica-do-rs-nega-habeas-corpus-a-um-dos-condenados-da-boate-kiss\/","og_site_name":"Jornal","article_publisher":"https:\/\/www.facebook.com\/boasnoticiasjornal","article_published_time":"2024-09-03T20:33:56+00:00","og_image":[{"width":1170,"height":700,"url":"https:\/\/jornalboasnoticias.com.br\/home\/wp-content\/uploads\/2024\/09\/dsc7744-1.webp","type":"image\/webp"}],"author":"Ana Luiza Bonatto","twitter_card":"summary_large_image","twitter_misc":{"Escrito por":"Ana Luiza Bonatto","Est. tempo de leitura":"3 minutos"},"schema":{"@context":"https:\/\/schema.org","@graph":[{"@type":"Article","@id":"https:\/\/jornalboasnoticias.com.br\/home\/justica-do-rs-nega-habeas-corpus-a-um-dos-condenados-da-boate-kiss\/#article","isPartOf":{"@id":"https:\/\/jornalboasnoticias.com.br\/home\/justica-do-rs-nega-habeas-corpus-a-um-dos-condenados-da-boate-kiss\/"},"author":{"name":"Ana Luiza Bonatto","@id":"https:\/\/jornalboasnoticias.com.br\/home\/#\/schema\/person\/d641193e0afc6405b390164dac847971"},"headline":"Justi\u00e7a do RS nega habeas corpus a um dos condenados da Boate Kiss","datePublished":"2024-09-03T20:33:56+00:00","mainEntityOfPage":{"@id":"https:\/\/jornalboasnoticias.com.br\/home\/justica-do-rs-nega-habeas-corpus-a-um-dos-condenados-da-boate-kiss\/"},"wordCount":383,"commentCount":0,"publisher":{"@id":"https:\/\/jornalboasnoticias.com.br\/home\/#organization"},"image":{"@id":"https:\/\/jornalboasnoticias.com.br\/home\/justica-do-rs-nega-habeas-corpus-a-um-dos-condenados-da-boate-kiss\/#primaryimage"},"thumbnailUrl":"https:\/\/jornalboasnoticias.com.br\/home\/wp-content\/uploads\/2024\/09\/dsc7744-1.webp","articleSection":["DESTAQUE","JUSTI\u00c7A"],"inLanguage":"pt-BR","potentialAction":[{"@type":"CommentAction","name":"Comment","target":["https:\/\/jornalboasnoticias.com.br\/home\/justica-do-rs-nega-habeas-corpus-a-um-dos-condenados-da-boate-kiss\/#respond"]}]},{"@type":"WebPage","@id":"https:\/\/jornalboasnoticias.com.br\/home\/justica-do-rs-nega-habeas-corpus-a-um-dos-condenados-da-boate-kiss\/","url":"https:\/\/jornalboasnoticias.com.br\/home\/justica-do-rs-nega-habeas-corpus-a-um-dos-condenados-da-boate-kiss\/","name":"Justi\u00e7a do RS nega habeas corpus a um dos condenados da Boate Kiss - Jornal","isPartOf":{"@id":"https:\/\/jornalboasnoticias.com.br\/home\/#website"},"primaryImageOfPage":{"@id":"https:\/\/jornalboasnoticias.com.br\/home\/justica-do-rs-nega-habeas-corpus-a-um-dos-condenados-da-boate-kiss\/#primaryimage"},"image":{"@id":"https:\/\/jornalboasnoticias.com.br\/home\/justica-do-rs-nega-habeas-corpus-a-um-dos-condenados-da-boate-kiss\/#primaryimage"},"thumbnailUrl":"https:\/\/jornalboasnoticias.com.br\/home\/wp-content\/uploads\/2024\/09\/dsc7744-1.webp","datePublished":"2024-09-03T20:33:56+00:00","description":"Justi\u00e7a do RS nega habeas corpus a um dos condenados da Boate Kiss","breadcrumb":{"@id":"https:\/\/jornalboasnoticias.com.br\/home\/justica-do-rs-nega-habeas-corpus-a-um-dos-condenados-da-boate-kiss\/#breadcrumb"},"inLanguage":"pt-BR","potentialAction":[{"@type":"ReadAction","target":["https:\/\/jornalboasnoticias.com.br\/home\/justica-do-rs-nega-habeas-corpus-a-um-dos-condenados-da-boate-kiss\/"]}]},{"@type":"ImageObject","inLanguage":"pt-BR","@id":"https:\/\/jornalboasnoticias.com.br\/home\/justica-do-rs-nega-habeas-corpus-a-um-dos-condenados-da-boate-kiss\/#primaryimage","url":"https:\/\/jornalboasnoticias.com.br\/home\/wp-content\/uploads\/2024\/09\/dsc7744-1.webp","contentUrl":"https:\/\/jornalboasnoticias.com.br\/home\/wp-content\/uploads\/2024\/09\/dsc7744-1.webp","width":1170,"height":700,"caption":"Foto: \u00a9 Tomaz Silva\/Ag\u00eancia Brasil"},{"@type":"BreadcrumbList","@id":"https:\/\/jornalboasnoticias.com.br\/home\/justica-do-rs-nega-habeas-corpus-a-um-dos-condenados-da-boate-kiss\/#breadcrumb","itemListElement":[{"@type":"ListItem","position":1,"name":"In\u00edcio","item":"https:\/\/jornalboasnoticias.com.br\/home\/"},{"@type":"ListItem","position":2,"name":"Justi\u00e7a do RS nega habeas corpus a um dos condenados da Boate Kiss"}]},{"@type":"WebSite","@id":"https:\/\/jornalboasnoticias.com.br\/home\/#website","url":"https:\/\/jornalboasnoticias.com.br\/home\/","name":"Jornal Boas Not\u00edcias","description":"Boas not\u00edcias","publisher":{"@id":"https:\/\/jornalboasnoticias.com.br\/home\/#organization"},"potentialAction":[{"@type":"SearchAction","target":{"@type":"EntryPoint","urlTemplate":"https:\/\/jornalboasnoticias.com.br\/home\/?s={search_term_string}"},"query-input":{"@type":"PropertyValueSpecification","valueRequired":true,"valueName":"search_term_string"}}],"inLanguage":"pt-BR"},{"@type":"Organization","@id":"https:\/\/jornalboasnoticias.com.br\/home\/#organization","name":"Coq Editora Ltda","alternateName":"Jornal Boas Noticias","url":"https:\/\/jornalboasnoticias.com.br\/home\/","logo":{"@type":"ImageObject","inLanguage":"pt-BR","@id":"https:\/\/jornalboasnoticias.com.br\/home\/#\/schema\/logo\/image\/","url":"https:\/\/jornalboasnoticias.com.br\/home\/wp-content\/uploads\/2024\/07\/cropped-logo.jpg","contentUrl":"https:\/\/jornalboasnoticias.com.br\/home\/wp-content\/uploads\/2024\/07\/cropped-logo.jpg","width":290,"height":142,"caption":"Coq Editora Ltda"},"image":{"@id":"https:\/\/jornalboasnoticias.com.br\/home\/#\/schema\/logo\/image\/"},"sameAs":["https:\/\/www.facebook.com\/boasnoticiasjornal"]},{"@type":"Person","@id":"https:\/\/jornalboasnoticias.com.br\/home\/#\/schema\/person\/d641193e0afc6405b390164dac847971","name":"Ana Luiza Bonatto","image":{"@type":"ImageObject","inLanguage":"pt-BR","@id":"https:\/\/secure.gravatar.com\/avatar\/8a055ebe6373371f67ac6fcf313c0ac0b0a91157fdcdb9514fa62927373348f0?s=96&d=mm&r=g","url":"https:\/\/secure.gravatar.com\/avatar\/8a055ebe6373371f67ac6fcf313c0ac0b0a91157fdcdb9514fa62927373348f0?s=96&d=mm&r=g","contentUrl":"https:\/\/secure.gravatar.com\/avatar\/8a055ebe6373371f67ac6fcf313c0ac0b0a91157fdcdb9514fa62927373348f0?s=96&d=mm&r=g","caption":"Ana Luiza Bonatto"},"url":"https:\/\/jornalboasnoticias.com.br\/home\/author\/ana-luiza\/"}]}},"_links":{"self":[{"href":"https:\/\/jornalboasnoticias.com.br\/home\/wp-json\/wp\/v2\/posts\/43600","targetHints":{"allow":["GET"]}}],"collection":[{"href":"https:\/\/jornalboasnoticias.com.br\/home\/wp-json\/wp\/v2\/posts"}],"about":[{"href":"https:\/\/jornalboasnoticias.com.br\/home\/wp-json\/wp\/v2\/types\/post"}],"author":[{"embeddable":true,"href":"https:\/\/jornalboasnoticias.com.br\/home\/wp-json\/wp\/v2\/users\/4"}],"replies":[{"embeddable":true,"href":"https:\/\/jornalboasnoticias.com.br\/home\/wp-json\/wp\/v2\/comments?post=43600"}],"version-history":[{"count":1,"href":"https:\/\/jornalboasnoticias.com.br\/home\/wp-json\/wp\/v2\/posts\/43600\/revisions"}],"predecessor-version":[{"id":43602,"href":"https:\/\/jornalboasnoticias.com.br\/home\/wp-json\/wp\/v2\/posts\/43600\/revisions\/43602"}],"wp:featuredmedia":[{"embeddable":true,"href":"https:\/\/jornalboasnoticias.com.br\/home\/wp-json\/wp\/v2\/media\/43601"}],"wp:attachment":[{"href":"https:\/\/jornalboasnoticias.com.br\/home\/wp-json\/wp\/v2\/media?parent=43600"}],"wp:term":[{"taxonomy":"category","embeddable":true,"href":"https:\/\/jornalboasnoticias.com.br\/home\/wp-json\/wp\/v2\/categories?post=43600"},{"taxonomy":"post_tag","embeddable":true,"href":"https:\/\/jornalboasnoticias.com.br\/home\/wp-json\/wp\/v2\/tags?post=43600"}],"curies":[{"name":"wp","href":"https:\/\/api.w.org\/{rel}","templated":true}]}}