{"id":43590,"date":"2024-09-02T18:20:48","date_gmt":"2024-09-02T18:20:48","guid":{"rendered":"https:\/\/jornalboasnoticias.com.br\/home\/?p=43590"},"modified":"2024-09-02T18:20:48","modified_gmt":"2024-09-02T18:20:48","slug":"eua-apreendem-aviao-presidencial-de-maduro-na-republica-dominicana","status":"publish","type":"post","link":"https:\/\/jornalboasnoticias.com.br\/home\/eua-apreendem-aviao-presidencial-de-maduro-na-republica-dominicana\/","title":{"rendered":"EUA apreendem avi\u00e3o presidencial de Maduro na Rep\u00fablica Dominicana"},"content":{"rendered":"<figure id=\"attachment_43591\" aria-describedby=\"caption-attachment-43591\" style=\"width: 700px\" class=\"wp-caption alignnone\"><img loading=\"lazy\" decoding=\"async\" class=\"wp-image-43591 size-full\" src=\"https:\/\/jornalboasnoticias.com.br\/home\/wp-content\/uploads\/2024\/09\/9f5cbd4e0d079c3364b3de54d991a540-_1_.jpg\" alt=\"\" width=\"700\" height=\"467\" srcset=\"https:\/\/jornalboasnoticias.com.br\/home\/wp-content\/uploads\/2024\/09\/9f5cbd4e0d079c3364b3de54d991a540-_1_.jpg 700w, https:\/\/jornalboasnoticias.com.br\/home\/wp-content\/uploads\/2024\/09\/9f5cbd4e0d079c3364b3de54d991a540-_1_-300x200.jpg 300w\" sizes=\"auto, (max-width: 700px) 100vw, 700px\" \/><figcaption id=\"caption-attachment-43591\" class=\"wp-caption-text\">Foto: Ezequiel Becerra \/ Getty Images<\/figcaption><\/figure>\n<p>Em um movimento in\u00e9dito e pol\u00eamico, as autoridades dos Estados Unidos apreenderam nesta segunda-feira (2) o avi\u00e3o presidencial da Venezuela, que estava na Rep\u00fablica Dominicana h\u00e1 mais de um m\u00eas. A aeronave foi transportada para a Fl\u00f3rida, onde permanecer\u00e1 sob cust\u00f3dia norte-americana. Segundo o governo dos EUA, a aquisi\u00e7\u00e3o do avi\u00e3o violou as san\u00e7\u00f5es impostas \u00e0 Venezuela, que t\u00eam como objetivo pressionar o regime de Nicol\u00e1s Maduro.<\/p>\n<p>O avi\u00e3o apreendido, um Dassault Falcon 900 avaliado em cerca de US$ 13 milh\u00f5es, \u00e9 descrito como o equivalente venezuelano do Air Force One, a aeronave que transporta presidentes dos Estados Unidos. O modelo, frequentemente utilizado por Maduro em viagens internacionais, j\u00e1 foi visto em diversas ocasi\u00f5es ao redor do mundo. A apreens\u00e3o, que contou com a participa\u00e7\u00e3o de agentes do Departamento de Investiga\u00e7\u00f5es de Seguran\u00e7a Interna, do Com\u00e9rcio, do Bureau de Ind\u00fastria e Seguran\u00e7a, e do Departamento de Justi\u00e7a, marca um novo cap\u00edtulo na escalada de tens\u00f5es entre os dois pa\u00edses.<\/p>\n<p>Um oficial norte-americano, em entrevista \u00e0 CNN, destacou a mensagem impl\u00edcita no ato: \u201cIsso manda uma mensagem para o topo. Apreender o avi\u00e3o do chefe de Estado estrangeiro \u00e9 algo in\u00e9dito para quest\u00f5es criminais. Estamos mandando uma mensagem clara aqui de que ningu\u00e9m est\u00e1 acima da lei, ningu\u00e9m est\u00e1 acima do alcance das san\u00e7\u00f5es dos EUA\u201d.<\/p>\n<p><strong>Hist\u00f3rico de Tens\u00e3o Diplom\u00e1tica<\/strong><\/p>\n<p>As rela\u00e7\u00f5es entre Estados Unidos e Venezuela t\u00eam sido marcadas por um longo hist\u00f3rico de embates diplom\u00e1ticos e medidas punitivas. Ao longo dos anos, os EUA j\u00e1 apreenderam dezenas de ve\u00edculos de luxo e outros ativos ligados ao regime de Maduro, alegando a necessidade de impor respeito \u00e0s san\u00e7\u00f5es internacionais e coibir pr\u00e1ticas que consideram il\u00edcitas.<\/p>\n<p>A situa\u00e7\u00e3o entre os dois pa\u00edses deteriorou-se ainda mais ap\u00f3s as elei\u00e7\u00f5es venezuelanas de 28 de julho, que resultaram na reelei\u00e7\u00e3o de Nicol\u00e1s Maduro. O resultado do pleito foi amplamente contestado pela comunidade internacional, incluindo os Estados Unidos, que acusaram o governo venezuelano de falhas em garantir uma elei\u00e7\u00e3o \u201cinclusiva e competitiva\u201d. Em resposta \u00e0 reelei\u00e7\u00e3o de Maduro, os EUA restabeleceram, no in\u00edcio do ano, san\u00e7\u00f5es severas ao setor de petr\u00f3leo e g\u00e1s da Venezuela.<\/p>\n<p><strong>Impacto das San\u00e7\u00f5es e Rea\u00e7\u00f5es Internacionais<\/strong><\/p>\n<p>As san\u00e7\u00f5es econ\u00f4micas dos Estados Unidos contra a Venezuela t\u00eam gerado um impacto significativo na economia do pa\u00eds sul-americano, j\u00e1 em crise h\u00e1 v\u00e1rios anos. O governo Maduro, por sua vez, acusa os EUA de tentar desestabilizar o pa\u00eds e afirma que tais medidas s\u00e3o uma forma de agress\u00e3o econ\u00f4mica. A apreens\u00e3o do avi\u00e3o presidencial apenas aumenta a temperatura das j\u00e1 tensas rela\u00e7\u00f5es diplom\u00e1ticas.<\/p>\n<p>Analistas internacionais observam que esta a\u00e7\u00e3o dos Estados Unidos pode ser interpretada como um sinal de endurecimento da postura norte-americana frente ao governo de Maduro. O impacto dessa decis\u00e3o, no entanto, ainda \u00e9 incerto e pode gerar uma s\u00e9rie de rea\u00e7\u00f5es diplom\u00e1ticas e pol\u00edticas no cen\u00e1rio internacional.<\/p>\n<p>A Venezuela ainda n\u00e3o se pronunciou oficialmente sobre a apreens\u00e3o da aeronave, mas a expectativa \u00e9 de que o governo de Maduro responda de forma contundente, denunciando a a\u00e7\u00e3o como uma viola\u00e7\u00e3o de sua soberania e uma escalada na ofensiva dos Estados Unidos contra seu governo. Enquanto isso, a apreens\u00e3o do Falcon 900 permanece como um s\u00edmbolo da complexa e conturbada rela\u00e7\u00e3o entre Caracas e Washington.<\/p>\n","protected":false},"excerpt":{"rendered":"<p>Em um movimento in\u00e9dito e pol\u00eamico, as autoridades dos Estados Unidos apreenderam nesta segunda-feira (2)<\/p>\n","protected":false},"author":4,"featured_media":43591,"comment_status":"open","ping_status":"open","sticky":false,"template":"","format":"standard","meta":{"footnotes":""},"categories":[3,9],"tags":[],"class_list":["post-43590","post","type-post","status-publish","format-standard","has-post-thumbnail","hentry","category-destaques","category-internacional"],"yoast_head":"<!-- This site is optimized with the Yoast SEO plugin v27.5 - https:\/\/yoast.com\/product\/yoast-seo-wordpress\/ -->\n<title>EUA apreendem avi\u00e3o presidencial de Maduro na Rep\u00fablica Dominicana - Jornal<\/title>\n<meta name=\"description\" content=\"EUA apreendem avi\u00e3o presidencial de Maduro na Rep\u00fablica Dominicana\" \/>\n<meta name=\"robots\" content=\"index, follow, max-snippet:-1, max-image-preview:large, max-video-preview:-1\" \/>\n<link rel=\"canonical\" href=\"https:\/\/jornalboasnoticias.com.br\/home\/eua-apreendem-aviao-presidencial-de-maduro-na-republica-dominicana\/\" \/>\n<meta property=\"og:locale\" content=\"pt_BR\" \/>\n<meta property=\"og:type\" content=\"article\" \/>\n<meta property=\"og:title\" content=\"EUA apreendem avi\u00e3o presidencial de Maduro na Rep\u00fablica Dominicana - Jornal\" \/>\n<meta property=\"og:description\" content=\"EUA apreendem avi\u00e3o presidencial de Maduro na Rep\u00fablica Dominicana\" \/>\n<meta property=\"og:url\" content=\"https:\/\/jornalboasnoticias.com.br\/home\/eua-apreendem-aviao-presidencial-de-maduro-na-republica-dominicana\/\" \/>\n<meta property=\"og:site_name\" content=\"Jornal\" \/>\n<meta property=\"article:publisher\" content=\"https:\/\/www.facebook.com\/boasnoticiasjornal\" \/>\n<meta property=\"article:published_time\" content=\"2024-09-02T18:20:48+00:00\" \/>\n<meta property=\"og:image\" content=\"https:\/\/jornalboasnoticias.com.br\/home\/wp-content\/uploads\/2024\/09\/9f5cbd4e0d079c3364b3de54d991a540-_1_.jpg\" \/>\n\t<meta property=\"og:image:width\" content=\"700\" \/>\n\t<meta property=\"og:image:height\" content=\"467\" \/>\n\t<meta property=\"og:image:type\" content=\"image\/jpeg\" \/>\n<meta name=\"author\" content=\"Ana Luiza Bonatto\" \/>\n<meta name=\"twitter:card\" content=\"summary_large_image\" \/>\n<meta name=\"twitter:label1\" content=\"Escrito por\" \/>\n\t<meta name=\"twitter:data1\" content=\"Ana Luiza Bonatto\" \/>\n\t<meta name=\"twitter:label2\" content=\"Est. tempo de leitura\" \/>\n\t<meta name=\"twitter:data2\" content=\"4 minutos\" \/>\n<script type=\"application\/ld+json\" class=\"yoast-schema-graph\">{\"@context\":\"https:\\\/\\\/schema.org\",\"@graph\":[{\"@type\":\"Article\",\"@id\":\"https:\\\/\\\/jornalboasnoticias.com.br\\\/home\\\/eua-apreendem-aviao-presidencial-de-maduro-na-republica-dominicana\\\/#article\",\"isPartOf\":{\"@id\":\"https:\\\/\\\/jornalboasnoticias.com.br\\\/home\\\/eua-apreendem-aviao-presidencial-de-maduro-na-republica-dominicana\\\/\"},\"author\":{\"name\":\"Ana Luiza Bonatto\",\"@id\":\"https:\\\/\\\/jornalboasnoticias.com.br\\\/home\\\/#\\\/schema\\\/person\\\/d641193e0afc6405b390164dac847971\"},\"headline\":\"EUA apreendem avi\u00e3o presidencial de Maduro na Rep\u00fablica Dominicana\",\"datePublished\":\"2024-09-02T18:20:48+00:00\",\"mainEntityOfPage\":{\"@id\":\"https:\\\/\\\/jornalboasnoticias.com.br\\\/home\\\/eua-apreendem-aviao-presidencial-de-maduro-na-republica-dominicana\\\/\"},\"wordCount\":629,\"commentCount\":0,\"publisher\":{\"@id\":\"https:\\\/\\\/jornalboasnoticias.com.br\\\/home\\\/#organization\"},\"image\":{\"@id\":\"https:\\\/\\\/jornalboasnoticias.com.br\\\/home\\\/eua-apreendem-aviao-presidencial-de-maduro-na-republica-dominicana\\\/#primaryimage\"},\"thumbnailUrl\":\"https:\\\/\\\/jornalboasnoticias.com.br\\\/home\\\/wp-content\\\/uploads\\\/2024\\\/09\\\/9f5cbd4e0d079c3364b3de54d991a540-_1_.jpg\",\"articleSection\":[\"DESTAQUE\",\"INTERNACIONAL\"],\"inLanguage\":\"pt-BR\",\"potentialAction\":[{\"@type\":\"CommentAction\",\"name\":\"Comment\",\"target\":[\"https:\\\/\\\/jornalboasnoticias.com.br\\\/home\\\/eua-apreendem-aviao-presidencial-de-maduro-na-republica-dominicana\\\/#respond\"]}]},{\"@type\":\"WebPage\",\"@id\":\"https:\\\/\\\/jornalboasnoticias.com.br\\\/home\\\/eua-apreendem-aviao-presidencial-de-maduro-na-republica-dominicana\\\/\",\"url\":\"https:\\\/\\\/jornalboasnoticias.com.br\\\/home\\\/eua-apreendem-aviao-presidencial-de-maduro-na-republica-dominicana\\\/\",\"name\":\"EUA apreendem avi\u00e3o presidencial de Maduro na Rep\u00fablica Dominicana - Jornal\",\"isPartOf\":{\"@id\":\"https:\\\/\\\/jornalboasnoticias.com.br\\\/home\\\/#website\"},\"primaryImageOfPage\":{\"@id\":\"https:\\\/\\\/jornalboasnoticias.com.br\\\/home\\\/eua-apreendem-aviao-presidencial-de-maduro-na-republica-dominicana\\\/#primaryimage\"},\"image\":{\"@id\":\"https:\\\/\\\/jornalboasnoticias.com.br\\\/home\\\/eua-apreendem-aviao-presidencial-de-maduro-na-republica-dominicana\\\/#primaryimage\"},\"thumbnailUrl\":\"https:\\\/\\\/jornalboasnoticias.com.br\\\/home\\\/wp-content\\\/uploads\\\/2024\\\/09\\\/9f5cbd4e0d079c3364b3de54d991a540-_1_.jpg\",\"datePublished\":\"2024-09-02T18:20:48+00:00\",\"description\":\"EUA apreendem avi\u00e3o presidencial de Maduro na Rep\u00fablica Dominicana\",\"breadcrumb\":{\"@id\":\"https:\\\/\\\/jornalboasnoticias.com.br\\\/home\\\/eua-apreendem-aviao-presidencial-de-maduro-na-republica-dominicana\\\/#breadcrumb\"},\"inLanguage\":\"pt-BR\",\"potentialAction\":[{\"@type\":\"ReadAction\",\"target\":[\"https:\\\/\\\/jornalboasnoticias.com.br\\\/home\\\/eua-apreendem-aviao-presidencial-de-maduro-na-republica-dominicana\\\/\"]}]},{\"@type\":\"ImageObject\",\"inLanguage\":\"pt-BR\",\"@id\":\"https:\\\/\\\/jornalboasnoticias.com.br\\\/home\\\/eua-apreendem-aviao-presidencial-de-maduro-na-republica-dominicana\\\/#primaryimage\",\"url\":\"https:\\\/\\\/jornalboasnoticias.com.br\\\/home\\\/wp-content\\\/uploads\\\/2024\\\/09\\\/9f5cbd4e0d079c3364b3de54d991a540-_1_.jpg\",\"contentUrl\":\"https:\\\/\\\/jornalboasnoticias.com.br\\\/home\\\/wp-content\\\/uploads\\\/2024\\\/09\\\/9f5cbd4e0d079c3364b3de54d991a540-_1_.jpg\",\"width\":700,\"height\":467,\"caption\":\"Foto: Ezequiel Becerra \\\/ Getty Images\"},{\"@type\":\"BreadcrumbList\",\"@id\":\"https:\\\/\\\/jornalboasnoticias.com.br\\\/home\\\/eua-apreendem-aviao-presidencial-de-maduro-na-republica-dominicana\\\/#breadcrumb\",\"itemListElement\":[{\"@type\":\"ListItem\",\"position\":1,\"name\":\"In\u00edcio\",\"item\":\"https:\\\/\\\/jornalboasnoticias.com.br\\\/home\\\/\"},{\"@type\":\"ListItem\",\"position\":2,\"name\":\"EUA apreendem avi\u00e3o presidencial de Maduro na Rep\u00fablica Dominicana\"}]},{\"@type\":\"WebSite\",\"@id\":\"https:\\\/\\\/jornalboasnoticias.com.br\\\/home\\\/#website\",\"url\":\"https:\\\/\\\/jornalboasnoticias.com.br\\\/home\\\/\",\"name\":\"Jornal Boas Not\u00edcias\",\"description\":\"Boas not\u00edcias\",\"publisher\":{\"@id\":\"https:\\\/\\\/jornalboasnoticias.com.br\\\/home\\\/#organization\"},\"potentialAction\":[{\"@type\":\"SearchAction\",\"target\":{\"@type\":\"EntryPoint\",\"urlTemplate\":\"https:\\\/\\\/jornalboasnoticias.com.br\\\/home\\\/?s={search_term_string}\"},\"query-input\":{\"@type\":\"PropertyValueSpecification\",\"valueRequired\":true,\"valueName\":\"search_term_string\"}}],\"inLanguage\":\"pt-BR\"},{\"@type\":\"Organization\",\"@id\":\"https:\\\/\\\/jornalboasnoticias.com.br\\\/home\\\/#organization\",\"name\":\"Coq Editora Ltda\",\"alternateName\":\"Jornal Boas Noticias\",\"url\":\"https:\\\/\\\/jornalboasnoticias.com.br\\\/home\\\/\",\"logo\":{\"@type\":\"ImageObject\",\"inLanguage\":\"pt-BR\",\"@id\":\"https:\\\/\\\/jornalboasnoticias.com.br\\\/home\\\/#\\\/schema\\\/logo\\\/image\\\/\",\"url\":\"https:\\\/\\\/jornalboasnoticias.com.br\\\/home\\\/wp-content\\\/uploads\\\/2024\\\/07\\\/cropped-logo.jpg\",\"contentUrl\":\"https:\\\/\\\/jornalboasnoticias.com.br\\\/home\\\/wp-content\\\/uploads\\\/2024\\\/07\\\/cropped-logo.jpg\",\"width\":290,\"height\":142,\"caption\":\"Coq Editora Ltda\"},\"image\":{\"@id\":\"https:\\\/\\\/jornalboasnoticias.com.br\\\/home\\\/#\\\/schema\\\/logo\\\/image\\\/\"},\"sameAs\":[\"https:\\\/\\\/www.facebook.com\\\/boasnoticiasjornal\"]},{\"@type\":\"Person\",\"@id\":\"https:\\\/\\\/jornalboasnoticias.com.br\\\/home\\\/#\\\/schema\\\/person\\\/d641193e0afc6405b390164dac847971\",\"name\":\"Ana Luiza Bonatto\",\"image\":{\"@type\":\"ImageObject\",\"inLanguage\":\"pt-BR\",\"@id\":\"https:\\\/\\\/secure.gravatar.com\\\/avatar\\\/8a055ebe6373371f67ac6fcf313c0ac0b0a91157fdcdb9514fa62927373348f0?s=96&d=mm&r=g\",\"url\":\"https:\\\/\\\/secure.gravatar.com\\\/avatar\\\/8a055ebe6373371f67ac6fcf313c0ac0b0a91157fdcdb9514fa62927373348f0?s=96&d=mm&r=g\",\"contentUrl\":\"https:\\\/\\\/secure.gravatar.com\\\/avatar\\\/8a055ebe6373371f67ac6fcf313c0ac0b0a91157fdcdb9514fa62927373348f0?s=96&d=mm&r=g\",\"caption\":\"Ana Luiza Bonatto\"},\"url\":\"https:\\\/\\\/jornalboasnoticias.com.br\\\/home\\\/author\\\/ana-luiza\\\/\"}]}<\/script>\n<!-- \/ Yoast SEO plugin. -->","yoast_head_json":{"title":"EUA apreendem avi\u00e3o presidencial de Maduro na Rep\u00fablica Dominicana - Jornal","description":"EUA apreendem avi\u00e3o presidencial de Maduro na Rep\u00fablica Dominicana","robots":{"index":"index","follow":"follow","max-snippet":"max-snippet:-1","max-image-preview":"max-image-preview:large","max-video-preview":"max-video-preview:-1"},"canonical":"https:\/\/jornalboasnoticias.com.br\/home\/eua-apreendem-aviao-presidencial-de-maduro-na-republica-dominicana\/","og_locale":"pt_BR","og_type":"article","og_title":"EUA apreendem avi\u00e3o presidencial de Maduro na Rep\u00fablica Dominicana - Jornal","og_description":"EUA apreendem avi\u00e3o presidencial de Maduro na Rep\u00fablica Dominicana","og_url":"https:\/\/jornalboasnoticias.com.br\/home\/eua-apreendem-aviao-presidencial-de-maduro-na-republica-dominicana\/","og_site_name":"Jornal","article_publisher":"https:\/\/www.facebook.com\/boasnoticiasjornal","article_published_time":"2024-09-02T18:20:48+00:00","og_image":[{"width":700,"height":467,"url":"https:\/\/jornalboasnoticias.com.br\/home\/wp-content\/uploads\/2024\/09\/9f5cbd4e0d079c3364b3de54d991a540-_1_.jpg","type":"image\/jpeg"}],"author":"Ana Luiza Bonatto","twitter_card":"summary_large_image","twitter_misc":{"Escrito por":"Ana Luiza Bonatto","Est. tempo de leitura":"4 minutos"},"schema":{"@context":"https:\/\/schema.org","@graph":[{"@type":"Article","@id":"https:\/\/jornalboasnoticias.com.br\/home\/eua-apreendem-aviao-presidencial-de-maduro-na-republica-dominicana\/#article","isPartOf":{"@id":"https:\/\/jornalboasnoticias.com.br\/home\/eua-apreendem-aviao-presidencial-de-maduro-na-republica-dominicana\/"},"author":{"name":"Ana Luiza Bonatto","@id":"https:\/\/jornalboasnoticias.com.br\/home\/#\/schema\/person\/d641193e0afc6405b390164dac847971"},"headline":"EUA apreendem avi\u00e3o presidencial de Maduro na Rep\u00fablica Dominicana","datePublished":"2024-09-02T18:20:48+00:00","mainEntityOfPage":{"@id":"https:\/\/jornalboasnoticias.com.br\/home\/eua-apreendem-aviao-presidencial-de-maduro-na-republica-dominicana\/"},"wordCount":629,"commentCount":0,"publisher":{"@id":"https:\/\/jornalboasnoticias.com.br\/home\/#organization"},"image":{"@id":"https:\/\/jornalboasnoticias.com.br\/home\/eua-apreendem-aviao-presidencial-de-maduro-na-republica-dominicana\/#primaryimage"},"thumbnailUrl":"https:\/\/jornalboasnoticias.com.br\/home\/wp-content\/uploads\/2024\/09\/9f5cbd4e0d079c3364b3de54d991a540-_1_.jpg","articleSection":["DESTAQUE","INTERNACIONAL"],"inLanguage":"pt-BR","potentialAction":[{"@type":"CommentAction","name":"Comment","target":["https:\/\/jornalboasnoticias.com.br\/home\/eua-apreendem-aviao-presidencial-de-maduro-na-republica-dominicana\/#respond"]}]},{"@type":"WebPage","@id":"https:\/\/jornalboasnoticias.com.br\/home\/eua-apreendem-aviao-presidencial-de-maduro-na-republica-dominicana\/","url":"https:\/\/jornalboasnoticias.com.br\/home\/eua-apreendem-aviao-presidencial-de-maduro-na-republica-dominicana\/","name":"EUA apreendem avi\u00e3o presidencial de Maduro na Rep\u00fablica Dominicana - Jornal","isPartOf":{"@id":"https:\/\/jornalboasnoticias.com.br\/home\/#website"},"primaryImageOfPage":{"@id":"https:\/\/jornalboasnoticias.com.br\/home\/eua-apreendem-aviao-presidencial-de-maduro-na-republica-dominicana\/#primaryimage"},"image":{"@id":"https:\/\/jornalboasnoticias.com.br\/home\/eua-apreendem-aviao-presidencial-de-maduro-na-republica-dominicana\/#primaryimage"},"thumbnailUrl":"https:\/\/jornalboasnoticias.com.br\/home\/wp-content\/uploads\/2024\/09\/9f5cbd4e0d079c3364b3de54d991a540-_1_.jpg","datePublished":"2024-09-02T18:20:48+00:00","description":"EUA apreendem avi\u00e3o presidencial de Maduro na Rep\u00fablica Dominicana","breadcrumb":{"@id":"https:\/\/jornalboasnoticias.com.br\/home\/eua-apreendem-aviao-presidencial-de-maduro-na-republica-dominicana\/#breadcrumb"},"inLanguage":"pt-BR","potentialAction":[{"@type":"ReadAction","target":["https:\/\/jornalboasnoticias.com.br\/home\/eua-apreendem-aviao-presidencial-de-maduro-na-republica-dominicana\/"]}]},{"@type":"ImageObject","inLanguage":"pt-BR","@id":"https:\/\/jornalboasnoticias.com.br\/home\/eua-apreendem-aviao-presidencial-de-maduro-na-republica-dominicana\/#primaryimage","url":"https:\/\/jornalboasnoticias.com.br\/home\/wp-content\/uploads\/2024\/09\/9f5cbd4e0d079c3364b3de54d991a540-_1_.jpg","contentUrl":"https:\/\/jornalboasnoticias.com.br\/home\/wp-content\/uploads\/2024\/09\/9f5cbd4e0d079c3364b3de54d991a540-_1_.jpg","width":700,"height":467,"caption":"Foto: Ezequiel Becerra \/ Getty Images"},{"@type":"BreadcrumbList","@id":"https:\/\/jornalboasnoticias.com.br\/home\/eua-apreendem-aviao-presidencial-de-maduro-na-republica-dominicana\/#breadcrumb","itemListElement":[{"@type":"ListItem","position":1,"name":"In\u00edcio","item":"https:\/\/jornalboasnoticias.com.br\/home\/"},{"@type":"ListItem","position":2,"name":"EUA apreendem avi\u00e3o presidencial de Maduro na Rep\u00fablica Dominicana"}]},{"@type":"WebSite","@id":"https:\/\/jornalboasnoticias.com.br\/home\/#website","url":"https:\/\/jornalboasnoticias.com.br\/home\/","name":"Jornal Boas Not\u00edcias","description":"Boas not\u00edcias","publisher":{"@id":"https:\/\/jornalboasnoticias.com.br\/home\/#organization"},"potentialAction":[{"@type":"SearchAction","target":{"@type":"EntryPoint","urlTemplate":"https:\/\/jornalboasnoticias.com.br\/home\/?s={search_term_string}"},"query-input":{"@type":"PropertyValueSpecification","valueRequired":true,"valueName":"search_term_string"}}],"inLanguage":"pt-BR"},{"@type":"Organization","@id":"https:\/\/jornalboasnoticias.com.br\/home\/#organization","name":"Coq Editora Ltda","alternateName":"Jornal Boas Noticias","url":"https:\/\/jornalboasnoticias.com.br\/home\/","logo":{"@type":"ImageObject","inLanguage":"pt-BR","@id":"https:\/\/jornalboasnoticias.com.br\/home\/#\/schema\/logo\/image\/","url":"https:\/\/jornalboasnoticias.com.br\/home\/wp-content\/uploads\/2024\/07\/cropped-logo.jpg","contentUrl":"https:\/\/jornalboasnoticias.com.br\/home\/wp-content\/uploads\/2024\/07\/cropped-logo.jpg","width":290,"height":142,"caption":"Coq Editora Ltda"},"image":{"@id":"https:\/\/jornalboasnoticias.com.br\/home\/#\/schema\/logo\/image\/"},"sameAs":["https:\/\/www.facebook.com\/boasnoticiasjornal"]},{"@type":"Person","@id":"https:\/\/jornalboasnoticias.com.br\/home\/#\/schema\/person\/d641193e0afc6405b390164dac847971","name":"Ana Luiza Bonatto","image":{"@type":"ImageObject","inLanguage":"pt-BR","@id":"https:\/\/secure.gravatar.com\/avatar\/8a055ebe6373371f67ac6fcf313c0ac0b0a91157fdcdb9514fa62927373348f0?s=96&d=mm&r=g","url":"https:\/\/secure.gravatar.com\/avatar\/8a055ebe6373371f67ac6fcf313c0ac0b0a91157fdcdb9514fa62927373348f0?s=96&d=mm&r=g","contentUrl":"https:\/\/secure.gravatar.com\/avatar\/8a055ebe6373371f67ac6fcf313c0ac0b0a91157fdcdb9514fa62927373348f0?s=96&d=mm&r=g","caption":"Ana Luiza Bonatto"},"url":"https:\/\/jornalboasnoticias.com.br\/home\/author\/ana-luiza\/"}]}},"_links":{"self":[{"href":"https:\/\/jornalboasnoticias.com.br\/home\/wp-json\/wp\/v2\/posts\/43590","targetHints":{"allow":["GET"]}}],"collection":[{"href":"https:\/\/jornalboasnoticias.com.br\/home\/wp-json\/wp\/v2\/posts"}],"about":[{"href":"https:\/\/jornalboasnoticias.com.br\/home\/wp-json\/wp\/v2\/types\/post"}],"author":[{"embeddable":true,"href":"https:\/\/jornalboasnoticias.com.br\/home\/wp-json\/wp\/v2\/users\/4"}],"replies":[{"embeddable":true,"href":"https:\/\/jornalboasnoticias.com.br\/home\/wp-json\/wp\/v2\/comments?post=43590"}],"version-history":[{"count":1,"href":"https:\/\/jornalboasnoticias.com.br\/home\/wp-json\/wp\/v2\/posts\/43590\/revisions"}],"predecessor-version":[{"id":43592,"href":"https:\/\/jornalboasnoticias.com.br\/home\/wp-json\/wp\/v2\/posts\/43590\/revisions\/43592"}],"wp:featuredmedia":[{"embeddable":true,"href":"https:\/\/jornalboasnoticias.com.br\/home\/wp-json\/wp\/v2\/media\/43591"}],"wp:attachment":[{"href":"https:\/\/jornalboasnoticias.com.br\/home\/wp-json\/wp\/v2\/media?parent=43590"}],"wp:term":[{"taxonomy":"category","embeddable":true,"href":"https:\/\/jornalboasnoticias.com.br\/home\/wp-json\/wp\/v2\/categories?post=43590"},{"taxonomy":"post_tag","embeddable":true,"href":"https:\/\/jornalboasnoticias.com.br\/home\/wp-json\/wp\/v2\/tags?post=43590"}],"curies":[{"name":"wp","href":"https:\/\/api.w.org\/{rel}","templated":true}]}}