{"id":43580,"date":"2024-09-02T16:17:37","date_gmt":"2024-09-02T16:17:37","guid":{"rendered":"https:\/\/jornalboasnoticias.com.br\/home\/?p=43580"},"modified":"2024-09-02T16:17:37","modified_gmt":"2024-09-02T16:17:37","slug":"governo-prorroga-prazo-para-o-auxilio-reconstrucao","status":"publish","type":"post","link":"https:\/\/jornalboasnoticias.com.br\/home\/governo-prorroga-prazo-para-o-auxilio-reconstrucao\/","title":{"rendered":"Governo prorroga prazo para o Aux\u00edlio Reconstru\u00e7\u00e3o"},"content":{"rendered":"<div class=\"row\">\n<figure id=\"attachment_43581\" aria-describedby=\"caption-attachment-43581\" style=\"width: 1170px\" class=\"wp-caption alignnone\"><img loading=\"lazy\" decoding=\"async\" class=\"wp-image-43581 size-full\" src=\"https:\/\/jornalboasnoticias.com.br\/home\/wp-content\/uploads\/2024\/09\/53700251742_862a142f49_o.webp\" alt=\"\" width=\"1170\" height=\"700\" srcset=\"https:\/\/jornalboasnoticias.com.br\/home\/wp-content\/uploads\/2024\/09\/53700251742_862a142f49_o.webp 1170w, https:\/\/jornalboasnoticias.com.br\/home\/wp-content\/uploads\/2024\/09\/53700251742_862a142f49_o-300x179.webp 300w, https:\/\/jornalboasnoticias.com.br\/home\/wp-content\/uploads\/2024\/09\/53700251742_862a142f49_o-1024x613.webp 1024w, https:\/\/jornalboasnoticias.com.br\/home\/wp-content\/uploads\/2024\/09\/53700251742_862a142f49_o-768x459.webp 768w\" sizes=\"auto, (max-width: 1170px) 100vw, 1170px\" \/><figcaption id=\"caption-attachment-43581\" class=\"wp-caption-text\">Foto: \u00a9 Gustavo Mansur\/Pal\u00e1cio Piratini<\/figcaption><\/figure>\n<blockquote>\n<p class=\"col-10 offset-1 animated fadeInDown dealy-900 display-8 display-md-8 alt-font font-italic my-1 text-center\">Munic\u00edpios t\u00eam at\u00e9 15 de setembro para enviar dados dos beneficiados<\/p>\n<\/blockquote>\n<\/div>\n<p>O governo federal prorrogou at\u00e9 15 de setembro o prazo para os munic\u00edpios do Rio Grande do Sul afetados pelas fortes chuvas de maio cadastrarem novas fam\u00edlias para receberem o Aux\u00edlio Reconstru\u00e7\u00e3o. O benef\u00edcio federal, no valor de R$ 5,1 mil, \u00e9 pago em parcela \u00fanica a cada fam\u00edlia residente em \u00e1rea efetivamente atingida pelas enchentes. A iniciativa tem o objetivo de ajudar essas pessoas na recupera\u00e7\u00e3o de bens perdidos nas enchentes.<\/p>\n<h2>Passo a passo<\/h2>\n<p>Para receber o benef\u00edcio, as fam\u00edlias precisam ser\u00a0<a href=\"https:\/\/www.gov.br\/pt-br\/servicos\/cadastrar-familias-auxilio-reconstrucao\" target=\"_blank\" rel=\"noopener\">cadastradas no site oficial<\/a>\u00a0do Aux\u00edlio Reconstru\u00e7\u00e3o, pelas prefeituras de munic\u00edpios com\u00a0 situa\u00e7\u00e3o de emerg\u00eancia oficializada.<\/p>\n<p>O poder municipal deve incluir os dados das fam\u00edlias na chamada mancha de inunda\u00e7\u00e3o, definida por imagens de sat\u00e9lites, na p\u00e1gina online do Aux\u00edlio Reconstru\u00e7\u00e3o, destinada aos gestores municipais.<\/p>\n<p>Ap\u00f3s a an\u00e1lise das informa\u00e7\u00f5es pelo sistema federal, a pessoa indicada como respons\u00e1vel familiar deve confirmar as informa\u00e7\u00f5es registradas pelos munic\u00edpios, no mesmo site, mas na\u00a0<a href=\"https:\/\/www.gov.br\/pt-br\/servicos\/receber-o-auxilio-reconstrucao\" target=\"_blank\" rel=\"noopener\">parte destinada ao cidad\u00e3o<\/a>. Tamb\u00e9m ser\u00e1 necess\u00e1rio aceitar online o termo de que as informa\u00e7\u00f5es s\u00e3o verdadeiras. A pessoa cadastrada deve ter acesso ao\u00a0<a href=\"https:\/\/auxilioreconstrucao.dataprev.gov.br\/reconstrucao\/cidadao\/\" target=\"_blank\" rel=\"noopener\">portal de servi\u00e7os digitais do governo federal, o Gov.br<\/a>.<\/p>\n<p>Na sequ\u00eancia da confirma\u00e7\u00e3o do cadastro, a Caixa Econ\u00f4mica Federal \u00e9 avisada e libera o dep\u00f3sito em conta da pr\u00f3pria institui\u00e7\u00e3o, em nome do respons\u00e1vel familiar cadastrado. Por isso, n\u00e3o h\u00e1 necessidade de a pessoa se deslocar at\u00e9 uma ag\u00eancia banc\u00e1ria.<\/p>\n<p>As fam\u00edlias podem gastar o valor do benef\u00edcio da maneira que acharem melhor.<\/p>\n<p>As pessoas desalojadas ou desabrigadas t\u00eam direito ao pagamento, mesmo que o benefici\u00e1rio seja titular de outros benef\u00edcios assistenciais, como o programa Bolsa Fam\u00edlia, ou previdenci\u00e1rios, seja do governo federal, estadual ou municipal. A medida tamb\u00e9m vale para quem estiver recebendo parcelas do seguro-desemprego.<\/p>\n<h2>Dados atualizados<\/h2>\n<p>De acordo com o Minist\u00e9rio da Integra\u00e7\u00e3o e do Desenvolvimento Regional (MIDR), ao todo, 444 cidades est\u00e3o com os reconhecimentos federais de situa\u00e7\u00e3o de emerg\u00eancia ou de estado de calamidade p\u00fablica vigentes e podem solicitar o Aux\u00edlio Reconstru\u00e7\u00e3o.<\/p>\n<p>At\u00e9 o momento, 368.454 fam\u00edlias ga\u00fachas est\u00e3o aprovadas no Aux\u00edlio Reconstru\u00e7\u00e3o. Desse total, 351.292 cadastros foram enviados para pagamento via Caixa Econ\u00f4mica Federal.<\/p>\n<p>Ao todo, 13.471 fam\u00edlias ainda n\u00e3o validaram essas informa\u00e7\u00f5es, impedindo a libera\u00e7\u00e3o do valor.<\/p>\n<h2>Aux\u00edlio Reconstru\u00e7\u00e3o<\/h2>\n<p>O Aux\u00edlio Reconstru\u00e7\u00e3o foi criado pela\u00a0<a href=\"https:\/\/www.planalto.gov.br\/ccivil_03\/_ato2023-2026\/2024\/mpv\/mpv1219.htm\" target=\"_blank\" rel=\"noopener\">Medida Provis\u00f3ria n\u00ba 1.219<\/a>. O governo federal espera atender 375 mil fam\u00edlias ga\u00fachas, representando R$ 1,9 bilh\u00e3o.<\/p>\n<p>O Minist\u00e9rio da Integra\u00e7\u00e3o e do Desenvolvimento Regional criou um\u00a0<a href=\"https:\/\/www.gov.br\/mdr\/pt-br\/noticias\/auxilio-reconstrucao-tire-todas-as-suas-duvidas\" target=\"_blank\" rel=\"noopener\">site para tirar d\u00favidas<\/a>\u00a0sobre o Aux\u00edlio Reconstru\u00e7\u00e3o.<\/p>\n<p>(Ag\u00eancia Brasil)<\/p>\n","protected":false},"excerpt":{"rendered":"<p>Munic\u00edpios t\u00eam at\u00e9 15 de setembro para enviar dados dos beneficiados O governo federal prorrogou<\/p>\n","protected":false},"author":4,"featured_media":43581,"comment_status":"open","ping_status":"open","sticky":false,"template":"","format":"standard","meta":{"footnotes":""},"categories":[6,3],"tags":[],"class_list":["post-43580","post","type-post","status-publish","format-standard","has-post-thumbnail","hentry","category-brasil","category-destaques"],"yoast_head":"<!-- This site is optimized with the Yoast SEO plugin v27.5 - https:\/\/yoast.com\/product\/yoast-seo-wordpress\/ -->\n<title>Governo prorroga prazo para o Aux\u00edlio Reconstru\u00e7\u00e3o - Jornal<\/title>\n<meta name=\"description\" content=\"Governo prorroga prazo para o Aux\u00edlio Reconstru\u00e7\u00e3o\" \/>\n<meta name=\"robots\" content=\"index, follow, max-snippet:-1, max-image-preview:large, max-video-preview:-1\" \/>\n<link rel=\"canonical\" href=\"https:\/\/jornalboasnoticias.com.br\/home\/governo-prorroga-prazo-para-o-auxilio-reconstrucao\/\" \/>\n<meta property=\"og:locale\" content=\"pt_BR\" \/>\n<meta property=\"og:type\" content=\"article\" \/>\n<meta property=\"og:title\" content=\"Governo prorroga prazo para o Aux\u00edlio Reconstru\u00e7\u00e3o - Jornal\" \/>\n<meta property=\"og:description\" content=\"Governo prorroga prazo para o Aux\u00edlio Reconstru\u00e7\u00e3o\" \/>\n<meta property=\"og:url\" content=\"https:\/\/jornalboasnoticias.com.br\/home\/governo-prorroga-prazo-para-o-auxilio-reconstrucao\/\" \/>\n<meta property=\"og:site_name\" content=\"Jornal\" \/>\n<meta property=\"article:publisher\" content=\"https:\/\/www.facebook.com\/boasnoticiasjornal\" \/>\n<meta property=\"article:published_time\" content=\"2024-09-02T16:17:37+00:00\" \/>\n<meta property=\"og:image\" content=\"https:\/\/jornalboasnoticias.com.br\/home\/wp-content\/uploads\/2024\/09\/53700251742_862a142f49_o.webp\" \/>\n\t<meta property=\"og:image:width\" content=\"1170\" \/>\n\t<meta property=\"og:image:height\" content=\"700\" \/>\n\t<meta property=\"og:image:type\" content=\"image\/webp\" \/>\n<meta name=\"author\" content=\"Ana Luiza Bonatto\" \/>\n<meta name=\"twitter:card\" content=\"summary_large_image\" \/>\n<meta name=\"twitter:label1\" content=\"Escrito por\" \/>\n\t<meta name=\"twitter:data1\" content=\"Ana Luiza Bonatto\" \/>\n\t<meta name=\"twitter:label2\" content=\"Est. tempo de leitura\" \/>\n\t<meta name=\"twitter:data2\" content=\"3 minutos\" \/>\n<script type=\"application\/ld+json\" class=\"yoast-schema-graph\">{\"@context\":\"https:\\\/\\\/schema.org\",\"@graph\":[{\"@type\":\"Article\",\"@id\":\"https:\\\/\\\/jornalboasnoticias.com.br\\\/home\\\/governo-prorroga-prazo-para-o-auxilio-reconstrucao\\\/#article\",\"isPartOf\":{\"@id\":\"https:\\\/\\\/jornalboasnoticias.com.br\\\/home\\\/governo-prorroga-prazo-para-o-auxilio-reconstrucao\\\/\"},\"author\":{\"name\":\"Ana Luiza Bonatto\",\"@id\":\"https:\\\/\\\/jornalboasnoticias.com.br\\\/home\\\/#\\\/schema\\\/person\\\/d641193e0afc6405b390164dac847971\"},\"headline\":\"Governo prorroga prazo para o Aux\u00edlio Reconstru\u00e7\u00e3o\",\"datePublished\":\"2024-09-02T16:17:37+00:00\",\"mainEntityOfPage\":{\"@id\":\"https:\\\/\\\/jornalboasnoticias.com.br\\\/home\\\/governo-prorroga-prazo-para-o-auxilio-reconstrucao\\\/\"},\"wordCount\":513,\"commentCount\":0,\"publisher\":{\"@id\":\"https:\\\/\\\/jornalboasnoticias.com.br\\\/home\\\/#organization\"},\"image\":{\"@id\":\"https:\\\/\\\/jornalboasnoticias.com.br\\\/home\\\/governo-prorroga-prazo-para-o-auxilio-reconstrucao\\\/#primaryimage\"},\"thumbnailUrl\":\"https:\\\/\\\/jornalboasnoticias.com.br\\\/home\\\/wp-content\\\/uploads\\\/2024\\\/09\\\/53700251742_862a142f49_o.webp\",\"articleSection\":[\"BRASIL\",\"DESTAQUE\"],\"inLanguage\":\"pt-BR\",\"potentialAction\":[{\"@type\":\"CommentAction\",\"name\":\"Comment\",\"target\":[\"https:\\\/\\\/jornalboasnoticias.com.br\\\/home\\\/governo-prorroga-prazo-para-o-auxilio-reconstrucao\\\/#respond\"]}]},{\"@type\":\"WebPage\",\"@id\":\"https:\\\/\\\/jornalboasnoticias.com.br\\\/home\\\/governo-prorroga-prazo-para-o-auxilio-reconstrucao\\\/\",\"url\":\"https:\\\/\\\/jornalboasnoticias.com.br\\\/home\\\/governo-prorroga-prazo-para-o-auxilio-reconstrucao\\\/\",\"name\":\"Governo prorroga prazo para o Aux\u00edlio Reconstru\u00e7\u00e3o - Jornal\",\"isPartOf\":{\"@id\":\"https:\\\/\\\/jornalboasnoticias.com.br\\\/home\\\/#website\"},\"primaryImageOfPage\":{\"@id\":\"https:\\\/\\\/jornalboasnoticias.com.br\\\/home\\\/governo-prorroga-prazo-para-o-auxilio-reconstrucao\\\/#primaryimage\"},\"image\":{\"@id\":\"https:\\\/\\\/jornalboasnoticias.com.br\\\/home\\\/governo-prorroga-prazo-para-o-auxilio-reconstrucao\\\/#primaryimage\"},\"thumbnailUrl\":\"https:\\\/\\\/jornalboasnoticias.com.br\\\/home\\\/wp-content\\\/uploads\\\/2024\\\/09\\\/53700251742_862a142f49_o.webp\",\"datePublished\":\"2024-09-02T16:17:37+00:00\",\"description\":\"Governo prorroga prazo para o Aux\u00edlio Reconstru\u00e7\u00e3o\",\"breadcrumb\":{\"@id\":\"https:\\\/\\\/jornalboasnoticias.com.br\\\/home\\\/governo-prorroga-prazo-para-o-auxilio-reconstrucao\\\/#breadcrumb\"},\"inLanguage\":\"pt-BR\",\"potentialAction\":[{\"@type\":\"ReadAction\",\"target\":[\"https:\\\/\\\/jornalboasnoticias.com.br\\\/home\\\/governo-prorroga-prazo-para-o-auxilio-reconstrucao\\\/\"]}]},{\"@type\":\"ImageObject\",\"inLanguage\":\"pt-BR\",\"@id\":\"https:\\\/\\\/jornalboasnoticias.com.br\\\/home\\\/governo-prorroga-prazo-para-o-auxilio-reconstrucao\\\/#primaryimage\",\"url\":\"https:\\\/\\\/jornalboasnoticias.com.br\\\/home\\\/wp-content\\\/uploads\\\/2024\\\/09\\\/53700251742_862a142f49_o.webp\",\"contentUrl\":\"https:\\\/\\\/jornalboasnoticias.com.br\\\/home\\\/wp-content\\\/uploads\\\/2024\\\/09\\\/53700251742_862a142f49_o.webp\",\"width\":1170,\"height\":700,\"caption\":\"Foto: \u00a9 Gustavo Mansur\\\/Pal\u00e1cio Piratini\"},{\"@type\":\"BreadcrumbList\",\"@id\":\"https:\\\/\\\/jornalboasnoticias.com.br\\\/home\\\/governo-prorroga-prazo-para-o-auxilio-reconstrucao\\\/#breadcrumb\",\"itemListElement\":[{\"@type\":\"ListItem\",\"position\":1,\"name\":\"In\u00edcio\",\"item\":\"https:\\\/\\\/jornalboasnoticias.com.br\\\/home\\\/\"},{\"@type\":\"ListItem\",\"position\":2,\"name\":\"Governo prorroga prazo para o Aux\u00edlio Reconstru\u00e7\u00e3o\"}]},{\"@type\":\"WebSite\",\"@id\":\"https:\\\/\\\/jornalboasnoticias.com.br\\\/home\\\/#website\",\"url\":\"https:\\\/\\\/jornalboasnoticias.com.br\\\/home\\\/\",\"name\":\"Jornal Boas Not\u00edcias\",\"description\":\"Boas not\u00edcias\",\"publisher\":{\"@id\":\"https:\\\/\\\/jornalboasnoticias.com.br\\\/home\\\/#organization\"},\"potentialAction\":[{\"@type\":\"SearchAction\",\"target\":{\"@type\":\"EntryPoint\",\"urlTemplate\":\"https:\\\/\\\/jornalboasnoticias.com.br\\\/home\\\/?s={search_term_string}\"},\"query-input\":{\"@type\":\"PropertyValueSpecification\",\"valueRequired\":true,\"valueName\":\"search_term_string\"}}],\"inLanguage\":\"pt-BR\"},{\"@type\":\"Organization\",\"@id\":\"https:\\\/\\\/jornalboasnoticias.com.br\\\/home\\\/#organization\",\"name\":\"Coq Editora Ltda\",\"alternateName\":\"Jornal Boas Noticias\",\"url\":\"https:\\\/\\\/jornalboasnoticias.com.br\\\/home\\\/\",\"logo\":{\"@type\":\"ImageObject\",\"inLanguage\":\"pt-BR\",\"@id\":\"https:\\\/\\\/jornalboasnoticias.com.br\\\/home\\\/#\\\/schema\\\/logo\\\/image\\\/\",\"url\":\"https:\\\/\\\/jornalboasnoticias.com.br\\\/home\\\/wp-content\\\/uploads\\\/2024\\\/07\\\/cropped-logo.jpg\",\"contentUrl\":\"https:\\\/\\\/jornalboasnoticias.com.br\\\/home\\\/wp-content\\\/uploads\\\/2024\\\/07\\\/cropped-logo.jpg\",\"width\":290,\"height\":142,\"caption\":\"Coq Editora Ltda\"},\"image\":{\"@id\":\"https:\\\/\\\/jornalboasnoticias.com.br\\\/home\\\/#\\\/schema\\\/logo\\\/image\\\/\"},\"sameAs\":[\"https:\\\/\\\/www.facebook.com\\\/boasnoticiasjornal\"]},{\"@type\":\"Person\",\"@id\":\"https:\\\/\\\/jornalboasnoticias.com.br\\\/home\\\/#\\\/schema\\\/person\\\/d641193e0afc6405b390164dac847971\",\"name\":\"Ana Luiza Bonatto\",\"image\":{\"@type\":\"ImageObject\",\"inLanguage\":\"pt-BR\",\"@id\":\"https:\\\/\\\/secure.gravatar.com\\\/avatar\\\/8a055ebe6373371f67ac6fcf313c0ac0b0a91157fdcdb9514fa62927373348f0?s=96&d=mm&r=g\",\"url\":\"https:\\\/\\\/secure.gravatar.com\\\/avatar\\\/8a055ebe6373371f67ac6fcf313c0ac0b0a91157fdcdb9514fa62927373348f0?s=96&d=mm&r=g\",\"contentUrl\":\"https:\\\/\\\/secure.gravatar.com\\\/avatar\\\/8a055ebe6373371f67ac6fcf313c0ac0b0a91157fdcdb9514fa62927373348f0?s=96&d=mm&r=g\",\"caption\":\"Ana Luiza Bonatto\"},\"url\":\"https:\\\/\\\/jornalboasnoticias.com.br\\\/home\\\/author\\\/ana-luiza\\\/\"}]}<\/script>\n<!-- \/ Yoast SEO plugin. -->","yoast_head_json":{"title":"Governo prorroga prazo para o Aux\u00edlio Reconstru\u00e7\u00e3o - Jornal","description":"Governo prorroga prazo para o Aux\u00edlio Reconstru\u00e7\u00e3o","robots":{"index":"index","follow":"follow","max-snippet":"max-snippet:-1","max-image-preview":"max-image-preview:large","max-video-preview":"max-video-preview:-1"},"canonical":"https:\/\/jornalboasnoticias.com.br\/home\/governo-prorroga-prazo-para-o-auxilio-reconstrucao\/","og_locale":"pt_BR","og_type":"article","og_title":"Governo prorroga prazo para o Aux\u00edlio Reconstru\u00e7\u00e3o - Jornal","og_description":"Governo prorroga prazo para o Aux\u00edlio Reconstru\u00e7\u00e3o","og_url":"https:\/\/jornalboasnoticias.com.br\/home\/governo-prorroga-prazo-para-o-auxilio-reconstrucao\/","og_site_name":"Jornal","article_publisher":"https:\/\/www.facebook.com\/boasnoticiasjornal","article_published_time":"2024-09-02T16:17:37+00:00","og_image":[{"width":1170,"height":700,"url":"https:\/\/jornalboasnoticias.com.br\/home\/wp-content\/uploads\/2024\/09\/53700251742_862a142f49_o.webp","type":"image\/webp"}],"author":"Ana Luiza Bonatto","twitter_card":"summary_large_image","twitter_misc":{"Escrito por":"Ana Luiza Bonatto","Est. tempo de leitura":"3 minutos"},"schema":{"@context":"https:\/\/schema.org","@graph":[{"@type":"Article","@id":"https:\/\/jornalboasnoticias.com.br\/home\/governo-prorroga-prazo-para-o-auxilio-reconstrucao\/#article","isPartOf":{"@id":"https:\/\/jornalboasnoticias.com.br\/home\/governo-prorroga-prazo-para-o-auxilio-reconstrucao\/"},"author":{"name":"Ana Luiza Bonatto","@id":"https:\/\/jornalboasnoticias.com.br\/home\/#\/schema\/person\/d641193e0afc6405b390164dac847971"},"headline":"Governo prorroga prazo para o Aux\u00edlio Reconstru\u00e7\u00e3o","datePublished":"2024-09-02T16:17:37+00:00","mainEntityOfPage":{"@id":"https:\/\/jornalboasnoticias.com.br\/home\/governo-prorroga-prazo-para-o-auxilio-reconstrucao\/"},"wordCount":513,"commentCount":0,"publisher":{"@id":"https:\/\/jornalboasnoticias.com.br\/home\/#organization"},"image":{"@id":"https:\/\/jornalboasnoticias.com.br\/home\/governo-prorroga-prazo-para-o-auxilio-reconstrucao\/#primaryimage"},"thumbnailUrl":"https:\/\/jornalboasnoticias.com.br\/home\/wp-content\/uploads\/2024\/09\/53700251742_862a142f49_o.webp","articleSection":["BRASIL","DESTAQUE"],"inLanguage":"pt-BR","potentialAction":[{"@type":"CommentAction","name":"Comment","target":["https:\/\/jornalboasnoticias.com.br\/home\/governo-prorroga-prazo-para-o-auxilio-reconstrucao\/#respond"]}]},{"@type":"WebPage","@id":"https:\/\/jornalboasnoticias.com.br\/home\/governo-prorroga-prazo-para-o-auxilio-reconstrucao\/","url":"https:\/\/jornalboasnoticias.com.br\/home\/governo-prorroga-prazo-para-o-auxilio-reconstrucao\/","name":"Governo prorroga prazo para o Aux\u00edlio Reconstru\u00e7\u00e3o - Jornal","isPartOf":{"@id":"https:\/\/jornalboasnoticias.com.br\/home\/#website"},"primaryImageOfPage":{"@id":"https:\/\/jornalboasnoticias.com.br\/home\/governo-prorroga-prazo-para-o-auxilio-reconstrucao\/#primaryimage"},"image":{"@id":"https:\/\/jornalboasnoticias.com.br\/home\/governo-prorroga-prazo-para-o-auxilio-reconstrucao\/#primaryimage"},"thumbnailUrl":"https:\/\/jornalboasnoticias.com.br\/home\/wp-content\/uploads\/2024\/09\/53700251742_862a142f49_o.webp","datePublished":"2024-09-02T16:17:37+00:00","description":"Governo prorroga prazo para o Aux\u00edlio Reconstru\u00e7\u00e3o","breadcrumb":{"@id":"https:\/\/jornalboasnoticias.com.br\/home\/governo-prorroga-prazo-para-o-auxilio-reconstrucao\/#breadcrumb"},"inLanguage":"pt-BR","potentialAction":[{"@type":"ReadAction","target":["https:\/\/jornalboasnoticias.com.br\/home\/governo-prorroga-prazo-para-o-auxilio-reconstrucao\/"]}]},{"@type":"ImageObject","inLanguage":"pt-BR","@id":"https:\/\/jornalboasnoticias.com.br\/home\/governo-prorroga-prazo-para-o-auxilio-reconstrucao\/#primaryimage","url":"https:\/\/jornalboasnoticias.com.br\/home\/wp-content\/uploads\/2024\/09\/53700251742_862a142f49_o.webp","contentUrl":"https:\/\/jornalboasnoticias.com.br\/home\/wp-content\/uploads\/2024\/09\/53700251742_862a142f49_o.webp","width":1170,"height":700,"caption":"Foto: \u00a9 Gustavo Mansur\/Pal\u00e1cio Piratini"},{"@type":"BreadcrumbList","@id":"https:\/\/jornalboasnoticias.com.br\/home\/governo-prorroga-prazo-para-o-auxilio-reconstrucao\/#breadcrumb","itemListElement":[{"@type":"ListItem","position":1,"name":"In\u00edcio","item":"https:\/\/jornalboasnoticias.com.br\/home\/"},{"@type":"ListItem","position":2,"name":"Governo prorroga prazo para o Aux\u00edlio Reconstru\u00e7\u00e3o"}]},{"@type":"WebSite","@id":"https:\/\/jornalboasnoticias.com.br\/home\/#website","url":"https:\/\/jornalboasnoticias.com.br\/home\/","name":"Jornal Boas Not\u00edcias","description":"Boas not\u00edcias","publisher":{"@id":"https:\/\/jornalboasnoticias.com.br\/home\/#organization"},"potentialAction":[{"@type":"SearchAction","target":{"@type":"EntryPoint","urlTemplate":"https:\/\/jornalboasnoticias.com.br\/home\/?s={search_term_string}"},"query-input":{"@type":"PropertyValueSpecification","valueRequired":true,"valueName":"search_term_string"}}],"inLanguage":"pt-BR"},{"@type":"Organization","@id":"https:\/\/jornalboasnoticias.com.br\/home\/#organization","name":"Coq Editora Ltda","alternateName":"Jornal Boas Noticias","url":"https:\/\/jornalboasnoticias.com.br\/home\/","logo":{"@type":"ImageObject","inLanguage":"pt-BR","@id":"https:\/\/jornalboasnoticias.com.br\/home\/#\/schema\/logo\/image\/","url":"https:\/\/jornalboasnoticias.com.br\/home\/wp-content\/uploads\/2024\/07\/cropped-logo.jpg","contentUrl":"https:\/\/jornalboasnoticias.com.br\/home\/wp-content\/uploads\/2024\/07\/cropped-logo.jpg","width":290,"height":142,"caption":"Coq Editora Ltda"},"image":{"@id":"https:\/\/jornalboasnoticias.com.br\/home\/#\/schema\/logo\/image\/"},"sameAs":["https:\/\/www.facebook.com\/boasnoticiasjornal"]},{"@type":"Person","@id":"https:\/\/jornalboasnoticias.com.br\/home\/#\/schema\/person\/d641193e0afc6405b390164dac847971","name":"Ana Luiza Bonatto","image":{"@type":"ImageObject","inLanguage":"pt-BR","@id":"https:\/\/secure.gravatar.com\/avatar\/8a055ebe6373371f67ac6fcf313c0ac0b0a91157fdcdb9514fa62927373348f0?s=96&d=mm&r=g","url":"https:\/\/secure.gravatar.com\/avatar\/8a055ebe6373371f67ac6fcf313c0ac0b0a91157fdcdb9514fa62927373348f0?s=96&d=mm&r=g","contentUrl":"https:\/\/secure.gravatar.com\/avatar\/8a055ebe6373371f67ac6fcf313c0ac0b0a91157fdcdb9514fa62927373348f0?s=96&d=mm&r=g","caption":"Ana Luiza Bonatto"},"url":"https:\/\/jornalboasnoticias.com.br\/home\/author\/ana-luiza\/"}]}},"_links":{"self":[{"href":"https:\/\/jornalboasnoticias.com.br\/home\/wp-json\/wp\/v2\/posts\/43580","targetHints":{"allow":["GET"]}}],"collection":[{"href":"https:\/\/jornalboasnoticias.com.br\/home\/wp-json\/wp\/v2\/posts"}],"about":[{"href":"https:\/\/jornalboasnoticias.com.br\/home\/wp-json\/wp\/v2\/types\/post"}],"author":[{"embeddable":true,"href":"https:\/\/jornalboasnoticias.com.br\/home\/wp-json\/wp\/v2\/users\/4"}],"replies":[{"embeddable":true,"href":"https:\/\/jornalboasnoticias.com.br\/home\/wp-json\/wp\/v2\/comments?post=43580"}],"version-history":[{"count":1,"href":"https:\/\/jornalboasnoticias.com.br\/home\/wp-json\/wp\/v2\/posts\/43580\/revisions"}],"predecessor-version":[{"id":43582,"href":"https:\/\/jornalboasnoticias.com.br\/home\/wp-json\/wp\/v2\/posts\/43580\/revisions\/43582"}],"wp:featuredmedia":[{"embeddable":true,"href":"https:\/\/jornalboasnoticias.com.br\/home\/wp-json\/wp\/v2\/media\/43581"}],"wp:attachment":[{"href":"https:\/\/jornalboasnoticias.com.br\/home\/wp-json\/wp\/v2\/media?parent=43580"}],"wp:term":[{"taxonomy":"category","embeddable":true,"href":"https:\/\/jornalboasnoticias.com.br\/home\/wp-json\/wp\/v2\/categories?post=43580"},{"taxonomy":"post_tag","embeddable":true,"href":"https:\/\/jornalboasnoticias.com.br\/home\/wp-json\/wp\/v2\/tags?post=43580"}],"curies":[{"name":"wp","href":"https:\/\/api.w.org\/{rel}","templated":true}]}}