{"id":43569,"date":"2024-09-02T12:21:10","date_gmt":"2024-09-02T12:21:10","guid":{"rendered":"https:\/\/jornalboasnoticias.com.br\/home\/?p=43569"},"modified":"2024-09-02T12:21:10","modified_gmt":"2024-09-02T12:21:10","slug":"maior-doador-do-pais-parana-celebra-mes-de-conscientizacao-para-doacao-de-orgaos","status":"publish","type":"post","link":"https:\/\/jornalboasnoticias.com.br\/home\/maior-doador-do-pais-parana-celebra-mes-de-conscientizacao-para-doacao-de-orgaos\/","title":{"rendered":"Maior doador do pa\u00eds, Paran\u00e1 celebra m\u00eas de conscientiza\u00e7\u00e3o para doa\u00e7\u00e3o de \u00f3rg\u00e3os"},"content":{"rendered":"<div class=\"not-escopo-destaque\">\n<div><\/div>\n<div>\n<figure id=\"attachment_43570\" aria-describedby=\"caption-attachment-43570\" style=\"width: 2560px\" class=\"wp-caption alignnone\"><img loading=\"lazy\" decoding=\"async\" class=\"wp-image-43570 size-full\" src=\"https:\/\/jornalboasnoticias.com.br\/home\/wp-content\/uploads\/2024\/09\/central_de_transplantes_32-scaled.jpg\" alt=\"\" width=\"2560\" height=\"1707\" srcset=\"https:\/\/jornalboasnoticias.com.br\/home\/wp-content\/uploads\/2024\/09\/central_de_transplantes_32-scaled.jpg 2560w, https:\/\/jornalboasnoticias.com.br\/home\/wp-content\/uploads\/2024\/09\/central_de_transplantes_32-300x200.jpg 300w, https:\/\/jornalboasnoticias.com.br\/home\/wp-content\/uploads\/2024\/09\/central_de_transplantes_32-1024x683.jpg 1024w, https:\/\/jornalboasnoticias.com.br\/home\/wp-content\/uploads\/2024\/09\/central_de_transplantes_32-768x512.jpg 768w, https:\/\/jornalboasnoticias.com.br\/home\/wp-content\/uploads\/2024\/09\/central_de_transplantes_32-1536x1024.jpg 1536w, https:\/\/jornalboasnoticias.com.br\/home\/wp-content\/uploads\/2024\/09\/central_de_transplantes_32-2048x1365.jpg 2048w, https:\/\/jornalboasnoticias.com.br\/home\/wp-content\/uploads\/2024\/09\/central_de_transplantes_32-900x600.jpg 900w\" sizes=\"auto, (max-width: 2560px) 100vw, 2560px\" \/><figcaption id=\"caption-attachment-43570\" class=\"wp-caption-text\">Foto: Albari Rosa\/Arquivo AEN<\/figcaption><\/figure>\n<\/div>\n<blockquote>\n<div class=\"field field--name-field-escopo-destaque field--type-string-long field--label-hidden field--item\">Setembro verde foi institu\u00eddo como o m\u00eas para refor\u00e7o das a\u00e7\u00f5es de conscientiza\u00e7\u00e3o e incentivo \u00e0 doa\u00e7\u00e3o. De acordo com o \u00faltimo relat\u00f3rio da Associa\u00e7\u00e3o Brasileira de Transplante de \u00d3rg\u00e3os (ABTO), de janeiro a mar\u00e7o, o Estado registra 41,6 doa\u00e7\u00f5es pmp, seguido por Rond\u00f4nia (40,5 pmp), Santa Catarina (39,4 pmp) e Rio de Janeiro (26,9 pmp). A m\u00e9dia nacional \u00e9 de 19,1 pmp.<\/div>\n<\/blockquote>\n<\/div>\n<div>\n<article class=\"node node--type-noticia node--promoted node--view-mode-full clearfix\" role=\"article\" data-history-node-id=\"68384\">\n<div class=\"node__content clearfix\">\n<div class=\"field field--name-field-texto field--type-text-long field--label-hidden field--item\">\n<p>A Secretaria de Estado da Sa\u00fade (Sesa) celebra o setembro verde: m\u00eas de conscientiza\u00e7\u00e3o e incentivo para a doa\u00e7\u00e3o de \u00f3rg\u00e3os. O Paran\u00e1 se mant\u00e9m como o Estado com maior n\u00famero de doa\u00e7\u00f5es por milh\u00e3o de popula\u00e7\u00e3o (pmp) no Pa\u00eds, de acordo com\u00a0<a class=\"0\" href=\"https:\/\/site.abto.org.br\/wp-content\/uploads\/2024\/05\/RBT-2024-jan-mar_POPULACAO.pdf\" target=\"_blank\" rel=\"nofollow noopener\">relat\u00f3rio da Associa\u00e7\u00e3o Brasileira de Transplante de \u00d3rg\u00e3os (ABTO)<\/a>. De janeiro a mar\u00e7o, o Estado registra 41,6 doa\u00e7\u00f5es pmp, seguido por Rond\u00f4nia (40,5 pmp), Santa Catarina (39,4 pmp) e Rio de Janeiro (26,9 pmp). A m\u00e9dia nacional \u00e9 de 19,1 pmp.<\/p>\n<p>Ainda segundo a ABTO, o Paran\u00e1 tamb\u00e9m possui a menor taxa de recusa familiar no pa\u00eds, de 25% \u2013 53 dentre as 209 entrevistas realizadas no mesmo per\u00edodo. No Brasil, a doa\u00e7\u00e3o de \u00f3rg\u00e3os e tecidos s\u00f3 \u00e9 realizada ap\u00f3s a autoriza\u00e7\u00e3o familiar.<\/p>\n<p>\u201cTodo esse trabalho de salvar vidas por meio das doa\u00e7\u00f5es e transplantes de \u00f3rg\u00e3os s\u00f3 \u00e9 poss\u00edvel gra\u00e7as \u00e0 solidariedade do povo paranaense que, em meio a um momento de dor com a perda de familiares e entes queridos, decide realizar a doa\u00e7\u00e3o e possibilitar que mais vidas sejam salvas\u201d, disse o secret\u00e1rio de Estado da Sa\u00fade, C\u00e9sar Neves.<\/p>\n<p>Os \u00f3rg\u00e3os doados s\u00e3o disponibilizados para pacientes que precisam de transplantes e est\u00e3o aguardando em lista de espera. A lista \u00e9 \u00fanica, organizada por estado ou regi\u00e3o e monitorada pelo Sistema Nacional de Transplantes (SNT).<br \/>\nNo Paran\u00e1, 3,8 mil pessoas aguardam por um transplante, sendo a maioria por transplantes de rim (2.134 pessoas), seguido por c\u00f3rneas (1.420), f\u00edgado (245), cora\u00e7\u00e3o (41), rim\/p\u00e2ncreas (19), pulm\u00e3o (10) e p\u00e2ncreas (2). Mais informa\u00e7\u00f5es\u00a0<a class=\"0\" href=\"https:\/\/www.paranatransplantes.pr.gov.br\/Pagina\/Nossos-Dados\" target=\"_blank\" rel=\"nofollow noopener\">AQUI<\/a>.<\/p>\n<p><strong>VIDAS SALVAS<\/strong>\u00a0\u2013 Michele Canato Costa \u00e9 filha de um doador. O pai dela faleceu aos 65 anos, em junho deste ano, e a fam\u00edlia autorizou a doa\u00e7\u00e3o de \u00f3rg\u00e3os que ajudou a salvar quatro pessoas.<\/p>\n<p>\u201cA equipe m\u00e9dica entrou em contato conosco e nos apresentou a possibilidade de doa\u00e7\u00e3o. Naquele momento n\u00f3s sentimos um conforto muito grande no nosso cora\u00e7\u00e3o, em saber que n\u00f3s, como uma fam\u00edlia, poder\u00edamos proporcionar ao nosso pai um \u00faltimo ato de caridade, de generosidade e de amor. Com certeza, n\u00f3s sabemos que o cora\u00e7\u00e3o dele foi em paz e foi feliz. O momento da doa\u00e7\u00e3o de \u00f3rg\u00e3os transformou o nosso luto em amor, em carinho, em solidariedade\u201d, afirmou Michele.<\/p>\n<p>O pai de dela doou rins, c\u00f3rneas e pele. \u201cN\u00f3s temos certeza que esses \u00f3rg\u00e3os que foram doados para as pessoas que estavam necessitando, aquelas pessoas que receberam, que puderam enxergar novamente atrav\u00e9s das c\u00f3rneas, puderam ter uma nova chance de se restabelecer, n\u00f3s temos certeza que essas pessoas s\u00e3o muito gratas a ele, aonde ele estiver\u201d, disse Michele.<\/p>\n<p>Ela aconselha que todos sejam doadores de \u00f3rg\u00e3os. \u201cTamb\u00e9m aqueles que estiverem decidindo sobre algum familiar, que fa\u00e7am essa op\u00e7\u00e3o, porque \u00e9 um \u00faltimo ato de generosidade e de amor antes de sair aqui da Terra, em poder proporcionar essa alegria e esta vida nova para essas pessoas que est\u00e3o necessitando\u201d, acrescentou.<\/p>\n<p>Gra\u00e7as a familiares como Michele, que aceitam a doa\u00e7\u00e3o de \u00f3rg\u00e3os de entes queridos, Maycon Douglas Caetano de Almeida Moreno recebeu um cora\u00e7\u00e3o em maio deste ano. Ele tem 35 anos e h\u00e1 um ano e meio aguardava por um doador compat\u00edvel para o transplante.<\/p>\n<p>\u201cA doa\u00e7\u00e3o de \u00f3rg\u00e3os mudou a minha vida. Ap\u00f3s um ano e meio de espera, gra\u00e7as a Deus achei um cora\u00e7\u00e3o compat\u00edvel e hoje estou vivo, renovado. Quero dizer para as fam\u00edlias que doem \u00f3rg\u00e3os, temos que quebrar esse preconceito da doa\u00e7\u00e3o de \u00f3rg\u00e3os e doar porque a doa\u00e7\u00e3o salva vidas. Assim como salva a vida de muitos, salvou a minha tamb\u00e9m\u201d, afirmou.<\/p>\n<p><strong>ESTRUTURA<\/strong>\u00a0\u2013 O Sistema Estadual de Transplantes (SET\/PR) \u00e9 composto pela Central Estadual de Transplantes (CET\/PR), localizada em Curitiba, que coordena as atividades de doa\u00e7\u00e3o e transplantes em todo o Estado, e quatro Organiza\u00e7\u00f5es de Procura de \u00d3rg\u00e3os (OPOs) distribu\u00eddas em Curitiba, Londrina, Maring\u00e1 e Cascavel.<\/p>\n<p>O SET\/PR conta com aproximadamente 700 profissionais, incluindo 23 equipes de transplantes, 16 centros de transplantes de \u00f3rg\u00e3os, 25 centros de c\u00f3rneas, 23 centros musculoesquel\u00e9ticos, seis centros de v\u00e1lvulas card\u00edacas, cinco bancos de tecidos e seis laborat\u00f3rios de histocompatibilidade.<\/p>\n<p>Al\u00e9m disso, o governo estadual disponibiliza infraestrutura a\u00e9rea e terrestre para o transporte de \u00f3rg\u00e3os, incluindo nove ve\u00edculos pr\u00f3prios do SET e 12 aeronaves para transporte emergencial. Em 2023, foram realizadas 137 miss\u00f5es a\u00e9reas para o transporte de 211 \u00f3rg\u00e3os, e este ano j\u00e1 s\u00e3o 68 miss\u00f5es e 162 \u00f3rg\u00e3os transportados at\u00e9 o momento.<\/p>\n<p>\u201cO processo de doa\u00e7\u00e3o e transplante \u00e9 um trabalho cuidadoso e colaborativo que envolve diversos profissionais comprometidos e capacitados, que atuam desde a identifica\u00e7\u00e3o do potencial doador, diagn\u00f3stico de morte encef\u00e1lica, acolhimento e entrevista da fam\u00edlia, organiza\u00e7\u00e3o da distribui\u00e7\u00e3o dos \u00f3rg\u00e3os e da log\u00edstica de transporte dos \u00f3rg\u00e3os do doador at\u00e9 o hospital onde ser\u00e3o realizados os transplantes\u201d, explica a coordenadora do Sistema Estadual de Transplantes, Juliana Ribeiro Giugni.<\/p>\n<p>Ela ressalta que a equipe do Sistema Estadual de Transplantes n\u00e3o mede esfor\u00e7os para que cada doa\u00e7\u00e3o seja efetivada, para que aquelas pessoas que aguardam por um transplante tenham uma nova chance de vida. \u201cA todos os profissionais envolvidos, nosso agradecimento e reconhecimento pelo compromisso com a vida\u201d, acrescentou.<\/p>\n<p><strong>CONSCIENTIZA\u00c7\u00c3O<\/strong>\u00a0\u2013 Institu\u00eddo pela Lei federal n\u00ba 11.584\/2007, 27 de setembro \u00e9 o Dia Nacional da Doa\u00e7\u00e3o de \u00d3rg\u00e3os. Durante todo o m\u00eas, estados e munic\u00edpios promovem campanhas dedicadas \u00e0 conscientiza\u00e7\u00e3o e sensibiliza\u00e7\u00e3o sobre o tema. Al\u00e9m do setembro verde comemorado internacionalmente em homenagem ao doador, a Lei Estadual n\u00ba 18.803\/2016 instituiu o setembro vermelho como o m\u00eas dedicado a a\u00e7\u00f5es de esclarecimento e incentivo \u00e0 doa\u00e7\u00e3o de \u00f3rg\u00e3os e tecidos no Paran\u00e1.<\/p>\n<\/div>\n<\/div>\n<\/article>\n<\/div>\n","protected":false},"excerpt":{"rendered":"<p>Setembro verde foi institu\u00eddo como o m\u00eas para refor\u00e7o das a\u00e7\u00f5es de conscientiza\u00e7\u00e3o e incentivo<\/p>\n","protected":false},"author":4,"featured_media":43570,"comment_status":"open","ping_status":"open","sticky":false,"template":"","format":"standard","meta":{"footnotes":""},"categories":[3,4],"tags":[],"class_list":["post-43569","post","type-post","status-publish","format-standard","has-post-thumbnail","hentry","category-destaques","category-parana"],"yoast_head":"<!-- This site is optimized with the Yoast SEO plugin v27.5 - https:\/\/yoast.com\/product\/yoast-seo-wordpress\/ -->\n<title>Maior doador do pa\u00eds, Paran\u00e1 celebra m\u00eas de conscientiza\u00e7\u00e3o para doa\u00e7\u00e3o de \u00f3rg\u00e3os - Jornal<\/title>\n<meta name=\"description\" content=\"Maior doador do pa\u00eds, Paran\u00e1 celebra m\u00eas de conscientiza\u00e7\u00e3o para doa\u00e7\u00e3o de \u00f3rg\u00e3os\" \/>\n<meta name=\"robots\" content=\"index, follow, max-snippet:-1, max-image-preview:large, max-video-preview:-1\" \/>\n<link rel=\"canonical\" href=\"https:\/\/jornalboasnoticias.com.br\/home\/maior-doador-do-pais-parana-celebra-mes-de-conscientizacao-para-doacao-de-orgaos\/\" \/>\n<meta property=\"og:locale\" content=\"pt_BR\" \/>\n<meta property=\"og:type\" content=\"article\" \/>\n<meta property=\"og:title\" content=\"Maior doador do pa\u00eds, Paran\u00e1 celebra m\u00eas de conscientiza\u00e7\u00e3o para doa\u00e7\u00e3o de \u00f3rg\u00e3os - Jornal\" \/>\n<meta property=\"og:description\" content=\"Maior doador do pa\u00eds, Paran\u00e1 celebra m\u00eas de conscientiza\u00e7\u00e3o para doa\u00e7\u00e3o de \u00f3rg\u00e3os\" \/>\n<meta property=\"og:url\" content=\"https:\/\/jornalboasnoticias.com.br\/home\/maior-doador-do-pais-parana-celebra-mes-de-conscientizacao-para-doacao-de-orgaos\/\" \/>\n<meta property=\"og:site_name\" content=\"Jornal\" \/>\n<meta property=\"article:publisher\" content=\"https:\/\/www.facebook.com\/boasnoticiasjornal\" \/>\n<meta property=\"article:published_time\" content=\"2024-09-02T12:21:10+00:00\" \/>\n<meta property=\"og:image\" content=\"https:\/\/jornalboasnoticias.com.br\/home\/wp-content\/uploads\/2024\/09\/central_de_transplantes_32-scaled.jpg\" \/>\n\t<meta property=\"og:image:width\" content=\"2560\" \/>\n\t<meta property=\"og:image:height\" content=\"1707\" \/>\n\t<meta property=\"og:image:type\" content=\"image\/jpeg\" \/>\n<meta name=\"author\" content=\"Ana Luiza Bonatto\" \/>\n<meta name=\"twitter:card\" content=\"summary_large_image\" \/>\n<meta name=\"twitter:label1\" content=\"Escrito por\" \/>\n\t<meta name=\"twitter:data1\" content=\"Ana Luiza Bonatto\" \/>\n\t<meta name=\"twitter:label2\" content=\"Est. tempo de leitura\" \/>\n\t<meta name=\"twitter:data2\" content=\"6 minutos\" \/>\n<script type=\"application\/ld+json\" class=\"yoast-schema-graph\">{\"@context\":\"https:\\\/\\\/schema.org\",\"@graph\":[{\"@type\":\"Article\",\"@id\":\"https:\\\/\\\/jornalboasnoticias.com.br\\\/home\\\/maior-doador-do-pais-parana-celebra-mes-de-conscientizacao-para-doacao-de-orgaos\\\/#article\",\"isPartOf\":{\"@id\":\"https:\\\/\\\/jornalboasnoticias.com.br\\\/home\\\/maior-doador-do-pais-parana-celebra-mes-de-conscientizacao-para-doacao-de-orgaos\\\/\"},\"author\":{\"name\":\"Ana Luiza Bonatto\",\"@id\":\"https:\\\/\\\/jornalboasnoticias.com.br\\\/home\\\/#\\\/schema\\\/person\\\/d641193e0afc6405b390164dac847971\"},\"headline\":\"Maior doador do pa\u00eds, Paran\u00e1 celebra m\u00eas de conscientiza\u00e7\u00e3o para doa\u00e7\u00e3o de \u00f3rg\u00e3os\",\"datePublished\":\"2024-09-02T12:21:10+00:00\",\"mainEntityOfPage\":{\"@id\":\"https:\\\/\\\/jornalboasnoticias.com.br\\\/home\\\/maior-doador-do-pais-parana-celebra-mes-de-conscientizacao-para-doacao-de-orgaos\\\/\"},\"wordCount\":1111,\"commentCount\":0,\"publisher\":{\"@id\":\"https:\\\/\\\/jornalboasnoticias.com.br\\\/home\\\/#organization\"},\"image\":{\"@id\":\"https:\\\/\\\/jornalboasnoticias.com.br\\\/home\\\/maior-doador-do-pais-parana-celebra-mes-de-conscientizacao-para-doacao-de-orgaos\\\/#primaryimage\"},\"thumbnailUrl\":\"https:\\\/\\\/jornalboasnoticias.com.br\\\/home\\\/wp-content\\\/uploads\\\/2024\\\/09\\\/central_de_transplantes_32-scaled.jpg\",\"articleSection\":[\"DESTAQUE\",\"PARAN\u00c1\"],\"inLanguage\":\"pt-BR\",\"potentialAction\":[{\"@type\":\"CommentAction\",\"name\":\"Comment\",\"target\":[\"https:\\\/\\\/jornalboasnoticias.com.br\\\/home\\\/maior-doador-do-pais-parana-celebra-mes-de-conscientizacao-para-doacao-de-orgaos\\\/#respond\"]}]},{\"@type\":\"WebPage\",\"@id\":\"https:\\\/\\\/jornalboasnoticias.com.br\\\/home\\\/maior-doador-do-pais-parana-celebra-mes-de-conscientizacao-para-doacao-de-orgaos\\\/\",\"url\":\"https:\\\/\\\/jornalboasnoticias.com.br\\\/home\\\/maior-doador-do-pais-parana-celebra-mes-de-conscientizacao-para-doacao-de-orgaos\\\/\",\"name\":\"Maior doador do pa\u00eds, Paran\u00e1 celebra m\u00eas de conscientiza\u00e7\u00e3o para doa\u00e7\u00e3o de \u00f3rg\u00e3os - Jornal\",\"isPartOf\":{\"@id\":\"https:\\\/\\\/jornalboasnoticias.com.br\\\/home\\\/#website\"},\"primaryImageOfPage\":{\"@id\":\"https:\\\/\\\/jornalboasnoticias.com.br\\\/home\\\/maior-doador-do-pais-parana-celebra-mes-de-conscientizacao-para-doacao-de-orgaos\\\/#primaryimage\"},\"image\":{\"@id\":\"https:\\\/\\\/jornalboasnoticias.com.br\\\/home\\\/maior-doador-do-pais-parana-celebra-mes-de-conscientizacao-para-doacao-de-orgaos\\\/#primaryimage\"},\"thumbnailUrl\":\"https:\\\/\\\/jornalboasnoticias.com.br\\\/home\\\/wp-content\\\/uploads\\\/2024\\\/09\\\/central_de_transplantes_32-scaled.jpg\",\"datePublished\":\"2024-09-02T12:21:10+00:00\",\"description\":\"Maior doador do pa\u00eds, Paran\u00e1 celebra m\u00eas de conscientiza\u00e7\u00e3o para doa\u00e7\u00e3o de \u00f3rg\u00e3os\",\"breadcrumb\":{\"@id\":\"https:\\\/\\\/jornalboasnoticias.com.br\\\/home\\\/maior-doador-do-pais-parana-celebra-mes-de-conscientizacao-para-doacao-de-orgaos\\\/#breadcrumb\"},\"inLanguage\":\"pt-BR\",\"potentialAction\":[{\"@type\":\"ReadAction\",\"target\":[\"https:\\\/\\\/jornalboasnoticias.com.br\\\/home\\\/maior-doador-do-pais-parana-celebra-mes-de-conscientizacao-para-doacao-de-orgaos\\\/\"]}]},{\"@type\":\"ImageObject\",\"inLanguage\":\"pt-BR\",\"@id\":\"https:\\\/\\\/jornalboasnoticias.com.br\\\/home\\\/maior-doador-do-pais-parana-celebra-mes-de-conscientizacao-para-doacao-de-orgaos\\\/#primaryimage\",\"url\":\"https:\\\/\\\/jornalboasnoticias.com.br\\\/home\\\/wp-content\\\/uploads\\\/2024\\\/09\\\/central_de_transplantes_32-scaled.jpg\",\"contentUrl\":\"https:\\\/\\\/jornalboasnoticias.com.br\\\/home\\\/wp-content\\\/uploads\\\/2024\\\/09\\\/central_de_transplantes_32-scaled.jpg\",\"width\":2560,\"height\":1707,\"caption\":\"Foto: Albari Rosa\\\/Arquivo AEN\"},{\"@type\":\"BreadcrumbList\",\"@id\":\"https:\\\/\\\/jornalboasnoticias.com.br\\\/home\\\/maior-doador-do-pais-parana-celebra-mes-de-conscientizacao-para-doacao-de-orgaos\\\/#breadcrumb\",\"itemListElement\":[{\"@type\":\"ListItem\",\"position\":1,\"name\":\"In\u00edcio\",\"item\":\"https:\\\/\\\/jornalboasnoticias.com.br\\\/home\\\/\"},{\"@type\":\"ListItem\",\"position\":2,\"name\":\"Maior doador do pa\u00eds, Paran\u00e1 celebra m\u00eas de conscientiza\u00e7\u00e3o para doa\u00e7\u00e3o de \u00f3rg\u00e3os\"}]},{\"@type\":\"WebSite\",\"@id\":\"https:\\\/\\\/jornalboasnoticias.com.br\\\/home\\\/#website\",\"url\":\"https:\\\/\\\/jornalboasnoticias.com.br\\\/home\\\/\",\"name\":\"Jornal Boas Not\u00edcias\",\"description\":\"Boas not\u00edcias\",\"publisher\":{\"@id\":\"https:\\\/\\\/jornalboasnoticias.com.br\\\/home\\\/#organization\"},\"potentialAction\":[{\"@type\":\"SearchAction\",\"target\":{\"@type\":\"EntryPoint\",\"urlTemplate\":\"https:\\\/\\\/jornalboasnoticias.com.br\\\/home\\\/?s={search_term_string}\"},\"query-input\":{\"@type\":\"PropertyValueSpecification\",\"valueRequired\":true,\"valueName\":\"search_term_string\"}}],\"inLanguage\":\"pt-BR\"},{\"@type\":\"Organization\",\"@id\":\"https:\\\/\\\/jornalboasnoticias.com.br\\\/home\\\/#organization\",\"name\":\"Coq Editora Ltda\",\"alternateName\":\"Jornal Boas Noticias\",\"url\":\"https:\\\/\\\/jornalboasnoticias.com.br\\\/home\\\/\",\"logo\":{\"@type\":\"ImageObject\",\"inLanguage\":\"pt-BR\",\"@id\":\"https:\\\/\\\/jornalboasnoticias.com.br\\\/home\\\/#\\\/schema\\\/logo\\\/image\\\/\",\"url\":\"https:\\\/\\\/jornalboasnoticias.com.br\\\/home\\\/wp-content\\\/uploads\\\/2024\\\/07\\\/cropped-logo.jpg\",\"contentUrl\":\"https:\\\/\\\/jornalboasnoticias.com.br\\\/home\\\/wp-content\\\/uploads\\\/2024\\\/07\\\/cropped-logo.jpg\",\"width\":290,\"height\":142,\"caption\":\"Coq Editora Ltda\"},\"image\":{\"@id\":\"https:\\\/\\\/jornalboasnoticias.com.br\\\/home\\\/#\\\/schema\\\/logo\\\/image\\\/\"},\"sameAs\":[\"https:\\\/\\\/www.facebook.com\\\/boasnoticiasjornal\"]},{\"@type\":\"Person\",\"@id\":\"https:\\\/\\\/jornalboasnoticias.com.br\\\/home\\\/#\\\/schema\\\/person\\\/d641193e0afc6405b390164dac847971\",\"name\":\"Ana Luiza Bonatto\",\"image\":{\"@type\":\"ImageObject\",\"inLanguage\":\"pt-BR\",\"@id\":\"https:\\\/\\\/secure.gravatar.com\\\/avatar\\\/8a055ebe6373371f67ac6fcf313c0ac0b0a91157fdcdb9514fa62927373348f0?s=96&d=mm&r=g\",\"url\":\"https:\\\/\\\/secure.gravatar.com\\\/avatar\\\/8a055ebe6373371f67ac6fcf313c0ac0b0a91157fdcdb9514fa62927373348f0?s=96&d=mm&r=g\",\"contentUrl\":\"https:\\\/\\\/secure.gravatar.com\\\/avatar\\\/8a055ebe6373371f67ac6fcf313c0ac0b0a91157fdcdb9514fa62927373348f0?s=96&d=mm&r=g\",\"caption\":\"Ana Luiza Bonatto\"},\"url\":\"https:\\\/\\\/jornalboasnoticias.com.br\\\/home\\\/author\\\/ana-luiza\\\/\"}]}<\/script>\n<!-- \/ Yoast SEO plugin. -->","yoast_head_json":{"title":"Maior doador do pa\u00eds, Paran\u00e1 celebra m\u00eas de conscientiza\u00e7\u00e3o para doa\u00e7\u00e3o de \u00f3rg\u00e3os - Jornal","description":"Maior doador do pa\u00eds, Paran\u00e1 celebra m\u00eas de conscientiza\u00e7\u00e3o para doa\u00e7\u00e3o de \u00f3rg\u00e3os","robots":{"index":"index","follow":"follow","max-snippet":"max-snippet:-1","max-image-preview":"max-image-preview:large","max-video-preview":"max-video-preview:-1"},"canonical":"https:\/\/jornalboasnoticias.com.br\/home\/maior-doador-do-pais-parana-celebra-mes-de-conscientizacao-para-doacao-de-orgaos\/","og_locale":"pt_BR","og_type":"article","og_title":"Maior doador do pa\u00eds, Paran\u00e1 celebra m\u00eas de conscientiza\u00e7\u00e3o para doa\u00e7\u00e3o de \u00f3rg\u00e3os - Jornal","og_description":"Maior doador do pa\u00eds, Paran\u00e1 celebra m\u00eas de conscientiza\u00e7\u00e3o para doa\u00e7\u00e3o de \u00f3rg\u00e3os","og_url":"https:\/\/jornalboasnoticias.com.br\/home\/maior-doador-do-pais-parana-celebra-mes-de-conscientizacao-para-doacao-de-orgaos\/","og_site_name":"Jornal","article_publisher":"https:\/\/www.facebook.com\/boasnoticiasjornal","article_published_time":"2024-09-02T12:21:10+00:00","og_image":[{"width":2560,"height":1707,"url":"https:\/\/jornalboasnoticias.com.br\/home\/wp-content\/uploads\/2024\/09\/central_de_transplantes_32-scaled.jpg","type":"image\/jpeg"}],"author":"Ana Luiza Bonatto","twitter_card":"summary_large_image","twitter_misc":{"Escrito por":"Ana Luiza Bonatto","Est. tempo de leitura":"6 minutos"},"schema":{"@context":"https:\/\/schema.org","@graph":[{"@type":"Article","@id":"https:\/\/jornalboasnoticias.com.br\/home\/maior-doador-do-pais-parana-celebra-mes-de-conscientizacao-para-doacao-de-orgaos\/#article","isPartOf":{"@id":"https:\/\/jornalboasnoticias.com.br\/home\/maior-doador-do-pais-parana-celebra-mes-de-conscientizacao-para-doacao-de-orgaos\/"},"author":{"name":"Ana Luiza Bonatto","@id":"https:\/\/jornalboasnoticias.com.br\/home\/#\/schema\/person\/d641193e0afc6405b390164dac847971"},"headline":"Maior doador do pa\u00eds, Paran\u00e1 celebra m\u00eas de conscientiza\u00e7\u00e3o para doa\u00e7\u00e3o de \u00f3rg\u00e3os","datePublished":"2024-09-02T12:21:10+00:00","mainEntityOfPage":{"@id":"https:\/\/jornalboasnoticias.com.br\/home\/maior-doador-do-pais-parana-celebra-mes-de-conscientizacao-para-doacao-de-orgaos\/"},"wordCount":1111,"commentCount":0,"publisher":{"@id":"https:\/\/jornalboasnoticias.com.br\/home\/#organization"},"image":{"@id":"https:\/\/jornalboasnoticias.com.br\/home\/maior-doador-do-pais-parana-celebra-mes-de-conscientizacao-para-doacao-de-orgaos\/#primaryimage"},"thumbnailUrl":"https:\/\/jornalboasnoticias.com.br\/home\/wp-content\/uploads\/2024\/09\/central_de_transplantes_32-scaled.jpg","articleSection":["DESTAQUE","PARAN\u00c1"],"inLanguage":"pt-BR","potentialAction":[{"@type":"CommentAction","name":"Comment","target":["https:\/\/jornalboasnoticias.com.br\/home\/maior-doador-do-pais-parana-celebra-mes-de-conscientizacao-para-doacao-de-orgaos\/#respond"]}]},{"@type":"WebPage","@id":"https:\/\/jornalboasnoticias.com.br\/home\/maior-doador-do-pais-parana-celebra-mes-de-conscientizacao-para-doacao-de-orgaos\/","url":"https:\/\/jornalboasnoticias.com.br\/home\/maior-doador-do-pais-parana-celebra-mes-de-conscientizacao-para-doacao-de-orgaos\/","name":"Maior doador do pa\u00eds, Paran\u00e1 celebra m\u00eas de conscientiza\u00e7\u00e3o para doa\u00e7\u00e3o de \u00f3rg\u00e3os - Jornal","isPartOf":{"@id":"https:\/\/jornalboasnoticias.com.br\/home\/#website"},"primaryImageOfPage":{"@id":"https:\/\/jornalboasnoticias.com.br\/home\/maior-doador-do-pais-parana-celebra-mes-de-conscientizacao-para-doacao-de-orgaos\/#primaryimage"},"image":{"@id":"https:\/\/jornalboasnoticias.com.br\/home\/maior-doador-do-pais-parana-celebra-mes-de-conscientizacao-para-doacao-de-orgaos\/#primaryimage"},"thumbnailUrl":"https:\/\/jornalboasnoticias.com.br\/home\/wp-content\/uploads\/2024\/09\/central_de_transplantes_32-scaled.jpg","datePublished":"2024-09-02T12:21:10+00:00","description":"Maior doador do pa\u00eds, Paran\u00e1 celebra m\u00eas de conscientiza\u00e7\u00e3o para doa\u00e7\u00e3o de \u00f3rg\u00e3os","breadcrumb":{"@id":"https:\/\/jornalboasnoticias.com.br\/home\/maior-doador-do-pais-parana-celebra-mes-de-conscientizacao-para-doacao-de-orgaos\/#breadcrumb"},"inLanguage":"pt-BR","potentialAction":[{"@type":"ReadAction","target":["https:\/\/jornalboasnoticias.com.br\/home\/maior-doador-do-pais-parana-celebra-mes-de-conscientizacao-para-doacao-de-orgaos\/"]}]},{"@type":"ImageObject","inLanguage":"pt-BR","@id":"https:\/\/jornalboasnoticias.com.br\/home\/maior-doador-do-pais-parana-celebra-mes-de-conscientizacao-para-doacao-de-orgaos\/#primaryimage","url":"https:\/\/jornalboasnoticias.com.br\/home\/wp-content\/uploads\/2024\/09\/central_de_transplantes_32-scaled.jpg","contentUrl":"https:\/\/jornalboasnoticias.com.br\/home\/wp-content\/uploads\/2024\/09\/central_de_transplantes_32-scaled.jpg","width":2560,"height":1707,"caption":"Foto: Albari Rosa\/Arquivo AEN"},{"@type":"BreadcrumbList","@id":"https:\/\/jornalboasnoticias.com.br\/home\/maior-doador-do-pais-parana-celebra-mes-de-conscientizacao-para-doacao-de-orgaos\/#breadcrumb","itemListElement":[{"@type":"ListItem","position":1,"name":"In\u00edcio","item":"https:\/\/jornalboasnoticias.com.br\/home\/"},{"@type":"ListItem","position":2,"name":"Maior doador do pa\u00eds, Paran\u00e1 celebra m\u00eas de conscientiza\u00e7\u00e3o para doa\u00e7\u00e3o de \u00f3rg\u00e3os"}]},{"@type":"WebSite","@id":"https:\/\/jornalboasnoticias.com.br\/home\/#website","url":"https:\/\/jornalboasnoticias.com.br\/home\/","name":"Jornal Boas Not\u00edcias","description":"Boas not\u00edcias","publisher":{"@id":"https:\/\/jornalboasnoticias.com.br\/home\/#organization"},"potentialAction":[{"@type":"SearchAction","target":{"@type":"EntryPoint","urlTemplate":"https:\/\/jornalboasnoticias.com.br\/home\/?s={search_term_string}"},"query-input":{"@type":"PropertyValueSpecification","valueRequired":true,"valueName":"search_term_string"}}],"inLanguage":"pt-BR"},{"@type":"Organization","@id":"https:\/\/jornalboasnoticias.com.br\/home\/#organization","name":"Coq Editora Ltda","alternateName":"Jornal Boas Noticias","url":"https:\/\/jornalboasnoticias.com.br\/home\/","logo":{"@type":"ImageObject","inLanguage":"pt-BR","@id":"https:\/\/jornalboasnoticias.com.br\/home\/#\/schema\/logo\/image\/","url":"https:\/\/jornalboasnoticias.com.br\/home\/wp-content\/uploads\/2024\/07\/cropped-logo.jpg","contentUrl":"https:\/\/jornalboasnoticias.com.br\/home\/wp-content\/uploads\/2024\/07\/cropped-logo.jpg","width":290,"height":142,"caption":"Coq Editora Ltda"},"image":{"@id":"https:\/\/jornalboasnoticias.com.br\/home\/#\/schema\/logo\/image\/"},"sameAs":["https:\/\/www.facebook.com\/boasnoticiasjornal"]},{"@type":"Person","@id":"https:\/\/jornalboasnoticias.com.br\/home\/#\/schema\/person\/d641193e0afc6405b390164dac847971","name":"Ana Luiza Bonatto","image":{"@type":"ImageObject","inLanguage":"pt-BR","@id":"https:\/\/secure.gravatar.com\/avatar\/8a055ebe6373371f67ac6fcf313c0ac0b0a91157fdcdb9514fa62927373348f0?s=96&d=mm&r=g","url":"https:\/\/secure.gravatar.com\/avatar\/8a055ebe6373371f67ac6fcf313c0ac0b0a91157fdcdb9514fa62927373348f0?s=96&d=mm&r=g","contentUrl":"https:\/\/secure.gravatar.com\/avatar\/8a055ebe6373371f67ac6fcf313c0ac0b0a91157fdcdb9514fa62927373348f0?s=96&d=mm&r=g","caption":"Ana Luiza Bonatto"},"url":"https:\/\/jornalboasnoticias.com.br\/home\/author\/ana-luiza\/"}]}},"_links":{"self":[{"href":"https:\/\/jornalboasnoticias.com.br\/home\/wp-json\/wp\/v2\/posts\/43569","targetHints":{"allow":["GET"]}}],"collection":[{"href":"https:\/\/jornalboasnoticias.com.br\/home\/wp-json\/wp\/v2\/posts"}],"about":[{"href":"https:\/\/jornalboasnoticias.com.br\/home\/wp-json\/wp\/v2\/types\/post"}],"author":[{"embeddable":true,"href":"https:\/\/jornalboasnoticias.com.br\/home\/wp-json\/wp\/v2\/users\/4"}],"replies":[{"embeddable":true,"href":"https:\/\/jornalboasnoticias.com.br\/home\/wp-json\/wp\/v2\/comments?post=43569"}],"version-history":[{"count":1,"href":"https:\/\/jornalboasnoticias.com.br\/home\/wp-json\/wp\/v2\/posts\/43569\/revisions"}],"predecessor-version":[{"id":43571,"href":"https:\/\/jornalboasnoticias.com.br\/home\/wp-json\/wp\/v2\/posts\/43569\/revisions\/43571"}],"wp:featuredmedia":[{"embeddable":true,"href":"https:\/\/jornalboasnoticias.com.br\/home\/wp-json\/wp\/v2\/media\/43570"}],"wp:attachment":[{"href":"https:\/\/jornalboasnoticias.com.br\/home\/wp-json\/wp\/v2\/media?parent=43569"}],"wp:term":[{"taxonomy":"category","embeddable":true,"href":"https:\/\/jornalboasnoticias.com.br\/home\/wp-json\/wp\/v2\/categories?post=43569"},{"taxonomy":"post_tag","embeddable":true,"href":"https:\/\/jornalboasnoticias.com.br\/home\/wp-json\/wp\/v2\/tags?post=43569"}],"curies":[{"name":"wp","href":"https:\/\/api.w.org\/{rel}","templated":true}]}}