{"id":43565,"date":"2024-09-02T12:14:51","date_gmt":"2024-09-02T12:14:51","guid":{"rendered":"https:\/\/jornalboasnoticias.com.br\/home\/?p=43565"},"modified":"2024-09-02T12:14:51","modified_gmt":"2024-09-02T12:14:51","slug":"uso-de-pilulas-abortivas-aumenta-o-numero-de-abortos-nos-eua","status":"publish","type":"post","link":"https:\/\/jornalboasnoticias.com.br\/home\/uso-de-pilulas-abortivas-aumenta-o-numero-de-abortos-nos-eua\/","title":{"rendered":"Uso de p\u00edlulas abortivas aumenta o n\u00famero de abortos nos EUA"},"content":{"rendered":"<div class=\"flex-shrink-0 flex flex-col relative items-end\">\n<div>\n<div class=\"pt-0\">\n<div class=\"gizmo-bot-avatar flex h-8 w-8 items-center justify-center overflow-hidden rounded-full\">\n<div class=\"relative p-1 rounded-sm flex items-center justify-center bg-token-main-surface-primary text-token-text-primary h-8 w-8\">\n<figure id=\"attachment_43566\" aria-describedby=\"caption-attachment-43566\" style=\"width: 960px\" class=\"wp-caption alignnone\"><img loading=\"lazy\" decoding=\"async\" class=\"wp-image-43566 size-full\" src=\"https:\/\/jornalboasnoticias.com.br\/home\/wp-content\/uploads\/2024\/09\/aborto-960x540-1.jpg\" alt=\"\" width=\"960\" height=\"540\" srcset=\"https:\/\/jornalboasnoticias.com.br\/home\/wp-content\/uploads\/2024\/09\/aborto-960x540-1.jpg 960w, https:\/\/jornalboasnoticias.com.br\/home\/wp-content\/uploads\/2024\/09\/aborto-960x540-1-300x169.jpg 300w, https:\/\/jornalboasnoticias.com.br\/home\/wp-content\/uploads\/2024\/09\/aborto-960x540-1-768x432.jpg 768w\" sizes=\"auto, (max-width: 960px) 100vw, 960px\" \/><figcaption id=\"caption-attachment-43566\" class=\"wp-caption-text\">Foto: Bigstock<\/figcaption><\/figure>\n<p>&nbsp;<\/p>\n<p>Dados recentes do projeto de pesquisa #WeCount, da Sociedade de Planejamento Familiar, revelam um aumento not\u00e1vel no n\u00famero de abortos nos Estados Unidos, dois anos ap\u00f3s a Suprema Corte anular a decis\u00e3o Roe v. Wade, que anteriormente assegurava o direito constitucional ao aborto. Entre janeiro e mar\u00e7o de 2024, a m\u00e9dia mensal de abortos foi de aproximadamente 98.990, com o total nacional ultrapassando 100.000 em janeiro pela primeira vez desde o in\u00edcio da pesquisa.<\/p><\/div>\n<\/div>\n<\/div>\n<\/div>\n<\/div>\n<div class=\"group\/conversation-turn relative flex w-full min-w-0 flex-col agent-turn\">\n<div class=\"flex-col gap-1 md:gap-3\">\n<div class=\"flex max-w-full flex-col flex-grow\">\n<div class=\"min-h-[20px] text-message flex w-full flex-col items-end gap-2 break-words [.text-message+&amp;]:mt-5 overflow-x-auto whitespace-normal\" dir=\"auto\" data-message-author-role=\"assistant\" data-message-id=\"dc0041be-12b7-4828-a01a-b0dbf4989322\">\n<div class=\"flex w-full flex-col gap-1 empty:hidden first:pt-[3px]\">\n<div class=\"markdown prose w-full break-words dark:prose-invert light\">\n<p>Os estados com os maiores n\u00fameros de abortos mensais incluem Calif\u00f3rnia, Nova York, Illinois, Fl\u00f3rida e Nova Jersey. Em contraste, estados como Texas, Ge\u00f3rgia, Tennessee, Louisiana e Alabama registraram os maiores decl\u00ednios no n\u00famero de abortos. Esse aumento foi parcialmente atribu\u00eddo ao crescimento dos \u201cabortos por telemedicina\u201d, onde medicamentos abortivos s\u00e3o prescritos e enviados remotamente, particularmente em estados com leis de prote\u00e7\u00e3o que permitem essa pr\u00e1tica, mesmo onde o aborto \u00e9 severamente restringido. Nos primeiros tr\u00eas meses de 2024, cerca de 9.200 abortos mensais ocorreram sob essas leis.<\/p>\n<p>Michael New, professor da Universidade Cat\u00f3lica da Am\u00e9rica e pesquisador associado s\u00eanior no Charlotte Lozier Institute, expressou ceticismo em rela\u00e7\u00e3o aos dados do #WeCount. Ele observou que a organiza\u00e7\u00e3o n\u00e3o tinha experi\u00eancia pr\u00e9via em estimar dados sobre aborto antes de 2022. New destacou que a pesquisa sugere que 20% dos abortos s\u00e3o realizados por telemedicina, um n\u00famero que ele considera question\u00e1vel.<\/p>\n<p>New tamb\u00e9m afirmou que o crescimento dos abortos em estados com leis de prote\u00e7\u00e3o deve ser uma preocupa\u00e7\u00e3o para os defensores da causa pr\u00f3-vida, pois essas leis podem enfraquecer o impacto das legisla\u00e7\u00f5es pr\u00f3-vida j\u00e1 existentes. Ele sugeriu que a melhor solu\u00e7\u00e3o seria a elei\u00e7\u00e3o de um presidente pr\u00f3-vida que nomeasse funcion\u00e1rios na FDA dispostos a restringir o envio de p\u00edlulas abortivas pelo correio.<\/p>\n<p>A situa\u00e7\u00e3o atual reflete um panorama complexo e din\u00e2mico no cen\u00e1rio do aborto nos Estados Unidos, com implica\u00e7\u00f5es legais e pol\u00edticas significativas em jogo. As mudan\u00e7as nas leis estaduais e o aumento dos abortos por telemedicina destacam um desafio cont\u00ednuo para as partes envolvidas neste debate polarizador. \u00c0 medida que o pa\u00eds avan\u00e7a, as decis\u00f5es futuras, tanto em n\u00edvel estatal quanto federal, poder\u00e3o moldar ainda mais o acesso e a regulamenta\u00e7\u00e3o do aborto nos Estados Unidos.<\/p>\n<\/div>\n<\/div>\n<\/div>\n<\/div>\n<\/div>\n<\/div>\n","protected":false},"excerpt":{"rendered":"<p>&nbsp; Dados recentes do projeto de pesquisa #WeCount, da Sociedade de Planejamento Familiar, revelam um<\/p>\n","protected":false},"author":4,"featured_media":43566,"comment_status":"open","ping_status":"open","sticky":false,"template":"","format":"standard","meta":{"footnotes":""},"categories":[3,9],"tags":[],"class_list":["post-43565","post","type-post","status-publish","format-standard","has-post-thumbnail","hentry","category-destaques","category-internacional"],"yoast_head":"<!-- This site is optimized with the Yoast SEO plugin v27.5 - https:\/\/yoast.com\/product\/yoast-seo-wordpress\/ -->\n<title>Uso de p\u00edlulas abortivas aumenta o n\u00famero de abortos nos EUA - Jornal<\/title>\n<meta name=\"description\" content=\"Uso de p\u00edlulas abortivas aumenta o n\u00famero de abortos nos EUA\" \/>\n<meta name=\"robots\" content=\"index, follow, max-snippet:-1, max-image-preview:large, max-video-preview:-1\" \/>\n<link rel=\"canonical\" href=\"https:\/\/jornalboasnoticias.com.br\/home\/uso-de-pilulas-abortivas-aumenta-o-numero-de-abortos-nos-eua\/\" \/>\n<meta property=\"og:locale\" content=\"pt_BR\" \/>\n<meta property=\"og:type\" content=\"article\" \/>\n<meta property=\"og:title\" content=\"Uso de p\u00edlulas abortivas aumenta o n\u00famero de abortos nos EUA - Jornal\" \/>\n<meta property=\"og:description\" content=\"Uso de p\u00edlulas abortivas aumenta o n\u00famero de abortos nos EUA\" \/>\n<meta property=\"og:url\" content=\"https:\/\/jornalboasnoticias.com.br\/home\/uso-de-pilulas-abortivas-aumenta-o-numero-de-abortos-nos-eua\/\" \/>\n<meta property=\"og:site_name\" content=\"Jornal\" \/>\n<meta property=\"article:publisher\" content=\"https:\/\/www.facebook.com\/boasnoticiasjornal\" \/>\n<meta property=\"article:published_time\" content=\"2024-09-02T12:14:51+00:00\" \/>\n<meta property=\"og:image\" content=\"https:\/\/jornalboasnoticias.com.br\/home\/wp-content\/uploads\/2024\/09\/aborto-960x540-1.jpg\" \/>\n\t<meta property=\"og:image:width\" content=\"960\" \/>\n\t<meta property=\"og:image:height\" content=\"540\" \/>\n\t<meta property=\"og:image:type\" content=\"image\/jpeg\" \/>\n<meta name=\"author\" content=\"Ana Luiza Bonatto\" \/>\n<meta name=\"twitter:card\" content=\"summary_large_image\" \/>\n<meta name=\"twitter:label1\" content=\"Escrito por\" \/>\n\t<meta name=\"twitter:data1\" content=\"Ana Luiza Bonatto\" \/>\n\t<meta name=\"twitter:label2\" content=\"Est. tempo de leitura\" \/>\n\t<meta name=\"twitter:data2\" content=\"3 minutos\" \/>\n<script type=\"application\/ld+json\" class=\"yoast-schema-graph\">{\"@context\":\"https:\\\/\\\/schema.org\",\"@graph\":[{\"@type\":\"Article\",\"@id\":\"https:\\\/\\\/jornalboasnoticias.com.br\\\/home\\\/uso-de-pilulas-abortivas-aumenta-o-numero-de-abortos-nos-eua\\\/#article\",\"isPartOf\":{\"@id\":\"https:\\\/\\\/jornalboasnoticias.com.br\\\/home\\\/uso-de-pilulas-abortivas-aumenta-o-numero-de-abortos-nos-eua\\\/\"},\"author\":{\"name\":\"Ana Luiza Bonatto\",\"@id\":\"https:\\\/\\\/jornalboasnoticias.com.br\\\/home\\\/#\\\/schema\\\/person\\\/d641193e0afc6405b390164dac847971\"},\"headline\":\"Uso de p\u00edlulas abortivas aumenta o n\u00famero de abortos nos EUA\",\"datePublished\":\"2024-09-02T12:14:51+00:00\",\"mainEntityOfPage\":{\"@id\":\"https:\\\/\\\/jornalboasnoticias.com.br\\\/home\\\/uso-de-pilulas-abortivas-aumenta-o-numero-de-abortos-nos-eua\\\/\"},\"wordCount\":430,\"commentCount\":0,\"publisher\":{\"@id\":\"https:\\\/\\\/jornalboasnoticias.com.br\\\/home\\\/#organization\"},\"image\":{\"@id\":\"https:\\\/\\\/jornalboasnoticias.com.br\\\/home\\\/uso-de-pilulas-abortivas-aumenta-o-numero-de-abortos-nos-eua\\\/#primaryimage\"},\"thumbnailUrl\":\"https:\\\/\\\/jornalboasnoticias.com.br\\\/home\\\/wp-content\\\/uploads\\\/2024\\\/09\\\/aborto-960x540-1.jpg\",\"articleSection\":[\"DESTAQUE\",\"INTERNACIONAL\"],\"inLanguage\":\"pt-BR\",\"potentialAction\":[{\"@type\":\"CommentAction\",\"name\":\"Comment\",\"target\":[\"https:\\\/\\\/jornalboasnoticias.com.br\\\/home\\\/uso-de-pilulas-abortivas-aumenta-o-numero-de-abortos-nos-eua\\\/#respond\"]}]},{\"@type\":\"WebPage\",\"@id\":\"https:\\\/\\\/jornalboasnoticias.com.br\\\/home\\\/uso-de-pilulas-abortivas-aumenta-o-numero-de-abortos-nos-eua\\\/\",\"url\":\"https:\\\/\\\/jornalboasnoticias.com.br\\\/home\\\/uso-de-pilulas-abortivas-aumenta-o-numero-de-abortos-nos-eua\\\/\",\"name\":\"Uso de p\u00edlulas abortivas aumenta o n\u00famero de abortos nos EUA - Jornal\",\"isPartOf\":{\"@id\":\"https:\\\/\\\/jornalboasnoticias.com.br\\\/home\\\/#website\"},\"primaryImageOfPage\":{\"@id\":\"https:\\\/\\\/jornalboasnoticias.com.br\\\/home\\\/uso-de-pilulas-abortivas-aumenta-o-numero-de-abortos-nos-eua\\\/#primaryimage\"},\"image\":{\"@id\":\"https:\\\/\\\/jornalboasnoticias.com.br\\\/home\\\/uso-de-pilulas-abortivas-aumenta-o-numero-de-abortos-nos-eua\\\/#primaryimage\"},\"thumbnailUrl\":\"https:\\\/\\\/jornalboasnoticias.com.br\\\/home\\\/wp-content\\\/uploads\\\/2024\\\/09\\\/aborto-960x540-1.jpg\",\"datePublished\":\"2024-09-02T12:14:51+00:00\",\"description\":\"Uso de p\u00edlulas abortivas aumenta o n\u00famero de abortos nos EUA\",\"breadcrumb\":{\"@id\":\"https:\\\/\\\/jornalboasnoticias.com.br\\\/home\\\/uso-de-pilulas-abortivas-aumenta-o-numero-de-abortos-nos-eua\\\/#breadcrumb\"},\"inLanguage\":\"pt-BR\",\"potentialAction\":[{\"@type\":\"ReadAction\",\"target\":[\"https:\\\/\\\/jornalboasnoticias.com.br\\\/home\\\/uso-de-pilulas-abortivas-aumenta-o-numero-de-abortos-nos-eua\\\/\"]}]},{\"@type\":\"ImageObject\",\"inLanguage\":\"pt-BR\",\"@id\":\"https:\\\/\\\/jornalboasnoticias.com.br\\\/home\\\/uso-de-pilulas-abortivas-aumenta-o-numero-de-abortos-nos-eua\\\/#primaryimage\",\"url\":\"https:\\\/\\\/jornalboasnoticias.com.br\\\/home\\\/wp-content\\\/uploads\\\/2024\\\/09\\\/aborto-960x540-1.jpg\",\"contentUrl\":\"https:\\\/\\\/jornalboasnoticias.com.br\\\/home\\\/wp-content\\\/uploads\\\/2024\\\/09\\\/aborto-960x540-1.jpg\",\"width\":960,\"height\":540,\"caption\":\"Foto: Bigstock\"},{\"@type\":\"BreadcrumbList\",\"@id\":\"https:\\\/\\\/jornalboasnoticias.com.br\\\/home\\\/uso-de-pilulas-abortivas-aumenta-o-numero-de-abortos-nos-eua\\\/#breadcrumb\",\"itemListElement\":[{\"@type\":\"ListItem\",\"position\":1,\"name\":\"In\u00edcio\",\"item\":\"https:\\\/\\\/jornalboasnoticias.com.br\\\/home\\\/\"},{\"@type\":\"ListItem\",\"position\":2,\"name\":\"Uso de p\u00edlulas abortivas aumenta o n\u00famero de abortos nos EUA\"}]},{\"@type\":\"WebSite\",\"@id\":\"https:\\\/\\\/jornalboasnoticias.com.br\\\/home\\\/#website\",\"url\":\"https:\\\/\\\/jornalboasnoticias.com.br\\\/home\\\/\",\"name\":\"Jornal Boas Not\u00edcias\",\"description\":\"Boas not\u00edcias\",\"publisher\":{\"@id\":\"https:\\\/\\\/jornalboasnoticias.com.br\\\/home\\\/#organization\"},\"potentialAction\":[{\"@type\":\"SearchAction\",\"target\":{\"@type\":\"EntryPoint\",\"urlTemplate\":\"https:\\\/\\\/jornalboasnoticias.com.br\\\/home\\\/?s={search_term_string}\"},\"query-input\":{\"@type\":\"PropertyValueSpecification\",\"valueRequired\":true,\"valueName\":\"search_term_string\"}}],\"inLanguage\":\"pt-BR\"},{\"@type\":\"Organization\",\"@id\":\"https:\\\/\\\/jornalboasnoticias.com.br\\\/home\\\/#organization\",\"name\":\"Coq Editora Ltda\",\"alternateName\":\"Jornal Boas Noticias\",\"url\":\"https:\\\/\\\/jornalboasnoticias.com.br\\\/home\\\/\",\"logo\":{\"@type\":\"ImageObject\",\"inLanguage\":\"pt-BR\",\"@id\":\"https:\\\/\\\/jornalboasnoticias.com.br\\\/home\\\/#\\\/schema\\\/logo\\\/image\\\/\",\"url\":\"https:\\\/\\\/jornalboasnoticias.com.br\\\/home\\\/wp-content\\\/uploads\\\/2024\\\/07\\\/cropped-logo.jpg\",\"contentUrl\":\"https:\\\/\\\/jornalboasnoticias.com.br\\\/home\\\/wp-content\\\/uploads\\\/2024\\\/07\\\/cropped-logo.jpg\",\"width\":290,\"height\":142,\"caption\":\"Coq Editora Ltda\"},\"image\":{\"@id\":\"https:\\\/\\\/jornalboasnoticias.com.br\\\/home\\\/#\\\/schema\\\/logo\\\/image\\\/\"},\"sameAs\":[\"https:\\\/\\\/www.facebook.com\\\/boasnoticiasjornal\"]},{\"@type\":\"Person\",\"@id\":\"https:\\\/\\\/jornalboasnoticias.com.br\\\/home\\\/#\\\/schema\\\/person\\\/d641193e0afc6405b390164dac847971\",\"name\":\"Ana Luiza Bonatto\",\"image\":{\"@type\":\"ImageObject\",\"inLanguage\":\"pt-BR\",\"@id\":\"https:\\\/\\\/secure.gravatar.com\\\/avatar\\\/8a055ebe6373371f67ac6fcf313c0ac0b0a91157fdcdb9514fa62927373348f0?s=96&d=mm&r=g\",\"url\":\"https:\\\/\\\/secure.gravatar.com\\\/avatar\\\/8a055ebe6373371f67ac6fcf313c0ac0b0a91157fdcdb9514fa62927373348f0?s=96&d=mm&r=g\",\"contentUrl\":\"https:\\\/\\\/secure.gravatar.com\\\/avatar\\\/8a055ebe6373371f67ac6fcf313c0ac0b0a91157fdcdb9514fa62927373348f0?s=96&d=mm&r=g\",\"caption\":\"Ana Luiza Bonatto\"},\"url\":\"https:\\\/\\\/jornalboasnoticias.com.br\\\/home\\\/author\\\/ana-luiza\\\/\"}]}<\/script>\n<!-- \/ Yoast SEO plugin. -->","yoast_head_json":{"title":"Uso de p\u00edlulas abortivas aumenta o n\u00famero de abortos nos EUA - Jornal","description":"Uso de p\u00edlulas abortivas aumenta o n\u00famero de abortos nos EUA","robots":{"index":"index","follow":"follow","max-snippet":"max-snippet:-1","max-image-preview":"max-image-preview:large","max-video-preview":"max-video-preview:-1"},"canonical":"https:\/\/jornalboasnoticias.com.br\/home\/uso-de-pilulas-abortivas-aumenta-o-numero-de-abortos-nos-eua\/","og_locale":"pt_BR","og_type":"article","og_title":"Uso de p\u00edlulas abortivas aumenta o n\u00famero de abortos nos EUA - Jornal","og_description":"Uso de p\u00edlulas abortivas aumenta o n\u00famero de abortos nos EUA","og_url":"https:\/\/jornalboasnoticias.com.br\/home\/uso-de-pilulas-abortivas-aumenta-o-numero-de-abortos-nos-eua\/","og_site_name":"Jornal","article_publisher":"https:\/\/www.facebook.com\/boasnoticiasjornal","article_published_time":"2024-09-02T12:14:51+00:00","og_image":[{"width":960,"height":540,"url":"https:\/\/jornalboasnoticias.com.br\/home\/wp-content\/uploads\/2024\/09\/aborto-960x540-1.jpg","type":"image\/jpeg"}],"author":"Ana Luiza Bonatto","twitter_card":"summary_large_image","twitter_misc":{"Escrito por":"Ana Luiza Bonatto","Est. tempo de leitura":"3 minutos"},"schema":{"@context":"https:\/\/schema.org","@graph":[{"@type":"Article","@id":"https:\/\/jornalboasnoticias.com.br\/home\/uso-de-pilulas-abortivas-aumenta-o-numero-de-abortos-nos-eua\/#article","isPartOf":{"@id":"https:\/\/jornalboasnoticias.com.br\/home\/uso-de-pilulas-abortivas-aumenta-o-numero-de-abortos-nos-eua\/"},"author":{"name":"Ana Luiza Bonatto","@id":"https:\/\/jornalboasnoticias.com.br\/home\/#\/schema\/person\/d641193e0afc6405b390164dac847971"},"headline":"Uso de p\u00edlulas abortivas aumenta o n\u00famero de abortos nos EUA","datePublished":"2024-09-02T12:14:51+00:00","mainEntityOfPage":{"@id":"https:\/\/jornalboasnoticias.com.br\/home\/uso-de-pilulas-abortivas-aumenta-o-numero-de-abortos-nos-eua\/"},"wordCount":430,"commentCount":0,"publisher":{"@id":"https:\/\/jornalboasnoticias.com.br\/home\/#organization"},"image":{"@id":"https:\/\/jornalboasnoticias.com.br\/home\/uso-de-pilulas-abortivas-aumenta-o-numero-de-abortos-nos-eua\/#primaryimage"},"thumbnailUrl":"https:\/\/jornalboasnoticias.com.br\/home\/wp-content\/uploads\/2024\/09\/aborto-960x540-1.jpg","articleSection":["DESTAQUE","INTERNACIONAL"],"inLanguage":"pt-BR","potentialAction":[{"@type":"CommentAction","name":"Comment","target":["https:\/\/jornalboasnoticias.com.br\/home\/uso-de-pilulas-abortivas-aumenta-o-numero-de-abortos-nos-eua\/#respond"]}]},{"@type":"WebPage","@id":"https:\/\/jornalboasnoticias.com.br\/home\/uso-de-pilulas-abortivas-aumenta-o-numero-de-abortos-nos-eua\/","url":"https:\/\/jornalboasnoticias.com.br\/home\/uso-de-pilulas-abortivas-aumenta-o-numero-de-abortos-nos-eua\/","name":"Uso de p\u00edlulas abortivas aumenta o n\u00famero de abortos nos EUA - Jornal","isPartOf":{"@id":"https:\/\/jornalboasnoticias.com.br\/home\/#website"},"primaryImageOfPage":{"@id":"https:\/\/jornalboasnoticias.com.br\/home\/uso-de-pilulas-abortivas-aumenta-o-numero-de-abortos-nos-eua\/#primaryimage"},"image":{"@id":"https:\/\/jornalboasnoticias.com.br\/home\/uso-de-pilulas-abortivas-aumenta-o-numero-de-abortos-nos-eua\/#primaryimage"},"thumbnailUrl":"https:\/\/jornalboasnoticias.com.br\/home\/wp-content\/uploads\/2024\/09\/aborto-960x540-1.jpg","datePublished":"2024-09-02T12:14:51+00:00","description":"Uso de p\u00edlulas abortivas aumenta o n\u00famero de abortos nos EUA","breadcrumb":{"@id":"https:\/\/jornalboasnoticias.com.br\/home\/uso-de-pilulas-abortivas-aumenta-o-numero-de-abortos-nos-eua\/#breadcrumb"},"inLanguage":"pt-BR","potentialAction":[{"@type":"ReadAction","target":["https:\/\/jornalboasnoticias.com.br\/home\/uso-de-pilulas-abortivas-aumenta-o-numero-de-abortos-nos-eua\/"]}]},{"@type":"ImageObject","inLanguage":"pt-BR","@id":"https:\/\/jornalboasnoticias.com.br\/home\/uso-de-pilulas-abortivas-aumenta-o-numero-de-abortos-nos-eua\/#primaryimage","url":"https:\/\/jornalboasnoticias.com.br\/home\/wp-content\/uploads\/2024\/09\/aborto-960x540-1.jpg","contentUrl":"https:\/\/jornalboasnoticias.com.br\/home\/wp-content\/uploads\/2024\/09\/aborto-960x540-1.jpg","width":960,"height":540,"caption":"Foto: Bigstock"},{"@type":"BreadcrumbList","@id":"https:\/\/jornalboasnoticias.com.br\/home\/uso-de-pilulas-abortivas-aumenta-o-numero-de-abortos-nos-eua\/#breadcrumb","itemListElement":[{"@type":"ListItem","position":1,"name":"In\u00edcio","item":"https:\/\/jornalboasnoticias.com.br\/home\/"},{"@type":"ListItem","position":2,"name":"Uso de p\u00edlulas abortivas aumenta o n\u00famero de abortos nos EUA"}]},{"@type":"WebSite","@id":"https:\/\/jornalboasnoticias.com.br\/home\/#website","url":"https:\/\/jornalboasnoticias.com.br\/home\/","name":"Jornal Boas Not\u00edcias","description":"Boas not\u00edcias","publisher":{"@id":"https:\/\/jornalboasnoticias.com.br\/home\/#organization"},"potentialAction":[{"@type":"SearchAction","target":{"@type":"EntryPoint","urlTemplate":"https:\/\/jornalboasnoticias.com.br\/home\/?s={search_term_string}"},"query-input":{"@type":"PropertyValueSpecification","valueRequired":true,"valueName":"search_term_string"}}],"inLanguage":"pt-BR"},{"@type":"Organization","@id":"https:\/\/jornalboasnoticias.com.br\/home\/#organization","name":"Coq Editora Ltda","alternateName":"Jornal Boas Noticias","url":"https:\/\/jornalboasnoticias.com.br\/home\/","logo":{"@type":"ImageObject","inLanguage":"pt-BR","@id":"https:\/\/jornalboasnoticias.com.br\/home\/#\/schema\/logo\/image\/","url":"https:\/\/jornalboasnoticias.com.br\/home\/wp-content\/uploads\/2024\/07\/cropped-logo.jpg","contentUrl":"https:\/\/jornalboasnoticias.com.br\/home\/wp-content\/uploads\/2024\/07\/cropped-logo.jpg","width":290,"height":142,"caption":"Coq Editora Ltda"},"image":{"@id":"https:\/\/jornalboasnoticias.com.br\/home\/#\/schema\/logo\/image\/"},"sameAs":["https:\/\/www.facebook.com\/boasnoticiasjornal"]},{"@type":"Person","@id":"https:\/\/jornalboasnoticias.com.br\/home\/#\/schema\/person\/d641193e0afc6405b390164dac847971","name":"Ana Luiza Bonatto","image":{"@type":"ImageObject","inLanguage":"pt-BR","@id":"https:\/\/secure.gravatar.com\/avatar\/8a055ebe6373371f67ac6fcf313c0ac0b0a91157fdcdb9514fa62927373348f0?s=96&d=mm&r=g","url":"https:\/\/secure.gravatar.com\/avatar\/8a055ebe6373371f67ac6fcf313c0ac0b0a91157fdcdb9514fa62927373348f0?s=96&d=mm&r=g","contentUrl":"https:\/\/secure.gravatar.com\/avatar\/8a055ebe6373371f67ac6fcf313c0ac0b0a91157fdcdb9514fa62927373348f0?s=96&d=mm&r=g","caption":"Ana Luiza Bonatto"},"url":"https:\/\/jornalboasnoticias.com.br\/home\/author\/ana-luiza\/"}]}},"_links":{"self":[{"href":"https:\/\/jornalboasnoticias.com.br\/home\/wp-json\/wp\/v2\/posts\/43565","targetHints":{"allow":["GET"]}}],"collection":[{"href":"https:\/\/jornalboasnoticias.com.br\/home\/wp-json\/wp\/v2\/posts"}],"about":[{"href":"https:\/\/jornalboasnoticias.com.br\/home\/wp-json\/wp\/v2\/types\/post"}],"author":[{"embeddable":true,"href":"https:\/\/jornalboasnoticias.com.br\/home\/wp-json\/wp\/v2\/users\/4"}],"replies":[{"embeddable":true,"href":"https:\/\/jornalboasnoticias.com.br\/home\/wp-json\/wp\/v2\/comments?post=43565"}],"version-history":[{"count":1,"href":"https:\/\/jornalboasnoticias.com.br\/home\/wp-json\/wp\/v2\/posts\/43565\/revisions"}],"predecessor-version":[{"id":43567,"href":"https:\/\/jornalboasnoticias.com.br\/home\/wp-json\/wp\/v2\/posts\/43565\/revisions\/43567"}],"wp:featuredmedia":[{"embeddable":true,"href":"https:\/\/jornalboasnoticias.com.br\/home\/wp-json\/wp\/v2\/media\/43566"}],"wp:attachment":[{"href":"https:\/\/jornalboasnoticias.com.br\/home\/wp-json\/wp\/v2\/media?parent=43565"}],"wp:term":[{"taxonomy":"category","embeddable":true,"href":"https:\/\/jornalboasnoticias.com.br\/home\/wp-json\/wp\/v2\/categories?post=43565"},{"taxonomy":"post_tag","embeddable":true,"href":"https:\/\/jornalboasnoticias.com.br\/home\/wp-json\/wp\/v2\/tags?post=43565"}],"curies":[{"name":"wp","href":"https:\/\/api.w.org\/{rel}","templated":true}]}}