{"id":43561,"date":"2024-09-02T11:59:16","date_gmt":"2024-09-02T11:59:16","guid":{"rendered":"https:\/\/jornalboasnoticias.com.br\/home\/?p=43561"},"modified":"2024-09-02T12:35:37","modified_gmt":"2024-09-02T12:35:37","slug":"pastor-paulo-lemos-denuncia-praticas-abusivas-na-comunidade-crista-aliancados","status":"publish","type":"post","link":"https:\/\/jornalboasnoticias.com.br\/home\/pastor-paulo-lemos-denuncia-praticas-abusivas-na-comunidade-crista-aliancados\/","title":{"rendered":"Pastor Paulo Lemos denuncia pr\u00e1ticas abusivas na Comunidade Crist\u00e3 Alian\u00e7ados"},"content":{"rendered":"<figure id=\"attachment_43562\" aria-describedby=\"caption-attachment-43562\" style=\"width: 1280px\" class=\"wp-caption alignnone\"><img loading=\"lazy\" decoding=\"async\" class=\"wp-image-43562 size-full\" src=\"https:\/\/jornalboasnoticias.com.br\/home\/wp-content\/uploads\/2024\/09\/Pastor-Paulo-Lemos-@Ana-Laura-Menegat.webp\" alt=\"\" width=\"1280\" height=\"856\" srcset=\"https:\/\/jornalboasnoticias.com.br\/home\/wp-content\/uploads\/2024\/09\/Pastor-Paulo-Lemos-@Ana-Laura-Menegat.webp 1280w, https:\/\/jornalboasnoticias.com.br\/home\/wp-content\/uploads\/2024\/09\/Pastor-Paulo-Lemos-@Ana-Laura-Menegat-300x201.webp 300w, https:\/\/jornalboasnoticias.com.br\/home\/wp-content\/uploads\/2024\/09\/Pastor-Paulo-Lemos-@Ana-Laura-Menegat-1024x685.webp 1024w, https:\/\/jornalboasnoticias.com.br\/home\/wp-content\/uploads\/2024\/09\/Pastor-Paulo-Lemos-@Ana-Laura-Menegat-768x514.webp 768w\" sizes=\"auto, (max-width: 1280px) 100vw, 1280px\" \/><figcaption id=\"caption-attachment-43562\" class=\"wp-caption-text\">Foto: @Ana Laura Menegat<\/figcaption><\/figure>\n<p><em><strong>Mato Grosso do Sul<\/strong> <\/em>\u2013 O pastor Paulo Lemos, ex-membro da Comunidade Crist\u00e3 Alian\u00e7ados, em Mato Grosso do Sul, publicou uma nota de esclarecimento no \u00faltimo domingo (25), detalhando as circunst\u00e2ncias de seu desligamento da igreja. Em sua declara\u00e7\u00e3o, Lemos exp\u00f4s uma s\u00e9rie de pr\u00e1ticas que, segundo ele, v\u00eam sendo adotadas pela lideran\u00e7a da igreja, causando ass\u00e9dio moral e a destrui\u00e7\u00e3o da imagem de diversos pastores ao longo dos anos.<\/p>\n<p>Na nota, Paulo Lemos afirma que pelo menos 40 pastores foram demitidos da Comunidade Crist\u00e3 Alian\u00e7ados em circunst\u00e2ncias semelhantes. Segundo o pastor, as a\u00e7\u00f5es da lideran\u00e7a s\u00e3o dirigidas contra l\u00edderes religiosos que &#8220;sabiam demais&#8221; ou que obtinham &#8220;mais visibilidade e fama&#8221; do que era considerado aceit\u00e1vel pelos dirigentes da igreja.<\/p>\n<h3>Principais den\u00fancias feitas por Paulo Lemos:<\/h3>\n<p><strong>1. Ass\u00e9dio Moral Cont\u00ednuo<\/strong><br \/>\nLemos acusa a lideran\u00e7a da igreja de adotar pr\u00e1ticas de ass\u00e9dio moral para desestabilizar emocionalmente os pastores que se destacavam na comunidade. Segundo ele, essas pr\u00e1ticas inclu\u00edam press\u00f5es psicol\u00f3gicas e manipula\u00e7\u00f5es para criar um ambiente hostil e insustent\u00e1vel para os l\u00edderes religiosos.<\/p>\n<p><strong>2. Destrui\u00e7\u00e3o de Imagem<\/strong><br \/>\nDe acordo com o pastor, as demiss\u00f5es dos l\u00edderes eram frequentemente seguidas por campanhas internas destinadas a destruir a reputa\u00e7\u00e3o dos pastores desligados. Lemos afirma que os ex-pastores eram publicamente desacreditados, o que minava sua credibilidade e os deixava isolados dentro da comunidade.<\/p>\n<p><strong>3. Crises Financeiras<\/strong><br \/>\nLemos tamb\u00e9m relatou que os afastamentos e os esc\u00e2ndalos envolvendo pastores coincidiram com momentos de crise financeira na igreja. Em alguns casos, os pastores desligados eram responsabilizados pelo desaparecimento de dinheiro, o que justificava suas demiss\u00f5es e aumentava a press\u00e3o sobre eles.<\/p>\n<p><strong>4. Manipula\u00e7\u00e3o e Difama\u00e7\u00e3o<\/strong><br \/>\nAp\u00f3s sua separa\u00e7\u00e3o da igreja, Lemos afirma que foi acusado injustamente de manipula\u00e7\u00e3o e difama\u00e7\u00e3o, acusa\u00e7\u00f5es que, segundo ele, foram usadas como justificativas para seu afastamento e desmoraliza\u00e7\u00e3o dentro da comunidade.<\/p>\n<p><strong>5. Exposi\u00e7\u00e3o de Quest\u00f5es Pessoais<\/strong><br \/>\nO pastor tamb\u00e9m denunciou que quest\u00f5es pessoais, discutidas durante reuni\u00f5es privadas em gabinete pastoral, foram expostas publicamente pela lideran\u00e7a. Essa pr\u00e1tica, de acordo com Lemos, agravou ainda mais o constrangimento e a press\u00e3o sobre ele.<\/p>\n<p><strong>6. Desrespeito \u00e0 Honra Pessoal<\/strong><br \/>\nEm sua nota, Lemos lamentou as in\u00fameras acusa\u00e7\u00f5es infundadas feitas contra ele e ressaltou que sua conduta sempre foi pautada pela transpar\u00eancia e lealdade \u00e0 igreja. Ele expressou tristeza pelo desfecho dos eventos, mas reafirmou sua f\u00e9 nos princ\u00edpios crist\u00e3os que defende.<\/p>\n<p>A nota de esclarecimento publicada por Paulo Lemos gerou grande repercuss\u00e3o nas redes sociais, atraindo centenas de coment\u00e1rios, muitos dos quais de pessoas que alegam ter passado por experi\u00eancias semelhantes na Comunidade Crist\u00e3 Alian\u00e7ados. At\u00e9 o momento, a lideran\u00e7a da igreja n\u00e3o se pronunciou oficialmente sobre as den\u00fancias feitas por Lemos.<\/p>\n<p>O pastor finalizou sua declara\u00e7\u00e3o pedindo desculpas por qualquer m\u00e1goa causada e pediu perd\u00e3o em nome de Jesus, enfatizando que n\u00e3o guarda rancor em seu cora\u00e7\u00e3o. Ele refor\u00e7ou seu compromisso com os princ\u00edpios crist\u00e3os e com uma conduta pautada pela \u00e9tica e pela transpar\u00eancia.<\/p>\n<p><em><strong>Posi\u00e7\u00e3o da Alian\u00e7ados:\u00a0<\/strong><\/em><\/p>\n<p>Ao site Campo Grande News, a Igreja Alian\u00e7ados infomou que diferentemente do quanto alegado, o Pastor Paulo Lemos n\u00e3o foi expulso da Comunidade Crist\u00e3 Alian\u00e7ados. \u201cEle foi destitu\u00eddo dos cargos que exercia de forma volunt\u00e1ria e, por m\u00e1 conduta, este foi afastado de suas atividades, nos termos do C\u00f3digo de \u00c9tica da institui\u00e7\u00e3o. Ap\u00f3s isso, o pr\u00f3prio optou em sair desta igreja, jamais sendo expulso. Referidas afirma\u00e7\u00f5es de expuls\u00e3o s\u00e3o meras ila\u00e7\u00f5es. Adicionalmente, cumpre destacar que o Pastor Paulo, assim como todos os demais pastores desta congrega\u00e7\u00e3o, servem neste minist\u00e9rio de forma volunt\u00e1ria, e nos termos da Lei do Voluntariado, percebendo, t\u00e3o somente ajuda de custo para despesas realizadas no exerc\u00edcio deste of\u00edcio volunt\u00e1rio, estando estas vinculadas ao exerc\u00edcio desta atividade desempenhada&#8221;.<\/p>\n<p>Sobre o grupo do WhatsApp onde pastores s\u00e3o &#8220;cobrados&#8221; por resultados, a Alian\u00e7ados diz que conforme disposto em seu Estatuto Social, a igreja tem por objetivo divulgar o evangelho do Senhor Jesus Cristo, em todo o territ\u00f3rio nacional e fora dele, por meio da multiplica\u00e7\u00e3o de igrejas e de l\u00edderes para a consecu\u00e7\u00e3o desse fim, sem quaisquer fins lucrativos.<\/p>\n<p>&#8220;Dessa forma, as afirma\u00e7\u00f5es que esta institui\u00e7\u00e3o tenha como foco a arrecada\u00e7\u00e3o financeira mostra-se, unicamente, para denegrir a sua imagem, por meio de in\u00fameras fake News. Ademais, conforme j\u00e1 esclarecido nesta nota, Pastores desta congrega\u00e7\u00e3o, servem neste minist\u00e9rio de forma volunt\u00e1ria, n\u00e3o possuindo estes rela\u00e7\u00e3o trabalhista para serem chamados de &#8216;funcion\u00e1rios&#8217;. Por fim, a afirma\u00e7\u00e3o de que esta institui\u00e7\u00e3o teve &#8216;estrat\u00e9gia de persuadir vizinhos com mimos&#8217; mostra-se mais uma fake News&#8221;.<\/p>\n<p>&nbsp;<\/p>\n","protected":false},"excerpt":{"rendered":"<p>Mato Grosso do Sul \u2013 O pastor Paulo Lemos, ex-membro da Comunidade Crist\u00e3 Alian\u00e7ados, em<\/p>\n","protected":false},"author":4,"featured_media":43562,"comment_status":"open","ping_status":"open","sticky":false,"template":"","format":"standard","meta":{"footnotes":""},"categories":[6,3],"tags":[],"class_list":["post-43561","post","type-post","status-publish","format-standard","has-post-thumbnail","hentry","category-brasil","category-destaques"],"yoast_head":"<!-- This site is optimized with the Yoast SEO plugin v27.5 - https:\/\/yoast.com\/product\/yoast-seo-wordpress\/ -->\n<title>Pastor Paulo Lemos denuncia pr\u00e1ticas abusivas na Comunidade Crist\u00e3 Alian\u00e7ados - Jornal<\/title>\n<meta name=\"description\" content=\"Pastor Paulo Lemos denuncia pr\u00e1ticas abusivas na Comunidade Crist\u00e3 Alian\u00e7ados\" \/>\n<meta name=\"robots\" content=\"index, follow, max-snippet:-1, max-image-preview:large, max-video-preview:-1\" \/>\n<link rel=\"canonical\" href=\"https:\/\/jornalboasnoticias.com.br\/home\/pastor-paulo-lemos-denuncia-praticas-abusivas-na-comunidade-crista-aliancados\/\" \/>\n<meta property=\"og:locale\" content=\"pt_BR\" \/>\n<meta property=\"og:type\" content=\"article\" \/>\n<meta property=\"og:title\" content=\"Pastor Paulo Lemos denuncia pr\u00e1ticas abusivas na Comunidade Crist\u00e3 Alian\u00e7ados - Jornal\" \/>\n<meta property=\"og:description\" content=\"Pastor Paulo Lemos denuncia pr\u00e1ticas abusivas na Comunidade Crist\u00e3 Alian\u00e7ados\" \/>\n<meta property=\"og:url\" content=\"https:\/\/jornalboasnoticias.com.br\/home\/pastor-paulo-lemos-denuncia-praticas-abusivas-na-comunidade-crista-aliancados\/\" \/>\n<meta property=\"og:site_name\" content=\"Jornal\" \/>\n<meta property=\"article:publisher\" content=\"https:\/\/www.facebook.com\/boasnoticiasjornal\" \/>\n<meta property=\"article:published_time\" content=\"2024-09-02T11:59:16+00:00\" \/>\n<meta property=\"article:modified_time\" content=\"2024-09-02T12:35:37+00:00\" \/>\n<meta property=\"og:image\" content=\"https:\/\/jornalboasnoticias.com.br\/home\/wp-content\/uploads\/2024\/09\/Pastor-Paulo-Lemos-@Ana-Laura-Menegat.webp\" \/>\n\t<meta property=\"og:image:width\" content=\"1280\" \/>\n\t<meta property=\"og:image:height\" content=\"856\" \/>\n\t<meta property=\"og:image:type\" content=\"image\/webp\" \/>\n<meta name=\"author\" content=\"Ana Luiza Bonatto\" \/>\n<meta name=\"twitter:card\" content=\"summary_large_image\" \/>\n<meta name=\"twitter:label1\" content=\"Escrito por\" \/>\n\t<meta name=\"twitter:data1\" content=\"Ana Luiza Bonatto\" \/>\n\t<meta name=\"twitter:label2\" content=\"Est. tempo de leitura\" \/>\n\t<meta name=\"twitter:data2\" content=\"5 minutos\" \/>\n<script type=\"application\/ld+json\" class=\"yoast-schema-graph\">{\"@context\":\"https:\\\/\\\/schema.org\",\"@graph\":[{\"@type\":\"Article\",\"@id\":\"https:\\\/\\\/jornalboasnoticias.com.br\\\/home\\\/pastor-paulo-lemos-denuncia-praticas-abusivas-na-comunidade-crista-aliancados\\\/#article\",\"isPartOf\":{\"@id\":\"https:\\\/\\\/jornalboasnoticias.com.br\\\/home\\\/pastor-paulo-lemos-denuncia-praticas-abusivas-na-comunidade-crista-aliancados\\\/\"},\"author\":{\"name\":\"Ana Luiza Bonatto\",\"@id\":\"https:\\\/\\\/jornalboasnoticias.com.br\\\/home\\\/#\\\/schema\\\/person\\\/d641193e0afc6405b390164dac847971\"},\"headline\":\"Pastor Paulo Lemos denuncia pr\u00e1ticas abusivas na Comunidade Crist\u00e3 Alian\u00e7ados\",\"datePublished\":\"2024-09-02T11:59:16+00:00\",\"dateModified\":\"2024-09-02T12:35:37+00:00\",\"mainEntityOfPage\":{\"@id\":\"https:\\\/\\\/jornalboasnoticias.com.br\\\/home\\\/pastor-paulo-lemos-denuncia-praticas-abusivas-na-comunidade-crista-aliancados\\\/\"},\"wordCount\":866,\"commentCount\":0,\"publisher\":{\"@id\":\"https:\\\/\\\/jornalboasnoticias.com.br\\\/home\\\/#organization\"},\"image\":{\"@id\":\"https:\\\/\\\/jornalboasnoticias.com.br\\\/home\\\/pastor-paulo-lemos-denuncia-praticas-abusivas-na-comunidade-crista-aliancados\\\/#primaryimage\"},\"thumbnailUrl\":\"https:\\\/\\\/jornalboasnoticias.com.br\\\/home\\\/wp-content\\\/uploads\\\/2024\\\/09\\\/Pastor-Paulo-Lemos-@Ana-Laura-Menegat.webp\",\"articleSection\":[\"BRASIL\",\"DESTAQUE\"],\"inLanguage\":\"pt-BR\",\"potentialAction\":[{\"@type\":\"CommentAction\",\"name\":\"Comment\",\"target\":[\"https:\\\/\\\/jornalboasnoticias.com.br\\\/home\\\/pastor-paulo-lemos-denuncia-praticas-abusivas-na-comunidade-crista-aliancados\\\/#respond\"]}]},{\"@type\":\"WebPage\",\"@id\":\"https:\\\/\\\/jornalboasnoticias.com.br\\\/home\\\/pastor-paulo-lemos-denuncia-praticas-abusivas-na-comunidade-crista-aliancados\\\/\",\"url\":\"https:\\\/\\\/jornalboasnoticias.com.br\\\/home\\\/pastor-paulo-lemos-denuncia-praticas-abusivas-na-comunidade-crista-aliancados\\\/\",\"name\":\"Pastor Paulo Lemos denuncia pr\u00e1ticas abusivas na Comunidade Crist\u00e3 Alian\u00e7ados - Jornal\",\"isPartOf\":{\"@id\":\"https:\\\/\\\/jornalboasnoticias.com.br\\\/home\\\/#website\"},\"primaryImageOfPage\":{\"@id\":\"https:\\\/\\\/jornalboasnoticias.com.br\\\/home\\\/pastor-paulo-lemos-denuncia-praticas-abusivas-na-comunidade-crista-aliancados\\\/#primaryimage\"},\"image\":{\"@id\":\"https:\\\/\\\/jornalboasnoticias.com.br\\\/home\\\/pastor-paulo-lemos-denuncia-praticas-abusivas-na-comunidade-crista-aliancados\\\/#primaryimage\"},\"thumbnailUrl\":\"https:\\\/\\\/jornalboasnoticias.com.br\\\/home\\\/wp-content\\\/uploads\\\/2024\\\/09\\\/Pastor-Paulo-Lemos-@Ana-Laura-Menegat.webp\",\"datePublished\":\"2024-09-02T11:59:16+00:00\",\"dateModified\":\"2024-09-02T12:35:37+00:00\",\"description\":\"Pastor Paulo Lemos denuncia pr\u00e1ticas abusivas na Comunidade Crist\u00e3 Alian\u00e7ados\",\"breadcrumb\":{\"@id\":\"https:\\\/\\\/jornalboasnoticias.com.br\\\/home\\\/pastor-paulo-lemos-denuncia-praticas-abusivas-na-comunidade-crista-aliancados\\\/#breadcrumb\"},\"inLanguage\":\"pt-BR\",\"potentialAction\":[{\"@type\":\"ReadAction\",\"target\":[\"https:\\\/\\\/jornalboasnoticias.com.br\\\/home\\\/pastor-paulo-lemos-denuncia-praticas-abusivas-na-comunidade-crista-aliancados\\\/\"]}]},{\"@type\":\"ImageObject\",\"inLanguage\":\"pt-BR\",\"@id\":\"https:\\\/\\\/jornalboasnoticias.com.br\\\/home\\\/pastor-paulo-lemos-denuncia-praticas-abusivas-na-comunidade-crista-aliancados\\\/#primaryimage\",\"url\":\"https:\\\/\\\/jornalboasnoticias.com.br\\\/home\\\/wp-content\\\/uploads\\\/2024\\\/09\\\/Pastor-Paulo-Lemos-@Ana-Laura-Menegat.webp\",\"contentUrl\":\"https:\\\/\\\/jornalboasnoticias.com.br\\\/home\\\/wp-content\\\/uploads\\\/2024\\\/09\\\/Pastor-Paulo-Lemos-@Ana-Laura-Menegat.webp\",\"width\":1280,\"height\":856,\"caption\":\"Foto: @Ana Laura Menegat\"},{\"@type\":\"BreadcrumbList\",\"@id\":\"https:\\\/\\\/jornalboasnoticias.com.br\\\/home\\\/pastor-paulo-lemos-denuncia-praticas-abusivas-na-comunidade-crista-aliancados\\\/#breadcrumb\",\"itemListElement\":[{\"@type\":\"ListItem\",\"position\":1,\"name\":\"In\u00edcio\",\"item\":\"https:\\\/\\\/jornalboasnoticias.com.br\\\/home\\\/\"},{\"@type\":\"ListItem\",\"position\":2,\"name\":\"Pastor Paulo Lemos denuncia pr\u00e1ticas abusivas na Comunidade Crist\u00e3 Alian\u00e7ados\"}]},{\"@type\":\"WebSite\",\"@id\":\"https:\\\/\\\/jornalboasnoticias.com.br\\\/home\\\/#website\",\"url\":\"https:\\\/\\\/jornalboasnoticias.com.br\\\/home\\\/\",\"name\":\"Jornal Boas Not\u00edcias\",\"description\":\"Boas not\u00edcias\",\"publisher\":{\"@id\":\"https:\\\/\\\/jornalboasnoticias.com.br\\\/home\\\/#organization\"},\"potentialAction\":[{\"@type\":\"SearchAction\",\"target\":{\"@type\":\"EntryPoint\",\"urlTemplate\":\"https:\\\/\\\/jornalboasnoticias.com.br\\\/home\\\/?s={search_term_string}\"},\"query-input\":{\"@type\":\"PropertyValueSpecification\",\"valueRequired\":true,\"valueName\":\"search_term_string\"}}],\"inLanguage\":\"pt-BR\"},{\"@type\":\"Organization\",\"@id\":\"https:\\\/\\\/jornalboasnoticias.com.br\\\/home\\\/#organization\",\"name\":\"Coq Editora Ltda\",\"alternateName\":\"Jornal Boas Noticias\",\"url\":\"https:\\\/\\\/jornalboasnoticias.com.br\\\/home\\\/\",\"logo\":{\"@type\":\"ImageObject\",\"inLanguage\":\"pt-BR\",\"@id\":\"https:\\\/\\\/jornalboasnoticias.com.br\\\/home\\\/#\\\/schema\\\/logo\\\/image\\\/\",\"url\":\"https:\\\/\\\/jornalboasnoticias.com.br\\\/home\\\/wp-content\\\/uploads\\\/2024\\\/07\\\/cropped-logo.jpg\",\"contentUrl\":\"https:\\\/\\\/jornalboasnoticias.com.br\\\/home\\\/wp-content\\\/uploads\\\/2024\\\/07\\\/cropped-logo.jpg\",\"width\":290,\"height\":142,\"caption\":\"Coq Editora Ltda\"},\"image\":{\"@id\":\"https:\\\/\\\/jornalboasnoticias.com.br\\\/home\\\/#\\\/schema\\\/logo\\\/image\\\/\"},\"sameAs\":[\"https:\\\/\\\/www.facebook.com\\\/boasnoticiasjornal\"]},{\"@type\":\"Person\",\"@id\":\"https:\\\/\\\/jornalboasnoticias.com.br\\\/home\\\/#\\\/schema\\\/person\\\/d641193e0afc6405b390164dac847971\",\"name\":\"Ana Luiza Bonatto\",\"image\":{\"@type\":\"ImageObject\",\"inLanguage\":\"pt-BR\",\"@id\":\"https:\\\/\\\/secure.gravatar.com\\\/avatar\\\/8a055ebe6373371f67ac6fcf313c0ac0b0a91157fdcdb9514fa62927373348f0?s=96&d=mm&r=g\",\"url\":\"https:\\\/\\\/secure.gravatar.com\\\/avatar\\\/8a055ebe6373371f67ac6fcf313c0ac0b0a91157fdcdb9514fa62927373348f0?s=96&d=mm&r=g\",\"contentUrl\":\"https:\\\/\\\/secure.gravatar.com\\\/avatar\\\/8a055ebe6373371f67ac6fcf313c0ac0b0a91157fdcdb9514fa62927373348f0?s=96&d=mm&r=g\",\"caption\":\"Ana Luiza Bonatto\"},\"url\":\"https:\\\/\\\/jornalboasnoticias.com.br\\\/home\\\/author\\\/ana-luiza\\\/\"}]}<\/script>\n<!-- \/ Yoast SEO plugin. -->","yoast_head_json":{"title":"Pastor Paulo Lemos denuncia pr\u00e1ticas abusivas na Comunidade Crist\u00e3 Alian\u00e7ados - Jornal","description":"Pastor Paulo Lemos denuncia pr\u00e1ticas abusivas na Comunidade Crist\u00e3 Alian\u00e7ados","robots":{"index":"index","follow":"follow","max-snippet":"max-snippet:-1","max-image-preview":"max-image-preview:large","max-video-preview":"max-video-preview:-1"},"canonical":"https:\/\/jornalboasnoticias.com.br\/home\/pastor-paulo-lemos-denuncia-praticas-abusivas-na-comunidade-crista-aliancados\/","og_locale":"pt_BR","og_type":"article","og_title":"Pastor Paulo Lemos denuncia pr\u00e1ticas abusivas na Comunidade Crist\u00e3 Alian\u00e7ados - Jornal","og_description":"Pastor Paulo Lemos denuncia pr\u00e1ticas abusivas na Comunidade Crist\u00e3 Alian\u00e7ados","og_url":"https:\/\/jornalboasnoticias.com.br\/home\/pastor-paulo-lemos-denuncia-praticas-abusivas-na-comunidade-crista-aliancados\/","og_site_name":"Jornal","article_publisher":"https:\/\/www.facebook.com\/boasnoticiasjornal","article_published_time":"2024-09-02T11:59:16+00:00","article_modified_time":"2024-09-02T12:35:37+00:00","og_image":[{"width":1280,"height":856,"url":"https:\/\/jornalboasnoticias.com.br\/home\/wp-content\/uploads\/2024\/09\/Pastor-Paulo-Lemos-@Ana-Laura-Menegat.webp","type":"image\/webp"}],"author":"Ana Luiza Bonatto","twitter_card":"summary_large_image","twitter_misc":{"Escrito por":"Ana Luiza Bonatto","Est. tempo de leitura":"5 minutos"},"schema":{"@context":"https:\/\/schema.org","@graph":[{"@type":"Article","@id":"https:\/\/jornalboasnoticias.com.br\/home\/pastor-paulo-lemos-denuncia-praticas-abusivas-na-comunidade-crista-aliancados\/#article","isPartOf":{"@id":"https:\/\/jornalboasnoticias.com.br\/home\/pastor-paulo-lemos-denuncia-praticas-abusivas-na-comunidade-crista-aliancados\/"},"author":{"name":"Ana Luiza Bonatto","@id":"https:\/\/jornalboasnoticias.com.br\/home\/#\/schema\/person\/d641193e0afc6405b390164dac847971"},"headline":"Pastor Paulo Lemos denuncia pr\u00e1ticas abusivas na Comunidade Crist\u00e3 Alian\u00e7ados","datePublished":"2024-09-02T11:59:16+00:00","dateModified":"2024-09-02T12:35:37+00:00","mainEntityOfPage":{"@id":"https:\/\/jornalboasnoticias.com.br\/home\/pastor-paulo-lemos-denuncia-praticas-abusivas-na-comunidade-crista-aliancados\/"},"wordCount":866,"commentCount":0,"publisher":{"@id":"https:\/\/jornalboasnoticias.com.br\/home\/#organization"},"image":{"@id":"https:\/\/jornalboasnoticias.com.br\/home\/pastor-paulo-lemos-denuncia-praticas-abusivas-na-comunidade-crista-aliancados\/#primaryimage"},"thumbnailUrl":"https:\/\/jornalboasnoticias.com.br\/home\/wp-content\/uploads\/2024\/09\/Pastor-Paulo-Lemos-@Ana-Laura-Menegat.webp","articleSection":["BRASIL","DESTAQUE"],"inLanguage":"pt-BR","potentialAction":[{"@type":"CommentAction","name":"Comment","target":["https:\/\/jornalboasnoticias.com.br\/home\/pastor-paulo-lemos-denuncia-praticas-abusivas-na-comunidade-crista-aliancados\/#respond"]}]},{"@type":"WebPage","@id":"https:\/\/jornalboasnoticias.com.br\/home\/pastor-paulo-lemos-denuncia-praticas-abusivas-na-comunidade-crista-aliancados\/","url":"https:\/\/jornalboasnoticias.com.br\/home\/pastor-paulo-lemos-denuncia-praticas-abusivas-na-comunidade-crista-aliancados\/","name":"Pastor Paulo Lemos denuncia pr\u00e1ticas abusivas na Comunidade Crist\u00e3 Alian\u00e7ados - Jornal","isPartOf":{"@id":"https:\/\/jornalboasnoticias.com.br\/home\/#website"},"primaryImageOfPage":{"@id":"https:\/\/jornalboasnoticias.com.br\/home\/pastor-paulo-lemos-denuncia-praticas-abusivas-na-comunidade-crista-aliancados\/#primaryimage"},"image":{"@id":"https:\/\/jornalboasnoticias.com.br\/home\/pastor-paulo-lemos-denuncia-praticas-abusivas-na-comunidade-crista-aliancados\/#primaryimage"},"thumbnailUrl":"https:\/\/jornalboasnoticias.com.br\/home\/wp-content\/uploads\/2024\/09\/Pastor-Paulo-Lemos-@Ana-Laura-Menegat.webp","datePublished":"2024-09-02T11:59:16+00:00","dateModified":"2024-09-02T12:35:37+00:00","description":"Pastor Paulo Lemos denuncia pr\u00e1ticas abusivas na Comunidade Crist\u00e3 Alian\u00e7ados","breadcrumb":{"@id":"https:\/\/jornalboasnoticias.com.br\/home\/pastor-paulo-lemos-denuncia-praticas-abusivas-na-comunidade-crista-aliancados\/#breadcrumb"},"inLanguage":"pt-BR","potentialAction":[{"@type":"ReadAction","target":["https:\/\/jornalboasnoticias.com.br\/home\/pastor-paulo-lemos-denuncia-praticas-abusivas-na-comunidade-crista-aliancados\/"]}]},{"@type":"ImageObject","inLanguage":"pt-BR","@id":"https:\/\/jornalboasnoticias.com.br\/home\/pastor-paulo-lemos-denuncia-praticas-abusivas-na-comunidade-crista-aliancados\/#primaryimage","url":"https:\/\/jornalboasnoticias.com.br\/home\/wp-content\/uploads\/2024\/09\/Pastor-Paulo-Lemos-@Ana-Laura-Menegat.webp","contentUrl":"https:\/\/jornalboasnoticias.com.br\/home\/wp-content\/uploads\/2024\/09\/Pastor-Paulo-Lemos-@Ana-Laura-Menegat.webp","width":1280,"height":856,"caption":"Foto: @Ana Laura Menegat"},{"@type":"BreadcrumbList","@id":"https:\/\/jornalboasnoticias.com.br\/home\/pastor-paulo-lemos-denuncia-praticas-abusivas-na-comunidade-crista-aliancados\/#breadcrumb","itemListElement":[{"@type":"ListItem","position":1,"name":"In\u00edcio","item":"https:\/\/jornalboasnoticias.com.br\/home\/"},{"@type":"ListItem","position":2,"name":"Pastor Paulo Lemos denuncia pr\u00e1ticas abusivas na Comunidade Crist\u00e3 Alian\u00e7ados"}]},{"@type":"WebSite","@id":"https:\/\/jornalboasnoticias.com.br\/home\/#website","url":"https:\/\/jornalboasnoticias.com.br\/home\/","name":"Jornal Boas Not\u00edcias","description":"Boas not\u00edcias","publisher":{"@id":"https:\/\/jornalboasnoticias.com.br\/home\/#organization"},"potentialAction":[{"@type":"SearchAction","target":{"@type":"EntryPoint","urlTemplate":"https:\/\/jornalboasnoticias.com.br\/home\/?s={search_term_string}"},"query-input":{"@type":"PropertyValueSpecification","valueRequired":true,"valueName":"search_term_string"}}],"inLanguage":"pt-BR"},{"@type":"Organization","@id":"https:\/\/jornalboasnoticias.com.br\/home\/#organization","name":"Coq Editora Ltda","alternateName":"Jornal Boas Noticias","url":"https:\/\/jornalboasnoticias.com.br\/home\/","logo":{"@type":"ImageObject","inLanguage":"pt-BR","@id":"https:\/\/jornalboasnoticias.com.br\/home\/#\/schema\/logo\/image\/","url":"https:\/\/jornalboasnoticias.com.br\/home\/wp-content\/uploads\/2024\/07\/cropped-logo.jpg","contentUrl":"https:\/\/jornalboasnoticias.com.br\/home\/wp-content\/uploads\/2024\/07\/cropped-logo.jpg","width":290,"height":142,"caption":"Coq Editora Ltda"},"image":{"@id":"https:\/\/jornalboasnoticias.com.br\/home\/#\/schema\/logo\/image\/"},"sameAs":["https:\/\/www.facebook.com\/boasnoticiasjornal"]},{"@type":"Person","@id":"https:\/\/jornalboasnoticias.com.br\/home\/#\/schema\/person\/d641193e0afc6405b390164dac847971","name":"Ana Luiza Bonatto","image":{"@type":"ImageObject","inLanguage":"pt-BR","@id":"https:\/\/secure.gravatar.com\/avatar\/8a055ebe6373371f67ac6fcf313c0ac0b0a91157fdcdb9514fa62927373348f0?s=96&d=mm&r=g","url":"https:\/\/secure.gravatar.com\/avatar\/8a055ebe6373371f67ac6fcf313c0ac0b0a91157fdcdb9514fa62927373348f0?s=96&d=mm&r=g","contentUrl":"https:\/\/secure.gravatar.com\/avatar\/8a055ebe6373371f67ac6fcf313c0ac0b0a91157fdcdb9514fa62927373348f0?s=96&d=mm&r=g","caption":"Ana Luiza Bonatto"},"url":"https:\/\/jornalboasnoticias.com.br\/home\/author\/ana-luiza\/"}]}},"_links":{"self":[{"href":"https:\/\/jornalboasnoticias.com.br\/home\/wp-json\/wp\/v2\/posts\/43561","targetHints":{"allow":["GET"]}}],"collection":[{"href":"https:\/\/jornalboasnoticias.com.br\/home\/wp-json\/wp\/v2\/posts"}],"about":[{"href":"https:\/\/jornalboasnoticias.com.br\/home\/wp-json\/wp\/v2\/types\/post"}],"author":[{"embeddable":true,"href":"https:\/\/jornalboasnoticias.com.br\/home\/wp-json\/wp\/v2\/users\/4"}],"replies":[{"embeddable":true,"href":"https:\/\/jornalboasnoticias.com.br\/home\/wp-json\/wp\/v2\/comments?post=43561"}],"version-history":[{"count":3,"href":"https:\/\/jornalboasnoticias.com.br\/home\/wp-json\/wp\/v2\/posts\/43561\/revisions"}],"predecessor-version":[{"id":43573,"href":"https:\/\/jornalboasnoticias.com.br\/home\/wp-json\/wp\/v2\/posts\/43561\/revisions\/43573"}],"wp:featuredmedia":[{"embeddable":true,"href":"https:\/\/jornalboasnoticias.com.br\/home\/wp-json\/wp\/v2\/media\/43562"}],"wp:attachment":[{"href":"https:\/\/jornalboasnoticias.com.br\/home\/wp-json\/wp\/v2\/media?parent=43561"}],"wp:term":[{"taxonomy":"category","embeddable":true,"href":"https:\/\/jornalboasnoticias.com.br\/home\/wp-json\/wp\/v2\/categories?post=43561"},{"taxonomy":"post_tag","embeddable":true,"href":"https:\/\/jornalboasnoticias.com.br\/home\/wp-json\/wp\/v2\/tags?post=43561"}],"curies":[{"name":"wp","href":"https:\/\/api.w.org\/{rel}","templated":true}]}}