{"id":43482,"date":"2024-08-26T14:07:34","date_gmt":"2024-08-26T14:07:34","guid":{"rendered":"https:\/\/jornalboasnoticias.com.br\/home\/?p=43482"},"modified":"2024-08-26T14:07:34","modified_gmt":"2024-08-26T14:07:34","slug":"pe-de-meia-pagamento-a-novos-beneficiarios-comeca-nesta-segunda","status":"publish","type":"post","link":"https:\/\/jornalboasnoticias.com.br\/home\/pe-de-meia-pagamento-a-novos-beneficiarios-comeca-nesta-segunda\/","title":{"rendered":"P\u00e9-de-Meia: pagamento a novos benefici\u00e1rios come\u00e7a nesta segunda"},"content":{"rendered":"<div class=\"row\">\n<figure id=\"attachment_43483\" aria-describedby=\"caption-attachment-43483\" style=\"width: 1170px\" class=\"wp-caption alignnone\"><img loading=\"lazy\" decoding=\"async\" class=\"wp-image-43483 size-full\" src=\"https:\/\/jornalboasnoticias.com.br\/home\/wp-content\/uploads\/2024\/08\/30087074745_a7beeefb44_o.webp\" alt=\"\" width=\"1170\" height=\"700\" srcset=\"https:\/\/jornalboasnoticias.com.br\/home\/wp-content\/uploads\/2024\/08\/30087074745_a7beeefb44_o.webp 1170w, https:\/\/jornalboasnoticias.com.br\/home\/wp-content\/uploads\/2024\/08\/30087074745_a7beeefb44_o-300x179.webp 300w, https:\/\/jornalboasnoticias.com.br\/home\/wp-content\/uploads\/2024\/08\/30087074745_a7beeefb44_o-1024x613.webp 1024w, https:\/\/jornalboasnoticias.com.br\/home\/wp-content\/uploads\/2024\/08\/30087074745_a7beeefb44_o-768x459.webp 768w\" sizes=\"auto, (max-width: 1170px) 100vw, 1170px\" \/><figcaption id=\"caption-attachment-43483\" class=\"wp-caption-text\">Foto: \u00a9 Joel Rodrigues\/Ag\u00eancia Bras\u00edlia<\/figcaption><\/figure>\n<p class=\"col-10 offset-1 animated fadeInDown dealy-900 display-8 display-md-8 alt-font font-italic my-1 text-center\">Primeira parcela, de R$ 200, ser\u00e1 paga at\u00e9 segunda-feira (2)<\/p>\n<\/div>\n<p>Come\u00e7a a ser paga nesta segunda-feira (26) a primeira parcela do programa P\u00e9-de-Meia para estudantes do ensino m\u00e9dio p\u00fablico com fam\u00edlias que se inscreveram no Cadastro \u00danico para Programas Sociais do Governo Federal (Cad\u00danico) at\u00e9 15 de junho de 2024.<img decoding=\"async\" src=\"https:\/\/agenciabrasil.ebc.com.br\/ebc.png?id=1609280&amp;o=node\" \/><img decoding=\"async\" src=\"https:\/\/agenciabrasil.ebc.com.br\/ebc.gif?id=1609280&amp;o=node\" \/><\/p>\n<p>De acordo com o calend\u00e1rio do programa, o pagamento da primeira parcela, no valor de R$ 200, segue at\u00e9 a pr\u00f3xima segunda-feira (2) e beneficia estudantes com renda familiar\u00a0<em>per capita<\/em>\u00a0de at\u00e9 meio sal\u00e1rio m\u00ednimo.<\/p>\n<p>As contas dos novos benefici\u00e1rios, de acordo com o Minist\u00e9rio da Educa\u00e7\u00e3o, j\u00e1 foram abertas pela Caixa. \u201cOs estudantes, por\u00e9m, passam a receber o incentivo apenas ap\u00f3s sua inclus\u00e3o no programa, ou seja, n\u00e3o receber\u00e3o retroativamente as quatro parcelas j\u00e1 pagas pelo P\u00e9-de-Meia\u201d, destacou a pasta.<\/p>\n<p>Alunos que j\u00e1 faziam parte do programa tamb\u00e9m recebem, a partir desta segunda-feira, a quinta parcela do incentivo, de acordo com seu m\u00eas de anivers\u00e1rio. O pagamento \u00e9 referente \u00e0 frequ\u00eancia \u00e0s aulas no m\u00eas de maio.<\/p>\n<p>O calend\u00e1rio de pagamentos para esses dois grupos, segundo o minist\u00e9rio, j\u00e1 est\u00e1 definido at\u00e9 o fim do ano. J\u00e1 os alunos da educa\u00e7\u00e3o de jovens e adultos (EJA) passar\u00e3o a participar da poupan\u00e7a do ensino m\u00e9dio em setembro.<\/p>\n<h2>Entenda<\/h2>\n<p>Para receber o benef\u00edcio, \u00e9 preciso que o estudante esteja assistindo \u00e0s aulas com, no m\u00ednimo, 80% de frequ\u00eancia no m\u00eas. A regra \u00e9 v\u00e1lida para todos os p\u00fablicos. Caso a assiduidade esteja abaixo desse patamar, a parcela referente a esse per\u00edodo n\u00e3o ser\u00e1 paga.<\/p>\n<p>De acordo com o minist\u00e9rio, o pagamento \u00e9 normalizado caso, nas pr\u00f3ximas medi\u00e7\u00f5es, o aluno volte a ter frequ\u00eancia m\u00e9dia mensal acima dos 80%. Os estudantes podem conferir seus dados de atendimento \u00e0s aulas na secretaria da escola.<\/p>\n<p>Por meio da chamada poupan\u00e7a do ensino m\u00e9dio, o aluno recebe um incentivo por frequ\u00eancia de R$ 200, al\u00e9m de dep\u00f3sitos de R$ 1 mil ao final de cada ano conclu\u00eddo com aprova\u00e7\u00e3o, que s\u00f3 podem ser sacados ap\u00f3s a formatura no ensino m\u00e9dio.<\/p>\n<p>Os dep\u00f3sitos s\u00e3o feitos pelo minist\u00e9rio\u00a0em uma conta aberta automaticamente pela Caixa para estudantes que cumprem os crit\u00e9rios do programa.<\/p>\n<p>Caso o aluno contemplado seja menor\u202fde\u202fidade,\u202fpara\u202fmovimentar a conta, sacar o\u202fdinheiro ou utilizar\u202fo aplicativo Caixa\u202fTem,\u202f\u00e9\u202fnecess\u00e1rio que o respons\u00e1vel legal\u202fmanifeste autoriza\u00e7\u00e3o por meio do pr\u00f3prio app ou em uma ag\u00eancia banc\u00e1ria.<\/p>\n<p>Se\u202fo aluno tiver\u202f18 anos ou mais, a conta j\u00e1 estar\u00e1\u202fdesbloqueada\u202fpara utiliza\u00e7\u00e3o do valor recebido.<\/p>\n<p>Institu\u00eddo pela\u202f<a href=\"https:\/\/www.planalto.gov.br\/ccivil_03\/_Ato2023-2026\/2024\/Lei\/L14818.htm\" target=\"_blank\" rel=\"noopener\">Lei\u202fn\u00ba\u202f14.818\/2024<\/a>, o\u202fP\u00e9-de-Meia\u202f\u00e9 um programa\u202fde\u202fincentivo financeiro-educacional, na modalidade\u202fpoupan\u00e7a,\u202fdestinado a promover a perman\u00eancia e a conclus\u00e3o escolar\u202fde\u202fpessoas\u202fmatriculadas no ensino m\u00e9dio p\u00fablico.<\/p>\n<p>\u201cO objetivo \u00e9\u202fdemocratizar o acesso e reduzir a\u202fdesigualdade\u202fsocial entre os jovens do ensino m\u00e9dio, al\u00e9m\u202fde\u202fpromover mais inclus\u00e3o social pela educa\u00e7\u00e3o, estimulando a mobilidade\u202fsocial\u201d, destacou o minist\u00e9rio.<\/p>\n","protected":false},"excerpt":{"rendered":"<p>Primeira parcela, de R$ 200, ser\u00e1 paga at\u00e9 segunda-feira (2) Come\u00e7a a ser paga nesta<\/p>\n","protected":false},"author":4,"featured_media":43483,"comment_status":"open","ping_status":"open","sticky":false,"template":"","format":"standard","meta":{"footnotes":""},"categories":[3,8],"tags":[],"class_list":["post-43482","post","type-post","status-publish","format-standard","has-post-thumbnail","hentry","category-destaques","category-educacao"],"yoast_head":"<!-- This site is optimized with the Yoast SEO plugin v27.5 - https:\/\/yoast.com\/product\/yoast-seo-wordpress\/ -->\n<title>P\u00e9-de-Meia: pagamento a novos benefici\u00e1rios come\u00e7a nesta segunda - Jornal<\/title>\n<meta name=\"description\" content=\"P\u00e9-de-Meia: pagamento a novos benefici\u00e1rios come\u00e7a nesta segunda\" \/>\n<meta name=\"robots\" content=\"index, follow, max-snippet:-1, max-image-preview:large, max-video-preview:-1\" \/>\n<link rel=\"canonical\" href=\"https:\/\/jornalboasnoticias.com.br\/home\/pe-de-meia-pagamento-a-novos-beneficiarios-comeca-nesta-segunda\/\" \/>\n<meta property=\"og:locale\" content=\"pt_BR\" \/>\n<meta property=\"og:type\" content=\"article\" \/>\n<meta property=\"og:title\" content=\"P\u00e9-de-Meia: pagamento a novos benefici\u00e1rios come\u00e7a nesta segunda - Jornal\" \/>\n<meta property=\"og:description\" content=\"P\u00e9-de-Meia: pagamento a novos benefici\u00e1rios come\u00e7a nesta segunda\" \/>\n<meta property=\"og:url\" content=\"https:\/\/jornalboasnoticias.com.br\/home\/pe-de-meia-pagamento-a-novos-beneficiarios-comeca-nesta-segunda\/\" \/>\n<meta property=\"og:site_name\" content=\"Jornal\" \/>\n<meta property=\"article:publisher\" content=\"https:\/\/www.facebook.com\/boasnoticiasjornal\" \/>\n<meta property=\"article:published_time\" content=\"2024-08-26T14:07:34+00:00\" \/>\n<meta property=\"og:image\" content=\"https:\/\/jornalboasnoticias.com.br\/home\/wp-content\/uploads\/2024\/08\/30087074745_a7beeefb44_o.webp\" \/>\n\t<meta property=\"og:image:width\" content=\"1170\" \/>\n\t<meta property=\"og:image:height\" content=\"700\" \/>\n\t<meta property=\"og:image:type\" content=\"image\/webp\" \/>\n<meta name=\"author\" content=\"Ana Luiza Bonatto\" \/>\n<meta name=\"twitter:card\" content=\"summary_large_image\" \/>\n<meta name=\"twitter:label1\" content=\"Escrito por\" \/>\n\t<meta name=\"twitter:data1\" content=\"Ana Luiza Bonatto\" \/>\n\t<meta name=\"twitter:label2\" content=\"Est. tempo de leitura\" \/>\n\t<meta name=\"twitter:data2\" content=\"4 minutos\" \/>\n<script type=\"application\/ld+json\" class=\"yoast-schema-graph\">{\"@context\":\"https:\\\/\\\/schema.org\",\"@graph\":[{\"@type\":\"Article\",\"@id\":\"https:\\\/\\\/jornalboasnoticias.com.br\\\/home\\\/pe-de-meia-pagamento-a-novos-beneficiarios-comeca-nesta-segunda\\\/#article\",\"isPartOf\":{\"@id\":\"https:\\\/\\\/jornalboasnoticias.com.br\\\/home\\\/pe-de-meia-pagamento-a-novos-beneficiarios-comeca-nesta-segunda\\\/\"},\"author\":{\"name\":\"Ana Luiza Bonatto\",\"@id\":\"https:\\\/\\\/jornalboasnoticias.com.br\\\/home\\\/#\\\/schema\\\/person\\\/d641193e0afc6405b390164dac847971\"},\"headline\":\"P\u00e9-de-Meia: pagamento a novos benefici\u00e1rios come\u00e7a nesta segunda\",\"datePublished\":\"2024-08-26T14:07:34+00:00\",\"mainEntityOfPage\":{\"@id\":\"https:\\\/\\\/jornalboasnoticias.com.br\\\/home\\\/pe-de-meia-pagamento-a-novos-beneficiarios-comeca-nesta-segunda\\\/\"},\"wordCount\":557,\"commentCount\":0,\"publisher\":{\"@id\":\"https:\\\/\\\/jornalboasnoticias.com.br\\\/home\\\/#organization\"},\"image\":{\"@id\":\"https:\\\/\\\/jornalboasnoticias.com.br\\\/home\\\/pe-de-meia-pagamento-a-novos-beneficiarios-comeca-nesta-segunda\\\/#primaryimage\"},\"thumbnailUrl\":\"https:\\\/\\\/jornalboasnoticias.com.br\\\/home\\\/wp-content\\\/uploads\\\/2024\\\/08\\\/30087074745_a7beeefb44_o.webp\",\"articleSection\":[\"DESTAQUE\",\"EDUCA\u00c7\u00c3O\"],\"inLanguage\":\"pt-BR\",\"potentialAction\":[{\"@type\":\"CommentAction\",\"name\":\"Comment\",\"target\":[\"https:\\\/\\\/jornalboasnoticias.com.br\\\/home\\\/pe-de-meia-pagamento-a-novos-beneficiarios-comeca-nesta-segunda\\\/#respond\"]}]},{\"@type\":\"WebPage\",\"@id\":\"https:\\\/\\\/jornalboasnoticias.com.br\\\/home\\\/pe-de-meia-pagamento-a-novos-beneficiarios-comeca-nesta-segunda\\\/\",\"url\":\"https:\\\/\\\/jornalboasnoticias.com.br\\\/home\\\/pe-de-meia-pagamento-a-novos-beneficiarios-comeca-nesta-segunda\\\/\",\"name\":\"P\u00e9-de-Meia: pagamento a novos benefici\u00e1rios come\u00e7a nesta segunda - Jornal\",\"isPartOf\":{\"@id\":\"https:\\\/\\\/jornalboasnoticias.com.br\\\/home\\\/#website\"},\"primaryImageOfPage\":{\"@id\":\"https:\\\/\\\/jornalboasnoticias.com.br\\\/home\\\/pe-de-meia-pagamento-a-novos-beneficiarios-comeca-nesta-segunda\\\/#primaryimage\"},\"image\":{\"@id\":\"https:\\\/\\\/jornalboasnoticias.com.br\\\/home\\\/pe-de-meia-pagamento-a-novos-beneficiarios-comeca-nesta-segunda\\\/#primaryimage\"},\"thumbnailUrl\":\"https:\\\/\\\/jornalboasnoticias.com.br\\\/home\\\/wp-content\\\/uploads\\\/2024\\\/08\\\/30087074745_a7beeefb44_o.webp\",\"datePublished\":\"2024-08-26T14:07:34+00:00\",\"description\":\"P\u00e9-de-Meia: pagamento a novos benefici\u00e1rios come\u00e7a nesta segunda\",\"breadcrumb\":{\"@id\":\"https:\\\/\\\/jornalboasnoticias.com.br\\\/home\\\/pe-de-meia-pagamento-a-novos-beneficiarios-comeca-nesta-segunda\\\/#breadcrumb\"},\"inLanguage\":\"pt-BR\",\"potentialAction\":[{\"@type\":\"ReadAction\",\"target\":[\"https:\\\/\\\/jornalboasnoticias.com.br\\\/home\\\/pe-de-meia-pagamento-a-novos-beneficiarios-comeca-nesta-segunda\\\/\"]}]},{\"@type\":\"ImageObject\",\"inLanguage\":\"pt-BR\",\"@id\":\"https:\\\/\\\/jornalboasnoticias.com.br\\\/home\\\/pe-de-meia-pagamento-a-novos-beneficiarios-comeca-nesta-segunda\\\/#primaryimage\",\"url\":\"https:\\\/\\\/jornalboasnoticias.com.br\\\/home\\\/wp-content\\\/uploads\\\/2024\\\/08\\\/30087074745_a7beeefb44_o.webp\",\"contentUrl\":\"https:\\\/\\\/jornalboasnoticias.com.br\\\/home\\\/wp-content\\\/uploads\\\/2024\\\/08\\\/30087074745_a7beeefb44_o.webp\",\"width\":1170,\"height\":700},{\"@type\":\"BreadcrumbList\",\"@id\":\"https:\\\/\\\/jornalboasnoticias.com.br\\\/home\\\/pe-de-meia-pagamento-a-novos-beneficiarios-comeca-nesta-segunda\\\/#breadcrumb\",\"itemListElement\":[{\"@type\":\"ListItem\",\"position\":1,\"name\":\"In\u00edcio\",\"item\":\"https:\\\/\\\/jornalboasnoticias.com.br\\\/home\\\/\"},{\"@type\":\"ListItem\",\"position\":2,\"name\":\"P\u00e9-de-Meia: pagamento a novos benefici\u00e1rios come\u00e7a nesta segunda\"}]},{\"@type\":\"WebSite\",\"@id\":\"https:\\\/\\\/jornalboasnoticias.com.br\\\/home\\\/#website\",\"url\":\"https:\\\/\\\/jornalboasnoticias.com.br\\\/home\\\/\",\"name\":\"Jornal Boas Not\u00edcias\",\"description\":\"Boas not\u00edcias\",\"publisher\":{\"@id\":\"https:\\\/\\\/jornalboasnoticias.com.br\\\/home\\\/#organization\"},\"potentialAction\":[{\"@type\":\"SearchAction\",\"target\":{\"@type\":\"EntryPoint\",\"urlTemplate\":\"https:\\\/\\\/jornalboasnoticias.com.br\\\/home\\\/?s={search_term_string}\"},\"query-input\":{\"@type\":\"PropertyValueSpecification\",\"valueRequired\":true,\"valueName\":\"search_term_string\"}}],\"inLanguage\":\"pt-BR\"},{\"@type\":\"Organization\",\"@id\":\"https:\\\/\\\/jornalboasnoticias.com.br\\\/home\\\/#organization\",\"name\":\"Coq Editora Ltda\",\"alternateName\":\"Jornal Boas Noticias\",\"url\":\"https:\\\/\\\/jornalboasnoticias.com.br\\\/home\\\/\",\"logo\":{\"@type\":\"ImageObject\",\"inLanguage\":\"pt-BR\",\"@id\":\"https:\\\/\\\/jornalboasnoticias.com.br\\\/home\\\/#\\\/schema\\\/logo\\\/image\\\/\",\"url\":\"https:\\\/\\\/jornalboasnoticias.com.br\\\/home\\\/wp-content\\\/uploads\\\/2024\\\/07\\\/cropped-logo.jpg\",\"contentUrl\":\"https:\\\/\\\/jornalboasnoticias.com.br\\\/home\\\/wp-content\\\/uploads\\\/2024\\\/07\\\/cropped-logo.jpg\",\"width\":290,\"height\":142,\"caption\":\"Coq Editora Ltda\"},\"image\":{\"@id\":\"https:\\\/\\\/jornalboasnoticias.com.br\\\/home\\\/#\\\/schema\\\/logo\\\/image\\\/\"},\"sameAs\":[\"https:\\\/\\\/www.facebook.com\\\/boasnoticiasjornal\"]},{\"@type\":\"Person\",\"@id\":\"https:\\\/\\\/jornalboasnoticias.com.br\\\/home\\\/#\\\/schema\\\/person\\\/d641193e0afc6405b390164dac847971\",\"name\":\"Ana Luiza Bonatto\",\"image\":{\"@type\":\"ImageObject\",\"inLanguage\":\"pt-BR\",\"@id\":\"https:\\\/\\\/secure.gravatar.com\\\/avatar\\\/8a055ebe6373371f67ac6fcf313c0ac0b0a91157fdcdb9514fa62927373348f0?s=96&d=mm&r=g\",\"url\":\"https:\\\/\\\/secure.gravatar.com\\\/avatar\\\/8a055ebe6373371f67ac6fcf313c0ac0b0a91157fdcdb9514fa62927373348f0?s=96&d=mm&r=g\",\"contentUrl\":\"https:\\\/\\\/secure.gravatar.com\\\/avatar\\\/8a055ebe6373371f67ac6fcf313c0ac0b0a91157fdcdb9514fa62927373348f0?s=96&d=mm&r=g\",\"caption\":\"Ana Luiza Bonatto\"},\"url\":\"https:\\\/\\\/jornalboasnoticias.com.br\\\/home\\\/author\\\/ana-luiza\\\/\"}]}<\/script>\n<!-- \/ Yoast SEO plugin. -->","yoast_head_json":{"title":"P\u00e9-de-Meia: pagamento a novos benefici\u00e1rios come\u00e7a nesta segunda - Jornal","description":"P\u00e9-de-Meia: pagamento a novos benefici\u00e1rios come\u00e7a nesta segunda","robots":{"index":"index","follow":"follow","max-snippet":"max-snippet:-1","max-image-preview":"max-image-preview:large","max-video-preview":"max-video-preview:-1"},"canonical":"https:\/\/jornalboasnoticias.com.br\/home\/pe-de-meia-pagamento-a-novos-beneficiarios-comeca-nesta-segunda\/","og_locale":"pt_BR","og_type":"article","og_title":"P\u00e9-de-Meia: pagamento a novos benefici\u00e1rios come\u00e7a nesta segunda - Jornal","og_description":"P\u00e9-de-Meia: pagamento a novos benefici\u00e1rios come\u00e7a nesta segunda","og_url":"https:\/\/jornalboasnoticias.com.br\/home\/pe-de-meia-pagamento-a-novos-beneficiarios-comeca-nesta-segunda\/","og_site_name":"Jornal","article_publisher":"https:\/\/www.facebook.com\/boasnoticiasjornal","article_published_time":"2024-08-26T14:07:34+00:00","og_image":[{"width":1170,"height":700,"url":"https:\/\/jornalboasnoticias.com.br\/home\/wp-content\/uploads\/2024\/08\/30087074745_a7beeefb44_o.webp","type":"image\/webp"}],"author":"Ana Luiza Bonatto","twitter_card":"summary_large_image","twitter_misc":{"Escrito por":"Ana Luiza Bonatto","Est. tempo de leitura":"4 minutos"},"schema":{"@context":"https:\/\/schema.org","@graph":[{"@type":"Article","@id":"https:\/\/jornalboasnoticias.com.br\/home\/pe-de-meia-pagamento-a-novos-beneficiarios-comeca-nesta-segunda\/#article","isPartOf":{"@id":"https:\/\/jornalboasnoticias.com.br\/home\/pe-de-meia-pagamento-a-novos-beneficiarios-comeca-nesta-segunda\/"},"author":{"name":"Ana Luiza Bonatto","@id":"https:\/\/jornalboasnoticias.com.br\/home\/#\/schema\/person\/d641193e0afc6405b390164dac847971"},"headline":"P\u00e9-de-Meia: pagamento a novos benefici\u00e1rios come\u00e7a nesta segunda","datePublished":"2024-08-26T14:07:34+00:00","mainEntityOfPage":{"@id":"https:\/\/jornalboasnoticias.com.br\/home\/pe-de-meia-pagamento-a-novos-beneficiarios-comeca-nesta-segunda\/"},"wordCount":557,"commentCount":0,"publisher":{"@id":"https:\/\/jornalboasnoticias.com.br\/home\/#organization"},"image":{"@id":"https:\/\/jornalboasnoticias.com.br\/home\/pe-de-meia-pagamento-a-novos-beneficiarios-comeca-nesta-segunda\/#primaryimage"},"thumbnailUrl":"https:\/\/jornalboasnoticias.com.br\/home\/wp-content\/uploads\/2024\/08\/30087074745_a7beeefb44_o.webp","articleSection":["DESTAQUE","EDUCA\u00c7\u00c3O"],"inLanguage":"pt-BR","potentialAction":[{"@type":"CommentAction","name":"Comment","target":["https:\/\/jornalboasnoticias.com.br\/home\/pe-de-meia-pagamento-a-novos-beneficiarios-comeca-nesta-segunda\/#respond"]}]},{"@type":"WebPage","@id":"https:\/\/jornalboasnoticias.com.br\/home\/pe-de-meia-pagamento-a-novos-beneficiarios-comeca-nesta-segunda\/","url":"https:\/\/jornalboasnoticias.com.br\/home\/pe-de-meia-pagamento-a-novos-beneficiarios-comeca-nesta-segunda\/","name":"P\u00e9-de-Meia: pagamento a novos benefici\u00e1rios come\u00e7a nesta segunda - Jornal","isPartOf":{"@id":"https:\/\/jornalboasnoticias.com.br\/home\/#website"},"primaryImageOfPage":{"@id":"https:\/\/jornalboasnoticias.com.br\/home\/pe-de-meia-pagamento-a-novos-beneficiarios-comeca-nesta-segunda\/#primaryimage"},"image":{"@id":"https:\/\/jornalboasnoticias.com.br\/home\/pe-de-meia-pagamento-a-novos-beneficiarios-comeca-nesta-segunda\/#primaryimage"},"thumbnailUrl":"https:\/\/jornalboasnoticias.com.br\/home\/wp-content\/uploads\/2024\/08\/30087074745_a7beeefb44_o.webp","datePublished":"2024-08-26T14:07:34+00:00","description":"P\u00e9-de-Meia: pagamento a novos benefici\u00e1rios come\u00e7a nesta segunda","breadcrumb":{"@id":"https:\/\/jornalboasnoticias.com.br\/home\/pe-de-meia-pagamento-a-novos-beneficiarios-comeca-nesta-segunda\/#breadcrumb"},"inLanguage":"pt-BR","potentialAction":[{"@type":"ReadAction","target":["https:\/\/jornalboasnoticias.com.br\/home\/pe-de-meia-pagamento-a-novos-beneficiarios-comeca-nesta-segunda\/"]}]},{"@type":"ImageObject","inLanguage":"pt-BR","@id":"https:\/\/jornalboasnoticias.com.br\/home\/pe-de-meia-pagamento-a-novos-beneficiarios-comeca-nesta-segunda\/#primaryimage","url":"https:\/\/jornalboasnoticias.com.br\/home\/wp-content\/uploads\/2024\/08\/30087074745_a7beeefb44_o.webp","contentUrl":"https:\/\/jornalboasnoticias.com.br\/home\/wp-content\/uploads\/2024\/08\/30087074745_a7beeefb44_o.webp","width":1170,"height":700},{"@type":"BreadcrumbList","@id":"https:\/\/jornalboasnoticias.com.br\/home\/pe-de-meia-pagamento-a-novos-beneficiarios-comeca-nesta-segunda\/#breadcrumb","itemListElement":[{"@type":"ListItem","position":1,"name":"In\u00edcio","item":"https:\/\/jornalboasnoticias.com.br\/home\/"},{"@type":"ListItem","position":2,"name":"P\u00e9-de-Meia: pagamento a novos benefici\u00e1rios come\u00e7a nesta segunda"}]},{"@type":"WebSite","@id":"https:\/\/jornalboasnoticias.com.br\/home\/#website","url":"https:\/\/jornalboasnoticias.com.br\/home\/","name":"Jornal Boas Not\u00edcias","description":"Boas not\u00edcias","publisher":{"@id":"https:\/\/jornalboasnoticias.com.br\/home\/#organization"},"potentialAction":[{"@type":"SearchAction","target":{"@type":"EntryPoint","urlTemplate":"https:\/\/jornalboasnoticias.com.br\/home\/?s={search_term_string}"},"query-input":{"@type":"PropertyValueSpecification","valueRequired":true,"valueName":"search_term_string"}}],"inLanguage":"pt-BR"},{"@type":"Organization","@id":"https:\/\/jornalboasnoticias.com.br\/home\/#organization","name":"Coq Editora Ltda","alternateName":"Jornal Boas Noticias","url":"https:\/\/jornalboasnoticias.com.br\/home\/","logo":{"@type":"ImageObject","inLanguage":"pt-BR","@id":"https:\/\/jornalboasnoticias.com.br\/home\/#\/schema\/logo\/image\/","url":"https:\/\/jornalboasnoticias.com.br\/home\/wp-content\/uploads\/2024\/07\/cropped-logo.jpg","contentUrl":"https:\/\/jornalboasnoticias.com.br\/home\/wp-content\/uploads\/2024\/07\/cropped-logo.jpg","width":290,"height":142,"caption":"Coq Editora Ltda"},"image":{"@id":"https:\/\/jornalboasnoticias.com.br\/home\/#\/schema\/logo\/image\/"},"sameAs":["https:\/\/www.facebook.com\/boasnoticiasjornal"]},{"@type":"Person","@id":"https:\/\/jornalboasnoticias.com.br\/home\/#\/schema\/person\/d641193e0afc6405b390164dac847971","name":"Ana Luiza Bonatto","image":{"@type":"ImageObject","inLanguage":"pt-BR","@id":"https:\/\/secure.gravatar.com\/avatar\/8a055ebe6373371f67ac6fcf313c0ac0b0a91157fdcdb9514fa62927373348f0?s=96&d=mm&r=g","url":"https:\/\/secure.gravatar.com\/avatar\/8a055ebe6373371f67ac6fcf313c0ac0b0a91157fdcdb9514fa62927373348f0?s=96&d=mm&r=g","contentUrl":"https:\/\/secure.gravatar.com\/avatar\/8a055ebe6373371f67ac6fcf313c0ac0b0a91157fdcdb9514fa62927373348f0?s=96&d=mm&r=g","caption":"Ana Luiza Bonatto"},"url":"https:\/\/jornalboasnoticias.com.br\/home\/author\/ana-luiza\/"}]}},"_links":{"self":[{"href":"https:\/\/jornalboasnoticias.com.br\/home\/wp-json\/wp\/v2\/posts\/43482","targetHints":{"allow":["GET"]}}],"collection":[{"href":"https:\/\/jornalboasnoticias.com.br\/home\/wp-json\/wp\/v2\/posts"}],"about":[{"href":"https:\/\/jornalboasnoticias.com.br\/home\/wp-json\/wp\/v2\/types\/post"}],"author":[{"embeddable":true,"href":"https:\/\/jornalboasnoticias.com.br\/home\/wp-json\/wp\/v2\/users\/4"}],"replies":[{"embeddable":true,"href":"https:\/\/jornalboasnoticias.com.br\/home\/wp-json\/wp\/v2\/comments?post=43482"}],"version-history":[{"count":1,"href":"https:\/\/jornalboasnoticias.com.br\/home\/wp-json\/wp\/v2\/posts\/43482\/revisions"}],"predecessor-version":[{"id":43484,"href":"https:\/\/jornalboasnoticias.com.br\/home\/wp-json\/wp\/v2\/posts\/43482\/revisions\/43484"}],"wp:featuredmedia":[{"embeddable":true,"href":"https:\/\/jornalboasnoticias.com.br\/home\/wp-json\/wp\/v2\/media\/43483"}],"wp:attachment":[{"href":"https:\/\/jornalboasnoticias.com.br\/home\/wp-json\/wp\/v2\/media?parent=43482"}],"wp:term":[{"taxonomy":"category","embeddable":true,"href":"https:\/\/jornalboasnoticias.com.br\/home\/wp-json\/wp\/v2\/categories?post=43482"},{"taxonomy":"post_tag","embeddable":true,"href":"https:\/\/jornalboasnoticias.com.br\/home\/wp-json\/wp\/v2\/tags?post=43482"}],"curies":[{"name":"wp","href":"https:\/\/api.w.org\/{rel}","templated":true}]}}