{"id":43479,"date":"2024-08-26T14:04:39","date_gmt":"2024-08-26T14:04:39","guid":{"rendered":"https:\/\/jornalboasnoticias.com.br\/home\/?p=43479"},"modified":"2024-08-26T14:04:39","modified_gmt":"2024-08-26T14:04:39","slug":"itamaraty-diz-para-brasileiros-deixarem-libano-por-guerra-com-israel","status":"publish","type":"post","link":"https:\/\/jornalboasnoticias.com.br\/home\/itamaraty-diz-para-brasileiros-deixarem-libano-por-guerra-com-israel\/","title":{"rendered":"Itamaraty diz para brasileiros deixarem L\u00edbano por guerra com Israel"},"content":{"rendered":"<div class=\"row\">\n<figure id=\"attachment_43480\" aria-describedby=\"caption-attachment-43480\" style=\"width: 1080px\" class=\"wp-caption alignnone\"><img loading=\"lazy\" decoding=\"async\" class=\"wp-image-43480 size-full\" src=\"https:\/\/jornalboasnoticias.com.br\/home\/wp-content\/uploads\/2024\/08\/itamaraty-1080x646-1.jpg\" alt=\"\" width=\"1080\" height=\"646\" srcset=\"https:\/\/jornalboasnoticias.com.br\/home\/wp-content\/uploads\/2024\/08\/itamaraty-1080x646-1.jpg 1080w, https:\/\/jornalboasnoticias.com.br\/home\/wp-content\/uploads\/2024\/08\/itamaraty-1080x646-1-300x179.jpg 300w, https:\/\/jornalboasnoticias.com.br\/home\/wp-content\/uploads\/2024\/08\/itamaraty-1080x646-1-1024x613.jpg 1024w, https:\/\/jornalboasnoticias.com.br\/home\/wp-content\/uploads\/2024\/08\/itamaraty-1080x646-1-768x459.jpg 768w\" sizes=\"auto, (max-width: 1080px) 100vw, 1080px\" \/><figcaption id=\"caption-attachment-43480\" class=\"wp-caption-text\">Foto: Ag\u00eancia Brasil<\/figcaption><\/figure>\n<blockquote>\n<p class=\"col-10 offset-1 animated fadeInDown dealy-900 display-8 display-md-8 alt-font font-italic my-1 text-center\">Cerca de 21 mil brasileiros vivem no pa\u00eds do Oriente M\u00e9dio<\/p>\n<\/blockquote>\n<\/div>\n<p>O aumento da troca de m\u00edsseis entre o L\u00edbano e Israel no\u00a0final de semana levou o Itamaraty a recomendar aos brasileiros que vivem na regi\u00e3o que abandonem o local e que n\u00e3o viajem ao L\u00edbano neste momento.\u00a0<img decoding=\"async\" src=\"https:\/\/agenciabrasil.ebc.com.br\/ebc.png?id=1609279&amp;o=node\" \/><img decoding=\"async\" src=\"https:\/\/agenciabrasil.ebc.com.br\/ebc.gif?id=1609279&amp;o=node\" \/><\/p>\n<p>No domingo (25), a embaixada do Brasil em Beirute divulgou recomenda\u00e7\u00f5es aos cerca de 21 mil brasileiros que vivem no pa\u00eds do Oriente M\u00e9dio, sendo a maior comunidade do Brasil nesta regi\u00e3o.<\/p>\n<p>\u201cA embaixada recomenda aos cidad\u00e3os que residem no L\u00edbano, ou que passam por ele, que deixem o pa\u00eds pelos seus pr\u00f3prios meios at\u00e9 que as coisas voltem ao normal\u201d, diz o informe, acrescentado que os brasileiros que decidirem ficar no pa\u00eds n\u00e3o devem ficar na regi\u00e3o sul, nas zonas fronteiri\u00e7as e outras \u00e1reas consideradas perigosas, onde se concentram os ataques.<\/p>\n<p>O comunicado pede ainda que os brasileiros sigam as instru\u00e7\u00f5es das autoridades locais; reforcem medidas de precau\u00e7\u00e3o; n\u00e3o participem de com\u00edcios e protestos; certifiquem-se que o passaporte est\u00e1 v\u00e1lido pelos pr\u00f3ximos seis meses e atualizem todos os dados de registro na embaixada brasileira.<\/p>\n<p>O grupo liban\u00eas Hezbollah e o ex\u00e9rcito de Israel t\u00eam intensificado a troca de m\u00edsseis na fronteira entre os dois pa\u00edses, com o Hezbollah lan\u00e7ando centenas de foguetes e drones contra Israel na manh\u00e3 desse domingo, enquanto Israel teria atacado o L\u00edbano com 100 jatos, segundo informa a ag\u00eancia de not\u00edcias Reuters.<\/p>\n<p>O conflito na fronteira do L\u00edbano com Israel come\u00e7ou ao mesmo tempo que a\u00a0guerra na Faixa de Gaza, ap\u00f3s o 7 de outubro de 2023. Lideran\u00e7as do Hezbollah defendem que os disparos devem continuar enquanto Israel seguir com sua campanha no enclave palestino. Nos \u00faltimos dias, os ataques t\u00eam se intensificados, em parte em resposta ao assassinato, no L\u00edbano, do l\u00edder do Hezbollah Fuad Shukr.<\/p>\n<h2>Brasil<\/h2>\n<p>Em nota, o governo brasileiro informou que acompanha, com grave preocupa\u00e7\u00e3o, a escalada das tens\u00f5es entre L\u00edbano e Israel. \u201cO Brasil conclama todas as partes envolvidas a exercerem m\u00e1xima conten\u00e7\u00e3o, a fim de evitar a intensifica\u00e7\u00e3o de hostilidades na regi\u00e3o e o alastramento do conflito para o restante do Oriente M\u00e9dio\u201d, informou o Minist\u00e9rio das Rela\u00e7\u00f5es Exteriores do Brasil nesse domingo.<\/p>\n","protected":false},"excerpt":{"rendered":"<p>Cerca de 21 mil brasileiros vivem no pa\u00eds do Oriente M\u00e9dio O aumento da troca<\/p>\n","protected":false},"author":4,"featured_media":43480,"comment_status":"open","ping_status":"open","sticky":false,"template":"","format":"standard","meta":{"footnotes":""},"categories":[3,9],"tags":[],"class_list":["post-43479","post","type-post","status-publish","format-standard","has-post-thumbnail","hentry","category-destaques","category-internacional"],"yoast_head":"<!-- This site is optimized with the Yoast SEO plugin v27.5 - https:\/\/yoast.com\/product\/yoast-seo-wordpress\/ -->\n<title>Itamaraty diz para brasileiros deixarem L\u00edbano por guerra com Israel - Jornal<\/title>\n<meta name=\"description\" content=\"Itamaraty diz para brasileiros deixarem L\u00edbano por guerra com Israel\" \/>\n<meta name=\"robots\" content=\"index, follow, max-snippet:-1, max-image-preview:large, max-video-preview:-1\" \/>\n<link rel=\"canonical\" href=\"https:\/\/jornalboasnoticias.com.br\/home\/itamaraty-diz-para-brasileiros-deixarem-libano-por-guerra-com-israel\/\" \/>\n<meta property=\"og:locale\" content=\"pt_BR\" \/>\n<meta property=\"og:type\" content=\"article\" \/>\n<meta property=\"og:title\" content=\"Itamaraty diz para brasileiros deixarem L\u00edbano por guerra com Israel - Jornal\" \/>\n<meta property=\"og:description\" content=\"Itamaraty diz para brasileiros deixarem L\u00edbano por guerra com Israel\" \/>\n<meta property=\"og:url\" content=\"https:\/\/jornalboasnoticias.com.br\/home\/itamaraty-diz-para-brasileiros-deixarem-libano-por-guerra-com-israel\/\" \/>\n<meta property=\"og:site_name\" content=\"Jornal\" \/>\n<meta property=\"article:publisher\" content=\"https:\/\/www.facebook.com\/boasnoticiasjornal\" \/>\n<meta property=\"article:published_time\" content=\"2024-08-26T14:04:39+00:00\" \/>\n<meta property=\"og:image\" content=\"https:\/\/jornalboasnoticias.com.br\/home\/wp-content\/uploads\/2024\/08\/itamaraty-1080x646-1.jpg\" \/>\n\t<meta property=\"og:image:width\" content=\"1080\" \/>\n\t<meta property=\"og:image:height\" content=\"646\" \/>\n\t<meta property=\"og:image:type\" content=\"image\/jpeg\" \/>\n<meta name=\"author\" content=\"Ana Luiza Bonatto\" \/>\n<meta name=\"twitter:card\" content=\"summary_large_image\" \/>\n<meta name=\"twitter:label1\" content=\"Escrito por\" \/>\n\t<meta name=\"twitter:data1\" content=\"Ana Luiza Bonatto\" \/>\n\t<meta name=\"twitter:label2\" content=\"Est. tempo de leitura\" \/>\n\t<meta name=\"twitter:data2\" content=\"3 minutos\" \/>\n<script type=\"application\/ld+json\" class=\"yoast-schema-graph\">{\"@context\":\"https:\\\/\\\/schema.org\",\"@graph\":[{\"@type\":\"Article\",\"@id\":\"https:\\\/\\\/jornalboasnoticias.com.br\\\/home\\\/itamaraty-diz-para-brasileiros-deixarem-libano-por-guerra-com-israel\\\/#article\",\"isPartOf\":{\"@id\":\"https:\\\/\\\/jornalboasnoticias.com.br\\\/home\\\/itamaraty-diz-para-brasileiros-deixarem-libano-por-guerra-com-israel\\\/\"},\"author\":{\"name\":\"Ana Luiza Bonatto\",\"@id\":\"https:\\\/\\\/jornalboasnoticias.com.br\\\/home\\\/#\\\/schema\\\/person\\\/d641193e0afc6405b390164dac847971\"},\"headline\":\"Itamaraty diz para brasileiros deixarem L\u00edbano por guerra com Israel\",\"datePublished\":\"2024-08-26T14:04:39+00:00\",\"mainEntityOfPage\":{\"@id\":\"https:\\\/\\\/jornalboasnoticias.com.br\\\/home\\\/itamaraty-diz-para-brasileiros-deixarem-libano-por-guerra-com-israel\\\/\"},\"wordCount\":431,\"commentCount\":0,\"publisher\":{\"@id\":\"https:\\\/\\\/jornalboasnoticias.com.br\\\/home\\\/#organization\"},\"image\":{\"@id\":\"https:\\\/\\\/jornalboasnoticias.com.br\\\/home\\\/itamaraty-diz-para-brasileiros-deixarem-libano-por-guerra-com-israel\\\/#primaryimage\"},\"thumbnailUrl\":\"https:\\\/\\\/jornalboasnoticias.com.br\\\/home\\\/wp-content\\\/uploads\\\/2024\\\/08\\\/itamaraty-1080x646-1.jpg\",\"articleSection\":[\"DESTAQUE\",\"INTERNACIONAL\"],\"inLanguage\":\"pt-BR\",\"potentialAction\":[{\"@type\":\"CommentAction\",\"name\":\"Comment\",\"target\":[\"https:\\\/\\\/jornalboasnoticias.com.br\\\/home\\\/itamaraty-diz-para-brasileiros-deixarem-libano-por-guerra-com-israel\\\/#respond\"]}]},{\"@type\":\"WebPage\",\"@id\":\"https:\\\/\\\/jornalboasnoticias.com.br\\\/home\\\/itamaraty-diz-para-brasileiros-deixarem-libano-por-guerra-com-israel\\\/\",\"url\":\"https:\\\/\\\/jornalboasnoticias.com.br\\\/home\\\/itamaraty-diz-para-brasileiros-deixarem-libano-por-guerra-com-israel\\\/\",\"name\":\"Itamaraty diz para brasileiros deixarem L\u00edbano por guerra com Israel - Jornal\",\"isPartOf\":{\"@id\":\"https:\\\/\\\/jornalboasnoticias.com.br\\\/home\\\/#website\"},\"primaryImageOfPage\":{\"@id\":\"https:\\\/\\\/jornalboasnoticias.com.br\\\/home\\\/itamaraty-diz-para-brasileiros-deixarem-libano-por-guerra-com-israel\\\/#primaryimage\"},\"image\":{\"@id\":\"https:\\\/\\\/jornalboasnoticias.com.br\\\/home\\\/itamaraty-diz-para-brasileiros-deixarem-libano-por-guerra-com-israel\\\/#primaryimage\"},\"thumbnailUrl\":\"https:\\\/\\\/jornalboasnoticias.com.br\\\/home\\\/wp-content\\\/uploads\\\/2024\\\/08\\\/itamaraty-1080x646-1.jpg\",\"datePublished\":\"2024-08-26T14:04:39+00:00\",\"description\":\"Itamaraty diz para brasileiros deixarem L\u00edbano por guerra com Israel\",\"breadcrumb\":{\"@id\":\"https:\\\/\\\/jornalboasnoticias.com.br\\\/home\\\/itamaraty-diz-para-brasileiros-deixarem-libano-por-guerra-com-israel\\\/#breadcrumb\"},\"inLanguage\":\"pt-BR\",\"potentialAction\":[{\"@type\":\"ReadAction\",\"target\":[\"https:\\\/\\\/jornalboasnoticias.com.br\\\/home\\\/itamaraty-diz-para-brasileiros-deixarem-libano-por-guerra-com-israel\\\/\"]}]},{\"@type\":\"ImageObject\",\"inLanguage\":\"pt-BR\",\"@id\":\"https:\\\/\\\/jornalboasnoticias.com.br\\\/home\\\/itamaraty-diz-para-brasileiros-deixarem-libano-por-guerra-com-israel\\\/#primaryimage\",\"url\":\"https:\\\/\\\/jornalboasnoticias.com.br\\\/home\\\/wp-content\\\/uploads\\\/2024\\\/08\\\/itamaraty-1080x646-1.jpg\",\"contentUrl\":\"https:\\\/\\\/jornalboasnoticias.com.br\\\/home\\\/wp-content\\\/uploads\\\/2024\\\/08\\\/itamaraty-1080x646-1.jpg\",\"width\":1080,\"height\":646},{\"@type\":\"BreadcrumbList\",\"@id\":\"https:\\\/\\\/jornalboasnoticias.com.br\\\/home\\\/itamaraty-diz-para-brasileiros-deixarem-libano-por-guerra-com-israel\\\/#breadcrumb\",\"itemListElement\":[{\"@type\":\"ListItem\",\"position\":1,\"name\":\"In\u00edcio\",\"item\":\"https:\\\/\\\/jornalboasnoticias.com.br\\\/home\\\/\"},{\"@type\":\"ListItem\",\"position\":2,\"name\":\"Itamaraty diz para brasileiros deixarem L\u00edbano por guerra com Israel\"}]},{\"@type\":\"WebSite\",\"@id\":\"https:\\\/\\\/jornalboasnoticias.com.br\\\/home\\\/#website\",\"url\":\"https:\\\/\\\/jornalboasnoticias.com.br\\\/home\\\/\",\"name\":\"Jornal Boas Not\u00edcias\",\"description\":\"Boas not\u00edcias\",\"publisher\":{\"@id\":\"https:\\\/\\\/jornalboasnoticias.com.br\\\/home\\\/#organization\"},\"potentialAction\":[{\"@type\":\"SearchAction\",\"target\":{\"@type\":\"EntryPoint\",\"urlTemplate\":\"https:\\\/\\\/jornalboasnoticias.com.br\\\/home\\\/?s={search_term_string}\"},\"query-input\":{\"@type\":\"PropertyValueSpecification\",\"valueRequired\":true,\"valueName\":\"search_term_string\"}}],\"inLanguage\":\"pt-BR\"},{\"@type\":\"Organization\",\"@id\":\"https:\\\/\\\/jornalboasnoticias.com.br\\\/home\\\/#organization\",\"name\":\"Coq Editora Ltda\",\"alternateName\":\"Jornal Boas Noticias\",\"url\":\"https:\\\/\\\/jornalboasnoticias.com.br\\\/home\\\/\",\"logo\":{\"@type\":\"ImageObject\",\"inLanguage\":\"pt-BR\",\"@id\":\"https:\\\/\\\/jornalboasnoticias.com.br\\\/home\\\/#\\\/schema\\\/logo\\\/image\\\/\",\"url\":\"https:\\\/\\\/jornalboasnoticias.com.br\\\/home\\\/wp-content\\\/uploads\\\/2024\\\/07\\\/cropped-logo.jpg\",\"contentUrl\":\"https:\\\/\\\/jornalboasnoticias.com.br\\\/home\\\/wp-content\\\/uploads\\\/2024\\\/07\\\/cropped-logo.jpg\",\"width\":290,\"height\":142,\"caption\":\"Coq Editora Ltda\"},\"image\":{\"@id\":\"https:\\\/\\\/jornalboasnoticias.com.br\\\/home\\\/#\\\/schema\\\/logo\\\/image\\\/\"},\"sameAs\":[\"https:\\\/\\\/www.facebook.com\\\/boasnoticiasjornal\"]},{\"@type\":\"Person\",\"@id\":\"https:\\\/\\\/jornalboasnoticias.com.br\\\/home\\\/#\\\/schema\\\/person\\\/d641193e0afc6405b390164dac847971\",\"name\":\"Ana Luiza Bonatto\",\"image\":{\"@type\":\"ImageObject\",\"inLanguage\":\"pt-BR\",\"@id\":\"https:\\\/\\\/secure.gravatar.com\\\/avatar\\\/8a055ebe6373371f67ac6fcf313c0ac0b0a91157fdcdb9514fa62927373348f0?s=96&d=mm&r=g\",\"url\":\"https:\\\/\\\/secure.gravatar.com\\\/avatar\\\/8a055ebe6373371f67ac6fcf313c0ac0b0a91157fdcdb9514fa62927373348f0?s=96&d=mm&r=g\",\"contentUrl\":\"https:\\\/\\\/secure.gravatar.com\\\/avatar\\\/8a055ebe6373371f67ac6fcf313c0ac0b0a91157fdcdb9514fa62927373348f0?s=96&d=mm&r=g\",\"caption\":\"Ana Luiza Bonatto\"},\"url\":\"https:\\\/\\\/jornalboasnoticias.com.br\\\/home\\\/author\\\/ana-luiza\\\/\"}]}<\/script>\n<!-- \/ Yoast SEO plugin. -->","yoast_head_json":{"title":"Itamaraty diz para brasileiros deixarem L\u00edbano por guerra com Israel - Jornal","description":"Itamaraty diz para brasileiros deixarem L\u00edbano por guerra com Israel","robots":{"index":"index","follow":"follow","max-snippet":"max-snippet:-1","max-image-preview":"max-image-preview:large","max-video-preview":"max-video-preview:-1"},"canonical":"https:\/\/jornalboasnoticias.com.br\/home\/itamaraty-diz-para-brasileiros-deixarem-libano-por-guerra-com-israel\/","og_locale":"pt_BR","og_type":"article","og_title":"Itamaraty diz para brasileiros deixarem L\u00edbano por guerra com Israel - Jornal","og_description":"Itamaraty diz para brasileiros deixarem L\u00edbano por guerra com Israel","og_url":"https:\/\/jornalboasnoticias.com.br\/home\/itamaraty-diz-para-brasileiros-deixarem-libano-por-guerra-com-israel\/","og_site_name":"Jornal","article_publisher":"https:\/\/www.facebook.com\/boasnoticiasjornal","article_published_time":"2024-08-26T14:04:39+00:00","og_image":[{"width":1080,"height":646,"url":"https:\/\/jornalboasnoticias.com.br\/home\/wp-content\/uploads\/2024\/08\/itamaraty-1080x646-1.jpg","type":"image\/jpeg"}],"author":"Ana Luiza Bonatto","twitter_card":"summary_large_image","twitter_misc":{"Escrito por":"Ana Luiza Bonatto","Est. tempo de leitura":"3 minutos"},"schema":{"@context":"https:\/\/schema.org","@graph":[{"@type":"Article","@id":"https:\/\/jornalboasnoticias.com.br\/home\/itamaraty-diz-para-brasileiros-deixarem-libano-por-guerra-com-israel\/#article","isPartOf":{"@id":"https:\/\/jornalboasnoticias.com.br\/home\/itamaraty-diz-para-brasileiros-deixarem-libano-por-guerra-com-israel\/"},"author":{"name":"Ana Luiza Bonatto","@id":"https:\/\/jornalboasnoticias.com.br\/home\/#\/schema\/person\/d641193e0afc6405b390164dac847971"},"headline":"Itamaraty diz para brasileiros deixarem L\u00edbano por guerra com Israel","datePublished":"2024-08-26T14:04:39+00:00","mainEntityOfPage":{"@id":"https:\/\/jornalboasnoticias.com.br\/home\/itamaraty-diz-para-brasileiros-deixarem-libano-por-guerra-com-israel\/"},"wordCount":431,"commentCount":0,"publisher":{"@id":"https:\/\/jornalboasnoticias.com.br\/home\/#organization"},"image":{"@id":"https:\/\/jornalboasnoticias.com.br\/home\/itamaraty-diz-para-brasileiros-deixarem-libano-por-guerra-com-israel\/#primaryimage"},"thumbnailUrl":"https:\/\/jornalboasnoticias.com.br\/home\/wp-content\/uploads\/2024\/08\/itamaraty-1080x646-1.jpg","articleSection":["DESTAQUE","INTERNACIONAL"],"inLanguage":"pt-BR","potentialAction":[{"@type":"CommentAction","name":"Comment","target":["https:\/\/jornalboasnoticias.com.br\/home\/itamaraty-diz-para-brasileiros-deixarem-libano-por-guerra-com-israel\/#respond"]}]},{"@type":"WebPage","@id":"https:\/\/jornalboasnoticias.com.br\/home\/itamaraty-diz-para-brasileiros-deixarem-libano-por-guerra-com-israel\/","url":"https:\/\/jornalboasnoticias.com.br\/home\/itamaraty-diz-para-brasileiros-deixarem-libano-por-guerra-com-israel\/","name":"Itamaraty diz para brasileiros deixarem L\u00edbano por guerra com Israel - Jornal","isPartOf":{"@id":"https:\/\/jornalboasnoticias.com.br\/home\/#website"},"primaryImageOfPage":{"@id":"https:\/\/jornalboasnoticias.com.br\/home\/itamaraty-diz-para-brasileiros-deixarem-libano-por-guerra-com-israel\/#primaryimage"},"image":{"@id":"https:\/\/jornalboasnoticias.com.br\/home\/itamaraty-diz-para-brasileiros-deixarem-libano-por-guerra-com-israel\/#primaryimage"},"thumbnailUrl":"https:\/\/jornalboasnoticias.com.br\/home\/wp-content\/uploads\/2024\/08\/itamaraty-1080x646-1.jpg","datePublished":"2024-08-26T14:04:39+00:00","description":"Itamaraty diz para brasileiros deixarem L\u00edbano por guerra com Israel","breadcrumb":{"@id":"https:\/\/jornalboasnoticias.com.br\/home\/itamaraty-diz-para-brasileiros-deixarem-libano-por-guerra-com-israel\/#breadcrumb"},"inLanguage":"pt-BR","potentialAction":[{"@type":"ReadAction","target":["https:\/\/jornalboasnoticias.com.br\/home\/itamaraty-diz-para-brasileiros-deixarem-libano-por-guerra-com-israel\/"]}]},{"@type":"ImageObject","inLanguage":"pt-BR","@id":"https:\/\/jornalboasnoticias.com.br\/home\/itamaraty-diz-para-brasileiros-deixarem-libano-por-guerra-com-israel\/#primaryimage","url":"https:\/\/jornalboasnoticias.com.br\/home\/wp-content\/uploads\/2024\/08\/itamaraty-1080x646-1.jpg","contentUrl":"https:\/\/jornalboasnoticias.com.br\/home\/wp-content\/uploads\/2024\/08\/itamaraty-1080x646-1.jpg","width":1080,"height":646},{"@type":"BreadcrumbList","@id":"https:\/\/jornalboasnoticias.com.br\/home\/itamaraty-diz-para-brasileiros-deixarem-libano-por-guerra-com-israel\/#breadcrumb","itemListElement":[{"@type":"ListItem","position":1,"name":"In\u00edcio","item":"https:\/\/jornalboasnoticias.com.br\/home\/"},{"@type":"ListItem","position":2,"name":"Itamaraty diz para brasileiros deixarem L\u00edbano por guerra com Israel"}]},{"@type":"WebSite","@id":"https:\/\/jornalboasnoticias.com.br\/home\/#website","url":"https:\/\/jornalboasnoticias.com.br\/home\/","name":"Jornal Boas Not\u00edcias","description":"Boas not\u00edcias","publisher":{"@id":"https:\/\/jornalboasnoticias.com.br\/home\/#organization"},"potentialAction":[{"@type":"SearchAction","target":{"@type":"EntryPoint","urlTemplate":"https:\/\/jornalboasnoticias.com.br\/home\/?s={search_term_string}"},"query-input":{"@type":"PropertyValueSpecification","valueRequired":true,"valueName":"search_term_string"}}],"inLanguage":"pt-BR"},{"@type":"Organization","@id":"https:\/\/jornalboasnoticias.com.br\/home\/#organization","name":"Coq Editora Ltda","alternateName":"Jornal Boas Noticias","url":"https:\/\/jornalboasnoticias.com.br\/home\/","logo":{"@type":"ImageObject","inLanguage":"pt-BR","@id":"https:\/\/jornalboasnoticias.com.br\/home\/#\/schema\/logo\/image\/","url":"https:\/\/jornalboasnoticias.com.br\/home\/wp-content\/uploads\/2024\/07\/cropped-logo.jpg","contentUrl":"https:\/\/jornalboasnoticias.com.br\/home\/wp-content\/uploads\/2024\/07\/cropped-logo.jpg","width":290,"height":142,"caption":"Coq Editora Ltda"},"image":{"@id":"https:\/\/jornalboasnoticias.com.br\/home\/#\/schema\/logo\/image\/"},"sameAs":["https:\/\/www.facebook.com\/boasnoticiasjornal"]},{"@type":"Person","@id":"https:\/\/jornalboasnoticias.com.br\/home\/#\/schema\/person\/d641193e0afc6405b390164dac847971","name":"Ana Luiza Bonatto","image":{"@type":"ImageObject","inLanguage":"pt-BR","@id":"https:\/\/secure.gravatar.com\/avatar\/8a055ebe6373371f67ac6fcf313c0ac0b0a91157fdcdb9514fa62927373348f0?s=96&d=mm&r=g","url":"https:\/\/secure.gravatar.com\/avatar\/8a055ebe6373371f67ac6fcf313c0ac0b0a91157fdcdb9514fa62927373348f0?s=96&d=mm&r=g","contentUrl":"https:\/\/secure.gravatar.com\/avatar\/8a055ebe6373371f67ac6fcf313c0ac0b0a91157fdcdb9514fa62927373348f0?s=96&d=mm&r=g","caption":"Ana Luiza Bonatto"},"url":"https:\/\/jornalboasnoticias.com.br\/home\/author\/ana-luiza\/"}]}},"_links":{"self":[{"href":"https:\/\/jornalboasnoticias.com.br\/home\/wp-json\/wp\/v2\/posts\/43479","targetHints":{"allow":["GET"]}}],"collection":[{"href":"https:\/\/jornalboasnoticias.com.br\/home\/wp-json\/wp\/v2\/posts"}],"about":[{"href":"https:\/\/jornalboasnoticias.com.br\/home\/wp-json\/wp\/v2\/types\/post"}],"author":[{"embeddable":true,"href":"https:\/\/jornalboasnoticias.com.br\/home\/wp-json\/wp\/v2\/users\/4"}],"replies":[{"embeddable":true,"href":"https:\/\/jornalboasnoticias.com.br\/home\/wp-json\/wp\/v2\/comments?post=43479"}],"version-history":[{"count":1,"href":"https:\/\/jornalboasnoticias.com.br\/home\/wp-json\/wp\/v2\/posts\/43479\/revisions"}],"predecessor-version":[{"id":43481,"href":"https:\/\/jornalboasnoticias.com.br\/home\/wp-json\/wp\/v2\/posts\/43479\/revisions\/43481"}],"wp:featuredmedia":[{"embeddable":true,"href":"https:\/\/jornalboasnoticias.com.br\/home\/wp-json\/wp\/v2\/media\/43480"}],"wp:attachment":[{"href":"https:\/\/jornalboasnoticias.com.br\/home\/wp-json\/wp\/v2\/media?parent=43479"}],"wp:term":[{"taxonomy":"category","embeddable":true,"href":"https:\/\/jornalboasnoticias.com.br\/home\/wp-json\/wp\/v2\/categories?post=43479"},{"taxonomy":"post_tag","embeddable":true,"href":"https:\/\/jornalboasnoticias.com.br\/home\/wp-json\/wp\/v2\/tags?post=43479"}],"curies":[{"name":"wp","href":"https:\/\/api.w.org\/{rel}","templated":true}]}}