{"id":43475,"date":"2024-08-26T11:34:25","date_gmt":"2024-08-26T11:34:25","guid":{"rendered":"https:\/\/jornalboasnoticias.com.br\/home\/?p=43475"},"modified":"2024-08-26T11:34:25","modified_gmt":"2024-08-26T11:34:25","slug":"agencias-do-trabalhador-iniciam-a-semana-com-219-mil-vagas","status":"publish","type":"post","link":"https:\/\/jornalboasnoticias.com.br\/home\/agencias-do-trabalhador-iniciam-a-semana-com-219-mil-vagas\/","title":{"rendered":"Ag\u00eancias do Trabalhador iniciam a semana com 21,9 mil vagas"},"content":{"rendered":"<div>\n<figure id=\"attachment_43476\" aria-describedby=\"caption-attachment-43476\" style=\"width: 2560px\" class=\"wp-caption alignnone\"><img loading=\"lazy\" decoding=\"async\" class=\"wp-image-43476 size-full\" src=\"https:\/\/jornalboasnoticias.com.br\/home\/wp-content\/uploads\/2024\/08\/lar_cooperativa_abate_de_frango_13-scaled.jpg\" alt=\"\" width=\"2560\" height=\"1707\" srcset=\"https:\/\/jornalboasnoticias.com.br\/home\/wp-content\/uploads\/2024\/08\/lar_cooperativa_abate_de_frango_13-scaled.jpg 2560w, https:\/\/jornalboasnoticias.com.br\/home\/wp-content\/uploads\/2024\/08\/lar_cooperativa_abate_de_frango_13-300x200.jpg 300w, https:\/\/jornalboasnoticias.com.br\/home\/wp-content\/uploads\/2024\/08\/lar_cooperativa_abate_de_frango_13-1024x683.jpg 1024w, https:\/\/jornalboasnoticias.com.br\/home\/wp-content\/uploads\/2024\/08\/lar_cooperativa_abate_de_frango_13-768x512.jpg 768w, https:\/\/jornalboasnoticias.com.br\/home\/wp-content\/uploads\/2024\/08\/lar_cooperativa_abate_de_frango_13-1536x1024.jpg 1536w, https:\/\/jornalboasnoticias.com.br\/home\/wp-content\/uploads\/2024\/08\/lar_cooperativa_abate_de_frango_13-2048x1365.jpg 2048w, https:\/\/jornalboasnoticias.com.br\/home\/wp-content\/uploads\/2024\/08\/lar_cooperativa_abate_de_frango_13-900x600.jpg 900w\" sizes=\"auto, (max-width: 2560px) 100vw, 2560px\" \/><figcaption id=\"caption-attachment-43476\" class=\"wp-caption-text\">Matel\u00e2ndia- 22-10-2020 &#8211; Abatedouro de aves da cooperativa lar em Matel\u00e2ndia &#8211; Foto : Jonathan Campos \/ AEN<\/figcaption><\/figure>\n<\/div>\n<div class=\"not-escopo-destaque\">\n<blockquote>\n<div class=\"field field--name-field-escopo-destaque field--type-string-long field--label-hidden field--item\">A Grande Curitiba concentra o maior volume de postos de trabalho dispon\u00edveis (5.825). A Regi\u00e3o de Cascavel aparece em seguida (4.810). Nas demais regionais do Interior s\u00e3o destaques Londrina (2.733), Campo Mour\u00e3o (2.125),\u00a0 Pato Branco (1.628) e Foz do Igua\u00e7u (1.397)<\/div>\n<\/blockquote>\n<\/div>\n<div>\n<div class=\"row\">\n<div class=\"col-sm-8 col-md-offset-1 bloco-central\">\n<article class=\"node node--type-noticia node--promoted node--view-mode-full clearfix\" role=\"article\" data-history-node-id=\"68249\">\n<div class=\"node__content clearfix\">\n<div class=\"field field--name-field-texto field--type-text-long field--label-hidden field--item\">\n<p>As Ag\u00eancias do Trabalhador do Paran\u00e1 e postos avan\u00e7ados come\u00e7am a semana com a oferta de 21.968 vagas de emprego com carteira assinada no Estado. A maior parte \u00e9 para alimentador de linha de produ\u00e7\u00e3o, com 5.624 oportunidades. Na sequ\u00eancia, aparecem as de faxineiro, com 798 vagas, operador de caixa, com 763, e magarefe, com 699.<\/p>\n<p>A Grande Curitiba concentra o maior volume de postos de trabalho dispon\u00edveis (5.825). S\u00e3o 546 vagas para alimentador de linha de produ\u00e7\u00e3o, 429 para faxineiro, 356 operador de telemarketing ativo e receptivo, e 301 para operador de caixa.<\/p>\n<p>Na Capital, a Ag\u00eancia do Trabalhador Central oferta 37 vagas para profissionais com ensino superior e t\u00e9cnico em diversas \u00e1reas, com destaque para as fun\u00e7\u00f5es de auxiliar de desenvolvimento infantil (curso superior em pedagogia ou magist\u00e9rio) com 4\u00a0 vagas, analista de controle de qualidade (cursando ou conclu\u00eddo t\u00e9cnico em qualidade, qu\u00edmica, alimentos ou \u00e1reas afins) com 4 vagas, int\u00e9rprete de libras (superior em Pedagogia ou Letras com curso de libras) com 3 vagas, e analista de marketing\u00a0 (curso superior em marketing, designer gr\u00e1fico ou publicidade e propaganda) com 3 vagas.<\/p>\n<p>A Regi\u00e3o de Cascavel aparece em seguida (4.810), com 1.285 oportunidades para alimentador de linha de produ\u00e7\u00e3o, 494 para abatedor, 240 para magarefe e 202 para servente de obras.<\/p>\n<p>Nas demais regionais do Interior s\u00e3o destaques Londrina (2.733), Campo Mour\u00e3o (2.125),\u00a0 Pato Branco (1.628) e Foz do Igua\u00e7u (1.397) . Em Londrina, as fun\u00e7\u00f5es que lideram as ofertas de vagas s\u00e3o alimentador de linha de produ\u00e7\u00e3o, com 699 vagas, ajudante de motorista, com 135, operador de caixa, com 122, e motorista de caminh\u00e3o, com 113 oportunidades.<\/p>\n<p>Na Regi\u00e3o de Campo Mour\u00e3o, h\u00e1 oferta de emprego para as fun\u00e7\u00f5es de alimentador de linha de produ\u00e7\u00e3o, com 822 oportunidades, magarefe, com 254, abatedor, com 84, e trabalhador volante da agricultura, com 83.<\/p>\n<p>Em Pato Branco, os destaques s\u00e3o para alimentador de linha de produ\u00e7\u00e3o (657), magarefe (64), operador de caixa\u00a0 (61) e faxineiro (\u200b\u200b52) .<\/p>\n<p>Na Regi\u00e3o de Foz do Igua\u00e7u, s\u00e3o ofertadas 561 vagas para alimentador de linha de produ\u00e7\u00e3o, 102 para repositor de mercadorias, 63 para operador de caixa e 42 para auxiliar de servi\u00e7os gerais.<\/p>\n<p><strong>ATENDIMENTO\u00a0<\/strong>\u2013 Os interessados devem buscar orienta\u00e7\u00f5es entrando em contato com a unidade da Ag\u00eancia do Trabalhador de seu munic\u00edpio. Para evitar aglomera\u00e7\u00e3o, a sugest\u00e3o \u00e9 que o atendimento seja feito com hor\u00e1rio marcado.O agendamento deve ser feito\u00a0<strong><a class=\"0\" href=\"https:\/\/www.trabalho.pr.gov.br\/Trabalho\" target=\"_blank\" rel=\"nofollow noopener\">AQUI.\u00a0\u00a0<\/a><\/strong><\/p>\n<\/div>\n<\/div>\n<\/article>\n<\/div>\n<\/div>\n<div class=\"row\">\n<div class=\"col-sm-12\">\n<div id=\"medias\">\n<div id=\"gallery-news\">\n<div class=\"field field--name-field-galeria field--type-entity-reference field--label-hidden field--item\">\n<div>\n<div class=\"slick-wrapper slick-wrapper--asnavfor slick-wrapper--default slick-wrapper--v-tn slick-wrapper--tn-right\">\n<div id=\"slick-media-galeria-de-imagens-media-slideshow-midia-anexada-em-outro-node-603838-1-thumbnail\" class=\"slick slick--vertical slick--optionset--galeira-thumbnail-vertical slick--thumbnail slick--initialized\"><\/div>\n<\/div>\n<\/div>\n<\/div>\n<\/div>\n<\/div>\n<\/div>\n<\/div>\n<\/div>\n","protected":false},"excerpt":{"rendered":"<p>A Grande Curitiba concentra o maior volume de postos de trabalho dispon\u00edveis (5.825). A Regi\u00e3o<\/p>\n","protected":false},"author":4,"featured_media":43476,"comment_status":"open","ping_status":"open","sticky":false,"template":"","format":"standard","meta":{"footnotes":""},"categories":[3,4],"tags":[],"class_list":["post-43475","post","type-post","status-publish","format-standard","has-post-thumbnail","hentry","category-destaques","category-parana"],"yoast_head":"<!-- This site is optimized with the Yoast SEO plugin v27.5 - https:\/\/yoast.com\/product\/yoast-seo-wordpress\/ -->\n<title>Ag\u00eancias do Trabalhador iniciam a semana com 21,9 mil vagas - Jornal<\/title>\n<meta name=\"description\" content=\"Ag\u00eancias do Trabalhador iniciam a semana com 21,9 mil vagas\" \/>\n<meta name=\"robots\" content=\"index, follow, max-snippet:-1, max-image-preview:large, max-video-preview:-1\" \/>\n<link rel=\"canonical\" href=\"https:\/\/jornalboasnoticias.com.br\/home\/agencias-do-trabalhador-iniciam-a-semana-com-219-mil-vagas\/\" \/>\n<meta property=\"og:locale\" content=\"pt_BR\" \/>\n<meta property=\"og:type\" content=\"article\" \/>\n<meta property=\"og:title\" content=\"Ag\u00eancias do Trabalhador iniciam a semana com 21,9 mil vagas - Jornal\" \/>\n<meta property=\"og:description\" content=\"Ag\u00eancias do Trabalhador iniciam a semana com 21,9 mil vagas\" \/>\n<meta property=\"og:url\" content=\"https:\/\/jornalboasnoticias.com.br\/home\/agencias-do-trabalhador-iniciam-a-semana-com-219-mil-vagas\/\" \/>\n<meta property=\"og:site_name\" content=\"Jornal\" \/>\n<meta property=\"article:publisher\" content=\"https:\/\/www.facebook.com\/boasnoticiasjornal\" \/>\n<meta property=\"article:published_time\" content=\"2024-08-26T11:34:25+00:00\" \/>\n<meta property=\"og:image\" content=\"https:\/\/jornalboasnoticias.com.br\/home\/wp-content\/uploads\/2024\/08\/lar_cooperativa_abate_de_frango_13-scaled.jpg\" \/>\n\t<meta property=\"og:image:width\" content=\"2560\" \/>\n\t<meta property=\"og:image:height\" content=\"1707\" \/>\n\t<meta property=\"og:image:type\" content=\"image\/jpeg\" \/>\n<meta name=\"author\" content=\"Ana Luiza Bonatto\" \/>\n<meta name=\"twitter:card\" content=\"summary_large_image\" \/>\n<meta name=\"twitter:label1\" content=\"Escrito por\" \/>\n\t<meta name=\"twitter:data1\" content=\"Ana Luiza Bonatto\" \/>\n\t<meta name=\"twitter:label2\" content=\"Est. tempo de leitura\" \/>\n\t<meta name=\"twitter:data2\" content=\"3 minutos\" \/>\n<script type=\"application\/ld+json\" class=\"yoast-schema-graph\">{\"@context\":\"https:\\\/\\\/schema.org\",\"@graph\":[{\"@type\":\"Article\",\"@id\":\"https:\\\/\\\/jornalboasnoticias.com.br\\\/home\\\/agencias-do-trabalhador-iniciam-a-semana-com-219-mil-vagas\\\/#article\",\"isPartOf\":{\"@id\":\"https:\\\/\\\/jornalboasnoticias.com.br\\\/home\\\/agencias-do-trabalhador-iniciam-a-semana-com-219-mil-vagas\\\/\"},\"author\":{\"name\":\"Ana Luiza Bonatto\",\"@id\":\"https:\\\/\\\/jornalboasnoticias.com.br\\\/home\\\/#\\\/schema\\\/person\\\/d641193e0afc6405b390164dac847971\"},\"headline\":\"Ag\u00eancias do Trabalhador iniciam a semana com 21,9 mil vagas\",\"datePublished\":\"2024-08-26T11:34:25+00:00\",\"mainEntityOfPage\":{\"@id\":\"https:\\\/\\\/jornalboasnoticias.com.br\\\/home\\\/agencias-do-trabalhador-iniciam-a-semana-com-219-mil-vagas\\\/\"},\"wordCount\":474,\"commentCount\":0,\"publisher\":{\"@id\":\"https:\\\/\\\/jornalboasnoticias.com.br\\\/home\\\/#organization\"},\"image\":{\"@id\":\"https:\\\/\\\/jornalboasnoticias.com.br\\\/home\\\/agencias-do-trabalhador-iniciam-a-semana-com-219-mil-vagas\\\/#primaryimage\"},\"thumbnailUrl\":\"https:\\\/\\\/jornalboasnoticias.com.br\\\/home\\\/wp-content\\\/uploads\\\/2024\\\/08\\\/lar_cooperativa_abate_de_frango_13-scaled.jpg\",\"articleSection\":[\"DESTAQUE\",\"PARAN\u00c1\"],\"inLanguage\":\"pt-BR\",\"potentialAction\":[{\"@type\":\"CommentAction\",\"name\":\"Comment\",\"target\":[\"https:\\\/\\\/jornalboasnoticias.com.br\\\/home\\\/agencias-do-trabalhador-iniciam-a-semana-com-219-mil-vagas\\\/#respond\"]}]},{\"@type\":\"WebPage\",\"@id\":\"https:\\\/\\\/jornalboasnoticias.com.br\\\/home\\\/agencias-do-trabalhador-iniciam-a-semana-com-219-mil-vagas\\\/\",\"url\":\"https:\\\/\\\/jornalboasnoticias.com.br\\\/home\\\/agencias-do-trabalhador-iniciam-a-semana-com-219-mil-vagas\\\/\",\"name\":\"Ag\u00eancias do Trabalhador iniciam a semana com 21,9 mil vagas - Jornal\",\"isPartOf\":{\"@id\":\"https:\\\/\\\/jornalboasnoticias.com.br\\\/home\\\/#website\"},\"primaryImageOfPage\":{\"@id\":\"https:\\\/\\\/jornalboasnoticias.com.br\\\/home\\\/agencias-do-trabalhador-iniciam-a-semana-com-219-mil-vagas\\\/#primaryimage\"},\"image\":{\"@id\":\"https:\\\/\\\/jornalboasnoticias.com.br\\\/home\\\/agencias-do-trabalhador-iniciam-a-semana-com-219-mil-vagas\\\/#primaryimage\"},\"thumbnailUrl\":\"https:\\\/\\\/jornalboasnoticias.com.br\\\/home\\\/wp-content\\\/uploads\\\/2024\\\/08\\\/lar_cooperativa_abate_de_frango_13-scaled.jpg\",\"datePublished\":\"2024-08-26T11:34:25+00:00\",\"description\":\"Ag\u00eancias do Trabalhador iniciam a semana com 21,9 mil vagas\",\"breadcrumb\":{\"@id\":\"https:\\\/\\\/jornalboasnoticias.com.br\\\/home\\\/agencias-do-trabalhador-iniciam-a-semana-com-219-mil-vagas\\\/#breadcrumb\"},\"inLanguage\":\"pt-BR\",\"potentialAction\":[{\"@type\":\"ReadAction\",\"target\":[\"https:\\\/\\\/jornalboasnoticias.com.br\\\/home\\\/agencias-do-trabalhador-iniciam-a-semana-com-219-mil-vagas\\\/\"]}]},{\"@type\":\"ImageObject\",\"inLanguage\":\"pt-BR\",\"@id\":\"https:\\\/\\\/jornalboasnoticias.com.br\\\/home\\\/agencias-do-trabalhador-iniciam-a-semana-com-219-mil-vagas\\\/#primaryimage\",\"url\":\"https:\\\/\\\/jornalboasnoticias.com.br\\\/home\\\/wp-content\\\/uploads\\\/2024\\\/08\\\/lar_cooperativa_abate_de_frango_13-scaled.jpg\",\"contentUrl\":\"https:\\\/\\\/jornalboasnoticias.com.br\\\/home\\\/wp-content\\\/uploads\\\/2024\\\/08\\\/lar_cooperativa_abate_de_frango_13-scaled.jpg\",\"width\":2560,\"height\":1707,\"caption\":\"Matel\u00e2ndia- 22-10-2020 - Abatedouro de aves da cooperativa lar em Matel\u00e2ndia - Foto : Jonathan Campos \\\/ AEN\"},{\"@type\":\"BreadcrumbList\",\"@id\":\"https:\\\/\\\/jornalboasnoticias.com.br\\\/home\\\/agencias-do-trabalhador-iniciam-a-semana-com-219-mil-vagas\\\/#breadcrumb\",\"itemListElement\":[{\"@type\":\"ListItem\",\"position\":1,\"name\":\"In\u00edcio\",\"item\":\"https:\\\/\\\/jornalboasnoticias.com.br\\\/home\\\/\"},{\"@type\":\"ListItem\",\"position\":2,\"name\":\"Ag\u00eancias do Trabalhador iniciam a semana com 21,9 mil vagas\"}]},{\"@type\":\"WebSite\",\"@id\":\"https:\\\/\\\/jornalboasnoticias.com.br\\\/home\\\/#website\",\"url\":\"https:\\\/\\\/jornalboasnoticias.com.br\\\/home\\\/\",\"name\":\"Jornal Boas Not\u00edcias\",\"description\":\"Boas not\u00edcias\",\"publisher\":{\"@id\":\"https:\\\/\\\/jornalboasnoticias.com.br\\\/home\\\/#organization\"},\"potentialAction\":[{\"@type\":\"SearchAction\",\"target\":{\"@type\":\"EntryPoint\",\"urlTemplate\":\"https:\\\/\\\/jornalboasnoticias.com.br\\\/home\\\/?s={search_term_string}\"},\"query-input\":{\"@type\":\"PropertyValueSpecification\",\"valueRequired\":true,\"valueName\":\"search_term_string\"}}],\"inLanguage\":\"pt-BR\"},{\"@type\":\"Organization\",\"@id\":\"https:\\\/\\\/jornalboasnoticias.com.br\\\/home\\\/#organization\",\"name\":\"Coq Editora Ltda\",\"alternateName\":\"Jornal Boas Noticias\",\"url\":\"https:\\\/\\\/jornalboasnoticias.com.br\\\/home\\\/\",\"logo\":{\"@type\":\"ImageObject\",\"inLanguage\":\"pt-BR\",\"@id\":\"https:\\\/\\\/jornalboasnoticias.com.br\\\/home\\\/#\\\/schema\\\/logo\\\/image\\\/\",\"url\":\"https:\\\/\\\/jornalboasnoticias.com.br\\\/home\\\/wp-content\\\/uploads\\\/2024\\\/07\\\/cropped-logo.jpg\",\"contentUrl\":\"https:\\\/\\\/jornalboasnoticias.com.br\\\/home\\\/wp-content\\\/uploads\\\/2024\\\/07\\\/cropped-logo.jpg\",\"width\":290,\"height\":142,\"caption\":\"Coq Editora Ltda\"},\"image\":{\"@id\":\"https:\\\/\\\/jornalboasnoticias.com.br\\\/home\\\/#\\\/schema\\\/logo\\\/image\\\/\"},\"sameAs\":[\"https:\\\/\\\/www.facebook.com\\\/boasnoticiasjornal\"]},{\"@type\":\"Person\",\"@id\":\"https:\\\/\\\/jornalboasnoticias.com.br\\\/home\\\/#\\\/schema\\\/person\\\/d641193e0afc6405b390164dac847971\",\"name\":\"Ana Luiza Bonatto\",\"image\":{\"@type\":\"ImageObject\",\"inLanguage\":\"pt-BR\",\"@id\":\"https:\\\/\\\/secure.gravatar.com\\\/avatar\\\/8a055ebe6373371f67ac6fcf313c0ac0b0a91157fdcdb9514fa62927373348f0?s=96&d=mm&r=g\",\"url\":\"https:\\\/\\\/secure.gravatar.com\\\/avatar\\\/8a055ebe6373371f67ac6fcf313c0ac0b0a91157fdcdb9514fa62927373348f0?s=96&d=mm&r=g\",\"contentUrl\":\"https:\\\/\\\/secure.gravatar.com\\\/avatar\\\/8a055ebe6373371f67ac6fcf313c0ac0b0a91157fdcdb9514fa62927373348f0?s=96&d=mm&r=g\",\"caption\":\"Ana Luiza Bonatto\"},\"url\":\"https:\\\/\\\/jornalboasnoticias.com.br\\\/home\\\/author\\\/ana-luiza\\\/\"}]}<\/script>\n<!-- \/ Yoast SEO plugin. -->","yoast_head_json":{"title":"Ag\u00eancias do Trabalhador iniciam a semana com 21,9 mil vagas - Jornal","description":"Ag\u00eancias do Trabalhador iniciam a semana com 21,9 mil vagas","robots":{"index":"index","follow":"follow","max-snippet":"max-snippet:-1","max-image-preview":"max-image-preview:large","max-video-preview":"max-video-preview:-1"},"canonical":"https:\/\/jornalboasnoticias.com.br\/home\/agencias-do-trabalhador-iniciam-a-semana-com-219-mil-vagas\/","og_locale":"pt_BR","og_type":"article","og_title":"Ag\u00eancias do Trabalhador iniciam a semana com 21,9 mil vagas - Jornal","og_description":"Ag\u00eancias do Trabalhador iniciam a semana com 21,9 mil vagas","og_url":"https:\/\/jornalboasnoticias.com.br\/home\/agencias-do-trabalhador-iniciam-a-semana-com-219-mil-vagas\/","og_site_name":"Jornal","article_publisher":"https:\/\/www.facebook.com\/boasnoticiasjornal","article_published_time":"2024-08-26T11:34:25+00:00","og_image":[{"width":2560,"height":1707,"url":"https:\/\/jornalboasnoticias.com.br\/home\/wp-content\/uploads\/2024\/08\/lar_cooperativa_abate_de_frango_13-scaled.jpg","type":"image\/jpeg"}],"author":"Ana Luiza Bonatto","twitter_card":"summary_large_image","twitter_misc":{"Escrito por":"Ana Luiza Bonatto","Est. tempo de leitura":"3 minutos"},"schema":{"@context":"https:\/\/schema.org","@graph":[{"@type":"Article","@id":"https:\/\/jornalboasnoticias.com.br\/home\/agencias-do-trabalhador-iniciam-a-semana-com-219-mil-vagas\/#article","isPartOf":{"@id":"https:\/\/jornalboasnoticias.com.br\/home\/agencias-do-trabalhador-iniciam-a-semana-com-219-mil-vagas\/"},"author":{"name":"Ana Luiza Bonatto","@id":"https:\/\/jornalboasnoticias.com.br\/home\/#\/schema\/person\/d641193e0afc6405b390164dac847971"},"headline":"Ag\u00eancias do Trabalhador iniciam a semana com 21,9 mil vagas","datePublished":"2024-08-26T11:34:25+00:00","mainEntityOfPage":{"@id":"https:\/\/jornalboasnoticias.com.br\/home\/agencias-do-trabalhador-iniciam-a-semana-com-219-mil-vagas\/"},"wordCount":474,"commentCount":0,"publisher":{"@id":"https:\/\/jornalboasnoticias.com.br\/home\/#organization"},"image":{"@id":"https:\/\/jornalboasnoticias.com.br\/home\/agencias-do-trabalhador-iniciam-a-semana-com-219-mil-vagas\/#primaryimage"},"thumbnailUrl":"https:\/\/jornalboasnoticias.com.br\/home\/wp-content\/uploads\/2024\/08\/lar_cooperativa_abate_de_frango_13-scaled.jpg","articleSection":["DESTAQUE","PARAN\u00c1"],"inLanguage":"pt-BR","potentialAction":[{"@type":"CommentAction","name":"Comment","target":["https:\/\/jornalboasnoticias.com.br\/home\/agencias-do-trabalhador-iniciam-a-semana-com-219-mil-vagas\/#respond"]}]},{"@type":"WebPage","@id":"https:\/\/jornalboasnoticias.com.br\/home\/agencias-do-trabalhador-iniciam-a-semana-com-219-mil-vagas\/","url":"https:\/\/jornalboasnoticias.com.br\/home\/agencias-do-trabalhador-iniciam-a-semana-com-219-mil-vagas\/","name":"Ag\u00eancias do Trabalhador iniciam a semana com 21,9 mil vagas - Jornal","isPartOf":{"@id":"https:\/\/jornalboasnoticias.com.br\/home\/#website"},"primaryImageOfPage":{"@id":"https:\/\/jornalboasnoticias.com.br\/home\/agencias-do-trabalhador-iniciam-a-semana-com-219-mil-vagas\/#primaryimage"},"image":{"@id":"https:\/\/jornalboasnoticias.com.br\/home\/agencias-do-trabalhador-iniciam-a-semana-com-219-mil-vagas\/#primaryimage"},"thumbnailUrl":"https:\/\/jornalboasnoticias.com.br\/home\/wp-content\/uploads\/2024\/08\/lar_cooperativa_abate_de_frango_13-scaled.jpg","datePublished":"2024-08-26T11:34:25+00:00","description":"Ag\u00eancias do Trabalhador iniciam a semana com 21,9 mil vagas","breadcrumb":{"@id":"https:\/\/jornalboasnoticias.com.br\/home\/agencias-do-trabalhador-iniciam-a-semana-com-219-mil-vagas\/#breadcrumb"},"inLanguage":"pt-BR","potentialAction":[{"@type":"ReadAction","target":["https:\/\/jornalboasnoticias.com.br\/home\/agencias-do-trabalhador-iniciam-a-semana-com-219-mil-vagas\/"]}]},{"@type":"ImageObject","inLanguage":"pt-BR","@id":"https:\/\/jornalboasnoticias.com.br\/home\/agencias-do-trabalhador-iniciam-a-semana-com-219-mil-vagas\/#primaryimage","url":"https:\/\/jornalboasnoticias.com.br\/home\/wp-content\/uploads\/2024\/08\/lar_cooperativa_abate_de_frango_13-scaled.jpg","contentUrl":"https:\/\/jornalboasnoticias.com.br\/home\/wp-content\/uploads\/2024\/08\/lar_cooperativa_abate_de_frango_13-scaled.jpg","width":2560,"height":1707,"caption":"Matel\u00e2ndia- 22-10-2020 - Abatedouro de aves da cooperativa lar em Matel\u00e2ndia - Foto : Jonathan Campos \/ AEN"},{"@type":"BreadcrumbList","@id":"https:\/\/jornalboasnoticias.com.br\/home\/agencias-do-trabalhador-iniciam-a-semana-com-219-mil-vagas\/#breadcrumb","itemListElement":[{"@type":"ListItem","position":1,"name":"In\u00edcio","item":"https:\/\/jornalboasnoticias.com.br\/home\/"},{"@type":"ListItem","position":2,"name":"Ag\u00eancias do Trabalhador iniciam a semana com 21,9 mil vagas"}]},{"@type":"WebSite","@id":"https:\/\/jornalboasnoticias.com.br\/home\/#website","url":"https:\/\/jornalboasnoticias.com.br\/home\/","name":"Jornal Boas Not\u00edcias","description":"Boas not\u00edcias","publisher":{"@id":"https:\/\/jornalboasnoticias.com.br\/home\/#organization"},"potentialAction":[{"@type":"SearchAction","target":{"@type":"EntryPoint","urlTemplate":"https:\/\/jornalboasnoticias.com.br\/home\/?s={search_term_string}"},"query-input":{"@type":"PropertyValueSpecification","valueRequired":true,"valueName":"search_term_string"}}],"inLanguage":"pt-BR"},{"@type":"Organization","@id":"https:\/\/jornalboasnoticias.com.br\/home\/#organization","name":"Coq Editora Ltda","alternateName":"Jornal Boas Noticias","url":"https:\/\/jornalboasnoticias.com.br\/home\/","logo":{"@type":"ImageObject","inLanguage":"pt-BR","@id":"https:\/\/jornalboasnoticias.com.br\/home\/#\/schema\/logo\/image\/","url":"https:\/\/jornalboasnoticias.com.br\/home\/wp-content\/uploads\/2024\/07\/cropped-logo.jpg","contentUrl":"https:\/\/jornalboasnoticias.com.br\/home\/wp-content\/uploads\/2024\/07\/cropped-logo.jpg","width":290,"height":142,"caption":"Coq Editora Ltda"},"image":{"@id":"https:\/\/jornalboasnoticias.com.br\/home\/#\/schema\/logo\/image\/"},"sameAs":["https:\/\/www.facebook.com\/boasnoticiasjornal"]},{"@type":"Person","@id":"https:\/\/jornalboasnoticias.com.br\/home\/#\/schema\/person\/d641193e0afc6405b390164dac847971","name":"Ana Luiza Bonatto","image":{"@type":"ImageObject","inLanguage":"pt-BR","@id":"https:\/\/secure.gravatar.com\/avatar\/8a055ebe6373371f67ac6fcf313c0ac0b0a91157fdcdb9514fa62927373348f0?s=96&d=mm&r=g","url":"https:\/\/secure.gravatar.com\/avatar\/8a055ebe6373371f67ac6fcf313c0ac0b0a91157fdcdb9514fa62927373348f0?s=96&d=mm&r=g","contentUrl":"https:\/\/secure.gravatar.com\/avatar\/8a055ebe6373371f67ac6fcf313c0ac0b0a91157fdcdb9514fa62927373348f0?s=96&d=mm&r=g","caption":"Ana Luiza Bonatto"},"url":"https:\/\/jornalboasnoticias.com.br\/home\/author\/ana-luiza\/"}]}},"_links":{"self":[{"href":"https:\/\/jornalboasnoticias.com.br\/home\/wp-json\/wp\/v2\/posts\/43475","targetHints":{"allow":["GET"]}}],"collection":[{"href":"https:\/\/jornalboasnoticias.com.br\/home\/wp-json\/wp\/v2\/posts"}],"about":[{"href":"https:\/\/jornalboasnoticias.com.br\/home\/wp-json\/wp\/v2\/types\/post"}],"author":[{"embeddable":true,"href":"https:\/\/jornalboasnoticias.com.br\/home\/wp-json\/wp\/v2\/users\/4"}],"replies":[{"embeddable":true,"href":"https:\/\/jornalboasnoticias.com.br\/home\/wp-json\/wp\/v2\/comments?post=43475"}],"version-history":[{"count":1,"href":"https:\/\/jornalboasnoticias.com.br\/home\/wp-json\/wp\/v2\/posts\/43475\/revisions"}],"predecessor-version":[{"id":43477,"href":"https:\/\/jornalboasnoticias.com.br\/home\/wp-json\/wp\/v2\/posts\/43475\/revisions\/43477"}],"wp:featuredmedia":[{"embeddable":true,"href":"https:\/\/jornalboasnoticias.com.br\/home\/wp-json\/wp\/v2\/media\/43476"}],"wp:attachment":[{"href":"https:\/\/jornalboasnoticias.com.br\/home\/wp-json\/wp\/v2\/media?parent=43475"}],"wp:term":[{"taxonomy":"category","embeddable":true,"href":"https:\/\/jornalboasnoticias.com.br\/home\/wp-json\/wp\/v2\/categories?post=43475"},{"taxonomy":"post_tag","embeddable":true,"href":"https:\/\/jornalboasnoticias.com.br\/home\/wp-json\/wp\/v2\/tags?post=43475"}],"curies":[{"name":"wp","href":"https:\/\/api.w.org\/{rel}","templated":true}]}}