{"id":43470,"date":"2024-08-22T18:49:05","date_gmt":"2024-08-22T18:49:05","guid":{"rendered":"https:\/\/jornalboasnoticias.com.br\/home\/?p=43470"},"modified":"2024-08-22T18:49:05","modified_gmt":"2024-08-22T18:49:05","slug":"expectativa-de-vida-no-brasil-em-2023-chega-a-764-anos","status":"publish","type":"post","link":"https:\/\/jornalboasnoticias.com.br\/home\/expectativa-de-vida-no-brasil-em-2023-chega-a-764-anos\/","title":{"rendered":"Expectativa de vida no Brasil em 2023 chega a 76,4 anos"},"content":{"rendered":"<div class=\"row\">\n<figure id=\"attachment_43471\" aria-describedby=\"caption-attachment-43471\" style=\"width: 1170px\" class=\"wp-caption alignnone\"><img loading=\"lazy\" decoding=\"async\" class=\"wp-image-43471 size-full\" src=\"https:\/\/jornalboasnoticias.com.br\/home\/wp-content\/uploads\/2024\/08\/954422-faixa_010415_11-1.webp\" alt=\"\" width=\"1170\" height=\"700\" srcset=\"https:\/\/jornalboasnoticias.com.br\/home\/wp-content\/uploads\/2024\/08\/954422-faixa_010415_11-1.webp 1170w, https:\/\/jornalboasnoticias.com.br\/home\/wp-content\/uploads\/2024\/08\/954422-faixa_010415_11-1-300x179.webp 300w, https:\/\/jornalboasnoticias.com.br\/home\/wp-content\/uploads\/2024\/08\/954422-faixa_010415_11-1-1024x613.webp 1024w, https:\/\/jornalboasnoticias.com.br\/home\/wp-content\/uploads\/2024\/08\/954422-faixa_010415_11-1-768x459.webp 768w\" sizes=\"auto, (max-width: 1170px) 100vw, 1170px\" \/><figcaption id=\"caption-attachment-43471\" class=\"wp-caption-text\">Foto: Ag\u00eancia Brasil<\/figcaption><\/figure>\n<h3 class=\"col-10 offset-1 animated fadeInDown dealy-900 display-8 display-md-8 alt-font font-italic my-1 text-center\">Dados revisados do IBGE foram divulgados nesta quinta-feira<\/h3>\n<\/div>\n<p>A esperan\u00e7a de vida do brasileiro ao nascer, tamb\u00e9m conhecida como expectativa de vida, passou a ser de 76,4 anos. A estimativa \u00e9 do Instituto Brasileiro de Geografia e Estat\u00edstica (IBGE), a partir de novas proje\u00e7\u00f5es populacionais, divulgadas nesta quinta-feira (22).<img decoding=\"async\" src=\"https:\/\/agenciabrasil.ebc.com.br\/ebc.png?id=1608772&amp;o=node\" \/><img decoding=\"async\" src=\"https:\/\/agenciabrasil.ebc.com.br\/ebc.gif?id=1608772&amp;o=node\" \/><\/p>\n<p>Os dados mostram que as expectativas de vida no pa\u00eds, para quem nasceu em 2023, s\u00e3o de 79,7 anos para as mulheres e de 73,1 anos para os homens.<\/p>\n<p>O IBGE tamb\u00e9m divulgou dados revisados para a expectativa de vida referentes a anos anteriores. De acordo com o IBGE, em 2019, um ano antes da pandemia de covid-19, por exemplo, a estimativa era de 76,2 anos, de acordo com os dados revisados pelo instituto.<\/p>\n<h2>Pandemia<\/h2>\n<p>Em 2020, a esperan\u00e7a de vida ao nascer recuou para 74,8 anos, caindo ainda mais em 2021, para 72,8 anos, ou seja, uma perda de 3,4 anos em rela\u00e7\u00e3o a 2019. Em 2022, houve a primeira recupera\u00e7\u00e3o da expectativa de vida, que passou a ser de 75,4 anos, ainda abaixo de 2019.<\/p>\n<p>Em 2023, a expectativa conseguiu, portanto, superar a estimativa de 2019. De acordo com as proje\u00e7\u00f5es do IBGE para as pr\u00f3ximas d\u00e9cadas, a expectativa de vida deve chegar 77,8 anos em 2030, a 79,7 anos em 2040, a 81,3 anos em 2050, a 82,7 anos em 2060 e a 83,9 anos em 2070.<\/p>\n<p>Para as mulheres, as proje\u00e7\u00f5es s\u00e3o de 81 anos em 2030, 82,6 anos em 2040, 84 anos em 2050, 85,2 anos em 2060 e 86,1 anos em 2070. Para os homens, as estimativas seriam de 74,6 anos em 2030, 76,7 anos em 2040, 78,6 anos em 2050, 80,2 anos em 2060 e 81,7 anos em 2070.<\/p>\n<p>\u201cA gente teve esse choque externo de mortalidade, que foi a pandemia. Observamos o efeito disso em 2021 e 2022 e, ap\u00f3s esse per\u00edodo, a gente j\u00e1 est\u00e1 observando um retorno \u00e0 tend\u00eancia hist\u00f3rica. A gente projeta que a esperan\u00e7a de vida ao nascer v\u00e1 aumentando ao longo do tempo e diminuindo o diferencial entre homens e mulheres, principalmente relacionado com uma diminui\u00e7\u00e3o dos \u00f3bitos por causas externas\u201d, explica a pesquisadora do IBGE C\u00edntia Agostinho.<\/p>\n<p>O aumento da expectativa de vida, associada \u00e0 redu\u00e7\u00e3o da taxa de fecundidade, leva a um envelhecimento da popula\u00e7\u00e3o. De acordo com o IBGE, a propor\u00e7\u00e3o de idosos (com 60 anos ou mais) no pa\u00eds passou de 8,7% em 2000 para 15,6% em 2023.<\/p>\n<p>Em 2070, espera-se que 37,8% dos habitantes do pa\u00eds sejam idosos, ou seja, mais do que o dobro de hoje.<\/p>\n<h2>Idade m\u00e9dia e mortalidade infantil<\/h2>\n<p>A idade m\u00e9dia da popula\u00e7\u00e3o, que era de 28,3 anos em 2000, subiu para 35,5 anos em 2023 e deve atingir os 48,4 anos em 2070.<\/p>\n<p>A taxa de mortalidade infantil, que era de 28,1 por mil nascidos vivos, em 2000, passou para 12,4 por mil em 2022, sendo 13,4 para meninos e 11,4 para meninas. A proje\u00e7\u00e3o \u00e9 de que, nas pr\u00f3ximas d\u00e9cadas, a taxa continue caindo e, em 2070, atinja 5,8 por mil, sendo 6,1 para meninos e 5,4 para meninas.<\/p>\n","protected":false},"excerpt":{"rendered":"<p>Dados revisados do IBGE foram divulgados nesta quinta-feira A esperan\u00e7a de vida do brasileiro ao<\/p>\n","protected":false},"author":4,"featured_media":43471,"comment_status":"open","ping_status":"open","sticky":false,"template":"","format":"standard","meta":{"footnotes":""},"categories":[6,3],"tags":[],"class_list":["post-43470","post","type-post","status-publish","format-standard","has-post-thumbnail","hentry","category-brasil","category-destaques"],"yoast_head":"<!-- This site is optimized with the Yoast SEO plugin v27.5 - https:\/\/yoast.com\/product\/yoast-seo-wordpress\/ -->\n<title>Expectativa de vida no Brasil em 2023 chega a 76,4 anos - Jornal<\/title>\n<meta name=\"description\" content=\"Expectativa de vida no Brasil em 2023 chega a 76,4 anos\" \/>\n<meta name=\"robots\" content=\"index, follow, max-snippet:-1, max-image-preview:large, max-video-preview:-1\" \/>\n<link rel=\"canonical\" href=\"https:\/\/jornalboasnoticias.com.br\/home\/expectativa-de-vida-no-brasil-em-2023-chega-a-764-anos\/\" \/>\n<meta property=\"og:locale\" content=\"pt_BR\" \/>\n<meta property=\"og:type\" content=\"article\" \/>\n<meta property=\"og:title\" content=\"Expectativa de vida no Brasil em 2023 chega a 76,4 anos - Jornal\" \/>\n<meta property=\"og:description\" content=\"Expectativa de vida no Brasil em 2023 chega a 76,4 anos\" \/>\n<meta property=\"og:url\" content=\"https:\/\/jornalboasnoticias.com.br\/home\/expectativa-de-vida-no-brasil-em-2023-chega-a-764-anos\/\" \/>\n<meta property=\"og:site_name\" content=\"Jornal\" \/>\n<meta property=\"article:publisher\" content=\"https:\/\/www.facebook.com\/boasnoticiasjornal\" \/>\n<meta property=\"article:published_time\" content=\"2024-08-22T18:49:05+00:00\" \/>\n<meta property=\"og:image\" content=\"https:\/\/jornalboasnoticias.com.br\/home\/wp-content\/uploads\/2024\/08\/954422-faixa_010415_11-1.webp\" \/>\n\t<meta property=\"og:image:width\" content=\"1170\" \/>\n\t<meta property=\"og:image:height\" content=\"700\" \/>\n\t<meta property=\"og:image:type\" content=\"image\/webp\" \/>\n<meta name=\"author\" content=\"Ana Luiza Bonatto\" \/>\n<meta name=\"twitter:card\" content=\"summary_large_image\" \/>\n<meta name=\"twitter:label1\" content=\"Escrito por\" \/>\n\t<meta name=\"twitter:data1\" content=\"Ana Luiza Bonatto\" \/>\n\t<meta name=\"twitter:label2\" content=\"Est. tempo de leitura\" \/>\n\t<meta name=\"twitter:data2\" content=\"4 minutos\" \/>\n<script type=\"application\/ld+json\" class=\"yoast-schema-graph\">{\"@context\":\"https:\\\/\\\/schema.org\",\"@graph\":[{\"@type\":\"Article\",\"@id\":\"https:\\\/\\\/jornalboasnoticias.com.br\\\/home\\\/expectativa-de-vida-no-brasil-em-2023-chega-a-764-anos\\\/#article\",\"isPartOf\":{\"@id\":\"https:\\\/\\\/jornalboasnoticias.com.br\\\/home\\\/expectativa-de-vida-no-brasil-em-2023-chega-a-764-anos\\\/\"},\"author\":{\"name\":\"Ana Luiza Bonatto\",\"@id\":\"https:\\\/\\\/jornalboasnoticias.com.br\\\/home\\\/#\\\/schema\\\/person\\\/d641193e0afc6405b390164dac847971\"},\"headline\":\"Expectativa de vida no Brasil em 2023 chega a 76,4 anos\",\"datePublished\":\"2024-08-22T18:49:05+00:00\",\"mainEntityOfPage\":{\"@id\":\"https:\\\/\\\/jornalboasnoticias.com.br\\\/home\\\/expectativa-de-vida-no-brasil-em-2023-chega-a-764-anos\\\/\"},\"wordCount\":488,\"commentCount\":0,\"publisher\":{\"@id\":\"https:\\\/\\\/jornalboasnoticias.com.br\\\/home\\\/#organization\"},\"image\":{\"@id\":\"https:\\\/\\\/jornalboasnoticias.com.br\\\/home\\\/expectativa-de-vida-no-brasil-em-2023-chega-a-764-anos\\\/#primaryimage\"},\"thumbnailUrl\":\"https:\\\/\\\/jornalboasnoticias.com.br\\\/home\\\/wp-content\\\/uploads\\\/2024\\\/08\\\/954422-faixa_010415_11-1.webp\",\"articleSection\":[\"BRASIL\",\"DESTAQUE\"],\"inLanguage\":\"pt-BR\",\"potentialAction\":[{\"@type\":\"CommentAction\",\"name\":\"Comment\",\"target\":[\"https:\\\/\\\/jornalboasnoticias.com.br\\\/home\\\/expectativa-de-vida-no-brasil-em-2023-chega-a-764-anos\\\/#respond\"]}]},{\"@type\":\"WebPage\",\"@id\":\"https:\\\/\\\/jornalboasnoticias.com.br\\\/home\\\/expectativa-de-vida-no-brasil-em-2023-chega-a-764-anos\\\/\",\"url\":\"https:\\\/\\\/jornalboasnoticias.com.br\\\/home\\\/expectativa-de-vida-no-brasil-em-2023-chega-a-764-anos\\\/\",\"name\":\"Expectativa de vida no Brasil em 2023 chega a 76,4 anos - Jornal\",\"isPartOf\":{\"@id\":\"https:\\\/\\\/jornalboasnoticias.com.br\\\/home\\\/#website\"},\"primaryImageOfPage\":{\"@id\":\"https:\\\/\\\/jornalboasnoticias.com.br\\\/home\\\/expectativa-de-vida-no-brasil-em-2023-chega-a-764-anos\\\/#primaryimage\"},\"image\":{\"@id\":\"https:\\\/\\\/jornalboasnoticias.com.br\\\/home\\\/expectativa-de-vida-no-brasil-em-2023-chega-a-764-anos\\\/#primaryimage\"},\"thumbnailUrl\":\"https:\\\/\\\/jornalboasnoticias.com.br\\\/home\\\/wp-content\\\/uploads\\\/2024\\\/08\\\/954422-faixa_010415_11-1.webp\",\"datePublished\":\"2024-08-22T18:49:05+00:00\",\"description\":\"Expectativa de vida no Brasil em 2023 chega a 76,4 anos\",\"breadcrumb\":{\"@id\":\"https:\\\/\\\/jornalboasnoticias.com.br\\\/home\\\/expectativa-de-vida-no-brasil-em-2023-chega-a-764-anos\\\/#breadcrumb\"},\"inLanguage\":\"pt-BR\",\"potentialAction\":[{\"@type\":\"ReadAction\",\"target\":[\"https:\\\/\\\/jornalboasnoticias.com.br\\\/home\\\/expectativa-de-vida-no-brasil-em-2023-chega-a-764-anos\\\/\"]}]},{\"@type\":\"ImageObject\",\"inLanguage\":\"pt-BR\",\"@id\":\"https:\\\/\\\/jornalboasnoticias.com.br\\\/home\\\/expectativa-de-vida-no-brasil-em-2023-chega-a-764-anos\\\/#primaryimage\",\"url\":\"https:\\\/\\\/jornalboasnoticias.com.br\\\/home\\\/wp-content\\\/uploads\\\/2024\\\/08\\\/954422-faixa_010415_11-1.webp\",\"contentUrl\":\"https:\\\/\\\/jornalboasnoticias.com.br\\\/home\\\/wp-content\\\/uploads\\\/2024\\\/08\\\/954422-faixa_010415_11-1.webp\",\"width\":1170,\"height\":700},{\"@type\":\"BreadcrumbList\",\"@id\":\"https:\\\/\\\/jornalboasnoticias.com.br\\\/home\\\/expectativa-de-vida-no-brasil-em-2023-chega-a-764-anos\\\/#breadcrumb\",\"itemListElement\":[{\"@type\":\"ListItem\",\"position\":1,\"name\":\"In\u00edcio\",\"item\":\"https:\\\/\\\/jornalboasnoticias.com.br\\\/home\\\/\"},{\"@type\":\"ListItem\",\"position\":2,\"name\":\"Expectativa de vida no Brasil em 2023 chega a 76,4 anos\"}]},{\"@type\":\"WebSite\",\"@id\":\"https:\\\/\\\/jornalboasnoticias.com.br\\\/home\\\/#website\",\"url\":\"https:\\\/\\\/jornalboasnoticias.com.br\\\/home\\\/\",\"name\":\"Jornal Boas Not\u00edcias\",\"description\":\"Boas not\u00edcias\",\"publisher\":{\"@id\":\"https:\\\/\\\/jornalboasnoticias.com.br\\\/home\\\/#organization\"},\"potentialAction\":[{\"@type\":\"SearchAction\",\"target\":{\"@type\":\"EntryPoint\",\"urlTemplate\":\"https:\\\/\\\/jornalboasnoticias.com.br\\\/home\\\/?s={search_term_string}\"},\"query-input\":{\"@type\":\"PropertyValueSpecification\",\"valueRequired\":true,\"valueName\":\"search_term_string\"}}],\"inLanguage\":\"pt-BR\"},{\"@type\":\"Organization\",\"@id\":\"https:\\\/\\\/jornalboasnoticias.com.br\\\/home\\\/#organization\",\"name\":\"Coq Editora Ltda\",\"alternateName\":\"Jornal Boas Noticias\",\"url\":\"https:\\\/\\\/jornalboasnoticias.com.br\\\/home\\\/\",\"logo\":{\"@type\":\"ImageObject\",\"inLanguage\":\"pt-BR\",\"@id\":\"https:\\\/\\\/jornalboasnoticias.com.br\\\/home\\\/#\\\/schema\\\/logo\\\/image\\\/\",\"url\":\"https:\\\/\\\/jornalboasnoticias.com.br\\\/home\\\/wp-content\\\/uploads\\\/2024\\\/07\\\/cropped-logo.jpg\",\"contentUrl\":\"https:\\\/\\\/jornalboasnoticias.com.br\\\/home\\\/wp-content\\\/uploads\\\/2024\\\/07\\\/cropped-logo.jpg\",\"width\":290,\"height\":142,\"caption\":\"Coq Editora Ltda\"},\"image\":{\"@id\":\"https:\\\/\\\/jornalboasnoticias.com.br\\\/home\\\/#\\\/schema\\\/logo\\\/image\\\/\"},\"sameAs\":[\"https:\\\/\\\/www.facebook.com\\\/boasnoticiasjornal\"]},{\"@type\":\"Person\",\"@id\":\"https:\\\/\\\/jornalboasnoticias.com.br\\\/home\\\/#\\\/schema\\\/person\\\/d641193e0afc6405b390164dac847971\",\"name\":\"Ana Luiza Bonatto\",\"image\":{\"@type\":\"ImageObject\",\"inLanguage\":\"pt-BR\",\"@id\":\"https:\\\/\\\/secure.gravatar.com\\\/avatar\\\/8a055ebe6373371f67ac6fcf313c0ac0b0a91157fdcdb9514fa62927373348f0?s=96&d=mm&r=g\",\"url\":\"https:\\\/\\\/secure.gravatar.com\\\/avatar\\\/8a055ebe6373371f67ac6fcf313c0ac0b0a91157fdcdb9514fa62927373348f0?s=96&d=mm&r=g\",\"contentUrl\":\"https:\\\/\\\/secure.gravatar.com\\\/avatar\\\/8a055ebe6373371f67ac6fcf313c0ac0b0a91157fdcdb9514fa62927373348f0?s=96&d=mm&r=g\",\"caption\":\"Ana Luiza Bonatto\"},\"url\":\"https:\\\/\\\/jornalboasnoticias.com.br\\\/home\\\/author\\\/ana-luiza\\\/\"}]}<\/script>\n<!-- \/ Yoast SEO plugin. -->","yoast_head_json":{"title":"Expectativa de vida no Brasil em 2023 chega a 76,4 anos - Jornal","description":"Expectativa de vida no Brasil em 2023 chega a 76,4 anos","robots":{"index":"index","follow":"follow","max-snippet":"max-snippet:-1","max-image-preview":"max-image-preview:large","max-video-preview":"max-video-preview:-1"},"canonical":"https:\/\/jornalboasnoticias.com.br\/home\/expectativa-de-vida-no-brasil-em-2023-chega-a-764-anos\/","og_locale":"pt_BR","og_type":"article","og_title":"Expectativa de vida no Brasil em 2023 chega a 76,4 anos - Jornal","og_description":"Expectativa de vida no Brasil em 2023 chega a 76,4 anos","og_url":"https:\/\/jornalboasnoticias.com.br\/home\/expectativa-de-vida-no-brasil-em-2023-chega-a-764-anos\/","og_site_name":"Jornal","article_publisher":"https:\/\/www.facebook.com\/boasnoticiasjornal","article_published_time":"2024-08-22T18:49:05+00:00","og_image":[{"width":1170,"height":700,"url":"https:\/\/jornalboasnoticias.com.br\/home\/wp-content\/uploads\/2024\/08\/954422-faixa_010415_11-1.webp","type":"image\/webp"}],"author":"Ana Luiza Bonatto","twitter_card":"summary_large_image","twitter_misc":{"Escrito por":"Ana Luiza Bonatto","Est. tempo de leitura":"4 minutos"},"schema":{"@context":"https:\/\/schema.org","@graph":[{"@type":"Article","@id":"https:\/\/jornalboasnoticias.com.br\/home\/expectativa-de-vida-no-brasil-em-2023-chega-a-764-anos\/#article","isPartOf":{"@id":"https:\/\/jornalboasnoticias.com.br\/home\/expectativa-de-vida-no-brasil-em-2023-chega-a-764-anos\/"},"author":{"name":"Ana Luiza Bonatto","@id":"https:\/\/jornalboasnoticias.com.br\/home\/#\/schema\/person\/d641193e0afc6405b390164dac847971"},"headline":"Expectativa de vida no Brasil em 2023 chega a 76,4 anos","datePublished":"2024-08-22T18:49:05+00:00","mainEntityOfPage":{"@id":"https:\/\/jornalboasnoticias.com.br\/home\/expectativa-de-vida-no-brasil-em-2023-chega-a-764-anos\/"},"wordCount":488,"commentCount":0,"publisher":{"@id":"https:\/\/jornalboasnoticias.com.br\/home\/#organization"},"image":{"@id":"https:\/\/jornalboasnoticias.com.br\/home\/expectativa-de-vida-no-brasil-em-2023-chega-a-764-anos\/#primaryimage"},"thumbnailUrl":"https:\/\/jornalboasnoticias.com.br\/home\/wp-content\/uploads\/2024\/08\/954422-faixa_010415_11-1.webp","articleSection":["BRASIL","DESTAQUE"],"inLanguage":"pt-BR","potentialAction":[{"@type":"CommentAction","name":"Comment","target":["https:\/\/jornalboasnoticias.com.br\/home\/expectativa-de-vida-no-brasil-em-2023-chega-a-764-anos\/#respond"]}]},{"@type":"WebPage","@id":"https:\/\/jornalboasnoticias.com.br\/home\/expectativa-de-vida-no-brasil-em-2023-chega-a-764-anos\/","url":"https:\/\/jornalboasnoticias.com.br\/home\/expectativa-de-vida-no-brasil-em-2023-chega-a-764-anos\/","name":"Expectativa de vida no Brasil em 2023 chega a 76,4 anos - Jornal","isPartOf":{"@id":"https:\/\/jornalboasnoticias.com.br\/home\/#website"},"primaryImageOfPage":{"@id":"https:\/\/jornalboasnoticias.com.br\/home\/expectativa-de-vida-no-brasil-em-2023-chega-a-764-anos\/#primaryimage"},"image":{"@id":"https:\/\/jornalboasnoticias.com.br\/home\/expectativa-de-vida-no-brasil-em-2023-chega-a-764-anos\/#primaryimage"},"thumbnailUrl":"https:\/\/jornalboasnoticias.com.br\/home\/wp-content\/uploads\/2024\/08\/954422-faixa_010415_11-1.webp","datePublished":"2024-08-22T18:49:05+00:00","description":"Expectativa de vida no Brasil em 2023 chega a 76,4 anos","breadcrumb":{"@id":"https:\/\/jornalboasnoticias.com.br\/home\/expectativa-de-vida-no-brasil-em-2023-chega-a-764-anos\/#breadcrumb"},"inLanguage":"pt-BR","potentialAction":[{"@type":"ReadAction","target":["https:\/\/jornalboasnoticias.com.br\/home\/expectativa-de-vida-no-brasil-em-2023-chega-a-764-anos\/"]}]},{"@type":"ImageObject","inLanguage":"pt-BR","@id":"https:\/\/jornalboasnoticias.com.br\/home\/expectativa-de-vida-no-brasil-em-2023-chega-a-764-anos\/#primaryimage","url":"https:\/\/jornalboasnoticias.com.br\/home\/wp-content\/uploads\/2024\/08\/954422-faixa_010415_11-1.webp","contentUrl":"https:\/\/jornalboasnoticias.com.br\/home\/wp-content\/uploads\/2024\/08\/954422-faixa_010415_11-1.webp","width":1170,"height":700},{"@type":"BreadcrumbList","@id":"https:\/\/jornalboasnoticias.com.br\/home\/expectativa-de-vida-no-brasil-em-2023-chega-a-764-anos\/#breadcrumb","itemListElement":[{"@type":"ListItem","position":1,"name":"In\u00edcio","item":"https:\/\/jornalboasnoticias.com.br\/home\/"},{"@type":"ListItem","position":2,"name":"Expectativa de vida no Brasil em 2023 chega a 76,4 anos"}]},{"@type":"WebSite","@id":"https:\/\/jornalboasnoticias.com.br\/home\/#website","url":"https:\/\/jornalboasnoticias.com.br\/home\/","name":"Jornal Boas Not\u00edcias","description":"Boas not\u00edcias","publisher":{"@id":"https:\/\/jornalboasnoticias.com.br\/home\/#organization"},"potentialAction":[{"@type":"SearchAction","target":{"@type":"EntryPoint","urlTemplate":"https:\/\/jornalboasnoticias.com.br\/home\/?s={search_term_string}"},"query-input":{"@type":"PropertyValueSpecification","valueRequired":true,"valueName":"search_term_string"}}],"inLanguage":"pt-BR"},{"@type":"Organization","@id":"https:\/\/jornalboasnoticias.com.br\/home\/#organization","name":"Coq Editora Ltda","alternateName":"Jornal Boas Noticias","url":"https:\/\/jornalboasnoticias.com.br\/home\/","logo":{"@type":"ImageObject","inLanguage":"pt-BR","@id":"https:\/\/jornalboasnoticias.com.br\/home\/#\/schema\/logo\/image\/","url":"https:\/\/jornalboasnoticias.com.br\/home\/wp-content\/uploads\/2024\/07\/cropped-logo.jpg","contentUrl":"https:\/\/jornalboasnoticias.com.br\/home\/wp-content\/uploads\/2024\/07\/cropped-logo.jpg","width":290,"height":142,"caption":"Coq Editora Ltda"},"image":{"@id":"https:\/\/jornalboasnoticias.com.br\/home\/#\/schema\/logo\/image\/"},"sameAs":["https:\/\/www.facebook.com\/boasnoticiasjornal"]},{"@type":"Person","@id":"https:\/\/jornalboasnoticias.com.br\/home\/#\/schema\/person\/d641193e0afc6405b390164dac847971","name":"Ana Luiza Bonatto","image":{"@type":"ImageObject","inLanguage":"pt-BR","@id":"https:\/\/secure.gravatar.com\/avatar\/8a055ebe6373371f67ac6fcf313c0ac0b0a91157fdcdb9514fa62927373348f0?s=96&d=mm&r=g","url":"https:\/\/secure.gravatar.com\/avatar\/8a055ebe6373371f67ac6fcf313c0ac0b0a91157fdcdb9514fa62927373348f0?s=96&d=mm&r=g","contentUrl":"https:\/\/secure.gravatar.com\/avatar\/8a055ebe6373371f67ac6fcf313c0ac0b0a91157fdcdb9514fa62927373348f0?s=96&d=mm&r=g","caption":"Ana Luiza Bonatto"},"url":"https:\/\/jornalboasnoticias.com.br\/home\/author\/ana-luiza\/"}]}},"_links":{"self":[{"href":"https:\/\/jornalboasnoticias.com.br\/home\/wp-json\/wp\/v2\/posts\/43470","targetHints":{"allow":["GET"]}}],"collection":[{"href":"https:\/\/jornalboasnoticias.com.br\/home\/wp-json\/wp\/v2\/posts"}],"about":[{"href":"https:\/\/jornalboasnoticias.com.br\/home\/wp-json\/wp\/v2\/types\/post"}],"author":[{"embeddable":true,"href":"https:\/\/jornalboasnoticias.com.br\/home\/wp-json\/wp\/v2\/users\/4"}],"replies":[{"embeddable":true,"href":"https:\/\/jornalboasnoticias.com.br\/home\/wp-json\/wp\/v2\/comments?post=43470"}],"version-history":[{"count":1,"href":"https:\/\/jornalboasnoticias.com.br\/home\/wp-json\/wp\/v2\/posts\/43470\/revisions"}],"predecessor-version":[{"id":43472,"href":"https:\/\/jornalboasnoticias.com.br\/home\/wp-json\/wp\/v2\/posts\/43470\/revisions\/43472"}],"wp:featuredmedia":[{"embeddable":true,"href":"https:\/\/jornalboasnoticias.com.br\/home\/wp-json\/wp\/v2\/media\/43471"}],"wp:attachment":[{"href":"https:\/\/jornalboasnoticias.com.br\/home\/wp-json\/wp\/v2\/media?parent=43470"}],"wp:term":[{"taxonomy":"category","embeddable":true,"href":"https:\/\/jornalboasnoticias.com.br\/home\/wp-json\/wp\/v2\/categories?post=43470"},{"taxonomy":"post_tag","embeddable":true,"href":"https:\/\/jornalboasnoticias.com.br\/home\/wp-json\/wp\/v2\/tags?post=43470"}],"curies":[{"name":"wp","href":"https:\/\/api.w.org\/{rel}","templated":true}]}}