{"id":43467,"date":"2024-08-22T18:44:17","date_gmt":"2024-08-22T18:44:17","guid":{"rendered":"https:\/\/jornalboasnoticias.com.br\/home\/?p=43467"},"modified":"2024-08-22T18:44:17","modified_gmt":"2024-08-22T18:44:17","slug":"inep-publica-edital-do-enem-para-privados-de-liberdade","status":"publish","type":"post","link":"https:\/\/jornalboasnoticias.com.br\/home\/inep-publica-edital-do-enem-para-privados-de-liberdade\/","title":{"rendered":"Inep publica edital do Enem para privados de liberdade"},"content":{"rendered":"<div class=\"row\">\n<figure id=\"attachment_43468\" aria-describedby=\"caption-attachment-43468\" style=\"width: 300px\" class=\"wp-caption alignnone\"><img loading=\"lazy\" decoding=\"async\" class=\"wp-image-43468 size-medium\" src=\"https:\/\/jornalboasnoticias.com.br\/home\/wp-content\/uploads\/2024\/08\/detentos_fazem_prova_do_enem_-_arquivo_agencia_brasil-300x179.webp\" alt=\"\" width=\"300\" height=\"179\" srcset=\"https:\/\/jornalboasnoticias.com.br\/home\/wp-content\/uploads\/2024\/08\/detentos_fazem_prova_do_enem_-_arquivo_agencia_brasil-300x179.webp 300w, https:\/\/jornalboasnoticias.com.br\/home\/wp-content\/uploads\/2024\/08\/detentos_fazem_prova_do_enem_-_arquivo_agencia_brasil-1024x613.webp 1024w, https:\/\/jornalboasnoticias.com.br\/home\/wp-content\/uploads\/2024\/08\/detentos_fazem_prova_do_enem_-_arquivo_agencia_brasil-768x459.webp 768w, https:\/\/jornalboasnoticias.com.br\/home\/wp-content\/uploads\/2024\/08\/detentos_fazem_prova_do_enem_-_arquivo_agencia_brasil.webp 1170w\" sizes=\"auto, (max-width: 300px) 100vw, 300px\" \/><figcaption id=\"caption-attachment-43468\" class=\"wp-caption-text\">\u00a9 Arquivo Ag\u00eancia Brasil<\/figcaption><\/figure>\n<\/div>\n<blockquote>\n<div class=\"row\">\n<h3 class=\"col-10 offset-1 animated fadeInDown dealy-900 display-8 display-md-8 alt-font font-italic my-1 text-center\">Provas ser\u00e3o aplicadas nos dias 10 e 12 de dezembro<\/h3>\n<\/div>\n<\/blockquote>\n<p>O Instituto Nacional de Estudos e Pesquisas Educacionais An\u00edsio Teixeira (Inep) publicou esta semana o\u00a0<a href=\"https:\/\/www.in.gov.br\/web\/dou\/-\/edital-n-157-de-19-de-agosto-de-2024-579331266\" target=\"_blank\" rel=\"noopener\">edital<\/a>\u00a0do Exame Nacional do Ensino M\u00e9dio para Pessoas Privadas de Liberdade ou sob medida socioeducativa que inclua priva\u00e7\u00e3o de liberdade (Enem PPL) 2024. As provas ser\u00e3o aplicadas em 10 e 12 de dezembro.<img decoding=\"async\" src=\"https:\/\/agenciabrasil.ebc.com.br\/ebc.png?id=1608942&amp;o=node\" \/><img decoding=\"async\" src=\"https:\/\/agenciabrasil.ebc.com.br\/ebc.gif?id=1608942&amp;o=node\" \/><\/p>\n<p>Em nota, o Inpe destacou que os \u00f3rg\u00e3os de administra\u00e7\u00e3o prisional e socioeducativa interessados em aplicar o exame devem efetuar a ades\u00e3o, al\u00e9m de indicar as unidades para aplica\u00e7\u00e3o das provas e o respons\u00e1vel pedag\u00f3gico. O prazo para essa etapa vai de 30 de setembro a 18 de outubro.<\/p>\n<p>\u201cNo caso da ades\u00e3o, o documento deve ser enviado para o\u00a0<em>e-mail<\/em>\u00a0aplicacao.ppl@inep.gov.br, com o assunto da mensagem Ades\u00e3o Enem PPL 2024&#8243;, detalhou o instituto. J\u00e1 as indica\u00e7\u00f5es das unidades de aplica\u00e7\u00e3o e dos respons\u00e1veis pedag\u00f3gicos devem ser feitas por meio do\u00a0<a href=\"http:\/\/sistemasespeciais.inep.gov.br\/unidadesprisionais\/\" target=\"_blank\" rel=\"noopener\">Sistema PPL<\/a>.<\/p>\n<p>Ainda de acordo com o Inep, as provas do Enem PPL t\u00eam o mesmo n\u00edvel de dificuldade do Enem regular. \u201cA \u00fanica diferen\u00e7a est\u00e1 na aplica\u00e7\u00e3o, que ocorre dentro de unidades prisionais e socioeducativas indicadas pelas unidades da Federa\u00e7\u00e3o\u201d, informou. \u201c\u00c9 incumb\u00eancia dos respons\u00e1veis pedag\u00f3gicos inscrever os participantes, entre 7 e 25 de outubro\u201d.<\/p>\n<h2>Entenda<\/h2>\n<p>O Enem avalia o desempenho escolar dos estudantes ao t\u00e9rmino da educa\u00e7\u00e3o b\u00e1sica. Ao longo de mais de duas d\u00e9cadas de exist\u00eancia, tornou-se a principal porta de entrada para a educa\u00e7\u00e3o superior no Brasil.<\/p>\n<p>As notas do exame podem ser usadas para acessar o Sistema de Sele\u00e7\u00e3o Unificada (Sisu) e o Programa Universidade para Todos (ProUni) e tamb\u00e9m s\u00e3o aceitas em institui\u00e7\u00f5es de educa\u00e7\u00e3o superior portuguesas que t\u00eam acordo com o Inep.<\/p>\n<p>Participantes do Enem podem pleitear ainda financiamento estudantil em programas do governo, como o Fundo de Financiamento Estudantil (Fies).<\/p>\n<p>Qualquer pessoa que j\u00e1 concluiu o ensino m\u00e9dio ou est\u00e1 concluindo a etapa pode fazer o Enem para acesso \u00e0 educa\u00e7\u00e3o superior. Quem ainda n\u00e3o concluiu pode participar como treineiro \u2013 os resultados, nesse caso, servem somente para autoavalia\u00e7\u00e3o de conhecimentos.<\/p>\n<p><em><strong>Ag\u00eancia Brasil<\/strong><\/em><\/p>\n","protected":false},"excerpt":{"rendered":"<p>Provas ser\u00e3o aplicadas nos dias 10 e 12 de dezembro O Instituto Nacional de Estudos<\/p>\n","protected":false},"author":4,"featured_media":43468,"comment_status":"open","ping_status":"open","sticky":false,"template":"","format":"standard","meta":{"footnotes":""},"categories":[3,8],"tags":[],"class_list":["post-43467","post","type-post","status-publish","format-standard","has-post-thumbnail","hentry","category-destaques","category-educacao"],"yoast_head":"<!-- This site is optimized with the Yoast SEO plugin v27.5 - https:\/\/yoast.com\/product\/yoast-seo-wordpress\/ -->\n<title>Inep publica edital do Enem para privados de liberdade - Jornal<\/title>\n<meta name=\"description\" content=\"Inep publica edital do Enem para privados de liberdade\" \/>\n<meta name=\"robots\" content=\"index, follow, max-snippet:-1, max-image-preview:large, max-video-preview:-1\" \/>\n<link rel=\"canonical\" href=\"https:\/\/jornalboasnoticias.com.br\/home\/inep-publica-edital-do-enem-para-privados-de-liberdade\/\" \/>\n<meta property=\"og:locale\" content=\"pt_BR\" \/>\n<meta property=\"og:type\" content=\"article\" \/>\n<meta property=\"og:title\" content=\"Inep publica edital do Enem para privados de liberdade - Jornal\" \/>\n<meta property=\"og:description\" content=\"Inep publica edital do Enem para privados de liberdade\" \/>\n<meta property=\"og:url\" content=\"https:\/\/jornalboasnoticias.com.br\/home\/inep-publica-edital-do-enem-para-privados-de-liberdade\/\" \/>\n<meta property=\"og:site_name\" content=\"Jornal\" \/>\n<meta property=\"article:publisher\" content=\"https:\/\/www.facebook.com\/boasnoticiasjornal\" \/>\n<meta property=\"article:published_time\" content=\"2024-08-22T18:44:17+00:00\" \/>\n<meta property=\"og:image\" content=\"https:\/\/jornalboasnoticias.com.br\/home\/wp-content\/uploads\/2024\/08\/detentos_fazem_prova_do_enem_-_arquivo_agencia_brasil.webp\" \/>\n\t<meta property=\"og:image:width\" content=\"1170\" \/>\n\t<meta property=\"og:image:height\" content=\"700\" \/>\n\t<meta property=\"og:image:type\" content=\"image\/webp\" \/>\n<meta name=\"author\" content=\"Ana Luiza Bonatto\" \/>\n<meta name=\"twitter:card\" content=\"summary_large_image\" \/>\n<meta name=\"twitter:label1\" content=\"Escrito por\" \/>\n\t<meta name=\"twitter:data1\" content=\"Ana Luiza Bonatto\" \/>\n\t<meta name=\"twitter:label2\" content=\"Est. tempo de leitura\" \/>\n\t<meta name=\"twitter:data2\" content=\"3 minutos\" \/>\n<script type=\"application\/ld+json\" class=\"yoast-schema-graph\">{\"@context\":\"https:\\\/\\\/schema.org\",\"@graph\":[{\"@type\":\"Article\",\"@id\":\"https:\\\/\\\/jornalboasnoticias.com.br\\\/home\\\/inep-publica-edital-do-enem-para-privados-de-liberdade\\\/#article\",\"isPartOf\":{\"@id\":\"https:\\\/\\\/jornalboasnoticias.com.br\\\/home\\\/inep-publica-edital-do-enem-para-privados-de-liberdade\\\/\"},\"author\":{\"name\":\"Ana Luiza Bonatto\",\"@id\":\"https:\\\/\\\/jornalboasnoticias.com.br\\\/home\\\/#\\\/schema\\\/person\\\/d641193e0afc6405b390164dac847971\"},\"headline\":\"Inep publica edital do Enem para privados de liberdade\",\"datePublished\":\"2024-08-22T18:44:17+00:00\",\"mainEntityOfPage\":{\"@id\":\"https:\\\/\\\/jornalboasnoticias.com.br\\\/home\\\/inep-publica-edital-do-enem-para-privados-de-liberdade\\\/\"},\"wordCount\":395,\"commentCount\":0,\"publisher\":{\"@id\":\"https:\\\/\\\/jornalboasnoticias.com.br\\\/home\\\/#organization\"},\"image\":{\"@id\":\"https:\\\/\\\/jornalboasnoticias.com.br\\\/home\\\/inep-publica-edital-do-enem-para-privados-de-liberdade\\\/#primaryimage\"},\"thumbnailUrl\":\"https:\\\/\\\/jornalboasnoticias.com.br\\\/home\\\/wp-content\\\/uploads\\\/2024\\\/08\\\/detentos_fazem_prova_do_enem_-_arquivo_agencia_brasil.webp\",\"articleSection\":[\"DESTAQUE\",\"EDUCA\u00c7\u00c3O\"],\"inLanguage\":\"pt-BR\",\"potentialAction\":[{\"@type\":\"CommentAction\",\"name\":\"Comment\",\"target\":[\"https:\\\/\\\/jornalboasnoticias.com.br\\\/home\\\/inep-publica-edital-do-enem-para-privados-de-liberdade\\\/#respond\"]}]},{\"@type\":\"WebPage\",\"@id\":\"https:\\\/\\\/jornalboasnoticias.com.br\\\/home\\\/inep-publica-edital-do-enem-para-privados-de-liberdade\\\/\",\"url\":\"https:\\\/\\\/jornalboasnoticias.com.br\\\/home\\\/inep-publica-edital-do-enem-para-privados-de-liberdade\\\/\",\"name\":\"Inep publica edital do Enem para privados de liberdade - Jornal\",\"isPartOf\":{\"@id\":\"https:\\\/\\\/jornalboasnoticias.com.br\\\/home\\\/#website\"},\"primaryImageOfPage\":{\"@id\":\"https:\\\/\\\/jornalboasnoticias.com.br\\\/home\\\/inep-publica-edital-do-enem-para-privados-de-liberdade\\\/#primaryimage\"},\"image\":{\"@id\":\"https:\\\/\\\/jornalboasnoticias.com.br\\\/home\\\/inep-publica-edital-do-enem-para-privados-de-liberdade\\\/#primaryimage\"},\"thumbnailUrl\":\"https:\\\/\\\/jornalboasnoticias.com.br\\\/home\\\/wp-content\\\/uploads\\\/2024\\\/08\\\/detentos_fazem_prova_do_enem_-_arquivo_agencia_brasil.webp\",\"datePublished\":\"2024-08-22T18:44:17+00:00\",\"description\":\"Inep publica edital do Enem para privados de liberdade\",\"breadcrumb\":{\"@id\":\"https:\\\/\\\/jornalboasnoticias.com.br\\\/home\\\/inep-publica-edital-do-enem-para-privados-de-liberdade\\\/#breadcrumb\"},\"inLanguage\":\"pt-BR\",\"potentialAction\":[{\"@type\":\"ReadAction\",\"target\":[\"https:\\\/\\\/jornalboasnoticias.com.br\\\/home\\\/inep-publica-edital-do-enem-para-privados-de-liberdade\\\/\"]}]},{\"@type\":\"ImageObject\",\"inLanguage\":\"pt-BR\",\"@id\":\"https:\\\/\\\/jornalboasnoticias.com.br\\\/home\\\/inep-publica-edital-do-enem-para-privados-de-liberdade\\\/#primaryimage\",\"url\":\"https:\\\/\\\/jornalboasnoticias.com.br\\\/home\\\/wp-content\\\/uploads\\\/2024\\\/08\\\/detentos_fazem_prova_do_enem_-_arquivo_agencia_brasil.webp\",\"contentUrl\":\"https:\\\/\\\/jornalboasnoticias.com.br\\\/home\\\/wp-content\\\/uploads\\\/2024\\\/08\\\/detentos_fazem_prova_do_enem_-_arquivo_agencia_brasil.webp\",\"width\":1170,\"height\":700},{\"@type\":\"BreadcrumbList\",\"@id\":\"https:\\\/\\\/jornalboasnoticias.com.br\\\/home\\\/inep-publica-edital-do-enem-para-privados-de-liberdade\\\/#breadcrumb\",\"itemListElement\":[{\"@type\":\"ListItem\",\"position\":1,\"name\":\"In\u00edcio\",\"item\":\"https:\\\/\\\/jornalboasnoticias.com.br\\\/home\\\/\"},{\"@type\":\"ListItem\",\"position\":2,\"name\":\"Inep publica edital do Enem para privados de liberdade\"}]},{\"@type\":\"WebSite\",\"@id\":\"https:\\\/\\\/jornalboasnoticias.com.br\\\/home\\\/#website\",\"url\":\"https:\\\/\\\/jornalboasnoticias.com.br\\\/home\\\/\",\"name\":\"Jornal Boas Not\u00edcias\",\"description\":\"Boas not\u00edcias\",\"publisher\":{\"@id\":\"https:\\\/\\\/jornalboasnoticias.com.br\\\/home\\\/#organization\"},\"potentialAction\":[{\"@type\":\"SearchAction\",\"target\":{\"@type\":\"EntryPoint\",\"urlTemplate\":\"https:\\\/\\\/jornalboasnoticias.com.br\\\/home\\\/?s={search_term_string}\"},\"query-input\":{\"@type\":\"PropertyValueSpecification\",\"valueRequired\":true,\"valueName\":\"search_term_string\"}}],\"inLanguage\":\"pt-BR\"},{\"@type\":\"Organization\",\"@id\":\"https:\\\/\\\/jornalboasnoticias.com.br\\\/home\\\/#organization\",\"name\":\"Coq Editora Ltda\",\"alternateName\":\"Jornal Boas Noticias\",\"url\":\"https:\\\/\\\/jornalboasnoticias.com.br\\\/home\\\/\",\"logo\":{\"@type\":\"ImageObject\",\"inLanguage\":\"pt-BR\",\"@id\":\"https:\\\/\\\/jornalboasnoticias.com.br\\\/home\\\/#\\\/schema\\\/logo\\\/image\\\/\",\"url\":\"https:\\\/\\\/jornalboasnoticias.com.br\\\/home\\\/wp-content\\\/uploads\\\/2024\\\/07\\\/cropped-logo.jpg\",\"contentUrl\":\"https:\\\/\\\/jornalboasnoticias.com.br\\\/home\\\/wp-content\\\/uploads\\\/2024\\\/07\\\/cropped-logo.jpg\",\"width\":290,\"height\":142,\"caption\":\"Coq Editora Ltda\"},\"image\":{\"@id\":\"https:\\\/\\\/jornalboasnoticias.com.br\\\/home\\\/#\\\/schema\\\/logo\\\/image\\\/\"},\"sameAs\":[\"https:\\\/\\\/www.facebook.com\\\/boasnoticiasjornal\"]},{\"@type\":\"Person\",\"@id\":\"https:\\\/\\\/jornalboasnoticias.com.br\\\/home\\\/#\\\/schema\\\/person\\\/d641193e0afc6405b390164dac847971\",\"name\":\"Ana Luiza Bonatto\",\"image\":{\"@type\":\"ImageObject\",\"inLanguage\":\"pt-BR\",\"@id\":\"https:\\\/\\\/secure.gravatar.com\\\/avatar\\\/8a055ebe6373371f67ac6fcf313c0ac0b0a91157fdcdb9514fa62927373348f0?s=96&d=mm&r=g\",\"url\":\"https:\\\/\\\/secure.gravatar.com\\\/avatar\\\/8a055ebe6373371f67ac6fcf313c0ac0b0a91157fdcdb9514fa62927373348f0?s=96&d=mm&r=g\",\"contentUrl\":\"https:\\\/\\\/secure.gravatar.com\\\/avatar\\\/8a055ebe6373371f67ac6fcf313c0ac0b0a91157fdcdb9514fa62927373348f0?s=96&d=mm&r=g\",\"caption\":\"Ana Luiza Bonatto\"},\"url\":\"https:\\\/\\\/jornalboasnoticias.com.br\\\/home\\\/author\\\/ana-luiza\\\/\"}]}<\/script>\n<!-- \/ Yoast SEO plugin. -->","yoast_head_json":{"title":"Inep publica edital do Enem para privados de liberdade - Jornal","description":"Inep publica edital do Enem para privados de liberdade","robots":{"index":"index","follow":"follow","max-snippet":"max-snippet:-1","max-image-preview":"max-image-preview:large","max-video-preview":"max-video-preview:-1"},"canonical":"https:\/\/jornalboasnoticias.com.br\/home\/inep-publica-edital-do-enem-para-privados-de-liberdade\/","og_locale":"pt_BR","og_type":"article","og_title":"Inep publica edital do Enem para privados de liberdade - Jornal","og_description":"Inep publica edital do Enem para privados de liberdade","og_url":"https:\/\/jornalboasnoticias.com.br\/home\/inep-publica-edital-do-enem-para-privados-de-liberdade\/","og_site_name":"Jornal","article_publisher":"https:\/\/www.facebook.com\/boasnoticiasjornal","article_published_time":"2024-08-22T18:44:17+00:00","og_image":[{"width":1170,"height":700,"url":"https:\/\/jornalboasnoticias.com.br\/home\/wp-content\/uploads\/2024\/08\/detentos_fazem_prova_do_enem_-_arquivo_agencia_brasil.webp","type":"image\/webp"}],"author":"Ana Luiza Bonatto","twitter_card":"summary_large_image","twitter_misc":{"Escrito por":"Ana Luiza Bonatto","Est. tempo de leitura":"3 minutos"},"schema":{"@context":"https:\/\/schema.org","@graph":[{"@type":"Article","@id":"https:\/\/jornalboasnoticias.com.br\/home\/inep-publica-edital-do-enem-para-privados-de-liberdade\/#article","isPartOf":{"@id":"https:\/\/jornalboasnoticias.com.br\/home\/inep-publica-edital-do-enem-para-privados-de-liberdade\/"},"author":{"name":"Ana Luiza Bonatto","@id":"https:\/\/jornalboasnoticias.com.br\/home\/#\/schema\/person\/d641193e0afc6405b390164dac847971"},"headline":"Inep publica edital do Enem para privados de liberdade","datePublished":"2024-08-22T18:44:17+00:00","mainEntityOfPage":{"@id":"https:\/\/jornalboasnoticias.com.br\/home\/inep-publica-edital-do-enem-para-privados-de-liberdade\/"},"wordCount":395,"commentCount":0,"publisher":{"@id":"https:\/\/jornalboasnoticias.com.br\/home\/#organization"},"image":{"@id":"https:\/\/jornalboasnoticias.com.br\/home\/inep-publica-edital-do-enem-para-privados-de-liberdade\/#primaryimage"},"thumbnailUrl":"https:\/\/jornalboasnoticias.com.br\/home\/wp-content\/uploads\/2024\/08\/detentos_fazem_prova_do_enem_-_arquivo_agencia_brasil.webp","articleSection":["DESTAQUE","EDUCA\u00c7\u00c3O"],"inLanguage":"pt-BR","potentialAction":[{"@type":"CommentAction","name":"Comment","target":["https:\/\/jornalboasnoticias.com.br\/home\/inep-publica-edital-do-enem-para-privados-de-liberdade\/#respond"]}]},{"@type":"WebPage","@id":"https:\/\/jornalboasnoticias.com.br\/home\/inep-publica-edital-do-enem-para-privados-de-liberdade\/","url":"https:\/\/jornalboasnoticias.com.br\/home\/inep-publica-edital-do-enem-para-privados-de-liberdade\/","name":"Inep publica edital do Enem para privados de liberdade - Jornal","isPartOf":{"@id":"https:\/\/jornalboasnoticias.com.br\/home\/#website"},"primaryImageOfPage":{"@id":"https:\/\/jornalboasnoticias.com.br\/home\/inep-publica-edital-do-enem-para-privados-de-liberdade\/#primaryimage"},"image":{"@id":"https:\/\/jornalboasnoticias.com.br\/home\/inep-publica-edital-do-enem-para-privados-de-liberdade\/#primaryimage"},"thumbnailUrl":"https:\/\/jornalboasnoticias.com.br\/home\/wp-content\/uploads\/2024\/08\/detentos_fazem_prova_do_enem_-_arquivo_agencia_brasil.webp","datePublished":"2024-08-22T18:44:17+00:00","description":"Inep publica edital do Enem para privados de liberdade","breadcrumb":{"@id":"https:\/\/jornalboasnoticias.com.br\/home\/inep-publica-edital-do-enem-para-privados-de-liberdade\/#breadcrumb"},"inLanguage":"pt-BR","potentialAction":[{"@type":"ReadAction","target":["https:\/\/jornalboasnoticias.com.br\/home\/inep-publica-edital-do-enem-para-privados-de-liberdade\/"]}]},{"@type":"ImageObject","inLanguage":"pt-BR","@id":"https:\/\/jornalboasnoticias.com.br\/home\/inep-publica-edital-do-enem-para-privados-de-liberdade\/#primaryimage","url":"https:\/\/jornalboasnoticias.com.br\/home\/wp-content\/uploads\/2024\/08\/detentos_fazem_prova_do_enem_-_arquivo_agencia_brasil.webp","contentUrl":"https:\/\/jornalboasnoticias.com.br\/home\/wp-content\/uploads\/2024\/08\/detentos_fazem_prova_do_enem_-_arquivo_agencia_brasil.webp","width":1170,"height":700},{"@type":"BreadcrumbList","@id":"https:\/\/jornalboasnoticias.com.br\/home\/inep-publica-edital-do-enem-para-privados-de-liberdade\/#breadcrumb","itemListElement":[{"@type":"ListItem","position":1,"name":"In\u00edcio","item":"https:\/\/jornalboasnoticias.com.br\/home\/"},{"@type":"ListItem","position":2,"name":"Inep publica edital do Enem para privados de liberdade"}]},{"@type":"WebSite","@id":"https:\/\/jornalboasnoticias.com.br\/home\/#website","url":"https:\/\/jornalboasnoticias.com.br\/home\/","name":"Jornal Boas Not\u00edcias","description":"Boas not\u00edcias","publisher":{"@id":"https:\/\/jornalboasnoticias.com.br\/home\/#organization"},"potentialAction":[{"@type":"SearchAction","target":{"@type":"EntryPoint","urlTemplate":"https:\/\/jornalboasnoticias.com.br\/home\/?s={search_term_string}"},"query-input":{"@type":"PropertyValueSpecification","valueRequired":true,"valueName":"search_term_string"}}],"inLanguage":"pt-BR"},{"@type":"Organization","@id":"https:\/\/jornalboasnoticias.com.br\/home\/#organization","name":"Coq Editora Ltda","alternateName":"Jornal Boas Noticias","url":"https:\/\/jornalboasnoticias.com.br\/home\/","logo":{"@type":"ImageObject","inLanguage":"pt-BR","@id":"https:\/\/jornalboasnoticias.com.br\/home\/#\/schema\/logo\/image\/","url":"https:\/\/jornalboasnoticias.com.br\/home\/wp-content\/uploads\/2024\/07\/cropped-logo.jpg","contentUrl":"https:\/\/jornalboasnoticias.com.br\/home\/wp-content\/uploads\/2024\/07\/cropped-logo.jpg","width":290,"height":142,"caption":"Coq Editora Ltda"},"image":{"@id":"https:\/\/jornalboasnoticias.com.br\/home\/#\/schema\/logo\/image\/"},"sameAs":["https:\/\/www.facebook.com\/boasnoticiasjornal"]},{"@type":"Person","@id":"https:\/\/jornalboasnoticias.com.br\/home\/#\/schema\/person\/d641193e0afc6405b390164dac847971","name":"Ana Luiza Bonatto","image":{"@type":"ImageObject","inLanguage":"pt-BR","@id":"https:\/\/secure.gravatar.com\/avatar\/8a055ebe6373371f67ac6fcf313c0ac0b0a91157fdcdb9514fa62927373348f0?s=96&d=mm&r=g","url":"https:\/\/secure.gravatar.com\/avatar\/8a055ebe6373371f67ac6fcf313c0ac0b0a91157fdcdb9514fa62927373348f0?s=96&d=mm&r=g","contentUrl":"https:\/\/secure.gravatar.com\/avatar\/8a055ebe6373371f67ac6fcf313c0ac0b0a91157fdcdb9514fa62927373348f0?s=96&d=mm&r=g","caption":"Ana Luiza Bonatto"},"url":"https:\/\/jornalboasnoticias.com.br\/home\/author\/ana-luiza\/"}]}},"_links":{"self":[{"href":"https:\/\/jornalboasnoticias.com.br\/home\/wp-json\/wp\/v2\/posts\/43467","targetHints":{"allow":["GET"]}}],"collection":[{"href":"https:\/\/jornalboasnoticias.com.br\/home\/wp-json\/wp\/v2\/posts"}],"about":[{"href":"https:\/\/jornalboasnoticias.com.br\/home\/wp-json\/wp\/v2\/types\/post"}],"author":[{"embeddable":true,"href":"https:\/\/jornalboasnoticias.com.br\/home\/wp-json\/wp\/v2\/users\/4"}],"replies":[{"embeddable":true,"href":"https:\/\/jornalboasnoticias.com.br\/home\/wp-json\/wp\/v2\/comments?post=43467"}],"version-history":[{"count":1,"href":"https:\/\/jornalboasnoticias.com.br\/home\/wp-json\/wp\/v2\/posts\/43467\/revisions"}],"predecessor-version":[{"id":43469,"href":"https:\/\/jornalboasnoticias.com.br\/home\/wp-json\/wp\/v2\/posts\/43467\/revisions\/43469"}],"wp:featuredmedia":[{"embeddable":true,"href":"https:\/\/jornalboasnoticias.com.br\/home\/wp-json\/wp\/v2\/media\/43468"}],"wp:attachment":[{"href":"https:\/\/jornalboasnoticias.com.br\/home\/wp-json\/wp\/v2\/media?parent=43467"}],"wp:term":[{"taxonomy":"category","embeddable":true,"href":"https:\/\/jornalboasnoticias.com.br\/home\/wp-json\/wp\/v2\/categories?post=43467"},{"taxonomy":"post_tag","embeddable":true,"href":"https:\/\/jornalboasnoticias.com.br\/home\/wp-json\/wp\/v2\/tags?post=43467"}],"curies":[{"name":"wp","href":"https:\/\/api.w.org\/{rel}","templated":true}]}}